{"id":16223,"date":"2024-05-15T15:03:16","date_gmt":"2024-05-15T18:03:16","guid":{"rendered":"https:\/\/apuntesdesanluis.com\/?p=16223"},"modified":"2024-05-15T15:03:46","modified_gmt":"2024-05-15T18:03:46","slug":"hoy-debemos-ser-mas-solidarios-y-estar-mas-juntos-que-nunca","status":"publish","type":"post","link":"https:\/\/apuntesdesanluis.com\/index.php\/2024\/05\/15\/hoy-debemos-ser-mas-solidarios-y-estar-mas-juntos-que-nunca\/","title":{"rendered":"\u201cHOY DEBEMOS SER M\u00c1S SOLIDARIOS Y ESTAR M\u00c1S JUNTOS QUE NUNCA\u201d"},"content":{"rendered":"<h3>Lo expres\u00f3 el Sec. Gral. Del Sindicato de Obras Sanitarias Mercedes, <strong>Jos\u00e9 Ucelay<\/strong>, al saludar a todos los trabajadores sanitaristas en su d\u00eda.<\/h3>\n<h3>El dirigente consider\u00f3 que tal como ocurri\u00f3 el pasado 1\u00b0 de mayo, D\u00eda del Trabajador, \u201cactualmente el \u00e1nimo de los trabajadores no es el mejor, frente a la cruda crisis econ\u00f3mica que atravesamos, por el contexto econ\u00f3mico nacional\u201d.<\/h3>\n<h3>No obstante apunt\u00f3 que \u201caquellos que tenemos la dicha de contar con un trabajo, debemos cuidarlo, hacer bien nuestra tarea, y ser solidarios unos con otros. Los trabajadores sabemos de crisis, hemos atravesado muchas, y siempre hemos sabido defender nuestros derechos y salir adelante\u201d.<\/h3>\n<h3>Al participar del brindis organizado por la empresa, con la presencia del Administrador Sebasti\u00e1n Estrada; el intendente Maximiliano Frontera y la vice Silvina Galetto, Ucelay sostuvo que \u201ces importante que tanto los trabajadores como nuestros patrones podamos compartir este lindo momento, dejar a un lado nuestras diferencias y expresar el reconocimiento hacia todos los compa\u00f1eros que conforman esta querida empresa, poniendo en valor la importancia de la tarea que realizan en beneficio de la salud de la sociedad\u201d.<\/h3>\n<h3>Para terminar, afirm\u00f3 que \u201cm\u00e1s all\u00e1 de la dif\u00edcil situaci\u00f3n que atravesamos, es importante que todos sepan que nuestro sindicato siempre est\u00e1 para contener y ayudar al compa\u00f1ero que lo necesite. Y ese es siempre nuestro mensaje, mantener la unidad, ser solidarios y actuar con sensibilidad\u201d.<\/h3>\n<p>&nbsp;<\/p>\n<p>&nbsp;<\/p>\n<p>&nbsp;<\/p>\n<p>&nbsp;<\/p>\n<p>&nbsp;<\/p>\n<p>&nbsp;<\/p>\n","protected":false},"excerpt":{"rendered":"<p>Lo expres\u00f3 el Sec. Gral. Del Sindicato de Obras Sanitarias Mercedes, Jos\u00e9 Ucelay, al saludar&#8230;<\/p>\n","protected":false},"author":1,"featured_media":16224,"comment_status":"closed","ping_status":"closed","sticky":false,"template":"","format":"standard","meta":{"footnotes":""},"categories":[6],"tags":[],"class_list":["post-16223","post","type-post","status-publish","format-standard","has-post-thumbnail","hentry","category-ciudad-provincia"],"yoast_head":"<!-- This site is optimized with the Yoast SEO plugin v26.1.1 - https:\/\/yoast.com\/wordpress\/plugins\/seo\/ -->\n<title>\u201cHOY DEBEMOS SER M\u00c1S SOLIDARIOS Y ESTAR M\u00c1S JUNTOS QUE NUNCA\u201d - Apuntes de San Luis<\/title>\n<meta name=\"robots\" content=\"index, follow, max-snippet:-1, max-image-preview:large, max-video-preview:-1\" \/>\n<link rel=\"canonical\" href=\"https:\/\/apuntesdesanluis.com\/index.php\/2024\/05\/15\/hoy-debemos-ser-mas-solidarios-y-estar-mas-juntos-que-nunca\/\" \/>\n<meta property=\"og:locale\" content=\"es_ES\" \/>\n<meta property=\"og:type\" content=\"article\" \/>\n<meta property=\"og:title\" content=\"\u201cHOY DEBEMOS SER M\u00c1S SOLIDARIOS Y ESTAR M\u00c1S JUNTOS QUE NUNCA\u201d - Apuntes de San Luis\" \/>\n<meta property=\"og:description\" content=\"Lo expres\u00f3 el Sec. Gral. Del Sindicato de Obras Sanitarias Mercedes, Jos\u00e9 Ucelay, al saludar...\" \/>\n<meta property=\"og:url\" content=\"https:\/\/apuntesdesanluis.com\/index.php\/2024\/05\/15\/hoy-debemos-ser-mas-solidarios-y-estar-mas-juntos-que-nunca\/\" \/>\n<meta property=\"og:site_name\" content=\"Apuntes de San Luis\" \/>\n<meta property=\"article:published_time\" content=\"2024-05-15T18:03:16+00:00\" \/>\n<meta property=\"article:modified_time\" content=\"2024-05-15T18:03:46+00:00\" \/>\n<meta property=\"og:image\" content=\"https:\/\/apuntesdesanluis.com\/wp-content\/uploads\/2024\/05\/jose-ucelay-1.jpg\" \/>\n\t<meta property=\"og:image:width\" content=\"574\" \/>\n\t<meta property=\"og:image:height\" content=\"369\" \/>\n\t<meta property=\"og:image:type\" content=\"image\/jpeg\" \/>\n<meta name=\"author\" content=\"apuntesdesanluis.com\" \/>\n<meta name=\"twitter:card\" content=\"summary_large_image\" \/>\n<meta name=\"twitter:label1\" content=\"Escrito por\" \/>\n\t<meta name=\"twitter:data1\" content=\"apuntesdesanluis.com\" \/>\n\t<meta name=\"twitter:label2\" content=\"Tiempo de lectura\" \/>\n\t<meta name=\"twitter:data2\" content=\"2 minutos\" \/>\n<script type=\"application\/ld+json\" class=\"yoast-schema-graph\">{\"@context\":\"https:\/\/schema.org\",\"@graph\":[{\"@type\":\"Article\",\"@id\":\"https:\/\/apuntesdesanluis.com\/index.php\/2024\/05\/15\/hoy-debemos-ser-mas-solidarios-y-estar-mas-juntos-que-nunca\/#article\",\"isPartOf\":{\"@id\":\"https:\/\/apuntesdesanluis.com\/index.php\/2024\/05\/15\/hoy-debemos-ser-mas-solidarios-y-estar-mas-juntos-que-nunca\/\"},\"author\":{\"name\":\"apuntesdesanluis.com\",\"@id\":\"https:\/\/apuntesdesanluis.com\/#\/schema\/person\/b55151d52296fcce64d1a72538a70b90\"},\"headline\":\"\u201cHOY DEBEMOS SER M\u00c1S SOLIDARIOS Y ESTAR M\u00c1S JUNTOS QUE NUNCA\u201d\",\"datePublished\":\"2024-05-15T18:03:16+00:00\",\"dateModified\":\"2024-05-15T18:03:46+00:00\",\"mainEntityOfPage\":{\"@id\":\"https:\/\/apuntesdesanluis.com\/index.php\/2024\/05\/15\/hoy-debemos-ser-mas-solidarios-y-estar-mas-juntos-que-nunca\/\"},\"wordCount\":257,\"publisher\":{\"@id\":\"https:\/\/apuntesdesanluis.com\/#\/schema\/person\/b55151d52296fcce64d1a72538a70b90\"},\"image\":{\"@id\":\"https:\/\/apuntesdesanluis.com\/index.php\/2024\/05\/15\/hoy-debemos-ser-mas-solidarios-y-estar-mas-juntos-que-nunca\/#primaryimage\"},\"thumbnailUrl\":\"https:\/\/apuntesdesanluis.com\/wp-content\/uploads\/2024\/05\/jose-ucelay-1.jpg\",\"articleSection\":[\"Ciudad\/Provincia\"],\"inLanguage\":\"es-AR\"},{\"@type\":\"WebPage\",\"@id\":\"https:\/\/apuntesdesanluis.com\/index.php\/2024\/05\/15\/hoy-debemos-ser-mas-solidarios-y-estar-mas-juntos-que-nunca\/\",\"url\":\"https:\/\/apuntesdesanluis.com\/index.php\/2024\/05\/15\/hoy-debemos-ser-mas-solidarios-y-estar-mas-juntos-que-nunca\/\",\"name\":\"\u201cHOY DEBEMOS SER M\u00c1S SOLIDARIOS Y ESTAR M\u00c1S JUNTOS QUE NUNCA\u201d - Apuntes de San Luis\",\"isPartOf\":{\"@id\":\"https:\/\/apuntesdesanluis.com\/#website\"},\"primaryImageOfPage\":{\"@id\":\"https:\/\/apuntesdesanluis.com\/index.php\/2024\/05\/15\/hoy-debemos-ser-mas-solidarios-y-estar-mas-juntos-que-nunca\/#primaryimage\"},\"image\":{\"@id\":\"https:\/\/apuntesdesanluis.com\/index.php\/2024\/05\/15\/hoy-debemos-ser-mas-solidarios-y-estar-mas-juntos-que-nunca\/#primaryimage\"},\"thumbnailUrl\":\"https:\/\/apuntesdesanluis.com\/wp-content\/uploads\/2024\/05\/jose-ucelay-1.jpg\",\"datePublished\":\"2024-05-15T18:03:16+00:00\",\"dateModified\":\"2024-05-15T18:03:46+00:00\",\"breadcrumb\":{\"@id\":\"https:\/\/apuntesdesanluis.com\/index.php\/2024\/05\/15\/hoy-debemos-ser-mas-solidarios-y-estar-mas-juntos-que-nunca\/#breadcrumb\"},\"inLanguage\":\"es-AR\",\"potentialAction\":[{\"@type\":\"ReadAction\",\"target\":[\"https:\/\/apuntesdesanluis.com\/index.php\/2024\/05\/15\/hoy-debemos-ser-mas-solidarios-y-estar-mas-juntos-que-nunca\/\"]}]},{\"@type\":\"ImageObject\",\"inLanguage\":\"es-AR\",\"@id\":\"https:\/\/apuntesdesanluis.com\/index.php\/2024\/05\/15\/hoy-debemos-ser-mas-solidarios-y-estar-mas-juntos-que-nunca\/#primaryimage\",\"url\":\"https:\/\/apuntesdesanluis.com\/wp-content\/uploads\/2024\/05\/jose-ucelay-1.jpg\",\"contentUrl\":\"https:\/\/apuntesdesanluis.com\/wp-content\/uploads\/2024\/05\/jose-ucelay-1.jpg\",\"width\":574,\"height\":369},{\"@type\":\"BreadcrumbList\",\"@id\":\"https:\/\/apuntesdesanluis.com\/index.php\/2024\/05\/15\/hoy-debemos-ser-mas-solidarios-y-estar-mas-juntos-que-nunca\/#breadcrumb\",\"itemListElement\":[{\"@type\":\"ListItem\",\"position\":1,\"name\":\"Inicio\",\"item\":\"https:\/\/apuntesdesanluis.com\/\"},{\"@type\":\"ListItem\",\"position\":2,\"name\":\"\u201cHOY DEBEMOS SER M\u00c1S SOLIDARIOS Y ESTAR M\u00c1S JUNTOS QUE NUNCA\u201d\"}]},{\"@type\":\"WebSite\",\"@id\":\"https:\/\/apuntesdesanluis.com\/#website\",\"url\":\"https:\/\/apuntesdesanluis.com\/\",\"name\":\"Apuntes de San Luis\",\"description\":\"\",\"publisher\":{\"@id\":\"https:\/\/apuntesdesanluis.com\/#\/schema\/person\/b55151d52296fcce64d1a72538a70b90\"},\"potentialAction\":[{\"@type\":\"SearchAction\",\"target\":{\"@type\":\"EntryPoint\",\"urlTemplate\":\"https:\/\/apuntesdesanluis.com\/?s={search_term_string}\"},\"query-input\":{\"@type\":\"PropertyValueSpecification\",\"valueRequired\":true,\"valueName\":\"search_term_string\"}}],\"inLanguage\":\"es-AR\"},{\"@type\":[\"Person\",\"Organization\"],\"@id\":\"https:\/\/apuntesdesanluis.com\/#\/schema\/person\/b55151d52296fcce64d1a72538a70b90\",\"name\":\"apuntesdesanluis.com\",\"image\":{\"@type\":\"ImageObject\",\"inLanguage\":\"es-AR\",\"@id\":\"https:\/\/apuntesdesanluis.com\/#\/schema\/person\/image\/\",\"url\":\"https:\/\/apuntesdesanluis.com\/wp-content\/uploads\/2023\/07\/cropped-apuntesdesanluis.png\",\"contentUrl\":\"https:\/\/apuntesdesanluis.com\/wp-content\/uploads\/2023\/07\/cropped-apuntesdesanluis.png\",\"width\":450,\"height\":112,\"caption\":\"apuntesdesanluis.com\"},\"logo\":{\"@id\":\"https:\/\/apuntesdesanluis.com\/#\/schema\/person\/image\/\"},\"sameAs\":[\"https:\/\/apuntesdesanluis.com\"],\"url\":\"https:\/\/apuntesdesanluis.com\/index.php\/author\/apuntesdesanluis-com\/\"}]}<\/script>\n<!-- \/ Yoast SEO plugin. -->","yoast_head_json":{"title":"\u201cHOY DEBEMOS SER M\u00c1S SOLIDARIOS Y ESTAR M\u00c1S JUNTOS QUE NUNCA\u201d - Apuntes de San Luis","robots":{"index":"index","follow":"follow","max-snippet":"max-snippet:-1","max-image-preview":"max-image-preview:large","max-video-preview":"max-video-preview:-1"},"canonical":"https:\/\/apuntesdesanluis.com\/index.php\/2024\/05\/15\/hoy-debemos-ser-mas-solidarios-y-estar-mas-juntos-que-nunca\/","og_locale":"es_ES","og_type":"article","og_title":"\u201cHOY DEBEMOS SER M\u00c1S SOLIDARIOS Y ESTAR M\u00c1S JUNTOS QUE NUNCA\u201d - Apuntes de San Luis","og_description":"Lo expres\u00f3 el Sec. Gral. Del Sindicato de Obras Sanitarias Mercedes, Jos\u00e9 Ucelay, al saludar...","og_url":"https:\/\/apuntesdesanluis.com\/index.php\/2024\/05\/15\/hoy-debemos-ser-mas-solidarios-y-estar-mas-juntos-que-nunca\/","og_site_name":"Apuntes de San Luis","article_published_time":"2024-05-15T18:03:16+00:00","article_modified_time":"2024-05-15T18:03:46+00:00","og_image":[{"width":574,"height":369,"url":"https:\/\/apuntesdesanluis.com\/wp-content\/uploads\/2024\/05\/jose-ucelay-1.jpg","type":"image\/jpeg"}],"author":"apuntesdesanluis.com","twitter_card":"summary_large_image","twitter_misc":{"Escrito por":"apuntesdesanluis.com","Tiempo de lectura":"2 minutos"},"schema":{"@context":"https:\/\/schema.org","@graph":[{"@type":"Article","@id":"https:\/\/apuntesdesanluis.com\/index.php\/2024\/05\/15\/hoy-debemos-ser-mas-solidarios-y-estar-mas-juntos-que-nunca\/#article","isPartOf":{"@id":"https:\/\/apuntesdesanluis.com\/index.php\/2024\/05\/15\/hoy-debemos-ser-mas-solidarios-y-estar-mas-juntos-que-nunca\/"},"author":{"name":"apuntesdesanluis.com","@id":"https:\/\/apuntesdesanluis.com\/#\/schema\/person\/b55151d52296fcce64d1a72538a70b90"},"headline":"\u201cHOY DEBEMOS SER M\u00c1S SOLIDARIOS Y ESTAR M\u00c1S JUNTOS QUE NUNCA\u201d","datePublished":"2024-05-15T18:03:16+00:00","dateModified":"2024-05-15T18:03:46+00:00","mainEntityOfPage":{"@id":"https:\/\/apuntesdesanluis.com\/index.php\/2024\/05\/15\/hoy-debemos-ser-mas-solidarios-y-estar-mas-juntos-que-nunca\/"},"wordCount":257,"publisher":{"@id":"https:\/\/apuntesdesanluis.com\/#\/schema\/person\/b55151d52296fcce64d1a72538a70b90"},"image":{"@id":"https:\/\/apuntesdesanluis.com\/index.php\/2024\/05\/15\/hoy-debemos-ser-mas-solidarios-y-estar-mas-juntos-que-nunca\/#primaryimage"},"thumbnailUrl":"https:\/\/apuntesdesanluis.com\/wp-content\/uploads\/2024\/05\/jose-ucelay-1.jpg","articleSection":["Ciudad\/Provincia"],"inLanguage":"es-AR"},{"@type":"WebPage","@id":"https:\/\/apuntesdesanluis.com\/index.php\/2024\/05\/15\/hoy-debemos-ser-mas-solidarios-y-estar-mas-juntos-que-nunca\/","url":"https:\/\/apuntesdesanluis.com\/index.php\/2024\/05\/15\/hoy-debemos-ser-mas-solidarios-y-estar-mas-juntos-que-nunca\/","name":"\u201cHOY DEBEMOS SER M\u00c1S SOLIDARIOS Y ESTAR M\u00c1S JUNTOS QUE NUNCA\u201d - Apuntes de San Luis","isPartOf":{"@id":"https:\/\/apuntesdesanluis.com\/#website"},"primaryImageOfPage":{"@id":"https:\/\/apuntesdesanluis.com\/index.php\/2024\/05\/15\/hoy-debemos-ser-mas-solidarios-y-estar-mas-juntos-que-nunca\/#primaryimage"},"image":{"@id":"https:\/\/apuntesdesanluis.com\/index.php\/2024\/05\/15\/hoy-debemos-ser-mas-solidarios-y-estar-mas-juntos-que-nunca\/#primaryimage"},"thumbnailUrl":"https:\/\/apuntesdesanluis.com\/wp-content\/uploads\/2024\/05\/jose-ucelay-1.jpg","datePublished":"2024-05-15T18:03:16+00:00","dateModified":"2024-05-15T18:03:46+00:00","breadcrumb":{"@id":"https:\/\/apuntesdesanluis.com\/index.php\/2024\/05\/15\/hoy-debemos-ser-mas-solidarios-y-estar-mas-juntos-que-nunca\/#breadcrumb"},"inLanguage":"es-AR","potentialAction":[{"@type":"ReadAction","target":["https:\/\/apuntesdesanluis.com\/index.php\/2024\/05\/15\/hoy-debemos-ser-mas-solidarios-y-estar-mas-juntos-que-nunca\/"]}]},{"@type":"ImageObject","inLanguage":"es-AR","@id":"https:\/\/apuntesdesanluis.com\/index.php\/2024\/05\/15\/hoy-debemos-ser-mas-solidarios-y-estar-mas-juntos-que-nunca\/#primaryimage","url":"https:\/\/apuntesdesanluis.com\/wp-content\/uploads\/2024\/05\/jose-ucelay-1.jpg","contentUrl":"https:\/\/apuntesdesanluis.com\/wp-content\/uploads\/2024\/05\/jose-ucelay-1.jpg","width":574,"height":369},{"@type":"BreadcrumbList","@id":"https:\/\/apuntesdesanluis.com\/index.php\/2024\/05\/15\/hoy-debemos-ser-mas-solidarios-y-estar-mas-juntos-que-nunca\/#breadcrumb","itemListElement":[{"@type":"ListItem","position":1,"name":"Inicio","item":"https:\/\/apuntesdesanluis.com\/"},{"@type":"ListItem","position":2,"name":"\u201cHOY DEBEMOS SER M\u00c1S SOLIDARIOS Y ESTAR M\u00c1S JUNTOS QUE NUNCA\u201d"}]},{"@type":"WebSite","@id":"https:\/\/apuntesdesanluis.com\/#website","url":"https:\/\/apuntesdesanluis.com\/","name":"Apuntes de San Luis","description":"","publisher":{"@id":"https:\/\/apuntesdesanluis.com\/#\/schema\/person\/b55151d52296fcce64d1a72538a70b90"},"potentialAction":[{"@type":"SearchAction","target":{"@type":"EntryPoint","urlTemplate":"https:\/\/apuntesdesanluis.com\/?s={search_term_string}"},"query-input":{"@type":"PropertyValueSpecification","valueRequired":true,"valueName":"search_term_string"}}],"inLanguage":"es-AR"},{"@type":["Person","Organization"],"@id":"https:\/\/apuntesdesanluis.com\/#\/schema\/person\/b55151d52296fcce64d1a72538a70b90","name":"apuntesdesanluis.com","image":{"@type":"ImageObject","inLanguage":"es-AR","@id":"https:\/\/apuntesdesanluis.com\/#\/schema\/person\/image\/","url":"https:\/\/apuntesdesanluis.com\/wp-content\/uploads\/2023\/07\/cropped-apuntesdesanluis.png","contentUrl":"https:\/\/apuntesdesanluis.com\/wp-content\/uploads\/2023\/07\/cropped-apuntesdesanluis.png","width":450,"height":112,"caption":"apuntesdesanluis.com"},"logo":{"@id":"https:\/\/apuntesdesanluis.com\/#\/schema\/person\/image\/"},"sameAs":["https:\/\/apuntesdesanluis.com"],"url":"https:\/\/apuntesdesanluis.com\/index.php\/author\/apuntesdesanluis-com\/"}]}},"featured_image_urls":{"full":["https:\/\/apuntesdesanluis.com\/wp-content\/uploads\/2024\/05\/jose-ucelay-1.jpg",574,369,false],"thumbnail":["https:\/\/apuntesdesanluis.com\/wp-content\/uploads\/2024\/05\/jose-ucelay-1-150x150.jpg",150,150,true],"medium":["https:\/\/apuntesdesanluis.com\/wp-content\/uploads\/2024\/05\/jose-ucelay-1-300x193.jpg",300,193,true],"medium_large":["https:\/\/apuntesdesanluis.com\/wp-content\/uploads\/2024\/05\/jose-ucelay-1.jpg",574,369,false],"large":["https:\/\/apuntesdesanluis.com\/wp-content\/uploads\/2024\/05\/jose-ucelay-1.jpg",574,369,false],"1536x1536":["https:\/\/apuntesdesanluis.com\/wp-content\/uploads\/2024\/05\/jose-ucelay-1.jpg",574,369,false],"2048x2048":["https:\/\/apuntesdesanluis.com\/wp-content\/uploads\/2024\/05\/jose-ucelay-1.jpg",574,369,false],"newsever-slider-full":["https:\/\/apuntesdesanluis.com\/wp-content\/uploads\/2024\/05\/jose-ucelay-1.jpg",574,369,false],"newsever-featured":["https:\/\/apuntesdesanluis.com\/wp-content\/uploads\/2024\/05\/jose-ucelay-1.jpg",574,369,false],"newsever-medium":["https:\/\/apuntesdesanluis.com\/wp-content\/uploads\/2024\/05\/jose-ucelay-1.jpg",574,369,false]},"author_info":{"display_name":"apuntesdesanluis.com","author_link":"https:\/\/apuntesdesanluis.com\/index.php\/author\/apuntesdesanluis-com\/"},"category_info":"<a href=\"https:\/\/apuntesdesanluis.com\/index.php\/category\/ciudad-provincia\/\" rel=\"category tag\">Ciudad\/Provincia<\/a>","tag_info":"Ciudad\/Provincia","comment_count":"0","_links":{"self":[{"href":"https:\/\/apuntesdesanluis.com\/index.php\/wp-json\/wp\/v2\/posts\/16223","targetHints":{"allow":["GET"]}}],"collection":[{"href":"https:\/\/apuntesdesanluis.com\/index.php\/wp-json\/wp\/v2\/posts"}],"about":[{"href":"https:\/\/apuntesdesanluis.com\/index.php\/wp-json\/wp\/v2\/types\/post"}],"author":[{"embeddable":true,"href":"https:\/\/apuntesdesanluis.com\/index.php\/wp-json\/wp\/v2\/users\/1"}],"replies":[{"embeddable":true,"href":"https:\/\/apuntesdesanluis.com\/index.php\/wp-json\/wp\/v2\/comments?post=16223"}],"version-history":[{"count":2,"href":"https:\/\/apuntesdesanluis.com\/index.php\/wp-json\/wp\/v2\/posts\/16223\/revisions"}],"predecessor-version":[{"id":16226,"href":"https:\/\/apuntesdesanluis.com\/index.php\/wp-json\/wp\/v2\/posts\/16223\/revisions\/16226"}],"wp:featuredmedia":[{"embeddable":true,"href":"https:\/\/apuntesdesanluis.com\/index.php\/wp-json\/wp\/v2\/media\/16224"}],"wp:attachment":[{"href":"https:\/\/apuntesdesanluis.com\/index.php\/wp-json\/wp\/v2\/media?parent=16223"}],"wp:term":[{"taxonomy":"category","embeddable":true,"href":"https:\/\/apuntesdesanluis.com\/index.php\/wp-json\/wp\/v2\/categories?post=16223"},{"taxonomy":"post_tag","embeddable":true,"href":"https:\/\/apuntesdesanluis.com\/index.php\/wp-json\/wp\/v2\/tags?post=16223"}],"curies":[{"name":"wp","href":"https:\/\/api.w.org\/{rel}","templated":true}]}}