{"id":16227,"date":"2024-05-15T18:19:45","date_gmt":"2024-05-15T21:19:45","guid":{"rendered":"https:\/\/apuntesdesanluis.com\/?p=16227"},"modified":"2024-05-15T18:19:45","modified_gmt":"2024-05-15T21:19:45","slug":"tilisarao-prorrogaron-prision-preventiva-del-joven-acusado-de-matar-a-su-padre","status":"publish","type":"post","link":"https:\/\/apuntesdesanluis.com\/index.php\/2024\/05\/15\/tilisarao-prorrogaron-prision-preventiva-del-joven-acusado-de-matar-a-su-padre\/","title":{"rendered":"TILISARAO: PRORROGARON PRISI\u00d3N PREVENTIVA DEL JOVEN ACUSADO DE MATAR A SU PADRE"},"content":{"rendered":"<h3><strong>Pablo Santiago Ashworth<\/strong>, se\u00f1alado como autor del homicidio de su padre, permanecer\u00e1 con prisi\u00f3n preventiva hasta la realizaci\u00f3n del juicio oral.<\/h3>\n<h3>El martes 14 de mayo, el Juez de Garant\u00eda de la Tercera Circunscripci\u00f3n Judicial, Jorge Pinto, hizo lugar a la pr\u00f3rroga de preventiva para Pablo Santiago Ashworth, acusado por el asesinato de su padre, <strong>Jorge \u201cTeddy\u201d Ashworth<\/strong>.<\/h3>\n<h3>La medida de coerci\u00f3n se extender\u00e1 hasta el 28 de junio del a\u00f1o en curso, t\u00e9rmino en el cual, el imputado permanecer\u00e1 alojado en el Servicio Penitenciario Provincial a la espera del juicio oral.<\/h3>\n<p><img fetchpriority=\"high\" decoding=\"async\" class=\"wp-image-16228 aligncenter\" src=\"https:\/\/apuntesdesanluis.com\/wp-content\/uploads\/2024\/05\/JORGE-ASHWORTH-300x180.png\" alt=\"\" width=\"573\" height=\"344\" srcset=\"https:\/\/apuntesdesanluis.com\/wp-content\/uploads\/2024\/05\/JORGE-ASHWORTH-300x180.png 300w, https:\/\/apuntesdesanluis.com\/wp-content\/uploads\/2024\/05\/JORGE-ASHWORTH-768x460.png 768w, https:\/\/apuntesdesanluis.com\/wp-content\/uploads\/2024\/05\/JORGE-ASHWORTH.png 876w\" sizes=\"(max-width: 573px) 100vw, 573px\" \/><\/p>\n<h3>El hombre de 49 a\u00f1os enfrenta un pedido de pena de prisi\u00f3n perpetua, luego de ser formalmente acusado por la fiscal\u00eda como autor material y penalmente responsable del delito de homicidio agravado por el v\u00ednculo, hecho ocurrido el 4 de julio de 2023 en el campo de la v\u00edctima, ubicado en la zona rural de San Pablo cerca de Tilisarao.<\/h3>\n<h3>Para m\u00e1s informaci\u00f3n sobre el caso, hacer clic en el siguiente enlace: <span style=\"color: #3366ff;\"><a style=\"color: #3366ff;\" href=\"https:\/\/www.periodicojudicial.gov.ar\/homicidio-de-jorge-ashworth-elevaron-la-causa-a-juicio-con-pedido-de-prision-perpetua-para-el-imputado\/\">https:\/\/www.periodicojudicial.gov.ar\/homicidio-de-jorge-ashworth-elevaron-la-causa-a-juicio-con-pedido-de-prision-perpetua-para-el-imputado\/<\/a><\/span><\/h3>\n<p>&nbsp;<\/p>\n<p>&nbsp;<\/p>\n<p>&nbsp;<\/p>\n<p>&nbsp;<\/p>\n","protected":false},"excerpt":{"rendered":"<p>Pablo Santiago Ashworth, se\u00f1alado como autor del homicidio de su padre, permanecer\u00e1 con prisi\u00f3n preventiva&#8230;<\/p>\n","protected":false},"author":1,"featured_media":16229,"comment_status":"closed","ping_status":"closed","sticky":false,"template":"","format":"standard","meta":{"footnotes":""},"categories":[6],"tags":[],"class_list":["post-16227","post","type-post","status-publish","format-standard","has-post-thumbnail","hentry","category-ciudad-provincia"],"yoast_head":"<!-- This site is optimized with the Yoast SEO plugin v26.1.1 - https:\/\/yoast.com\/wordpress\/plugins\/seo\/ -->\n<title>TILISARAO: PRORROGARON PRISI\u00d3N PREVENTIVA DEL JOVEN ACUSADO DE MATAR A SU PADRE - Apuntes de San Luis<\/title>\n<meta name=\"robots\" content=\"index, follow, max-snippet:-1, max-image-preview:large, max-video-preview:-1\" \/>\n<link rel=\"canonical\" href=\"https:\/\/apuntesdesanluis.com\/index.php\/2024\/05\/15\/tilisarao-prorrogaron-prision-preventiva-del-joven-acusado-de-matar-a-su-padre\/\" \/>\n<meta property=\"og:locale\" content=\"es_ES\" \/>\n<meta property=\"og:type\" content=\"article\" \/>\n<meta property=\"og:title\" content=\"TILISARAO: PRORROGARON PRISI\u00d3N PREVENTIVA DEL JOVEN ACUSADO DE MATAR A SU PADRE - Apuntes de San Luis\" \/>\n<meta property=\"og:description\" content=\"Pablo Santiago Ashworth, se\u00f1alado como autor del homicidio de su padre, permanecer\u00e1 con prisi\u00f3n preventiva...\" \/>\n<meta property=\"og:url\" content=\"https:\/\/apuntesdesanluis.com\/index.php\/2024\/05\/15\/tilisarao-prorrogaron-prision-preventiva-del-joven-acusado-de-matar-a-su-padre\/\" \/>\n<meta property=\"og:site_name\" content=\"Apuntes de San Luis\" \/>\n<meta property=\"article:published_time\" content=\"2024-05-15T21:19:45+00:00\" \/>\n<meta property=\"og:image\" content=\"https:\/\/apuntesdesanluis.com\/wp-content\/uploads\/2024\/05\/jorge-y-pablo-ashworth.png\" \/>\n\t<meta property=\"og:image:width\" content=\"737\" \/>\n\t<meta property=\"og:image:height\" content=\"381\" \/>\n\t<meta property=\"og:image:type\" content=\"image\/png\" \/>\n<meta name=\"author\" content=\"apuntesdesanluis.com\" \/>\n<meta name=\"twitter:card\" content=\"summary_large_image\" \/>\n<meta name=\"twitter:label1\" content=\"Escrito por\" \/>\n\t<meta name=\"twitter:data1\" content=\"apuntesdesanluis.com\" \/>\n\t<meta name=\"twitter:label2\" content=\"Tiempo de lectura\" \/>\n\t<meta name=\"twitter:data2\" content=\"2 minutos\" \/>\n<script type=\"application\/ld+json\" class=\"yoast-schema-graph\">{\"@context\":\"https:\/\/schema.org\",\"@graph\":[{\"@type\":\"Article\",\"@id\":\"https:\/\/apuntesdesanluis.com\/index.php\/2024\/05\/15\/tilisarao-prorrogaron-prision-preventiva-del-joven-acusado-de-matar-a-su-padre\/#article\",\"isPartOf\":{\"@id\":\"https:\/\/apuntesdesanluis.com\/index.php\/2024\/05\/15\/tilisarao-prorrogaron-prision-preventiva-del-joven-acusado-de-matar-a-su-padre\/\"},\"author\":{\"name\":\"apuntesdesanluis.com\",\"@id\":\"https:\/\/apuntesdesanluis.com\/#\/schema\/person\/b55151d52296fcce64d1a72538a70b90\"},\"headline\":\"TILISARAO: PRORROGARON PRISI\u00d3N PREVENTIVA DEL JOVEN ACUSADO DE MATAR A SU PADRE\",\"datePublished\":\"2024-05-15T21:19:45+00:00\",\"mainEntityOfPage\":{\"@id\":\"https:\/\/apuntesdesanluis.com\/index.php\/2024\/05\/15\/tilisarao-prorrogaron-prision-preventiva-del-joven-acusado-de-matar-a-su-padre\/\"},\"wordCount\":198,\"publisher\":{\"@id\":\"https:\/\/apuntesdesanluis.com\/#\/schema\/person\/b55151d52296fcce64d1a72538a70b90\"},\"image\":{\"@id\":\"https:\/\/apuntesdesanluis.com\/index.php\/2024\/05\/15\/tilisarao-prorrogaron-prision-preventiva-del-joven-acusado-de-matar-a-su-padre\/#primaryimage\"},\"thumbnailUrl\":\"https:\/\/apuntesdesanluis.com\/wp-content\/uploads\/2024\/05\/jorge-y-pablo-ashworth.png\",\"articleSection\":[\"Ciudad\/Provincia\"],\"inLanguage\":\"es-AR\"},{\"@type\":\"WebPage\",\"@id\":\"https:\/\/apuntesdesanluis.com\/index.php\/2024\/05\/15\/tilisarao-prorrogaron-prision-preventiva-del-joven-acusado-de-matar-a-su-padre\/\",\"url\":\"https:\/\/apuntesdesanluis.com\/index.php\/2024\/05\/15\/tilisarao-prorrogaron-prision-preventiva-del-joven-acusado-de-matar-a-su-padre\/\",\"name\":\"TILISARAO: PRORROGARON PRISI\u00d3N PREVENTIVA DEL JOVEN ACUSADO DE MATAR A SU PADRE - Apuntes de San Luis\",\"isPartOf\":{\"@id\":\"https:\/\/apuntesdesanluis.com\/#website\"},\"primaryImageOfPage\":{\"@id\":\"https:\/\/apuntesdesanluis.com\/index.php\/2024\/05\/15\/tilisarao-prorrogaron-prision-preventiva-del-joven-acusado-de-matar-a-su-padre\/#primaryimage\"},\"image\":{\"@id\":\"https:\/\/apuntesdesanluis.com\/index.php\/2024\/05\/15\/tilisarao-prorrogaron-prision-preventiva-del-joven-acusado-de-matar-a-su-padre\/#primaryimage\"},\"thumbnailUrl\":\"https:\/\/apuntesdesanluis.com\/wp-content\/uploads\/2024\/05\/jorge-y-pablo-ashworth.png\",\"datePublished\":\"2024-05-15T21:19:45+00:00\",\"breadcrumb\":{\"@id\":\"https:\/\/apuntesdesanluis.com\/index.php\/2024\/05\/15\/tilisarao-prorrogaron-prision-preventiva-del-joven-acusado-de-matar-a-su-padre\/#breadcrumb\"},\"inLanguage\":\"es-AR\",\"potentialAction\":[{\"@type\":\"ReadAction\",\"target\":[\"https:\/\/apuntesdesanluis.com\/index.php\/2024\/05\/15\/tilisarao-prorrogaron-prision-preventiva-del-joven-acusado-de-matar-a-su-padre\/\"]}]},{\"@type\":\"ImageObject\",\"inLanguage\":\"es-AR\",\"@id\":\"https:\/\/apuntesdesanluis.com\/index.php\/2024\/05\/15\/tilisarao-prorrogaron-prision-preventiva-del-joven-acusado-de-matar-a-su-padre\/#primaryimage\",\"url\":\"https:\/\/apuntesdesanluis.com\/wp-content\/uploads\/2024\/05\/jorge-y-pablo-ashworth.png\",\"contentUrl\":\"https:\/\/apuntesdesanluis.com\/wp-content\/uploads\/2024\/05\/jorge-y-pablo-ashworth.png\",\"width\":737,\"height\":381},{\"@type\":\"BreadcrumbList\",\"@id\":\"https:\/\/apuntesdesanluis.com\/index.php\/2024\/05\/15\/tilisarao-prorrogaron-prision-preventiva-del-joven-acusado-de-matar-a-su-padre\/#breadcrumb\",\"itemListElement\":[{\"@type\":\"ListItem\",\"position\":1,\"name\":\"Inicio\",\"item\":\"https:\/\/apuntesdesanluis.com\/\"},{\"@type\":\"ListItem\",\"position\":2,\"name\":\"TILISARAO: PRORROGARON PRISI\u00d3N PREVENTIVA DEL JOVEN ACUSADO DE MATAR A SU PADRE\"}]},{\"@type\":\"WebSite\",\"@id\":\"https:\/\/apuntesdesanluis.com\/#website\",\"url\":\"https:\/\/apuntesdesanluis.com\/\",\"name\":\"Apuntes de San Luis\",\"description\":\"\",\"publisher\":{\"@id\":\"https:\/\/apuntesdesanluis.com\/#\/schema\/person\/b55151d52296fcce64d1a72538a70b90\"},\"potentialAction\":[{\"@type\":\"SearchAction\",\"target\":{\"@type\":\"EntryPoint\",\"urlTemplate\":\"https:\/\/apuntesdesanluis.com\/?s={search_term_string}\"},\"query-input\":{\"@type\":\"PropertyValueSpecification\",\"valueRequired\":true,\"valueName\":\"search_term_string\"}}],\"inLanguage\":\"es-AR\"},{\"@type\":[\"Person\",\"Organization\"],\"@id\":\"https:\/\/apuntesdesanluis.com\/#\/schema\/person\/b55151d52296fcce64d1a72538a70b90\",\"name\":\"apuntesdesanluis.com\",\"image\":{\"@type\":\"ImageObject\",\"inLanguage\":\"es-AR\",\"@id\":\"https:\/\/apuntesdesanluis.com\/#\/schema\/person\/image\/\",\"url\":\"https:\/\/apuntesdesanluis.com\/wp-content\/uploads\/2023\/07\/cropped-apuntesdesanluis.png\",\"contentUrl\":\"https:\/\/apuntesdesanluis.com\/wp-content\/uploads\/2023\/07\/cropped-apuntesdesanluis.png\",\"width\":450,\"height\":112,\"caption\":\"apuntesdesanluis.com\"},\"logo\":{\"@id\":\"https:\/\/apuntesdesanluis.com\/#\/schema\/person\/image\/\"},\"sameAs\":[\"https:\/\/apuntesdesanluis.com\"],\"url\":\"https:\/\/apuntesdesanluis.com\/index.php\/author\/apuntesdesanluis-com\/\"}]}<\/script>\n<!-- \/ Yoast SEO plugin. -->","yoast_head_json":{"title":"TILISARAO: PRORROGARON PRISI\u00d3N PREVENTIVA DEL JOVEN ACUSADO DE MATAR A SU PADRE - Apuntes de San Luis","robots":{"index":"index","follow":"follow","max-snippet":"max-snippet:-1","max-image-preview":"max-image-preview:large","max-video-preview":"max-video-preview:-1"},"canonical":"https:\/\/apuntesdesanluis.com\/index.php\/2024\/05\/15\/tilisarao-prorrogaron-prision-preventiva-del-joven-acusado-de-matar-a-su-padre\/","og_locale":"es_ES","og_type":"article","og_title":"TILISARAO: PRORROGARON PRISI\u00d3N PREVENTIVA DEL JOVEN ACUSADO DE MATAR A SU PADRE - Apuntes de San Luis","og_description":"Pablo Santiago Ashworth, se\u00f1alado como autor del homicidio de su padre, permanecer\u00e1 con prisi\u00f3n preventiva...","og_url":"https:\/\/apuntesdesanluis.com\/index.php\/2024\/05\/15\/tilisarao-prorrogaron-prision-preventiva-del-joven-acusado-de-matar-a-su-padre\/","og_site_name":"Apuntes de San Luis","article_published_time":"2024-05-15T21:19:45+00:00","og_image":[{"width":737,"height":381,"url":"https:\/\/apuntesdesanluis.com\/wp-content\/uploads\/2024\/05\/jorge-y-pablo-ashworth.png","type":"image\/png"}],"author":"apuntesdesanluis.com","twitter_card":"summary_large_image","twitter_misc":{"Escrito por":"apuntesdesanluis.com","Tiempo de lectura":"2 minutos"},"schema":{"@context":"https:\/\/schema.org","@graph":[{"@type":"Article","@id":"https:\/\/apuntesdesanluis.com\/index.php\/2024\/05\/15\/tilisarao-prorrogaron-prision-preventiva-del-joven-acusado-de-matar-a-su-padre\/#article","isPartOf":{"@id":"https:\/\/apuntesdesanluis.com\/index.php\/2024\/05\/15\/tilisarao-prorrogaron-prision-preventiva-del-joven-acusado-de-matar-a-su-padre\/"},"author":{"name":"apuntesdesanluis.com","@id":"https:\/\/apuntesdesanluis.com\/#\/schema\/person\/b55151d52296fcce64d1a72538a70b90"},"headline":"TILISARAO: PRORROGARON PRISI\u00d3N PREVENTIVA DEL JOVEN ACUSADO DE MATAR A SU PADRE","datePublished":"2024-05-15T21:19:45+00:00","mainEntityOfPage":{"@id":"https:\/\/apuntesdesanluis.com\/index.php\/2024\/05\/15\/tilisarao-prorrogaron-prision-preventiva-del-joven-acusado-de-matar-a-su-padre\/"},"wordCount":198,"publisher":{"@id":"https:\/\/apuntesdesanluis.com\/#\/schema\/person\/b55151d52296fcce64d1a72538a70b90"},"image":{"@id":"https:\/\/apuntesdesanluis.com\/index.php\/2024\/05\/15\/tilisarao-prorrogaron-prision-preventiva-del-joven-acusado-de-matar-a-su-padre\/#primaryimage"},"thumbnailUrl":"https:\/\/apuntesdesanluis.com\/wp-content\/uploads\/2024\/05\/jorge-y-pablo-ashworth.png","articleSection":["Ciudad\/Provincia"],"inLanguage":"es-AR"},{"@type":"WebPage","@id":"https:\/\/apuntesdesanluis.com\/index.php\/2024\/05\/15\/tilisarao-prorrogaron-prision-preventiva-del-joven-acusado-de-matar-a-su-padre\/","url":"https:\/\/apuntesdesanluis.com\/index.php\/2024\/05\/15\/tilisarao-prorrogaron-prision-preventiva-del-joven-acusado-de-matar-a-su-padre\/","name":"TILISARAO: PRORROGARON PRISI\u00d3N PREVENTIVA DEL JOVEN ACUSADO DE MATAR A SU PADRE - Apuntes de San Luis","isPartOf":{"@id":"https:\/\/apuntesdesanluis.com\/#website"},"primaryImageOfPage":{"@id":"https:\/\/apuntesdesanluis.com\/index.php\/2024\/05\/15\/tilisarao-prorrogaron-prision-preventiva-del-joven-acusado-de-matar-a-su-padre\/#primaryimage"},"image":{"@id":"https:\/\/apuntesdesanluis.com\/index.php\/2024\/05\/15\/tilisarao-prorrogaron-prision-preventiva-del-joven-acusado-de-matar-a-su-padre\/#primaryimage"},"thumbnailUrl":"https:\/\/apuntesdesanluis.com\/wp-content\/uploads\/2024\/05\/jorge-y-pablo-ashworth.png","datePublished":"2024-05-15T21:19:45+00:00","breadcrumb":{"@id":"https:\/\/apuntesdesanluis.com\/index.php\/2024\/05\/15\/tilisarao-prorrogaron-prision-preventiva-del-joven-acusado-de-matar-a-su-padre\/#breadcrumb"},"inLanguage":"es-AR","potentialAction":[{"@type":"ReadAction","target":["https:\/\/apuntesdesanluis.com\/index.php\/2024\/05\/15\/tilisarao-prorrogaron-prision-preventiva-del-joven-acusado-de-matar-a-su-padre\/"]}]},{"@type":"ImageObject","inLanguage":"es-AR","@id":"https:\/\/apuntesdesanluis.com\/index.php\/2024\/05\/15\/tilisarao-prorrogaron-prision-preventiva-del-joven-acusado-de-matar-a-su-padre\/#primaryimage","url":"https:\/\/apuntesdesanluis.com\/wp-content\/uploads\/2024\/05\/jorge-y-pablo-ashworth.png","contentUrl":"https:\/\/apuntesdesanluis.com\/wp-content\/uploads\/2024\/05\/jorge-y-pablo-ashworth.png","width":737,"height":381},{"@type":"BreadcrumbList","@id":"https:\/\/apuntesdesanluis.com\/index.php\/2024\/05\/15\/tilisarao-prorrogaron-prision-preventiva-del-joven-acusado-de-matar-a-su-padre\/#breadcrumb","itemListElement":[{"@type":"ListItem","position":1,"name":"Inicio","item":"https:\/\/apuntesdesanluis.com\/"},{"@type":"ListItem","position":2,"name":"TILISARAO: PRORROGARON PRISI\u00d3N PREVENTIVA DEL JOVEN ACUSADO DE MATAR A SU PADRE"}]},{"@type":"WebSite","@id":"https:\/\/apuntesdesanluis.com\/#website","url":"https:\/\/apuntesdesanluis.com\/","name":"Apuntes de San Luis","description":"","publisher":{"@id":"https:\/\/apuntesdesanluis.com\/#\/schema\/person\/b55151d52296fcce64d1a72538a70b90"},"potentialAction":[{"@type":"SearchAction","target":{"@type":"EntryPoint","urlTemplate":"https:\/\/apuntesdesanluis.com\/?s={search_term_string}"},"query-input":{"@type":"PropertyValueSpecification","valueRequired":true,"valueName":"search_term_string"}}],"inLanguage":"es-AR"},{"@type":["Person","Organization"],"@id":"https:\/\/apuntesdesanluis.com\/#\/schema\/person\/b55151d52296fcce64d1a72538a70b90","name":"apuntesdesanluis.com","image":{"@type":"ImageObject","inLanguage":"es-AR","@id":"https:\/\/apuntesdesanluis.com\/#\/schema\/person\/image\/","url":"https:\/\/apuntesdesanluis.com\/wp-content\/uploads\/2023\/07\/cropped-apuntesdesanluis.png","contentUrl":"https:\/\/apuntesdesanluis.com\/wp-content\/uploads\/2023\/07\/cropped-apuntesdesanluis.png","width":450,"height":112,"caption":"apuntesdesanluis.com"},"logo":{"@id":"https:\/\/apuntesdesanluis.com\/#\/schema\/person\/image\/"},"sameAs":["https:\/\/apuntesdesanluis.com"],"url":"https:\/\/apuntesdesanluis.com\/index.php\/author\/apuntesdesanluis-com\/"}]}},"featured_image_urls":{"full":["https:\/\/apuntesdesanluis.com\/wp-content\/uploads\/2024\/05\/jorge-y-pablo-ashworth.png",737,381,false],"thumbnail":["https:\/\/apuntesdesanluis.com\/wp-content\/uploads\/2024\/05\/jorge-y-pablo-ashworth-150x150.png",150,150,true],"medium":["https:\/\/apuntesdesanluis.com\/wp-content\/uploads\/2024\/05\/jorge-y-pablo-ashworth-300x155.png",300,155,true],"medium_large":["https:\/\/apuntesdesanluis.com\/wp-content\/uploads\/2024\/05\/jorge-y-pablo-ashworth.png",640,331,false],"large":["https:\/\/apuntesdesanluis.com\/wp-content\/uploads\/2024\/05\/jorge-y-pablo-ashworth.png",640,331,false],"1536x1536":["https:\/\/apuntesdesanluis.com\/wp-content\/uploads\/2024\/05\/jorge-y-pablo-ashworth.png",737,381,false],"2048x2048":["https:\/\/apuntesdesanluis.com\/wp-content\/uploads\/2024\/05\/jorge-y-pablo-ashworth.png",737,381,false],"newsever-slider-full":["https:\/\/apuntesdesanluis.com\/wp-content\/uploads\/2024\/05\/jorge-y-pablo-ashworth.png",737,381,false],"newsever-featured":["https:\/\/apuntesdesanluis.com\/wp-content\/uploads\/2024\/05\/jorge-y-pablo-ashworth.png",737,381,false],"newsever-medium":["https:\/\/apuntesdesanluis.com\/wp-content\/uploads\/2024\/05\/jorge-y-pablo-ashworth-720x381.png",720,381,true]},"author_info":{"display_name":"apuntesdesanluis.com","author_link":"https:\/\/apuntesdesanluis.com\/index.php\/author\/apuntesdesanluis-com\/"},"category_info":"<a href=\"https:\/\/apuntesdesanluis.com\/index.php\/category\/ciudad-provincia\/\" rel=\"category tag\">Ciudad\/Provincia<\/a>","tag_info":"Ciudad\/Provincia","comment_count":"0","_links":{"self":[{"href":"https:\/\/apuntesdesanluis.com\/index.php\/wp-json\/wp\/v2\/posts\/16227","targetHints":{"allow":["GET"]}}],"collection":[{"href":"https:\/\/apuntesdesanluis.com\/index.php\/wp-json\/wp\/v2\/posts"}],"about":[{"href":"https:\/\/apuntesdesanluis.com\/index.php\/wp-json\/wp\/v2\/types\/post"}],"author":[{"embeddable":true,"href":"https:\/\/apuntesdesanluis.com\/index.php\/wp-json\/wp\/v2\/users\/1"}],"replies":[{"embeddable":true,"href":"https:\/\/apuntesdesanluis.com\/index.php\/wp-json\/wp\/v2\/comments?post=16227"}],"version-history":[{"count":1,"href":"https:\/\/apuntesdesanluis.com\/index.php\/wp-json\/wp\/v2\/posts\/16227\/revisions"}],"predecessor-version":[{"id":16230,"href":"https:\/\/apuntesdesanluis.com\/index.php\/wp-json\/wp\/v2\/posts\/16227\/revisions\/16230"}],"wp:featuredmedia":[{"embeddable":true,"href":"https:\/\/apuntesdesanluis.com\/index.php\/wp-json\/wp\/v2\/media\/16229"}],"wp:attachment":[{"href":"https:\/\/apuntesdesanluis.com\/index.php\/wp-json\/wp\/v2\/media?parent=16227"}],"wp:term":[{"taxonomy":"category","embeddable":true,"href":"https:\/\/apuntesdesanluis.com\/index.php\/wp-json\/wp\/v2\/categories?post=16227"},{"taxonomy":"post_tag","embeddable":true,"href":"https:\/\/apuntesdesanluis.com\/index.php\/wp-json\/wp\/v2\/tags?post=16227"}],"curies":[{"name":"wp","href":"https:\/\/api.w.org\/{rel}","templated":true}]}}