{"id":16235,"date":"2024-05-15T20:14:35","date_gmt":"2024-05-15T23:14:35","guid":{"rendered":"https:\/\/apuntesdesanluis.com\/?p=16235"},"modified":"2024-05-15T20:15:21","modified_gmt":"2024-05-15T23:15:21","slug":"fuerte-malestar-de-rectores-porque-el-gobierno-actualizo-fondos-solo-de-la-uba-y-no-de-todas-las-universidades","status":"publish","type":"post","link":"https:\/\/apuntesdesanluis.com\/index.php\/2024\/05\/15\/fuerte-malestar-de-rectores-porque-el-gobierno-actualizo-fondos-solo-de-la-uba-y-no-de-todas-las-universidades\/","title":{"rendered":"FUERTE MALESTAR DE RECTORES PORQUE EL GOBIERNO ACTUALIZ\u00d3 FONDOS SOLO DE LA UBA Y NO DE TODAS LAS UNIVERSIDADES"},"content":{"rendered":"<div class=\"et_pb_section et_pb_section_1 et_pb_with_background et_section_regular\">\n<div class=\"et_pb_row et_pb_row_1 centrar-horizontal\">\n<div class=\"et_pb_column et_pb_column_2_5 et_pb_column_1 et_pb_css_mix_blend_mode_passthrough\">\n<div class=\"et_pb_module et_pb_text et_pb_text_0 et_pb_bg_layout_light et_pb_text_align_left\">\n<div class=\"et_pb_text_inner\">\n<h3>\u201cNo aceptamos que existan estudiantes de primera y de segunda\u201d, expres\u00f3 el Consejo Interuniversitario Nacional (CIN), a trav\u00e9s de un pronunciamiento conocido este mi\u00e9rcoles, al tomar conocimiento que el gobierno nacional dispuso una actualizaci\u00f3n en un 270 por ciento del presupuesto de gastos de funcionamiento y de un 300 por ciento para hospitales a la Universidad de Buenos Aires, lo cual &#8220;implica el reconocimiento por parte del gobierno nacional de uno de los aspectos del problema -y su grave magnitud- que todo el sistema universitario viene planteando desde enero de este a\u00f1o&#8221;.<\/h3>\n<\/div>\n<\/div>\n<\/div>\n<\/div>\n<\/div>\n<div class=\"et_pb_section et_pb_section_3 et_section_regular\">\n<div class=\"et_pb_row et_pb_row_2 et_pb_row_3-4_1-4\">\n<div class=\"et_pb_column et_pb_column_3_4 et_pb_column_3 et_pb_css_mix_blend_mode_passthrough\">\n<div class=\"et_pb_module et_pb_text et_pb_text_2 et_pb_bg_layout_light et_pb_text_align_left\">\n<div class=\"et_pb_text_inner\">\n<h3>El comunicado del Consejo Interuniversitario Nacional (CIN), que preside el rector <strong>V\u00edctor Mori\u00f1igo<\/strong> (UNSL), agrega en forma textual:<\/h3>\n<h3>&#8220;Resulta inadmisible y provocador que se reconozca solo para una universidad y no para la totalidad del sistema que re\u00fane a un conjunto de 60 universidades a lo largo y a lo ancho de todo el pa\u00eds, que representan a dos millones de estudiantes de las universidades argentinas. No aceptaremos que existan estudiantes de primera y de segunda.<\/h3>\n<h3>Por lo tanto, habiendo el gobierno confirmado con sus actos que los recursos est\u00e1n, exigimos inmediatamente una resoluci\u00f3n que garantice un incremento igual al otorgado a la Universidad de Buenos Aires para todas las universidades p\u00fablicas de la Naci\u00f3n.<\/h3>\n<h3>Con la misma urgencia, seguiremos bregando por paritarias para las y los trabajadores de las universidades que recompongan la p\u00e9rdida del poder adquisitivo del salario, por el sostenimiento y el fortalecimiento del sistema cient\u00edfico y tecnol\u00f3gico, por la actualizaci\u00f3n del monto destinado a becas estudiantiles y por la recuperaci\u00f3n de las obras de infraestructura hoy paralizadas.<\/h3>\n<h3>Rechazamos cualquier metodolog\u00eda que promueva la divisi\u00f3n entre universidades y dentro de las universidades. No convalidaremos ning\u00fan intento de divisi\u00f3n, ni priorizaremos nunca ning\u00fan atajo. El Consejo Interuniversitario Nacional (CIN) no resigna lo que cree. No es solo un problema de recursos, es tambi\u00e9n de principios.<\/h3>\n<h3>Reunido en la sede del CIN en la Ciudad Aut\u00f3noma de Buenos Aires, el Comit\u00e9 Ejecutivo resuelve quedar en sesi\u00f3n permanente a la espera de una respuesta urgente a esta solicitud y, si no la hubiera, definir las acciones a seguir en defensa de la Universidad P\u00fablica Argentina\u201d.<\/h3>\n<\/div>\n<\/div>\n<p>&nbsp;<\/p>\n<p>&nbsp;<\/p>\n<\/div>\n<\/div>\n<\/div>\n","protected":false},"excerpt":{"rendered":"<p>\u201cNo aceptamos que existan estudiantes de primera y de segunda\u201d, expres\u00f3 el Consejo Interuniversitario Nacional&#8230;<\/p>\n","protected":false},"author":1,"featured_media":16237,"comment_status":"closed","ping_status":"closed","sticky":false,"template":"","format":"standard","meta":{"footnotes":""},"categories":[5],"tags":[],"class_list":["post-16235","post","type-post","status-publish","format-standard","has-post-thumbnail","hentry","category-nacionales-internacionales"],"yoast_head":"<!-- This site is optimized with the Yoast SEO plugin v26.1.1 - https:\/\/yoast.com\/wordpress\/plugins\/seo\/ -->\n<title>FUERTE MALESTAR DE RECTORES PORQUE EL GOBIERNO ACTUALIZ\u00d3 FONDOS SOLO DE LA UBA Y NO DE TODAS LAS UNIVERSIDADES - Apuntes de San Luis<\/title>\n<meta name=\"robots\" content=\"index, follow, max-snippet:-1, max-image-preview:large, max-video-preview:-1\" \/>\n<link rel=\"canonical\" href=\"https:\/\/apuntesdesanluis.com\/index.php\/2024\/05\/15\/fuerte-malestar-de-rectores-porque-el-gobierno-actualizo-fondos-solo-de-la-uba-y-no-de-todas-las-universidades\/\" \/>\n<meta property=\"og:locale\" content=\"es_ES\" \/>\n<meta property=\"og:type\" content=\"article\" \/>\n<meta property=\"og:title\" content=\"FUERTE MALESTAR DE RECTORES PORQUE EL GOBIERNO ACTUALIZ\u00d3 FONDOS SOLO DE LA UBA Y NO DE TODAS LAS UNIVERSIDADES - Apuntes de San Luis\" \/>\n<meta property=\"og:description\" content=\"\u201cNo aceptamos que existan estudiantes de primera y de segunda\u201d, expres\u00f3 el Consejo Interuniversitario Nacional...\" \/>\n<meta property=\"og:url\" content=\"https:\/\/apuntesdesanluis.com\/index.php\/2024\/05\/15\/fuerte-malestar-de-rectores-porque-el-gobierno-actualizo-fondos-solo-de-la-uba-y-no-de-todas-las-universidades\/\" \/>\n<meta property=\"og:site_name\" content=\"Apuntes de San Luis\" \/>\n<meta property=\"article:published_time\" content=\"2024-05-15T23:14:35+00:00\" \/>\n<meta property=\"article:modified_time\" content=\"2024-05-15T23:15:21+00:00\" \/>\n<meta property=\"og:image\" content=\"https:\/\/apuntesdesanluis.com\/wp-content\/uploads\/2024\/05\/uba.png\" \/>\n\t<meta property=\"og:image:width\" content=\"944\" \/>\n\t<meta property=\"og:image:height\" content=\"554\" \/>\n\t<meta property=\"og:image:type\" content=\"image\/png\" \/>\n<meta name=\"author\" content=\"apuntesdesanluis.com\" \/>\n<meta name=\"twitter:card\" content=\"summary_large_image\" \/>\n<meta name=\"twitter:label1\" content=\"Escrito por\" \/>\n\t<meta name=\"twitter:data1\" content=\"apuntesdesanluis.com\" \/>\n\t<meta name=\"twitter:label2\" content=\"Tiempo de lectura\" \/>\n\t<meta name=\"twitter:data2\" content=\"2 minutos\" \/>\n<script type=\"application\/ld+json\" class=\"yoast-schema-graph\">{\"@context\":\"https:\/\/schema.org\",\"@graph\":[{\"@type\":\"Article\",\"@id\":\"https:\/\/apuntesdesanluis.com\/index.php\/2024\/05\/15\/fuerte-malestar-de-rectores-porque-el-gobierno-actualizo-fondos-solo-de-la-uba-y-no-de-todas-las-universidades\/#article\",\"isPartOf\":{\"@id\":\"https:\/\/apuntesdesanluis.com\/index.php\/2024\/05\/15\/fuerte-malestar-de-rectores-porque-el-gobierno-actualizo-fondos-solo-de-la-uba-y-no-de-todas-las-universidades\/\"},\"author\":{\"name\":\"apuntesdesanluis.com\",\"@id\":\"https:\/\/apuntesdesanluis.com\/#\/schema\/person\/b55151d52296fcce64d1a72538a70b90\"},\"headline\":\"FUERTE MALESTAR DE RECTORES PORQUE EL GOBIERNO ACTUALIZ\u00d3 FONDOS SOLO DE LA UBA Y NO DE TODAS LAS UNIVERSIDADES\",\"datePublished\":\"2024-05-15T23:14:35+00:00\",\"dateModified\":\"2024-05-15T23:15:21+00:00\",\"mainEntityOfPage\":{\"@id\":\"https:\/\/apuntesdesanluis.com\/index.php\/2024\/05\/15\/fuerte-malestar-de-rectores-porque-el-gobierno-actualizo-fondos-solo-de-la-uba-y-no-de-todas-las-universidades\/\"},\"wordCount\":401,\"publisher\":{\"@id\":\"https:\/\/apuntesdesanluis.com\/#\/schema\/person\/b55151d52296fcce64d1a72538a70b90\"},\"image\":{\"@id\":\"https:\/\/apuntesdesanluis.com\/index.php\/2024\/05\/15\/fuerte-malestar-de-rectores-porque-el-gobierno-actualizo-fondos-solo-de-la-uba-y-no-de-todas-las-universidades\/#primaryimage\"},\"thumbnailUrl\":\"https:\/\/apuntesdesanluis.com\/wp-content\/uploads\/2024\/05\/uba.png\",\"articleSection\":[\"Nacionales\/Internacionales\"],\"inLanguage\":\"es-AR\"},{\"@type\":\"WebPage\",\"@id\":\"https:\/\/apuntesdesanluis.com\/index.php\/2024\/05\/15\/fuerte-malestar-de-rectores-porque-el-gobierno-actualizo-fondos-solo-de-la-uba-y-no-de-todas-las-universidades\/\",\"url\":\"https:\/\/apuntesdesanluis.com\/index.php\/2024\/05\/15\/fuerte-malestar-de-rectores-porque-el-gobierno-actualizo-fondos-solo-de-la-uba-y-no-de-todas-las-universidades\/\",\"name\":\"FUERTE MALESTAR DE RECTORES PORQUE EL GOBIERNO ACTUALIZ\u00d3 FONDOS SOLO DE LA UBA Y NO DE TODAS LAS UNIVERSIDADES - Apuntes de San Luis\",\"isPartOf\":{\"@id\":\"https:\/\/apuntesdesanluis.com\/#website\"},\"primaryImageOfPage\":{\"@id\":\"https:\/\/apuntesdesanluis.com\/index.php\/2024\/05\/15\/fuerte-malestar-de-rectores-porque-el-gobierno-actualizo-fondos-solo-de-la-uba-y-no-de-todas-las-universidades\/#primaryimage\"},\"image\":{\"@id\":\"https:\/\/apuntesdesanluis.com\/index.php\/2024\/05\/15\/fuerte-malestar-de-rectores-porque-el-gobierno-actualizo-fondos-solo-de-la-uba-y-no-de-todas-las-universidades\/#primaryimage\"},\"thumbnailUrl\":\"https:\/\/apuntesdesanluis.com\/wp-content\/uploads\/2024\/05\/uba.png\",\"datePublished\":\"2024-05-15T23:14:35+00:00\",\"dateModified\":\"2024-05-15T23:15:21+00:00\",\"breadcrumb\":{\"@id\":\"https:\/\/apuntesdesanluis.com\/index.php\/2024\/05\/15\/fuerte-malestar-de-rectores-porque-el-gobierno-actualizo-fondos-solo-de-la-uba-y-no-de-todas-las-universidades\/#breadcrumb\"},\"inLanguage\":\"es-AR\",\"potentialAction\":[{\"@type\":\"ReadAction\",\"target\":[\"https:\/\/apuntesdesanluis.com\/index.php\/2024\/05\/15\/fuerte-malestar-de-rectores-porque-el-gobierno-actualizo-fondos-solo-de-la-uba-y-no-de-todas-las-universidades\/\"]}]},{\"@type\":\"ImageObject\",\"inLanguage\":\"es-AR\",\"@id\":\"https:\/\/apuntesdesanluis.com\/index.php\/2024\/05\/15\/fuerte-malestar-de-rectores-porque-el-gobierno-actualizo-fondos-solo-de-la-uba-y-no-de-todas-las-universidades\/#primaryimage\",\"url\":\"https:\/\/apuntesdesanluis.com\/wp-content\/uploads\/2024\/05\/uba.png\",\"contentUrl\":\"https:\/\/apuntesdesanluis.com\/wp-content\/uploads\/2024\/05\/uba.png\",\"width\":944,\"height\":554},{\"@type\":\"BreadcrumbList\",\"@id\":\"https:\/\/apuntesdesanluis.com\/index.php\/2024\/05\/15\/fuerte-malestar-de-rectores-porque-el-gobierno-actualizo-fondos-solo-de-la-uba-y-no-de-todas-las-universidades\/#breadcrumb\",\"itemListElement\":[{\"@type\":\"ListItem\",\"position\":1,\"name\":\"Inicio\",\"item\":\"https:\/\/apuntesdesanluis.com\/\"},{\"@type\":\"ListItem\",\"position\":2,\"name\":\"FUERTE MALESTAR DE RECTORES PORQUE EL GOBIERNO ACTUALIZ\u00d3 FONDOS SOLO DE LA UBA Y NO DE TODAS LAS UNIVERSIDADES\"}]},{\"@type\":\"WebSite\",\"@id\":\"https:\/\/apuntesdesanluis.com\/#website\",\"url\":\"https:\/\/apuntesdesanluis.com\/\",\"name\":\"Apuntes de San Luis\",\"description\":\"\",\"publisher\":{\"@id\":\"https:\/\/apuntesdesanluis.com\/#\/schema\/person\/b55151d52296fcce64d1a72538a70b90\"},\"potentialAction\":[{\"@type\":\"SearchAction\",\"target\":{\"@type\":\"EntryPoint\",\"urlTemplate\":\"https:\/\/apuntesdesanluis.com\/?s={search_term_string}\"},\"query-input\":{\"@type\":\"PropertyValueSpecification\",\"valueRequired\":true,\"valueName\":\"search_term_string\"}}],\"inLanguage\":\"es-AR\"},{\"@type\":[\"Person\",\"Organization\"],\"@id\":\"https:\/\/apuntesdesanluis.com\/#\/schema\/person\/b55151d52296fcce64d1a72538a70b90\",\"name\":\"apuntesdesanluis.com\",\"image\":{\"@type\":\"ImageObject\",\"inLanguage\":\"es-AR\",\"@id\":\"https:\/\/apuntesdesanluis.com\/#\/schema\/person\/image\/\",\"url\":\"https:\/\/apuntesdesanluis.com\/wp-content\/uploads\/2023\/07\/cropped-apuntesdesanluis.png\",\"contentUrl\":\"https:\/\/apuntesdesanluis.com\/wp-content\/uploads\/2023\/07\/cropped-apuntesdesanluis.png\",\"width\":450,\"height\":112,\"caption\":\"apuntesdesanluis.com\"},\"logo\":{\"@id\":\"https:\/\/apuntesdesanluis.com\/#\/schema\/person\/image\/\"},\"sameAs\":[\"https:\/\/apuntesdesanluis.com\"],\"url\":\"https:\/\/apuntesdesanluis.com\/index.php\/author\/apuntesdesanluis-com\/\"}]}<\/script>\n<!-- \/ Yoast SEO plugin. -->","yoast_head_json":{"title":"FUERTE MALESTAR DE RECTORES PORQUE EL GOBIERNO ACTUALIZ\u00d3 FONDOS SOLO DE LA UBA Y NO DE TODAS LAS UNIVERSIDADES - Apuntes de San Luis","robots":{"index":"index","follow":"follow","max-snippet":"max-snippet:-1","max-image-preview":"max-image-preview:large","max-video-preview":"max-video-preview:-1"},"canonical":"https:\/\/apuntesdesanluis.com\/index.php\/2024\/05\/15\/fuerte-malestar-de-rectores-porque-el-gobierno-actualizo-fondos-solo-de-la-uba-y-no-de-todas-las-universidades\/","og_locale":"es_ES","og_type":"article","og_title":"FUERTE MALESTAR DE RECTORES PORQUE EL GOBIERNO ACTUALIZ\u00d3 FONDOS SOLO DE LA UBA Y NO DE TODAS LAS UNIVERSIDADES - Apuntes de San Luis","og_description":"\u201cNo aceptamos que existan estudiantes de primera y de segunda\u201d, expres\u00f3 el Consejo Interuniversitario Nacional...","og_url":"https:\/\/apuntesdesanluis.com\/index.php\/2024\/05\/15\/fuerte-malestar-de-rectores-porque-el-gobierno-actualizo-fondos-solo-de-la-uba-y-no-de-todas-las-universidades\/","og_site_name":"Apuntes de San Luis","article_published_time":"2024-05-15T23:14:35+00:00","article_modified_time":"2024-05-15T23:15:21+00:00","og_image":[{"width":944,"height":554,"url":"https:\/\/apuntesdesanluis.com\/wp-content\/uploads\/2024\/05\/uba.png","type":"image\/png"}],"author":"apuntesdesanluis.com","twitter_card":"summary_large_image","twitter_misc":{"Escrito por":"apuntesdesanluis.com","Tiempo de lectura":"2 minutos"},"schema":{"@context":"https:\/\/schema.org","@graph":[{"@type":"Article","@id":"https:\/\/apuntesdesanluis.com\/index.php\/2024\/05\/15\/fuerte-malestar-de-rectores-porque-el-gobierno-actualizo-fondos-solo-de-la-uba-y-no-de-todas-las-universidades\/#article","isPartOf":{"@id":"https:\/\/apuntesdesanluis.com\/index.php\/2024\/05\/15\/fuerte-malestar-de-rectores-porque-el-gobierno-actualizo-fondos-solo-de-la-uba-y-no-de-todas-las-universidades\/"},"author":{"name":"apuntesdesanluis.com","@id":"https:\/\/apuntesdesanluis.com\/#\/schema\/person\/b55151d52296fcce64d1a72538a70b90"},"headline":"FUERTE MALESTAR DE RECTORES PORQUE EL GOBIERNO ACTUALIZ\u00d3 FONDOS SOLO DE LA UBA Y NO DE TODAS LAS UNIVERSIDADES","datePublished":"2024-05-15T23:14:35+00:00","dateModified":"2024-05-15T23:15:21+00:00","mainEntityOfPage":{"@id":"https:\/\/apuntesdesanluis.com\/index.php\/2024\/05\/15\/fuerte-malestar-de-rectores-porque-el-gobierno-actualizo-fondos-solo-de-la-uba-y-no-de-todas-las-universidades\/"},"wordCount":401,"publisher":{"@id":"https:\/\/apuntesdesanluis.com\/#\/schema\/person\/b55151d52296fcce64d1a72538a70b90"},"image":{"@id":"https:\/\/apuntesdesanluis.com\/index.php\/2024\/05\/15\/fuerte-malestar-de-rectores-porque-el-gobierno-actualizo-fondos-solo-de-la-uba-y-no-de-todas-las-universidades\/#primaryimage"},"thumbnailUrl":"https:\/\/apuntesdesanluis.com\/wp-content\/uploads\/2024\/05\/uba.png","articleSection":["Nacionales\/Internacionales"],"inLanguage":"es-AR"},{"@type":"WebPage","@id":"https:\/\/apuntesdesanluis.com\/index.php\/2024\/05\/15\/fuerte-malestar-de-rectores-porque-el-gobierno-actualizo-fondos-solo-de-la-uba-y-no-de-todas-las-universidades\/","url":"https:\/\/apuntesdesanluis.com\/index.php\/2024\/05\/15\/fuerte-malestar-de-rectores-porque-el-gobierno-actualizo-fondos-solo-de-la-uba-y-no-de-todas-las-universidades\/","name":"FUERTE MALESTAR DE RECTORES PORQUE EL GOBIERNO ACTUALIZ\u00d3 FONDOS SOLO DE LA UBA Y NO DE TODAS LAS UNIVERSIDADES - Apuntes de San Luis","isPartOf":{"@id":"https:\/\/apuntesdesanluis.com\/#website"},"primaryImageOfPage":{"@id":"https:\/\/apuntesdesanluis.com\/index.php\/2024\/05\/15\/fuerte-malestar-de-rectores-porque-el-gobierno-actualizo-fondos-solo-de-la-uba-y-no-de-todas-las-universidades\/#primaryimage"},"image":{"@id":"https:\/\/apuntesdesanluis.com\/index.php\/2024\/05\/15\/fuerte-malestar-de-rectores-porque-el-gobierno-actualizo-fondos-solo-de-la-uba-y-no-de-todas-las-universidades\/#primaryimage"},"thumbnailUrl":"https:\/\/apuntesdesanluis.com\/wp-content\/uploads\/2024\/05\/uba.png","datePublished":"2024-05-15T23:14:35+00:00","dateModified":"2024-05-15T23:15:21+00:00","breadcrumb":{"@id":"https:\/\/apuntesdesanluis.com\/index.php\/2024\/05\/15\/fuerte-malestar-de-rectores-porque-el-gobierno-actualizo-fondos-solo-de-la-uba-y-no-de-todas-las-universidades\/#breadcrumb"},"inLanguage":"es-AR","potentialAction":[{"@type":"ReadAction","target":["https:\/\/apuntesdesanluis.com\/index.php\/2024\/05\/15\/fuerte-malestar-de-rectores-porque-el-gobierno-actualizo-fondos-solo-de-la-uba-y-no-de-todas-las-universidades\/"]}]},{"@type":"ImageObject","inLanguage":"es-AR","@id":"https:\/\/apuntesdesanluis.com\/index.php\/2024\/05\/15\/fuerte-malestar-de-rectores-porque-el-gobierno-actualizo-fondos-solo-de-la-uba-y-no-de-todas-las-universidades\/#primaryimage","url":"https:\/\/apuntesdesanluis.com\/wp-content\/uploads\/2024\/05\/uba.png","contentUrl":"https:\/\/apuntesdesanluis.com\/wp-content\/uploads\/2024\/05\/uba.png","width":944,"height":554},{"@type":"BreadcrumbList","@id":"https:\/\/apuntesdesanluis.com\/index.php\/2024\/05\/15\/fuerte-malestar-de-rectores-porque-el-gobierno-actualizo-fondos-solo-de-la-uba-y-no-de-todas-las-universidades\/#breadcrumb","itemListElement":[{"@type":"ListItem","position":1,"name":"Inicio","item":"https:\/\/apuntesdesanluis.com\/"},{"@type":"ListItem","position":2,"name":"FUERTE MALESTAR DE RECTORES PORQUE EL GOBIERNO ACTUALIZ\u00d3 FONDOS SOLO DE LA UBA Y NO DE TODAS LAS UNIVERSIDADES"}]},{"@type":"WebSite","@id":"https:\/\/apuntesdesanluis.com\/#website","url":"https:\/\/apuntesdesanluis.com\/","name":"Apuntes de San Luis","description":"","publisher":{"@id":"https:\/\/apuntesdesanluis.com\/#\/schema\/person\/b55151d52296fcce64d1a72538a70b90"},"potentialAction":[{"@type":"SearchAction","target":{"@type":"EntryPoint","urlTemplate":"https:\/\/apuntesdesanluis.com\/?s={search_term_string}"},"query-input":{"@type":"PropertyValueSpecification","valueRequired":true,"valueName":"search_term_string"}}],"inLanguage":"es-AR"},{"@type":["Person","Organization"],"@id":"https:\/\/apuntesdesanluis.com\/#\/schema\/person\/b55151d52296fcce64d1a72538a70b90","name":"apuntesdesanluis.com","image":{"@type":"ImageObject","inLanguage":"es-AR","@id":"https:\/\/apuntesdesanluis.com\/#\/schema\/person\/image\/","url":"https:\/\/apuntesdesanluis.com\/wp-content\/uploads\/2023\/07\/cropped-apuntesdesanluis.png","contentUrl":"https:\/\/apuntesdesanluis.com\/wp-content\/uploads\/2023\/07\/cropped-apuntesdesanluis.png","width":450,"height":112,"caption":"apuntesdesanluis.com"},"logo":{"@id":"https:\/\/apuntesdesanluis.com\/#\/schema\/person\/image\/"},"sameAs":["https:\/\/apuntesdesanluis.com"],"url":"https:\/\/apuntesdesanluis.com\/index.php\/author\/apuntesdesanluis-com\/"}]}},"featured_image_urls":{"full":["https:\/\/apuntesdesanluis.com\/wp-content\/uploads\/2024\/05\/uba.png",944,554,false],"thumbnail":["https:\/\/apuntesdesanluis.com\/wp-content\/uploads\/2024\/05\/uba-150x150.png",150,150,true],"medium":["https:\/\/apuntesdesanluis.com\/wp-content\/uploads\/2024\/05\/uba-300x176.png",300,176,true],"medium_large":["https:\/\/apuntesdesanluis.com\/wp-content\/uploads\/2024\/05\/uba-768x451.png",640,376,true],"large":["https:\/\/apuntesdesanluis.com\/wp-content\/uploads\/2024\/05\/uba.png",640,376,false],"1536x1536":["https:\/\/apuntesdesanluis.com\/wp-content\/uploads\/2024\/05\/uba.png",944,554,false],"2048x2048":["https:\/\/apuntesdesanluis.com\/wp-content\/uploads\/2024\/05\/uba.png",944,554,false],"newsever-slider-full":["https:\/\/apuntesdesanluis.com\/wp-content\/uploads\/2024\/05\/uba.png",944,554,false],"newsever-featured":["https:\/\/apuntesdesanluis.com\/wp-content\/uploads\/2024\/05\/uba.png",944,554,false],"newsever-medium":["https:\/\/apuntesdesanluis.com\/wp-content\/uploads\/2024\/05\/uba-720x475.png",720,475,true]},"author_info":{"display_name":"apuntesdesanluis.com","author_link":"https:\/\/apuntesdesanluis.com\/index.php\/author\/apuntesdesanluis-com\/"},"category_info":"<a href=\"https:\/\/apuntesdesanluis.com\/index.php\/category\/nacionales-internacionales\/\" rel=\"category tag\">Nacionales\/Internacionales<\/a>","tag_info":"Nacionales\/Internacionales","comment_count":"0","_links":{"self":[{"href":"https:\/\/apuntesdesanluis.com\/index.php\/wp-json\/wp\/v2\/posts\/16235","targetHints":{"allow":["GET"]}}],"collection":[{"href":"https:\/\/apuntesdesanluis.com\/index.php\/wp-json\/wp\/v2\/posts"}],"about":[{"href":"https:\/\/apuntesdesanluis.com\/index.php\/wp-json\/wp\/v2\/types\/post"}],"author":[{"embeddable":true,"href":"https:\/\/apuntesdesanluis.com\/index.php\/wp-json\/wp\/v2\/users\/1"}],"replies":[{"embeddable":true,"href":"https:\/\/apuntesdesanluis.com\/index.php\/wp-json\/wp\/v2\/comments?post=16235"}],"version-history":[{"count":1,"href":"https:\/\/apuntesdesanluis.com\/index.php\/wp-json\/wp\/v2\/posts\/16235\/revisions"}],"predecessor-version":[{"id":16236,"href":"https:\/\/apuntesdesanluis.com\/index.php\/wp-json\/wp\/v2\/posts\/16235\/revisions\/16236"}],"wp:featuredmedia":[{"embeddable":true,"href":"https:\/\/apuntesdesanluis.com\/index.php\/wp-json\/wp\/v2\/media\/16237"}],"wp:attachment":[{"href":"https:\/\/apuntesdesanluis.com\/index.php\/wp-json\/wp\/v2\/media?parent=16235"}],"wp:term":[{"taxonomy":"category","embeddable":true,"href":"https:\/\/apuntesdesanluis.com\/index.php\/wp-json\/wp\/v2\/categories?post=16235"},{"taxonomy":"post_tag","embeddable":true,"href":"https:\/\/apuntesdesanluis.com\/index.php\/wp-json\/wp\/v2\/tags?post=16235"}],"curies":[{"name":"wp","href":"https:\/\/api.w.org\/{rel}","templated":true}]}}