{"id":16241,"date":"2024-05-15T21:05:46","date_gmt":"2024-05-16T00:05:46","guid":{"rendered":"https:\/\/apuntesdesanluis.com\/?p=16241"},"modified":"2024-05-15T21:06:26","modified_gmt":"2024-05-16T00:06:26","slug":"condenaron-a-daractense-a-4-anos-de-prision-efectiva-por-homicidio-culposo","status":"publish","type":"post","link":"https:\/\/apuntesdesanluis.com\/index.php\/2024\/05\/15\/condenaron-a-daractense-a-4-anos-de-prision-efectiva-por-homicidio-culposo\/","title":{"rendered":"CONDENARON A DARACTENSE A 4 A\u00d1OS DE PRISI\u00d3N EFECTIVA POR HOMICIDIO CULPOSO"},"content":{"rendered":"<h3><strong>Bautista Suarez<\/strong> deber\u00e1 cumplir una pena de cuatro a\u00f1os de prisi\u00f3n de cumplimiento efectivo en el Servicio Penitenciario Provincial.<\/h3>\n<h3>Este mi\u00e9rcoles, se dio lectura al veredicto en el marco de un debate oral por el delito de homicidio culposo en accidente de tr\u00e1nsito y que estuvo dirigido por\u00a0 la integraci\u00f3n unipersonal de la Dra. Virna Eguinoa, integrante del Colegio de Jueces de la Segunda Circunscripci\u00f3n Judicial.<\/h3>\n<h3>Suarez fue declarado autor penalmente responsable del delito de homicidio culposo doblemente agravado por darse a la fuga y por conducir con un nivel de alcoholemia por encima de lo permitido (art. 84 bis 2do p\u00e1rrafo y 45 C\u00f3digo Penal) y condenado a la pena de cuatro a\u00f1os de prisi\u00f3n efectiva e inhabilitaci\u00f3n especial para conducir veh\u00edculos por el doble de tiempo de la condena, accesorias legales y costas procesales.<\/h3>\n<h3>Asimismo, se orden\u00f3 el traslado al Servicio Penitenciario Provincial.<\/h3>\n<h3>El acusado fue juzgado por un hecho ocurrido en Justo Daract en agosto del 2022 donde perdi\u00f3 la vida <strong>Joaqu\u00edn Alexis Cabrera<\/strong>.<\/h3>\n<p><img fetchpriority=\"high\" decoding=\"async\" class=\"wp-image-16242 aligncenter\" src=\"https:\/\/apuntesdesanluis.com\/wp-content\/uploads\/2024\/05\/NESTOR-LUCERO-300x178.png\" alt=\"\" width=\"639\" height=\"379\" srcset=\"https:\/\/apuntesdesanluis.com\/wp-content\/uploads\/2024\/05\/NESTOR-LUCERO-300x178.png 300w, https:\/\/apuntesdesanluis.com\/wp-content\/uploads\/2024\/05\/NESTOR-LUCERO.png 744w\" sizes=\"(max-width: 639px) 100vw, 639px\" \/><\/p>\n<h3>En el debate intervinieron como Fiscal de Juicio el Dr. <strong>N\u00e9stor Lucero<\/strong> (foto), en representaci\u00f3n de la querella actu\u00f3 el Dr. Flavio \u00c1vila y como defensores del acusado los Dres. Gustavo Otegui y Juan Manuel D\u00f3mine.<\/h3>\n<h3>Para mayor informaci\u00f3n, ingresar al siguiente enlace:<\/h3>\n<h3><span style=\"color: #3366ff;\"><a style=\"color: #3366ff;\" href=\"https:\/\/www.periodicojudicial.gov.ar\/juicio-por-homicidio-culposo-en-accidente-de-transito-se-desarrollaron-los-alegatos-de-clausura\/\">https:\/\/www.periodicojudicial.gov.ar\/juicio-por-homicidio-culposo-en-accidente-de-transito-se-desarrollaron-los-alegatos-de-clausura\/<\/a><\/span><\/h3>\n<p>&nbsp;<\/p>\n<p>&nbsp;<\/p>\n<p>&nbsp;<\/p>\n<p>&nbsp;<\/p>\n<p>&nbsp;<\/p>\n<p>&nbsp;<\/p>\n<p>&nbsp;<\/p>\n<p>&nbsp;<\/p>\n","protected":false},"excerpt":{"rendered":"<p>Bautista Suarez deber\u00e1 cumplir una pena de cuatro a\u00f1os de prisi\u00f3n de cumplimiento efectivo en&#8230;<\/p>\n","protected":false},"author":1,"featured_media":16243,"comment_status":"closed","ping_status":"closed","sticky":false,"template":"","format":"standard","meta":{"footnotes":""},"categories":[6],"tags":[],"class_list":["post-16241","post","type-post","status-publish","format-standard","has-post-thumbnail","hentry","category-ciudad-provincia"],"yoast_head":"<!-- This site is optimized with the Yoast SEO plugin v26.1.1 - https:\/\/yoast.com\/wordpress\/plugins\/seo\/ -->\n<title>CONDENARON A DARACTENSE A 4 A\u00d1OS DE PRISI\u00d3N EFECTIVA POR HOMICIDIO CULPOSO - Apuntes de San Luis<\/title>\n<meta name=\"robots\" content=\"index, follow, max-snippet:-1, max-image-preview:large, max-video-preview:-1\" \/>\n<link rel=\"canonical\" href=\"https:\/\/apuntesdesanluis.com\/index.php\/2024\/05\/15\/condenaron-a-daractense-a-4-anos-de-prision-efectiva-por-homicidio-culposo\/\" \/>\n<meta property=\"og:locale\" content=\"es_ES\" \/>\n<meta property=\"og:type\" content=\"article\" \/>\n<meta property=\"og:title\" content=\"CONDENARON A DARACTENSE A 4 A\u00d1OS DE PRISI\u00d3N EFECTIVA POR HOMICIDIO CULPOSO - Apuntes de San Luis\" \/>\n<meta property=\"og:description\" content=\"Bautista Suarez deber\u00e1 cumplir una pena de cuatro a\u00f1os de prisi\u00f3n de cumplimiento efectivo en...\" \/>\n<meta property=\"og:url\" content=\"https:\/\/apuntesdesanluis.com\/index.php\/2024\/05\/15\/condenaron-a-daractense-a-4-anos-de-prision-efectiva-por-homicidio-culposo\/\" \/>\n<meta property=\"og:site_name\" content=\"Apuntes de San Luis\" \/>\n<meta property=\"article:published_time\" content=\"2024-05-16T00:05:46+00:00\" \/>\n<meta property=\"article:modified_time\" content=\"2024-05-16T00:06:26+00:00\" \/>\n<meta property=\"og:image\" content=\"https:\/\/apuntesdesanluis.com\/wp-content\/uploads\/2024\/05\/VIRNA-EGUINOA.png\" \/>\n\t<meta property=\"og:image:width\" content=\"600\" \/>\n\t<meta property=\"og:image:height\" content=\"365\" \/>\n\t<meta property=\"og:image:type\" content=\"image\/png\" \/>\n<meta name=\"author\" content=\"apuntesdesanluis.com\" \/>\n<meta name=\"twitter:card\" content=\"summary_large_image\" \/>\n<meta name=\"twitter:label1\" content=\"Escrito por\" \/>\n\t<meta name=\"twitter:data1\" content=\"apuntesdesanluis.com\" \/>\n\t<meta name=\"twitter:label2\" content=\"Tiempo de lectura\" \/>\n\t<meta name=\"twitter:data2\" content=\"2 minutos\" \/>\n<script type=\"application\/ld+json\" class=\"yoast-schema-graph\">{\"@context\":\"https:\/\/schema.org\",\"@graph\":[{\"@type\":\"Article\",\"@id\":\"https:\/\/apuntesdesanluis.com\/index.php\/2024\/05\/15\/condenaron-a-daractense-a-4-anos-de-prision-efectiva-por-homicidio-culposo\/#article\",\"isPartOf\":{\"@id\":\"https:\/\/apuntesdesanluis.com\/index.php\/2024\/05\/15\/condenaron-a-daractense-a-4-anos-de-prision-efectiva-por-homicidio-culposo\/\"},\"author\":{\"name\":\"apuntesdesanluis.com\",\"@id\":\"https:\/\/apuntesdesanluis.com\/#\/schema\/person\/b55151d52296fcce64d1a72538a70b90\"},\"headline\":\"CONDENARON A DARACTENSE A 4 A\u00d1OS DE PRISI\u00d3N EFECTIVA POR HOMICIDIO CULPOSO\",\"datePublished\":\"2024-05-16T00:05:46+00:00\",\"dateModified\":\"2024-05-16T00:06:26+00:00\",\"mainEntityOfPage\":{\"@id\":\"https:\/\/apuntesdesanluis.com\/index.php\/2024\/05\/15\/condenaron-a-daractense-a-4-anos-de-prision-efectiva-por-homicidio-culposo\/\"},\"wordCount\":251,\"publisher\":{\"@id\":\"https:\/\/apuntesdesanluis.com\/#\/schema\/person\/b55151d52296fcce64d1a72538a70b90\"},\"image\":{\"@id\":\"https:\/\/apuntesdesanluis.com\/index.php\/2024\/05\/15\/condenaron-a-daractense-a-4-anos-de-prision-efectiva-por-homicidio-culposo\/#primaryimage\"},\"thumbnailUrl\":\"https:\/\/apuntesdesanluis.com\/wp-content\/uploads\/2024\/05\/VIRNA-EGUINOA.png\",\"articleSection\":[\"Ciudad\/Provincia\"],\"inLanguage\":\"es-AR\"},{\"@type\":\"WebPage\",\"@id\":\"https:\/\/apuntesdesanluis.com\/index.php\/2024\/05\/15\/condenaron-a-daractense-a-4-anos-de-prision-efectiva-por-homicidio-culposo\/\",\"url\":\"https:\/\/apuntesdesanluis.com\/index.php\/2024\/05\/15\/condenaron-a-daractense-a-4-anos-de-prision-efectiva-por-homicidio-culposo\/\",\"name\":\"CONDENARON A DARACTENSE A 4 A\u00d1OS DE PRISI\u00d3N EFECTIVA POR HOMICIDIO CULPOSO - Apuntes de San Luis\",\"isPartOf\":{\"@id\":\"https:\/\/apuntesdesanluis.com\/#website\"},\"primaryImageOfPage\":{\"@id\":\"https:\/\/apuntesdesanluis.com\/index.php\/2024\/05\/15\/condenaron-a-daractense-a-4-anos-de-prision-efectiva-por-homicidio-culposo\/#primaryimage\"},\"image\":{\"@id\":\"https:\/\/apuntesdesanluis.com\/index.php\/2024\/05\/15\/condenaron-a-daractense-a-4-anos-de-prision-efectiva-por-homicidio-culposo\/#primaryimage\"},\"thumbnailUrl\":\"https:\/\/apuntesdesanluis.com\/wp-content\/uploads\/2024\/05\/VIRNA-EGUINOA.png\",\"datePublished\":\"2024-05-16T00:05:46+00:00\",\"dateModified\":\"2024-05-16T00:06:26+00:00\",\"breadcrumb\":{\"@id\":\"https:\/\/apuntesdesanluis.com\/index.php\/2024\/05\/15\/condenaron-a-daractense-a-4-anos-de-prision-efectiva-por-homicidio-culposo\/#breadcrumb\"},\"inLanguage\":\"es-AR\",\"potentialAction\":[{\"@type\":\"ReadAction\",\"target\":[\"https:\/\/apuntesdesanluis.com\/index.php\/2024\/05\/15\/condenaron-a-daractense-a-4-anos-de-prision-efectiva-por-homicidio-culposo\/\"]}]},{\"@type\":\"ImageObject\",\"inLanguage\":\"es-AR\",\"@id\":\"https:\/\/apuntesdesanluis.com\/index.php\/2024\/05\/15\/condenaron-a-daractense-a-4-anos-de-prision-efectiva-por-homicidio-culposo\/#primaryimage\",\"url\":\"https:\/\/apuntesdesanluis.com\/wp-content\/uploads\/2024\/05\/VIRNA-EGUINOA.png\",\"contentUrl\":\"https:\/\/apuntesdesanluis.com\/wp-content\/uploads\/2024\/05\/VIRNA-EGUINOA.png\",\"width\":600,\"height\":365},{\"@type\":\"BreadcrumbList\",\"@id\":\"https:\/\/apuntesdesanluis.com\/index.php\/2024\/05\/15\/condenaron-a-daractense-a-4-anos-de-prision-efectiva-por-homicidio-culposo\/#breadcrumb\",\"itemListElement\":[{\"@type\":\"ListItem\",\"position\":1,\"name\":\"Inicio\",\"item\":\"https:\/\/apuntesdesanluis.com\/\"},{\"@type\":\"ListItem\",\"position\":2,\"name\":\"CONDENARON A DARACTENSE A 4 A\u00d1OS DE PRISI\u00d3N EFECTIVA POR HOMICIDIO CULPOSO\"}]},{\"@type\":\"WebSite\",\"@id\":\"https:\/\/apuntesdesanluis.com\/#website\",\"url\":\"https:\/\/apuntesdesanluis.com\/\",\"name\":\"Apuntes de San Luis\",\"description\":\"\",\"publisher\":{\"@id\":\"https:\/\/apuntesdesanluis.com\/#\/schema\/person\/b55151d52296fcce64d1a72538a70b90\"},\"potentialAction\":[{\"@type\":\"SearchAction\",\"target\":{\"@type\":\"EntryPoint\",\"urlTemplate\":\"https:\/\/apuntesdesanluis.com\/?s={search_term_string}\"},\"query-input\":{\"@type\":\"PropertyValueSpecification\",\"valueRequired\":true,\"valueName\":\"search_term_string\"}}],\"inLanguage\":\"es-AR\"},{\"@type\":[\"Person\",\"Organization\"],\"@id\":\"https:\/\/apuntesdesanluis.com\/#\/schema\/person\/b55151d52296fcce64d1a72538a70b90\",\"name\":\"apuntesdesanluis.com\",\"image\":{\"@type\":\"ImageObject\",\"inLanguage\":\"es-AR\",\"@id\":\"https:\/\/apuntesdesanluis.com\/#\/schema\/person\/image\/\",\"url\":\"https:\/\/apuntesdesanluis.com\/wp-content\/uploads\/2023\/07\/cropped-apuntesdesanluis.png\",\"contentUrl\":\"https:\/\/apuntesdesanluis.com\/wp-content\/uploads\/2023\/07\/cropped-apuntesdesanluis.png\",\"width\":450,\"height\":112,\"caption\":\"apuntesdesanluis.com\"},\"logo\":{\"@id\":\"https:\/\/apuntesdesanluis.com\/#\/schema\/person\/image\/\"},\"sameAs\":[\"https:\/\/apuntesdesanluis.com\"],\"url\":\"https:\/\/apuntesdesanluis.com\/index.php\/author\/apuntesdesanluis-com\/\"}]}<\/script>\n<!-- \/ Yoast SEO plugin. -->","yoast_head_json":{"title":"CONDENARON A DARACTENSE A 4 A\u00d1OS DE PRISI\u00d3N EFECTIVA POR HOMICIDIO CULPOSO - Apuntes de San Luis","robots":{"index":"index","follow":"follow","max-snippet":"max-snippet:-1","max-image-preview":"max-image-preview:large","max-video-preview":"max-video-preview:-1"},"canonical":"https:\/\/apuntesdesanluis.com\/index.php\/2024\/05\/15\/condenaron-a-daractense-a-4-anos-de-prision-efectiva-por-homicidio-culposo\/","og_locale":"es_ES","og_type":"article","og_title":"CONDENARON A DARACTENSE A 4 A\u00d1OS DE PRISI\u00d3N EFECTIVA POR HOMICIDIO CULPOSO - Apuntes de San Luis","og_description":"Bautista Suarez deber\u00e1 cumplir una pena de cuatro a\u00f1os de prisi\u00f3n de cumplimiento efectivo en...","og_url":"https:\/\/apuntesdesanluis.com\/index.php\/2024\/05\/15\/condenaron-a-daractense-a-4-anos-de-prision-efectiva-por-homicidio-culposo\/","og_site_name":"Apuntes de San Luis","article_published_time":"2024-05-16T00:05:46+00:00","article_modified_time":"2024-05-16T00:06:26+00:00","og_image":[{"width":600,"height":365,"url":"https:\/\/apuntesdesanluis.com\/wp-content\/uploads\/2024\/05\/VIRNA-EGUINOA.png","type":"image\/png"}],"author":"apuntesdesanluis.com","twitter_card":"summary_large_image","twitter_misc":{"Escrito por":"apuntesdesanluis.com","Tiempo de lectura":"2 minutos"},"schema":{"@context":"https:\/\/schema.org","@graph":[{"@type":"Article","@id":"https:\/\/apuntesdesanluis.com\/index.php\/2024\/05\/15\/condenaron-a-daractense-a-4-anos-de-prision-efectiva-por-homicidio-culposo\/#article","isPartOf":{"@id":"https:\/\/apuntesdesanluis.com\/index.php\/2024\/05\/15\/condenaron-a-daractense-a-4-anos-de-prision-efectiva-por-homicidio-culposo\/"},"author":{"name":"apuntesdesanluis.com","@id":"https:\/\/apuntesdesanluis.com\/#\/schema\/person\/b55151d52296fcce64d1a72538a70b90"},"headline":"CONDENARON A DARACTENSE A 4 A\u00d1OS DE PRISI\u00d3N EFECTIVA POR HOMICIDIO CULPOSO","datePublished":"2024-05-16T00:05:46+00:00","dateModified":"2024-05-16T00:06:26+00:00","mainEntityOfPage":{"@id":"https:\/\/apuntesdesanluis.com\/index.php\/2024\/05\/15\/condenaron-a-daractense-a-4-anos-de-prision-efectiva-por-homicidio-culposo\/"},"wordCount":251,"publisher":{"@id":"https:\/\/apuntesdesanluis.com\/#\/schema\/person\/b55151d52296fcce64d1a72538a70b90"},"image":{"@id":"https:\/\/apuntesdesanluis.com\/index.php\/2024\/05\/15\/condenaron-a-daractense-a-4-anos-de-prision-efectiva-por-homicidio-culposo\/#primaryimage"},"thumbnailUrl":"https:\/\/apuntesdesanluis.com\/wp-content\/uploads\/2024\/05\/VIRNA-EGUINOA.png","articleSection":["Ciudad\/Provincia"],"inLanguage":"es-AR"},{"@type":"WebPage","@id":"https:\/\/apuntesdesanluis.com\/index.php\/2024\/05\/15\/condenaron-a-daractense-a-4-anos-de-prision-efectiva-por-homicidio-culposo\/","url":"https:\/\/apuntesdesanluis.com\/index.php\/2024\/05\/15\/condenaron-a-daractense-a-4-anos-de-prision-efectiva-por-homicidio-culposo\/","name":"CONDENARON A DARACTENSE A 4 A\u00d1OS DE PRISI\u00d3N EFECTIVA POR HOMICIDIO CULPOSO - Apuntes de San Luis","isPartOf":{"@id":"https:\/\/apuntesdesanluis.com\/#website"},"primaryImageOfPage":{"@id":"https:\/\/apuntesdesanluis.com\/index.php\/2024\/05\/15\/condenaron-a-daractense-a-4-anos-de-prision-efectiva-por-homicidio-culposo\/#primaryimage"},"image":{"@id":"https:\/\/apuntesdesanluis.com\/index.php\/2024\/05\/15\/condenaron-a-daractense-a-4-anos-de-prision-efectiva-por-homicidio-culposo\/#primaryimage"},"thumbnailUrl":"https:\/\/apuntesdesanluis.com\/wp-content\/uploads\/2024\/05\/VIRNA-EGUINOA.png","datePublished":"2024-05-16T00:05:46+00:00","dateModified":"2024-05-16T00:06:26+00:00","breadcrumb":{"@id":"https:\/\/apuntesdesanluis.com\/index.php\/2024\/05\/15\/condenaron-a-daractense-a-4-anos-de-prision-efectiva-por-homicidio-culposo\/#breadcrumb"},"inLanguage":"es-AR","potentialAction":[{"@type":"ReadAction","target":["https:\/\/apuntesdesanluis.com\/index.php\/2024\/05\/15\/condenaron-a-daractense-a-4-anos-de-prision-efectiva-por-homicidio-culposo\/"]}]},{"@type":"ImageObject","inLanguage":"es-AR","@id":"https:\/\/apuntesdesanluis.com\/index.php\/2024\/05\/15\/condenaron-a-daractense-a-4-anos-de-prision-efectiva-por-homicidio-culposo\/#primaryimage","url":"https:\/\/apuntesdesanluis.com\/wp-content\/uploads\/2024\/05\/VIRNA-EGUINOA.png","contentUrl":"https:\/\/apuntesdesanluis.com\/wp-content\/uploads\/2024\/05\/VIRNA-EGUINOA.png","width":600,"height":365},{"@type":"BreadcrumbList","@id":"https:\/\/apuntesdesanluis.com\/index.php\/2024\/05\/15\/condenaron-a-daractense-a-4-anos-de-prision-efectiva-por-homicidio-culposo\/#breadcrumb","itemListElement":[{"@type":"ListItem","position":1,"name":"Inicio","item":"https:\/\/apuntesdesanluis.com\/"},{"@type":"ListItem","position":2,"name":"CONDENARON A DARACTENSE A 4 A\u00d1OS DE PRISI\u00d3N EFECTIVA POR HOMICIDIO CULPOSO"}]},{"@type":"WebSite","@id":"https:\/\/apuntesdesanluis.com\/#website","url":"https:\/\/apuntesdesanluis.com\/","name":"Apuntes de San Luis","description":"","publisher":{"@id":"https:\/\/apuntesdesanluis.com\/#\/schema\/person\/b55151d52296fcce64d1a72538a70b90"},"potentialAction":[{"@type":"SearchAction","target":{"@type":"EntryPoint","urlTemplate":"https:\/\/apuntesdesanluis.com\/?s={search_term_string}"},"query-input":{"@type":"PropertyValueSpecification","valueRequired":true,"valueName":"search_term_string"}}],"inLanguage":"es-AR"},{"@type":["Person","Organization"],"@id":"https:\/\/apuntesdesanluis.com\/#\/schema\/person\/b55151d52296fcce64d1a72538a70b90","name":"apuntesdesanluis.com","image":{"@type":"ImageObject","inLanguage":"es-AR","@id":"https:\/\/apuntesdesanluis.com\/#\/schema\/person\/image\/","url":"https:\/\/apuntesdesanluis.com\/wp-content\/uploads\/2023\/07\/cropped-apuntesdesanluis.png","contentUrl":"https:\/\/apuntesdesanluis.com\/wp-content\/uploads\/2023\/07\/cropped-apuntesdesanluis.png","width":450,"height":112,"caption":"apuntesdesanluis.com"},"logo":{"@id":"https:\/\/apuntesdesanluis.com\/#\/schema\/person\/image\/"},"sameAs":["https:\/\/apuntesdesanluis.com"],"url":"https:\/\/apuntesdesanluis.com\/index.php\/author\/apuntesdesanluis-com\/"}]}},"featured_image_urls":{"full":["https:\/\/apuntesdesanluis.com\/wp-content\/uploads\/2024\/05\/VIRNA-EGUINOA.png",600,365,false],"thumbnail":["https:\/\/apuntesdesanluis.com\/wp-content\/uploads\/2024\/05\/VIRNA-EGUINOA-150x150.png",150,150,true],"medium":["https:\/\/apuntesdesanluis.com\/wp-content\/uploads\/2024\/05\/VIRNA-EGUINOA-300x183.png",300,183,true],"medium_large":["https:\/\/apuntesdesanluis.com\/wp-content\/uploads\/2024\/05\/VIRNA-EGUINOA.png",600,365,false],"large":["https:\/\/apuntesdesanluis.com\/wp-content\/uploads\/2024\/05\/VIRNA-EGUINOA.png",600,365,false],"1536x1536":["https:\/\/apuntesdesanluis.com\/wp-content\/uploads\/2024\/05\/VIRNA-EGUINOA.png",600,365,false],"2048x2048":["https:\/\/apuntesdesanluis.com\/wp-content\/uploads\/2024\/05\/VIRNA-EGUINOA.png",600,365,false],"newsever-slider-full":["https:\/\/apuntesdesanluis.com\/wp-content\/uploads\/2024\/05\/VIRNA-EGUINOA.png",600,365,false],"newsever-featured":["https:\/\/apuntesdesanluis.com\/wp-content\/uploads\/2024\/05\/VIRNA-EGUINOA.png",600,365,false],"newsever-medium":["https:\/\/apuntesdesanluis.com\/wp-content\/uploads\/2024\/05\/VIRNA-EGUINOA.png",600,365,false]},"author_info":{"display_name":"apuntesdesanluis.com","author_link":"https:\/\/apuntesdesanluis.com\/index.php\/author\/apuntesdesanluis-com\/"},"category_info":"<a href=\"https:\/\/apuntesdesanluis.com\/index.php\/category\/ciudad-provincia\/\" rel=\"category tag\">Ciudad\/Provincia<\/a>","tag_info":"Ciudad\/Provincia","comment_count":"0","_links":{"self":[{"href":"https:\/\/apuntesdesanluis.com\/index.php\/wp-json\/wp\/v2\/posts\/16241","targetHints":{"allow":["GET"]}}],"collection":[{"href":"https:\/\/apuntesdesanluis.com\/index.php\/wp-json\/wp\/v2\/posts"}],"about":[{"href":"https:\/\/apuntesdesanluis.com\/index.php\/wp-json\/wp\/v2\/types\/post"}],"author":[{"embeddable":true,"href":"https:\/\/apuntesdesanluis.com\/index.php\/wp-json\/wp\/v2\/users\/1"}],"replies":[{"embeddable":true,"href":"https:\/\/apuntesdesanluis.com\/index.php\/wp-json\/wp\/v2\/comments?post=16241"}],"version-history":[{"count":2,"href":"https:\/\/apuntesdesanluis.com\/index.php\/wp-json\/wp\/v2\/posts\/16241\/revisions"}],"predecessor-version":[{"id":16245,"href":"https:\/\/apuntesdesanluis.com\/index.php\/wp-json\/wp\/v2\/posts\/16241\/revisions\/16245"}],"wp:featuredmedia":[{"embeddable":true,"href":"https:\/\/apuntesdesanluis.com\/index.php\/wp-json\/wp\/v2\/media\/16243"}],"wp:attachment":[{"href":"https:\/\/apuntesdesanluis.com\/index.php\/wp-json\/wp\/v2\/media?parent=16241"}],"wp:term":[{"taxonomy":"category","embeddable":true,"href":"https:\/\/apuntesdesanluis.com\/index.php\/wp-json\/wp\/v2\/categories?post=16241"},{"taxonomy":"post_tag","embeddable":true,"href":"https:\/\/apuntesdesanluis.com\/index.php\/wp-json\/wp\/v2\/tags?post=16241"}],"curies":[{"name":"wp","href":"https:\/\/api.w.org\/{rel}","templated":true}]}}