{"id":16246,"date":"2024-05-15T21:30:36","date_gmt":"2024-05-16T00:30:36","guid":{"rendered":"https:\/\/apuntesdesanluis.com\/?p=16246"},"modified":"2024-05-15T21:30:36","modified_gmt":"2024-05-16T00:30:36","slug":"prision-perpetua-para-la-mujer-que-provoco-un-incendio-en-el-que-murio-su-hija","status":"publish","type":"post","link":"https:\/\/apuntesdesanluis.com\/index.php\/2024\/05\/15\/prision-perpetua-para-la-mujer-que-provoco-un-incendio-en-el-que-murio-su-hija\/","title":{"rendered":"PRISI\u00d3N PERPETUA PARA LA MUJER QUE PROVOC\u00d3 UN INCENDIO EN EL QUE MURI\u00d3 SU HIJA"},"content":{"rendered":"<h3>Deber\u00e1 cumplir la condena en el Servicio Penitenciario Provincial.<\/h3>\n<h3>El tribunal integrado por el Dr. Sebasti\u00e1n Cadelago Filippi \u2013 Presidente \u2013; el Dr. Mauro D`Agata Henr\u00edquez y la Dra.\u00a0 Virna Eguinoa \u2013 Vocales \u2013 dio a conocer este mi\u00e9rcoles el veredicto de pena en el juicio donde se juzg\u00f3 a una mujer por un hecho ocurrido el 12 de marzo del 2023, donde perdi\u00f3 la vida Abril Fern\u00e1ndez, una ni\u00f1a de 11 a\u00f1os.<\/h3>\n<h3>Ayer martes, los jueces resolvieron declarar a Sonia Lara como autora penalmente responsable del delito de homicidio calificado por el v\u00ednculo y por alevos\u00eda en perjuicio de Abril Fern\u00e1ndez (Ver aqu\u00ed: <span style=\"color: #3366ff;\"><a style=\"color: #3366ff;\" href=\"https:\/\/www.periodicojudicial.gov.ar\/caso-incendio-bo-la-ribera-delcararon-culpable-a-la-acusada\/\">https:\/\/www.periodicojudicial.gov.ar\/caso-incendio-bo-la-ribera-delcararon-culpable-a-la-acusada\/<\/a><\/span>).<\/h3>\n<h3>Fue condenada a prisi\u00f3n perpetua y deber\u00e1 cumplir la condena en el Servicio Penitenciario Provincial, asimismo ordenaron que se adopten las medidas para garantizar la salud psicof\u00edsica y la continuidad del tratamiento m\u00e9dico.<\/h3>\n<h3>Antes de emitir el veredicto de pena, se realiz\u00f3 la audiencia de cesura en donde el Dr. N\u00e9stor Lucero \u2013Fiscal de Juicio- solicit\u00f3 conforme a la declaraci\u00f3n de responsabilidad, se le aplique la pena de prisi\u00f3n perpetua y que se cumpla conforme la Ley 24.660 (Ley de Ejecuci\u00f3n de pena privativa de la libertad).<\/h3>\n<p><img fetchpriority=\"high\" decoding=\"async\" class=\"wp-image-16247 aligncenter\" src=\"https:\/\/apuntesdesanluis.com\/wp-content\/uploads\/2024\/05\/TRIBUNAL-1-300x161.png\" alt=\"\" width=\"652\" height=\"350\" srcset=\"https:\/\/apuntesdesanluis.com\/wp-content\/uploads\/2024\/05\/TRIBUNAL-1-300x161.png 300w, https:\/\/apuntesdesanluis.com\/wp-content\/uploads\/2024\/05\/TRIBUNAL-1-768x413.png 768w, https:\/\/apuntesdesanluis.com\/wp-content\/uploads\/2024\/05\/TRIBUNAL-1.png 865w\" sizes=\"(max-width: 652px) 100vw, 652px\" \/><\/p>\n<h3>La Dra. Laura Rodr\u00edguez \u2013representante del particular damnificado- adhiri\u00f3 a lo solicitado por el fiscal.<\/h3>\n<h3>El Dr. Valent\u00edn Rivadera \u2013defensor de la acusada- pidi\u00f3 que la modalidad de cumplimiento inter se tramite el recurso de casaci\u00f3n sea de condici\u00f3n domiciliaria. En sus argumentos mencion\u00f3 la salud psicol\u00f3gica y psiqui\u00e1trica de la acusada y el riesgo que existe de que atente contra su propia vida. En esta oportunidad, ofreci\u00f3 prueba (informes m\u00e9dicos, esquema de mediaci\u00f3n, etc).<\/h3>\n<h3>Dijo que es de relevancia que contin\u00fae con la prisi\u00f3n domiciliaria y con acompa\u00f1amiento y contenci\u00f3n familiar.<\/h3>\n<h3>En relaci\u00f3n a la solicitud de prisi\u00f3n domiciliaria, el fiscal de juicio se opuso y expres\u00f3 que no corresponde hacer lugar a lo peticionado.<\/h3>\n<h3>Dijo que la acusada tuvo la aptitud psicol\u00f3gica y psiqui\u00e1trica para someterse a debate y conoc\u00eda las consecuencias, agreg\u00f3 que el tr\u00e1mite del recurso de casaci\u00f3n no es un fundamento para solicitar la condici\u00f3n de la pena.<\/h3>\n<h3>La representante del particular damnificado adhiri\u00f3 a la fiscal\u00eda y mencion\u00f3 que la salud mental y de ideas suicidas est\u00e1n contrarrestados por los peritos. Dijo que no hay elementos para brindar una prisi\u00f3n domiciliaria y que este pedido no encuadra en los supuestos y requisitos establecidos en el c\u00f3digo. \u201cSi ya est\u00e1 sacado de tela de juicio la posibilidad de comprensi\u00f3n de los actos de la se\u00f1ora en el proceso y sus consecuencias, no entendemos porque ahora, que result\u00f3 culpable de homicidio, le tenemos que dar un lugar de victimizaci\u00f3n a la se\u00f1ora cuando la v\u00edctima fue Abril Fern\u00e1ndez\u201d, manifest\u00f3 la Dra. Rodr\u00edguez.<\/h3>\n<h3>Al momento de la lectura del veredicto, estuvo presente el Dr. Maximiliano Bazla en representaci\u00f3n del Ministerio P\u00fablico Fiscal.<\/h3>\n<h3>Para obtener m\u00e1s informaci\u00f3n sobre esta causa ingrese a los siguientes enlaces:<\/h3>\n<h3><span style=\"color: #3366ff;\"><a style=\"color: #3366ff;\" href=\"https:\/\/www.periodicojudicial.gov.ar\/caso-incendio-bo-la-ribera-el-tribunal-recepciono-los-alegatos\/\">https:\/\/www.periodicojudicial.gov.ar\/caso-incendio-bo-la-ribera-el-tribunal-recepciono-los-alegatos\/<\/a><\/span><\/h3>\n<p>&nbsp;<\/p>\n<p>&nbsp;<\/p>\n<p>&nbsp;<\/p>\n<h3><\/h3>\n<h3><\/h3>\n<h3><\/h3>\n","protected":false},"excerpt":{"rendered":"<p>Deber\u00e1 cumplir la condena en el Servicio Penitenciario Provincial. El tribunal integrado por el Dr&#8230;.<\/p>\n","protected":false},"author":1,"featured_media":16135,"comment_status":"closed","ping_status":"closed","sticky":false,"template":"","format":"standard","meta":{"footnotes":""},"categories":[6],"tags":[],"class_list":["post-16246","post","type-post","status-publish","format-standard","has-post-thumbnail","hentry","category-ciudad-provincia"],"yoast_head":"<!-- This site is optimized with the Yoast SEO plugin v26.1.1 - https:\/\/yoast.com\/wordpress\/plugins\/seo\/ -->\n<title>PRISI\u00d3N PERPETUA PARA LA MUJER QUE PROVOC\u00d3 UN INCENDIO EN EL QUE MURI\u00d3 SU HIJA - Apuntes de San Luis<\/title>\n<meta name=\"robots\" content=\"index, follow, max-snippet:-1, max-image-preview:large, max-video-preview:-1\" \/>\n<link rel=\"canonical\" href=\"https:\/\/apuntesdesanluis.com\/index.php\/2024\/05\/15\/prision-perpetua-para-la-mujer-que-provoco-un-incendio-en-el-que-murio-su-hija\/\" \/>\n<meta property=\"og:locale\" content=\"es_ES\" \/>\n<meta property=\"og:type\" content=\"article\" \/>\n<meta property=\"og:title\" content=\"PRISI\u00d3N PERPETUA PARA LA MUJER QUE PROVOC\u00d3 UN INCENDIO EN EL QUE MURI\u00d3 SU HIJA - Apuntes de San Luis\" \/>\n<meta property=\"og:description\" content=\"Deber\u00e1 cumplir la condena en el Servicio Penitenciario Provincial. El tribunal integrado por el Dr....\" \/>\n<meta property=\"og:url\" content=\"https:\/\/apuntesdesanluis.com\/index.php\/2024\/05\/15\/prision-perpetua-para-la-mujer-que-provoco-un-incendio-en-el-que-murio-su-hija\/\" \/>\n<meta property=\"og:site_name\" content=\"Apuntes de San Luis\" \/>\n<meta property=\"article:published_time\" content=\"2024-05-16T00:30:36+00:00\" \/>\n<meta property=\"og:image\" content=\"https:\/\/apuntesdesanluis.com\/wp-content\/uploads\/2024\/05\/CASA-INCENDIO.png\" \/>\n\t<meta property=\"og:image:width\" content=\"600\" \/>\n\t<meta property=\"og:image:height\" content=\"349\" \/>\n\t<meta property=\"og:image:type\" content=\"image\/png\" \/>\n<meta name=\"author\" content=\"apuntesdesanluis.com\" \/>\n<meta name=\"twitter:card\" content=\"summary_large_image\" \/>\n<meta name=\"twitter:label1\" content=\"Escrito por\" \/>\n\t<meta name=\"twitter:data1\" content=\"apuntesdesanluis.com\" \/>\n\t<meta name=\"twitter:label2\" content=\"Tiempo de lectura\" \/>\n\t<meta name=\"twitter:data2\" content=\"3 minutos\" \/>\n<script type=\"application\/ld+json\" class=\"yoast-schema-graph\">{\"@context\":\"https:\/\/schema.org\",\"@graph\":[{\"@type\":\"Article\",\"@id\":\"https:\/\/apuntesdesanluis.com\/index.php\/2024\/05\/15\/prision-perpetua-para-la-mujer-que-provoco-un-incendio-en-el-que-murio-su-hija\/#article\",\"isPartOf\":{\"@id\":\"https:\/\/apuntesdesanluis.com\/index.php\/2024\/05\/15\/prision-perpetua-para-la-mujer-que-provoco-un-incendio-en-el-que-murio-su-hija\/\"},\"author\":{\"name\":\"apuntesdesanluis.com\",\"@id\":\"https:\/\/apuntesdesanluis.com\/#\/schema\/person\/b55151d52296fcce64d1a72538a70b90\"},\"headline\":\"PRISI\u00d3N PERPETUA PARA LA MUJER QUE PROVOC\u00d3 UN INCENDIO EN EL QUE MURI\u00d3 SU HIJA\",\"datePublished\":\"2024-05-16T00:30:36+00:00\",\"mainEntityOfPage\":{\"@id\":\"https:\/\/apuntesdesanluis.com\/index.php\/2024\/05\/15\/prision-perpetua-para-la-mujer-que-provoco-un-incendio-en-el-que-murio-su-hija\/\"},\"wordCount\":553,\"publisher\":{\"@id\":\"https:\/\/apuntesdesanluis.com\/#\/schema\/person\/b55151d52296fcce64d1a72538a70b90\"},\"image\":{\"@id\":\"https:\/\/apuntesdesanluis.com\/index.php\/2024\/05\/15\/prision-perpetua-para-la-mujer-que-provoco-un-incendio-en-el-que-murio-su-hija\/#primaryimage\"},\"thumbnailUrl\":\"https:\/\/apuntesdesanluis.com\/wp-content\/uploads\/2024\/05\/CASA-INCENDIO.png\",\"articleSection\":[\"Ciudad\/Provincia\"],\"inLanguage\":\"es-AR\"},{\"@type\":\"WebPage\",\"@id\":\"https:\/\/apuntesdesanluis.com\/index.php\/2024\/05\/15\/prision-perpetua-para-la-mujer-que-provoco-un-incendio-en-el-que-murio-su-hija\/\",\"url\":\"https:\/\/apuntesdesanluis.com\/index.php\/2024\/05\/15\/prision-perpetua-para-la-mujer-que-provoco-un-incendio-en-el-que-murio-su-hija\/\",\"name\":\"PRISI\u00d3N PERPETUA PARA LA MUJER QUE PROVOC\u00d3 UN INCENDIO EN EL QUE MURI\u00d3 SU HIJA - Apuntes de San Luis\",\"isPartOf\":{\"@id\":\"https:\/\/apuntesdesanluis.com\/#website\"},\"primaryImageOfPage\":{\"@id\":\"https:\/\/apuntesdesanluis.com\/index.php\/2024\/05\/15\/prision-perpetua-para-la-mujer-que-provoco-un-incendio-en-el-que-murio-su-hija\/#primaryimage\"},\"image\":{\"@id\":\"https:\/\/apuntesdesanluis.com\/index.php\/2024\/05\/15\/prision-perpetua-para-la-mujer-que-provoco-un-incendio-en-el-que-murio-su-hija\/#primaryimage\"},\"thumbnailUrl\":\"https:\/\/apuntesdesanluis.com\/wp-content\/uploads\/2024\/05\/CASA-INCENDIO.png\",\"datePublished\":\"2024-05-16T00:30:36+00:00\",\"breadcrumb\":{\"@id\":\"https:\/\/apuntesdesanluis.com\/index.php\/2024\/05\/15\/prision-perpetua-para-la-mujer-que-provoco-un-incendio-en-el-que-murio-su-hija\/#breadcrumb\"},\"inLanguage\":\"es-AR\",\"potentialAction\":[{\"@type\":\"ReadAction\",\"target\":[\"https:\/\/apuntesdesanluis.com\/index.php\/2024\/05\/15\/prision-perpetua-para-la-mujer-que-provoco-un-incendio-en-el-que-murio-su-hija\/\"]}]},{\"@type\":\"ImageObject\",\"inLanguage\":\"es-AR\",\"@id\":\"https:\/\/apuntesdesanluis.com\/index.php\/2024\/05\/15\/prision-perpetua-para-la-mujer-que-provoco-un-incendio-en-el-que-murio-su-hija\/#primaryimage\",\"url\":\"https:\/\/apuntesdesanluis.com\/wp-content\/uploads\/2024\/05\/CASA-INCENDIO.png\",\"contentUrl\":\"https:\/\/apuntesdesanluis.com\/wp-content\/uploads\/2024\/05\/CASA-INCENDIO.png\",\"width\":600,\"height\":349},{\"@type\":\"BreadcrumbList\",\"@id\":\"https:\/\/apuntesdesanluis.com\/index.php\/2024\/05\/15\/prision-perpetua-para-la-mujer-que-provoco-un-incendio-en-el-que-murio-su-hija\/#breadcrumb\",\"itemListElement\":[{\"@type\":\"ListItem\",\"position\":1,\"name\":\"Inicio\",\"item\":\"https:\/\/apuntesdesanluis.com\/\"},{\"@type\":\"ListItem\",\"position\":2,\"name\":\"PRISI\u00d3N PERPETUA PARA LA MUJER QUE PROVOC\u00d3 UN INCENDIO EN EL QUE MURI\u00d3 SU HIJA\"}]},{\"@type\":\"WebSite\",\"@id\":\"https:\/\/apuntesdesanluis.com\/#website\",\"url\":\"https:\/\/apuntesdesanluis.com\/\",\"name\":\"Apuntes de San Luis\",\"description\":\"\",\"publisher\":{\"@id\":\"https:\/\/apuntesdesanluis.com\/#\/schema\/person\/b55151d52296fcce64d1a72538a70b90\"},\"potentialAction\":[{\"@type\":\"SearchAction\",\"target\":{\"@type\":\"EntryPoint\",\"urlTemplate\":\"https:\/\/apuntesdesanluis.com\/?s={search_term_string}\"},\"query-input\":{\"@type\":\"PropertyValueSpecification\",\"valueRequired\":true,\"valueName\":\"search_term_string\"}}],\"inLanguage\":\"es-AR\"},{\"@type\":[\"Person\",\"Organization\"],\"@id\":\"https:\/\/apuntesdesanluis.com\/#\/schema\/person\/b55151d52296fcce64d1a72538a70b90\",\"name\":\"apuntesdesanluis.com\",\"image\":{\"@type\":\"ImageObject\",\"inLanguage\":\"es-AR\",\"@id\":\"https:\/\/apuntesdesanluis.com\/#\/schema\/person\/image\/\",\"url\":\"https:\/\/apuntesdesanluis.com\/wp-content\/uploads\/2023\/07\/cropped-apuntesdesanluis.png\",\"contentUrl\":\"https:\/\/apuntesdesanluis.com\/wp-content\/uploads\/2023\/07\/cropped-apuntesdesanluis.png\",\"width\":450,\"height\":112,\"caption\":\"apuntesdesanluis.com\"},\"logo\":{\"@id\":\"https:\/\/apuntesdesanluis.com\/#\/schema\/person\/image\/\"},\"sameAs\":[\"https:\/\/apuntesdesanluis.com\"],\"url\":\"https:\/\/apuntesdesanluis.com\/index.php\/author\/apuntesdesanluis-com\/\"}]}<\/script>\n<!-- \/ Yoast SEO plugin. -->","yoast_head_json":{"title":"PRISI\u00d3N PERPETUA PARA LA MUJER QUE PROVOC\u00d3 UN INCENDIO EN EL QUE MURI\u00d3 SU HIJA - Apuntes de San Luis","robots":{"index":"index","follow":"follow","max-snippet":"max-snippet:-1","max-image-preview":"max-image-preview:large","max-video-preview":"max-video-preview:-1"},"canonical":"https:\/\/apuntesdesanluis.com\/index.php\/2024\/05\/15\/prision-perpetua-para-la-mujer-que-provoco-un-incendio-en-el-que-murio-su-hija\/","og_locale":"es_ES","og_type":"article","og_title":"PRISI\u00d3N PERPETUA PARA LA MUJER QUE PROVOC\u00d3 UN INCENDIO EN EL QUE MURI\u00d3 SU HIJA - Apuntes de San Luis","og_description":"Deber\u00e1 cumplir la condena en el Servicio Penitenciario Provincial. El tribunal integrado por el Dr....","og_url":"https:\/\/apuntesdesanluis.com\/index.php\/2024\/05\/15\/prision-perpetua-para-la-mujer-que-provoco-un-incendio-en-el-que-murio-su-hija\/","og_site_name":"Apuntes de San Luis","article_published_time":"2024-05-16T00:30:36+00:00","og_image":[{"width":600,"height":349,"url":"https:\/\/apuntesdesanluis.com\/wp-content\/uploads\/2024\/05\/CASA-INCENDIO.png","type":"image\/png"}],"author":"apuntesdesanluis.com","twitter_card":"summary_large_image","twitter_misc":{"Escrito por":"apuntesdesanluis.com","Tiempo de lectura":"3 minutos"},"schema":{"@context":"https:\/\/schema.org","@graph":[{"@type":"Article","@id":"https:\/\/apuntesdesanluis.com\/index.php\/2024\/05\/15\/prision-perpetua-para-la-mujer-que-provoco-un-incendio-en-el-que-murio-su-hija\/#article","isPartOf":{"@id":"https:\/\/apuntesdesanluis.com\/index.php\/2024\/05\/15\/prision-perpetua-para-la-mujer-que-provoco-un-incendio-en-el-que-murio-su-hija\/"},"author":{"name":"apuntesdesanluis.com","@id":"https:\/\/apuntesdesanluis.com\/#\/schema\/person\/b55151d52296fcce64d1a72538a70b90"},"headline":"PRISI\u00d3N PERPETUA PARA LA MUJER QUE PROVOC\u00d3 UN INCENDIO EN EL QUE MURI\u00d3 SU HIJA","datePublished":"2024-05-16T00:30:36+00:00","mainEntityOfPage":{"@id":"https:\/\/apuntesdesanluis.com\/index.php\/2024\/05\/15\/prision-perpetua-para-la-mujer-que-provoco-un-incendio-en-el-que-murio-su-hija\/"},"wordCount":553,"publisher":{"@id":"https:\/\/apuntesdesanluis.com\/#\/schema\/person\/b55151d52296fcce64d1a72538a70b90"},"image":{"@id":"https:\/\/apuntesdesanluis.com\/index.php\/2024\/05\/15\/prision-perpetua-para-la-mujer-que-provoco-un-incendio-en-el-que-murio-su-hija\/#primaryimage"},"thumbnailUrl":"https:\/\/apuntesdesanluis.com\/wp-content\/uploads\/2024\/05\/CASA-INCENDIO.png","articleSection":["Ciudad\/Provincia"],"inLanguage":"es-AR"},{"@type":"WebPage","@id":"https:\/\/apuntesdesanluis.com\/index.php\/2024\/05\/15\/prision-perpetua-para-la-mujer-que-provoco-un-incendio-en-el-que-murio-su-hija\/","url":"https:\/\/apuntesdesanluis.com\/index.php\/2024\/05\/15\/prision-perpetua-para-la-mujer-que-provoco-un-incendio-en-el-que-murio-su-hija\/","name":"PRISI\u00d3N PERPETUA PARA LA MUJER QUE PROVOC\u00d3 UN INCENDIO EN EL QUE MURI\u00d3 SU HIJA - Apuntes de San Luis","isPartOf":{"@id":"https:\/\/apuntesdesanluis.com\/#website"},"primaryImageOfPage":{"@id":"https:\/\/apuntesdesanluis.com\/index.php\/2024\/05\/15\/prision-perpetua-para-la-mujer-que-provoco-un-incendio-en-el-que-murio-su-hija\/#primaryimage"},"image":{"@id":"https:\/\/apuntesdesanluis.com\/index.php\/2024\/05\/15\/prision-perpetua-para-la-mujer-que-provoco-un-incendio-en-el-que-murio-su-hija\/#primaryimage"},"thumbnailUrl":"https:\/\/apuntesdesanluis.com\/wp-content\/uploads\/2024\/05\/CASA-INCENDIO.png","datePublished":"2024-05-16T00:30:36+00:00","breadcrumb":{"@id":"https:\/\/apuntesdesanluis.com\/index.php\/2024\/05\/15\/prision-perpetua-para-la-mujer-que-provoco-un-incendio-en-el-que-murio-su-hija\/#breadcrumb"},"inLanguage":"es-AR","potentialAction":[{"@type":"ReadAction","target":["https:\/\/apuntesdesanluis.com\/index.php\/2024\/05\/15\/prision-perpetua-para-la-mujer-que-provoco-un-incendio-en-el-que-murio-su-hija\/"]}]},{"@type":"ImageObject","inLanguage":"es-AR","@id":"https:\/\/apuntesdesanluis.com\/index.php\/2024\/05\/15\/prision-perpetua-para-la-mujer-que-provoco-un-incendio-en-el-que-murio-su-hija\/#primaryimage","url":"https:\/\/apuntesdesanluis.com\/wp-content\/uploads\/2024\/05\/CASA-INCENDIO.png","contentUrl":"https:\/\/apuntesdesanluis.com\/wp-content\/uploads\/2024\/05\/CASA-INCENDIO.png","width":600,"height":349},{"@type":"BreadcrumbList","@id":"https:\/\/apuntesdesanluis.com\/index.php\/2024\/05\/15\/prision-perpetua-para-la-mujer-que-provoco-un-incendio-en-el-que-murio-su-hija\/#breadcrumb","itemListElement":[{"@type":"ListItem","position":1,"name":"Inicio","item":"https:\/\/apuntesdesanluis.com\/"},{"@type":"ListItem","position":2,"name":"PRISI\u00d3N PERPETUA PARA LA MUJER QUE PROVOC\u00d3 UN INCENDIO EN EL QUE MURI\u00d3 SU HIJA"}]},{"@type":"WebSite","@id":"https:\/\/apuntesdesanluis.com\/#website","url":"https:\/\/apuntesdesanluis.com\/","name":"Apuntes de San Luis","description":"","publisher":{"@id":"https:\/\/apuntesdesanluis.com\/#\/schema\/person\/b55151d52296fcce64d1a72538a70b90"},"potentialAction":[{"@type":"SearchAction","target":{"@type":"EntryPoint","urlTemplate":"https:\/\/apuntesdesanluis.com\/?s={search_term_string}"},"query-input":{"@type":"PropertyValueSpecification","valueRequired":true,"valueName":"search_term_string"}}],"inLanguage":"es-AR"},{"@type":["Person","Organization"],"@id":"https:\/\/apuntesdesanluis.com\/#\/schema\/person\/b55151d52296fcce64d1a72538a70b90","name":"apuntesdesanluis.com","image":{"@type":"ImageObject","inLanguage":"es-AR","@id":"https:\/\/apuntesdesanluis.com\/#\/schema\/person\/image\/","url":"https:\/\/apuntesdesanluis.com\/wp-content\/uploads\/2023\/07\/cropped-apuntesdesanluis.png","contentUrl":"https:\/\/apuntesdesanluis.com\/wp-content\/uploads\/2023\/07\/cropped-apuntesdesanluis.png","width":450,"height":112,"caption":"apuntesdesanluis.com"},"logo":{"@id":"https:\/\/apuntesdesanluis.com\/#\/schema\/person\/image\/"},"sameAs":["https:\/\/apuntesdesanluis.com"],"url":"https:\/\/apuntesdesanluis.com\/index.php\/author\/apuntesdesanluis-com\/"}]}},"featured_image_urls":{"full":["https:\/\/apuntesdesanluis.com\/wp-content\/uploads\/2024\/05\/CASA-INCENDIO.png",600,349,false],"thumbnail":["https:\/\/apuntesdesanluis.com\/wp-content\/uploads\/2024\/05\/CASA-INCENDIO-150x150.png",150,150,true],"medium":["https:\/\/apuntesdesanluis.com\/wp-content\/uploads\/2024\/05\/CASA-INCENDIO-300x175.png",300,175,true],"medium_large":["https:\/\/apuntesdesanluis.com\/wp-content\/uploads\/2024\/05\/CASA-INCENDIO.png",600,349,false],"large":["https:\/\/apuntesdesanluis.com\/wp-content\/uploads\/2024\/05\/CASA-INCENDIO.png",600,349,false],"1536x1536":["https:\/\/apuntesdesanluis.com\/wp-content\/uploads\/2024\/05\/CASA-INCENDIO.png",600,349,false],"2048x2048":["https:\/\/apuntesdesanluis.com\/wp-content\/uploads\/2024\/05\/CASA-INCENDIO.png",600,349,false],"newsever-slider-full":["https:\/\/apuntesdesanluis.com\/wp-content\/uploads\/2024\/05\/CASA-INCENDIO.png",600,349,false],"newsever-featured":["https:\/\/apuntesdesanluis.com\/wp-content\/uploads\/2024\/05\/CASA-INCENDIO.png",600,349,false],"newsever-medium":["https:\/\/apuntesdesanluis.com\/wp-content\/uploads\/2024\/05\/CASA-INCENDIO.png",600,349,false]},"author_info":{"display_name":"apuntesdesanluis.com","author_link":"https:\/\/apuntesdesanluis.com\/index.php\/author\/apuntesdesanluis-com\/"},"category_info":"<a href=\"https:\/\/apuntesdesanluis.com\/index.php\/category\/ciudad-provincia\/\" rel=\"category tag\">Ciudad\/Provincia<\/a>","tag_info":"Ciudad\/Provincia","comment_count":"0","_links":{"self":[{"href":"https:\/\/apuntesdesanluis.com\/index.php\/wp-json\/wp\/v2\/posts\/16246","targetHints":{"allow":["GET"]}}],"collection":[{"href":"https:\/\/apuntesdesanluis.com\/index.php\/wp-json\/wp\/v2\/posts"}],"about":[{"href":"https:\/\/apuntesdesanluis.com\/index.php\/wp-json\/wp\/v2\/types\/post"}],"author":[{"embeddable":true,"href":"https:\/\/apuntesdesanluis.com\/index.php\/wp-json\/wp\/v2\/users\/1"}],"replies":[{"embeddable":true,"href":"https:\/\/apuntesdesanluis.com\/index.php\/wp-json\/wp\/v2\/comments?post=16246"}],"version-history":[{"count":1,"href":"https:\/\/apuntesdesanluis.com\/index.php\/wp-json\/wp\/v2\/posts\/16246\/revisions"}],"predecessor-version":[{"id":16248,"href":"https:\/\/apuntesdesanluis.com\/index.php\/wp-json\/wp\/v2\/posts\/16246\/revisions\/16248"}],"wp:featuredmedia":[{"embeddable":true,"href":"https:\/\/apuntesdesanluis.com\/index.php\/wp-json\/wp\/v2\/media\/16135"}],"wp:attachment":[{"href":"https:\/\/apuntesdesanluis.com\/index.php\/wp-json\/wp\/v2\/media?parent=16246"}],"wp:term":[{"taxonomy":"category","embeddable":true,"href":"https:\/\/apuntesdesanluis.com\/index.php\/wp-json\/wp\/v2\/categories?post=16246"},{"taxonomy":"post_tag","embeddable":true,"href":"https:\/\/apuntesdesanluis.com\/index.php\/wp-json\/wp\/v2\/tags?post=16246"}],"curies":[{"name":"wp","href":"https:\/\/api.w.org\/{rel}","templated":true}]}}