{"id":16249,"date":"2024-05-15T21:40:57","date_gmt":"2024-05-16T00:40:57","guid":{"rendered":"https:\/\/apuntesdesanluis.com\/?p=16249"},"modified":"2024-05-15T21:42:24","modified_gmt":"2024-05-16T00:42:24","slug":"vecinos-de-la-ribera-podran-tramitar-sus-dni-en-el-cdr-municipal","status":"publish","type":"post","link":"https:\/\/apuntesdesanluis.com\/index.php\/2024\/05\/15\/vecinos-de-la-ribera-podran-tramitar-sus-dni-en-el-cdr-municipal\/","title":{"rendered":"VECINOS DE LA RIBERA PODR\u00c1N TRAMITAR SUS DNI EN EL CDR MUNICIPAL"},"content":{"rendered":"<h3>A las oficinas del <strong>Centro de Documentaci\u00f3n R\u00e1pida<\/strong> que la <strong>Municipalidad de Villa Mercedes<\/strong> tiene en el complejo habitacional, ubicadas junto a un conocido supermercado, se les sumar\u00e1 una extensi\u00f3n del <strong>Registro Civil<\/strong> y Capacidad de las Personas, puntualmente para obtener el documento nacional de identidad.<\/h3>\n<h3>As\u00ed lo confirm\u00f3 el director del organismo provincial, <strong>Guillermo Valdeven\u00edtez<\/strong>, quien agradeci\u00f3 \u201cal intendente, <strong>Maximiliano Frontera<\/strong>, por habernos ofrecido este espacio, a trav\u00e9s del senador por Pedernera, <strong>Adolfo Castro Luna<\/strong>\u201d.<\/h3>\n<h3>El funcionario visit\u00f3 el lugar este mi\u00e9rcoles junto al responsable del Registro Civil en Villa Mercedes y zona de influencia, Lucas Gieco, siendo recibidos por el secretario de Gobierno de la Municipalidad, Germ\u00e1n Sep\u00falveda, y el subsecretario de Transporte, <strong>Mat\u00edas Cuello<\/strong>.<\/h3>\n<h3><img fetchpriority=\"high\" decoding=\"async\" class=\"wp-image-16250 aligncenter\" src=\"https:\/\/apuntesdesanluis.com\/wp-content\/uploads\/2024\/05\/dni-en-el-cdr-300x165.png\" alt=\"\" width=\"618\" height=\"340\" srcset=\"https:\/\/apuntesdesanluis.com\/wp-content\/uploads\/2024\/05\/dni-en-el-cdr-300x165.png 300w, https:\/\/apuntesdesanluis.com\/wp-content\/uploads\/2024\/05\/dni-en-el-cdr.png 600w\" sizes=\"(max-width: 618px) 100vw, 618px\" \/><\/h3>\n<h3>Valdeven\u00edtez a\u00f1adi\u00f3: \u201cEl gobernador de la Provincia, Claudio Poggi, nos ha solicitado estar siempre cerca del vecino y ver c\u00f3mo podemos facilitar el acceso a los servicios de manera m\u00e1s directa, por ello estamos evaluando poner un centro de documentaci\u00f3n r\u00e1pida en La Ribera, para que los vecinos de la zona puedan tramitar sus DNI. El lugar es acorde a lo que necesitamos, por lo que restar\u00eda precisar algunas factibilidades para proceder\u201d.<\/h3>\n<h3><strong>&#8220;DNI EN TU CASA&#8221; Y &#8220;TARDES RESPETUOSAS&#8221;\u00a0<\/strong><\/h3>\n<h3>Otra de las acciones que el Registro Civil prev\u00e9 aplicar en breve en Villa Mercedes, tiene como beneficiarias a las personas con discapacidad, incluso una de ellas surgi\u00f3 como propuesta de una empleada de la repartici\u00f3n.<\/h3>\n<h3>Valdeven\u00edtez indic\u00f3 en primer lugar que \u201ceste mi\u00e9rcoles por la ma\u00f1ana nos reunimos con el secretario de Discapacidad, <strong>Luis Giraudo<\/strong>, para coordinar y poner en funcionamiento lo que es el programa \u2018DNI en tu casa\u2019, que est\u00e1 destinado a todas las personas con discapacidad de la provincia en donde, por distintos motivos, no puedan trasladarse hasta el Registro Civil de su localidad. Para ello dispondremos que se comuniquen con las seccionales m\u00e1s cercanas para que un equipo m\u00f3vil visite el domicilio y realice all\u00ed el tr\u00e1mite\u201d.<\/h3>\n<h3>Sobre el otro proyecto, denominado \u2018Tardes respetuosas\u2019, el funcionario indic\u00f3: \u201cEs una idea de Vanesa Mu\u00f1oz Quiroga, una empleada del Registro Civil, que propone destinar un d\u00eda, al mes, posiblemente el mi\u00e9rcoles, exclusivamente\u00a0 para atender a personas con discapacidad. Esto ir\u00e1 acompa\u00f1ado con una capacitaci\u00f3n para todo el personal del Registro Civil de toda la provincia, para que sepan c\u00f3mo tienen que trabajar ante determinadas situaciones con una persona con discapacidad\u201d.<\/h3>\n<p>&nbsp;<\/p>\n<p>&nbsp;<\/p>\n<p>&nbsp;<\/p>\n","protected":false},"excerpt":{"rendered":"<p>A las oficinas del Centro de Documentaci\u00f3n R\u00e1pida que la Municipalidad de Villa Mercedes tiene&#8230;<\/p>\n","protected":false},"author":1,"featured_media":16251,"comment_status":"closed","ping_status":"closed","sticky":false,"template":"","format":"standard","meta":{"footnotes":""},"categories":[6],"tags":[],"class_list":["post-16249","post","type-post","status-publish","format-standard","has-post-thumbnail","hentry","category-ciudad-provincia"],"yoast_head":"<!-- This site is optimized with the Yoast SEO plugin v26.1.1 - https:\/\/yoast.com\/wordpress\/plugins\/seo\/ -->\n<title>VECINOS DE LA RIBERA PODR\u00c1N TRAMITAR SUS DNI EN EL CDR MUNICIPAL - Apuntes de San Luis<\/title>\n<meta name=\"robots\" content=\"index, follow, max-snippet:-1, max-image-preview:large, max-video-preview:-1\" \/>\n<link rel=\"canonical\" href=\"https:\/\/apuntesdesanluis.com\/index.php\/2024\/05\/15\/vecinos-de-la-ribera-podran-tramitar-sus-dni-en-el-cdr-municipal\/\" \/>\n<meta property=\"og:locale\" content=\"es_ES\" \/>\n<meta property=\"og:type\" content=\"article\" \/>\n<meta property=\"og:title\" content=\"VECINOS DE LA RIBERA PODR\u00c1N TRAMITAR SUS DNI EN EL CDR MUNICIPAL - Apuntes de San Luis\" \/>\n<meta property=\"og:description\" content=\"A las oficinas del Centro de Documentaci\u00f3n R\u00e1pida que la Municipalidad de Villa Mercedes tiene...\" \/>\n<meta property=\"og:url\" content=\"https:\/\/apuntesdesanluis.com\/index.php\/2024\/05\/15\/vecinos-de-la-ribera-podran-tramitar-sus-dni-en-el-cdr-municipal\/\" \/>\n<meta property=\"og:site_name\" content=\"Apuntes de San Luis\" \/>\n<meta property=\"article:published_time\" content=\"2024-05-16T00:40:57+00:00\" \/>\n<meta property=\"article:modified_time\" content=\"2024-05-16T00:42:24+00:00\" \/>\n<meta property=\"og:image\" content=\"https:\/\/apuntesdesanluis.com\/wp-content\/uploads\/2024\/05\/Oficina-la-ribera.png\" \/>\n\t<meta property=\"og:image:width\" content=\"600\" \/>\n\t<meta property=\"og:image:height\" content=\"370\" \/>\n\t<meta property=\"og:image:type\" content=\"image\/png\" \/>\n<meta name=\"author\" content=\"apuntesdesanluis.com\" \/>\n<meta name=\"twitter:card\" content=\"summary_large_image\" \/>\n<meta name=\"twitter:label1\" content=\"Escrito por\" \/>\n\t<meta name=\"twitter:data1\" content=\"apuntesdesanluis.com\" \/>\n\t<meta name=\"twitter:label2\" content=\"Tiempo de lectura\" \/>\n\t<meta name=\"twitter:data2\" content=\"3 minutos\" \/>\n<script type=\"application\/ld+json\" class=\"yoast-schema-graph\">{\"@context\":\"https:\/\/schema.org\",\"@graph\":[{\"@type\":\"Article\",\"@id\":\"https:\/\/apuntesdesanluis.com\/index.php\/2024\/05\/15\/vecinos-de-la-ribera-podran-tramitar-sus-dni-en-el-cdr-municipal\/#article\",\"isPartOf\":{\"@id\":\"https:\/\/apuntesdesanluis.com\/index.php\/2024\/05\/15\/vecinos-de-la-ribera-podran-tramitar-sus-dni-en-el-cdr-municipal\/\"},\"author\":{\"name\":\"apuntesdesanluis.com\",\"@id\":\"https:\/\/apuntesdesanluis.com\/#\/schema\/person\/b55151d52296fcce64d1a72538a70b90\"},\"headline\":\"VECINOS DE LA RIBERA PODR\u00c1N TRAMITAR SUS DNI EN EL CDR MUNICIPAL\",\"datePublished\":\"2024-05-16T00:40:57+00:00\",\"dateModified\":\"2024-05-16T00:42:24+00:00\",\"mainEntityOfPage\":{\"@id\":\"https:\/\/apuntesdesanluis.com\/index.php\/2024\/05\/15\/vecinos-de-la-ribera-podran-tramitar-sus-dni-en-el-cdr-municipal\/\"},\"wordCount\":434,\"publisher\":{\"@id\":\"https:\/\/apuntesdesanluis.com\/#\/schema\/person\/b55151d52296fcce64d1a72538a70b90\"},\"image\":{\"@id\":\"https:\/\/apuntesdesanluis.com\/index.php\/2024\/05\/15\/vecinos-de-la-ribera-podran-tramitar-sus-dni-en-el-cdr-municipal\/#primaryimage\"},\"thumbnailUrl\":\"https:\/\/apuntesdesanluis.com\/wp-content\/uploads\/2024\/05\/Oficina-la-ribera.png\",\"articleSection\":[\"Ciudad\/Provincia\"],\"inLanguage\":\"es-AR\"},{\"@type\":\"WebPage\",\"@id\":\"https:\/\/apuntesdesanluis.com\/index.php\/2024\/05\/15\/vecinos-de-la-ribera-podran-tramitar-sus-dni-en-el-cdr-municipal\/\",\"url\":\"https:\/\/apuntesdesanluis.com\/index.php\/2024\/05\/15\/vecinos-de-la-ribera-podran-tramitar-sus-dni-en-el-cdr-municipal\/\",\"name\":\"VECINOS DE LA RIBERA PODR\u00c1N TRAMITAR SUS DNI EN EL CDR MUNICIPAL - Apuntes de San Luis\",\"isPartOf\":{\"@id\":\"https:\/\/apuntesdesanluis.com\/#website\"},\"primaryImageOfPage\":{\"@id\":\"https:\/\/apuntesdesanluis.com\/index.php\/2024\/05\/15\/vecinos-de-la-ribera-podran-tramitar-sus-dni-en-el-cdr-municipal\/#primaryimage\"},\"image\":{\"@id\":\"https:\/\/apuntesdesanluis.com\/index.php\/2024\/05\/15\/vecinos-de-la-ribera-podran-tramitar-sus-dni-en-el-cdr-municipal\/#primaryimage\"},\"thumbnailUrl\":\"https:\/\/apuntesdesanluis.com\/wp-content\/uploads\/2024\/05\/Oficina-la-ribera.png\",\"datePublished\":\"2024-05-16T00:40:57+00:00\",\"dateModified\":\"2024-05-16T00:42:24+00:00\",\"breadcrumb\":{\"@id\":\"https:\/\/apuntesdesanluis.com\/index.php\/2024\/05\/15\/vecinos-de-la-ribera-podran-tramitar-sus-dni-en-el-cdr-municipal\/#breadcrumb\"},\"inLanguage\":\"es-AR\",\"potentialAction\":[{\"@type\":\"ReadAction\",\"target\":[\"https:\/\/apuntesdesanluis.com\/index.php\/2024\/05\/15\/vecinos-de-la-ribera-podran-tramitar-sus-dni-en-el-cdr-municipal\/\"]}]},{\"@type\":\"ImageObject\",\"inLanguage\":\"es-AR\",\"@id\":\"https:\/\/apuntesdesanluis.com\/index.php\/2024\/05\/15\/vecinos-de-la-ribera-podran-tramitar-sus-dni-en-el-cdr-municipal\/#primaryimage\",\"url\":\"https:\/\/apuntesdesanluis.com\/wp-content\/uploads\/2024\/05\/Oficina-la-ribera.png\",\"contentUrl\":\"https:\/\/apuntesdesanluis.com\/wp-content\/uploads\/2024\/05\/Oficina-la-ribera.png\",\"width\":600,\"height\":370},{\"@type\":\"BreadcrumbList\",\"@id\":\"https:\/\/apuntesdesanluis.com\/index.php\/2024\/05\/15\/vecinos-de-la-ribera-podran-tramitar-sus-dni-en-el-cdr-municipal\/#breadcrumb\",\"itemListElement\":[{\"@type\":\"ListItem\",\"position\":1,\"name\":\"Inicio\",\"item\":\"https:\/\/apuntesdesanluis.com\/\"},{\"@type\":\"ListItem\",\"position\":2,\"name\":\"VECINOS DE LA RIBERA PODR\u00c1N TRAMITAR SUS DNI EN EL CDR MUNICIPAL\"}]},{\"@type\":\"WebSite\",\"@id\":\"https:\/\/apuntesdesanluis.com\/#website\",\"url\":\"https:\/\/apuntesdesanluis.com\/\",\"name\":\"Apuntes de San Luis\",\"description\":\"\",\"publisher\":{\"@id\":\"https:\/\/apuntesdesanluis.com\/#\/schema\/person\/b55151d52296fcce64d1a72538a70b90\"},\"potentialAction\":[{\"@type\":\"SearchAction\",\"target\":{\"@type\":\"EntryPoint\",\"urlTemplate\":\"https:\/\/apuntesdesanluis.com\/?s={search_term_string}\"},\"query-input\":{\"@type\":\"PropertyValueSpecification\",\"valueRequired\":true,\"valueName\":\"search_term_string\"}}],\"inLanguage\":\"es-AR\"},{\"@type\":[\"Person\",\"Organization\"],\"@id\":\"https:\/\/apuntesdesanluis.com\/#\/schema\/person\/b55151d52296fcce64d1a72538a70b90\",\"name\":\"apuntesdesanluis.com\",\"image\":{\"@type\":\"ImageObject\",\"inLanguage\":\"es-AR\",\"@id\":\"https:\/\/apuntesdesanluis.com\/#\/schema\/person\/image\/\",\"url\":\"https:\/\/apuntesdesanluis.com\/wp-content\/uploads\/2023\/07\/cropped-apuntesdesanluis.png\",\"contentUrl\":\"https:\/\/apuntesdesanluis.com\/wp-content\/uploads\/2023\/07\/cropped-apuntesdesanluis.png\",\"width\":450,\"height\":112,\"caption\":\"apuntesdesanluis.com\"},\"logo\":{\"@id\":\"https:\/\/apuntesdesanluis.com\/#\/schema\/person\/image\/\"},\"sameAs\":[\"https:\/\/apuntesdesanluis.com\"],\"url\":\"https:\/\/apuntesdesanluis.com\/index.php\/author\/apuntesdesanluis-com\/\"}]}<\/script>\n<!-- \/ Yoast SEO plugin. -->","yoast_head_json":{"title":"VECINOS DE LA RIBERA PODR\u00c1N TRAMITAR SUS DNI EN EL CDR MUNICIPAL - Apuntes de San Luis","robots":{"index":"index","follow":"follow","max-snippet":"max-snippet:-1","max-image-preview":"max-image-preview:large","max-video-preview":"max-video-preview:-1"},"canonical":"https:\/\/apuntesdesanluis.com\/index.php\/2024\/05\/15\/vecinos-de-la-ribera-podran-tramitar-sus-dni-en-el-cdr-municipal\/","og_locale":"es_ES","og_type":"article","og_title":"VECINOS DE LA RIBERA PODR\u00c1N TRAMITAR SUS DNI EN EL CDR MUNICIPAL - Apuntes de San Luis","og_description":"A las oficinas del Centro de Documentaci\u00f3n R\u00e1pida que la Municipalidad de Villa Mercedes tiene...","og_url":"https:\/\/apuntesdesanluis.com\/index.php\/2024\/05\/15\/vecinos-de-la-ribera-podran-tramitar-sus-dni-en-el-cdr-municipal\/","og_site_name":"Apuntes de San Luis","article_published_time":"2024-05-16T00:40:57+00:00","article_modified_time":"2024-05-16T00:42:24+00:00","og_image":[{"width":600,"height":370,"url":"https:\/\/apuntesdesanluis.com\/wp-content\/uploads\/2024\/05\/Oficina-la-ribera.png","type":"image\/png"}],"author":"apuntesdesanluis.com","twitter_card":"summary_large_image","twitter_misc":{"Escrito por":"apuntesdesanluis.com","Tiempo de lectura":"3 minutos"},"schema":{"@context":"https:\/\/schema.org","@graph":[{"@type":"Article","@id":"https:\/\/apuntesdesanluis.com\/index.php\/2024\/05\/15\/vecinos-de-la-ribera-podran-tramitar-sus-dni-en-el-cdr-municipal\/#article","isPartOf":{"@id":"https:\/\/apuntesdesanluis.com\/index.php\/2024\/05\/15\/vecinos-de-la-ribera-podran-tramitar-sus-dni-en-el-cdr-municipal\/"},"author":{"name":"apuntesdesanluis.com","@id":"https:\/\/apuntesdesanluis.com\/#\/schema\/person\/b55151d52296fcce64d1a72538a70b90"},"headline":"VECINOS DE LA RIBERA PODR\u00c1N TRAMITAR SUS DNI EN EL CDR MUNICIPAL","datePublished":"2024-05-16T00:40:57+00:00","dateModified":"2024-05-16T00:42:24+00:00","mainEntityOfPage":{"@id":"https:\/\/apuntesdesanluis.com\/index.php\/2024\/05\/15\/vecinos-de-la-ribera-podran-tramitar-sus-dni-en-el-cdr-municipal\/"},"wordCount":434,"publisher":{"@id":"https:\/\/apuntesdesanluis.com\/#\/schema\/person\/b55151d52296fcce64d1a72538a70b90"},"image":{"@id":"https:\/\/apuntesdesanluis.com\/index.php\/2024\/05\/15\/vecinos-de-la-ribera-podran-tramitar-sus-dni-en-el-cdr-municipal\/#primaryimage"},"thumbnailUrl":"https:\/\/apuntesdesanluis.com\/wp-content\/uploads\/2024\/05\/Oficina-la-ribera.png","articleSection":["Ciudad\/Provincia"],"inLanguage":"es-AR"},{"@type":"WebPage","@id":"https:\/\/apuntesdesanluis.com\/index.php\/2024\/05\/15\/vecinos-de-la-ribera-podran-tramitar-sus-dni-en-el-cdr-municipal\/","url":"https:\/\/apuntesdesanluis.com\/index.php\/2024\/05\/15\/vecinos-de-la-ribera-podran-tramitar-sus-dni-en-el-cdr-municipal\/","name":"VECINOS DE LA RIBERA PODR\u00c1N TRAMITAR SUS DNI EN EL CDR MUNICIPAL - Apuntes de San Luis","isPartOf":{"@id":"https:\/\/apuntesdesanluis.com\/#website"},"primaryImageOfPage":{"@id":"https:\/\/apuntesdesanluis.com\/index.php\/2024\/05\/15\/vecinos-de-la-ribera-podran-tramitar-sus-dni-en-el-cdr-municipal\/#primaryimage"},"image":{"@id":"https:\/\/apuntesdesanluis.com\/index.php\/2024\/05\/15\/vecinos-de-la-ribera-podran-tramitar-sus-dni-en-el-cdr-municipal\/#primaryimage"},"thumbnailUrl":"https:\/\/apuntesdesanluis.com\/wp-content\/uploads\/2024\/05\/Oficina-la-ribera.png","datePublished":"2024-05-16T00:40:57+00:00","dateModified":"2024-05-16T00:42:24+00:00","breadcrumb":{"@id":"https:\/\/apuntesdesanluis.com\/index.php\/2024\/05\/15\/vecinos-de-la-ribera-podran-tramitar-sus-dni-en-el-cdr-municipal\/#breadcrumb"},"inLanguage":"es-AR","potentialAction":[{"@type":"ReadAction","target":["https:\/\/apuntesdesanluis.com\/index.php\/2024\/05\/15\/vecinos-de-la-ribera-podran-tramitar-sus-dni-en-el-cdr-municipal\/"]}]},{"@type":"ImageObject","inLanguage":"es-AR","@id":"https:\/\/apuntesdesanluis.com\/index.php\/2024\/05\/15\/vecinos-de-la-ribera-podran-tramitar-sus-dni-en-el-cdr-municipal\/#primaryimage","url":"https:\/\/apuntesdesanluis.com\/wp-content\/uploads\/2024\/05\/Oficina-la-ribera.png","contentUrl":"https:\/\/apuntesdesanluis.com\/wp-content\/uploads\/2024\/05\/Oficina-la-ribera.png","width":600,"height":370},{"@type":"BreadcrumbList","@id":"https:\/\/apuntesdesanluis.com\/index.php\/2024\/05\/15\/vecinos-de-la-ribera-podran-tramitar-sus-dni-en-el-cdr-municipal\/#breadcrumb","itemListElement":[{"@type":"ListItem","position":1,"name":"Inicio","item":"https:\/\/apuntesdesanluis.com\/"},{"@type":"ListItem","position":2,"name":"VECINOS DE LA RIBERA PODR\u00c1N TRAMITAR SUS DNI EN EL CDR MUNICIPAL"}]},{"@type":"WebSite","@id":"https:\/\/apuntesdesanluis.com\/#website","url":"https:\/\/apuntesdesanluis.com\/","name":"Apuntes de San Luis","description":"","publisher":{"@id":"https:\/\/apuntesdesanluis.com\/#\/schema\/person\/b55151d52296fcce64d1a72538a70b90"},"potentialAction":[{"@type":"SearchAction","target":{"@type":"EntryPoint","urlTemplate":"https:\/\/apuntesdesanluis.com\/?s={search_term_string}"},"query-input":{"@type":"PropertyValueSpecification","valueRequired":true,"valueName":"search_term_string"}}],"inLanguage":"es-AR"},{"@type":["Person","Organization"],"@id":"https:\/\/apuntesdesanluis.com\/#\/schema\/person\/b55151d52296fcce64d1a72538a70b90","name":"apuntesdesanluis.com","image":{"@type":"ImageObject","inLanguage":"es-AR","@id":"https:\/\/apuntesdesanluis.com\/#\/schema\/person\/image\/","url":"https:\/\/apuntesdesanluis.com\/wp-content\/uploads\/2023\/07\/cropped-apuntesdesanluis.png","contentUrl":"https:\/\/apuntesdesanluis.com\/wp-content\/uploads\/2023\/07\/cropped-apuntesdesanluis.png","width":450,"height":112,"caption":"apuntesdesanluis.com"},"logo":{"@id":"https:\/\/apuntesdesanluis.com\/#\/schema\/person\/image\/"},"sameAs":["https:\/\/apuntesdesanluis.com"],"url":"https:\/\/apuntesdesanluis.com\/index.php\/author\/apuntesdesanluis-com\/"}]}},"featured_image_urls":{"full":["https:\/\/apuntesdesanluis.com\/wp-content\/uploads\/2024\/05\/Oficina-la-ribera.png",600,370,false],"thumbnail":["https:\/\/apuntesdesanluis.com\/wp-content\/uploads\/2024\/05\/Oficina-la-ribera-150x150.png",150,150,true],"medium":["https:\/\/apuntesdesanluis.com\/wp-content\/uploads\/2024\/05\/Oficina-la-ribera-300x185.png",300,185,true],"medium_large":["https:\/\/apuntesdesanluis.com\/wp-content\/uploads\/2024\/05\/Oficina-la-ribera.png",600,370,false],"large":["https:\/\/apuntesdesanluis.com\/wp-content\/uploads\/2024\/05\/Oficina-la-ribera.png",600,370,false],"1536x1536":["https:\/\/apuntesdesanluis.com\/wp-content\/uploads\/2024\/05\/Oficina-la-ribera.png",600,370,false],"2048x2048":["https:\/\/apuntesdesanluis.com\/wp-content\/uploads\/2024\/05\/Oficina-la-ribera.png",600,370,false],"newsever-slider-full":["https:\/\/apuntesdesanluis.com\/wp-content\/uploads\/2024\/05\/Oficina-la-ribera.png",600,370,false],"newsever-featured":["https:\/\/apuntesdesanluis.com\/wp-content\/uploads\/2024\/05\/Oficina-la-ribera.png",600,370,false],"newsever-medium":["https:\/\/apuntesdesanluis.com\/wp-content\/uploads\/2024\/05\/Oficina-la-ribera.png",600,370,false]},"author_info":{"display_name":"apuntesdesanluis.com","author_link":"https:\/\/apuntesdesanluis.com\/index.php\/author\/apuntesdesanluis-com\/"},"category_info":"<a href=\"https:\/\/apuntesdesanluis.com\/index.php\/category\/ciudad-provincia\/\" rel=\"category tag\">Ciudad\/Provincia<\/a>","tag_info":"Ciudad\/Provincia","comment_count":"0","_links":{"self":[{"href":"https:\/\/apuntesdesanluis.com\/index.php\/wp-json\/wp\/v2\/posts\/16249","targetHints":{"allow":["GET"]}}],"collection":[{"href":"https:\/\/apuntesdesanluis.com\/index.php\/wp-json\/wp\/v2\/posts"}],"about":[{"href":"https:\/\/apuntesdesanluis.com\/index.php\/wp-json\/wp\/v2\/types\/post"}],"author":[{"embeddable":true,"href":"https:\/\/apuntesdesanluis.com\/index.php\/wp-json\/wp\/v2\/users\/1"}],"replies":[{"embeddable":true,"href":"https:\/\/apuntesdesanluis.com\/index.php\/wp-json\/wp\/v2\/comments?post=16249"}],"version-history":[{"count":3,"href":"https:\/\/apuntesdesanluis.com\/index.php\/wp-json\/wp\/v2\/posts\/16249\/revisions"}],"predecessor-version":[{"id":16254,"href":"https:\/\/apuntesdesanluis.com\/index.php\/wp-json\/wp\/v2\/posts\/16249\/revisions\/16254"}],"wp:featuredmedia":[{"embeddable":true,"href":"https:\/\/apuntesdesanluis.com\/index.php\/wp-json\/wp\/v2\/media\/16251"}],"wp:attachment":[{"href":"https:\/\/apuntesdesanluis.com\/index.php\/wp-json\/wp\/v2\/media?parent=16249"}],"wp:term":[{"taxonomy":"category","embeddable":true,"href":"https:\/\/apuntesdesanluis.com\/index.php\/wp-json\/wp\/v2\/categories?post=16249"},{"taxonomy":"post_tag","embeddable":true,"href":"https:\/\/apuntesdesanluis.com\/index.php\/wp-json\/wp\/v2\/tags?post=16249"}],"curies":[{"name":"wp","href":"https:\/\/api.w.org\/{rel}","templated":true}]}}