{"id":1625,"date":"2023-08-15T14:41:12","date_gmt":"2023-08-15T17:41:12","guid":{"rendered":"https:\/\/apuntesdesanluis.com\/?p=1625"},"modified":"2023-08-15T14:41:12","modified_gmt":"2023-08-15T17:41:12","slug":"unsl-este-miercoles-comienza-un-seminario-de-lecturas-sobre-genero","status":"publish","type":"post","link":"https:\/\/apuntesdesanluis.com\/index.php\/2023\/08\/15\/unsl-este-miercoles-comienza-un-seminario-de-lecturas-sobre-genero\/","title":{"rendered":"UNSL: ESTE MI\u00c9RCOLES COMIENZA UN \u201cSEMINARIO DE LECTURAS SOBRE G\u00c9NERO\u201d"},"content":{"rendered":"<h3>Este mi\u00e9rcoles 16 a las 18 h inicia el <strong>Seminario de Lecturas sobre G\u00e9nero<\/strong>, una actividad virtual destinada a investigadoras\/es, estudiantes de grado y de posgrado, organizada por la <strong>FCEJS<\/strong> y la<strong> FCH<\/strong> de la UNSL.<\/h3>\n<h3>Esta actividad gratuita, buscar construir un espacio de discusi\u00f3n e intercambio sobre tem\u00e1ticas vinculadas al g\u00e9nero, constituyendo un proceso de formaci\u00f3n complementaria de investigadoras e investigadores, estudiantes de grado y posgrado, a partir de la lectura y discusi\u00f3n de textos vertebrales en la tem\u00e1tica. Las lecturas propuestas pretenden iniciar un an\u00e1lisis que se complementar\u00e1 con las discusiones que se realicen de manera presencial entre las y los asistentes al seminario.<\/h3>\n<h3>Adem\u00e1s de los y las docentes de asignaturas ubicadas en diferentes departamentos de la FCEJS, se espera la participaci\u00f3n de docentes y estudiantes de la Facultad de Ciencias Humanas de la UNSL. Todos y todas, desde sus lugares particulares pueden generar preguntas, planteos o an\u00e1lisis que ser\u00e1n abordados durante el transcurso del seminario.<\/h3>\n<h3>La riqueza del seminario no s\u00f3lo se encuentra en la tem\u00e1tica a abordar, sino tambi\u00e9n en la pluralidad de los y las participantes del mismo.<\/h3>\n<h3>La modalidad del seminario ser\u00e1 sincr\u00f3nica, pudi\u00e9ndose utilizar sistemas virtuales o h\u00edbridos de reuni\u00f3n, de acuerdo a las necesidades de sus asistentes. Aquellos interesados en participar, deben inscribirse accediendo al siguiente enlace:<\/h3>\n<h3><a href=\"https:\/\/docs.google.com\/forms\/d\/e\/1FAIpQLSeQzFm2CPk5AegUWVIuB8EeJSJkKHJkv9t5eZaaQF1NL01O9Q\/viewform\"><strong>INSCRIPCIONES<\/strong><\/a><\/h3>\n<h3>Este seminario es coordinado por las abogadas Ail\u00edn Umpierrez Varela y Agustina Cometto junto al Dr. Manuel Serrano. Para mayor informaci\u00f3n escribir al correo electr\u00f3nico: <a href=\"mailto:seminariogenerofcejs@gmail.com\">seminariogenerofcejs@gmail.com<\/a><\/h3>\n<p><img fetchpriority=\"high\" decoding=\"async\" class=\"wp-image-1628 aligncenter\" src=\"https:\/\/apuntesdesanluis.com\/wp-content\/uploads\/2023\/08\/lectura-282x300.png\" alt=\"\" width=\"532\" height=\"566\" srcset=\"https:\/\/apuntesdesanluis.com\/wp-content\/uploads\/2023\/08\/lectura-282x300.png 282w, https:\/\/apuntesdesanluis.com\/wp-content\/uploads\/2023\/08\/lectura.png 500w\" sizes=\"(max-width: 532px) 100vw, 532px\" \/><\/p>\n","protected":false},"excerpt":{"rendered":"<p>Este mi\u00e9rcoles 16 a las 18 h inicia el Seminario de Lecturas sobre G\u00e9nero, una&#8230;<\/p>\n","protected":false},"author":1,"featured_media":1627,"comment_status":"closed","ping_status":"closed","sticky":false,"template":"","format":"standard","meta":{"footnotes":""},"categories":[6],"tags":[],"class_list":["post-1625","post","type-post","status-publish","format-standard","has-post-thumbnail","hentry","category-ciudad-provincia"],"yoast_head":"<!-- This site is optimized with the Yoast SEO plugin v26.1.1 - https:\/\/yoast.com\/wordpress\/plugins\/seo\/ -->\n<title>UNSL: ESTE MI\u00c9RCOLES COMIENZA UN \u201cSEMINARIO DE LECTURAS SOBRE G\u00c9NERO\u201d - Apuntes de San Luis<\/title>\n<meta name=\"robots\" content=\"index, follow, max-snippet:-1, max-image-preview:large, max-video-preview:-1\" \/>\n<link rel=\"canonical\" href=\"https:\/\/apuntesdesanluis.com\/index.php\/2023\/08\/15\/unsl-este-miercoles-comienza-un-seminario-de-lecturas-sobre-genero\/\" \/>\n<meta property=\"og:locale\" content=\"es_ES\" \/>\n<meta property=\"og:type\" content=\"article\" \/>\n<meta property=\"og:title\" content=\"UNSL: ESTE MI\u00c9RCOLES COMIENZA UN \u201cSEMINARIO DE LECTURAS SOBRE G\u00c9NERO\u201d - Apuntes de San Luis\" \/>\n<meta property=\"og:description\" content=\"Este mi\u00e9rcoles 16 a las 18 h inicia el Seminario de Lecturas sobre G\u00e9nero, una...\" \/>\n<meta property=\"og:url\" content=\"https:\/\/apuntesdesanluis.com\/index.php\/2023\/08\/15\/unsl-este-miercoles-comienza-un-seminario-de-lecturas-sobre-genero\/\" \/>\n<meta property=\"og:site_name\" content=\"Apuntes de San Luis\" \/>\n<meta property=\"article:published_time\" content=\"2023-08-15T17:41:12+00:00\" \/>\n<meta property=\"og:image\" content=\"https:\/\/apuntesdesanluis.com\/wp-content\/uploads\/2023\/08\/libros.png\" \/>\n\t<meta property=\"og:image:width\" content=\"562\" \/>\n\t<meta property=\"og:image:height\" content=\"378\" \/>\n\t<meta property=\"og:image:type\" content=\"image\/png\" \/>\n<meta name=\"author\" content=\"apuntesdesanluis.com\" \/>\n<meta name=\"twitter:card\" content=\"summary_large_image\" \/>\n<meta name=\"twitter:label1\" content=\"Escrito por\" \/>\n\t<meta name=\"twitter:data1\" content=\"apuntesdesanluis.com\" \/>\n\t<meta name=\"twitter:label2\" content=\"Tiempo de lectura\" \/>\n\t<meta name=\"twitter:data2\" content=\"2 minutos\" \/>\n<script type=\"application\/ld+json\" class=\"yoast-schema-graph\">{\"@context\":\"https:\/\/schema.org\",\"@graph\":[{\"@type\":\"Article\",\"@id\":\"https:\/\/apuntesdesanluis.com\/index.php\/2023\/08\/15\/unsl-este-miercoles-comienza-un-seminario-de-lecturas-sobre-genero\/#article\",\"isPartOf\":{\"@id\":\"https:\/\/apuntesdesanluis.com\/index.php\/2023\/08\/15\/unsl-este-miercoles-comienza-un-seminario-de-lecturas-sobre-genero\/\"},\"author\":{\"name\":\"apuntesdesanluis.com\",\"@id\":\"https:\/\/apuntesdesanluis.com\/#\/schema\/person\/b55151d52296fcce64d1a72538a70b90\"},\"headline\":\"UNSL: ESTE MI\u00c9RCOLES COMIENZA UN \u201cSEMINARIO DE LECTURAS SOBRE G\u00c9NERO\u201d\",\"datePublished\":\"2023-08-15T17:41:12+00:00\",\"mainEntityOfPage\":{\"@id\":\"https:\/\/apuntesdesanluis.com\/index.php\/2023\/08\/15\/unsl-este-miercoles-comienza-un-seminario-de-lecturas-sobre-genero\/\"},\"wordCount\":279,\"publisher\":{\"@id\":\"https:\/\/apuntesdesanluis.com\/#\/schema\/person\/b55151d52296fcce64d1a72538a70b90\"},\"image\":{\"@id\":\"https:\/\/apuntesdesanluis.com\/index.php\/2023\/08\/15\/unsl-este-miercoles-comienza-un-seminario-de-lecturas-sobre-genero\/#primaryimage\"},\"thumbnailUrl\":\"https:\/\/apuntesdesanluis.com\/wp-content\/uploads\/2023\/08\/libros.png\",\"articleSection\":[\"Ciudad\/Provincia\"],\"inLanguage\":\"es-AR\"},{\"@type\":\"WebPage\",\"@id\":\"https:\/\/apuntesdesanluis.com\/index.php\/2023\/08\/15\/unsl-este-miercoles-comienza-un-seminario-de-lecturas-sobre-genero\/\",\"url\":\"https:\/\/apuntesdesanluis.com\/index.php\/2023\/08\/15\/unsl-este-miercoles-comienza-un-seminario-de-lecturas-sobre-genero\/\",\"name\":\"UNSL: ESTE MI\u00c9RCOLES COMIENZA UN \u201cSEMINARIO DE LECTURAS SOBRE G\u00c9NERO\u201d - Apuntes de San Luis\",\"isPartOf\":{\"@id\":\"https:\/\/apuntesdesanluis.com\/#website\"},\"primaryImageOfPage\":{\"@id\":\"https:\/\/apuntesdesanluis.com\/index.php\/2023\/08\/15\/unsl-este-miercoles-comienza-un-seminario-de-lecturas-sobre-genero\/#primaryimage\"},\"image\":{\"@id\":\"https:\/\/apuntesdesanluis.com\/index.php\/2023\/08\/15\/unsl-este-miercoles-comienza-un-seminario-de-lecturas-sobre-genero\/#primaryimage\"},\"thumbnailUrl\":\"https:\/\/apuntesdesanluis.com\/wp-content\/uploads\/2023\/08\/libros.png\",\"datePublished\":\"2023-08-15T17:41:12+00:00\",\"breadcrumb\":{\"@id\":\"https:\/\/apuntesdesanluis.com\/index.php\/2023\/08\/15\/unsl-este-miercoles-comienza-un-seminario-de-lecturas-sobre-genero\/#breadcrumb\"},\"inLanguage\":\"es-AR\",\"potentialAction\":[{\"@type\":\"ReadAction\",\"target\":[\"https:\/\/apuntesdesanluis.com\/index.php\/2023\/08\/15\/unsl-este-miercoles-comienza-un-seminario-de-lecturas-sobre-genero\/\"]}]},{\"@type\":\"ImageObject\",\"inLanguage\":\"es-AR\",\"@id\":\"https:\/\/apuntesdesanluis.com\/index.php\/2023\/08\/15\/unsl-este-miercoles-comienza-un-seminario-de-lecturas-sobre-genero\/#primaryimage\",\"url\":\"https:\/\/apuntesdesanluis.com\/wp-content\/uploads\/2023\/08\/libros.png\",\"contentUrl\":\"https:\/\/apuntesdesanluis.com\/wp-content\/uploads\/2023\/08\/libros.png\",\"width\":562,\"height\":378},{\"@type\":\"BreadcrumbList\",\"@id\":\"https:\/\/apuntesdesanluis.com\/index.php\/2023\/08\/15\/unsl-este-miercoles-comienza-un-seminario-de-lecturas-sobre-genero\/#breadcrumb\",\"itemListElement\":[{\"@type\":\"ListItem\",\"position\":1,\"name\":\"Inicio\",\"item\":\"https:\/\/apuntesdesanluis.com\/\"},{\"@type\":\"ListItem\",\"position\":2,\"name\":\"UNSL: ESTE MI\u00c9RCOLES COMIENZA UN \u201cSEMINARIO DE LECTURAS SOBRE G\u00c9NERO\u201d\"}]},{\"@type\":\"WebSite\",\"@id\":\"https:\/\/apuntesdesanluis.com\/#website\",\"url\":\"https:\/\/apuntesdesanluis.com\/\",\"name\":\"Apuntes de San Luis\",\"description\":\"\",\"publisher\":{\"@id\":\"https:\/\/apuntesdesanluis.com\/#\/schema\/person\/b55151d52296fcce64d1a72538a70b90\"},\"potentialAction\":[{\"@type\":\"SearchAction\",\"target\":{\"@type\":\"EntryPoint\",\"urlTemplate\":\"https:\/\/apuntesdesanluis.com\/?s={search_term_string}\"},\"query-input\":{\"@type\":\"PropertyValueSpecification\",\"valueRequired\":true,\"valueName\":\"search_term_string\"}}],\"inLanguage\":\"es-AR\"},{\"@type\":[\"Person\",\"Organization\"],\"@id\":\"https:\/\/apuntesdesanluis.com\/#\/schema\/person\/b55151d52296fcce64d1a72538a70b90\",\"name\":\"apuntesdesanluis.com\",\"image\":{\"@type\":\"ImageObject\",\"inLanguage\":\"es-AR\",\"@id\":\"https:\/\/apuntesdesanluis.com\/#\/schema\/person\/image\/\",\"url\":\"https:\/\/apuntesdesanluis.com\/wp-content\/uploads\/2023\/07\/cropped-apuntesdesanluis.png\",\"contentUrl\":\"https:\/\/apuntesdesanluis.com\/wp-content\/uploads\/2023\/07\/cropped-apuntesdesanluis.png\",\"width\":450,\"height\":112,\"caption\":\"apuntesdesanluis.com\"},\"logo\":{\"@id\":\"https:\/\/apuntesdesanluis.com\/#\/schema\/person\/image\/\"},\"sameAs\":[\"https:\/\/apuntesdesanluis.com\"],\"url\":\"https:\/\/apuntesdesanluis.com\/index.php\/author\/apuntesdesanluis-com\/\"}]}<\/script>\n<!-- \/ Yoast SEO plugin. -->","yoast_head_json":{"title":"UNSL: ESTE MI\u00c9RCOLES COMIENZA UN \u201cSEMINARIO DE LECTURAS SOBRE G\u00c9NERO\u201d - Apuntes de San Luis","robots":{"index":"index","follow":"follow","max-snippet":"max-snippet:-1","max-image-preview":"max-image-preview:large","max-video-preview":"max-video-preview:-1"},"canonical":"https:\/\/apuntesdesanluis.com\/index.php\/2023\/08\/15\/unsl-este-miercoles-comienza-un-seminario-de-lecturas-sobre-genero\/","og_locale":"es_ES","og_type":"article","og_title":"UNSL: ESTE MI\u00c9RCOLES COMIENZA UN \u201cSEMINARIO DE LECTURAS SOBRE G\u00c9NERO\u201d - Apuntes de San Luis","og_description":"Este mi\u00e9rcoles 16 a las 18 h inicia el Seminario de Lecturas sobre G\u00e9nero, una...","og_url":"https:\/\/apuntesdesanluis.com\/index.php\/2023\/08\/15\/unsl-este-miercoles-comienza-un-seminario-de-lecturas-sobre-genero\/","og_site_name":"Apuntes de San Luis","article_published_time":"2023-08-15T17:41:12+00:00","og_image":[{"width":562,"height":378,"url":"https:\/\/apuntesdesanluis.com\/wp-content\/uploads\/2023\/08\/libros.png","type":"image\/png"}],"author":"apuntesdesanluis.com","twitter_card":"summary_large_image","twitter_misc":{"Escrito por":"apuntesdesanluis.com","Tiempo de lectura":"2 minutos"},"schema":{"@context":"https:\/\/schema.org","@graph":[{"@type":"Article","@id":"https:\/\/apuntesdesanluis.com\/index.php\/2023\/08\/15\/unsl-este-miercoles-comienza-un-seminario-de-lecturas-sobre-genero\/#article","isPartOf":{"@id":"https:\/\/apuntesdesanluis.com\/index.php\/2023\/08\/15\/unsl-este-miercoles-comienza-un-seminario-de-lecturas-sobre-genero\/"},"author":{"name":"apuntesdesanluis.com","@id":"https:\/\/apuntesdesanluis.com\/#\/schema\/person\/b55151d52296fcce64d1a72538a70b90"},"headline":"UNSL: ESTE MI\u00c9RCOLES COMIENZA UN \u201cSEMINARIO DE LECTURAS SOBRE G\u00c9NERO\u201d","datePublished":"2023-08-15T17:41:12+00:00","mainEntityOfPage":{"@id":"https:\/\/apuntesdesanluis.com\/index.php\/2023\/08\/15\/unsl-este-miercoles-comienza-un-seminario-de-lecturas-sobre-genero\/"},"wordCount":279,"publisher":{"@id":"https:\/\/apuntesdesanluis.com\/#\/schema\/person\/b55151d52296fcce64d1a72538a70b90"},"image":{"@id":"https:\/\/apuntesdesanluis.com\/index.php\/2023\/08\/15\/unsl-este-miercoles-comienza-un-seminario-de-lecturas-sobre-genero\/#primaryimage"},"thumbnailUrl":"https:\/\/apuntesdesanluis.com\/wp-content\/uploads\/2023\/08\/libros.png","articleSection":["Ciudad\/Provincia"],"inLanguage":"es-AR"},{"@type":"WebPage","@id":"https:\/\/apuntesdesanluis.com\/index.php\/2023\/08\/15\/unsl-este-miercoles-comienza-un-seminario-de-lecturas-sobre-genero\/","url":"https:\/\/apuntesdesanluis.com\/index.php\/2023\/08\/15\/unsl-este-miercoles-comienza-un-seminario-de-lecturas-sobre-genero\/","name":"UNSL: ESTE MI\u00c9RCOLES COMIENZA UN \u201cSEMINARIO DE LECTURAS SOBRE G\u00c9NERO\u201d - Apuntes de San Luis","isPartOf":{"@id":"https:\/\/apuntesdesanluis.com\/#website"},"primaryImageOfPage":{"@id":"https:\/\/apuntesdesanluis.com\/index.php\/2023\/08\/15\/unsl-este-miercoles-comienza-un-seminario-de-lecturas-sobre-genero\/#primaryimage"},"image":{"@id":"https:\/\/apuntesdesanluis.com\/index.php\/2023\/08\/15\/unsl-este-miercoles-comienza-un-seminario-de-lecturas-sobre-genero\/#primaryimage"},"thumbnailUrl":"https:\/\/apuntesdesanluis.com\/wp-content\/uploads\/2023\/08\/libros.png","datePublished":"2023-08-15T17:41:12+00:00","breadcrumb":{"@id":"https:\/\/apuntesdesanluis.com\/index.php\/2023\/08\/15\/unsl-este-miercoles-comienza-un-seminario-de-lecturas-sobre-genero\/#breadcrumb"},"inLanguage":"es-AR","potentialAction":[{"@type":"ReadAction","target":["https:\/\/apuntesdesanluis.com\/index.php\/2023\/08\/15\/unsl-este-miercoles-comienza-un-seminario-de-lecturas-sobre-genero\/"]}]},{"@type":"ImageObject","inLanguage":"es-AR","@id":"https:\/\/apuntesdesanluis.com\/index.php\/2023\/08\/15\/unsl-este-miercoles-comienza-un-seminario-de-lecturas-sobre-genero\/#primaryimage","url":"https:\/\/apuntesdesanluis.com\/wp-content\/uploads\/2023\/08\/libros.png","contentUrl":"https:\/\/apuntesdesanluis.com\/wp-content\/uploads\/2023\/08\/libros.png","width":562,"height":378},{"@type":"BreadcrumbList","@id":"https:\/\/apuntesdesanluis.com\/index.php\/2023\/08\/15\/unsl-este-miercoles-comienza-un-seminario-de-lecturas-sobre-genero\/#breadcrumb","itemListElement":[{"@type":"ListItem","position":1,"name":"Inicio","item":"https:\/\/apuntesdesanluis.com\/"},{"@type":"ListItem","position":2,"name":"UNSL: ESTE MI\u00c9RCOLES COMIENZA UN \u201cSEMINARIO DE LECTURAS SOBRE G\u00c9NERO\u201d"}]},{"@type":"WebSite","@id":"https:\/\/apuntesdesanluis.com\/#website","url":"https:\/\/apuntesdesanluis.com\/","name":"Apuntes de San Luis","description":"","publisher":{"@id":"https:\/\/apuntesdesanluis.com\/#\/schema\/person\/b55151d52296fcce64d1a72538a70b90"},"potentialAction":[{"@type":"SearchAction","target":{"@type":"EntryPoint","urlTemplate":"https:\/\/apuntesdesanluis.com\/?s={search_term_string}"},"query-input":{"@type":"PropertyValueSpecification","valueRequired":true,"valueName":"search_term_string"}}],"inLanguage":"es-AR"},{"@type":["Person","Organization"],"@id":"https:\/\/apuntesdesanluis.com\/#\/schema\/person\/b55151d52296fcce64d1a72538a70b90","name":"apuntesdesanluis.com","image":{"@type":"ImageObject","inLanguage":"es-AR","@id":"https:\/\/apuntesdesanluis.com\/#\/schema\/person\/image\/","url":"https:\/\/apuntesdesanluis.com\/wp-content\/uploads\/2023\/07\/cropped-apuntesdesanluis.png","contentUrl":"https:\/\/apuntesdesanluis.com\/wp-content\/uploads\/2023\/07\/cropped-apuntesdesanluis.png","width":450,"height":112,"caption":"apuntesdesanluis.com"},"logo":{"@id":"https:\/\/apuntesdesanluis.com\/#\/schema\/person\/image\/"},"sameAs":["https:\/\/apuntesdesanluis.com"],"url":"https:\/\/apuntesdesanluis.com\/index.php\/author\/apuntesdesanluis-com\/"}]}},"featured_image_urls":{"full":["https:\/\/apuntesdesanluis.com\/wp-content\/uploads\/2023\/08\/libros.png",562,378,false],"thumbnail":["https:\/\/apuntesdesanluis.com\/wp-content\/uploads\/2023\/08\/libros-150x150.png",150,150,true],"medium":["https:\/\/apuntesdesanluis.com\/wp-content\/uploads\/2023\/08\/libros-300x202.png",300,202,true],"medium_large":["https:\/\/apuntesdesanluis.com\/wp-content\/uploads\/2023\/08\/libros.png",562,378,false],"large":["https:\/\/apuntesdesanluis.com\/wp-content\/uploads\/2023\/08\/libros.png",562,378,false],"1536x1536":["https:\/\/apuntesdesanluis.com\/wp-content\/uploads\/2023\/08\/libros.png",562,378,false],"2048x2048":["https:\/\/apuntesdesanluis.com\/wp-content\/uploads\/2023\/08\/libros.png",562,378,false],"newsever-slider-full":["https:\/\/apuntesdesanluis.com\/wp-content\/uploads\/2023\/08\/libros.png",562,378,false],"newsever-featured":["https:\/\/apuntesdesanluis.com\/wp-content\/uploads\/2023\/08\/libros.png",562,378,false],"newsever-medium":["https:\/\/apuntesdesanluis.com\/wp-content\/uploads\/2023\/08\/libros.png",562,378,false]},"author_info":{"display_name":"apuntesdesanluis.com","author_link":"https:\/\/apuntesdesanluis.com\/index.php\/author\/apuntesdesanluis-com\/"},"category_info":"<a href=\"https:\/\/apuntesdesanluis.com\/index.php\/category\/ciudad-provincia\/\" rel=\"category tag\">Ciudad\/Provincia<\/a>","tag_info":"Ciudad\/Provincia","comment_count":"0","_links":{"self":[{"href":"https:\/\/apuntesdesanluis.com\/index.php\/wp-json\/wp\/v2\/posts\/1625","targetHints":{"allow":["GET"]}}],"collection":[{"href":"https:\/\/apuntesdesanluis.com\/index.php\/wp-json\/wp\/v2\/posts"}],"about":[{"href":"https:\/\/apuntesdesanluis.com\/index.php\/wp-json\/wp\/v2\/types\/post"}],"author":[{"embeddable":true,"href":"https:\/\/apuntesdesanluis.com\/index.php\/wp-json\/wp\/v2\/users\/1"}],"replies":[{"embeddable":true,"href":"https:\/\/apuntesdesanluis.com\/index.php\/wp-json\/wp\/v2\/comments?post=1625"}],"version-history":[{"count":1,"href":"https:\/\/apuntesdesanluis.com\/index.php\/wp-json\/wp\/v2\/posts\/1625\/revisions"}],"predecessor-version":[{"id":1629,"href":"https:\/\/apuntesdesanluis.com\/index.php\/wp-json\/wp\/v2\/posts\/1625\/revisions\/1629"}],"wp:featuredmedia":[{"embeddable":true,"href":"https:\/\/apuntesdesanluis.com\/index.php\/wp-json\/wp\/v2\/media\/1627"}],"wp:attachment":[{"href":"https:\/\/apuntesdesanluis.com\/index.php\/wp-json\/wp\/v2\/media?parent=1625"}],"wp:term":[{"taxonomy":"category","embeddable":true,"href":"https:\/\/apuntesdesanluis.com\/index.php\/wp-json\/wp\/v2\/categories?post=1625"},{"taxonomy":"post_tag","embeddable":true,"href":"https:\/\/apuntesdesanluis.com\/index.php\/wp-json\/wp\/v2\/tags?post=1625"}],"curies":[{"name":"wp","href":"https:\/\/api.w.org\/{rel}","templated":true}]}}