{"id":16257,"date":"2024-05-15T22:33:46","date_gmt":"2024-05-16T01:33:46","guid":{"rendered":"https:\/\/apuntesdesanluis.com\/?p=16257"},"modified":"2024-05-15T22:34:17","modified_gmt":"2024-05-16T01:34:17","slug":"ya-se-puede-gestionar-el-certificado-unico-de-discapacidad-en-merlo","status":"publish","type":"post","link":"https:\/\/apuntesdesanluis.com\/index.php\/2024\/05\/15\/ya-se-puede-gestionar-el-certificado-unico-de-discapacidad-en-merlo\/","title":{"rendered":"YA SE PUEDE GESTIONAR EL CERTIFICADO \u00daNICO DE DISCAPACIDAD EN MERLO"},"content":{"rendered":"<h3>La <strong>Direcci\u00f3n de Pol\u00edticas de Discapacidad<\/strong> del Municipio de Merlo, en colaboraci\u00f3n con la Junta Evaluadora Interdisciplinaria de Personas con Discapacidad, inform\u00f3 a\u00a0la comunidad que a partir del martes 14 se encuentra disponible el servicio de tramitaci\u00f3n del <strong>Certificado \u00danico de Discapacidad<\/strong> (CUD).<\/h3>\n<h3>En las nuevas oficinas ubicadas en Juana de Azurduy 738, se brindar\u00e1 informaci\u00f3n detallada, se entregar\u00e1n las planillas correspondientes seg\u00fan las patolog\u00edas m\u00e9dicas y se recepcionar\u00e1 toda la documentaci\u00f3n necesaria para realizar el tr\u00e1mite.<\/h3>\n<h3>Este servicio estar\u00e1 disponible de lunes a viernes de 7 a 19 horas. Para m\u00e1s informaci\u00f3n, comunicarse al 2664175061.<\/h3>\n<h3><strong>CEREMONIAL DE BANDERA <\/strong><\/h3>\n<h3>Por otro lado, el viernes 10 de mayo la Casa del Poeta fue el escenario de una destacada capacitaci\u00f3n de protocolo, organizada por el municipio de Merlo a trav\u00e9s de la <strong>Direcci\u00f3n de Protocolo y Ceremonial<\/strong>.<\/h3>\n<h3>M\u00e1s de 100 personas se reunieron para asistir a esta importante jornada dirigida a autoridades provinciales y municipales, as\u00ed como a instituciones gubernamentales y civiles de Merlo y la regi\u00f3n.<\/h3>\n<p><img fetchpriority=\"high\" decoding=\"async\" class=\"wp-image-16259 aligncenter\" src=\"https:\/\/apuntesdesanluis.com\/wp-content\/uploads\/2024\/05\/jorge-sachi-300x200.jpg\" alt=\"\" width=\"594\" height=\"396\" srcset=\"https:\/\/apuntesdesanluis.com\/wp-content\/uploads\/2024\/05\/jorge-sachi-300x200.jpg 300w, https:\/\/apuntesdesanluis.com\/wp-content\/uploads\/2024\/05\/jorge-sachi.jpg 600w\" sizes=\"(max-width: 594px) 100vw, 594px\" \/><\/p>\n<h3>La capacitaci\u00f3n estuvo a cargo de <strong>Jorge Omar Sachi<\/strong>, reconocido especialista en el tema, quien desde junio de 2023 ha estado ofreciendo sus conocimientos en diferentes instituciones.<\/h3>\n<h3>En esta ocasi\u00f3n, se abordaron temas clave como el conocimiento de las partes de la bandera, la identificaci\u00f3n de los colores reales de nuestra insignia patria y las normativas sobre c\u00f3mo portar correctamente la bandera en diversos eventos patrios, incluyendo su correcta colocaci\u00f3n.<\/h3>\n<p><img decoding=\"async\" class=\"wp-image-16260 aligncenter\" src=\"https:\/\/apuntesdesanluis.com\/wp-content\/uploads\/2024\/05\/ceremonial-300x149.jpg\" alt=\"\" width=\"600\" height=\"298\" srcset=\"https:\/\/apuntesdesanluis.com\/wp-content\/uploads\/2024\/05\/ceremonial-300x149.jpg 300w, https:\/\/apuntesdesanluis.com\/wp-content\/uploads\/2024\/05\/ceremonial.jpg 689w\" sizes=\"(max-width: 600px) 100vw, 600px\" \/><\/p>\n<h3>La participaci\u00f3n fue muy activa, generando un debate enriquecedor entre los asistentes, que incluyeron representantes de Bomberos Voluntarios, Municipios de la Costa y diversas instituciones. La capacitaci\u00f3n fue un \u00e9xito rotundo, destac\u00e1ndose por el inter\u00e9s demostrado por todos los participantes en profundizar sus conocimientos sobre este importante aspecto del ceremonial y protocolo nacional.<\/h3>\n<p>&nbsp;<\/p>\n<p>&nbsp;<\/p>\n<p>&nbsp;<\/p>\n<p>&nbsp;<\/p>\n<p>&nbsp;<\/p>\n<p>&nbsp;<\/p>\n<p>&nbsp;<\/p>\n<p>&nbsp;<\/p>\n","protected":false},"excerpt":{"rendered":"<p>La Direcci\u00f3n de Pol\u00edticas de Discapacidad del Municipio de Merlo, en colaboraci\u00f3n con la Junta&#8230;<\/p>\n","protected":false},"author":1,"featured_media":16258,"comment_status":"closed","ping_status":"closed","sticky":false,"template":"","format":"standard","meta":{"footnotes":""},"categories":[6],"tags":[],"class_list":["post-16257","post","type-post","status-publish","format-standard","has-post-thumbnail","hentry","category-ciudad-provincia"],"yoast_head":"<!-- This site is optimized with the Yoast SEO plugin v26.1.1 - https:\/\/yoast.com\/wordpress\/plugins\/seo\/ -->\n<title>YA SE PUEDE GESTIONAR EL CERTIFICADO \u00daNICO DE DISCAPACIDAD EN MERLO - Apuntes de San Luis<\/title>\n<meta name=\"robots\" content=\"index, follow, max-snippet:-1, max-image-preview:large, max-video-preview:-1\" \/>\n<link rel=\"canonical\" href=\"https:\/\/apuntesdesanluis.com\/index.php\/2024\/05\/15\/ya-se-puede-gestionar-el-certificado-unico-de-discapacidad-en-merlo\/\" \/>\n<meta property=\"og:locale\" content=\"es_ES\" \/>\n<meta property=\"og:type\" content=\"article\" \/>\n<meta property=\"og:title\" content=\"YA SE PUEDE GESTIONAR EL CERTIFICADO \u00daNICO DE DISCAPACIDAD EN MERLO - Apuntes de San Luis\" \/>\n<meta property=\"og:description\" content=\"La Direcci\u00f3n de Pol\u00edticas de Discapacidad del Municipio de Merlo, en colaboraci\u00f3n con la Junta...\" \/>\n<meta property=\"og:url\" content=\"https:\/\/apuntesdesanluis.com\/index.php\/2024\/05\/15\/ya-se-puede-gestionar-el-certificado-unico-de-discapacidad-en-merlo\/\" \/>\n<meta property=\"og:site_name\" content=\"Apuntes de San Luis\" \/>\n<meta property=\"article:published_time\" content=\"2024-05-16T01:33:46+00:00\" \/>\n<meta property=\"article:modified_time\" content=\"2024-05-16T01:34:17+00:00\" \/>\n<meta property=\"og:image\" content=\"https:\/\/apuntesdesanluis.com\/wp-content\/uploads\/2024\/05\/cud.png\" \/>\n\t<meta property=\"og:image:width\" content=\"611\" \/>\n\t<meta property=\"og:image:height\" content=\"378\" \/>\n\t<meta property=\"og:image:type\" content=\"image\/png\" \/>\n<meta name=\"author\" content=\"apuntesdesanluis.com\" \/>\n<meta name=\"twitter:card\" content=\"summary_large_image\" \/>\n<meta name=\"twitter:label1\" content=\"Escrito por\" \/>\n\t<meta name=\"twitter:data1\" content=\"apuntesdesanluis.com\" \/>\n\t<meta name=\"twitter:label2\" content=\"Tiempo de lectura\" \/>\n\t<meta name=\"twitter:data2\" content=\"2 minutos\" \/>\n<script type=\"application\/ld+json\" class=\"yoast-schema-graph\">{\"@context\":\"https:\/\/schema.org\",\"@graph\":[{\"@type\":\"Article\",\"@id\":\"https:\/\/apuntesdesanluis.com\/index.php\/2024\/05\/15\/ya-se-puede-gestionar-el-certificado-unico-de-discapacidad-en-merlo\/#article\",\"isPartOf\":{\"@id\":\"https:\/\/apuntesdesanluis.com\/index.php\/2024\/05\/15\/ya-se-puede-gestionar-el-certificado-unico-de-discapacidad-en-merlo\/\"},\"author\":{\"name\":\"apuntesdesanluis.com\",\"@id\":\"https:\/\/apuntesdesanluis.com\/#\/schema\/person\/b55151d52296fcce64d1a72538a70b90\"},\"headline\":\"YA SE PUEDE GESTIONAR EL CERTIFICADO \u00daNICO DE DISCAPACIDAD EN MERLO\",\"datePublished\":\"2024-05-16T01:33:46+00:00\",\"dateModified\":\"2024-05-16T01:34:17+00:00\",\"mainEntityOfPage\":{\"@id\":\"https:\/\/apuntesdesanluis.com\/index.php\/2024\/05\/15\/ya-se-puede-gestionar-el-certificado-unico-de-discapacidad-en-merlo\/\"},\"wordCount\":327,\"publisher\":{\"@id\":\"https:\/\/apuntesdesanluis.com\/#\/schema\/person\/b55151d52296fcce64d1a72538a70b90\"},\"image\":{\"@id\":\"https:\/\/apuntesdesanluis.com\/index.php\/2024\/05\/15\/ya-se-puede-gestionar-el-certificado-unico-de-discapacidad-en-merlo\/#primaryimage\"},\"thumbnailUrl\":\"https:\/\/apuntesdesanluis.com\/wp-content\/uploads\/2024\/05\/cud.png\",\"articleSection\":[\"Ciudad\/Provincia\"],\"inLanguage\":\"es-AR\"},{\"@type\":\"WebPage\",\"@id\":\"https:\/\/apuntesdesanluis.com\/index.php\/2024\/05\/15\/ya-se-puede-gestionar-el-certificado-unico-de-discapacidad-en-merlo\/\",\"url\":\"https:\/\/apuntesdesanluis.com\/index.php\/2024\/05\/15\/ya-se-puede-gestionar-el-certificado-unico-de-discapacidad-en-merlo\/\",\"name\":\"YA SE PUEDE GESTIONAR EL CERTIFICADO \u00daNICO DE DISCAPACIDAD EN MERLO - Apuntes de San Luis\",\"isPartOf\":{\"@id\":\"https:\/\/apuntesdesanluis.com\/#website\"},\"primaryImageOfPage\":{\"@id\":\"https:\/\/apuntesdesanluis.com\/index.php\/2024\/05\/15\/ya-se-puede-gestionar-el-certificado-unico-de-discapacidad-en-merlo\/#primaryimage\"},\"image\":{\"@id\":\"https:\/\/apuntesdesanluis.com\/index.php\/2024\/05\/15\/ya-se-puede-gestionar-el-certificado-unico-de-discapacidad-en-merlo\/#primaryimage\"},\"thumbnailUrl\":\"https:\/\/apuntesdesanluis.com\/wp-content\/uploads\/2024\/05\/cud.png\",\"datePublished\":\"2024-05-16T01:33:46+00:00\",\"dateModified\":\"2024-05-16T01:34:17+00:00\",\"breadcrumb\":{\"@id\":\"https:\/\/apuntesdesanluis.com\/index.php\/2024\/05\/15\/ya-se-puede-gestionar-el-certificado-unico-de-discapacidad-en-merlo\/#breadcrumb\"},\"inLanguage\":\"es-AR\",\"potentialAction\":[{\"@type\":\"ReadAction\",\"target\":[\"https:\/\/apuntesdesanluis.com\/index.php\/2024\/05\/15\/ya-se-puede-gestionar-el-certificado-unico-de-discapacidad-en-merlo\/\"]}]},{\"@type\":\"ImageObject\",\"inLanguage\":\"es-AR\",\"@id\":\"https:\/\/apuntesdesanluis.com\/index.php\/2024\/05\/15\/ya-se-puede-gestionar-el-certificado-unico-de-discapacidad-en-merlo\/#primaryimage\",\"url\":\"https:\/\/apuntesdesanluis.com\/wp-content\/uploads\/2024\/05\/cud.png\",\"contentUrl\":\"https:\/\/apuntesdesanluis.com\/wp-content\/uploads\/2024\/05\/cud.png\",\"width\":611,\"height\":378},{\"@type\":\"BreadcrumbList\",\"@id\":\"https:\/\/apuntesdesanluis.com\/index.php\/2024\/05\/15\/ya-se-puede-gestionar-el-certificado-unico-de-discapacidad-en-merlo\/#breadcrumb\",\"itemListElement\":[{\"@type\":\"ListItem\",\"position\":1,\"name\":\"Inicio\",\"item\":\"https:\/\/apuntesdesanluis.com\/\"},{\"@type\":\"ListItem\",\"position\":2,\"name\":\"YA SE PUEDE GESTIONAR EL CERTIFICADO \u00daNICO DE DISCAPACIDAD EN MERLO\"}]},{\"@type\":\"WebSite\",\"@id\":\"https:\/\/apuntesdesanluis.com\/#website\",\"url\":\"https:\/\/apuntesdesanluis.com\/\",\"name\":\"Apuntes de San Luis\",\"description\":\"\",\"publisher\":{\"@id\":\"https:\/\/apuntesdesanluis.com\/#\/schema\/person\/b55151d52296fcce64d1a72538a70b90\"},\"potentialAction\":[{\"@type\":\"SearchAction\",\"target\":{\"@type\":\"EntryPoint\",\"urlTemplate\":\"https:\/\/apuntesdesanluis.com\/?s={search_term_string}\"},\"query-input\":{\"@type\":\"PropertyValueSpecification\",\"valueRequired\":true,\"valueName\":\"search_term_string\"}}],\"inLanguage\":\"es-AR\"},{\"@type\":[\"Person\",\"Organization\"],\"@id\":\"https:\/\/apuntesdesanluis.com\/#\/schema\/person\/b55151d52296fcce64d1a72538a70b90\",\"name\":\"apuntesdesanluis.com\",\"image\":{\"@type\":\"ImageObject\",\"inLanguage\":\"es-AR\",\"@id\":\"https:\/\/apuntesdesanluis.com\/#\/schema\/person\/image\/\",\"url\":\"https:\/\/apuntesdesanluis.com\/wp-content\/uploads\/2023\/07\/cropped-apuntesdesanluis.png\",\"contentUrl\":\"https:\/\/apuntesdesanluis.com\/wp-content\/uploads\/2023\/07\/cropped-apuntesdesanluis.png\",\"width\":450,\"height\":112,\"caption\":\"apuntesdesanluis.com\"},\"logo\":{\"@id\":\"https:\/\/apuntesdesanluis.com\/#\/schema\/person\/image\/\"},\"sameAs\":[\"https:\/\/apuntesdesanluis.com\"],\"url\":\"https:\/\/apuntesdesanluis.com\/index.php\/author\/apuntesdesanluis-com\/\"}]}<\/script>\n<!-- \/ Yoast SEO plugin. -->","yoast_head_json":{"title":"YA SE PUEDE GESTIONAR EL CERTIFICADO \u00daNICO DE DISCAPACIDAD EN MERLO - Apuntes de San Luis","robots":{"index":"index","follow":"follow","max-snippet":"max-snippet:-1","max-image-preview":"max-image-preview:large","max-video-preview":"max-video-preview:-1"},"canonical":"https:\/\/apuntesdesanluis.com\/index.php\/2024\/05\/15\/ya-se-puede-gestionar-el-certificado-unico-de-discapacidad-en-merlo\/","og_locale":"es_ES","og_type":"article","og_title":"YA SE PUEDE GESTIONAR EL CERTIFICADO \u00daNICO DE DISCAPACIDAD EN MERLO - Apuntes de San Luis","og_description":"La Direcci\u00f3n de Pol\u00edticas de Discapacidad del Municipio de Merlo, en colaboraci\u00f3n con la Junta...","og_url":"https:\/\/apuntesdesanluis.com\/index.php\/2024\/05\/15\/ya-se-puede-gestionar-el-certificado-unico-de-discapacidad-en-merlo\/","og_site_name":"Apuntes de San Luis","article_published_time":"2024-05-16T01:33:46+00:00","article_modified_time":"2024-05-16T01:34:17+00:00","og_image":[{"width":611,"height":378,"url":"https:\/\/apuntesdesanluis.com\/wp-content\/uploads\/2024\/05\/cud.png","type":"image\/png"}],"author":"apuntesdesanluis.com","twitter_card":"summary_large_image","twitter_misc":{"Escrito por":"apuntesdesanluis.com","Tiempo de lectura":"2 minutos"},"schema":{"@context":"https:\/\/schema.org","@graph":[{"@type":"Article","@id":"https:\/\/apuntesdesanluis.com\/index.php\/2024\/05\/15\/ya-se-puede-gestionar-el-certificado-unico-de-discapacidad-en-merlo\/#article","isPartOf":{"@id":"https:\/\/apuntesdesanluis.com\/index.php\/2024\/05\/15\/ya-se-puede-gestionar-el-certificado-unico-de-discapacidad-en-merlo\/"},"author":{"name":"apuntesdesanluis.com","@id":"https:\/\/apuntesdesanluis.com\/#\/schema\/person\/b55151d52296fcce64d1a72538a70b90"},"headline":"YA SE PUEDE GESTIONAR EL CERTIFICADO \u00daNICO DE DISCAPACIDAD EN MERLO","datePublished":"2024-05-16T01:33:46+00:00","dateModified":"2024-05-16T01:34:17+00:00","mainEntityOfPage":{"@id":"https:\/\/apuntesdesanluis.com\/index.php\/2024\/05\/15\/ya-se-puede-gestionar-el-certificado-unico-de-discapacidad-en-merlo\/"},"wordCount":327,"publisher":{"@id":"https:\/\/apuntesdesanluis.com\/#\/schema\/person\/b55151d52296fcce64d1a72538a70b90"},"image":{"@id":"https:\/\/apuntesdesanluis.com\/index.php\/2024\/05\/15\/ya-se-puede-gestionar-el-certificado-unico-de-discapacidad-en-merlo\/#primaryimage"},"thumbnailUrl":"https:\/\/apuntesdesanluis.com\/wp-content\/uploads\/2024\/05\/cud.png","articleSection":["Ciudad\/Provincia"],"inLanguage":"es-AR"},{"@type":"WebPage","@id":"https:\/\/apuntesdesanluis.com\/index.php\/2024\/05\/15\/ya-se-puede-gestionar-el-certificado-unico-de-discapacidad-en-merlo\/","url":"https:\/\/apuntesdesanluis.com\/index.php\/2024\/05\/15\/ya-se-puede-gestionar-el-certificado-unico-de-discapacidad-en-merlo\/","name":"YA SE PUEDE GESTIONAR EL CERTIFICADO \u00daNICO DE DISCAPACIDAD EN MERLO - Apuntes de San Luis","isPartOf":{"@id":"https:\/\/apuntesdesanluis.com\/#website"},"primaryImageOfPage":{"@id":"https:\/\/apuntesdesanluis.com\/index.php\/2024\/05\/15\/ya-se-puede-gestionar-el-certificado-unico-de-discapacidad-en-merlo\/#primaryimage"},"image":{"@id":"https:\/\/apuntesdesanluis.com\/index.php\/2024\/05\/15\/ya-se-puede-gestionar-el-certificado-unico-de-discapacidad-en-merlo\/#primaryimage"},"thumbnailUrl":"https:\/\/apuntesdesanluis.com\/wp-content\/uploads\/2024\/05\/cud.png","datePublished":"2024-05-16T01:33:46+00:00","dateModified":"2024-05-16T01:34:17+00:00","breadcrumb":{"@id":"https:\/\/apuntesdesanluis.com\/index.php\/2024\/05\/15\/ya-se-puede-gestionar-el-certificado-unico-de-discapacidad-en-merlo\/#breadcrumb"},"inLanguage":"es-AR","potentialAction":[{"@type":"ReadAction","target":["https:\/\/apuntesdesanluis.com\/index.php\/2024\/05\/15\/ya-se-puede-gestionar-el-certificado-unico-de-discapacidad-en-merlo\/"]}]},{"@type":"ImageObject","inLanguage":"es-AR","@id":"https:\/\/apuntesdesanluis.com\/index.php\/2024\/05\/15\/ya-se-puede-gestionar-el-certificado-unico-de-discapacidad-en-merlo\/#primaryimage","url":"https:\/\/apuntesdesanluis.com\/wp-content\/uploads\/2024\/05\/cud.png","contentUrl":"https:\/\/apuntesdesanluis.com\/wp-content\/uploads\/2024\/05\/cud.png","width":611,"height":378},{"@type":"BreadcrumbList","@id":"https:\/\/apuntesdesanluis.com\/index.php\/2024\/05\/15\/ya-se-puede-gestionar-el-certificado-unico-de-discapacidad-en-merlo\/#breadcrumb","itemListElement":[{"@type":"ListItem","position":1,"name":"Inicio","item":"https:\/\/apuntesdesanluis.com\/"},{"@type":"ListItem","position":2,"name":"YA SE PUEDE GESTIONAR EL CERTIFICADO \u00daNICO DE DISCAPACIDAD EN MERLO"}]},{"@type":"WebSite","@id":"https:\/\/apuntesdesanluis.com\/#website","url":"https:\/\/apuntesdesanluis.com\/","name":"Apuntes de San Luis","description":"","publisher":{"@id":"https:\/\/apuntesdesanluis.com\/#\/schema\/person\/b55151d52296fcce64d1a72538a70b90"},"potentialAction":[{"@type":"SearchAction","target":{"@type":"EntryPoint","urlTemplate":"https:\/\/apuntesdesanluis.com\/?s={search_term_string}"},"query-input":{"@type":"PropertyValueSpecification","valueRequired":true,"valueName":"search_term_string"}}],"inLanguage":"es-AR"},{"@type":["Person","Organization"],"@id":"https:\/\/apuntesdesanluis.com\/#\/schema\/person\/b55151d52296fcce64d1a72538a70b90","name":"apuntesdesanluis.com","image":{"@type":"ImageObject","inLanguage":"es-AR","@id":"https:\/\/apuntesdesanluis.com\/#\/schema\/person\/image\/","url":"https:\/\/apuntesdesanluis.com\/wp-content\/uploads\/2023\/07\/cropped-apuntesdesanluis.png","contentUrl":"https:\/\/apuntesdesanluis.com\/wp-content\/uploads\/2023\/07\/cropped-apuntesdesanluis.png","width":450,"height":112,"caption":"apuntesdesanluis.com"},"logo":{"@id":"https:\/\/apuntesdesanluis.com\/#\/schema\/person\/image\/"},"sameAs":["https:\/\/apuntesdesanluis.com"],"url":"https:\/\/apuntesdesanluis.com\/index.php\/author\/apuntesdesanluis-com\/"}]}},"featured_image_urls":{"full":["https:\/\/apuntesdesanluis.com\/wp-content\/uploads\/2024\/05\/cud.png",611,378,false],"thumbnail":["https:\/\/apuntesdesanluis.com\/wp-content\/uploads\/2024\/05\/cud-150x150.png",150,150,true],"medium":["https:\/\/apuntesdesanluis.com\/wp-content\/uploads\/2024\/05\/cud-300x186.png",300,186,true],"medium_large":["https:\/\/apuntesdesanluis.com\/wp-content\/uploads\/2024\/05\/cud.png",611,378,false],"large":["https:\/\/apuntesdesanluis.com\/wp-content\/uploads\/2024\/05\/cud.png",611,378,false],"1536x1536":["https:\/\/apuntesdesanluis.com\/wp-content\/uploads\/2024\/05\/cud.png",611,378,false],"2048x2048":["https:\/\/apuntesdesanluis.com\/wp-content\/uploads\/2024\/05\/cud.png",611,378,false],"newsever-slider-full":["https:\/\/apuntesdesanluis.com\/wp-content\/uploads\/2024\/05\/cud.png",611,378,false],"newsever-featured":["https:\/\/apuntesdesanluis.com\/wp-content\/uploads\/2024\/05\/cud.png",611,378,false],"newsever-medium":["https:\/\/apuntesdesanluis.com\/wp-content\/uploads\/2024\/05\/cud.png",611,378,false]},"author_info":{"display_name":"apuntesdesanluis.com","author_link":"https:\/\/apuntesdesanluis.com\/index.php\/author\/apuntesdesanluis-com\/"},"category_info":"<a href=\"https:\/\/apuntesdesanluis.com\/index.php\/category\/ciudad-provincia\/\" rel=\"category tag\">Ciudad\/Provincia<\/a>","tag_info":"Ciudad\/Provincia","comment_count":"0","_links":{"self":[{"href":"https:\/\/apuntesdesanluis.com\/index.php\/wp-json\/wp\/v2\/posts\/16257","targetHints":{"allow":["GET"]}}],"collection":[{"href":"https:\/\/apuntesdesanluis.com\/index.php\/wp-json\/wp\/v2\/posts"}],"about":[{"href":"https:\/\/apuntesdesanluis.com\/index.php\/wp-json\/wp\/v2\/types\/post"}],"author":[{"embeddable":true,"href":"https:\/\/apuntesdesanluis.com\/index.php\/wp-json\/wp\/v2\/users\/1"}],"replies":[{"embeddable":true,"href":"https:\/\/apuntesdesanluis.com\/index.php\/wp-json\/wp\/v2\/comments?post=16257"}],"version-history":[{"count":2,"href":"https:\/\/apuntesdesanluis.com\/index.php\/wp-json\/wp\/v2\/posts\/16257\/revisions"}],"predecessor-version":[{"id":16262,"href":"https:\/\/apuntesdesanluis.com\/index.php\/wp-json\/wp\/v2\/posts\/16257\/revisions\/16262"}],"wp:featuredmedia":[{"embeddable":true,"href":"https:\/\/apuntesdesanluis.com\/index.php\/wp-json\/wp\/v2\/media\/16258"}],"wp:attachment":[{"href":"https:\/\/apuntesdesanluis.com\/index.php\/wp-json\/wp\/v2\/media?parent=16257"}],"wp:term":[{"taxonomy":"category","embeddable":true,"href":"https:\/\/apuntesdesanluis.com\/index.php\/wp-json\/wp\/v2\/categories?post=16257"},{"taxonomy":"post_tag","embeddable":true,"href":"https:\/\/apuntesdesanluis.com\/index.php\/wp-json\/wp\/v2\/tags?post=16257"}],"curies":[{"name":"wp","href":"https:\/\/api.w.org\/{rel}","templated":true}]}}