{"id":16275,"date":"2024-05-15T23:46:53","date_gmt":"2024-05-16T02:46:53","guid":{"rendered":"https:\/\/apuntesdesanluis.com\/?p=16275"},"modified":"2024-05-15T23:46:53","modified_gmt":"2024-05-16T02:46:53","slug":"el-frente-sindical-de-universidades-nacionales-dispuso-una-jornada-de-lucha-y-un-paro-nacional","status":"publish","type":"post","link":"https:\/\/apuntesdesanluis.com\/index.php\/2024\/05\/15\/el-frente-sindical-de-universidades-nacionales-dispuso-una-jornada-de-lucha-y-un-paro-nacional\/","title":{"rendered":"EL FRENTE SINDICAL DE UNIVERSIDADES NACIONALES DISPUSO UNA JORNADA DE LUCHA Y UN PARO NACIONAL"},"content":{"rendered":"<h3>El Frente Sindical de Universidades Nacionales se reuni\u00f3 hoy en la sede de la CONADU con el fin de evaluar la situaci\u00f3n del sector universitario y aprobar un plan de lucha.<\/h3>\n<h3>Tras un mes sin respuestas del gobierno luego de la marcha universitaria, el Frente Sindical Universitario defini\u00f3 profundizar el Plan de Lucha con una Jornada de Protesta el mi\u00e9rcoles 22 de mayo y un Paro Nacional Universitario el 23 de mayo al cumplirse exactamente un mes de la hist\u00f3rica movilizaci\u00f3n en Defensa de la Universidad P\u00fablica.<\/h3>\n<h3>La medida fue tomada por la totalidad de las federaciones docentes y no docentes del pais, reunidas la tarde de este mi\u00e9rcoles 15 de mayo en la sede de CONADU.<\/h3>\n<h3>\u00abLas medidas de fuerza son una respuesta a la actitud diletante del gobierno. Pas\u00f3 un mes de una movilizaci\u00f3n hist\u00f3rica en defensa de la universidad y el gobierno juega al avestruz escondiendo la cabeza frente a la realidad. A eso se suma la provocaci\u00f3n que representa el anuncio unilateral de un acuerdo con la UBA por los gastos de funcionamiento, dejando afuera a 170 mil docentes, 50 mil no docentes y a las universidades del resto del pa\u00eds. Nadie se salva solo. Hay que destacar que muchos de esos son docentes y no docentes de la propia UBA que siguen sin respuesta con una inflaci\u00f3n que supera el 70% desde que asumi\u00f3 Milei\u00bb expres\u00f3 Federico Montero, Secretario de Organizaci\u00f3n de CONADU, la Federaci\u00f3n Nacional de Docentes Universidades.<\/h3>\n<h3>\u00abLos docentes de la UBA confiamos en que las autoridades de la UBA van a apoyar las medidas de fuerza que resolvieron las federaciones docentes y no docentes. No vamos a caer en la trampa que nos plantea el gobierno de enfrentar la situaci\u00f3n de los docentes y no docentes de la UBA con las autoridades. Pero tampoco vamos a aceptar que se d\u00e9 por superada la emergencia mientras la universidad se sostiene sobre el esfuerzo y el bolsillo de los trabajadores\u00bb se\u00f1al\u00f3 Pablo Perazzi, Secretario General de FEDUBA, el gremio que representa a los docentes e investigadores de la UBA.<\/h3>\n<p><img fetchpriority=\"high\" decoding=\"async\" class=\"wp-image-15379 aligncenter\" src=\"https:\/\/apuntesdesanluis.com\/wp-content\/uploads\/2024\/04\/MARCHA-FEDERAL-UNIVERSITARIA-300x174.png\" alt=\"\" width=\"645\" height=\"374\" srcset=\"https:\/\/apuntesdesanluis.com\/wp-content\/uploads\/2024\/04\/MARCHA-FEDERAL-UNIVERSITARIA-300x174.png 300w, https:\/\/apuntesdesanluis.com\/wp-content\/uploads\/2024\/04\/MARCHA-FEDERAL-UNIVERSITARIA.png 745w\" sizes=\"(max-width: 645px) 100vw, 645px\" \/><\/p>\n<h3>El Frente Sindical tambi\u00e9n resolvi\u00f3 apoyar las resoluciones de la asamblea convocada por organismos de derechos humanos, sindicatos y movimientos sociales en el sentido de movilizar contra la sanci\u00f3n de la llamada \u00abley bases\u00bb el d\u00eda que se trate en el Senado de la Naci\u00f3n. \u00abVemos con preocupaci\u00f3n que haya sectores de la pol\u00edtica que eval\u00faen apoyar parcialmente la ley bases a cambio de un supuesto financiamiento para la universidad p\u00fablica. La idea de una universidad para unos pocos privilegiados en un pa\u00eds que se hunde en la pobreza es una aberraci\u00f3n que no vamos a acompa\u00f1ar\u00bb se\u00f1al\u00f3 Montero.<\/h3>\n<h3>LAS RAZONES DE FONDO DEL CONFLICTO<\/h3>\n<h3>En un reciente estudio de la CONADU, se demuestra que para todo el a\u00f1o 2024 las universidades tienen asignado un presupuesto igual al presupuesto ejecutado en 2023. Para tener el mismo poder adquisitivo que en 2023, el presupuesto deber\u00eda ser hoy de $5.084.012 millones. Pero es de $1.415.919 millones. El ajuste que se ha producido, entonces, llega al 72%. Es la \u201clicuaci\u00f3n\u201d que festeja Milei.<\/h3>\n<h3>En el aspecto salarial, el mismo estudio subraya que el 90% del presupuesto universitario lo conforman los salarios de docentes y no docentes, que han perdido el 30% de su capacidad adquisitiva. El Secretario Torrendell miente cuando dice que los salarios \u201cse siguen incrementando al calor de los aumentos mensuales\u201d. Incrementar los salarios por debajo de la inflaci\u00f3n no es aumentarlos: es reducirlos.<\/h3>\n<h3>Est\u00e1 pasando en las universidades algo que no suced\u00eda desde hace m\u00e1s de 20 a\u00f1os: hay docentes por debajo de la l\u00ednea de pobreza. Por ejemplo: la categor\u00eda Ayudante con dedicaci\u00f3n semiexclusiva (20 horas) queda por debajo de la media canasta b\u00e1sica. Los salarios de bolsillo de m\u00e1s de la mitad de los cargos docentes universitarios no superan hoy la canasta que define la l\u00ednea de pobreza.<\/h3>\n<h3>\u201cLa p\u00e9rdida de poder adquisitivo de los salarios, con la inflaci\u00f3n acumulada del 8,8 % en el mes de abril, se ha agudizado y la Secretar\u00eda de Educaci\u00f3n no convoc\u00f3 a reuni\u00f3n paritaria para resolver el incremento porcentual para el mes de mayo, no present\u00f3 una propuesta de recuperaci\u00f3n de la p\u00e9rdida salarial acumulada desde el mes de diciembre, no increment\u00f3 la garant\u00eda salarial para los cargos de menores ingresos y no pag\u00f3 el FONID. Por esa raz\u00f3n convocamos a 48 horas de protesta para los d\u00edas 22 y 23: 24 horas de visibilizaci\u00f3n del conflicto y 24 horas de paro sin concurrencias a los lugares de trabajo\u201d, anunciaron las organizaciones sindicales.<\/h3>\n<h3>\u201cLa propuesta realizada por el Gobierno Nacional para resolver la situaci\u00f3n presupuestaria cr\u00edtica de la Universidad de Buenos Aires muestra que la contundencia de la marcha del 23 cambi\u00f3 las condiciones de negociaci\u00f3n. Ahora falta el presupuesto de todas las universidades del pa\u00eds, el salario de docentes y nodocentes y las becas para que las y los estudiantes puedan ingresar, permanecer y graduarse. No podemos esperar m\u00e1s\u201d.<\/h3>\n<h3>El Frente Sindical de Universidades Nacionales considera que la situaci\u00f3n cr\u00edtica de la Universidad P\u00fablica se debe resolver integralmente: presupuesto para funcionar, becas para estudiar y salarios dignos para sus trabajadoras y trabajadores docentes y nodocentes.<\/h3>\n<h3>\u201cDefendamos colectivamente la Universidad P\u00fablica. La salida es con m\u00e1s ciencia y tecnolog\u00eda, con m\u00e1s estudiantes, con m\u00e1s territorialidad\u201d, indic\u00f3 el pronunciamiento firmado por CONADU, CONADU Hist\u00f3rica, FEDUN, FAGDUT, UDA, CTERA y FATUN.<\/h3>\n<p>&nbsp;<\/p>\n<p>&nbsp;<\/p>\n<p>&nbsp;<\/p>\n<p>&nbsp;<\/p>\n<p>&nbsp;<\/p>\n<p>&nbsp;<\/p>\n","protected":false},"excerpt":{"rendered":"<p>El Frente Sindical de Universidades Nacionales se reuni\u00f3 hoy en la sede de la CONADU&#8230;<\/p>\n","protected":false},"author":1,"featured_media":16276,"comment_status":"closed","ping_status":"closed","sticky":false,"template":"","format":"standard","meta":{"footnotes":""},"categories":[5],"tags":[],"class_list":["post-16275","post","type-post","status-publish","format-standard","has-post-thumbnail","hentry","category-nacionales-internacionales"],"yoast_head":"<!-- This site is optimized with the Yoast SEO plugin v26.1.1 - https:\/\/yoast.com\/wordpress\/plugins\/seo\/ -->\n<title>EL FRENTE SINDICAL DE UNIVERSIDADES NACIONALES DISPUSO UNA JORNADA DE LUCHA Y UN PARO NACIONAL - Apuntes de San Luis<\/title>\n<meta name=\"robots\" content=\"index, follow, max-snippet:-1, max-image-preview:large, max-video-preview:-1\" \/>\n<link rel=\"canonical\" href=\"https:\/\/apuntesdesanluis.com\/index.php\/2024\/05\/15\/el-frente-sindical-de-universidades-nacionales-dispuso-una-jornada-de-lucha-y-un-paro-nacional\/\" \/>\n<meta property=\"og:locale\" content=\"es_ES\" \/>\n<meta property=\"og:type\" content=\"article\" \/>\n<meta property=\"og:title\" content=\"EL FRENTE SINDICAL DE UNIVERSIDADES NACIONALES DISPUSO UNA JORNADA DE LUCHA Y UN PARO NACIONAL - Apuntes de San Luis\" \/>\n<meta property=\"og:description\" content=\"El Frente Sindical de Universidades Nacionales se reuni\u00f3 hoy en la sede de la CONADU...\" \/>\n<meta property=\"og:url\" content=\"https:\/\/apuntesdesanluis.com\/index.php\/2024\/05\/15\/el-frente-sindical-de-universidades-nacionales-dispuso-una-jornada-de-lucha-y-un-paro-nacional\/\" \/>\n<meta property=\"og:site_name\" content=\"Apuntes de San Luis\" \/>\n<meta property=\"article:published_time\" content=\"2024-05-16T02:46:53+00:00\" \/>\n<meta property=\"og:image\" content=\"https:\/\/apuntesdesanluis.com\/wp-content\/uploads\/2024\/05\/paro-de-univeridades.png\" \/>\n\t<meta property=\"og:image:width\" content=\"700\" \/>\n\t<meta property=\"og:image:height\" content=\"413\" \/>\n\t<meta property=\"og:image:type\" content=\"image\/png\" \/>\n<meta name=\"author\" content=\"apuntesdesanluis.com\" \/>\n<meta name=\"twitter:card\" content=\"summary_large_image\" \/>\n<meta name=\"twitter:label1\" content=\"Escrito por\" \/>\n\t<meta name=\"twitter:data1\" content=\"apuntesdesanluis.com\" \/>\n\t<meta name=\"twitter:label2\" content=\"Tiempo de lectura\" \/>\n\t<meta name=\"twitter:data2\" content=\"5 minutos\" \/>\n<script type=\"application\/ld+json\" class=\"yoast-schema-graph\">{\"@context\":\"https:\/\/schema.org\",\"@graph\":[{\"@type\":\"Article\",\"@id\":\"https:\/\/apuntesdesanluis.com\/index.php\/2024\/05\/15\/el-frente-sindical-de-universidades-nacionales-dispuso-una-jornada-de-lucha-y-un-paro-nacional\/#article\",\"isPartOf\":{\"@id\":\"https:\/\/apuntesdesanluis.com\/index.php\/2024\/05\/15\/el-frente-sindical-de-universidades-nacionales-dispuso-una-jornada-de-lucha-y-un-paro-nacional\/\"},\"author\":{\"name\":\"apuntesdesanluis.com\",\"@id\":\"https:\/\/apuntesdesanluis.com\/#\/schema\/person\/b55151d52296fcce64d1a72538a70b90\"},\"headline\":\"EL FRENTE SINDICAL DE UNIVERSIDADES NACIONALES DISPUSO UNA JORNADA DE LUCHA Y UN PARO NACIONAL\",\"datePublished\":\"2024-05-16T02:46:53+00:00\",\"mainEntityOfPage\":{\"@id\":\"https:\/\/apuntesdesanluis.com\/index.php\/2024\/05\/15\/el-frente-sindical-de-universidades-nacionales-dispuso-una-jornada-de-lucha-y-un-paro-nacional\/\"},\"wordCount\":955,\"publisher\":{\"@id\":\"https:\/\/apuntesdesanluis.com\/#\/schema\/person\/b55151d52296fcce64d1a72538a70b90\"},\"image\":{\"@id\":\"https:\/\/apuntesdesanluis.com\/index.php\/2024\/05\/15\/el-frente-sindical-de-universidades-nacionales-dispuso-una-jornada-de-lucha-y-un-paro-nacional\/#primaryimage\"},\"thumbnailUrl\":\"https:\/\/apuntesdesanluis.com\/wp-content\/uploads\/2024\/05\/paro-de-univeridades.png\",\"articleSection\":[\"Nacionales\/Internacionales\"],\"inLanguage\":\"es-AR\"},{\"@type\":\"WebPage\",\"@id\":\"https:\/\/apuntesdesanluis.com\/index.php\/2024\/05\/15\/el-frente-sindical-de-universidades-nacionales-dispuso-una-jornada-de-lucha-y-un-paro-nacional\/\",\"url\":\"https:\/\/apuntesdesanluis.com\/index.php\/2024\/05\/15\/el-frente-sindical-de-universidades-nacionales-dispuso-una-jornada-de-lucha-y-un-paro-nacional\/\",\"name\":\"EL FRENTE SINDICAL DE UNIVERSIDADES NACIONALES DISPUSO UNA JORNADA DE LUCHA Y UN PARO NACIONAL - Apuntes de San Luis\",\"isPartOf\":{\"@id\":\"https:\/\/apuntesdesanluis.com\/#website\"},\"primaryImageOfPage\":{\"@id\":\"https:\/\/apuntesdesanluis.com\/index.php\/2024\/05\/15\/el-frente-sindical-de-universidades-nacionales-dispuso-una-jornada-de-lucha-y-un-paro-nacional\/#primaryimage\"},\"image\":{\"@id\":\"https:\/\/apuntesdesanluis.com\/index.php\/2024\/05\/15\/el-frente-sindical-de-universidades-nacionales-dispuso-una-jornada-de-lucha-y-un-paro-nacional\/#primaryimage\"},\"thumbnailUrl\":\"https:\/\/apuntesdesanluis.com\/wp-content\/uploads\/2024\/05\/paro-de-univeridades.png\",\"datePublished\":\"2024-05-16T02:46:53+00:00\",\"breadcrumb\":{\"@id\":\"https:\/\/apuntesdesanluis.com\/index.php\/2024\/05\/15\/el-frente-sindical-de-universidades-nacionales-dispuso-una-jornada-de-lucha-y-un-paro-nacional\/#breadcrumb\"},\"inLanguage\":\"es-AR\",\"potentialAction\":[{\"@type\":\"ReadAction\",\"target\":[\"https:\/\/apuntesdesanluis.com\/index.php\/2024\/05\/15\/el-frente-sindical-de-universidades-nacionales-dispuso-una-jornada-de-lucha-y-un-paro-nacional\/\"]}]},{\"@type\":\"ImageObject\",\"inLanguage\":\"es-AR\",\"@id\":\"https:\/\/apuntesdesanluis.com\/index.php\/2024\/05\/15\/el-frente-sindical-de-universidades-nacionales-dispuso-una-jornada-de-lucha-y-un-paro-nacional\/#primaryimage\",\"url\":\"https:\/\/apuntesdesanluis.com\/wp-content\/uploads\/2024\/05\/paro-de-univeridades.png\",\"contentUrl\":\"https:\/\/apuntesdesanluis.com\/wp-content\/uploads\/2024\/05\/paro-de-univeridades.png\",\"width\":700,\"height\":413},{\"@type\":\"BreadcrumbList\",\"@id\":\"https:\/\/apuntesdesanluis.com\/index.php\/2024\/05\/15\/el-frente-sindical-de-universidades-nacionales-dispuso-una-jornada-de-lucha-y-un-paro-nacional\/#breadcrumb\",\"itemListElement\":[{\"@type\":\"ListItem\",\"position\":1,\"name\":\"Inicio\",\"item\":\"https:\/\/apuntesdesanluis.com\/\"},{\"@type\":\"ListItem\",\"position\":2,\"name\":\"EL FRENTE SINDICAL DE UNIVERSIDADES NACIONALES DISPUSO UNA JORNADA DE LUCHA Y UN PARO NACIONAL\"}]},{\"@type\":\"WebSite\",\"@id\":\"https:\/\/apuntesdesanluis.com\/#website\",\"url\":\"https:\/\/apuntesdesanluis.com\/\",\"name\":\"Apuntes de San Luis\",\"description\":\"\",\"publisher\":{\"@id\":\"https:\/\/apuntesdesanluis.com\/#\/schema\/person\/b55151d52296fcce64d1a72538a70b90\"},\"potentialAction\":[{\"@type\":\"SearchAction\",\"target\":{\"@type\":\"EntryPoint\",\"urlTemplate\":\"https:\/\/apuntesdesanluis.com\/?s={search_term_string}\"},\"query-input\":{\"@type\":\"PropertyValueSpecification\",\"valueRequired\":true,\"valueName\":\"search_term_string\"}}],\"inLanguage\":\"es-AR\"},{\"@type\":[\"Person\",\"Organization\"],\"@id\":\"https:\/\/apuntesdesanluis.com\/#\/schema\/person\/b55151d52296fcce64d1a72538a70b90\",\"name\":\"apuntesdesanluis.com\",\"image\":{\"@type\":\"ImageObject\",\"inLanguage\":\"es-AR\",\"@id\":\"https:\/\/apuntesdesanluis.com\/#\/schema\/person\/image\/\",\"url\":\"https:\/\/apuntesdesanluis.com\/wp-content\/uploads\/2023\/07\/cropped-apuntesdesanluis.png\",\"contentUrl\":\"https:\/\/apuntesdesanluis.com\/wp-content\/uploads\/2023\/07\/cropped-apuntesdesanluis.png\",\"width\":450,\"height\":112,\"caption\":\"apuntesdesanluis.com\"},\"logo\":{\"@id\":\"https:\/\/apuntesdesanluis.com\/#\/schema\/person\/image\/\"},\"sameAs\":[\"https:\/\/apuntesdesanluis.com\"],\"url\":\"https:\/\/apuntesdesanluis.com\/index.php\/author\/apuntesdesanluis-com\/\"}]}<\/script>\n<!-- \/ Yoast SEO plugin. -->","yoast_head_json":{"title":"EL FRENTE SINDICAL DE UNIVERSIDADES NACIONALES DISPUSO UNA JORNADA DE LUCHA Y UN PARO NACIONAL - Apuntes de San Luis","robots":{"index":"index","follow":"follow","max-snippet":"max-snippet:-1","max-image-preview":"max-image-preview:large","max-video-preview":"max-video-preview:-1"},"canonical":"https:\/\/apuntesdesanluis.com\/index.php\/2024\/05\/15\/el-frente-sindical-de-universidades-nacionales-dispuso-una-jornada-de-lucha-y-un-paro-nacional\/","og_locale":"es_ES","og_type":"article","og_title":"EL FRENTE SINDICAL DE UNIVERSIDADES NACIONALES DISPUSO UNA JORNADA DE LUCHA Y UN PARO NACIONAL - Apuntes de San Luis","og_description":"El Frente Sindical de Universidades Nacionales se reuni\u00f3 hoy en la sede de la CONADU...","og_url":"https:\/\/apuntesdesanluis.com\/index.php\/2024\/05\/15\/el-frente-sindical-de-universidades-nacionales-dispuso-una-jornada-de-lucha-y-un-paro-nacional\/","og_site_name":"Apuntes de San Luis","article_published_time":"2024-05-16T02:46:53+00:00","og_image":[{"width":700,"height":413,"url":"https:\/\/apuntesdesanluis.com\/wp-content\/uploads\/2024\/05\/paro-de-univeridades.png","type":"image\/png"}],"author":"apuntesdesanluis.com","twitter_card":"summary_large_image","twitter_misc":{"Escrito por":"apuntesdesanluis.com","Tiempo de lectura":"5 minutos"},"schema":{"@context":"https:\/\/schema.org","@graph":[{"@type":"Article","@id":"https:\/\/apuntesdesanluis.com\/index.php\/2024\/05\/15\/el-frente-sindical-de-universidades-nacionales-dispuso-una-jornada-de-lucha-y-un-paro-nacional\/#article","isPartOf":{"@id":"https:\/\/apuntesdesanluis.com\/index.php\/2024\/05\/15\/el-frente-sindical-de-universidades-nacionales-dispuso-una-jornada-de-lucha-y-un-paro-nacional\/"},"author":{"name":"apuntesdesanluis.com","@id":"https:\/\/apuntesdesanluis.com\/#\/schema\/person\/b55151d52296fcce64d1a72538a70b90"},"headline":"EL FRENTE SINDICAL DE UNIVERSIDADES NACIONALES DISPUSO UNA JORNADA DE LUCHA Y UN PARO NACIONAL","datePublished":"2024-05-16T02:46:53+00:00","mainEntityOfPage":{"@id":"https:\/\/apuntesdesanluis.com\/index.php\/2024\/05\/15\/el-frente-sindical-de-universidades-nacionales-dispuso-una-jornada-de-lucha-y-un-paro-nacional\/"},"wordCount":955,"publisher":{"@id":"https:\/\/apuntesdesanluis.com\/#\/schema\/person\/b55151d52296fcce64d1a72538a70b90"},"image":{"@id":"https:\/\/apuntesdesanluis.com\/index.php\/2024\/05\/15\/el-frente-sindical-de-universidades-nacionales-dispuso-una-jornada-de-lucha-y-un-paro-nacional\/#primaryimage"},"thumbnailUrl":"https:\/\/apuntesdesanluis.com\/wp-content\/uploads\/2024\/05\/paro-de-univeridades.png","articleSection":["Nacionales\/Internacionales"],"inLanguage":"es-AR"},{"@type":"WebPage","@id":"https:\/\/apuntesdesanluis.com\/index.php\/2024\/05\/15\/el-frente-sindical-de-universidades-nacionales-dispuso-una-jornada-de-lucha-y-un-paro-nacional\/","url":"https:\/\/apuntesdesanluis.com\/index.php\/2024\/05\/15\/el-frente-sindical-de-universidades-nacionales-dispuso-una-jornada-de-lucha-y-un-paro-nacional\/","name":"EL FRENTE SINDICAL DE UNIVERSIDADES NACIONALES DISPUSO UNA JORNADA DE LUCHA Y UN PARO NACIONAL - Apuntes de San Luis","isPartOf":{"@id":"https:\/\/apuntesdesanluis.com\/#website"},"primaryImageOfPage":{"@id":"https:\/\/apuntesdesanluis.com\/index.php\/2024\/05\/15\/el-frente-sindical-de-universidades-nacionales-dispuso-una-jornada-de-lucha-y-un-paro-nacional\/#primaryimage"},"image":{"@id":"https:\/\/apuntesdesanluis.com\/index.php\/2024\/05\/15\/el-frente-sindical-de-universidades-nacionales-dispuso-una-jornada-de-lucha-y-un-paro-nacional\/#primaryimage"},"thumbnailUrl":"https:\/\/apuntesdesanluis.com\/wp-content\/uploads\/2024\/05\/paro-de-univeridades.png","datePublished":"2024-05-16T02:46:53+00:00","breadcrumb":{"@id":"https:\/\/apuntesdesanluis.com\/index.php\/2024\/05\/15\/el-frente-sindical-de-universidades-nacionales-dispuso-una-jornada-de-lucha-y-un-paro-nacional\/#breadcrumb"},"inLanguage":"es-AR","potentialAction":[{"@type":"ReadAction","target":["https:\/\/apuntesdesanluis.com\/index.php\/2024\/05\/15\/el-frente-sindical-de-universidades-nacionales-dispuso-una-jornada-de-lucha-y-un-paro-nacional\/"]}]},{"@type":"ImageObject","inLanguage":"es-AR","@id":"https:\/\/apuntesdesanluis.com\/index.php\/2024\/05\/15\/el-frente-sindical-de-universidades-nacionales-dispuso-una-jornada-de-lucha-y-un-paro-nacional\/#primaryimage","url":"https:\/\/apuntesdesanluis.com\/wp-content\/uploads\/2024\/05\/paro-de-univeridades.png","contentUrl":"https:\/\/apuntesdesanluis.com\/wp-content\/uploads\/2024\/05\/paro-de-univeridades.png","width":700,"height":413},{"@type":"BreadcrumbList","@id":"https:\/\/apuntesdesanluis.com\/index.php\/2024\/05\/15\/el-frente-sindical-de-universidades-nacionales-dispuso-una-jornada-de-lucha-y-un-paro-nacional\/#breadcrumb","itemListElement":[{"@type":"ListItem","position":1,"name":"Inicio","item":"https:\/\/apuntesdesanluis.com\/"},{"@type":"ListItem","position":2,"name":"EL FRENTE SINDICAL DE UNIVERSIDADES NACIONALES DISPUSO UNA JORNADA DE LUCHA Y UN PARO NACIONAL"}]},{"@type":"WebSite","@id":"https:\/\/apuntesdesanluis.com\/#website","url":"https:\/\/apuntesdesanluis.com\/","name":"Apuntes de San Luis","description":"","publisher":{"@id":"https:\/\/apuntesdesanluis.com\/#\/schema\/person\/b55151d52296fcce64d1a72538a70b90"},"potentialAction":[{"@type":"SearchAction","target":{"@type":"EntryPoint","urlTemplate":"https:\/\/apuntesdesanluis.com\/?s={search_term_string}"},"query-input":{"@type":"PropertyValueSpecification","valueRequired":true,"valueName":"search_term_string"}}],"inLanguage":"es-AR"},{"@type":["Person","Organization"],"@id":"https:\/\/apuntesdesanluis.com\/#\/schema\/person\/b55151d52296fcce64d1a72538a70b90","name":"apuntesdesanluis.com","image":{"@type":"ImageObject","inLanguage":"es-AR","@id":"https:\/\/apuntesdesanluis.com\/#\/schema\/person\/image\/","url":"https:\/\/apuntesdesanluis.com\/wp-content\/uploads\/2023\/07\/cropped-apuntesdesanluis.png","contentUrl":"https:\/\/apuntesdesanluis.com\/wp-content\/uploads\/2023\/07\/cropped-apuntesdesanluis.png","width":450,"height":112,"caption":"apuntesdesanluis.com"},"logo":{"@id":"https:\/\/apuntesdesanluis.com\/#\/schema\/person\/image\/"},"sameAs":["https:\/\/apuntesdesanluis.com"],"url":"https:\/\/apuntesdesanluis.com\/index.php\/author\/apuntesdesanluis-com\/"}]}},"featured_image_urls":{"full":["https:\/\/apuntesdesanluis.com\/wp-content\/uploads\/2024\/05\/paro-de-univeridades.png",700,413,false],"thumbnail":["https:\/\/apuntesdesanluis.com\/wp-content\/uploads\/2024\/05\/paro-de-univeridades-150x150.png",150,150,true],"medium":["https:\/\/apuntesdesanluis.com\/wp-content\/uploads\/2024\/05\/paro-de-univeridades-300x177.png",300,177,true],"medium_large":["https:\/\/apuntesdesanluis.com\/wp-content\/uploads\/2024\/05\/paro-de-univeridades.png",640,378,false],"large":["https:\/\/apuntesdesanluis.com\/wp-content\/uploads\/2024\/05\/paro-de-univeridades.png",640,378,false],"1536x1536":["https:\/\/apuntesdesanluis.com\/wp-content\/uploads\/2024\/05\/paro-de-univeridades.png",700,413,false],"2048x2048":["https:\/\/apuntesdesanluis.com\/wp-content\/uploads\/2024\/05\/paro-de-univeridades.png",700,413,false],"newsever-slider-full":["https:\/\/apuntesdesanluis.com\/wp-content\/uploads\/2024\/05\/paro-de-univeridades.png",700,413,false],"newsever-featured":["https:\/\/apuntesdesanluis.com\/wp-content\/uploads\/2024\/05\/paro-de-univeridades.png",700,413,false],"newsever-medium":["https:\/\/apuntesdesanluis.com\/wp-content\/uploads\/2024\/05\/paro-de-univeridades.png",700,413,false]},"author_info":{"display_name":"apuntesdesanluis.com","author_link":"https:\/\/apuntesdesanluis.com\/index.php\/author\/apuntesdesanluis-com\/"},"category_info":"<a href=\"https:\/\/apuntesdesanluis.com\/index.php\/category\/nacionales-internacionales\/\" rel=\"category tag\">Nacionales\/Internacionales<\/a>","tag_info":"Nacionales\/Internacionales","comment_count":"0","_links":{"self":[{"href":"https:\/\/apuntesdesanluis.com\/index.php\/wp-json\/wp\/v2\/posts\/16275","targetHints":{"allow":["GET"]}}],"collection":[{"href":"https:\/\/apuntesdesanluis.com\/index.php\/wp-json\/wp\/v2\/posts"}],"about":[{"href":"https:\/\/apuntesdesanluis.com\/index.php\/wp-json\/wp\/v2\/types\/post"}],"author":[{"embeddable":true,"href":"https:\/\/apuntesdesanluis.com\/index.php\/wp-json\/wp\/v2\/users\/1"}],"replies":[{"embeddable":true,"href":"https:\/\/apuntesdesanluis.com\/index.php\/wp-json\/wp\/v2\/comments?post=16275"}],"version-history":[{"count":1,"href":"https:\/\/apuntesdesanluis.com\/index.php\/wp-json\/wp\/v2\/posts\/16275\/revisions"}],"predecessor-version":[{"id":16277,"href":"https:\/\/apuntesdesanluis.com\/index.php\/wp-json\/wp\/v2\/posts\/16275\/revisions\/16277"}],"wp:featuredmedia":[{"embeddable":true,"href":"https:\/\/apuntesdesanluis.com\/index.php\/wp-json\/wp\/v2\/media\/16276"}],"wp:attachment":[{"href":"https:\/\/apuntesdesanluis.com\/index.php\/wp-json\/wp\/v2\/media?parent=16275"}],"wp:term":[{"taxonomy":"category","embeddable":true,"href":"https:\/\/apuntesdesanluis.com\/index.php\/wp-json\/wp\/v2\/categories?post=16275"},{"taxonomy":"post_tag","embeddable":true,"href":"https:\/\/apuntesdesanluis.com\/index.php\/wp-json\/wp\/v2\/tags?post=16275"}],"curies":[{"name":"wp","href":"https:\/\/api.w.org\/{rel}","templated":true}]}}