{"id":16278,"date":"2024-05-15T23:58:43","date_gmt":"2024-05-16T02:58:43","guid":{"rendered":"https:\/\/apuntesdesanluis.com\/?p=16278"},"modified":"2024-05-15T23:58:43","modified_gmt":"2024-05-16T02:58:43","slug":"multiple-accidente-en-la-autopista-de-las-serranias-puntanas-pero-sin-heridos","status":"publish","type":"post","link":"https:\/\/apuntesdesanluis.com\/index.php\/2024\/05\/15\/multiple-accidente-en-la-autopista-de-las-serranias-puntanas-pero-sin-heridos\/","title":{"rendered":"M\u00daLTIPLE ACCIDENTE EN LA AUTOPISTA DE LAS SERRAN\u00cdAS PUNTANAS PERO SIN HERIDOS"},"content":{"rendered":"<h3>Este mi\u00e9rcoles por la tarde se produjo un accidente en el kil\u00f3metro 733 de la Autopista Serran\u00edas Puntanas, en cercan\u00edas a la localidad de Fraga, con varios veh\u00edculos involucrados.<\/h3>\n<h3>En ese lugar, y por razones que se tratan de establecer, un cami\u00f3n Volvo con semirremolque cargado con un generador de corriente y una motocarga -que circulaba de oeste a este- sufri\u00f3 el incendio de la carga.<\/h3>\n<p><img fetchpriority=\"high\" decoding=\"async\" class=\"wp-image-16280 aligncenter\" src=\"https:\/\/apuntesdesanluis.com\/wp-content\/uploads\/2024\/05\/CAMION-VOLVO-300x219.jpg\" alt=\"\" width=\"603\" height=\"440\" srcset=\"https:\/\/apuntesdesanluis.com\/wp-content\/uploads\/2024\/05\/CAMION-VOLVO-300x219.jpg 300w, https:\/\/apuntesdesanluis.com\/wp-content\/uploads\/2024\/05\/CAMION-VOLVO.jpg 600w\" sizes=\"(max-width: 603px) 100vw, 603px\" \/><\/p>\n<h3>El conductor, de apellido Mansilla, logr\u00f3 estacionar en la banquina y desenganchar el semirremolque.<\/h3>\n<p><img decoding=\"async\" class=\"wp-image-16281 aligncenter\" src=\"https:\/\/apuntesdesanluis.com\/wp-content\/uploads\/2024\/05\/ACOPLADO-QUEMADO-300x164.jpg\" alt=\"\" width=\"604\" height=\"330\" srcset=\"https:\/\/apuntesdesanluis.com\/wp-content\/uploads\/2024\/05\/ACOPLADO-QUEMADO-300x164.jpg 300w, https:\/\/apuntesdesanluis.com\/wp-content\/uploads\/2024\/05\/ACOPLADO-QUEMADO.jpg 600w\" sizes=\"(max-width: 604px) 100vw, 604px\" \/><\/p>\n<h3>Luego, acudi\u00f3 a ese sitio un cami\u00f3n de Bomberos Voluntarios de Fraga y, al momento de acercarse al semirremolque para controlar el incendio, fue impactado por un auto Peugeot 208 conducido por un hombre de apellido <strong>Migliorisi<\/strong>, domiciliado en Gerli, provincia de Buenos Aires.<\/h3>\n<p><img decoding=\"async\" class=\"wp-image-16282 aligncenter\" src=\"https:\/\/apuntesdesanluis.com\/wp-content\/uploads\/2024\/05\/AMBULANCIA-CHOCADA-300x179.jpg\" alt=\"\" width=\"603\" height=\"360\" srcset=\"https:\/\/apuntesdesanluis.com\/wp-content\/uploads\/2024\/05\/AMBULANCIA-CHOCADA-300x179.jpg 300w, https:\/\/apuntesdesanluis.com\/wp-content\/uploads\/2024\/05\/AMBULANCIA-CHOCADA.jpg 700w\" sizes=\"(max-width: 603px) 100vw, 603px\" \/><\/p>\n<h3>Producto de esa colisi\u00f3n, el cami\u00f3n de bomberos se desplaz\u00f3 e impact\u00f3 contra el lateral de otro cami\u00f3n Volvo con semirremolque que hab\u00eda estacionado en la banquina, cuyo chofer es un hombre de apellido Bogaerc, oriundo de Villa Mar\u00eda, provincia de C\u00f3rdoba.<\/h3>\n<h3>Como consecuencia del accidente, solo hubo que lamentar da\u00f1os materiales, de acuerdo a lo informado por personal del Departamento de Seguridad Vial 2, dependiente de la Direcci\u00f3n General de Polic\u00eda Caminera y Seguridad Vial.<\/h3>\n<p><img loading=\"lazy\" decoding=\"async\" class=\"wp-image-16283 aligncenter\" src=\"https:\/\/apuntesdesanluis.com\/wp-content\/uploads\/2024\/05\/ACCIDENTE-DE-VARIOS-300x167.jpg\" alt=\"\" width=\"614\" height=\"342\" srcset=\"https:\/\/apuntesdesanluis.com\/wp-content\/uploads\/2024\/05\/ACCIDENTE-DE-VARIOS-300x167.jpg 300w, https:\/\/apuntesdesanluis.com\/wp-content\/uploads\/2024\/05\/ACCIDENTE-DE-VARIOS.jpg 600w\" sizes=\"(max-width: 614px) 100vw, 614px\" \/><\/p>\n<h3>Personal de la Comisar\u00eda de Fraga se hizo cargo de las actuaciones de rigor, mientras que personal del Departamento de Seguridad Vial 2 realiz\u00f3 las tareas de se\u00f1alizaci\u00f3n y regularizaci\u00f3n del tr\u00e1nsito, debido a que la carpeta asf\u00e1ltica qued\u00f3 obstaculizada por los veh\u00edculos accidentados.<\/h3>\n<p>&nbsp;<\/p>\n<div style=\"width: 472px;\" class=\"wp-video\"><!--[if lt IE 9]><script>document.createElement('video');<\/script><![endif]-->\n<video class=\"wp-video-shortcode\" id=\"video-16278-1\" width=\"472\" height=\"848\" preload=\"metadata\" controls=\"controls\"><source type=\"video\/mp4\" src=\"https:\/\/apuntesdesanluis.com\/wp-content\/uploads\/2024\/05\/INCENDIO-DE-CAMION.mp4?_=1\" \/><a href=\"https:\/\/apuntesdesanluis.com\/wp-content\/uploads\/2024\/05\/INCENDIO-DE-CAMION.mp4\">https:\/\/apuntesdesanluis.com\/wp-content\/uploads\/2024\/05\/INCENDIO-DE-CAMION.mp4<\/a><\/video><\/div>\n<p>&nbsp;<\/p>\n<p>&nbsp;<\/p>\n<p>&nbsp;<\/p>\n<p>&nbsp;<\/p>\n","protected":false},"excerpt":{"rendered":"<p>Este mi\u00e9rcoles por la tarde se produjo un accidente en el kil\u00f3metro 733 de la&#8230;<\/p>\n","protected":false},"author":1,"featured_media":16279,"comment_status":"closed","ping_status":"closed","sticky":false,"template":"","format":"standard","meta":{"footnotes":""},"categories":[6],"tags":[],"class_list":["post-16278","post","type-post","status-publish","format-standard","has-post-thumbnail","hentry","category-ciudad-provincia"],"yoast_head":"<!-- This site is optimized with the Yoast SEO plugin v26.1.1 - https:\/\/yoast.com\/wordpress\/plugins\/seo\/ -->\n<title>M\u00daLTIPLE ACCIDENTE EN LA AUTOPISTA DE LAS SERRAN\u00cdAS PUNTANAS PERO SIN HERIDOS - Apuntes de San Luis<\/title>\n<meta name=\"robots\" content=\"index, follow, max-snippet:-1, max-image-preview:large, max-video-preview:-1\" \/>\n<link rel=\"canonical\" href=\"https:\/\/apuntesdesanluis.com\/index.php\/2024\/05\/15\/multiple-accidente-en-la-autopista-de-las-serranias-puntanas-pero-sin-heridos\/\" \/>\n<meta property=\"og:locale\" content=\"es_ES\" \/>\n<meta property=\"og:type\" content=\"article\" \/>\n<meta property=\"og:title\" content=\"M\u00daLTIPLE ACCIDENTE EN LA AUTOPISTA DE LAS SERRAN\u00cdAS PUNTANAS PERO SIN HERIDOS - Apuntes de San Luis\" \/>\n<meta property=\"og:description\" content=\"Este mi\u00e9rcoles por la tarde se produjo un accidente en el kil\u00f3metro 733 de la...\" \/>\n<meta property=\"og:url\" content=\"https:\/\/apuntesdesanluis.com\/index.php\/2024\/05\/15\/multiple-accidente-en-la-autopista-de-las-serranias-puntanas-pero-sin-heridos\/\" \/>\n<meta property=\"og:site_name\" content=\"Apuntes de San Luis\" \/>\n<meta property=\"article:published_time\" content=\"2024-05-16T02:58:43+00:00\" \/>\n<meta property=\"og:image\" content=\"https:\/\/apuntesdesanluis.com\/wp-content\/uploads\/2024\/05\/ACCIDENTE-MULTIPLE.jpg\" \/>\n\t<meta property=\"og:image:width\" content=\"600\" \/>\n\t<meta property=\"og:image:height\" content=\"327\" \/>\n\t<meta property=\"og:image:type\" content=\"image\/jpeg\" \/>\n<meta name=\"author\" content=\"apuntesdesanluis.com\" \/>\n<meta name=\"twitter:card\" content=\"summary_large_image\" \/>\n<meta name=\"twitter:label1\" content=\"Escrito por\" \/>\n\t<meta name=\"twitter:data1\" content=\"apuntesdesanluis.com\" \/>\n\t<meta name=\"twitter:label2\" content=\"Tiempo de lectura\" \/>\n\t<meta name=\"twitter:data2\" content=\"3 minutos\" \/>\n<script type=\"application\/ld+json\" class=\"yoast-schema-graph\">{\"@context\":\"https:\/\/schema.org\",\"@graph\":[{\"@type\":\"Article\",\"@id\":\"https:\/\/apuntesdesanluis.com\/index.php\/2024\/05\/15\/multiple-accidente-en-la-autopista-de-las-serranias-puntanas-pero-sin-heridos\/#article\",\"isPartOf\":{\"@id\":\"https:\/\/apuntesdesanluis.com\/index.php\/2024\/05\/15\/multiple-accidente-en-la-autopista-de-las-serranias-puntanas-pero-sin-heridos\/\"},\"author\":{\"name\":\"apuntesdesanluis.com\",\"@id\":\"https:\/\/apuntesdesanluis.com\/#\/schema\/person\/b55151d52296fcce64d1a72538a70b90\"},\"headline\":\"M\u00daLTIPLE ACCIDENTE EN LA AUTOPISTA DE LAS SERRAN\u00cdAS PUNTANAS PERO SIN HERIDOS\",\"datePublished\":\"2024-05-16T02:58:43+00:00\",\"mainEntityOfPage\":{\"@id\":\"https:\/\/apuntesdesanluis.com\/index.php\/2024\/05\/15\/multiple-accidente-en-la-autopista-de-las-serranias-puntanas-pero-sin-heridos\/\"},\"wordCount\":294,\"publisher\":{\"@id\":\"https:\/\/apuntesdesanluis.com\/#\/schema\/person\/b55151d52296fcce64d1a72538a70b90\"},\"image\":{\"@id\":\"https:\/\/apuntesdesanluis.com\/index.php\/2024\/05\/15\/multiple-accidente-en-la-autopista-de-las-serranias-puntanas-pero-sin-heridos\/#primaryimage\"},\"thumbnailUrl\":\"https:\/\/apuntesdesanluis.com\/wp-content\/uploads\/2024\/05\/ACCIDENTE-MULTIPLE.jpg\",\"articleSection\":[\"Ciudad\/Provincia\"],\"inLanguage\":\"es-AR\"},{\"@type\":\"WebPage\",\"@id\":\"https:\/\/apuntesdesanluis.com\/index.php\/2024\/05\/15\/multiple-accidente-en-la-autopista-de-las-serranias-puntanas-pero-sin-heridos\/\",\"url\":\"https:\/\/apuntesdesanluis.com\/index.php\/2024\/05\/15\/multiple-accidente-en-la-autopista-de-las-serranias-puntanas-pero-sin-heridos\/\",\"name\":\"M\u00daLTIPLE ACCIDENTE EN LA AUTOPISTA DE LAS SERRAN\u00cdAS PUNTANAS PERO SIN HERIDOS - Apuntes de San Luis\",\"isPartOf\":{\"@id\":\"https:\/\/apuntesdesanluis.com\/#website\"},\"primaryImageOfPage\":{\"@id\":\"https:\/\/apuntesdesanluis.com\/index.php\/2024\/05\/15\/multiple-accidente-en-la-autopista-de-las-serranias-puntanas-pero-sin-heridos\/#primaryimage\"},\"image\":{\"@id\":\"https:\/\/apuntesdesanluis.com\/index.php\/2024\/05\/15\/multiple-accidente-en-la-autopista-de-las-serranias-puntanas-pero-sin-heridos\/#primaryimage\"},\"thumbnailUrl\":\"https:\/\/apuntesdesanluis.com\/wp-content\/uploads\/2024\/05\/ACCIDENTE-MULTIPLE.jpg\",\"datePublished\":\"2024-05-16T02:58:43+00:00\",\"breadcrumb\":{\"@id\":\"https:\/\/apuntesdesanluis.com\/index.php\/2024\/05\/15\/multiple-accidente-en-la-autopista-de-las-serranias-puntanas-pero-sin-heridos\/#breadcrumb\"},\"inLanguage\":\"es-AR\",\"potentialAction\":[{\"@type\":\"ReadAction\",\"target\":[\"https:\/\/apuntesdesanluis.com\/index.php\/2024\/05\/15\/multiple-accidente-en-la-autopista-de-las-serranias-puntanas-pero-sin-heridos\/\"]}]},{\"@type\":\"ImageObject\",\"inLanguage\":\"es-AR\",\"@id\":\"https:\/\/apuntesdesanluis.com\/index.php\/2024\/05\/15\/multiple-accidente-en-la-autopista-de-las-serranias-puntanas-pero-sin-heridos\/#primaryimage\",\"url\":\"https:\/\/apuntesdesanluis.com\/wp-content\/uploads\/2024\/05\/ACCIDENTE-MULTIPLE.jpg\",\"contentUrl\":\"https:\/\/apuntesdesanluis.com\/wp-content\/uploads\/2024\/05\/ACCIDENTE-MULTIPLE.jpg\",\"width\":600,\"height\":327},{\"@type\":\"BreadcrumbList\",\"@id\":\"https:\/\/apuntesdesanluis.com\/index.php\/2024\/05\/15\/multiple-accidente-en-la-autopista-de-las-serranias-puntanas-pero-sin-heridos\/#breadcrumb\",\"itemListElement\":[{\"@type\":\"ListItem\",\"position\":1,\"name\":\"Inicio\",\"item\":\"https:\/\/apuntesdesanluis.com\/\"},{\"@type\":\"ListItem\",\"position\":2,\"name\":\"M\u00daLTIPLE ACCIDENTE EN LA AUTOPISTA DE LAS SERRAN\u00cdAS PUNTANAS PERO SIN HERIDOS\"}]},{\"@type\":\"WebSite\",\"@id\":\"https:\/\/apuntesdesanluis.com\/#website\",\"url\":\"https:\/\/apuntesdesanluis.com\/\",\"name\":\"Apuntes de San Luis\",\"description\":\"\",\"publisher\":{\"@id\":\"https:\/\/apuntesdesanluis.com\/#\/schema\/person\/b55151d52296fcce64d1a72538a70b90\"},\"potentialAction\":[{\"@type\":\"SearchAction\",\"target\":{\"@type\":\"EntryPoint\",\"urlTemplate\":\"https:\/\/apuntesdesanluis.com\/?s={search_term_string}\"},\"query-input\":{\"@type\":\"PropertyValueSpecification\",\"valueRequired\":true,\"valueName\":\"search_term_string\"}}],\"inLanguage\":\"es-AR\"},{\"@type\":[\"Person\",\"Organization\"],\"@id\":\"https:\/\/apuntesdesanluis.com\/#\/schema\/person\/b55151d52296fcce64d1a72538a70b90\",\"name\":\"apuntesdesanluis.com\",\"image\":{\"@type\":\"ImageObject\",\"inLanguage\":\"es-AR\",\"@id\":\"https:\/\/apuntesdesanluis.com\/#\/schema\/person\/image\/\",\"url\":\"https:\/\/apuntesdesanluis.com\/wp-content\/uploads\/2023\/07\/cropped-apuntesdesanluis.png\",\"contentUrl\":\"https:\/\/apuntesdesanluis.com\/wp-content\/uploads\/2023\/07\/cropped-apuntesdesanluis.png\",\"width\":450,\"height\":112,\"caption\":\"apuntesdesanluis.com\"},\"logo\":{\"@id\":\"https:\/\/apuntesdesanluis.com\/#\/schema\/person\/image\/\"},\"sameAs\":[\"https:\/\/apuntesdesanluis.com\"],\"url\":\"https:\/\/apuntesdesanluis.com\/index.php\/author\/apuntesdesanluis-com\/\"}]}<\/script>\n<!-- \/ Yoast SEO plugin. -->","yoast_head_json":{"title":"M\u00daLTIPLE ACCIDENTE EN LA AUTOPISTA DE LAS SERRAN\u00cdAS PUNTANAS PERO SIN HERIDOS - Apuntes de San Luis","robots":{"index":"index","follow":"follow","max-snippet":"max-snippet:-1","max-image-preview":"max-image-preview:large","max-video-preview":"max-video-preview:-1"},"canonical":"https:\/\/apuntesdesanluis.com\/index.php\/2024\/05\/15\/multiple-accidente-en-la-autopista-de-las-serranias-puntanas-pero-sin-heridos\/","og_locale":"es_ES","og_type":"article","og_title":"M\u00daLTIPLE ACCIDENTE EN LA AUTOPISTA DE LAS SERRAN\u00cdAS PUNTANAS PERO SIN HERIDOS - Apuntes de San Luis","og_description":"Este mi\u00e9rcoles por la tarde se produjo un accidente en el kil\u00f3metro 733 de la...","og_url":"https:\/\/apuntesdesanluis.com\/index.php\/2024\/05\/15\/multiple-accidente-en-la-autopista-de-las-serranias-puntanas-pero-sin-heridos\/","og_site_name":"Apuntes de San Luis","article_published_time":"2024-05-16T02:58:43+00:00","og_image":[{"width":600,"height":327,"url":"https:\/\/apuntesdesanluis.com\/wp-content\/uploads\/2024\/05\/ACCIDENTE-MULTIPLE.jpg","type":"image\/jpeg"}],"author":"apuntesdesanluis.com","twitter_card":"summary_large_image","twitter_misc":{"Escrito por":"apuntesdesanluis.com","Tiempo de lectura":"3 minutos"},"schema":{"@context":"https:\/\/schema.org","@graph":[{"@type":"Article","@id":"https:\/\/apuntesdesanluis.com\/index.php\/2024\/05\/15\/multiple-accidente-en-la-autopista-de-las-serranias-puntanas-pero-sin-heridos\/#article","isPartOf":{"@id":"https:\/\/apuntesdesanluis.com\/index.php\/2024\/05\/15\/multiple-accidente-en-la-autopista-de-las-serranias-puntanas-pero-sin-heridos\/"},"author":{"name":"apuntesdesanluis.com","@id":"https:\/\/apuntesdesanluis.com\/#\/schema\/person\/b55151d52296fcce64d1a72538a70b90"},"headline":"M\u00daLTIPLE ACCIDENTE EN LA AUTOPISTA DE LAS SERRAN\u00cdAS PUNTANAS PERO SIN HERIDOS","datePublished":"2024-05-16T02:58:43+00:00","mainEntityOfPage":{"@id":"https:\/\/apuntesdesanluis.com\/index.php\/2024\/05\/15\/multiple-accidente-en-la-autopista-de-las-serranias-puntanas-pero-sin-heridos\/"},"wordCount":294,"publisher":{"@id":"https:\/\/apuntesdesanluis.com\/#\/schema\/person\/b55151d52296fcce64d1a72538a70b90"},"image":{"@id":"https:\/\/apuntesdesanluis.com\/index.php\/2024\/05\/15\/multiple-accidente-en-la-autopista-de-las-serranias-puntanas-pero-sin-heridos\/#primaryimage"},"thumbnailUrl":"https:\/\/apuntesdesanluis.com\/wp-content\/uploads\/2024\/05\/ACCIDENTE-MULTIPLE.jpg","articleSection":["Ciudad\/Provincia"],"inLanguage":"es-AR"},{"@type":"WebPage","@id":"https:\/\/apuntesdesanluis.com\/index.php\/2024\/05\/15\/multiple-accidente-en-la-autopista-de-las-serranias-puntanas-pero-sin-heridos\/","url":"https:\/\/apuntesdesanluis.com\/index.php\/2024\/05\/15\/multiple-accidente-en-la-autopista-de-las-serranias-puntanas-pero-sin-heridos\/","name":"M\u00daLTIPLE ACCIDENTE EN LA AUTOPISTA DE LAS SERRAN\u00cdAS PUNTANAS PERO SIN HERIDOS - Apuntes de San Luis","isPartOf":{"@id":"https:\/\/apuntesdesanluis.com\/#website"},"primaryImageOfPage":{"@id":"https:\/\/apuntesdesanluis.com\/index.php\/2024\/05\/15\/multiple-accidente-en-la-autopista-de-las-serranias-puntanas-pero-sin-heridos\/#primaryimage"},"image":{"@id":"https:\/\/apuntesdesanluis.com\/index.php\/2024\/05\/15\/multiple-accidente-en-la-autopista-de-las-serranias-puntanas-pero-sin-heridos\/#primaryimage"},"thumbnailUrl":"https:\/\/apuntesdesanluis.com\/wp-content\/uploads\/2024\/05\/ACCIDENTE-MULTIPLE.jpg","datePublished":"2024-05-16T02:58:43+00:00","breadcrumb":{"@id":"https:\/\/apuntesdesanluis.com\/index.php\/2024\/05\/15\/multiple-accidente-en-la-autopista-de-las-serranias-puntanas-pero-sin-heridos\/#breadcrumb"},"inLanguage":"es-AR","potentialAction":[{"@type":"ReadAction","target":["https:\/\/apuntesdesanluis.com\/index.php\/2024\/05\/15\/multiple-accidente-en-la-autopista-de-las-serranias-puntanas-pero-sin-heridos\/"]}]},{"@type":"ImageObject","inLanguage":"es-AR","@id":"https:\/\/apuntesdesanluis.com\/index.php\/2024\/05\/15\/multiple-accidente-en-la-autopista-de-las-serranias-puntanas-pero-sin-heridos\/#primaryimage","url":"https:\/\/apuntesdesanluis.com\/wp-content\/uploads\/2024\/05\/ACCIDENTE-MULTIPLE.jpg","contentUrl":"https:\/\/apuntesdesanluis.com\/wp-content\/uploads\/2024\/05\/ACCIDENTE-MULTIPLE.jpg","width":600,"height":327},{"@type":"BreadcrumbList","@id":"https:\/\/apuntesdesanluis.com\/index.php\/2024\/05\/15\/multiple-accidente-en-la-autopista-de-las-serranias-puntanas-pero-sin-heridos\/#breadcrumb","itemListElement":[{"@type":"ListItem","position":1,"name":"Inicio","item":"https:\/\/apuntesdesanluis.com\/"},{"@type":"ListItem","position":2,"name":"M\u00daLTIPLE ACCIDENTE EN LA AUTOPISTA DE LAS SERRAN\u00cdAS PUNTANAS PERO SIN HERIDOS"}]},{"@type":"WebSite","@id":"https:\/\/apuntesdesanluis.com\/#website","url":"https:\/\/apuntesdesanluis.com\/","name":"Apuntes de San Luis","description":"","publisher":{"@id":"https:\/\/apuntesdesanluis.com\/#\/schema\/person\/b55151d52296fcce64d1a72538a70b90"},"potentialAction":[{"@type":"SearchAction","target":{"@type":"EntryPoint","urlTemplate":"https:\/\/apuntesdesanluis.com\/?s={search_term_string}"},"query-input":{"@type":"PropertyValueSpecification","valueRequired":true,"valueName":"search_term_string"}}],"inLanguage":"es-AR"},{"@type":["Person","Organization"],"@id":"https:\/\/apuntesdesanluis.com\/#\/schema\/person\/b55151d52296fcce64d1a72538a70b90","name":"apuntesdesanluis.com","image":{"@type":"ImageObject","inLanguage":"es-AR","@id":"https:\/\/apuntesdesanluis.com\/#\/schema\/person\/image\/","url":"https:\/\/apuntesdesanluis.com\/wp-content\/uploads\/2023\/07\/cropped-apuntesdesanluis.png","contentUrl":"https:\/\/apuntesdesanluis.com\/wp-content\/uploads\/2023\/07\/cropped-apuntesdesanluis.png","width":450,"height":112,"caption":"apuntesdesanluis.com"},"logo":{"@id":"https:\/\/apuntesdesanluis.com\/#\/schema\/person\/image\/"},"sameAs":["https:\/\/apuntesdesanluis.com"],"url":"https:\/\/apuntesdesanluis.com\/index.php\/author\/apuntesdesanluis-com\/"}]}},"featured_image_urls":{"full":["https:\/\/apuntesdesanluis.com\/wp-content\/uploads\/2024\/05\/ACCIDENTE-MULTIPLE.jpg",600,327,false],"thumbnail":["https:\/\/apuntesdesanluis.com\/wp-content\/uploads\/2024\/05\/ACCIDENTE-MULTIPLE-150x150.jpg",150,150,true],"medium":["https:\/\/apuntesdesanluis.com\/wp-content\/uploads\/2024\/05\/ACCIDENTE-MULTIPLE-300x164.jpg",300,164,true],"medium_large":["https:\/\/apuntesdesanluis.com\/wp-content\/uploads\/2024\/05\/ACCIDENTE-MULTIPLE.jpg",600,327,false],"large":["https:\/\/apuntesdesanluis.com\/wp-content\/uploads\/2024\/05\/ACCIDENTE-MULTIPLE.jpg",600,327,false],"1536x1536":["https:\/\/apuntesdesanluis.com\/wp-content\/uploads\/2024\/05\/ACCIDENTE-MULTIPLE.jpg",600,327,false],"2048x2048":["https:\/\/apuntesdesanluis.com\/wp-content\/uploads\/2024\/05\/ACCIDENTE-MULTIPLE.jpg",600,327,false],"newsever-slider-full":["https:\/\/apuntesdesanluis.com\/wp-content\/uploads\/2024\/05\/ACCIDENTE-MULTIPLE.jpg",600,327,false],"newsever-featured":["https:\/\/apuntesdesanluis.com\/wp-content\/uploads\/2024\/05\/ACCIDENTE-MULTIPLE.jpg",600,327,false],"newsever-medium":["https:\/\/apuntesdesanluis.com\/wp-content\/uploads\/2024\/05\/ACCIDENTE-MULTIPLE.jpg",600,327,false]},"author_info":{"display_name":"apuntesdesanluis.com","author_link":"https:\/\/apuntesdesanluis.com\/index.php\/author\/apuntesdesanluis-com\/"},"category_info":"<a href=\"https:\/\/apuntesdesanluis.com\/index.php\/category\/ciudad-provincia\/\" rel=\"category tag\">Ciudad\/Provincia<\/a>","tag_info":"Ciudad\/Provincia","comment_count":"0","_links":{"self":[{"href":"https:\/\/apuntesdesanluis.com\/index.php\/wp-json\/wp\/v2\/posts\/16278","targetHints":{"allow":["GET"]}}],"collection":[{"href":"https:\/\/apuntesdesanluis.com\/index.php\/wp-json\/wp\/v2\/posts"}],"about":[{"href":"https:\/\/apuntesdesanluis.com\/index.php\/wp-json\/wp\/v2\/types\/post"}],"author":[{"embeddable":true,"href":"https:\/\/apuntesdesanluis.com\/index.php\/wp-json\/wp\/v2\/users\/1"}],"replies":[{"embeddable":true,"href":"https:\/\/apuntesdesanluis.com\/index.php\/wp-json\/wp\/v2\/comments?post=16278"}],"version-history":[{"count":1,"href":"https:\/\/apuntesdesanluis.com\/index.php\/wp-json\/wp\/v2\/posts\/16278\/revisions"}],"predecessor-version":[{"id":16285,"href":"https:\/\/apuntesdesanluis.com\/index.php\/wp-json\/wp\/v2\/posts\/16278\/revisions\/16285"}],"wp:featuredmedia":[{"embeddable":true,"href":"https:\/\/apuntesdesanluis.com\/index.php\/wp-json\/wp\/v2\/media\/16279"}],"wp:attachment":[{"href":"https:\/\/apuntesdesanluis.com\/index.php\/wp-json\/wp\/v2\/media?parent=16278"}],"wp:term":[{"taxonomy":"category","embeddable":true,"href":"https:\/\/apuntesdesanluis.com\/index.php\/wp-json\/wp\/v2\/categories?post=16278"},{"taxonomy":"post_tag","embeddable":true,"href":"https:\/\/apuntesdesanluis.com\/index.php\/wp-json\/wp\/v2\/tags?post=16278"}],"curies":[{"name":"wp","href":"https:\/\/api.w.org\/{rel}","templated":true}]}}