{"id":16286,"date":"2024-05-16T00:41:55","date_gmt":"2024-05-16T03:41:55","guid":{"rendered":"https:\/\/apuntesdesanluis.com\/?p=16286"},"modified":"2024-05-16T00:42:35","modified_gmt":"2024-05-16T03:42:35","slug":"profesionales-autoconvocados-de-la-salud-se-movilizaron-en-las-principales-ciudades","status":"publish","type":"post","link":"https:\/\/apuntesdesanluis.com\/index.php\/2024\/05\/16\/profesionales-autoconvocados-de-la-salud-se-movilizaron-en-las-principales-ciudades\/","title":{"rendered":"PROFESIONALES AUTOCONVOCADOS DE LA SALUD SE MOVILIZARON EN LAS PRINCIPALES CIUDADES"},"content":{"rendered":"<h3>Este mi\u00e9rcoles realizaron marchas de protesta para expresar su reclamo de una urgente recomposici\u00f3n salarial y manifestar su rechazo al proyecto del gobierno que propone modificar el r\u00e9gimen de carrera sanitaria, para incorporar la posibilidad optativa del desbloqueo de t\u00edtulo.<\/h3>\n<h3>En <strong>Villa Mercedes<\/strong> se concentraron en plaza San Mart\u00edn y luego marcharon por las calles c\u00e9ntricas de la ciudad.<\/h3>\n<div style=\"width: 640px;\" class=\"wp-video\"><!--[if lt IE 9]><script>document.createElement('video');<\/script><![endif]-->\n<video class=\"wp-video-shortcode\" id=\"video-16286-1\" width=\"640\" height=\"361\" preload=\"metadata\" controls=\"controls\"><source type=\"video\/mp4\" src=\"https:\/\/apuntesdesanluis.com\/wp-content\/uploads\/2024\/05\/WhatsApp-Video-2024-05-15-at-21.19.41.mp4?_=1\" \/><a href=\"https:\/\/apuntesdesanluis.com\/wp-content\/uploads\/2024\/05\/WhatsApp-Video-2024-05-15-at-21.19.41.mp4\">https:\/\/apuntesdesanluis.com\/wp-content\/uploads\/2024\/05\/WhatsApp-Video-2024-05-15-at-21.19.41.mp4<\/a><\/video><\/div>\n<h3>En la <strong>ciudad capital<\/strong> de la provincia se concentraron en plaza Pringles y recorrieron las calles laterales visibilizando los mismos reclamos, como asimismo el pago de las horas extra en tiempo y forma y el pago de guardias acordes a los montos que se abonan en otras provincias.<\/h3>\n<h3><img fetchpriority=\"high\" decoding=\"async\" class=\"wp-image-16289 aligncenter\" src=\"https:\/\/apuntesdesanluis.com\/wp-content\/uploads\/2024\/05\/SAN-LUIS-300x179.png\" alt=\"\" width=\"627\" height=\"374\" srcset=\"https:\/\/apuntesdesanluis.com\/wp-content\/uploads\/2024\/05\/SAN-LUIS-300x179.png 300w, https:\/\/apuntesdesanluis.com\/wp-content\/uploads\/2024\/05\/SAN-LUIS-768x458.png 768w, https:\/\/apuntesdesanluis.com\/wp-content\/uploads\/2024\/05\/SAN-LUIS.png 816w\" sizes=\"(max-width: 627px) 100vw, 627px\" \/><\/h3>\n<h3>En la <strong>Villa de Merlo<\/strong> realizaron un abrazo simb\u00f3lico al Hospital &#8220;Madre Catalina Rodr\u00edguez&#8221;.<\/h3>\n<p><img decoding=\"async\" class=\"wp-image-16290 aligncenter\" src=\"https:\/\/apuntesdesanluis.com\/wp-content\/uploads\/2024\/05\/MERLO-300x192.png\" alt=\"\" width=\"627\" height=\"401\" srcset=\"https:\/\/apuntesdesanluis.com\/wp-content\/uploads\/2024\/05\/MERLO-300x192.png 300w, https:\/\/apuntesdesanluis.com\/wp-content\/uploads\/2024\/05\/MERLO.png 653w\" sizes=\"(max-width: 627px) 100vw, 627px\" \/><\/p>\n<h3>Al mismo tiempo, los profesionales y t\u00e9cnicos de la salud autoconvocados afirmaron que los hospitales est\u00e1n desabastecidos, sin calefacci\u00f3n ni mantenimiento, con faltantes notables de insumos y medicamentos.<\/h3>\n<h3>Los trabajadores alertaron que el desbloqueo del t\u00edtulo implica que cobren la mitad del sueldo. \u201cNi siquiera cobramos lo que deber\u00edamos, y encima podemos llegar a cobrar la mitad. Lo que reclamamos es un aumento, luego de casi seis meses de congelamiento\u201d, se\u00f1alaron.<\/h3>\n<p>&nbsp;<\/p>\n<p>&nbsp;<\/p>\n<p>&nbsp;<\/p>\n<p>&nbsp;<\/p>\n<p>&nbsp;<\/p>\n","protected":false},"excerpt":{"rendered":"<p>Este mi\u00e9rcoles realizaron marchas de protesta para expresar su reclamo de una urgente recomposici\u00f3n salarial&#8230;<\/p>\n","protected":false},"author":1,"featured_media":16287,"comment_status":"closed","ping_status":"closed","sticky":false,"template":"","format":"standard","meta":{"footnotes":""},"categories":[6],"tags":[],"class_list":["post-16286","post","type-post","status-publish","format-standard","has-post-thumbnail","hentry","category-ciudad-provincia"],"yoast_head":"<!-- This site is optimized with the Yoast SEO plugin v26.1.1 - https:\/\/yoast.com\/wordpress\/plugins\/seo\/ -->\n<title>PROFESIONALES AUTOCONVOCADOS DE LA SALUD SE MOVILIZARON EN LAS PRINCIPALES CIUDADES - Apuntes de San Luis<\/title>\n<meta name=\"robots\" content=\"index, follow, max-snippet:-1, max-image-preview:large, max-video-preview:-1\" \/>\n<link rel=\"canonical\" href=\"https:\/\/apuntesdesanluis.com\/index.php\/2024\/05\/16\/profesionales-autoconvocados-de-la-salud-se-movilizaron-en-las-principales-ciudades\/\" \/>\n<meta property=\"og:locale\" content=\"es_ES\" \/>\n<meta property=\"og:type\" content=\"article\" \/>\n<meta property=\"og:title\" content=\"PROFESIONALES AUTOCONVOCADOS DE LA SALUD SE MOVILIZARON EN LAS PRINCIPALES CIUDADES - Apuntes de San Luis\" \/>\n<meta property=\"og:description\" content=\"Este mi\u00e9rcoles realizaron marchas de protesta para expresar su reclamo de una urgente recomposici\u00f3n salarial...\" \/>\n<meta property=\"og:url\" content=\"https:\/\/apuntesdesanluis.com\/index.php\/2024\/05\/16\/profesionales-autoconvocados-de-la-salud-se-movilizaron-en-las-principales-ciudades\/\" \/>\n<meta property=\"og:site_name\" content=\"Apuntes de San Luis\" \/>\n<meta property=\"article:published_time\" content=\"2024-05-16T03:41:55+00:00\" \/>\n<meta property=\"article:modified_time\" content=\"2024-05-16T03:42:35+00:00\" \/>\n<meta property=\"og:image\" content=\"https:\/\/apuntesdesanluis.com\/wp-content\/uploads\/2024\/05\/PLAZA-PEDERNERA.png\" \/>\n\t<meta property=\"og:image:width\" content=\"721\" \/>\n\t<meta property=\"og:image:height\" content=\"455\" \/>\n\t<meta property=\"og:image:type\" content=\"image\/png\" \/>\n<meta name=\"author\" content=\"apuntesdesanluis.com\" \/>\n<meta name=\"twitter:card\" content=\"summary_large_image\" \/>\n<meta name=\"twitter:label1\" content=\"Escrito por\" \/>\n\t<meta name=\"twitter:data1\" content=\"apuntesdesanluis.com\" \/>\n\t<meta name=\"twitter:label2\" content=\"Tiempo de lectura\" \/>\n\t<meta name=\"twitter:data2\" content=\"2 minutos\" \/>\n<script type=\"application\/ld+json\" class=\"yoast-schema-graph\">{\"@context\":\"https:\/\/schema.org\",\"@graph\":[{\"@type\":\"Article\",\"@id\":\"https:\/\/apuntesdesanluis.com\/index.php\/2024\/05\/16\/profesionales-autoconvocados-de-la-salud-se-movilizaron-en-las-principales-ciudades\/#article\",\"isPartOf\":{\"@id\":\"https:\/\/apuntesdesanluis.com\/index.php\/2024\/05\/16\/profesionales-autoconvocados-de-la-salud-se-movilizaron-en-las-principales-ciudades\/\"},\"author\":{\"name\":\"apuntesdesanluis.com\",\"@id\":\"https:\/\/apuntesdesanluis.com\/#\/schema\/person\/b55151d52296fcce64d1a72538a70b90\"},\"headline\":\"PROFESIONALES AUTOCONVOCADOS DE LA SALUD SE MOVILIZARON EN LAS PRINCIPALES CIUDADES\",\"datePublished\":\"2024-05-16T03:41:55+00:00\",\"dateModified\":\"2024-05-16T03:42:35+00:00\",\"mainEntityOfPage\":{\"@id\":\"https:\/\/apuntesdesanluis.com\/index.php\/2024\/05\/16\/profesionales-autoconvocados-de-la-salud-se-movilizaron-en-las-principales-ciudades\/\"},\"wordCount\":237,\"publisher\":{\"@id\":\"https:\/\/apuntesdesanluis.com\/#\/schema\/person\/b55151d52296fcce64d1a72538a70b90\"},\"image\":{\"@id\":\"https:\/\/apuntesdesanluis.com\/index.php\/2024\/05\/16\/profesionales-autoconvocados-de-la-salud-se-movilizaron-en-las-principales-ciudades\/#primaryimage\"},\"thumbnailUrl\":\"https:\/\/apuntesdesanluis.com\/wp-content\/uploads\/2024\/05\/PLAZA-PEDERNERA.png\",\"articleSection\":[\"Ciudad\/Provincia\"],\"inLanguage\":\"es-AR\"},{\"@type\":\"WebPage\",\"@id\":\"https:\/\/apuntesdesanluis.com\/index.php\/2024\/05\/16\/profesionales-autoconvocados-de-la-salud-se-movilizaron-en-las-principales-ciudades\/\",\"url\":\"https:\/\/apuntesdesanluis.com\/index.php\/2024\/05\/16\/profesionales-autoconvocados-de-la-salud-se-movilizaron-en-las-principales-ciudades\/\",\"name\":\"PROFESIONALES AUTOCONVOCADOS DE LA SALUD SE MOVILIZARON EN LAS PRINCIPALES CIUDADES - Apuntes de San Luis\",\"isPartOf\":{\"@id\":\"https:\/\/apuntesdesanluis.com\/#website\"},\"primaryImageOfPage\":{\"@id\":\"https:\/\/apuntesdesanluis.com\/index.php\/2024\/05\/16\/profesionales-autoconvocados-de-la-salud-se-movilizaron-en-las-principales-ciudades\/#primaryimage\"},\"image\":{\"@id\":\"https:\/\/apuntesdesanluis.com\/index.php\/2024\/05\/16\/profesionales-autoconvocados-de-la-salud-se-movilizaron-en-las-principales-ciudades\/#primaryimage\"},\"thumbnailUrl\":\"https:\/\/apuntesdesanluis.com\/wp-content\/uploads\/2024\/05\/PLAZA-PEDERNERA.png\",\"datePublished\":\"2024-05-16T03:41:55+00:00\",\"dateModified\":\"2024-05-16T03:42:35+00:00\",\"breadcrumb\":{\"@id\":\"https:\/\/apuntesdesanluis.com\/index.php\/2024\/05\/16\/profesionales-autoconvocados-de-la-salud-se-movilizaron-en-las-principales-ciudades\/#breadcrumb\"},\"inLanguage\":\"es-AR\",\"potentialAction\":[{\"@type\":\"ReadAction\",\"target\":[\"https:\/\/apuntesdesanluis.com\/index.php\/2024\/05\/16\/profesionales-autoconvocados-de-la-salud-se-movilizaron-en-las-principales-ciudades\/\"]}]},{\"@type\":\"ImageObject\",\"inLanguage\":\"es-AR\",\"@id\":\"https:\/\/apuntesdesanluis.com\/index.php\/2024\/05\/16\/profesionales-autoconvocados-de-la-salud-se-movilizaron-en-las-principales-ciudades\/#primaryimage\",\"url\":\"https:\/\/apuntesdesanluis.com\/wp-content\/uploads\/2024\/05\/PLAZA-PEDERNERA.png\",\"contentUrl\":\"https:\/\/apuntesdesanluis.com\/wp-content\/uploads\/2024\/05\/PLAZA-PEDERNERA.png\",\"width\":721,\"height\":455},{\"@type\":\"BreadcrumbList\",\"@id\":\"https:\/\/apuntesdesanluis.com\/index.php\/2024\/05\/16\/profesionales-autoconvocados-de-la-salud-se-movilizaron-en-las-principales-ciudades\/#breadcrumb\",\"itemListElement\":[{\"@type\":\"ListItem\",\"position\":1,\"name\":\"Inicio\",\"item\":\"https:\/\/apuntesdesanluis.com\/\"},{\"@type\":\"ListItem\",\"position\":2,\"name\":\"PROFESIONALES AUTOCONVOCADOS DE LA SALUD SE MOVILIZARON EN LAS PRINCIPALES CIUDADES\"}]},{\"@type\":\"WebSite\",\"@id\":\"https:\/\/apuntesdesanluis.com\/#website\",\"url\":\"https:\/\/apuntesdesanluis.com\/\",\"name\":\"Apuntes de San Luis\",\"description\":\"\",\"publisher\":{\"@id\":\"https:\/\/apuntesdesanluis.com\/#\/schema\/person\/b55151d52296fcce64d1a72538a70b90\"},\"potentialAction\":[{\"@type\":\"SearchAction\",\"target\":{\"@type\":\"EntryPoint\",\"urlTemplate\":\"https:\/\/apuntesdesanluis.com\/?s={search_term_string}\"},\"query-input\":{\"@type\":\"PropertyValueSpecification\",\"valueRequired\":true,\"valueName\":\"search_term_string\"}}],\"inLanguage\":\"es-AR\"},{\"@type\":[\"Person\",\"Organization\"],\"@id\":\"https:\/\/apuntesdesanluis.com\/#\/schema\/person\/b55151d52296fcce64d1a72538a70b90\",\"name\":\"apuntesdesanluis.com\",\"image\":{\"@type\":\"ImageObject\",\"inLanguage\":\"es-AR\",\"@id\":\"https:\/\/apuntesdesanluis.com\/#\/schema\/person\/image\/\",\"url\":\"https:\/\/apuntesdesanluis.com\/wp-content\/uploads\/2023\/07\/cropped-apuntesdesanluis.png\",\"contentUrl\":\"https:\/\/apuntesdesanluis.com\/wp-content\/uploads\/2023\/07\/cropped-apuntesdesanluis.png\",\"width\":450,\"height\":112,\"caption\":\"apuntesdesanluis.com\"},\"logo\":{\"@id\":\"https:\/\/apuntesdesanluis.com\/#\/schema\/person\/image\/\"},\"sameAs\":[\"https:\/\/apuntesdesanluis.com\"],\"url\":\"https:\/\/apuntesdesanluis.com\/index.php\/author\/apuntesdesanluis-com\/\"}]}<\/script>\n<!-- \/ Yoast SEO plugin. -->","yoast_head_json":{"title":"PROFESIONALES AUTOCONVOCADOS DE LA SALUD SE MOVILIZARON EN LAS PRINCIPALES CIUDADES - Apuntes de San Luis","robots":{"index":"index","follow":"follow","max-snippet":"max-snippet:-1","max-image-preview":"max-image-preview:large","max-video-preview":"max-video-preview:-1"},"canonical":"https:\/\/apuntesdesanluis.com\/index.php\/2024\/05\/16\/profesionales-autoconvocados-de-la-salud-se-movilizaron-en-las-principales-ciudades\/","og_locale":"es_ES","og_type":"article","og_title":"PROFESIONALES AUTOCONVOCADOS DE LA SALUD SE MOVILIZARON EN LAS PRINCIPALES CIUDADES - Apuntes de San Luis","og_description":"Este mi\u00e9rcoles realizaron marchas de protesta para expresar su reclamo de una urgente recomposici\u00f3n salarial...","og_url":"https:\/\/apuntesdesanluis.com\/index.php\/2024\/05\/16\/profesionales-autoconvocados-de-la-salud-se-movilizaron-en-las-principales-ciudades\/","og_site_name":"Apuntes de San Luis","article_published_time":"2024-05-16T03:41:55+00:00","article_modified_time":"2024-05-16T03:42:35+00:00","og_image":[{"width":721,"height":455,"url":"https:\/\/apuntesdesanluis.com\/wp-content\/uploads\/2024\/05\/PLAZA-PEDERNERA.png","type":"image\/png"}],"author":"apuntesdesanluis.com","twitter_card":"summary_large_image","twitter_misc":{"Escrito por":"apuntesdesanluis.com","Tiempo de lectura":"2 minutos"},"schema":{"@context":"https:\/\/schema.org","@graph":[{"@type":"Article","@id":"https:\/\/apuntesdesanluis.com\/index.php\/2024\/05\/16\/profesionales-autoconvocados-de-la-salud-se-movilizaron-en-las-principales-ciudades\/#article","isPartOf":{"@id":"https:\/\/apuntesdesanluis.com\/index.php\/2024\/05\/16\/profesionales-autoconvocados-de-la-salud-se-movilizaron-en-las-principales-ciudades\/"},"author":{"name":"apuntesdesanluis.com","@id":"https:\/\/apuntesdesanluis.com\/#\/schema\/person\/b55151d52296fcce64d1a72538a70b90"},"headline":"PROFESIONALES AUTOCONVOCADOS DE LA SALUD SE MOVILIZARON EN LAS PRINCIPALES CIUDADES","datePublished":"2024-05-16T03:41:55+00:00","dateModified":"2024-05-16T03:42:35+00:00","mainEntityOfPage":{"@id":"https:\/\/apuntesdesanluis.com\/index.php\/2024\/05\/16\/profesionales-autoconvocados-de-la-salud-se-movilizaron-en-las-principales-ciudades\/"},"wordCount":237,"publisher":{"@id":"https:\/\/apuntesdesanluis.com\/#\/schema\/person\/b55151d52296fcce64d1a72538a70b90"},"image":{"@id":"https:\/\/apuntesdesanluis.com\/index.php\/2024\/05\/16\/profesionales-autoconvocados-de-la-salud-se-movilizaron-en-las-principales-ciudades\/#primaryimage"},"thumbnailUrl":"https:\/\/apuntesdesanluis.com\/wp-content\/uploads\/2024\/05\/PLAZA-PEDERNERA.png","articleSection":["Ciudad\/Provincia"],"inLanguage":"es-AR"},{"@type":"WebPage","@id":"https:\/\/apuntesdesanluis.com\/index.php\/2024\/05\/16\/profesionales-autoconvocados-de-la-salud-se-movilizaron-en-las-principales-ciudades\/","url":"https:\/\/apuntesdesanluis.com\/index.php\/2024\/05\/16\/profesionales-autoconvocados-de-la-salud-se-movilizaron-en-las-principales-ciudades\/","name":"PROFESIONALES AUTOCONVOCADOS DE LA SALUD SE MOVILIZARON EN LAS PRINCIPALES CIUDADES - Apuntes de San Luis","isPartOf":{"@id":"https:\/\/apuntesdesanluis.com\/#website"},"primaryImageOfPage":{"@id":"https:\/\/apuntesdesanluis.com\/index.php\/2024\/05\/16\/profesionales-autoconvocados-de-la-salud-se-movilizaron-en-las-principales-ciudades\/#primaryimage"},"image":{"@id":"https:\/\/apuntesdesanluis.com\/index.php\/2024\/05\/16\/profesionales-autoconvocados-de-la-salud-se-movilizaron-en-las-principales-ciudades\/#primaryimage"},"thumbnailUrl":"https:\/\/apuntesdesanluis.com\/wp-content\/uploads\/2024\/05\/PLAZA-PEDERNERA.png","datePublished":"2024-05-16T03:41:55+00:00","dateModified":"2024-05-16T03:42:35+00:00","breadcrumb":{"@id":"https:\/\/apuntesdesanluis.com\/index.php\/2024\/05\/16\/profesionales-autoconvocados-de-la-salud-se-movilizaron-en-las-principales-ciudades\/#breadcrumb"},"inLanguage":"es-AR","potentialAction":[{"@type":"ReadAction","target":["https:\/\/apuntesdesanluis.com\/index.php\/2024\/05\/16\/profesionales-autoconvocados-de-la-salud-se-movilizaron-en-las-principales-ciudades\/"]}]},{"@type":"ImageObject","inLanguage":"es-AR","@id":"https:\/\/apuntesdesanluis.com\/index.php\/2024\/05\/16\/profesionales-autoconvocados-de-la-salud-se-movilizaron-en-las-principales-ciudades\/#primaryimage","url":"https:\/\/apuntesdesanluis.com\/wp-content\/uploads\/2024\/05\/PLAZA-PEDERNERA.png","contentUrl":"https:\/\/apuntesdesanluis.com\/wp-content\/uploads\/2024\/05\/PLAZA-PEDERNERA.png","width":721,"height":455},{"@type":"BreadcrumbList","@id":"https:\/\/apuntesdesanluis.com\/index.php\/2024\/05\/16\/profesionales-autoconvocados-de-la-salud-se-movilizaron-en-las-principales-ciudades\/#breadcrumb","itemListElement":[{"@type":"ListItem","position":1,"name":"Inicio","item":"https:\/\/apuntesdesanluis.com\/"},{"@type":"ListItem","position":2,"name":"PROFESIONALES AUTOCONVOCADOS DE LA SALUD SE MOVILIZARON EN LAS PRINCIPALES CIUDADES"}]},{"@type":"WebSite","@id":"https:\/\/apuntesdesanluis.com\/#website","url":"https:\/\/apuntesdesanluis.com\/","name":"Apuntes de San Luis","description":"","publisher":{"@id":"https:\/\/apuntesdesanluis.com\/#\/schema\/person\/b55151d52296fcce64d1a72538a70b90"},"potentialAction":[{"@type":"SearchAction","target":{"@type":"EntryPoint","urlTemplate":"https:\/\/apuntesdesanluis.com\/?s={search_term_string}"},"query-input":{"@type":"PropertyValueSpecification","valueRequired":true,"valueName":"search_term_string"}}],"inLanguage":"es-AR"},{"@type":["Person","Organization"],"@id":"https:\/\/apuntesdesanluis.com\/#\/schema\/person\/b55151d52296fcce64d1a72538a70b90","name":"apuntesdesanluis.com","image":{"@type":"ImageObject","inLanguage":"es-AR","@id":"https:\/\/apuntesdesanluis.com\/#\/schema\/person\/image\/","url":"https:\/\/apuntesdesanluis.com\/wp-content\/uploads\/2023\/07\/cropped-apuntesdesanluis.png","contentUrl":"https:\/\/apuntesdesanluis.com\/wp-content\/uploads\/2023\/07\/cropped-apuntesdesanluis.png","width":450,"height":112,"caption":"apuntesdesanluis.com"},"logo":{"@id":"https:\/\/apuntesdesanluis.com\/#\/schema\/person\/image\/"},"sameAs":["https:\/\/apuntesdesanluis.com"],"url":"https:\/\/apuntesdesanluis.com\/index.php\/author\/apuntesdesanluis-com\/"}]}},"featured_image_urls":{"full":["https:\/\/apuntesdesanluis.com\/wp-content\/uploads\/2024\/05\/PLAZA-PEDERNERA.png",721,455,false],"thumbnail":["https:\/\/apuntesdesanluis.com\/wp-content\/uploads\/2024\/05\/PLAZA-PEDERNERA-150x150.png",150,150,true],"medium":["https:\/\/apuntesdesanluis.com\/wp-content\/uploads\/2024\/05\/PLAZA-PEDERNERA-300x189.png",300,189,true],"medium_large":["https:\/\/apuntesdesanluis.com\/wp-content\/uploads\/2024\/05\/PLAZA-PEDERNERA.png",640,404,false],"large":["https:\/\/apuntesdesanluis.com\/wp-content\/uploads\/2024\/05\/PLAZA-PEDERNERA.png",640,404,false],"1536x1536":["https:\/\/apuntesdesanluis.com\/wp-content\/uploads\/2024\/05\/PLAZA-PEDERNERA.png",721,455,false],"2048x2048":["https:\/\/apuntesdesanluis.com\/wp-content\/uploads\/2024\/05\/PLAZA-PEDERNERA.png",721,455,false],"newsever-slider-full":["https:\/\/apuntesdesanluis.com\/wp-content\/uploads\/2024\/05\/PLAZA-PEDERNERA.png",721,455,false],"newsever-featured":["https:\/\/apuntesdesanluis.com\/wp-content\/uploads\/2024\/05\/PLAZA-PEDERNERA.png",721,455,false],"newsever-medium":["https:\/\/apuntesdesanluis.com\/wp-content\/uploads\/2024\/05\/PLAZA-PEDERNERA.png",720,454,false]},"author_info":{"display_name":"apuntesdesanluis.com","author_link":"https:\/\/apuntesdesanluis.com\/index.php\/author\/apuntesdesanluis-com\/"},"category_info":"<a href=\"https:\/\/apuntesdesanluis.com\/index.php\/category\/ciudad-provincia\/\" rel=\"category tag\">Ciudad\/Provincia<\/a>","tag_info":"Ciudad\/Provincia","comment_count":"0","_links":{"self":[{"href":"https:\/\/apuntesdesanluis.com\/index.php\/wp-json\/wp\/v2\/posts\/16286","targetHints":{"allow":["GET"]}}],"collection":[{"href":"https:\/\/apuntesdesanluis.com\/index.php\/wp-json\/wp\/v2\/posts"}],"about":[{"href":"https:\/\/apuntesdesanluis.com\/index.php\/wp-json\/wp\/v2\/types\/post"}],"author":[{"embeddable":true,"href":"https:\/\/apuntesdesanluis.com\/index.php\/wp-json\/wp\/v2\/users\/1"}],"replies":[{"embeddable":true,"href":"https:\/\/apuntesdesanluis.com\/index.php\/wp-json\/wp\/v2\/comments?post=16286"}],"version-history":[{"count":2,"href":"https:\/\/apuntesdesanluis.com\/index.php\/wp-json\/wp\/v2\/posts\/16286\/revisions"}],"predecessor-version":[{"id":16292,"href":"https:\/\/apuntesdesanluis.com\/index.php\/wp-json\/wp\/v2\/posts\/16286\/revisions\/16292"}],"wp:featuredmedia":[{"embeddable":true,"href":"https:\/\/apuntesdesanluis.com\/index.php\/wp-json\/wp\/v2\/media\/16287"}],"wp:attachment":[{"href":"https:\/\/apuntesdesanluis.com\/index.php\/wp-json\/wp\/v2\/media?parent=16286"}],"wp:term":[{"taxonomy":"category","embeddable":true,"href":"https:\/\/apuntesdesanluis.com\/index.php\/wp-json\/wp\/v2\/categories?post=16286"},{"taxonomy":"post_tag","embeddable":true,"href":"https:\/\/apuntesdesanluis.com\/index.php\/wp-json\/wp\/v2\/tags?post=16286"}],"curies":[{"name":"wp","href":"https:\/\/api.w.org\/{rel}","templated":true}]}}