{"id":16293,"date":"2024-05-15T20:42:13","date_gmt":"2024-05-15T23:42:13","guid":{"rendered":"https:\/\/apuntesdesanluis.com\/?p=16293"},"modified":"2024-05-16T08:46:29","modified_gmt":"2024-05-16T11:46:29","slug":"otra-baja-en-el-gabinete-nacional-se-fue-el-segundo-de-cuneo-libarona-en-justicia","status":"publish","type":"post","link":"https:\/\/apuntesdesanluis.com\/index.php\/2024\/05\/15\/otra-baja-en-el-gabinete-nacional-se-fue-el-segundo-de-cuneo-libarona-en-justicia\/","title":{"rendered":"OTRA BAJA EN EL GABINETE NACIONAL: SE FUE EL SEGUNDO DE C\u00daNEO LIBARONA EN JUSTICIA"},"content":{"rendered":"<h3>El Ministerio de Justicia sufri\u00f3 la primera baja entre sus funcionarios: le pidieron la renuncia a <strong>Diego Guerendiain<\/strong>, mano derecha de <strong>Mariano C\u00faneo Libarona<\/strong> y titular de la Unidad Gabinete.<\/h3>\n<h3>La explicaci\u00f3n formal fue \u201cmotivos personales\u201d, pero fuentes consultadas se\u00f1alaron que hab\u00eda malestar sobre su funci\u00f3n y que esa situaci\u00f3n lleg\u00f3 a o\u00eddos del presidente Javier Milei.<\/h3>\n<h3>Guerendiain arrib\u00f3 a la cartera de la mano de C\u00faneo Libarona. De hecho, el ministro lo ungi\u00f3 r\u00e1pidamente como su jefe de Gabinete y hasta se anunci\u00f3 que ser\u00eda el representante del Ejecutivo en el Consejo de la Magistratura, algo que no ocurri\u00f3. Despu\u00e9s de varios meses, el Gobierno design\u00f3 en ese puesto clave al viceministro Sebasti\u00e1n Amerio.<\/h3>\n<h3>Un detalle llam\u00f3 la atenci\u00f3n en los \u00faltimos d\u00edas: el 11 de abril Guerendiain fue designado al frente de la comisi\u00f3n de inteligencia artificial del Ministerio de Justicia, pero apenas unos d\u00edas despu\u00e9s, esa decisi\u00f3n fue revocada y fue puesto al frente de ese programa el Director Nacional del Sistema Argentino de Informaci\u00f3n Jur\u00eddica, Fernando Horowitz. Todo qued\u00f3 plasmado en el Bolet\u00edn Oficial el 7 de mayo.<\/h3>\n<h3>Seg\u00fan trascendi\u00f3, el malestar creci\u00f3 con el funcionario porque los rumores indican que se habr\u00eda movido por tribunales hablando con jueces en nombre del Gobierno cuando nadie le hab\u00eda encomendado la tarea. Incluso, esas versiones se\u00f1alan que una de las situaciones que m\u00e1s ruido gener\u00f3 fue con el caso AMIA. \u201cEsa situaci\u00f3n lleg\u00f3 a o\u00eddos del Presidente\u201d, explicaron las fuentes consultadas.<\/h3>\n<h3>La explicaci\u00f3n oficial se\u00f1al\u00f3 que la desvinculaci\u00f3n fue el 11 de mayo, s\u00e1bado, y se debi\u00f3 a \u201cmotivos personales\u201d.<\/h3>\n<h3>La misiva, dirigida a C\u00faneo Libarona, sostiene: \u201cMe dirijo a usted para presentar formalmente mi renuncia al cargo de jefe de Gabinete del Ministerio de Justicia, con efecto a partir del 13 de mayo, debido a circunstancias personales. Ha sido un honor servir en este cargo y contribuir a su lado en la gesti\u00f3n del Ministerio de Justicia durante este tiempo de intensa e incansable actividad. No fue solo la amistad de 30 a\u00f1os que nos une y que sin duda continuar\u00e1, lo que me llev\u00f3 a aceptar la propuesta para que lo acompa\u00f1e desde un lugar tan cercano sino la firme convicci\u00f3n en los objetivos, la transparencia y la responsabilidad con la que entendemos que debe encararse la funci\u00f3n p\u00fablica en esta \u00e1rea que tanta pasi\u00f3n nos genera. Aprecio profundamente la oportunidad de trabajar con un equipo tan talentoso y dedicado, as\u00ed como la confianza que se me otorg\u00f3 para desempe\u00f1ar tan alta funci\u00f3n en el Ministerio\u201d, dijo.<\/h3>\n<p>&nbsp;<\/p>\n<p>&nbsp;<\/p>\n<p>&nbsp;<\/p>\n<p>&nbsp;<\/p>\n<p>&nbsp;<\/p>\n<p>&nbsp;<\/p>\n","protected":false},"excerpt":{"rendered":"<p>El Ministerio de Justicia sufri\u00f3 la primera baja entre sus funcionarios: le pidieron la renuncia&#8230;<\/p>\n","protected":false},"author":1,"featured_media":16294,"comment_status":"closed","ping_status":"closed","sticky":false,"template":"","format":"standard","meta":{"footnotes":""},"categories":[5],"tags":[],"class_list":["post-16293","post","type-post","status-publish","format-standard","has-post-thumbnail","hentry","category-nacionales-internacionales"],"yoast_head":"<!-- This site is optimized with the Yoast SEO plugin v26.1.1 - https:\/\/yoast.com\/wordpress\/plugins\/seo\/ -->\n<title>OTRA BAJA EN EL GABINETE NACIONAL: SE FUE EL SEGUNDO DE C\u00daNEO LIBARONA EN JUSTICIA - Apuntes de San Luis<\/title>\n<meta name=\"robots\" content=\"index, follow, max-snippet:-1, max-image-preview:large, max-video-preview:-1\" \/>\n<link rel=\"canonical\" href=\"https:\/\/apuntesdesanluis.com\/index.php\/2024\/05\/15\/otra-baja-en-el-gabinete-nacional-se-fue-el-segundo-de-cuneo-libarona-en-justicia\/\" \/>\n<meta property=\"og:locale\" content=\"es_ES\" \/>\n<meta property=\"og:type\" content=\"article\" \/>\n<meta property=\"og:title\" content=\"OTRA BAJA EN EL GABINETE NACIONAL: SE FUE EL SEGUNDO DE C\u00daNEO LIBARONA EN JUSTICIA - Apuntes de San Luis\" \/>\n<meta property=\"og:description\" content=\"El Ministerio de Justicia sufri\u00f3 la primera baja entre sus funcionarios: le pidieron la renuncia...\" \/>\n<meta property=\"og:url\" content=\"https:\/\/apuntesdesanluis.com\/index.php\/2024\/05\/15\/otra-baja-en-el-gabinete-nacional-se-fue-el-segundo-de-cuneo-libarona-en-justicia\/\" \/>\n<meta property=\"og:site_name\" content=\"Apuntes de San Luis\" \/>\n<meta property=\"article:published_time\" content=\"2024-05-15T23:42:13+00:00\" \/>\n<meta property=\"article:modified_time\" content=\"2024-05-16T11:46:29+00:00\" \/>\n<meta property=\"og:image\" content=\"https:\/\/apuntesdesanluis.com\/wp-content\/uploads\/2024\/05\/GUERENDIAN.png\" \/>\n\t<meta property=\"og:image:width\" content=\"600\" \/>\n\t<meta property=\"og:image:height\" content=\"345\" \/>\n\t<meta property=\"og:image:type\" content=\"image\/png\" \/>\n<meta name=\"author\" content=\"apuntesdesanluis.com\" \/>\n<meta name=\"twitter:card\" content=\"summary_large_image\" \/>\n<meta name=\"twitter:label1\" content=\"Escrito por\" \/>\n\t<meta name=\"twitter:data1\" content=\"apuntesdesanluis.com\" \/>\n\t<meta name=\"twitter:label2\" content=\"Tiempo de lectura\" \/>\n\t<meta name=\"twitter:data2\" content=\"3 minutos\" \/>\n<script type=\"application\/ld+json\" class=\"yoast-schema-graph\">{\"@context\":\"https:\/\/schema.org\",\"@graph\":[{\"@type\":\"Article\",\"@id\":\"https:\/\/apuntesdesanluis.com\/index.php\/2024\/05\/15\/otra-baja-en-el-gabinete-nacional-se-fue-el-segundo-de-cuneo-libarona-en-justicia\/#article\",\"isPartOf\":{\"@id\":\"https:\/\/apuntesdesanluis.com\/index.php\/2024\/05\/15\/otra-baja-en-el-gabinete-nacional-se-fue-el-segundo-de-cuneo-libarona-en-justicia\/\"},\"author\":{\"name\":\"apuntesdesanluis.com\",\"@id\":\"https:\/\/apuntesdesanluis.com\/#\/schema\/person\/b55151d52296fcce64d1a72538a70b90\"},\"headline\":\"OTRA BAJA EN EL GABINETE NACIONAL: SE FUE EL SEGUNDO DE C\u00daNEO LIBARONA EN JUSTICIA\",\"datePublished\":\"2024-05-15T23:42:13+00:00\",\"dateModified\":\"2024-05-16T11:46:29+00:00\",\"mainEntityOfPage\":{\"@id\":\"https:\/\/apuntesdesanluis.com\/index.php\/2024\/05\/15\/otra-baja-en-el-gabinete-nacional-se-fue-el-segundo-de-cuneo-libarona-en-justicia\/\"},\"wordCount\":480,\"publisher\":{\"@id\":\"https:\/\/apuntesdesanluis.com\/#\/schema\/person\/b55151d52296fcce64d1a72538a70b90\"},\"image\":{\"@id\":\"https:\/\/apuntesdesanluis.com\/index.php\/2024\/05\/15\/otra-baja-en-el-gabinete-nacional-se-fue-el-segundo-de-cuneo-libarona-en-justicia\/#primaryimage\"},\"thumbnailUrl\":\"https:\/\/apuntesdesanluis.com\/wp-content\/uploads\/2024\/05\/GUERENDIAN.png\",\"articleSection\":[\"Nacionales\/Internacionales\"],\"inLanguage\":\"es-AR\"},{\"@type\":\"WebPage\",\"@id\":\"https:\/\/apuntesdesanluis.com\/index.php\/2024\/05\/15\/otra-baja-en-el-gabinete-nacional-se-fue-el-segundo-de-cuneo-libarona-en-justicia\/\",\"url\":\"https:\/\/apuntesdesanluis.com\/index.php\/2024\/05\/15\/otra-baja-en-el-gabinete-nacional-se-fue-el-segundo-de-cuneo-libarona-en-justicia\/\",\"name\":\"OTRA BAJA EN EL GABINETE NACIONAL: SE FUE EL SEGUNDO DE C\u00daNEO LIBARONA EN JUSTICIA - Apuntes de San Luis\",\"isPartOf\":{\"@id\":\"https:\/\/apuntesdesanluis.com\/#website\"},\"primaryImageOfPage\":{\"@id\":\"https:\/\/apuntesdesanluis.com\/index.php\/2024\/05\/15\/otra-baja-en-el-gabinete-nacional-se-fue-el-segundo-de-cuneo-libarona-en-justicia\/#primaryimage\"},\"image\":{\"@id\":\"https:\/\/apuntesdesanluis.com\/index.php\/2024\/05\/15\/otra-baja-en-el-gabinete-nacional-se-fue-el-segundo-de-cuneo-libarona-en-justicia\/#primaryimage\"},\"thumbnailUrl\":\"https:\/\/apuntesdesanluis.com\/wp-content\/uploads\/2024\/05\/GUERENDIAN.png\",\"datePublished\":\"2024-05-15T23:42:13+00:00\",\"dateModified\":\"2024-05-16T11:46:29+00:00\",\"breadcrumb\":{\"@id\":\"https:\/\/apuntesdesanluis.com\/index.php\/2024\/05\/15\/otra-baja-en-el-gabinete-nacional-se-fue-el-segundo-de-cuneo-libarona-en-justicia\/#breadcrumb\"},\"inLanguage\":\"es-AR\",\"potentialAction\":[{\"@type\":\"ReadAction\",\"target\":[\"https:\/\/apuntesdesanluis.com\/index.php\/2024\/05\/15\/otra-baja-en-el-gabinete-nacional-se-fue-el-segundo-de-cuneo-libarona-en-justicia\/\"]}]},{\"@type\":\"ImageObject\",\"inLanguage\":\"es-AR\",\"@id\":\"https:\/\/apuntesdesanluis.com\/index.php\/2024\/05\/15\/otra-baja-en-el-gabinete-nacional-se-fue-el-segundo-de-cuneo-libarona-en-justicia\/#primaryimage\",\"url\":\"https:\/\/apuntesdesanluis.com\/wp-content\/uploads\/2024\/05\/GUERENDIAN.png\",\"contentUrl\":\"https:\/\/apuntesdesanluis.com\/wp-content\/uploads\/2024\/05\/GUERENDIAN.png\",\"width\":600,\"height\":345},{\"@type\":\"BreadcrumbList\",\"@id\":\"https:\/\/apuntesdesanluis.com\/index.php\/2024\/05\/15\/otra-baja-en-el-gabinete-nacional-se-fue-el-segundo-de-cuneo-libarona-en-justicia\/#breadcrumb\",\"itemListElement\":[{\"@type\":\"ListItem\",\"position\":1,\"name\":\"Inicio\",\"item\":\"https:\/\/apuntesdesanluis.com\/\"},{\"@type\":\"ListItem\",\"position\":2,\"name\":\"OTRA BAJA EN EL GABINETE NACIONAL: SE FUE EL SEGUNDO DE C\u00daNEO LIBARONA EN JUSTICIA\"}]},{\"@type\":\"WebSite\",\"@id\":\"https:\/\/apuntesdesanluis.com\/#website\",\"url\":\"https:\/\/apuntesdesanluis.com\/\",\"name\":\"Apuntes de San Luis\",\"description\":\"\",\"publisher\":{\"@id\":\"https:\/\/apuntesdesanluis.com\/#\/schema\/person\/b55151d52296fcce64d1a72538a70b90\"},\"potentialAction\":[{\"@type\":\"SearchAction\",\"target\":{\"@type\":\"EntryPoint\",\"urlTemplate\":\"https:\/\/apuntesdesanluis.com\/?s={search_term_string}\"},\"query-input\":{\"@type\":\"PropertyValueSpecification\",\"valueRequired\":true,\"valueName\":\"search_term_string\"}}],\"inLanguage\":\"es-AR\"},{\"@type\":[\"Person\",\"Organization\"],\"@id\":\"https:\/\/apuntesdesanluis.com\/#\/schema\/person\/b55151d52296fcce64d1a72538a70b90\",\"name\":\"apuntesdesanluis.com\",\"image\":{\"@type\":\"ImageObject\",\"inLanguage\":\"es-AR\",\"@id\":\"https:\/\/apuntesdesanluis.com\/#\/schema\/person\/image\/\",\"url\":\"https:\/\/apuntesdesanluis.com\/wp-content\/uploads\/2023\/07\/cropped-apuntesdesanluis.png\",\"contentUrl\":\"https:\/\/apuntesdesanluis.com\/wp-content\/uploads\/2023\/07\/cropped-apuntesdesanluis.png\",\"width\":450,\"height\":112,\"caption\":\"apuntesdesanluis.com\"},\"logo\":{\"@id\":\"https:\/\/apuntesdesanluis.com\/#\/schema\/person\/image\/\"},\"sameAs\":[\"https:\/\/apuntesdesanluis.com\"],\"url\":\"https:\/\/apuntesdesanluis.com\/index.php\/author\/apuntesdesanluis-com\/\"}]}<\/script>\n<!-- \/ Yoast SEO plugin. -->","yoast_head_json":{"title":"OTRA BAJA EN EL GABINETE NACIONAL: SE FUE EL SEGUNDO DE C\u00daNEO LIBARONA EN JUSTICIA - Apuntes de San Luis","robots":{"index":"index","follow":"follow","max-snippet":"max-snippet:-1","max-image-preview":"max-image-preview:large","max-video-preview":"max-video-preview:-1"},"canonical":"https:\/\/apuntesdesanluis.com\/index.php\/2024\/05\/15\/otra-baja-en-el-gabinete-nacional-se-fue-el-segundo-de-cuneo-libarona-en-justicia\/","og_locale":"es_ES","og_type":"article","og_title":"OTRA BAJA EN EL GABINETE NACIONAL: SE FUE EL SEGUNDO DE C\u00daNEO LIBARONA EN JUSTICIA - Apuntes de San Luis","og_description":"El Ministerio de Justicia sufri\u00f3 la primera baja entre sus funcionarios: le pidieron la renuncia...","og_url":"https:\/\/apuntesdesanluis.com\/index.php\/2024\/05\/15\/otra-baja-en-el-gabinete-nacional-se-fue-el-segundo-de-cuneo-libarona-en-justicia\/","og_site_name":"Apuntes de San Luis","article_published_time":"2024-05-15T23:42:13+00:00","article_modified_time":"2024-05-16T11:46:29+00:00","og_image":[{"width":600,"height":345,"url":"https:\/\/apuntesdesanluis.com\/wp-content\/uploads\/2024\/05\/GUERENDIAN.png","type":"image\/png"}],"author":"apuntesdesanluis.com","twitter_card":"summary_large_image","twitter_misc":{"Escrito por":"apuntesdesanluis.com","Tiempo de lectura":"3 minutos"},"schema":{"@context":"https:\/\/schema.org","@graph":[{"@type":"Article","@id":"https:\/\/apuntesdesanluis.com\/index.php\/2024\/05\/15\/otra-baja-en-el-gabinete-nacional-se-fue-el-segundo-de-cuneo-libarona-en-justicia\/#article","isPartOf":{"@id":"https:\/\/apuntesdesanluis.com\/index.php\/2024\/05\/15\/otra-baja-en-el-gabinete-nacional-se-fue-el-segundo-de-cuneo-libarona-en-justicia\/"},"author":{"name":"apuntesdesanluis.com","@id":"https:\/\/apuntesdesanluis.com\/#\/schema\/person\/b55151d52296fcce64d1a72538a70b90"},"headline":"OTRA BAJA EN EL GABINETE NACIONAL: SE FUE EL SEGUNDO DE C\u00daNEO LIBARONA EN JUSTICIA","datePublished":"2024-05-15T23:42:13+00:00","dateModified":"2024-05-16T11:46:29+00:00","mainEntityOfPage":{"@id":"https:\/\/apuntesdesanluis.com\/index.php\/2024\/05\/15\/otra-baja-en-el-gabinete-nacional-se-fue-el-segundo-de-cuneo-libarona-en-justicia\/"},"wordCount":480,"publisher":{"@id":"https:\/\/apuntesdesanluis.com\/#\/schema\/person\/b55151d52296fcce64d1a72538a70b90"},"image":{"@id":"https:\/\/apuntesdesanluis.com\/index.php\/2024\/05\/15\/otra-baja-en-el-gabinete-nacional-se-fue-el-segundo-de-cuneo-libarona-en-justicia\/#primaryimage"},"thumbnailUrl":"https:\/\/apuntesdesanluis.com\/wp-content\/uploads\/2024\/05\/GUERENDIAN.png","articleSection":["Nacionales\/Internacionales"],"inLanguage":"es-AR"},{"@type":"WebPage","@id":"https:\/\/apuntesdesanluis.com\/index.php\/2024\/05\/15\/otra-baja-en-el-gabinete-nacional-se-fue-el-segundo-de-cuneo-libarona-en-justicia\/","url":"https:\/\/apuntesdesanluis.com\/index.php\/2024\/05\/15\/otra-baja-en-el-gabinete-nacional-se-fue-el-segundo-de-cuneo-libarona-en-justicia\/","name":"OTRA BAJA EN EL GABINETE NACIONAL: SE FUE EL SEGUNDO DE C\u00daNEO LIBARONA EN JUSTICIA - Apuntes de San Luis","isPartOf":{"@id":"https:\/\/apuntesdesanluis.com\/#website"},"primaryImageOfPage":{"@id":"https:\/\/apuntesdesanluis.com\/index.php\/2024\/05\/15\/otra-baja-en-el-gabinete-nacional-se-fue-el-segundo-de-cuneo-libarona-en-justicia\/#primaryimage"},"image":{"@id":"https:\/\/apuntesdesanluis.com\/index.php\/2024\/05\/15\/otra-baja-en-el-gabinete-nacional-se-fue-el-segundo-de-cuneo-libarona-en-justicia\/#primaryimage"},"thumbnailUrl":"https:\/\/apuntesdesanluis.com\/wp-content\/uploads\/2024\/05\/GUERENDIAN.png","datePublished":"2024-05-15T23:42:13+00:00","dateModified":"2024-05-16T11:46:29+00:00","breadcrumb":{"@id":"https:\/\/apuntesdesanluis.com\/index.php\/2024\/05\/15\/otra-baja-en-el-gabinete-nacional-se-fue-el-segundo-de-cuneo-libarona-en-justicia\/#breadcrumb"},"inLanguage":"es-AR","potentialAction":[{"@type":"ReadAction","target":["https:\/\/apuntesdesanluis.com\/index.php\/2024\/05\/15\/otra-baja-en-el-gabinete-nacional-se-fue-el-segundo-de-cuneo-libarona-en-justicia\/"]}]},{"@type":"ImageObject","inLanguage":"es-AR","@id":"https:\/\/apuntesdesanluis.com\/index.php\/2024\/05\/15\/otra-baja-en-el-gabinete-nacional-se-fue-el-segundo-de-cuneo-libarona-en-justicia\/#primaryimage","url":"https:\/\/apuntesdesanluis.com\/wp-content\/uploads\/2024\/05\/GUERENDIAN.png","contentUrl":"https:\/\/apuntesdesanluis.com\/wp-content\/uploads\/2024\/05\/GUERENDIAN.png","width":600,"height":345},{"@type":"BreadcrumbList","@id":"https:\/\/apuntesdesanluis.com\/index.php\/2024\/05\/15\/otra-baja-en-el-gabinete-nacional-se-fue-el-segundo-de-cuneo-libarona-en-justicia\/#breadcrumb","itemListElement":[{"@type":"ListItem","position":1,"name":"Inicio","item":"https:\/\/apuntesdesanluis.com\/"},{"@type":"ListItem","position":2,"name":"OTRA BAJA EN EL GABINETE NACIONAL: SE FUE EL SEGUNDO DE C\u00daNEO LIBARONA EN JUSTICIA"}]},{"@type":"WebSite","@id":"https:\/\/apuntesdesanluis.com\/#website","url":"https:\/\/apuntesdesanluis.com\/","name":"Apuntes de San Luis","description":"","publisher":{"@id":"https:\/\/apuntesdesanluis.com\/#\/schema\/person\/b55151d52296fcce64d1a72538a70b90"},"potentialAction":[{"@type":"SearchAction","target":{"@type":"EntryPoint","urlTemplate":"https:\/\/apuntesdesanluis.com\/?s={search_term_string}"},"query-input":{"@type":"PropertyValueSpecification","valueRequired":true,"valueName":"search_term_string"}}],"inLanguage":"es-AR"},{"@type":["Person","Organization"],"@id":"https:\/\/apuntesdesanluis.com\/#\/schema\/person\/b55151d52296fcce64d1a72538a70b90","name":"apuntesdesanluis.com","image":{"@type":"ImageObject","inLanguage":"es-AR","@id":"https:\/\/apuntesdesanluis.com\/#\/schema\/person\/image\/","url":"https:\/\/apuntesdesanluis.com\/wp-content\/uploads\/2023\/07\/cropped-apuntesdesanluis.png","contentUrl":"https:\/\/apuntesdesanluis.com\/wp-content\/uploads\/2023\/07\/cropped-apuntesdesanluis.png","width":450,"height":112,"caption":"apuntesdesanluis.com"},"logo":{"@id":"https:\/\/apuntesdesanluis.com\/#\/schema\/person\/image\/"},"sameAs":["https:\/\/apuntesdesanluis.com"],"url":"https:\/\/apuntesdesanluis.com\/index.php\/author\/apuntesdesanluis-com\/"}]}},"featured_image_urls":{"full":["https:\/\/apuntesdesanluis.com\/wp-content\/uploads\/2024\/05\/GUERENDIAN.png",600,345,false],"thumbnail":["https:\/\/apuntesdesanluis.com\/wp-content\/uploads\/2024\/05\/GUERENDIAN-150x150.png",150,150,true],"medium":["https:\/\/apuntesdesanluis.com\/wp-content\/uploads\/2024\/05\/GUERENDIAN-300x173.png",300,173,true],"medium_large":["https:\/\/apuntesdesanluis.com\/wp-content\/uploads\/2024\/05\/GUERENDIAN.png",600,345,false],"large":["https:\/\/apuntesdesanluis.com\/wp-content\/uploads\/2024\/05\/GUERENDIAN.png",600,345,false],"1536x1536":["https:\/\/apuntesdesanluis.com\/wp-content\/uploads\/2024\/05\/GUERENDIAN.png",600,345,false],"2048x2048":["https:\/\/apuntesdesanluis.com\/wp-content\/uploads\/2024\/05\/GUERENDIAN.png",600,345,false],"newsever-slider-full":["https:\/\/apuntesdesanluis.com\/wp-content\/uploads\/2024\/05\/GUERENDIAN.png",600,345,false],"newsever-featured":["https:\/\/apuntesdesanluis.com\/wp-content\/uploads\/2024\/05\/GUERENDIAN.png",600,345,false],"newsever-medium":["https:\/\/apuntesdesanluis.com\/wp-content\/uploads\/2024\/05\/GUERENDIAN.png",600,345,false]},"author_info":{"display_name":"apuntesdesanluis.com","author_link":"https:\/\/apuntesdesanluis.com\/index.php\/author\/apuntesdesanluis-com\/"},"category_info":"<a href=\"https:\/\/apuntesdesanluis.com\/index.php\/category\/nacionales-internacionales\/\" rel=\"category tag\">Nacionales\/Internacionales<\/a>","tag_info":"Nacionales\/Internacionales","comment_count":"0","_links":{"self":[{"href":"https:\/\/apuntesdesanluis.com\/index.php\/wp-json\/wp\/v2\/posts\/16293","targetHints":{"allow":["GET"]}}],"collection":[{"href":"https:\/\/apuntesdesanluis.com\/index.php\/wp-json\/wp\/v2\/posts"}],"about":[{"href":"https:\/\/apuntesdesanluis.com\/index.php\/wp-json\/wp\/v2\/types\/post"}],"author":[{"embeddable":true,"href":"https:\/\/apuntesdesanluis.com\/index.php\/wp-json\/wp\/v2\/users\/1"}],"replies":[{"embeddable":true,"href":"https:\/\/apuntesdesanluis.com\/index.php\/wp-json\/wp\/v2\/comments?post=16293"}],"version-history":[{"count":1,"href":"https:\/\/apuntesdesanluis.com\/index.php\/wp-json\/wp\/v2\/posts\/16293\/revisions"}],"predecessor-version":[{"id":16295,"href":"https:\/\/apuntesdesanluis.com\/index.php\/wp-json\/wp\/v2\/posts\/16293\/revisions\/16295"}],"wp:featuredmedia":[{"embeddable":true,"href":"https:\/\/apuntesdesanluis.com\/index.php\/wp-json\/wp\/v2\/media\/16294"}],"wp:attachment":[{"href":"https:\/\/apuntesdesanluis.com\/index.php\/wp-json\/wp\/v2\/media?parent=16293"}],"wp:term":[{"taxonomy":"category","embeddable":true,"href":"https:\/\/apuntesdesanluis.com\/index.php\/wp-json\/wp\/v2\/categories?post=16293"},{"taxonomy":"post_tag","embeddable":true,"href":"https:\/\/apuntesdesanluis.com\/index.php\/wp-json\/wp\/v2\/tags?post=16293"}],"curies":[{"name":"wp","href":"https:\/\/api.w.org\/{rel}","templated":true}]}}