{"id":16296,"date":"2024-05-15T21:49:11","date_gmt":"2024-05-16T00:49:11","guid":{"rendered":"https:\/\/apuntesdesanluis.com\/?p=16296"},"modified":"2024-05-16T08:54:37","modified_gmt":"2024-05-16T11:54:37","slug":"por-el-ajuste-renuncio-el-director-nacional-de-los-registros-del-automotor","status":"publish","type":"post","link":"https:\/\/apuntesdesanluis.com\/index.php\/2024\/05\/15\/por-el-ajuste-renuncio-el-director-nacional-de-los-registros-del-automotor\/","title":{"rendered":"POR EL AJUSTE, RENUNCI\u00d3 EL DIRECTOR NACIONAL DE LOS REGISTROS DEL AUTOMOTOR"},"content":{"rendered":"<h3>Si bien no estaba designado oficialmente, <strong>Rodrigo P\u00faertolas<\/strong> se alej\u00f3 del cargo. Tambi\u00e9n se suman renuncias de encargados e interventores.<\/h3>\n<h3>Apenas dos meses despu\u00e9s de ser designado extraoficialmente como titular de la Direcci\u00f3n Nacional de los Registros del Automotor (DNRPA) el abogado <strong>Rodrigo Pu\u00e9rtolas<\/strong> renunci\u00f3 a ese cargo.<\/h3>\n<h3>As\u00ed lo confirmaron fuentes del sector registral, que a la vez advirtieron que en las \u00faltimas semanas han renunciado tambi\u00e9n decenas de encargados e interventores de Registros por el ajuste que decidi\u00f3 aplicar el Gobierno en la actividad.<\/h3>\n<h3>Pu\u00e9rtolas nunca fue designado oficialmente como director nacional, pero se desempe\u00f1aba en esa funci\u00f3n desde marzo, a la espera de que el Poder Ejecutivo lo formalizara en el cargo.<\/h3>\n<h3>De hecho, las resoluciones y disposiciones de la DNRPA que se han publicado en el Bolet\u00edn Oficial desde la asunci\u00f3n de Javier Milei llevaron las firmas de dos funcionarios hist\u00f3ricos de ese organismo, que depende del Ministerio de Justicia: M\u00f3nica Cortes y Mart\u00edn Pennella.<\/h3>\n<h3>La decisi\u00f3n del Gobierno de reducir en un 40% la cantidad de Registros del Automotor que operan en el pa\u00eds, sumada a que desde octubre los encargados de esas oficinas no reciben aumento en sus ingresos -inclusive para solventar los gastos de la actividad- provoc\u00f3 que varios de ellos hayan presentado su renuncia en las \u00faltimas semanas, de las cuales solo algunas fueron aceptadas hasta el momento.<\/h3>\n<h3>Quienes todav\u00eda no renunciaron, presentaron amparos y otros recursos judiciales para intentar que el Gobierno, finalmente, autorice una mejora en los ingresos (conocidos como &#8220;emolumentos&#8221;) de los Registros, que si bien son organismos p\u00fablicos, su gesti\u00f3n est\u00e1 en manos privadas.<\/h3>\n<h3>Por caso, la Asociacio\u0301n Argentina de Encargados de Registros de la Propiedad del Automotor (AAERPA), present\u00f3 un amparo con la firma de 77 encargados e interventores de todo el pa\u00eds, para que se declare &#8220;la nulidad de la Resolucio\u0301n 2024-133-APN-MJ&#8221;, que fren\u00f3 la actualizaci\u00f3n de ingresos.<\/h3>\n<h3>\u00a0Adem\u00e1s, de reducir la cantidad de Registros, la Casa Rosada anunci\u00f3 su intenci\u00f3n de despedir al 30% del personal de la DNRPA.<\/h3>\n<h3>Pu\u00e9rtolas no forma parte de La Libertad Avanza: proviene del PJ porte\u00f1o y hab\u00eda apoyado la candidatura presidencial de Sergio Massa. Incluso, durante la gesti\u00f3n de Alberto Fern\u00e1ndez estuvo a cargo de Proyecto de Ventanilla \u00danica de Comercio Exterior (VUSE), un organismo del Ministerio de Econom\u00eda.<\/h3>\n<p>&nbsp;<\/p>\n<p>&nbsp;<\/p>\n<p>&nbsp;<\/p>\n<p>&nbsp;<\/p>\n<p>&nbsp;<\/p>\n<p>&nbsp;<\/p>\n","protected":false},"excerpt":{"rendered":"<p>Si bien no estaba designado oficialmente, Rodrigo P\u00faertolas se alej\u00f3 del cargo. Tambi\u00e9n se suman&#8230;<\/p>\n","protected":false},"author":1,"featured_media":16297,"comment_status":"closed","ping_status":"closed","sticky":false,"template":"","format":"standard","meta":{"footnotes":""},"categories":[5],"tags":[],"class_list":["post-16296","post","type-post","status-publish","format-standard","has-post-thumbnail","hentry","category-nacionales-internacionales"],"yoast_head":"<!-- This site is optimized with the Yoast SEO plugin v26.1.1 - https:\/\/yoast.com\/wordpress\/plugins\/seo\/ -->\n<title>POR EL AJUSTE, RENUNCI\u00d3 EL DIRECTOR NACIONAL DE LOS REGISTROS DEL AUTOMOTOR - Apuntes de San Luis<\/title>\n<meta name=\"robots\" content=\"index, follow, max-snippet:-1, max-image-preview:large, max-video-preview:-1\" \/>\n<link rel=\"canonical\" href=\"https:\/\/apuntesdesanluis.com\/index.php\/2024\/05\/15\/por-el-ajuste-renuncio-el-director-nacional-de-los-registros-del-automotor\/\" \/>\n<meta property=\"og:locale\" content=\"es_ES\" \/>\n<meta property=\"og:type\" content=\"article\" \/>\n<meta property=\"og:title\" content=\"POR EL AJUSTE, RENUNCI\u00d3 EL DIRECTOR NACIONAL DE LOS REGISTROS DEL AUTOMOTOR - Apuntes de San Luis\" \/>\n<meta property=\"og:description\" content=\"Si bien no estaba designado oficialmente, Rodrigo P\u00faertolas se alej\u00f3 del cargo. Tambi\u00e9n se suman...\" \/>\n<meta property=\"og:url\" content=\"https:\/\/apuntesdesanluis.com\/index.php\/2024\/05\/15\/por-el-ajuste-renuncio-el-director-nacional-de-los-registros-del-automotor\/\" \/>\n<meta property=\"og:site_name\" content=\"Apuntes de San Luis\" \/>\n<meta property=\"article:published_time\" content=\"2024-05-16T00:49:11+00:00\" \/>\n<meta property=\"article:modified_time\" content=\"2024-05-16T11:54:37+00:00\" \/>\n<meta property=\"og:image\" content=\"https:\/\/apuntesdesanluis.com\/wp-content\/uploads\/2024\/05\/RENUNCIA.png\" \/>\n\t<meta property=\"og:image:width\" content=\"551\" \/>\n\t<meta property=\"og:image:height\" content=\"335\" \/>\n\t<meta property=\"og:image:type\" content=\"image\/png\" \/>\n<meta name=\"author\" content=\"apuntesdesanluis.com\" \/>\n<meta name=\"twitter:card\" content=\"summary_large_image\" \/>\n<meta name=\"twitter:label1\" content=\"Escrito por\" \/>\n\t<meta name=\"twitter:data1\" content=\"apuntesdesanluis.com\" \/>\n\t<meta name=\"twitter:label2\" content=\"Tiempo de lectura\" \/>\n\t<meta name=\"twitter:data2\" content=\"2 minutos\" \/>\n<script type=\"application\/ld+json\" class=\"yoast-schema-graph\">{\"@context\":\"https:\/\/schema.org\",\"@graph\":[{\"@type\":\"Article\",\"@id\":\"https:\/\/apuntesdesanluis.com\/index.php\/2024\/05\/15\/por-el-ajuste-renuncio-el-director-nacional-de-los-registros-del-automotor\/#article\",\"isPartOf\":{\"@id\":\"https:\/\/apuntesdesanluis.com\/index.php\/2024\/05\/15\/por-el-ajuste-renuncio-el-director-nacional-de-los-registros-del-automotor\/\"},\"author\":{\"name\":\"apuntesdesanluis.com\",\"@id\":\"https:\/\/apuntesdesanluis.com\/#\/schema\/person\/b55151d52296fcce64d1a72538a70b90\"},\"headline\":\"POR EL AJUSTE, RENUNCI\u00d3 EL DIRECTOR NACIONAL DE LOS REGISTROS DEL AUTOMOTOR\",\"datePublished\":\"2024-05-16T00:49:11+00:00\",\"dateModified\":\"2024-05-16T11:54:37+00:00\",\"mainEntityOfPage\":{\"@id\":\"https:\/\/apuntesdesanluis.com\/index.php\/2024\/05\/15\/por-el-ajuste-renuncio-el-director-nacional-de-los-registros-del-automotor\/\"},\"wordCount\":427,\"publisher\":{\"@id\":\"https:\/\/apuntesdesanluis.com\/#\/schema\/person\/b55151d52296fcce64d1a72538a70b90\"},\"image\":{\"@id\":\"https:\/\/apuntesdesanluis.com\/index.php\/2024\/05\/15\/por-el-ajuste-renuncio-el-director-nacional-de-los-registros-del-automotor\/#primaryimage\"},\"thumbnailUrl\":\"https:\/\/apuntesdesanluis.com\/wp-content\/uploads\/2024\/05\/RENUNCIA.png\",\"articleSection\":[\"Nacionales\/Internacionales\"],\"inLanguage\":\"es-AR\"},{\"@type\":\"WebPage\",\"@id\":\"https:\/\/apuntesdesanluis.com\/index.php\/2024\/05\/15\/por-el-ajuste-renuncio-el-director-nacional-de-los-registros-del-automotor\/\",\"url\":\"https:\/\/apuntesdesanluis.com\/index.php\/2024\/05\/15\/por-el-ajuste-renuncio-el-director-nacional-de-los-registros-del-automotor\/\",\"name\":\"POR EL AJUSTE, RENUNCI\u00d3 EL DIRECTOR NACIONAL DE LOS REGISTROS DEL AUTOMOTOR - Apuntes de San Luis\",\"isPartOf\":{\"@id\":\"https:\/\/apuntesdesanluis.com\/#website\"},\"primaryImageOfPage\":{\"@id\":\"https:\/\/apuntesdesanluis.com\/index.php\/2024\/05\/15\/por-el-ajuste-renuncio-el-director-nacional-de-los-registros-del-automotor\/#primaryimage\"},\"image\":{\"@id\":\"https:\/\/apuntesdesanluis.com\/index.php\/2024\/05\/15\/por-el-ajuste-renuncio-el-director-nacional-de-los-registros-del-automotor\/#primaryimage\"},\"thumbnailUrl\":\"https:\/\/apuntesdesanluis.com\/wp-content\/uploads\/2024\/05\/RENUNCIA.png\",\"datePublished\":\"2024-05-16T00:49:11+00:00\",\"dateModified\":\"2024-05-16T11:54:37+00:00\",\"breadcrumb\":{\"@id\":\"https:\/\/apuntesdesanluis.com\/index.php\/2024\/05\/15\/por-el-ajuste-renuncio-el-director-nacional-de-los-registros-del-automotor\/#breadcrumb\"},\"inLanguage\":\"es-AR\",\"potentialAction\":[{\"@type\":\"ReadAction\",\"target\":[\"https:\/\/apuntesdesanluis.com\/index.php\/2024\/05\/15\/por-el-ajuste-renuncio-el-director-nacional-de-los-registros-del-automotor\/\"]}]},{\"@type\":\"ImageObject\",\"inLanguage\":\"es-AR\",\"@id\":\"https:\/\/apuntesdesanluis.com\/index.php\/2024\/05\/15\/por-el-ajuste-renuncio-el-director-nacional-de-los-registros-del-automotor\/#primaryimage\",\"url\":\"https:\/\/apuntesdesanluis.com\/wp-content\/uploads\/2024\/05\/RENUNCIA.png\",\"contentUrl\":\"https:\/\/apuntesdesanluis.com\/wp-content\/uploads\/2024\/05\/RENUNCIA.png\",\"width\":551,\"height\":335},{\"@type\":\"BreadcrumbList\",\"@id\":\"https:\/\/apuntesdesanluis.com\/index.php\/2024\/05\/15\/por-el-ajuste-renuncio-el-director-nacional-de-los-registros-del-automotor\/#breadcrumb\",\"itemListElement\":[{\"@type\":\"ListItem\",\"position\":1,\"name\":\"Inicio\",\"item\":\"https:\/\/apuntesdesanluis.com\/\"},{\"@type\":\"ListItem\",\"position\":2,\"name\":\"POR EL AJUSTE, RENUNCI\u00d3 EL DIRECTOR NACIONAL DE LOS REGISTROS DEL AUTOMOTOR\"}]},{\"@type\":\"WebSite\",\"@id\":\"https:\/\/apuntesdesanluis.com\/#website\",\"url\":\"https:\/\/apuntesdesanluis.com\/\",\"name\":\"Apuntes de San Luis\",\"description\":\"\",\"publisher\":{\"@id\":\"https:\/\/apuntesdesanluis.com\/#\/schema\/person\/b55151d52296fcce64d1a72538a70b90\"},\"potentialAction\":[{\"@type\":\"SearchAction\",\"target\":{\"@type\":\"EntryPoint\",\"urlTemplate\":\"https:\/\/apuntesdesanluis.com\/?s={search_term_string}\"},\"query-input\":{\"@type\":\"PropertyValueSpecification\",\"valueRequired\":true,\"valueName\":\"search_term_string\"}}],\"inLanguage\":\"es-AR\"},{\"@type\":[\"Person\",\"Organization\"],\"@id\":\"https:\/\/apuntesdesanluis.com\/#\/schema\/person\/b55151d52296fcce64d1a72538a70b90\",\"name\":\"apuntesdesanluis.com\",\"image\":{\"@type\":\"ImageObject\",\"inLanguage\":\"es-AR\",\"@id\":\"https:\/\/apuntesdesanluis.com\/#\/schema\/person\/image\/\",\"url\":\"https:\/\/apuntesdesanluis.com\/wp-content\/uploads\/2023\/07\/cropped-apuntesdesanluis.png\",\"contentUrl\":\"https:\/\/apuntesdesanluis.com\/wp-content\/uploads\/2023\/07\/cropped-apuntesdesanluis.png\",\"width\":450,\"height\":112,\"caption\":\"apuntesdesanluis.com\"},\"logo\":{\"@id\":\"https:\/\/apuntesdesanluis.com\/#\/schema\/person\/image\/\"},\"sameAs\":[\"https:\/\/apuntesdesanluis.com\"],\"url\":\"https:\/\/apuntesdesanluis.com\/index.php\/author\/apuntesdesanluis-com\/\"}]}<\/script>\n<!-- \/ Yoast SEO plugin. -->","yoast_head_json":{"title":"POR EL AJUSTE, RENUNCI\u00d3 EL DIRECTOR NACIONAL DE LOS REGISTROS DEL AUTOMOTOR - Apuntes de San Luis","robots":{"index":"index","follow":"follow","max-snippet":"max-snippet:-1","max-image-preview":"max-image-preview:large","max-video-preview":"max-video-preview:-1"},"canonical":"https:\/\/apuntesdesanluis.com\/index.php\/2024\/05\/15\/por-el-ajuste-renuncio-el-director-nacional-de-los-registros-del-automotor\/","og_locale":"es_ES","og_type":"article","og_title":"POR EL AJUSTE, RENUNCI\u00d3 EL DIRECTOR NACIONAL DE LOS REGISTROS DEL AUTOMOTOR - Apuntes de San Luis","og_description":"Si bien no estaba designado oficialmente, Rodrigo P\u00faertolas se alej\u00f3 del cargo. Tambi\u00e9n se suman...","og_url":"https:\/\/apuntesdesanluis.com\/index.php\/2024\/05\/15\/por-el-ajuste-renuncio-el-director-nacional-de-los-registros-del-automotor\/","og_site_name":"Apuntes de San Luis","article_published_time":"2024-05-16T00:49:11+00:00","article_modified_time":"2024-05-16T11:54:37+00:00","og_image":[{"width":551,"height":335,"url":"https:\/\/apuntesdesanluis.com\/wp-content\/uploads\/2024\/05\/RENUNCIA.png","type":"image\/png"}],"author":"apuntesdesanluis.com","twitter_card":"summary_large_image","twitter_misc":{"Escrito por":"apuntesdesanluis.com","Tiempo de lectura":"2 minutos"},"schema":{"@context":"https:\/\/schema.org","@graph":[{"@type":"Article","@id":"https:\/\/apuntesdesanluis.com\/index.php\/2024\/05\/15\/por-el-ajuste-renuncio-el-director-nacional-de-los-registros-del-automotor\/#article","isPartOf":{"@id":"https:\/\/apuntesdesanluis.com\/index.php\/2024\/05\/15\/por-el-ajuste-renuncio-el-director-nacional-de-los-registros-del-automotor\/"},"author":{"name":"apuntesdesanluis.com","@id":"https:\/\/apuntesdesanluis.com\/#\/schema\/person\/b55151d52296fcce64d1a72538a70b90"},"headline":"POR EL AJUSTE, RENUNCI\u00d3 EL DIRECTOR NACIONAL DE LOS REGISTROS DEL AUTOMOTOR","datePublished":"2024-05-16T00:49:11+00:00","dateModified":"2024-05-16T11:54:37+00:00","mainEntityOfPage":{"@id":"https:\/\/apuntesdesanluis.com\/index.php\/2024\/05\/15\/por-el-ajuste-renuncio-el-director-nacional-de-los-registros-del-automotor\/"},"wordCount":427,"publisher":{"@id":"https:\/\/apuntesdesanluis.com\/#\/schema\/person\/b55151d52296fcce64d1a72538a70b90"},"image":{"@id":"https:\/\/apuntesdesanluis.com\/index.php\/2024\/05\/15\/por-el-ajuste-renuncio-el-director-nacional-de-los-registros-del-automotor\/#primaryimage"},"thumbnailUrl":"https:\/\/apuntesdesanluis.com\/wp-content\/uploads\/2024\/05\/RENUNCIA.png","articleSection":["Nacionales\/Internacionales"],"inLanguage":"es-AR"},{"@type":"WebPage","@id":"https:\/\/apuntesdesanluis.com\/index.php\/2024\/05\/15\/por-el-ajuste-renuncio-el-director-nacional-de-los-registros-del-automotor\/","url":"https:\/\/apuntesdesanluis.com\/index.php\/2024\/05\/15\/por-el-ajuste-renuncio-el-director-nacional-de-los-registros-del-automotor\/","name":"POR EL AJUSTE, RENUNCI\u00d3 EL DIRECTOR NACIONAL DE LOS REGISTROS DEL AUTOMOTOR - Apuntes de San Luis","isPartOf":{"@id":"https:\/\/apuntesdesanluis.com\/#website"},"primaryImageOfPage":{"@id":"https:\/\/apuntesdesanluis.com\/index.php\/2024\/05\/15\/por-el-ajuste-renuncio-el-director-nacional-de-los-registros-del-automotor\/#primaryimage"},"image":{"@id":"https:\/\/apuntesdesanluis.com\/index.php\/2024\/05\/15\/por-el-ajuste-renuncio-el-director-nacional-de-los-registros-del-automotor\/#primaryimage"},"thumbnailUrl":"https:\/\/apuntesdesanluis.com\/wp-content\/uploads\/2024\/05\/RENUNCIA.png","datePublished":"2024-05-16T00:49:11+00:00","dateModified":"2024-05-16T11:54:37+00:00","breadcrumb":{"@id":"https:\/\/apuntesdesanluis.com\/index.php\/2024\/05\/15\/por-el-ajuste-renuncio-el-director-nacional-de-los-registros-del-automotor\/#breadcrumb"},"inLanguage":"es-AR","potentialAction":[{"@type":"ReadAction","target":["https:\/\/apuntesdesanluis.com\/index.php\/2024\/05\/15\/por-el-ajuste-renuncio-el-director-nacional-de-los-registros-del-automotor\/"]}]},{"@type":"ImageObject","inLanguage":"es-AR","@id":"https:\/\/apuntesdesanluis.com\/index.php\/2024\/05\/15\/por-el-ajuste-renuncio-el-director-nacional-de-los-registros-del-automotor\/#primaryimage","url":"https:\/\/apuntesdesanluis.com\/wp-content\/uploads\/2024\/05\/RENUNCIA.png","contentUrl":"https:\/\/apuntesdesanluis.com\/wp-content\/uploads\/2024\/05\/RENUNCIA.png","width":551,"height":335},{"@type":"BreadcrumbList","@id":"https:\/\/apuntesdesanluis.com\/index.php\/2024\/05\/15\/por-el-ajuste-renuncio-el-director-nacional-de-los-registros-del-automotor\/#breadcrumb","itemListElement":[{"@type":"ListItem","position":1,"name":"Inicio","item":"https:\/\/apuntesdesanluis.com\/"},{"@type":"ListItem","position":2,"name":"POR EL AJUSTE, RENUNCI\u00d3 EL DIRECTOR NACIONAL DE LOS REGISTROS DEL AUTOMOTOR"}]},{"@type":"WebSite","@id":"https:\/\/apuntesdesanluis.com\/#website","url":"https:\/\/apuntesdesanluis.com\/","name":"Apuntes de San Luis","description":"","publisher":{"@id":"https:\/\/apuntesdesanluis.com\/#\/schema\/person\/b55151d52296fcce64d1a72538a70b90"},"potentialAction":[{"@type":"SearchAction","target":{"@type":"EntryPoint","urlTemplate":"https:\/\/apuntesdesanluis.com\/?s={search_term_string}"},"query-input":{"@type":"PropertyValueSpecification","valueRequired":true,"valueName":"search_term_string"}}],"inLanguage":"es-AR"},{"@type":["Person","Organization"],"@id":"https:\/\/apuntesdesanluis.com\/#\/schema\/person\/b55151d52296fcce64d1a72538a70b90","name":"apuntesdesanluis.com","image":{"@type":"ImageObject","inLanguage":"es-AR","@id":"https:\/\/apuntesdesanluis.com\/#\/schema\/person\/image\/","url":"https:\/\/apuntesdesanluis.com\/wp-content\/uploads\/2023\/07\/cropped-apuntesdesanluis.png","contentUrl":"https:\/\/apuntesdesanluis.com\/wp-content\/uploads\/2023\/07\/cropped-apuntesdesanluis.png","width":450,"height":112,"caption":"apuntesdesanluis.com"},"logo":{"@id":"https:\/\/apuntesdesanluis.com\/#\/schema\/person\/image\/"},"sameAs":["https:\/\/apuntesdesanluis.com"],"url":"https:\/\/apuntesdesanluis.com\/index.php\/author\/apuntesdesanluis-com\/"}]}},"featured_image_urls":{"full":["https:\/\/apuntesdesanluis.com\/wp-content\/uploads\/2024\/05\/RENUNCIA.png",551,335,false],"thumbnail":["https:\/\/apuntesdesanluis.com\/wp-content\/uploads\/2024\/05\/RENUNCIA-150x150.png",150,150,true],"medium":["https:\/\/apuntesdesanluis.com\/wp-content\/uploads\/2024\/05\/RENUNCIA-300x182.png",300,182,true],"medium_large":["https:\/\/apuntesdesanluis.com\/wp-content\/uploads\/2024\/05\/RENUNCIA.png",551,335,false],"large":["https:\/\/apuntesdesanluis.com\/wp-content\/uploads\/2024\/05\/RENUNCIA.png",551,335,false],"1536x1536":["https:\/\/apuntesdesanluis.com\/wp-content\/uploads\/2024\/05\/RENUNCIA.png",551,335,false],"2048x2048":["https:\/\/apuntesdesanluis.com\/wp-content\/uploads\/2024\/05\/RENUNCIA.png",551,335,false],"newsever-slider-full":["https:\/\/apuntesdesanluis.com\/wp-content\/uploads\/2024\/05\/RENUNCIA.png",551,335,false],"newsever-featured":["https:\/\/apuntesdesanluis.com\/wp-content\/uploads\/2024\/05\/RENUNCIA.png",551,335,false],"newsever-medium":["https:\/\/apuntesdesanluis.com\/wp-content\/uploads\/2024\/05\/RENUNCIA.png",551,335,false]},"author_info":{"display_name":"apuntesdesanluis.com","author_link":"https:\/\/apuntesdesanluis.com\/index.php\/author\/apuntesdesanluis-com\/"},"category_info":"<a href=\"https:\/\/apuntesdesanluis.com\/index.php\/category\/nacionales-internacionales\/\" rel=\"category tag\">Nacionales\/Internacionales<\/a>","tag_info":"Nacionales\/Internacionales","comment_count":"0","_links":{"self":[{"href":"https:\/\/apuntesdesanluis.com\/index.php\/wp-json\/wp\/v2\/posts\/16296","targetHints":{"allow":["GET"]}}],"collection":[{"href":"https:\/\/apuntesdesanluis.com\/index.php\/wp-json\/wp\/v2\/posts"}],"about":[{"href":"https:\/\/apuntesdesanluis.com\/index.php\/wp-json\/wp\/v2\/types\/post"}],"author":[{"embeddable":true,"href":"https:\/\/apuntesdesanluis.com\/index.php\/wp-json\/wp\/v2\/users\/1"}],"replies":[{"embeddable":true,"href":"https:\/\/apuntesdesanluis.com\/index.php\/wp-json\/wp\/v2\/comments?post=16296"}],"version-history":[{"count":1,"href":"https:\/\/apuntesdesanluis.com\/index.php\/wp-json\/wp\/v2\/posts\/16296\/revisions"}],"predecessor-version":[{"id":16298,"href":"https:\/\/apuntesdesanluis.com\/index.php\/wp-json\/wp\/v2\/posts\/16296\/revisions\/16298"}],"wp:featuredmedia":[{"embeddable":true,"href":"https:\/\/apuntesdesanluis.com\/index.php\/wp-json\/wp\/v2\/media\/16297"}],"wp:attachment":[{"href":"https:\/\/apuntesdesanluis.com\/index.php\/wp-json\/wp\/v2\/media?parent=16296"}],"wp:term":[{"taxonomy":"category","embeddable":true,"href":"https:\/\/apuntesdesanluis.com\/index.php\/wp-json\/wp\/v2\/categories?post=16296"},{"taxonomy":"post_tag","embeddable":true,"href":"https:\/\/apuntesdesanluis.com\/index.php\/wp-json\/wp\/v2\/tags?post=16296"}],"curies":[{"name":"wp","href":"https:\/\/api.w.org\/{rel}","templated":true}]}}