{"id":16299,"date":"2024-05-16T09:05:31","date_gmt":"2024-05-16T12:05:31","guid":{"rendered":"https:\/\/apuntesdesanluis.com\/?p=16299"},"modified":"2024-05-16T09:05:31","modified_gmt":"2024-05-16T12:05:31","slug":"desempleo-registrado-despidos-en-changomas-acindar-pepsico-general-motors-y-fate","status":"publish","type":"post","link":"https:\/\/apuntesdesanluis.com\/index.php\/2024\/05\/16\/desempleo-registrado-despidos-en-changomas-acindar-pepsico-general-motors-y-fate\/","title":{"rendered":"DESEMPLEO REGISTRADO: DESPIDOS EN CHANGOMAS, ACINDAR, PEPSICO, GENERAL MOTORS Y FATE"},"content":{"rendered":"<h3>El denominador com\u00fan de la seguidilla de cesant\u00edas en industrias y comercios, en lo que va del a\u00f1o, es la recesi\u00f3n.<\/h3>\n<h3>Los 150 despidos denunciados ayer en varias sucursales de Changomas, n\u00famero que podr\u00edan llegar a 500 en las pr\u00f3ximas horas, engrosan la lista que se viene gestando en estos \u00faltimos meses en las plantillas registradas de industrias como Acindar, PepsiCo, General Motors, Fate. Y en cadenas comerciales como Jumbo y Diarco.<\/h3>\n<h3>Se suman a los 100 mil empleos registrados destruidos en el primer trimestre del a\u00f1o, seg\u00fan c\u00e1lculos del Centro de Econom\u00eda Pol\u00edtica Argentina (CEPA), hechos a partir de la Encuesta de Indicadores Laborales de la Secretar\u00eda de Trabajo, vinculada a las bases del Sistema Integrado Previsional Argentino (SIPA).<\/h3>\n<h3>La cadena Changomas lleva cesanteados 27 trabajadores y trabajadoras en San Justo. Otros 7 en La Tablada, y en el shopping Alto Avellaneda ya se cuentan 17. Y pueden agregarse m\u00e1s telegramas en la sucursal de Bah\u00eda Blanca.<\/h3>\n<h3>La empresa aduce la ca\u00edda de las ventas por la situaci\u00f3n econ\u00f3mica que atraviesa el pa\u00eds.<\/h3>\n<h3>Hace unos d\u00edas no m\u00e1s, Fate, una de las tres f\u00e1bricas que producen neum\u00e1ticos en la Argentina, anunci\u00f3 que despedir\u00e1 a 97 empleados y que, consecuentemente, ajustar\u00e1 su estructura, para adecuar sus operaciones al contexto del negocio.<\/h3>\n<h3>Hoy se llev\u00f3 a cabo una asamblea en la planta de San Fernando convocada por el Sindicato \u00danico de Trabajadores del Neum\u00e1tico Argentino (Sutna).<\/h3>\n<h3>El grupo Arcelor Mittal, due\u00f1o de Acindar, paraliz\u00f3 por segunda vez este a\u00f1o su planta de Villa Constituci\u00f3n como respuesta al derrumbe en las ventas. Afecta a m\u00e1s de 3.000 operarios.<\/h3>\n<h3>La capacidad instalada de Acindar es de un mill\u00f3n setecientas mil toneladas, el promedio de producci\u00f3n que tuvo es de un mill\u00f3n cuatrocientas mil y tienen apenas seiscientas mil toneladas para este a\u00f1o.<\/h3>\n<h3>Por su parte, la multinacional Pepsico confirm\u00f3 la semana pasada el despido de 36 de sus 400 trabajadores que se desempe\u00f1an en la planta instalada en el Parque Industrial General Savio de Mar del Plata.<\/h3>\n<h3>La automotriz General Motors tambi\u00e9n achica su plantilla de personal a trav\u00e9s de retiros voluntarios en la f\u00e1brica ubicada en la ciudad santafesina de Alvear, donde se produce la Chevrolet Tracker. Hasta fin de a\u00f1o asimismo fabricaba el modelo Cruze.<\/h3>\n<h3>Fren\u00f3 la actividad y cerr\u00f3 entre el lunes 22 y el 29 de abril.<\/h3>\n<h3>Toyota abri\u00f3 un proceso de retiros voluntarios para 400 trabajadores, mientras que Renault lo hizo para alrededor de 270.<\/h3>\n<h3>100 MIL DESPIDOS EN EL TRIMESTRE<\/h3>\n<h3>La seguidilla empalm\u00f3 con el panorama descripto por el Centro de Econom\u00eda Pol\u00edtica Argentina (CEPA) para el primer trimestre del a\u00f1o.<\/h3>\n<h3>Con los 20.666 puestos de trabajo registrados perdidos en febrero, en el primer trimestre la ca\u00edda totaliz\u00f3 62.920 y para marzo proyectaban otros 34.166, a partir de la Encuesta de Indicadores Laborales de la Secretar\u00eda de Trabajo.<\/h3>\n<h3>O sea, que fueron en total se contabilizan alrededor de 100 mil los empleos registrados resignados, lo cual se explica por la utilizaci\u00f3n del 53,4% de la capacidad instalada de las industrias durante marzo de 2024.<\/h3>\n<h3>Los sectores de actividad que mayor p\u00e9rdida de empleo sufrieron fueron construcci\u00f3n (-12.949), actividades inmobiliarias, empresariales y de alquiler (-4.488) e industria (-2.013).<\/h3>\n<h3>Pero en los primeros tres meses, el sector m\u00e1s afectado fue la construcci\u00f3n (-46.249).<\/h3>\n<h3>Se\u00f1ala el informe que hasta agosto de 2023, se hab\u00edan registrado 37 meses de crecimiento sostenido del empleo registrado privado, que se vieron interrumpidos en septiembre en el contexto de incertidumbre electoral, a partir del cual comenz\u00f3 un sendero a la baja.<\/h3>\n<h3>Con la asunci\u00f3n del nuevo gobierno, esta tendencia se profundiz\u00f3, movida por el derrumbe de la actividad econ\u00f3mica.<\/h3>\n<h3>Al comparar la cantidad de puestos de trabajo asalariado registrados en el sector privado en noviembre de 2023, \u00faltimo mes del gobierno del Frente de Todos, y enero de 2012, primer mes de la serie SIPA, el crecimiento es de 305.752 puestos, lo cual representa apenas un 5% en 12 a\u00f1os.<\/h3>\n<h3>En los \u00faltimos a\u00f1os, Argentina enfrent\u00f3 dos grandes crisis de empleo: la primera, iniciada en abril de 2018, producto del colapso del gobierno de Cambiemos y, la segunda, iniciada en marzo de 2020, en el contexto de la pandemia del COVID-19.<\/h3>\n<h3>Mientras que la segunda result\u00f3 de una crisis sanitaria que afect\u00f3 al mundo entero, la primera estuvo asociada a un modelo econ\u00f3mico que subestim\u00f3 el peso del consumo interno en el nivel de actividad y se centr\u00f3 en la atracci\u00f3n de capitales externos especulativos, analiza CEPA.<\/h3>\n<h3>RECUPERACI\u00d3N DE EMPLEOS<\/h3>\n<h3>A partir de agosto de 2020, Argentina comenz\u00f3 un sendero de crecimiento del empleo que le permiti\u00f3 recuperar no s\u00f3lo lo perdido durante la pandemia, sino tambi\u00e9n en la gesti\u00f3n anterior.<\/h3>\n<h3>A noviembre de 2023, se hab\u00edan generado 581 mil puestos de trabajo desde el m\u00ednimo de la pandemia (julio 2020), superando en casi 93 mil los niveles de empleo registrados en abril de 2018 (m\u00e1ximo del per\u00edodo de Cambiemos).<\/h3>\n<h3>Es decir, si bien la creaci\u00f3n de empleo en el an\u00e1lisis entre puntas muestra resultados m\u00e1s bien magros, no se trat\u00f3 de un per\u00edodo homog\u00e9neo, sino que hubo un claro contraste en la evoluci\u00f3n de esta variable en funci\u00f3n del modelo econ\u00f3mico sostenido, explica CEPA.<\/h3>\n<h3>Mientras que en las etapas en las que se puso el foco en lo productivo, se cre\u00f3 empleo, cuando se potenci\u00f3 un esquema de valorizaci\u00f3n financiera se destruyeron puestos de trabajo.<\/h3>\n<h3>Entre agosto de 2022 y agosto de 2023, se produjo un fen\u00f3meno muy particular: un crecimiento del empleo a la par de un amesetamiento de la actividad (que se retrajo 1,1% pero se generaron 200 mil puestos de trabajo registrado privado).<\/h3>\n<h3>A partir de septiembre 2023, la evoluci\u00f3n de ambas variables se alinea y comienzan a ir en el mismo sentido.<\/h3>\n<h3>En febrero de 2024, la ca\u00edda de los puestos de trabajo va en consonancia con un desplome de la actividad econ\u00f3mica de 3,2% interanual.<\/h3>\n<h3>Hacia adelante, los indicadores tempranos de actividad econ\u00f3mica de marzo, que muestran ca\u00eddas de dos d\u00edgitos interanuales, permiten estimar que el empleo va a continuar esta trayectoria a la baja.<\/h3>\n<h3>En la composici\u00f3n del empleo privado registrado en la Argentina, la construcci\u00f3n abarca en febrero de 2024 un 6,2% de los puestos de trabajo, siendo que la principal actividad econ\u00f3mica en materia de empleo en el sector privado es el comercio, que re\u00fane al 19,5% del total.<\/h3>\n<h3>La distribuci\u00f3n de los puestos por sector es relevante en el marco de la discusi\u00f3n en el Congreso de la Naci\u00f3n de un R\u00e9gimen de Incentivo a las Grandes Inversiones (RIGI)[2], con el cual se pretende dinamizar el empleo en nuestro pa\u00eds.<\/h3>\n<h3>Dicho r\u00e9gimen apunta a atraer inversiones que activen determinados sectores de actividad: el agro, la miner\u00eda y los hidrocarburos.<\/h3>\n<h3>La incidencia que tienen sobre el total del empleo registrado es m\u00e1s bien marginal: constituyen s\u00f3lo un 6,5% del total.<\/h3>\n<h3>Advierte CEPA que este r\u00e9gimen pondr\u00eda en jaque a la industria manufacturera, que genera el 18,8% del total de los puestos de trabajo, constituyendo la segunda actividad econ\u00f3mica m\u00e1s importante en materia de empleo.<\/h3>\n<h3>En los \u00faltimos tres meses, este sector ha perdido 5.520 puestos, una retracci\u00f3n de 0,5%.<\/h3>\n<p>&nbsp;<\/p>\n<p>&nbsp;<\/p>\n<p>&nbsp;<\/p>\n<p>&nbsp;<\/p>\n<p>&nbsp;<\/p>\n<p>&nbsp;<\/p>\n","protected":false},"excerpt":{"rendered":"<p>El denominador com\u00fan de la seguidilla de cesant\u00edas en industrias y comercios, en lo que&#8230;<\/p>\n","protected":false},"author":1,"featured_media":16300,"comment_status":"closed","ping_status":"closed","sticky":false,"template":"","format":"standard","meta":{"footnotes":""},"categories":[5],"tags":[],"class_list":["post-16299","post","type-post","status-publish","format-standard","has-post-thumbnail","hentry","category-nacionales-internacionales"],"yoast_head":"<!-- This site is optimized with the Yoast SEO plugin v26.1.1 - https:\/\/yoast.com\/wordpress\/plugins\/seo\/ -->\n<title>DESEMPLEO REGISTRADO: DESPIDOS EN CHANGOMAS, ACINDAR, PEPSICO, GENERAL MOTORS Y FATE - Apuntes de San Luis<\/title>\n<meta name=\"robots\" content=\"index, follow, max-snippet:-1, max-image-preview:large, max-video-preview:-1\" \/>\n<link rel=\"canonical\" href=\"https:\/\/apuntesdesanluis.com\/index.php\/2024\/05\/16\/desempleo-registrado-despidos-en-changomas-acindar-pepsico-general-motors-y-fate\/\" \/>\n<meta property=\"og:locale\" content=\"es_ES\" \/>\n<meta property=\"og:type\" content=\"article\" \/>\n<meta property=\"og:title\" content=\"DESEMPLEO REGISTRADO: DESPIDOS EN CHANGOMAS, ACINDAR, PEPSICO, GENERAL MOTORS Y FATE - Apuntes de San Luis\" \/>\n<meta property=\"og:description\" content=\"El denominador com\u00fan de la seguidilla de cesant\u00edas en industrias y comercios, en lo que...\" \/>\n<meta property=\"og:url\" content=\"https:\/\/apuntesdesanluis.com\/index.php\/2024\/05\/16\/desempleo-registrado-despidos-en-changomas-acindar-pepsico-general-motors-y-fate\/\" \/>\n<meta property=\"og:site_name\" content=\"Apuntes de San Luis\" \/>\n<meta property=\"article:published_time\" content=\"2024-05-16T12:05:31+00:00\" \/>\n<meta property=\"og:image\" content=\"https:\/\/apuntesdesanluis.com\/wp-content\/uploads\/2024\/05\/changomas.png\" \/>\n\t<meta property=\"og:image:width\" content=\"509\" \/>\n\t<meta property=\"og:image:height\" content=\"318\" \/>\n\t<meta property=\"og:image:type\" content=\"image\/png\" \/>\n<meta name=\"author\" content=\"apuntesdesanluis.com\" \/>\n<meta name=\"twitter:card\" content=\"summary_large_image\" \/>\n<meta name=\"twitter:label1\" content=\"Escrito por\" \/>\n\t<meta name=\"twitter:data1\" content=\"apuntesdesanluis.com\" \/>\n\t<meta name=\"twitter:label2\" content=\"Tiempo de lectura\" \/>\n\t<meta name=\"twitter:data2\" content=\"6 minutos\" \/>\n<script type=\"application\/ld+json\" class=\"yoast-schema-graph\">{\"@context\":\"https:\/\/schema.org\",\"@graph\":[{\"@type\":\"Article\",\"@id\":\"https:\/\/apuntesdesanluis.com\/index.php\/2024\/05\/16\/desempleo-registrado-despidos-en-changomas-acindar-pepsico-general-motors-y-fate\/#article\",\"isPartOf\":{\"@id\":\"https:\/\/apuntesdesanluis.com\/index.php\/2024\/05\/16\/desempleo-registrado-despidos-en-changomas-acindar-pepsico-general-motors-y-fate\/\"},\"author\":{\"name\":\"apuntesdesanluis.com\",\"@id\":\"https:\/\/apuntesdesanluis.com\/#\/schema\/person\/b55151d52296fcce64d1a72538a70b90\"},\"headline\":\"DESEMPLEO REGISTRADO: DESPIDOS EN CHANGOMAS, ACINDAR, PEPSICO, GENERAL MOTORS Y FATE\",\"datePublished\":\"2024-05-16T12:05:31+00:00\",\"mainEntityOfPage\":{\"@id\":\"https:\/\/apuntesdesanluis.com\/index.php\/2024\/05\/16\/desempleo-registrado-despidos-en-changomas-acindar-pepsico-general-motors-y-fate\/\"},\"wordCount\":1247,\"publisher\":{\"@id\":\"https:\/\/apuntesdesanluis.com\/#\/schema\/person\/b55151d52296fcce64d1a72538a70b90\"},\"image\":{\"@id\":\"https:\/\/apuntesdesanluis.com\/index.php\/2024\/05\/16\/desempleo-registrado-despidos-en-changomas-acindar-pepsico-general-motors-y-fate\/#primaryimage\"},\"thumbnailUrl\":\"https:\/\/apuntesdesanluis.com\/wp-content\/uploads\/2024\/05\/changomas.png\",\"articleSection\":[\"Nacionales\/Internacionales\"],\"inLanguage\":\"es-AR\"},{\"@type\":\"WebPage\",\"@id\":\"https:\/\/apuntesdesanluis.com\/index.php\/2024\/05\/16\/desempleo-registrado-despidos-en-changomas-acindar-pepsico-general-motors-y-fate\/\",\"url\":\"https:\/\/apuntesdesanluis.com\/index.php\/2024\/05\/16\/desempleo-registrado-despidos-en-changomas-acindar-pepsico-general-motors-y-fate\/\",\"name\":\"DESEMPLEO REGISTRADO: DESPIDOS EN CHANGOMAS, ACINDAR, PEPSICO, GENERAL MOTORS Y FATE - Apuntes de San Luis\",\"isPartOf\":{\"@id\":\"https:\/\/apuntesdesanluis.com\/#website\"},\"primaryImageOfPage\":{\"@id\":\"https:\/\/apuntesdesanluis.com\/index.php\/2024\/05\/16\/desempleo-registrado-despidos-en-changomas-acindar-pepsico-general-motors-y-fate\/#primaryimage\"},\"image\":{\"@id\":\"https:\/\/apuntesdesanluis.com\/index.php\/2024\/05\/16\/desempleo-registrado-despidos-en-changomas-acindar-pepsico-general-motors-y-fate\/#primaryimage\"},\"thumbnailUrl\":\"https:\/\/apuntesdesanluis.com\/wp-content\/uploads\/2024\/05\/changomas.png\",\"datePublished\":\"2024-05-16T12:05:31+00:00\",\"breadcrumb\":{\"@id\":\"https:\/\/apuntesdesanluis.com\/index.php\/2024\/05\/16\/desempleo-registrado-despidos-en-changomas-acindar-pepsico-general-motors-y-fate\/#breadcrumb\"},\"inLanguage\":\"es-AR\",\"potentialAction\":[{\"@type\":\"ReadAction\",\"target\":[\"https:\/\/apuntesdesanluis.com\/index.php\/2024\/05\/16\/desempleo-registrado-despidos-en-changomas-acindar-pepsico-general-motors-y-fate\/\"]}]},{\"@type\":\"ImageObject\",\"inLanguage\":\"es-AR\",\"@id\":\"https:\/\/apuntesdesanluis.com\/index.php\/2024\/05\/16\/desempleo-registrado-despidos-en-changomas-acindar-pepsico-general-motors-y-fate\/#primaryimage\",\"url\":\"https:\/\/apuntesdesanluis.com\/wp-content\/uploads\/2024\/05\/changomas.png\",\"contentUrl\":\"https:\/\/apuntesdesanluis.com\/wp-content\/uploads\/2024\/05\/changomas.png\",\"width\":509,\"height\":318},{\"@type\":\"BreadcrumbList\",\"@id\":\"https:\/\/apuntesdesanluis.com\/index.php\/2024\/05\/16\/desempleo-registrado-despidos-en-changomas-acindar-pepsico-general-motors-y-fate\/#breadcrumb\",\"itemListElement\":[{\"@type\":\"ListItem\",\"position\":1,\"name\":\"Inicio\",\"item\":\"https:\/\/apuntesdesanluis.com\/\"},{\"@type\":\"ListItem\",\"position\":2,\"name\":\"DESEMPLEO REGISTRADO: DESPIDOS EN CHANGOMAS, ACINDAR, PEPSICO, GENERAL MOTORS Y FATE\"}]},{\"@type\":\"WebSite\",\"@id\":\"https:\/\/apuntesdesanluis.com\/#website\",\"url\":\"https:\/\/apuntesdesanluis.com\/\",\"name\":\"Apuntes de San Luis\",\"description\":\"\",\"publisher\":{\"@id\":\"https:\/\/apuntesdesanluis.com\/#\/schema\/person\/b55151d52296fcce64d1a72538a70b90\"},\"potentialAction\":[{\"@type\":\"SearchAction\",\"target\":{\"@type\":\"EntryPoint\",\"urlTemplate\":\"https:\/\/apuntesdesanluis.com\/?s={search_term_string}\"},\"query-input\":{\"@type\":\"PropertyValueSpecification\",\"valueRequired\":true,\"valueName\":\"search_term_string\"}}],\"inLanguage\":\"es-AR\"},{\"@type\":[\"Person\",\"Organization\"],\"@id\":\"https:\/\/apuntesdesanluis.com\/#\/schema\/person\/b55151d52296fcce64d1a72538a70b90\",\"name\":\"apuntesdesanluis.com\",\"image\":{\"@type\":\"ImageObject\",\"inLanguage\":\"es-AR\",\"@id\":\"https:\/\/apuntesdesanluis.com\/#\/schema\/person\/image\/\",\"url\":\"https:\/\/apuntesdesanluis.com\/wp-content\/uploads\/2023\/07\/cropped-apuntesdesanluis.png\",\"contentUrl\":\"https:\/\/apuntesdesanluis.com\/wp-content\/uploads\/2023\/07\/cropped-apuntesdesanluis.png\",\"width\":450,\"height\":112,\"caption\":\"apuntesdesanluis.com\"},\"logo\":{\"@id\":\"https:\/\/apuntesdesanluis.com\/#\/schema\/person\/image\/\"},\"sameAs\":[\"https:\/\/apuntesdesanluis.com\"],\"url\":\"https:\/\/apuntesdesanluis.com\/index.php\/author\/apuntesdesanluis-com\/\"}]}<\/script>\n<!-- \/ Yoast SEO plugin. -->","yoast_head_json":{"title":"DESEMPLEO REGISTRADO: DESPIDOS EN CHANGOMAS, ACINDAR, PEPSICO, GENERAL MOTORS Y FATE - Apuntes de San Luis","robots":{"index":"index","follow":"follow","max-snippet":"max-snippet:-1","max-image-preview":"max-image-preview:large","max-video-preview":"max-video-preview:-1"},"canonical":"https:\/\/apuntesdesanluis.com\/index.php\/2024\/05\/16\/desempleo-registrado-despidos-en-changomas-acindar-pepsico-general-motors-y-fate\/","og_locale":"es_ES","og_type":"article","og_title":"DESEMPLEO REGISTRADO: DESPIDOS EN CHANGOMAS, ACINDAR, PEPSICO, GENERAL MOTORS Y FATE - Apuntes de San Luis","og_description":"El denominador com\u00fan de la seguidilla de cesant\u00edas en industrias y comercios, en lo que...","og_url":"https:\/\/apuntesdesanluis.com\/index.php\/2024\/05\/16\/desempleo-registrado-despidos-en-changomas-acindar-pepsico-general-motors-y-fate\/","og_site_name":"Apuntes de San Luis","article_published_time":"2024-05-16T12:05:31+00:00","og_image":[{"width":509,"height":318,"url":"https:\/\/apuntesdesanluis.com\/wp-content\/uploads\/2024\/05\/changomas.png","type":"image\/png"}],"author":"apuntesdesanluis.com","twitter_card":"summary_large_image","twitter_misc":{"Escrito por":"apuntesdesanluis.com","Tiempo de lectura":"6 minutos"},"schema":{"@context":"https:\/\/schema.org","@graph":[{"@type":"Article","@id":"https:\/\/apuntesdesanluis.com\/index.php\/2024\/05\/16\/desempleo-registrado-despidos-en-changomas-acindar-pepsico-general-motors-y-fate\/#article","isPartOf":{"@id":"https:\/\/apuntesdesanluis.com\/index.php\/2024\/05\/16\/desempleo-registrado-despidos-en-changomas-acindar-pepsico-general-motors-y-fate\/"},"author":{"name":"apuntesdesanluis.com","@id":"https:\/\/apuntesdesanluis.com\/#\/schema\/person\/b55151d52296fcce64d1a72538a70b90"},"headline":"DESEMPLEO REGISTRADO: DESPIDOS EN CHANGOMAS, ACINDAR, PEPSICO, GENERAL MOTORS Y FATE","datePublished":"2024-05-16T12:05:31+00:00","mainEntityOfPage":{"@id":"https:\/\/apuntesdesanluis.com\/index.php\/2024\/05\/16\/desempleo-registrado-despidos-en-changomas-acindar-pepsico-general-motors-y-fate\/"},"wordCount":1247,"publisher":{"@id":"https:\/\/apuntesdesanluis.com\/#\/schema\/person\/b55151d52296fcce64d1a72538a70b90"},"image":{"@id":"https:\/\/apuntesdesanluis.com\/index.php\/2024\/05\/16\/desempleo-registrado-despidos-en-changomas-acindar-pepsico-general-motors-y-fate\/#primaryimage"},"thumbnailUrl":"https:\/\/apuntesdesanluis.com\/wp-content\/uploads\/2024\/05\/changomas.png","articleSection":["Nacionales\/Internacionales"],"inLanguage":"es-AR"},{"@type":"WebPage","@id":"https:\/\/apuntesdesanluis.com\/index.php\/2024\/05\/16\/desempleo-registrado-despidos-en-changomas-acindar-pepsico-general-motors-y-fate\/","url":"https:\/\/apuntesdesanluis.com\/index.php\/2024\/05\/16\/desempleo-registrado-despidos-en-changomas-acindar-pepsico-general-motors-y-fate\/","name":"DESEMPLEO REGISTRADO: DESPIDOS EN CHANGOMAS, ACINDAR, PEPSICO, GENERAL MOTORS Y FATE - Apuntes de San Luis","isPartOf":{"@id":"https:\/\/apuntesdesanluis.com\/#website"},"primaryImageOfPage":{"@id":"https:\/\/apuntesdesanluis.com\/index.php\/2024\/05\/16\/desempleo-registrado-despidos-en-changomas-acindar-pepsico-general-motors-y-fate\/#primaryimage"},"image":{"@id":"https:\/\/apuntesdesanluis.com\/index.php\/2024\/05\/16\/desempleo-registrado-despidos-en-changomas-acindar-pepsico-general-motors-y-fate\/#primaryimage"},"thumbnailUrl":"https:\/\/apuntesdesanluis.com\/wp-content\/uploads\/2024\/05\/changomas.png","datePublished":"2024-05-16T12:05:31+00:00","breadcrumb":{"@id":"https:\/\/apuntesdesanluis.com\/index.php\/2024\/05\/16\/desempleo-registrado-despidos-en-changomas-acindar-pepsico-general-motors-y-fate\/#breadcrumb"},"inLanguage":"es-AR","potentialAction":[{"@type":"ReadAction","target":["https:\/\/apuntesdesanluis.com\/index.php\/2024\/05\/16\/desempleo-registrado-despidos-en-changomas-acindar-pepsico-general-motors-y-fate\/"]}]},{"@type":"ImageObject","inLanguage":"es-AR","@id":"https:\/\/apuntesdesanluis.com\/index.php\/2024\/05\/16\/desempleo-registrado-despidos-en-changomas-acindar-pepsico-general-motors-y-fate\/#primaryimage","url":"https:\/\/apuntesdesanluis.com\/wp-content\/uploads\/2024\/05\/changomas.png","contentUrl":"https:\/\/apuntesdesanluis.com\/wp-content\/uploads\/2024\/05\/changomas.png","width":509,"height":318},{"@type":"BreadcrumbList","@id":"https:\/\/apuntesdesanluis.com\/index.php\/2024\/05\/16\/desempleo-registrado-despidos-en-changomas-acindar-pepsico-general-motors-y-fate\/#breadcrumb","itemListElement":[{"@type":"ListItem","position":1,"name":"Inicio","item":"https:\/\/apuntesdesanluis.com\/"},{"@type":"ListItem","position":2,"name":"DESEMPLEO REGISTRADO: DESPIDOS EN CHANGOMAS, ACINDAR, PEPSICO, GENERAL MOTORS Y FATE"}]},{"@type":"WebSite","@id":"https:\/\/apuntesdesanluis.com\/#website","url":"https:\/\/apuntesdesanluis.com\/","name":"Apuntes de San Luis","description":"","publisher":{"@id":"https:\/\/apuntesdesanluis.com\/#\/schema\/person\/b55151d52296fcce64d1a72538a70b90"},"potentialAction":[{"@type":"SearchAction","target":{"@type":"EntryPoint","urlTemplate":"https:\/\/apuntesdesanluis.com\/?s={search_term_string}"},"query-input":{"@type":"PropertyValueSpecification","valueRequired":true,"valueName":"search_term_string"}}],"inLanguage":"es-AR"},{"@type":["Person","Organization"],"@id":"https:\/\/apuntesdesanluis.com\/#\/schema\/person\/b55151d52296fcce64d1a72538a70b90","name":"apuntesdesanluis.com","image":{"@type":"ImageObject","inLanguage":"es-AR","@id":"https:\/\/apuntesdesanluis.com\/#\/schema\/person\/image\/","url":"https:\/\/apuntesdesanluis.com\/wp-content\/uploads\/2023\/07\/cropped-apuntesdesanluis.png","contentUrl":"https:\/\/apuntesdesanluis.com\/wp-content\/uploads\/2023\/07\/cropped-apuntesdesanluis.png","width":450,"height":112,"caption":"apuntesdesanluis.com"},"logo":{"@id":"https:\/\/apuntesdesanluis.com\/#\/schema\/person\/image\/"},"sameAs":["https:\/\/apuntesdesanluis.com"],"url":"https:\/\/apuntesdesanluis.com\/index.php\/author\/apuntesdesanluis-com\/"}]}},"featured_image_urls":{"full":["https:\/\/apuntesdesanluis.com\/wp-content\/uploads\/2024\/05\/changomas.png",509,318,false],"thumbnail":["https:\/\/apuntesdesanluis.com\/wp-content\/uploads\/2024\/05\/changomas-150x150.png",150,150,true],"medium":["https:\/\/apuntesdesanluis.com\/wp-content\/uploads\/2024\/05\/changomas-300x187.png",300,187,true],"medium_large":["https:\/\/apuntesdesanluis.com\/wp-content\/uploads\/2024\/05\/changomas.png",509,318,false],"large":["https:\/\/apuntesdesanluis.com\/wp-content\/uploads\/2024\/05\/changomas.png",509,318,false],"1536x1536":["https:\/\/apuntesdesanluis.com\/wp-content\/uploads\/2024\/05\/changomas.png",509,318,false],"2048x2048":["https:\/\/apuntesdesanluis.com\/wp-content\/uploads\/2024\/05\/changomas.png",509,318,false],"newsever-slider-full":["https:\/\/apuntesdesanluis.com\/wp-content\/uploads\/2024\/05\/changomas.png",509,318,false],"newsever-featured":["https:\/\/apuntesdesanluis.com\/wp-content\/uploads\/2024\/05\/changomas.png",509,318,false],"newsever-medium":["https:\/\/apuntesdesanluis.com\/wp-content\/uploads\/2024\/05\/changomas.png",509,318,false]},"author_info":{"display_name":"apuntesdesanluis.com","author_link":"https:\/\/apuntesdesanluis.com\/index.php\/author\/apuntesdesanluis-com\/"},"category_info":"<a href=\"https:\/\/apuntesdesanluis.com\/index.php\/category\/nacionales-internacionales\/\" rel=\"category tag\">Nacionales\/Internacionales<\/a>","tag_info":"Nacionales\/Internacionales","comment_count":"0","_links":{"self":[{"href":"https:\/\/apuntesdesanluis.com\/index.php\/wp-json\/wp\/v2\/posts\/16299","targetHints":{"allow":["GET"]}}],"collection":[{"href":"https:\/\/apuntesdesanluis.com\/index.php\/wp-json\/wp\/v2\/posts"}],"about":[{"href":"https:\/\/apuntesdesanluis.com\/index.php\/wp-json\/wp\/v2\/types\/post"}],"author":[{"embeddable":true,"href":"https:\/\/apuntesdesanluis.com\/index.php\/wp-json\/wp\/v2\/users\/1"}],"replies":[{"embeddable":true,"href":"https:\/\/apuntesdesanluis.com\/index.php\/wp-json\/wp\/v2\/comments?post=16299"}],"version-history":[{"count":1,"href":"https:\/\/apuntesdesanluis.com\/index.php\/wp-json\/wp\/v2\/posts\/16299\/revisions"}],"predecessor-version":[{"id":16301,"href":"https:\/\/apuntesdesanluis.com\/index.php\/wp-json\/wp\/v2\/posts\/16299\/revisions\/16301"}],"wp:featuredmedia":[{"embeddable":true,"href":"https:\/\/apuntesdesanluis.com\/index.php\/wp-json\/wp\/v2\/media\/16300"}],"wp:attachment":[{"href":"https:\/\/apuntesdesanluis.com\/index.php\/wp-json\/wp\/v2\/media?parent=16299"}],"wp:term":[{"taxonomy":"category","embeddable":true,"href":"https:\/\/apuntesdesanluis.com\/index.php\/wp-json\/wp\/v2\/categories?post=16299"},{"taxonomy":"post_tag","embeddable":true,"href":"https:\/\/apuntesdesanluis.com\/index.php\/wp-json\/wp\/v2\/tags?post=16299"}],"curies":[{"name":"wp","href":"https:\/\/api.w.org\/{rel}","templated":true}]}}