{"id":1630,"date":"2023-08-15T17:29:54","date_gmt":"2023-08-15T20:29:54","guid":{"rendered":"https:\/\/apuntesdesanluis.com\/?p=1630"},"modified":"2023-08-15T17:31:13","modified_gmt":"2023-08-15T20:31:13","slug":"se-elige-en-la-unvime-continuidad-o-renovacion-de-las-actuales-autoridades","status":"publish","type":"post","link":"https:\/\/apuntesdesanluis.com\/index.php\/2023\/08\/15\/se-elige-en-la-unvime-continuidad-o-renovacion-de-las-actuales-autoridades\/","title":{"rendered":"SE ELIGE EN LA UNVIME CONTINUIDAD O RENOVACI\u00d3N DE LAS ACTUALES AUTORIDADES"},"content":{"rendered":"<h3>Con el tel\u00f3n de fondo que signific\u00f3 el resultado de las PASO del domingo pasado, donde <strong>Javier Milei<\/strong> arras\u00f3 con las estructuras partidarias tradicionales, este mi\u00e9rcoles 16 se realizan elecciones para elegir las nuevas autoridades que conducir\u00e1n los destinos de la Universidad Nacional de Villa Mercedes, disputa que es encabezada por el rector <strong>David Rivarola<\/strong>, que busca su reelecci\u00f3n, y el ex ministro de Educaci\u00f3n <strong>Marcelo Sosa<\/strong>.<\/h3>\n<h3>Ser\u00e1n \u00e9stas las segundas elecciones democr\u00e1ticas que se realicen, dado que tras concluir la etapa organizativa en el a\u00f1o 2019 se eligieron por primera vez las autoridades y se integraron los cuerpos colegiados. No obstante, ser\u00e1 la primera vez que votar\u00e1n todos los claustros, dado que en esta ocasi\u00f3n emitir\u00e1n su voto tambi\u00e9n los graduados, que no pudieron hacerlo anteriormente por no existir un n\u00famero suficiente de egresados.<\/h3>\n<p><img fetchpriority=\"high\" decoding=\"async\" class=\"wp-image-1633 aligncenter\" src=\"https:\/\/apuntesdesanluis.com\/wp-content\/uploads\/2023\/08\/unvime-1-300x193.png\" alt=\"\" width=\"667\" height=\"429\" srcset=\"https:\/\/apuntesdesanluis.com\/wp-content\/uploads\/2023\/08\/unvime-1-300x193.png 300w, https:\/\/apuntesdesanluis.com\/wp-content\/uploads\/2023\/08\/unvime-1.png 525w\" sizes=\"(max-width: 667px) 100vw, 667px\" \/><\/p>\n<h3>El acto electoral se desarrollar\u00e1 entre las 09:00 y las 19:00 h, habi\u00e9ndose dispuesto urnas en tres establecimientos de Villa Mercedes: Polo Educativo (Suipacha 1777), Laboratorio de Salud (Gral. Paz 575) y Sal\u00f3n Nogarol (Jun\u00edn 132). En tanto que en Justo Daract se votar\u00e1 en la misma sede universitaria de Calle Malvinas Argentinas.<\/h3>\n<h3>La actividad administrativa y acad\u00e9mica ser\u00e1 normal, y s\u00f3lo se ver\u00e1n afectadas las \u00e1reas que espec\u00edficamente se han destinado para la votaci\u00f3n.<\/h3>\n<h3>Adem\u00e1s de la f\u00f3rmula de rector y vice se elegir\u00e1n Directores de las Escuelas de Ciencias de la Salud, Gesti\u00f3n de Empresas y Econom\u00eda, Ingenier\u00eda y Ciencias Ambientales y Ciencias Sociales y Educaci\u00f3n; los directores de los Departamentos de Ciencias B\u00e1sicas y Ciencias Aplicadas y consejeros y asamble\u00edstas representantes de docentes, alumnos, nodocentes y graduados.<\/h3>\n<h3>La puja est\u00e1 centrada entre dos sectores: la lista Acci\u00f3n Plural, que propone la continuidad del actual rector David Riravola, que lleva 6 a\u00f1os de gesti\u00f3n (2 como normalizador y 4 electo) y el Dr. Marcelo Sosa, docente de la instituci\u00f3n, que encabeza la lista \u201cUniversitarios Unidos\u201d.<\/h3>\n","protected":false},"excerpt":{"rendered":"<p>Con el tel\u00f3n de fondo que signific\u00f3 el resultado de las PASO del domingo pasado,&#8230;<\/p>\n","protected":false},"author":1,"featured_media":1632,"comment_status":"closed","ping_status":"closed","sticky":false,"template":"","format":"standard","meta":{"footnotes":""},"categories":[6],"tags":[],"class_list":["post-1630","post","type-post","status-publish","format-standard","has-post-thumbnail","hentry","category-ciudad-provincia"],"yoast_head":"<!-- This site is optimized with the Yoast SEO plugin v26.1.1 - https:\/\/yoast.com\/wordpress\/plugins\/seo\/ -->\n<title>SE ELIGE EN LA UNVIME CONTINUIDAD O RENOVACI\u00d3N DE LAS ACTUALES AUTORIDADES - Apuntes de San Luis<\/title>\n<meta name=\"robots\" content=\"index, follow, max-snippet:-1, max-image-preview:large, max-video-preview:-1\" \/>\n<link rel=\"canonical\" href=\"https:\/\/apuntesdesanluis.com\/index.php\/2023\/08\/15\/se-elige-en-la-unvime-continuidad-o-renovacion-de-las-actuales-autoridades\/\" \/>\n<meta property=\"og:locale\" content=\"es_ES\" \/>\n<meta property=\"og:type\" content=\"article\" \/>\n<meta property=\"og:title\" content=\"SE ELIGE EN LA UNVIME CONTINUIDAD O RENOVACI\u00d3N DE LAS ACTUALES AUTORIDADES - Apuntes de San Luis\" \/>\n<meta property=\"og:description\" content=\"Con el tel\u00f3n de fondo que signific\u00f3 el resultado de las PASO del domingo pasado,...\" \/>\n<meta property=\"og:url\" content=\"https:\/\/apuntesdesanluis.com\/index.php\/2023\/08\/15\/se-elige-en-la-unvime-continuidad-o-renovacion-de-las-actuales-autoridades\/\" \/>\n<meta property=\"og:site_name\" content=\"Apuntes de San Luis\" \/>\n<meta property=\"article:published_time\" content=\"2023-08-15T20:29:54+00:00\" \/>\n<meta property=\"article:modified_time\" content=\"2023-08-15T20:31:13+00:00\" \/>\n<meta property=\"og:image\" content=\"https:\/\/apuntesdesanluis.com\/wp-content\/uploads\/2023\/08\/rivarola-y-sosa.png\" \/>\n\t<meta property=\"og:image:width\" content=\"694\" \/>\n\t<meta property=\"og:image:height\" content=\"369\" \/>\n\t<meta property=\"og:image:type\" content=\"image\/png\" \/>\n<meta name=\"author\" content=\"apuntesdesanluis.com\" \/>\n<meta name=\"twitter:card\" content=\"summary_large_image\" \/>\n<meta name=\"twitter:label1\" content=\"Escrito por\" \/>\n\t<meta name=\"twitter:data1\" content=\"apuntesdesanluis.com\" \/>\n\t<meta name=\"twitter:label2\" content=\"Tiempo de lectura\" \/>\n\t<meta name=\"twitter:data2\" content=\"2 minutos\" \/>\n<script type=\"application\/ld+json\" class=\"yoast-schema-graph\">{\"@context\":\"https:\/\/schema.org\",\"@graph\":[{\"@type\":\"Article\",\"@id\":\"https:\/\/apuntesdesanluis.com\/index.php\/2023\/08\/15\/se-elige-en-la-unvime-continuidad-o-renovacion-de-las-actuales-autoridades\/#article\",\"isPartOf\":{\"@id\":\"https:\/\/apuntesdesanluis.com\/index.php\/2023\/08\/15\/se-elige-en-la-unvime-continuidad-o-renovacion-de-las-actuales-autoridades\/\"},\"author\":{\"name\":\"apuntesdesanluis.com\",\"@id\":\"https:\/\/apuntesdesanluis.com\/#\/schema\/person\/b55151d52296fcce64d1a72538a70b90\"},\"headline\":\"SE ELIGE EN LA UNVIME CONTINUIDAD O RENOVACI\u00d3N DE LAS ACTUALES AUTORIDADES\",\"datePublished\":\"2023-08-15T20:29:54+00:00\",\"dateModified\":\"2023-08-15T20:31:13+00:00\",\"mainEntityOfPage\":{\"@id\":\"https:\/\/apuntesdesanluis.com\/index.php\/2023\/08\/15\/se-elige-en-la-unvime-continuidad-o-renovacion-de-las-actuales-autoridades\/\"},\"wordCount\":349,\"publisher\":{\"@id\":\"https:\/\/apuntesdesanluis.com\/#\/schema\/person\/b55151d52296fcce64d1a72538a70b90\"},\"image\":{\"@id\":\"https:\/\/apuntesdesanluis.com\/index.php\/2023\/08\/15\/se-elige-en-la-unvime-continuidad-o-renovacion-de-las-actuales-autoridades\/#primaryimage\"},\"thumbnailUrl\":\"https:\/\/apuntesdesanluis.com\/wp-content\/uploads\/2023\/08\/rivarola-y-sosa.png\",\"articleSection\":[\"Ciudad\/Provincia\"],\"inLanguage\":\"es-AR\"},{\"@type\":\"WebPage\",\"@id\":\"https:\/\/apuntesdesanluis.com\/index.php\/2023\/08\/15\/se-elige-en-la-unvime-continuidad-o-renovacion-de-las-actuales-autoridades\/\",\"url\":\"https:\/\/apuntesdesanluis.com\/index.php\/2023\/08\/15\/se-elige-en-la-unvime-continuidad-o-renovacion-de-las-actuales-autoridades\/\",\"name\":\"SE ELIGE EN LA UNVIME CONTINUIDAD O RENOVACI\u00d3N DE LAS ACTUALES AUTORIDADES - Apuntes de San Luis\",\"isPartOf\":{\"@id\":\"https:\/\/apuntesdesanluis.com\/#website\"},\"primaryImageOfPage\":{\"@id\":\"https:\/\/apuntesdesanluis.com\/index.php\/2023\/08\/15\/se-elige-en-la-unvime-continuidad-o-renovacion-de-las-actuales-autoridades\/#primaryimage\"},\"image\":{\"@id\":\"https:\/\/apuntesdesanluis.com\/index.php\/2023\/08\/15\/se-elige-en-la-unvime-continuidad-o-renovacion-de-las-actuales-autoridades\/#primaryimage\"},\"thumbnailUrl\":\"https:\/\/apuntesdesanluis.com\/wp-content\/uploads\/2023\/08\/rivarola-y-sosa.png\",\"datePublished\":\"2023-08-15T20:29:54+00:00\",\"dateModified\":\"2023-08-15T20:31:13+00:00\",\"breadcrumb\":{\"@id\":\"https:\/\/apuntesdesanluis.com\/index.php\/2023\/08\/15\/se-elige-en-la-unvime-continuidad-o-renovacion-de-las-actuales-autoridades\/#breadcrumb\"},\"inLanguage\":\"es-AR\",\"potentialAction\":[{\"@type\":\"ReadAction\",\"target\":[\"https:\/\/apuntesdesanluis.com\/index.php\/2023\/08\/15\/se-elige-en-la-unvime-continuidad-o-renovacion-de-las-actuales-autoridades\/\"]}]},{\"@type\":\"ImageObject\",\"inLanguage\":\"es-AR\",\"@id\":\"https:\/\/apuntesdesanluis.com\/index.php\/2023\/08\/15\/se-elige-en-la-unvime-continuidad-o-renovacion-de-las-actuales-autoridades\/#primaryimage\",\"url\":\"https:\/\/apuntesdesanluis.com\/wp-content\/uploads\/2023\/08\/rivarola-y-sosa.png\",\"contentUrl\":\"https:\/\/apuntesdesanluis.com\/wp-content\/uploads\/2023\/08\/rivarola-y-sosa.png\",\"width\":694,\"height\":369},{\"@type\":\"BreadcrumbList\",\"@id\":\"https:\/\/apuntesdesanluis.com\/index.php\/2023\/08\/15\/se-elige-en-la-unvime-continuidad-o-renovacion-de-las-actuales-autoridades\/#breadcrumb\",\"itemListElement\":[{\"@type\":\"ListItem\",\"position\":1,\"name\":\"Inicio\",\"item\":\"https:\/\/apuntesdesanluis.com\/\"},{\"@type\":\"ListItem\",\"position\":2,\"name\":\"SE ELIGE EN LA UNVIME CONTINUIDAD O RENOVACI\u00d3N DE LAS ACTUALES AUTORIDADES\"}]},{\"@type\":\"WebSite\",\"@id\":\"https:\/\/apuntesdesanluis.com\/#website\",\"url\":\"https:\/\/apuntesdesanluis.com\/\",\"name\":\"Apuntes de San Luis\",\"description\":\"\",\"publisher\":{\"@id\":\"https:\/\/apuntesdesanluis.com\/#\/schema\/person\/b55151d52296fcce64d1a72538a70b90\"},\"potentialAction\":[{\"@type\":\"SearchAction\",\"target\":{\"@type\":\"EntryPoint\",\"urlTemplate\":\"https:\/\/apuntesdesanluis.com\/?s={search_term_string}\"},\"query-input\":{\"@type\":\"PropertyValueSpecification\",\"valueRequired\":true,\"valueName\":\"search_term_string\"}}],\"inLanguage\":\"es-AR\"},{\"@type\":[\"Person\",\"Organization\"],\"@id\":\"https:\/\/apuntesdesanluis.com\/#\/schema\/person\/b55151d52296fcce64d1a72538a70b90\",\"name\":\"apuntesdesanluis.com\",\"image\":{\"@type\":\"ImageObject\",\"inLanguage\":\"es-AR\",\"@id\":\"https:\/\/apuntesdesanluis.com\/#\/schema\/person\/image\/\",\"url\":\"https:\/\/apuntesdesanluis.com\/wp-content\/uploads\/2023\/07\/cropped-apuntesdesanluis.png\",\"contentUrl\":\"https:\/\/apuntesdesanluis.com\/wp-content\/uploads\/2023\/07\/cropped-apuntesdesanluis.png\",\"width\":450,\"height\":112,\"caption\":\"apuntesdesanluis.com\"},\"logo\":{\"@id\":\"https:\/\/apuntesdesanluis.com\/#\/schema\/person\/image\/\"},\"sameAs\":[\"https:\/\/apuntesdesanluis.com\"],\"url\":\"https:\/\/apuntesdesanluis.com\/index.php\/author\/apuntesdesanluis-com\/\"}]}<\/script>\n<!-- \/ Yoast SEO plugin. -->","yoast_head_json":{"title":"SE ELIGE EN LA UNVIME CONTINUIDAD O RENOVACI\u00d3N DE LAS ACTUALES AUTORIDADES - Apuntes de San Luis","robots":{"index":"index","follow":"follow","max-snippet":"max-snippet:-1","max-image-preview":"max-image-preview:large","max-video-preview":"max-video-preview:-1"},"canonical":"https:\/\/apuntesdesanluis.com\/index.php\/2023\/08\/15\/se-elige-en-la-unvime-continuidad-o-renovacion-de-las-actuales-autoridades\/","og_locale":"es_ES","og_type":"article","og_title":"SE ELIGE EN LA UNVIME CONTINUIDAD O RENOVACI\u00d3N DE LAS ACTUALES AUTORIDADES - Apuntes de San Luis","og_description":"Con el tel\u00f3n de fondo que signific\u00f3 el resultado de las PASO del domingo pasado,...","og_url":"https:\/\/apuntesdesanluis.com\/index.php\/2023\/08\/15\/se-elige-en-la-unvime-continuidad-o-renovacion-de-las-actuales-autoridades\/","og_site_name":"Apuntes de San Luis","article_published_time":"2023-08-15T20:29:54+00:00","article_modified_time":"2023-08-15T20:31:13+00:00","og_image":[{"width":694,"height":369,"url":"https:\/\/apuntesdesanluis.com\/wp-content\/uploads\/2023\/08\/rivarola-y-sosa.png","type":"image\/png"}],"author":"apuntesdesanluis.com","twitter_card":"summary_large_image","twitter_misc":{"Escrito por":"apuntesdesanluis.com","Tiempo de lectura":"2 minutos"},"schema":{"@context":"https:\/\/schema.org","@graph":[{"@type":"Article","@id":"https:\/\/apuntesdesanluis.com\/index.php\/2023\/08\/15\/se-elige-en-la-unvime-continuidad-o-renovacion-de-las-actuales-autoridades\/#article","isPartOf":{"@id":"https:\/\/apuntesdesanluis.com\/index.php\/2023\/08\/15\/se-elige-en-la-unvime-continuidad-o-renovacion-de-las-actuales-autoridades\/"},"author":{"name":"apuntesdesanluis.com","@id":"https:\/\/apuntesdesanluis.com\/#\/schema\/person\/b55151d52296fcce64d1a72538a70b90"},"headline":"SE ELIGE EN LA UNVIME CONTINUIDAD O RENOVACI\u00d3N DE LAS ACTUALES AUTORIDADES","datePublished":"2023-08-15T20:29:54+00:00","dateModified":"2023-08-15T20:31:13+00:00","mainEntityOfPage":{"@id":"https:\/\/apuntesdesanluis.com\/index.php\/2023\/08\/15\/se-elige-en-la-unvime-continuidad-o-renovacion-de-las-actuales-autoridades\/"},"wordCount":349,"publisher":{"@id":"https:\/\/apuntesdesanluis.com\/#\/schema\/person\/b55151d52296fcce64d1a72538a70b90"},"image":{"@id":"https:\/\/apuntesdesanluis.com\/index.php\/2023\/08\/15\/se-elige-en-la-unvime-continuidad-o-renovacion-de-las-actuales-autoridades\/#primaryimage"},"thumbnailUrl":"https:\/\/apuntesdesanluis.com\/wp-content\/uploads\/2023\/08\/rivarola-y-sosa.png","articleSection":["Ciudad\/Provincia"],"inLanguage":"es-AR"},{"@type":"WebPage","@id":"https:\/\/apuntesdesanluis.com\/index.php\/2023\/08\/15\/se-elige-en-la-unvime-continuidad-o-renovacion-de-las-actuales-autoridades\/","url":"https:\/\/apuntesdesanluis.com\/index.php\/2023\/08\/15\/se-elige-en-la-unvime-continuidad-o-renovacion-de-las-actuales-autoridades\/","name":"SE ELIGE EN LA UNVIME CONTINUIDAD O RENOVACI\u00d3N DE LAS ACTUALES AUTORIDADES - Apuntes de San Luis","isPartOf":{"@id":"https:\/\/apuntesdesanluis.com\/#website"},"primaryImageOfPage":{"@id":"https:\/\/apuntesdesanluis.com\/index.php\/2023\/08\/15\/se-elige-en-la-unvime-continuidad-o-renovacion-de-las-actuales-autoridades\/#primaryimage"},"image":{"@id":"https:\/\/apuntesdesanluis.com\/index.php\/2023\/08\/15\/se-elige-en-la-unvime-continuidad-o-renovacion-de-las-actuales-autoridades\/#primaryimage"},"thumbnailUrl":"https:\/\/apuntesdesanluis.com\/wp-content\/uploads\/2023\/08\/rivarola-y-sosa.png","datePublished":"2023-08-15T20:29:54+00:00","dateModified":"2023-08-15T20:31:13+00:00","breadcrumb":{"@id":"https:\/\/apuntesdesanluis.com\/index.php\/2023\/08\/15\/se-elige-en-la-unvime-continuidad-o-renovacion-de-las-actuales-autoridades\/#breadcrumb"},"inLanguage":"es-AR","potentialAction":[{"@type":"ReadAction","target":["https:\/\/apuntesdesanluis.com\/index.php\/2023\/08\/15\/se-elige-en-la-unvime-continuidad-o-renovacion-de-las-actuales-autoridades\/"]}]},{"@type":"ImageObject","inLanguage":"es-AR","@id":"https:\/\/apuntesdesanluis.com\/index.php\/2023\/08\/15\/se-elige-en-la-unvime-continuidad-o-renovacion-de-las-actuales-autoridades\/#primaryimage","url":"https:\/\/apuntesdesanluis.com\/wp-content\/uploads\/2023\/08\/rivarola-y-sosa.png","contentUrl":"https:\/\/apuntesdesanluis.com\/wp-content\/uploads\/2023\/08\/rivarola-y-sosa.png","width":694,"height":369},{"@type":"BreadcrumbList","@id":"https:\/\/apuntesdesanluis.com\/index.php\/2023\/08\/15\/se-elige-en-la-unvime-continuidad-o-renovacion-de-las-actuales-autoridades\/#breadcrumb","itemListElement":[{"@type":"ListItem","position":1,"name":"Inicio","item":"https:\/\/apuntesdesanluis.com\/"},{"@type":"ListItem","position":2,"name":"SE ELIGE EN LA UNVIME CONTINUIDAD O RENOVACI\u00d3N DE LAS ACTUALES AUTORIDADES"}]},{"@type":"WebSite","@id":"https:\/\/apuntesdesanluis.com\/#website","url":"https:\/\/apuntesdesanluis.com\/","name":"Apuntes de San Luis","description":"","publisher":{"@id":"https:\/\/apuntesdesanluis.com\/#\/schema\/person\/b55151d52296fcce64d1a72538a70b90"},"potentialAction":[{"@type":"SearchAction","target":{"@type":"EntryPoint","urlTemplate":"https:\/\/apuntesdesanluis.com\/?s={search_term_string}"},"query-input":{"@type":"PropertyValueSpecification","valueRequired":true,"valueName":"search_term_string"}}],"inLanguage":"es-AR"},{"@type":["Person","Organization"],"@id":"https:\/\/apuntesdesanluis.com\/#\/schema\/person\/b55151d52296fcce64d1a72538a70b90","name":"apuntesdesanluis.com","image":{"@type":"ImageObject","inLanguage":"es-AR","@id":"https:\/\/apuntesdesanluis.com\/#\/schema\/person\/image\/","url":"https:\/\/apuntesdesanluis.com\/wp-content\/uploads\/2023\/07\/cropped-apuntesdesanluis.png","contentUrl":"https:\/\/apuntesdesanluis.com\/wp-content\/uploads\/2023\/07\/cropped-apuntesdesanluis.png","width":450,"height":112,"caption":"apuntesdesanluis.com"},"logo":{"@id":"https:\/\/apuntesdesanluis.com\/#\/schema\/person\/image\/"},"sameAs":["https:\/\/apuntesdesanluis.com"],"url":"https:\/\/apuntesdesanluis.com\/index.php\/author\/apuntesdesanluis-com\/"}]}},"featured_image_urls":{"full":["https:\/\/apuntesdesanluis.com\/wp-content\/uploads\/2023\/08\/rivarola-y-sosa.png",694,369,false],"thumbnail":["https:\/\/apuntesdesanluis.com\/wp-content\/uploads\/2023\/08\/rivarola-y-sosa-150x150.png",150,150,true],"medium":["https:\/\/apuntesdesanluis.com\/wp-content\/uploads\/2023\/08\/rivarola-y-sosa-300x160.png",300,160,true],"medium_large":["https:\/\/apuntesdesanluis.com\/wp-content\/uploads\/2023\/08\/rivarola-y-sosa.png",640,340,false],"large":["https:\/\/apuntesdesanluis.com\/wp-content\/uploads\/2023\/08\/rivarola-y-sosa.png",640,340,false],"1536x1536":["https:\/\/apuntesdesanluis.com\/wp-content\/uploads\/2023\/08\/rivarola-y-sosa.png",694,369,false],"2048x2048":["https:\/\/apuntesdesanluis.com\/wp-content\/uploads\/2023\/08\/rivarola-y-sosa.png",694,369,false],"newsever-slider-full":["https:\/\/apuntesdesanluis.com\/wp-content\/uploads\/2023\/08\/rivarola-y-sosa.png",694,369,false],"newsever-featured":["https:\/\/apuntesdesanluis.com\/wp-content\/uploads\/2023\/08\/rivarola-y-sosa.png",694,369,false],"newsever-medium":["https:\/\/apuntesdesanluis.com\/wp-content\/uploads\/2023\/08\/rivarola-y-sosa.png",694,369,false]},"author_info":{"display_name":"apuntesdesanluis.com","author_link":"https:\/\/apuntesdesanluis.com\/index.php\/author\/apuntesdesanluis-com\/"},"category_info":"<a href=\"https:\/\/apuntesdesanluis.com\/index.php\/category\/ciudad-provincia\/\" rel=\"category tag\">Ciudad\/Provincia<\/a>","tag_info":"Ciudad\/Provincia","comment_count":"0","_links":{"self":[{"href":"https:\/\/apuntesdesanluis.com\/index.php\/wp-json\/wp\/v2\/posts\/1630","targetHints":{"allow":["GET"]}}],"collection":[{"href":"https:\/\/apuntesdesanluis.com\/index.php\/wp-json\/wp\/v2\/posts"}],"about":[{"href":"https:\/\/apuntesdesanluis.com\/index.php\/wp-json\/wp\/v2\/types\/post"}],"author":[{"embeddable":true,"href":"https:\/\/apuntesdesanluis.com\/index.php\/wp-json\/wp\/v2\/users\/1"}],"replies":[{"embeddable":true,"href":"https:\/\/apuntesdesanluis.com\/index.php\/wp-json\/wp\/v2\/comments?post=1630"}],"version-history":[{"count":3,"href":"https:\/\/apuntesdesanluis.com\/index.php\/wp-json\/wp\/v2\/posts\/1630\/revisions"}],"predecessor-version":[{"id":1636,"href":"https:\/\/apuntesdesanluis.com\/index.php\/wp-json\/wp\/v2\/posts\/1630\/revisions\/1636"}],"wp:featuredmedia":[{"embeddable":true,"href":"https:\/\/apuntesdesanluis.com\/index.php\/wp-json\/wp\/v2\/media\/1632"}],"wp:attachment":[{"href":"https:\/\/apuntesdesanluis.com\/index.php\/wp-json\/wp\/v2\/media?parent=1630"}],"wp:term":[{"taxonomy":"category","embeddable":true,"href":"https:\/\/apuntesdesanluis.com\/index.php\/wp-json\/wp\/v2\/categories?post=1630"},{"taxonomy":"post_tag","embeddable":true,"href":"https:\/\/apuntesdesanluis.com\/index.php\/wp-json\/wp\/v2\/tags?post=1630"}],"curies":[{"name":"wp","href":"https:\/\/api.w.org\/{rel}","templated":true}]}}