{"id":16306,"date":"2024-05-16T13:48:24","date_gmt":"2024-05-16T16:48:24","guid":{"rendered":"https:\/\/apuntesdesanluis.com\/?p=16306"},"modified":"2024-05-16T16:50:10","modified_gmt":"2024-05-16T19:50:10","slug":"en-juicio-abreviado-admitio-haber-cometido-abuso-sexual-y-lo-condenaron-a-9-anos-de-prision","status":"publish","type":"post","link":"https:\/\/apuntesdesanluis.com\/index.php\/2024\/05\/16\/en-juicio-abreviado-admitio-haber-cometido-abuso-sexual-y-lo-condenaron-a-9-anos-de-prision\/","title":{"rendered":"EN JUICIO ABREVIADO, ADMITI\u00d3 HABER COMETIDO ABUSO SEXUAL Y LO CONDENARON A 9 A\u00d1OS DE PRISI\u00d3N"},"content":{"rendered":"<h3>El tribunal de juicio de la Tercera Circunscripci\u00f3n Judicial homolog\u00f3 este jueves un acuerdo de juicio abreviado arribado por el Ministerio P\u00fablico Fiscal y la defensa del imputado, y conden\u00f3 a 9 a\u00f1os de prisi\u00f3n a un hombre por abusar sexualmente de una joven menor de 18 a\u00f1os.<\/h3>\n<h3>En la audiencia, el acusado reconoci\u00f3 el hecho ocurrido en enero de 2017, asumi\u00f3 su responsabilidad y acept\u00f3 la calificaci\u00f3n legal como la pena impuesta por el fiscal Mario N\u00e9stor Zudaire. De acuerdo a la denuncia realizada por la madre de la v\u00edctima, en octubre de 2016 la mujer debi\u00f3 viajar desde el norte de la Provincia hasta la ciudad de San Luis por cuestiones de salud y sus hijos quedaron al cuidado del imputado.<\/h3>\n<h3>\u201cEl imputado les daba la cena y los asist\u00eda en las tareas de cuidado, pero una noche se meti\u00f3 en la pieza de la v\u00edctima y la accedi\u00f3 sexualmente\u201d, narr\u00f3 Zudaire.<\/h3>\n<h3>El hombre finalmente fue condenado por el delito de abuso sexual con acceso carnal agravado por los incisos B y F del art\u00edculo 119 del C\u00f3digo Penal Argentino ( b) Cuando el hecho fuere cometido por ascendiente, descendiente, af\u00edn en l\u00ednea recta, hermano, tutor, curador, ministro de alg\u00fan culto reconocido o no, encargado de la educaci\u00f3n o de la guarda; f) Cuando el hecho fuere cometido contra un menor de dieciocho (18) a\u00f1os, aprovechando la situaci\u00f3n de convivencia preexistente con el mismo).<\/h3>\n<h3>El tribunal encargado de dirigir el debate estuvo presidido por Daniel Sanchi\u00f1o e integrado por Mar\u00eda Claudia Uccello y Sandra Piguillem.<\/h3>\n<h3><\/h3>\n<h3><\/h3>\n<p>&nbsp;<\/p>\n","protected":false},"excerpt":{"rendered":"<p>El tribunal de juicio de la Tercera Circunscripci\u00f3n Judicial homolog\u00f3 este jueves un acuerdo de&#8230;<\/p>\n","protected":false},"author":1,"featured_media":785,"comment_status":"closed","ping_status":"closed","sticky":false,"template":"","format":"standard","meta":{"footnotes":""},"categories":[6],"tags":[],"class_list":["post-16306","post","type-post","status-publish","format-standard","has-post-thumbnail","hentry","category-ciudad-provincia"],"yoast_head":"<!-- This site is optimized with the Yoast SEO plugin v26.1.1 - https:\/\/yoast.com\/wordpress\/plugins\/seo\/ -->\n<title>EN JUICIO ABREVIADO, ADMITI\u00d3 HABER COMETIDO ABUSO SEXUAL Y LO CONDENARON A 9 A\u00d1OS DE PRISI\u00d3N - Apuntes de San Luis<\/title>\n<meta name=\"robots\" content=\"index, follow, max-snippet:-1, max-image-preview:large, max-video-preview:-1\" \/>\n<link rel=\"canonical\" href=\"https:\/\/apuntesdesanluis.com\/index.php\/2024\/05\/16\/en-juicio-abreviado-admitio-haber-cometido-abuso-sexual-y-lo-condenaron-a-9-anos-de-prision\/\" \/>\n<meta property=\"og:locale\" content=\"es_ES\" \/>\n<meta property=\"og:type\" content=\"article\" \/>\n<meta property=\"og:title\" content=\"EN JUICIO ABREVIADO, ADMITI\u00d3 HABER COMETIDO ABUSO SEXUAL Y LO CONDENARON A 9 A\u00d1OS DE PRISI\u00d3N - Apuntes de San Luis\" \/>\n<meta property=\"og:description\" content=\"El tribunal de juicio de la Tercera Circunscripci\u00f3n Judicial homolog\u00f3 este jueves un acuerdo de...\" \/>\n<meta property=\"og:url\" content=\"https:\/\/apuntesdesanluis.com\/index.php\/2024\/05\/16\/en-juicio-abreviado-admitio-haber-cometido-abuso-sexual-y-lo-condenaron-a-9-anos-de-prision\/\" \/>\n<meta property=\"og:site_name\" content=\"Apuntes de San Luis\" \/>\n<meta property=\"article:published_time\" content=\"2024-05-16T16:48:24+00:00\" \/>\n<meta property=\"article:modified_time\" content=\"2024-05-16T19:50:10+00:00\" \/>\n<meta property=\"og:image\" content=\"https:\/\/apuntesdesanluis.com\/wp-content\/uploads\/2023\/07\/TRIBUNALES-DE-CONCARAN.png\" \/>\n\t<meta property=\"og:image:width\" content=\"764\" \/>\n\t<meta property=\"og:image:height\" content=\"463\" \/>\n\t<meta property=\"og:image:type\" content=\"image\/png\" \/>\n<meta name=\"author\" content=\"apuntesdesanluis.com\" \/>\n<meta name=\"twitter:card\" content=\"summary_large_image\" \/>\n<meta name=\"twitter:label1\" content=\"Escrito por\" \/>\n\t<meta name=\"twitter:data1\" content=\"apuntesdesanluis.com\" \/>\n\t<meta name=\"twitter:label2\" content=\"Tiempo de lectura\" \/>\n\t<meta name=\"twitter:data2\" content=\"2 minutos\" \/>\n<script type=\"application\/ld+json\" class=\"yoast-schema-graph\">{\"@context\":\"https:\/\/schema.org\",\"@graph\":[{\"@type\":\"Article\",\"@id\":\"https:\/\/apuntesdesanluis.com\/index.php\/2024\/05\/16\/en-juicio-abreviado-admitio-haber-cometido-abuso-sexual-y-lo-condenaron-a-9-anos-de-prision\/#article\",\"isPartOf\":{\"@id\":\"https:\/\/apuntesdesanluis.com\/index.php\/2024\/05\/16\/en-juicio-abreviado-admitio-haber-cometido-abuso-sexual-y-lo-condenaron-a-9-anos-de-prision\/\"},\"author\":{\"name\":\"apuntesdesanluis.com\",\"@id\":\"https:\/\/apuntesdesanluis.com\/#\/schema\/person\/b55151d52296fcce64d1a72538a70b90\"},\"headline\":\"EN JUICIO ABREVIADO, ADMITI\u00d3 HABER COMETIDO ABUSO SEXUAL Y LO CONDENARON A 9 A\u00d1OS DE PRISI\u00d3N\",\"datePublished\":\"2024-05-16T16:48:24+00:00\",\"dateModified\":\"2024-05-16T19:50:10+00:00\",\"mainEntityOfPage\":{\"@id\":\"https:\/\/apuntesdesanluis.com\/index.php\/2024\/05\/16\/en-juicio-abreviado-admitio-haber-cometido-abuso-sexual-y-lo-condenaron-a-9-anos-de-prision\/\"},\"wordCount\":288,\"publisher\":{\"@id\":\"https:\/\/apuntesdesanluis.com\/#\/schema\/person\/b55151d52296fcce64d1a72538a70b90\"},\"image\":{\"@id\":\"https:\/\/apuntesdesanluis.com\/index.php\/2024\/05\/16\/en-juicio-abreviado-admitio-haber-cometido-abuso-sexual-y-lo-condenaron-a-9-anos-de-prision\/#primaryimage\"},\"thumbnailUrl\":\"https:\/\/apuntesdesanluis.com\/wp-content\/uploads\/2023\/07\/TRIBUNALES-DE-CONCARAN.png\",\"articleSection\":[\"Ciudad\/Provincia\"],\"inLanguage\":\"es-AR\"},{\"@type\":\"WebPage\",\"@id\":\"https:\/\/apuntesdesanluis.com\/index.php\/2024\/05\/16\/en-juicio-abreviado-admitio-haber-cometido-abuso-sexual-y-lo-condenaron-a-9-anos-de-prision\/\",\"url\":\"https:\/\/apuntesdesanluis.com\/index.php\/2024\/05\/16\/en-juicio-abreviado-admitio-haber-cometido-abuso-sexual-y-lo-condenaron-a-9-anos-de-prision\/\",\"name\":\"EN JUICIO ABREVIADO, ADMITI\u00d3 HABER COMETIDO ABUSO SEXUAL Y LO CONDENARON A 9 A\u00d1OS DE PRISI\u00d3N - Apuntes de San Luis\",\"isPartOf\":{\"@id\":\"https:\/\/apuntesdesanluis.com\/#website\"},\"primaryImageOfPage\":{\"@id\":\"https:\/\/apuntesdesanluis.com\/index.php\/2024\/05\/16\/en-juicio-abreviado-admitio-haber-cometido-abuso-sexual-y-lo-condenaron-a-9-anos-de-prision\/#primaryimage\"},\"image\":{\"@id\":\"https:\/\/apuntesdesanluis.com\/index.php\/2024\/05\/16\/en-juicio-abreviado-admitio-haber-cometido-abuso-sexual-y-lo-condenaron-a-9-anos-de-prision\/#primaryimage\"},\"thumbnailUrl\":\"https:\/\/apuntesdesanluis.com\/wp-content\/uploads\/2023\/07\/TRIBUNALES-DE-CONCARAN.png\",\"datePublished\":\"2024-05-16T16:48:24+00:00\",\"dateModified\":\"2024-05-16T19:50:10+00:00\",\"breadcrumb\":{\"@id\":\"https:\/\/apuntesdesanluis.com\/index.php\/2024\/05\/16\/en-juicio-abreviado-admitio-haber-cometido-abuso-sexual-y-lo-condenaron-a-9-anos-de-prision\/#breadcrumb\"},\"inLanguage\":\"es-AR\",\"potentialAction\":[{\"@type\":\"ReadAction\",\"target\":[\"https:\/\/apuntesdesanluis.com\/index.php\/2024\/05\/16\/en-juicio-abreviado-admitio-haber-cometido-abuso-sexual-y-lo-condenaron-a-9-anos-de-prision\/\"]}]},{\"@type\":\"ImageObject\",\"inLanguage\":\"es-AR\",\"@id\":\"https:\/\/apuntesdesanluis.com\/index.php\/2024\/05\/16\/en-juicio-abreviado-admitio-haber-cometido-abuso-sexual-y-lo-condenaron-a-9-anos-de-prision\/#primaryimage\",\"url\":\"https:\/\/apuntesdesanluis.com\/wp-content\/uploads\/2023\/07\/TRIBUNALES-DE-CONCARAN.png\",\"contentUrl\":\"https:\/\/apuntesdesanluis.com\/wp-content\/uploads\/2023\/07\/TRIBUNALES-DE-CONCARAN.png\",\"width\":764,\"height\":463},{\"@type\":\"BreadcrumbList\",\"@id\":\"https:\/\/apuntesdesanluis.com\/index.php\/2024\/05\/16\/en-juicio-abreviado-admitio-haber-cometido-abuso-sexual-y-lo-condenaron-a-9-anos-de-prision\/#breadcrumb\",\"itemListElement\":[{\"@type\":\"ListItem\",\"position\":1,\"name\":\"Inicio\",\"item\":\"https:\/\/apuntesdesanluis.com\/\"},{\"@type\":\"ListItem\",\"position\":2,\"name\":\"EN JUICIO ABREVIADO, ADMITI\u00d3 HABER COMETIDO ABUSO SEXUAL Y LO CONDENARON A 9 A\u00d1OS DE PRISI\u00d3N\"}]},{\"@type\":\"WebSite\",\"@id\":\"https:\/\/apuntesdesanluis.com\/#website\",\"url\":\"https:\/\/apuntesdesanluis.com\/\",\"name\":\"Apuntes de San Luis\",\"description\":\"\",\"publisher\":{\"@id\":\"https:\/\/apuntesdesanluis.com\/#\/schema\/person\/b55151d52296fcce64d1a72538a70b90\"},\"potentialAction\":[{\"@type\":\"SearchAction\",\"target\":{\"@type\":\"EntryPoint\",\"urlTemplate\":\"https:\/\/apuntesdesanluis.com\/?s={search_term_string}\"},\"query-input\":{\"@type\":\"PropertyValueSpecification\",\"valueRequired\":true,\"valueName\":\"search_term_string\"}}],\"inLanguage\":\"es-AR\"},{\"@type\":[\"Person\",\"Organization\"],\"@id\":\"https:\/\/apuntesdesanluis.com\/#\/schema\/person\/b55151d52296fcce64d1a72538a70b90\",\"name\":\"apuntesdesanluis.com\",\"image\":{\"@type\":\"ImageObject\",\"inLanguage\":\"es-AR\",\"@id\":\"https:\/\/apuntesdesanluis.com\/#\/schema\/person\/image\/\",\"url\":\"https:\/\/apuntesdesanluis.com\/wp-content\/uploads\/2023\/07\/cropped-apuntesdesanluis.png\",\"contentUrl\":\"https:\/\/apuntesdesanluis.com\/wp-content\/uploads\/2023\/07\/cropped-apuntesdesanluis.png\",\"width\":450,\"height\":112,\"caption\":\"apuntesdesanluis.com\"},\"logo\":{\"@id\":\"https:\/\/apuntesdesanluis.com\/#\/schema\/person\/image\/\"},\"sameAs\":[\"https:\/\/apuntesdesanluis.com\"],\"url\":\"https:\/\/apuntesdesanluis.com\/index.php\/author\/apuntesdesanluis-com\/\"}]}<\/script>\n<!-- \/ Yoast SEO plugin. -->","yoast_head_json":{"title":"EN JUICIO ABREVIADO, ADMITI\u00d3 HABER COMETIDO ABUSO SEXUAL Y LO CONDENARON A 9 A\u00d1OS DE PRISI\u00d3N - Apuntes de San Luis","robots":{"index":"index","follow":"follow","max-snippet":"max-snippet:-1","max-image-preview":"max-image-preview:large","max-video-preview":"max-video-preview:-1"},"canonical":"https:\/\/apuntesdesanluis.com\/index.php\/2024\/05\/16\/en-juicio-abreviado-admitio-haber-cometido-abuso-sexual-y-lo-condenaron-a-9-anos-de-prision\/","og_locale":"es_ES","og_type":"article","og_title":"EN JUICIO ABREVIADO, ADMITI\u00d3 HABER COMETIDO ABUSO SEXUAL Y LO CONDENARON A 9 A\u00d1OS DE PRISI\u00d3N - Apuntes de San Luis","og_description":"El tribunal de juicio de la Tercera Circunscripci\u00f3n Judicial homolog\u00f3 este jueves un acuerdo de...","og_url":"https:\/\/apuntesdesanluis.com\/index.php\/2024\/05\/16\/en-juicio-abreviado-admitio-haber-cometido-abuso-sexual-y-lo-condenaron-a-9-anos-de-prision\/","og_site_name":"Apuntes de San Luis","article_published_time":"2024-05-16T16:48:24+00:00","article_modified_time":"2024-05-16T19:50:10+00:00","og_image":[{"width":764,"height":463,"url":"https:\/\/apuntesdesanluis.com\/wp-content\/uploads\/2023\/07\/TRIBUNALES-DE-CONCARAN.png","type":"image\/png"}],"author":"apuntesdesanluis.com","twitter_card":"summary_large_image","twitter_misc":{"Escrito por":"apuntesdesanluis.com","Tiempo de lectura":"2 minutos"},"schema":{"@context":"https:\/\/schema.org","@graph":[{"@type":"Article","@id":"https:\/\/apuntesdesanluis.com\/index.php\/2024\/05\/16\/en-juicio-abreviado-admitio-haber-cometido-abuso-sexual-y-lo-condenaron-a-9-anos-de-prision\/#article","isPartOf":{"@id":"https:\/\/apuntesdesanluis.com\/index.php\/2024\/05\/16\/en-juicio-abreviado-admitio-haber-cometido-abuso-sexual-y-lo-condenaron-a-9-anos-de-prision\/"},"author":{"name":"apuntesdesanluis.com","@id":"https:\/\/apuntesdesanluis.com\/#\/schema\/person\/b55151d52296fcce64d1a72538a70b90"},"headline":"EN JUICIO ABREVIADO, ADMITI\u00d3 HABER COMETIDO ABUSO SEXUAL Y LO CONDENARON A 9 A\u00d1OS DE PRISI\u00d3N","datePublished":"2024-05-16T16:48:24+00:00","dateModified":"2024-05-16T19:50:10+00:00","mainEntityOfPage":{"@id":"https:\/\/apuntesdesanluis.com\/index.php\/2024\/05\/16\/en-juicio-abreviado-admitio-haber-cometido-abuso-sexual-y-lo-condenaron-a-9-anos-de-prision\/"},"wordCount":288,"publisher":{"@id":"https:\/\/apuntesdesanluis.com\/#\/schema\/person\/b55151d52296fcce64d1a72538a70b90"},"image":{"@id":"https:\/\/apuntesdesanluis.com\/index.php\/2024\/05\/16\/en-juicio-abreviado-admitio-haber-cometido-abuso-sexual-y-lo-condenaron-a-9-anos-de-prision\/#primaryimage"},"thumbnailUrl":"https:\/\/apuntesdesanluis.com\/wp-content\/uploads\/2023\/07\/TRIBUNALES-DE-CONCARAN.png","articleSection":["Ciudad\/Provincia"],"inLanguage":"es-AR"},{"@type":"WebPage","@id":"https:\/\/apuntesdesanluis.com\/index.php\/2024\/05\/16\/en-juicio-abreviado-admitio-haber-cometido-abuso-sexual-y-lo-condenaron-a-9-anos-de-prision\/","url":"https:\/\/apuntesdesanluis.com\/index.php\/2024\/05\/16\/en-juicio-abreviado-admitio-haber-cometido-abuso-sexual-y-lo-condenaron-a-9-anos-de-prision\/","name":"EN JUICIO ABREVIADO, ADMITI\u00d3 HABER COMETIDO ABUSO SEXUAL Y LO CONDENARON A 9 A\u00d1OS DE PRISI\u00d3N - Apuntes de San Luis","isPartOf":{"@id":"https:\/\/apuntesdesanluis.com\/#website"},"primaryImageOfPage":{"@id":"https:\/\/apuntesdesanluis.com\/index.php\/2024\/05\/16\/en-juicio-abreviado-admitio-haber-cometido-abuso-sexual-y-lo-condenaron-a-9-anos-de-prision\/#primaryimage"},"image":{"@id":"https:\/\/apuntesdesanluis.com\/index.php\/2024\/05\/16\/en-juicio-abreviado-admitio-haber-cometido-abuso-sexual-y-lo-condenaron-a-9-anos-de-prision\/#primaryimage"},"thumbnailUrl":"https:\/\/apuntesdesanluis.com\/wp-content\/uploads\/2023\/07\/TRIBUNALES-DE-CONCARAN.png","datePublished":"2024-05-16T16:48:24+00:00","dateModified":"2024-05-16T19:50:10+00:00","breadcrumb":{"@id":"https:\/\/apuntesdesanluis.com\/index.php\/2024\/05\/16\/en-juicio-abreviado-admitio-haber-cometido-abuso-sexual-y-lo-condenaron-a-9-anos-de-prision\/#breadcrumb"},"inLanguage":"es-AR","potentialAction":[{"@type":"ReadAction","target":["https:\/\/apuntesdesanluis.com\/index.php\/2024\/05\/16\/en-juicio-abreviado-admitio-haber-cometido-abuso-sexual-y-lo-condenaron-a-9-anos-de-prision\/"]}]},{"@type":"ImageObject","inLanguage":"es-AR","@id":"https:\/\/apuntesdesanluis.com\/index.php\/2024\/05\/16\/en-juicio-abreviado-admitio-haber-cometido-abuso-sexual-y-lo-condenaron-a-9-anos-de-prision\/#primaryimage","url":"https:\/\/apuntesdesanluis.com\/wp-content\/uploads\/2023\/07\/TRIBUNALES-DE-CONCARAN.png","contentUrl":"https:\/\/apuntesdesanluis.com\/wp-content\/uploads\/2023\/07\/TRIBUNALES-DE-CONCARAN.png","width":764,"height":463},{"@type":"BreadcrumbList","@id":"https:\/\/apuntesdesanluis.com\/index.php\/2024\/05\/16\/en-juicio-abreviado-admitio-haber-cometido-abuso-sexual-y-lo-condenaron-a-9-anos-de-prision\/#breadcrumb","itemListElement":[{"@type":"ListItem","position":1,"name":"Inicio","item":"https:\/\/apuntesdesanluis.com\/"},{"@type":"ListItem","position":2,"name":"EN JUICIO ABREVIADO, ADMITI\u00d3 HABER COMETIDO ABUSO SEXUAL Y LO CONDENARON A 9 A\u00d1OS DE PRISI\u00d3N"}]},{"@type":"WebSite","@id":"https:\/\/apuntesdesanluis.com\/#website","url":"https:\/\/apuntesdesanluis.com\/","name":"Apuntes de San Luis","description":"","publisher":{"@id":"https:\/\/apuntesdesanluis.com\/#\/schema\/person\/b55151d52296fcce64d1a72538a70b90"},"potentialAction":[{"@type":"SearchAction","target":{"@type":"EntryPoint","urlTemplate":"https:\/\/apuntesdesanluis.com\/?s={search_term_string}"},"query-input":{"@type":"PropertyValueSpecification","valueRequired":true,"valueName":"search_term_string"}}],"inLanguage":"es-AR"},{"@type":["Person","Organization"],"@id":"https:\/\/apuntesdesanluis.com\/#\/schema\/person\/b55151d52296fcce64d1a72538a70b90","name":"apuntesdesanluis.com","image":{"@type":"ImageObject","inLanguage":"es-AR","@id":"https:\/\/apuntesdesanluis.com\/#\/schema\/person\/image\/","url":"https:\/\/apuntesdesanluis.com\/wp-content\/uploads\/2023\/07\/cropped-apuntesdesanluis.png","contentUrl":"https:\/\/apuntesdesanluis.com\/wp-content\/uploads\/2023\/07\/cropped-apuntesdesanluis.png","width":450,"height":112,"caption":"apuntesdesanluis.com"},"logo":{"@id":"https:\/\/apuntesdesanluis.com\/#\/schema\/person\/image\/"},"sameAs":["https:\/\/apuntesdesanluis.com"],"url":"https:\/\/apuntesdesanluis.com\/index.php\/author\/apuntesdesanluis-com\/"}]}},"featured_image_urls":{"full":["https:\/\/apuntesdesanluis.com\/wp-content\/uploads\/2023\/07\/TRIBUNALES-DE-CONCARAN.png",764,463,false],"thumbnail":["https:\/\/apuntesdesanluis.com\/wp-content\/uploads\/2023\/07\/TRIBUNALES-DE-CONCARAN-150x150.png",150,150,true],"medium":["https:\/\/apuntesdesanluis.com\/wp-content\/uploads\/2023\/07\/TRIBUNALES-DE-CONCARAN-300x182.png",300,182,true],"medium_large":["https:\/\/apuntesdesanluis.com\/wp-content\/uploads\/2023\/07\/TRIBUNALES-DE-CONCARAN.png",640,388,false],"large":["https:\/\/apuntesdesanluis.com\/wp-content\/uploads\/2023\/07\/TRIBUNALES-DE-CONCARAN.png",640,388,false],"1536x1536":["https:\/\/apuntesdesanluis.com\/wp-content\/uploads\/2023\/07\/TRIBUNALES-DE-CONCARAN.png",764,463,false],"2048x2048":["https:\/\/apuntesdesanluis.com\/wp-content\/uploads\/2023\/07\/TRIBUNALES-DE-CONCARAN.png",764,463,false],"newsever-slider-full":["https:\/\/apuntesdesanluis.com\/wp-content\/uploads\/2023\/07\/TRIBUNALES-DE-CONCARAN.png",764,463,false],"newsever-featured":["https:\/\/apuntesdesanluis.com\/wp-content\/uploads\/2023\/07\/TRIBUNALES-DE-CONCARAN.png",764,463,false],"newsever-medium":["https:\/\/apuntesdesanluis.com\/wp-content\/uploads\/2023\/07\/TRIBUNALES-DE-CONCARAN-720x463.png",720,463,true]},"author_info":{"display_name":"apuntesdesanluis.com","author_link":"https:\/\/apuntesdesanluis.com\/index.php\/author\/apuntesdesanluis-com\/"},"category_info":"<a href=\"https:\/\/apuntesdesanluis.com\/index.php\/category\/ciudad-provincia\/\" rel=\"category tag\">Ciudad\/Provincia<\/a>","tag_info":"Ciudad\/Provincia","comment_count":"0","_links":{"self":[{"href":"https:\/\/apuntesdesanluis.com\/index.php\/wp-json\/wp\/v2\/posts\/16306","targetHints":{"allow":["GET"]}}],"collection":[{"href":"https:\/\/apuntesdesanluis.com\/index.php\/wp-json\/wp\/v2\/posts"}],"about":[{"href":"https:\/\/apuntesdesanluis.com\/index.php\/wp-json\/wp\/v2\/types\/post"}],"author":[{"embeddable":true,"href":"https:\/\/apuntesdesanluis.com\/index.php\/wp-json\/wp\/v2\/users\/1"}],"replies":[{"embeddable":true,"href":"https:\/\/apuntesdesanluis.com\/index.php\/wp-json\/wp\/v2\/comments?post=16306"}],"version-history":[{"count":1,"href":"https:\/\/apuntesdesanluis.com\/index.php\/wp-json\/wp\/v2\/posts\/16306\/revisions"}],"predecessor-version":[{"id":16307,"href":"https:\/\/apuntesdesanluis.com\/index.php\/wp-json\/wp\/v2\/posts\/16306\/revisions\/16307"}],"wp:featuredmedia":[{"embeddable":true,"href":"https:\/\/apuntesdesanluis.com\/index.php\/wp-json\/wp\/v2\/media\/785"}],"wp:attachment":[{"href":"https:\/\/apuntesdesanluis.com\/index.php\/wp-json\/wp\/v2\/media?parent=16306"}],"wp:term":[{"taxonomy":"category","embeddable":true,"href":"https:\/\/apuntesdesanluis.com\/index.php\/wp-json\/wp\/v2\/categories?post=16306"},{"taxonomy":"post_tag","embeddable":true,"href":"https:\/\/apuntesdesanluis.com\/index.php\/wp-json\/wp\/v2\/tags?post=16306"}],"curies":[{"name":"wp","href":"https:\/\/api.w.org\/{rel}","templated":true}]}}