{"id":16311,"date":"2024-05-16T16:11:38","date_gmt":"2024-05-16T19:11:38","guid":{"rendered":"https:\/\/apuntesdesanluis.com\/?p=16311"},"modified":"2024-05-16T16:11:38","modified_gmt":"2024-05-16T19:11:38","slug":"absolvieron-a-un-hombre-acusado-por-doble-homicidio","status":"publish","type":"post","link":"https:\/\/apuntesdesanluis.com\/index.php\/2024\/05\/16\/absolvieron-a-un-hombre-acusado-por-doble-homicidio\/","title":{"rendered":"ABSOLVIERON A UN HOMBRE ACUSADO POR DOBLE HOMICIDIO"},"content":{"rendered":"<h3>El hecho juzgado ocurri\u00f3 en junio de 2015 en un establecimiento rural ubicado en el Paraje Cerros Negros, perteneciente al Departamento San Mart\u00edn, donde se produjo el asesinato de un hombre de 92 a\u00f1os y su hijo. El tribunal absolvi\u00f3 al acusado por el beneficio de la duda debido a la carencia de pruebas para determinar su autor\u00eda en el hecho.<\/h3>\n<h3>Este mi\u00e9rcoles, el tribunal de juicio de la Tercera Circunscripci\u00f3n Judicial emiti\u00f3 veredicto absolutorio en la causa seguida contra D.M.B., acusado como autor del delito de robo con armas y doble homicidio criminis causa, en concurso ideal.<\/h3>\n<h3>El hecho juzgado ocurri\u00f3 en junio de 2015 en un establecimiento rural del paraje Cerros Negros, distante a unos 30 kil\u00f3metros de la localidad de Las Chacras, en el Departamento San Mart\u00edn.<\/h3>\n<h3>Las v\u00edctimas fueron identificadas como Sim\u00f3n P\u00e9rez, de 92 a\u00f1os, y su hijo de crianza, Paulo Mu\u00f1oz, de 59 a\u00f1os.<\/h3>\n<h3>P\u00e9rez fue encontrado en su casa el 29 de junio, tirado en el suelo de la cocina. Estaba maniatado, en grave estado de salud, y falleci\u00f3 d\u00edas despu\u00e9s en el Policl\u00ednico Regional de la ciudad de San Luis a causa de un traumatismo craneoencef\u00e1lico producto de la feroz golpiza que recibi\u00f3.<\/h3>\n<h3>El cuerpo de Mu\u00f1oz fue hallado el 30 de junio a unos 300 metros de la vivienda. Lo encontraron atado de pies y manos y con un disparo en el pecho. En la autopsia, el forense determin\u00f3 que la muerte se produjo a ra\u00edz de un fallo cardiaco por destrucci\u00f3n traum\u00e1tica del mismo y, como causa secundaria, shock hipovol\u00e9mico por herida contuso penetrante en el t\u00f3rax producida con arma de fuego.<\/h3>\n<h3>Padre e hijo se dedicaban a la actividad rural, espec\u00edficamente, a la venta de animales vacunos.<\/h3>\n<h3>El fiscal de juicio, Mario N\u00e9stor Zudaire, expuso en su teor\u00eda del caso que P\u00e9rez hab\u00eda recibido una importante suma de dinero por la venta de ganado y que D.M.B. estaba al tanto de ello, situaci\u00f3n que lo motiv\u00f3 a presentarse en la propiedad del hombre de 92 a\u00f1os para robarle lo recaudado, golpe\u00e1ndolo brutalmente con la intenci\u00f3n de matarlo para ocultar el robo.<\/h3>\n<p><img fetchpriority=\"high\" decoding=\"async\" class=\"wp-image-16313 aligncenter\" src=\"https:\/\/apuntesdesanluis.com\/wp-content\/uploads\/2024\/05\/ABSOLUCION-300x168.png\" alt=\"\" width=\"623\" height=\"349\" srcset=\"https:\/\/apuntesdesanluis.com\/wp-content\/uploads\/2024\/05\/ABSOLUCION-300x168.png 300w, https:\/\/apuntesdesanluis.com\/wp-content\/uploads\/2024\/05\/ABSOLUCION.png 600w\" sizes=\"(max-width: 623px) 100vw, 623px\" \/><\/p>\n<h3>Tambi\u00e9n mencion\u00f3 el allanamiento realizado en el domicilio de la madre del acusado, en donde se secuestr\u00f3 una linterna y una rastra que, de acuerdo a la declaraci\u00f3n de algunos testigos, eran propiedad de P\u00e9rez.<\/h3>\n<h3>En cuanto a la rastra, indic\u00f3 que la misma ten\u00eda grabadas las letras \u201cS.P.\u201d (es decir, las iniciales de \u201cSim\u00f3n P\u00e9rez\u201d), y que el acusado la adulter\u00f3 para ocultar dicha evidencia.<\/h3>\n<h3>En virtud de lo expuesto, sostuvo la acusaci\u00f3n en contra de D.M.B. como autor de los delitos de robo con armas y doble homicidio criminis causa, en concurso ideal, solicitando la imposici\u00f3n de una pena de prisi\u00f3n perpetua.<\/h3>\n<h3>Como circunstancias atenuantes, consider\u00f3 la ausencia de antecedentes penales computables y, como agravantes, el aprovechamiento de la zona en donde estaba ubicado el domicilio de los damnificados, teniendo en cuenta \u201cla soledad que impera en esos lugares que no suelen ser frecuentemente transitados\u201d; sumado a la avanzada edad del due\u00f1o de la propiedad que lo convert\u00eda en una v\u00edctima sumamente vulnerable.<\/h3>\n<h3>Como abogada querellante, intervino la Dra. Ana Carolina Zavala, quien adhiri\u00f3 en un todo al alegato de la fiscal\u00eda, y agreg\u00f3 que \u201cPaulo Mu\u00f1oz era una persona discapacitada, era como un ni\u00f1o\u201d situaci\u00f3n que deb\u00eda ser considerada como agravante debido al estado de indefensi\u00f3n de la v\u00edctima al momento del hecho.<\/h3>\n<h3>En marcada oposici\u00f3n, la defensa del acusado, ejercida por el Defensor Oficial en lo Penal, Dr. Jos\u00e9 Luis Gui\u00f1az\u00fa, manifest\u00f3 que este era un d\u00eda muy importante para su defendido, puesto que se pondr\u00eda fin \u201cal estado de incertidumbre que viene soportando desde hace cuatro a\u00f1os y seis meses cuando fue detenido por un hecho en el que nada tuvo que ver\u201d.<\/h3>\n<h3>\u201cLas v\u00edctimas Sim\u00f3n P\u00e9rez y Paulo Mu\u00f1oz tuvieron un final muy triste y oscuro, y sin dudas su familia se merece justicia. Pero no se trata de encontrar a \u2018un\u2019 culpable, sino de encontrar \u2018al\u2019 culpable\u201d, remarc\u00f3.<\/h3>\n<h3>En ese sentido, afirm\u00f3 que a lo largo del debate no se pudo probar que D.M.B. \u201chaya sido quien con sus propias manos termin\u00f3 con la vida de Sim\u00f3n P\u00e9rez y Paulo Mu\u00f1oz. No est\u00e1 ni siquiera probada su presencia en el lugar del hecho\u201d.<\/h3>\n<h3>Al respecto, mencion\u00f3 el allanamiento realizado en la casa de la madre del acusado donde se encontraron elementos \u201csimilares\u201d a los que les sustrajeron a las v\u00edctimas, asegurando que no se pod\u00eda colegir por esa situaci\u00f3n que su representado fuera el autor de \u201csemejante barbarie\u201d.<\/h3>\n<h3>Adem\u00e1s, refiri\u00f3 que D.M.B. no viv\u00eda en ese lugar, y que cuando la polic\u00eda allan\u00f3 su vivienda el procedimiento arroj\u00f3 resultados negativos.<\/h3>\n<h3>Tambi\u00e9n habl\u00f3 acerca de las pericias practicadas sobre la \u201csupuesta\u201d rastra de Sim\u00f3n P\u00e9rez, alegando que ninguna pudo confirmar con grado de certeza que existi\u00f3 una adulteraci\u00f3n en el grabado. Y que tampoco la linterna encontrada ten\u00eda ning\u00fan rasgo caracter\u00edstico para distinguirla de cualquier otra linterna de la misma marca y modelo.<\/h3>\n<h3>Por todo lo dicho, pidi\u00f3 al tribunal apelar a la plena vigencia del principio del in dubio pro reo, \u201cderivaci\u00f3n directa del principio de inocencia consagrado en nuestra Constituci\u00f3n nacional\u201d, aseverando que el Ministerio Fiscal no pudo acreditar debidamente su teor\u00eda del caso, \u201cpuesto que las probanzas que aqu\u00ed se han producido nada tienen que ver con el tipo penal del art\u00edculo 80 inciso 7 por el que llega acusado D\u201d, solicitando en consecuencia la inmediata absoluci\u00f3n de su defendido.<\/h3>\n<h3>\u201cNo entiendo porqu\u00e9 estoy ac\u00e1. Yo soy totalmente inocente de todo eso que me acusan, nunca tuve participaci\u00f3n en nada\u201d, manifest\u00f3 el acusado antes de escuchar el veredicto.<\/h3>\n<h3>VEREDICTO Y FUNDAMENTOS DE LA SENTENCIA<\/h3>\n<h3>El tribunal encargado de dirigir el debate estuvo presidido por el Dr. Daniel Sanchi\u00f1o e integrado por la Dra. Mar\u00eda Claudia Uccello y el Dr. Mauro D\u00b4Agata Henr\u00edquez (miembro del Colegio de Jueces de la Segunda Circunscripci\u00f3n Judicial, quien particip\u00f3 de manera remota). Como Secretaria de la Sala Penal, asisti\u00f3 la Dra. Olga del Carmen S\u00e1nchez.<\/h3>\n<h3>Luego de analizar la prueba producida a lo largo de las cuatro jornadas en las que se desarroll\u00f3 el juicio, el tribunal resolvi\u00f3 absolver a D.B.M. por el beneficio de la duda, ofreciendo en el mismo acto los fundamentos de la sentencia.<\/h3>\n<h3>En esa l\u00ednea, el presidente de la Sala Penal explic\u00f3 que el hecho estuvo encuadrado dentro de los delitos que se denominan \u201ccomplejos\u201d, puesto que en el homicidio criminis causa existe un doble dolo: se mata a una persona para preparar, facilitar, consumar u ocultar otro il\u00edcito que, en este caso, ser\u00eda el robo.<\/h3>\n<h3>Al respecto, los jueces consideraron que la existencia del homicidio estaba debidamente probada a partir de los resultados de las autopsias, que determinaron que ambas v\u00edctimas murieron de forma violenta. Lo que no se pudo probar fue el hecho de robo, ni la autor\u00eda del acusado en ninguno de los dos il\u00edcitos.<\/h3>\n<h3>Uno de los puntos que tuvieron en cuenta para arribar a tales conclusiones, fue que tanto la rastra como la linterna fueron encontradas en la casa de la madre del imputado, circunstancia que implica una duda respecto de la pertenencia de dichos elementos o de quien habr\u00eda ingresado los mismos a ese domicilio, puesto que D.M.B. no viv\u00eda all\u00ed. Sumado a que en el allanamiento practicado en la vivienda donde \u00e9l resid\u00eda no se hall\u00f3 ning\u00fan elemento de inter\u00e9s para la causa.<\/h3>\n<h3>Al igual que la defensa, sostuvieron que las pericias realizadas en la rastra tampoco arrojaron certezas sobre una posible adulteraci\u00f3n, ni se pudo acreditar que ese accesorio haya pertenecido al Sr. P\u00e9rez. Por ende, no era posible endilgarle al imputado la sustracci\u00f3n del mismo.<\/h3>\n<h3>Igual reflexi\u00f3n hicieron en cuanto a la linterna secuestrada, puesto que no pose\u00eda ninguna particularidad para diferenciarla de otros aparatos iguales. Caso contrario, \u201ccualquier persona que tuviera en su casa una linterna de ese tipo, pod\u00eda ser sindicada como autora del delito\u201d.<\/h3>\n<h3>Para el tribunal, hubo una clara falencia probatoria a lo largo de la investigaci\u00f3n, puesto que no fue posible conectar los elementos de prueba con la conducta delictiva que se pretend\u00eda probar, ni tampoco determinar su autor\u00eda.<\/h3>\n<h3>\u201cLamentablemente, hay una orfandad probatoria que termina sellando la suerte de esta causa y, en principio, dejando un hecho impune. (\u2026) Estamos casi diez a\u00f1os despu\u00e9s realizando un debate, con un desgaste jurisdiccional important\u00edsimo para todas las partes, y entiendo que en la persona del aqu\u00ed acusado y de su familia tiene una carga emocional y moral que evidentemente nadie va a poder reparar\u201d, recrimin\u00f3 el presidente de la C\u00e1mara.<\/h3>\n<h3>\u201cLa ley de la sana cr\u00edtica racional, que es la que rige las decisiones judiciales, impone que los jueces para dar sus sentencias, en especial cuando son condenatorias, deben tener absoluta certeza respecto de los hechos que se le imputan al acusado, situaci\u00f3n que en modo alguno se ha dado en este caso\u201d, concluy\u00f3 el tribunal.<\/h3>\n<h3>En virtud de ello, resolvieron aplicar el principio del in dubio pro reo, es decir, la absoluci\u00f3n del imputado por el beneficio de la duda.<\/h3>\n<h3><\/h3>\n<p>&nbsp;<\/p>\n<p>&nbsp;<\/p>\n<p>&nbsp;<\/p>\n","protected":false},"excerpt":{"rendered":"<p>El hecho juzgado ocurri\u00f3 en junio de 2015 en un establecimiento rural ubicado en el&#8230;<\/p>\n","protected":false},"author":1,"featured_media":16312,"comment_status":"closed","ping_status":"closed","sticky":false,"template":"","format":"standard","meta":{"footnotes":""},"categories":[6],"tags":[],"class_list":["post-16311","post","type-post","status-publish","format-standard","has-post-thumbnail","hentry","category-ciudad-provincia"],"yoast_head":"<!-- This site is optimized with the Yoast SEO plugin v26.1.1 - https:\/\/yoast.com\/wordpress\/plugins\/seo\/ -->\n<title>ABSOLVIERON A UN HOMBRE ACUSADO POR DOBLE HOMICIDIO - Apuntes de San Luis<\/title>\n<meta name=\"robots\" content=\"index, follow, max-snippet:-1, max-image-preview:large, max-video-preview:-1\" \/>\n<link rel=\"canonical\" href=\"https:\/\/apuntesdesanluis.com\/index.php\/2024\/05\/16\/absolvieron-a-un-hombre-acusado-por-doble-homicidio\/\" \/>\n<meta property=\"og:locale\" content=\"es_ES\" \/>\n<meta property=\"og:type\" content=\"article\" \/>\n<meta property=\"og:title\" content=\"ABSOLVIERON A UN HOMBRE ACUSADO POR DOBLE HOMICIDIO - Apuntes de San Luis\" \/>\n<meta property=\"og:description\" content=\"El hecho juzgado ocurri\u00f3 en junio de 2015 en un establecimiento rural ubicado en el...\" \/>\n<meta property=\"og:url\" content=\"https:\/\/apuntesdesanluis.com\/index.php\/2024\/05\/16\/absolvieron-a-un-hombre-acusado-por-doble-homicidio\/\" \/>\n<meta property=\"og:site_name\" content=\"Apuntes de San Luis\" \/>\n<meta property=\"article:published_time\" content=\"2024-05-16T19:11:38+00:00\" \/>\n<meta property=\"og:image\" content=\"https:\/\/apuntesdesanluis.com\/wp-content\/uploads\/2024\/05\/AUDIENCIA-4.png\" \/>\n\t<meta property=\"og:image:width\" content=\"730\" \/>\n\t<meta property=\"og:image:height\" content=\"429\" \/>\n\t<meta property=\"og:image:type\" content=\"image\/png\" \/>\n<meta name=\"author\" content=\"apuntesdesanluis.com\" \/>\n<meta name=\"twitter:card\" content=\"summary_large_image\" \/>\n<meta name=\"twitter:label1\" content=\"Escrito por\" \/>\n\t<meta name=\"twitter:data1\" content=\"apuntesdesanluis.com\" \/>\n\t<meta name=\"twitter:label2\" content=\"Tiempo de lectura\" \/>\n\t<meta name=\"twitter:data2\" content=\"8 minutos\" \/>\n<script type=\"application\/ld+json\" class=\"yoast-schema-graph\">{\"@context\":\"https:\/\/schema.org\",\"@graph\":[{\"@type\":\"Article\",\"@id\":\"https:\/\/apuntesdesanluis.com\/index.php\/2024\/05\/16\/absolvieron-a-un-hombre-acusado-por-doble-homicidio\/#article\",\"isPartOf\":{\"@id\":\"https:\/\/apuntesdesanluis.com\/index.php\/2024\/05\/16\/absolvieron-a-un-hombre-acusado-por-doble-homicidio\/\"},\"author\":{\"name\":\"apuntesdesanluis.com\",\"@id\":\"https:\/\/apuntesdesanluis.com\/#\/schema\/person\/b55151d52296fcce64d1a72538a70b90\"},\"headline\":\"ABSOLVIERON A UN HOMBRE ACUSADO POR DOBLE HOMICIDIO\",\"datePublished\":\"2024-05-16T19:11:38+00:00\",\"mainEntityOfPage\":{\"@id\":\"https:\/\/apuntesdesanluis.com\/index.php\/2024\/05\/16\/absolvieron-a-un-hombre-acusado-por-doble-homicidio\/\"},\"wordCount\":1634,\"publisher\":{\"@id\":\"https:\/\/apuntesdesanluis.com\/#\/schema\/person\/b55151d52296fcce64d1a72538a70b90\"},\"image\":{\"@id\":\"https:\/\/apuntesdesanluis.com\/index.php\/2024\/05\/16\/absolvieron-a-un-hombre-acusado-por-doble-homicidio\/#primaryimage\"},\"thumbnailUrl\":\"https:\/\/apuntesdesanluis.com\/wp-content\/uploads\/2024\/05\/AUDIENCIA-4.png\",\"articleSection\":[\"Ciudad\/Provincia\"],\"inLanguage\":\"es-AR\"},{\"@type\":\"WebPage\",\"@id\":\"https:\/\/apuntesdesanluis.com\/index.php\/2024\/05\/16\/absolvieron-a-un-hombre-acusado-por-doble-homicidio\/\",\"url\":\"https:\/\/apuntesdesanluis.com\/index.php\/2024\/05\/16\/absolvieron-a-un-hombre-acusado-por-doble-homicidio\/\",\"name\":\"ABSOLVIERON A UN HOMBRE ACUSADO POR DOBLE HOMICIDIO - Apuntes de San Luis\",\"isPartOf\":{\"@id\":\"https:\/\/apuntesdesanluis.com\/#website\"},\"primaryImageOfPage\":{\"@id\":\"https:\/\/apuntesdesanluis.com\/index.php\/2024\/05\/16\/absolvieron-a-un-hombre-acusado-por-doble-homicidio\/#primaryimage\"},\"image\":{\"@id\":\"https:\/\/apuntesdesanluis.com\/index.php\/2024\/05\/16\/absolvieron-a-un-hombre-acusado-por-doble-homicidio\/#primaryimage\"},\"thumbnailUrl\":\"https:\/\/apuntesdesanluis.com\/wp-content\/uploads\/2024\/05\/AUDIENCIA-4.png\",\"datePublished\":\"2024-05-16T19:11:38+00:00\",\"breadcrumb\":{\"@id\":\"https:\/\/apuntesdesanluis.com\/index.php\/2024\/05\/16\/absolvieron-a-un-hombre-acusado-por-doble-homicidio\/#breadcrumb\"},\"inLanguage\":\"es-AR\",\"potentialAction\":[{\"@type\":\"ReadAction\",\"target\":[\"https:\/\/apuntesdesanluis.com\/index.php\/2024\/05\/16\/absolvieron-a-un-hombre-acusado-por-doble-homicidio\/\"]}]},{\"@type\":\"ImageObject\",\"inLanguage\":\"es-AR\",\"@id\":\"https:\/\/apuntesdesanluis.com\/index.php\/2024\/05\/16\/absolvieron-a-un-hombre-acusado-por-doble-homicidio\/#primaryimage\",\"url\":\"https:\/\/apuntesdesanluis.com\/wp-content\/uploads\/2024\/05\/AUDIENCIA-4.png\",\"contentUrl\":\"https:\/\/apuntesdesanluis.com\/wp-content\/uploads\/2024\/05\/AUDIENCIA-4.png\",\"width\":730,\"height\":429},{\"@type\":\"BreadcrumbList\",\"@id\":\"https:\/\/apuntesdesanluis.com\/index.php\/2024\/05\/16\/absolvieron-a-un-hombre-acusado-por-doble-homicidio\/#breadcrumb\",\"itemListElement\":[{\"@type\":\"ListItem\",\"position\":1,\"name\":\"Inicio\",\"item\":\"https:\/\/apuntesdesanluis.com\/\"},{\"@type\":\"ListItem\",\"position\":2,\"name\":\"ABSOLVIERON A UN HOMBRE ACUSADO POR DOBLE HOMICIDIO\"}]},{\"@type\":\"WebSite\",\"@id\":\"https:\/\/apuntesdesanluis.com\/#website\",\"url\":\"https:\/\/apuntesdesanluis.com\/\",\"name\":\"Apuntes de San Luis\",\"description\":\"\",\"publisher\":{\"@id\":\"https:\/\/apuntesdesanluis.com\/#\/schema\/person\/b55151d52296fcce64d1a72538a70b90\"},\"potentialAction\":[{\"@type\":\"SearchAction\",\"target\":{\"@type\":\"EntryPoint\",\"urlTemplate\":\"https:\/\/apuntesdesanluis.com\/?s={search_term_string}\"},\"query-input\":{\"@type\":\"PropertyValueSpecification\",\"valueRequired\":true,\"valueName\":\"search_term_string\"}}],\"inLanguage\":\"es-AR\"},{\"@type\":[\"Person\",\"Organization\"],\"@id\":\"https:\/\/apuntesdesanluis.com\/#\/schema\/person\/b55151d52296fcce64d1a72538a70b90\",\"name\":\"apuntesdesanluis.com\",\"image\":{\"@type\":\"ImageObject\",\"inLanguage\":\"es-AR\",\"@id\":\"https:\/\/apuntesdesanluis.com\/#\/schema\/person\/image\/\",\"url\":\"https:\/\/apuntesdesanluis.com\/wp-content\/uploads\/2023\/07\/cropped-apuntesdesanluis.png\",\"contentUrl\":\"https:\/\/apuntesdesanluis.com\/wp-content\/uploads\/2023\/07\/cropped-apuntesdesanluis.png\",\"width\":450,\"height\":112,\"caption\":\"apuntesdesanluis.com\"},\"logo\":{\"@id\":\"https:\/\/apuntesdesanluis.com\/#\/schema\/person\/image\/\"},\"sameAs\":[\"https:\/\/apuntesdesanluis.com\"],\"url\":\"https:\/\/apuntesdesanluis.com\/index.php\/author\/apuntesdesanluis-com\/\"}]}<\/script>\n<!-- \/ Yoast SEO plugin. -->","yoast_head_json":{"title":"ABSOLVIERON A UN HOMBRE ACUSADO POR DOBLE HOMICIDIO - Apuntes de San Luis","robots":{"index":"index","follow":"follow","max-snippet":"max-snippet:-1","max-image-preview":"max-image-preview:large","max-video-preview":"max-video-preview:-1"},"canonical":"https:\/\/apuntesdesanluis.com\/index.php\/2024\/05\/16\/absolvieron-a-un-hombre-acusado-por-doble-homicidio\/","og_locale":"es_ES","og_type":"article","og_title":"ABSOLVIERON A UN HOMBRE ACUSADO POR DOBLE HOMICIDIO - Apuntes de San Luis","og_description":"El hecho juzgado ocurri\u00f3 en junio de 2015 en un establecimiento rural ubicado en el...","og_url":"https:\/\/apuntesdesanluis.com\/index.php\/2024\/05\/16\/absolvieron-a-un-hombre-acusado-por-doble-homicidio\/","og_site_name":"Apuntes de San Luis","article_published_time":"2024-05-16T19:11:38+00:00","og_image":[{"width":730,"height":429,"url":"https:\/\/apuntesdesanluis.com\/wp-content\/uploads\/2024\/05\/AUDIENCIA-4.png","type":"image\/png"}],"author":"apuntesdesanluis.com","twitter_card":"summary_large_image","twitter_misc":{"Escrito por":"apuntesdesanluis.com","Tiempo de lectura":"8 minutos"},"schema":{"@context":"https:\/\/schema.org","@graph":[{"@type":"Article","@id":"https:\/\/apuntesdesanluis.com\/index.php\/2024\/05\/16\/absolvieron-a-un-hombre-acusado-por-doble-homicidio\/#article","isPartOf":{"@id":"https:\/\/apuntesdesanluis.com\/index.php\/2024\/05\/16\/absolvieron-a-un-hombre-acusado-por-doble-homicidio\/"},"author":{"name":"apuntesdesanluis.com","@id":"https:\/\/apuntesdesanluis.com\/#\/schema\/person\/b55151d52296fcce64d1a72538a70b90"},"headline":"ABSOLVIERON A UN HOMBRE ACUSADO POR DOBLE HOMICIDIO","datePublished":"2024-05-16T19:11:38+00:00","mainEntityOfPage":{"@id":"https:\/\/apuntesdesanluis.com\/index.php\/2024\/05\/16\/absolvieron-a-un-hombre-acusado-por-doble-homicidio\/"},"wordCount":1634,"publisher":{"@id":"https:\/\/apuntesdesanluis.com\/#\/schema\/person\/b55151d52296fcce64d1a72538a70b90"},"image":{"@id":"https:\/\/apuntesdesanluis.com\/index.php\/2024\/05\/16\/absolvieron-a-un-hombre-acusado-por-doble-homicidio\/#primaryimage"},"thumbnailUrl":"https:\/\/apuntesdesanluis.com\/wp-content\/uploads\/2024\/05\/AUDIENCIA-4.png","articleSection":["Ciudad\/Provincia"],"inLanguage":"es-AR"},{"@type":"WebPage","@id":"https:\/\/apuntesdesanluis.com\/index.php\/2024\/05\/16\/absolvieron-a-un-hombre-acusado-por-doble-homicidio\/","url":"https:\/\/apuntesdesanluis.com\/index.php\/2024\/05\/16\/absolvieron-a-un-hombre-acusado-por-doble-homicidio\/","name":"ABSOLVIERON A UN HOMBRE ACUSADO POR DOBLE HOMICIDIO - Apuntes de San Luis","isPartOf":{"@id":"https:\/\/apuntesdesanluis.com\/#website"},"primaryImageOfPage":{"@id":"https:\/\/apuntesdesanluis.com\/index.php\/2024\/05\/16\/absolvieron-a-un-hombre-acusado-por-doble-homicidio\/#primaryimage"},"image":{"@id":"https:\/\/apuntesdesanluis.com\/index.php\/2024\/05\/16\/absolvieron-a-un-hombre-acusado-por-doble-homicidio\/#primaryimage"},"thumbnailUrl":"https:\/\/apuntesdesanluis.com\/wp-content\/uploads\/2024\/05\/AUDIENCIA-4.png","datePublished":"2024-05-16T19:11:38+00:00","breadcrumb":{"@id":"https:\/\/apuntesdesanluis.com\/index.php\/2024\/05\/16\/absolvieron-a-un-hombre-acusado-por-doble-homicidio\/#breadcrumb"},"inLanguage":"es-AR","potentialAction":[{"@type":"ReadAction","target":["https:\/\/apuntesdesanluis.com\/index.php\/2024\/05\/16\/absolvieron-a-un-hombre-acusado-por-doble-homicidio\/"]}]},{"@type":"ImageObject","inLanguage":"es-AR","@id":"https:\/\/apuntesdesanluis.com\/index.php\/2024\/05\/16\/absolvieron-a-un-hombre-acusado-por-doble-homicidio\/#primaryimage","url":"https:\/\/apuntesdesanluis.com\/wp-content\/uploads\/2024\/05\/AUDIENCIA-4.png","contentUrl":"https:\/\/apuntesdesanluis.com\/wp-content\/uploads\/2024\/05\/AUDIENCIA-4.png","width":730,"height":429},{"@type":"BreadcrumbList","@id":"https:\/\/apuntesdesanluis.com\/index.php\/2024\/05\/16\/absolvieron-a-un-hombre-acusado-por-doble-homicidio\/#breadcrumb","itemListElement":[{"@type":"ListItem","position":1,"name":"Inicio","item":"https:\/\/apuntesdesanluis.com\/"},{"@type":"ListItem","position":2,"name":"ABSOLVIERON A UN HOMBRE ACUSADO POR DOBLE HOMICIDIO"}]},{"@type":"WebSite","@id":"https:\/\/apuntesdesanluis.com\/#website","url":"https:\/\/apuntesdesanluis.com\/","name":"Apuntes de San Luis","description":"","publisher":{"@id":"https:\/\/apuntesdesanluis.com\/#\/schema\/person\/b55151d52296fcce64d1a72538a70b90"},"potentialAction":[{"@type":"SearchAction","target":{"@type":"EntryPoint","urlTemplate":"https:\/\/apuntesdesanluis.com\/?s={search_term_string}"},"query-input":{"@type":"PropertyValueSpecification","valueRequired":true,"valueName":"search_term_string"}}],"inLanguage":"es-AR"},{"@type":["Person","Organization"],"@id":"https:\/\/apuntesdesanluis.com\/#\/schema\/person\/b55151d52296fcce64d1a72538a70b90","name":"apuntesdesanluis.com","image":{"@type":"ImageObject","inLanguage":"es-AR","@id":"https:\/\/apuntesdesanluis.com\/#\/schema\/person\/image\/","url":"https:\/\/apuntesdesanluis.com\/wp-content\/uploads\/2023\/07\/cropped-apuntesdesanluis.png","contentUrl":"https:\/\/apuntesdesanluis.com\/wp-content\/uploads\/2023\/07\/cropped-apuntesdesanluis.png","width":450,"height":112,"caption":"apuntesdesanluis.com"},"logo":{"@id":"https:\/\/apuntesdesanluis.com\/#\/schema\/person\/image\/"},"sameAs":["https:\/\/apuntesdesanluis.com"],"url":"https:\/\/apuntesdesanluis.com\/index.php\/author\/apuntesdesanluis-com\/"}]}},"featured_image_urls":{"full":["https:\/\/apuntesdesanluis.com\/wp-content\/uploads\/2024\/05\/AUDIENCIA-4.png",730,429,false],"thumbnail":["https:\/\/apuntesdesanluis.com\/wp-content\/uploads\/2024\/05\/AUDIENCIA-4-150x150.png",150,150,true],"medium":["https:\/\/apuntesdesanluis.com\/wp-content\/uploads\/2024\/05\/AUDIENCIA-4-300x176.png",300,176,true],"medium_large":["https:\/\/apuntesdesanluis.com\/wp-content\/uploads\/2024\/05\/AUDIENCIA-4.png",640,376,false],"large":["https:\/\/apuntesdesanluis.com\/wp-content\/uploads\/2024\/05\/AUDIENCIA-4.png",640,376,false],"1536x1536":["https:\/\/apuntesdesanluis.com\/wp-content\/uploads\/2024\/05\/AUDIENCIA-4.png",730,429,false],"2048x2048":["https:\/\/apuntesdesanluis.com\/wp-content\/uploads\/2024\/05\/AUDIENCIA-4.png",730,429,false],"newsever-slider-full":["https:\/\/apuntesdesanluis.com\/wp-content\/uploads\/2024\/05\/AUDIENCIA-4.png",730,429,false],"newsever-featured":["https:\/\/apuntesdesanluis.com\/wp-content\/uploads\/2024\/05\/AUDIENCIA-4.png",730,429,false],"newsever-medium":["https:\/\/apuntesdesanluis.com\/wp-content\/uploads\/2024\/05\/AUDIENCIA-4-720x429.png",720,429,true]},"author_info":{"display_name":"apuntesdesanluis.com","author_link":"https:\/\/apuntesdesanluis.com\/index.php\/author\/apuntesdesanluis-com\/"},"category_info":"<a href=\"https:\/\/apuntesdesanluis.com\/index.php\/category\/ciudad-provincia\/\" rel=\"category tag\">Ciudad\/Provincia<\/a>","tag_info":"Ciudad\/Provincia","comment_count":"0","_links":{"self":[{"href":"https:\/\/apuntesdesanluis.com\/index.php\/wp-json\/wp\/v2\/posts\/16311","targetHints":{"allow":["GET"]}}],"collection":[{"href":"https:\/\/apuntesdesanluis.com\/index.php\/wp-json\/wp\/v2\/posts"}],"about":[{"href":"https:\/\/apuntesdesanluis.com\/index.php\/wp-json\/wp\/v2\/types\/post"}],"author":[{"embeddable":true,"href":"https:\/\/apuntesdesanluis.com\/index.php\/wp-json\/wp\/v2\/users\/1"}],"replies":[{"embeddable":true,"href":"https:\/\/apuntesdesanluis.com\/index.php\/wp-json\/wp\/v2\/comments?post=16311"}],"version-history":[{"count":1,"href":"https:\/\/apuntesdesanluis.com\/index.php\/wp-json\/wp\/v2\/posts\/16311\/revisions"}],"predecessor-version":[{"id":16314,"href":"https:\/\/apuntesdesanluis.com\/index.php\/wp-json\/wp\/v2\/posts\/16311\/revisions\/16314"}],"wp:featuredmedia":[{"embeddable":true,"href":"https:\/\/apuntesdesanluis.com\/index.php\/wp-json\/wp\/v2\/media\/16312"}],"wp:attachment":[{"href":"https:\/\/apuntesdesanluis.com\/index.php\/wp-json\/wp\/v2\/media?parent=16311"}],"wp:term":[{"taxonomy":"category","embeddable":true,"href":"https:\/\/apuntesdesanluis.com\/index.php\/wp-json\/wp\/v2\/categories?post=16311"},{"taxonomy":"post_tag","embeddable":true,"href":"https:\/\/apuntesdesanluis.com\/index.php\/wp-json\/wp\/v2\/tags?post=16311"}],"curies":[{"name":"wp","href":"https:\/\/api.w.org\/{rel}","templated":true}]}}