{"id":16329,"date":"2024-05-16T17:05:27","date_gmt":"2024-05-16T20:05:27","guid":{"rendered":"https:\/\/apuntesdesanluis.com\/?p=16329"},"modified":"2024-05-16T17:05:27","modified_gmt":"2024-05-16T20:05:27","slug":"tras-el-acuerdo-con-la-uba-el-gobierno-nego-discriminacion-a-otras-universidades","status":"publish","type":"post","link":"https:\/\/apuntesdesanluis.com\/index.php\/2024\/05\/16\/tras-el-acuerdo-con-la-uba-el-gobierno-nego-discriminacion-a-otras-universidades\/","title":{"rendered":"TRAS EL ACUERDO CON LA UBA, EL GOBIERNO NEG\u00d3 \u201cDISCRIMINACI\u00d3N\u201d A OTRAS UNIVERSIDADES"},"content":{"rendered":"<h3>Tras el acuerdo entre la Secretar\u00eda de Educaci\u00f3n y la Universidad de Buenos Aires (UBA), el vocero presidencial, <strong>Manuel Adorni<\/strong>, neg\u00f3 que haya \u201cdiscriminaci\u00f3n\u201d a otras universidades y revel\u00f3 que el di\u00e1logo con las distintas casas de estudio est\u00e1 abierto.<\/h3>\n<h3>En la habitual conferencia de prensa en Casa Rosada, el funcionario inform\u00f3 que la Secretar\u00eda de Educaci\u00f3n lleg\u00f3 a un acuerdo con la Universidad de Buenos Aires (UBA) &#8220;para aumentar 270% los gastos de funcionamiento y 300% las partidas para los hospitales que dependen de la casa de altos estudios\u201d.<\/h3>\n<h3>Asimismo, aclar\u00f3 que el Gobierno mantiene di\u00e1logo con todos los rectores y autoridades de las distintas universidades con el objetivo de \u201cajustar los presupuestos y necesidades a lo que cada uno les pasa\u201d.<\/h3>\n<h3>\u201cNo es lo mismo al UBA con su volumen y su propia din\u00e1mica de lo que puede ser alguna otra universidad. Es razonable\u201d, aclar\u00f3 tras las cr\u00edticas de un sector de la comunidad a ra\u00edz de la decisi\u00f3n de la casa de estudios de suspender la emergencia educativa.<\/h3>\n<h3>En la misma l\u00ednea, precis\u00f3: \u201cSe conversa con todos. No hay di\u00e1logo cortado con ninguna universidad. Ayer se conoci\u00f3 el acuerdo con la UBA y se seguir\u00e1n conociendo. Se van a ir sorteando las trabas y obst\u00e1culos\u201d.<\/h3>\n<h3>\u201cSiempre plante\u00e1bamos que el di\u00e1logo sigue abierto, pero hay un empecinamiento en decir que cortamos los di\u00e1logos y no es as\u00ed\u201d, cuestion\u00f3 Adorni al tiempo que desminti\u00f3 tratos preferencias en las universidades.<\/h3>\n<h3>Para el vocero del presidente Javier Milei, \u201cno hay ning\u00fan tipo de discriminaci\u00f3n entre universidades\u201d, sino que &#8220;con todas se est\u00e1 terminando de dise\u00f1ar el ajuste presupuestario porque cada una tiene particularidades que se deben atender de manera individual&#8221;.<\/h3>\n<p>&nbsp;<\/p>\n<p>&nbsp;<\/p>\n<p>&nbsp;<\/p>\n<p>&nbsp;<\/p>\n<p>&nbsp;<\/p>\n<p>&nbsp;<\/p>\n","protected":false},"excerpt":{"rendered":"<p>Tras el acuerdo entre la Secretar\u00eda de Educaci\u00f3n y la Universidad de Buenos Aires (UBA),&#8230;<\/p>\n","protected":false},"author":1,"featured_media":10326,"comment_status":"closed","ping_status":"closed","sticky":false,"template":"","format":"standard","meta":{"footnotes":""},"categories":[5],"tags":[],"class_list":["post-16329","post","type-post","status-publish","format-standard","has-post-thumbnail","hentry","category-nacionales-internacionales"],"yoast_head":"<!-- This site is optimized with the Yoast SEO plugin v26.1.1 - https:\/\/yoast.com\/wordpress\/plugins\/seo\/ -->\n<title>TRAS EL ACUERDO CON LA UBA, EL GOBIERNO NEG\u00d3 \u201cDISCRIMINACI\u00d3N\u201d A OTRAS UNIVERSIDADES - Apuntes de San Luis<\/title>\n<meta name=\"robots\" content=\"index, follow, max-snippet:-1, max-image-preview:large, max-video-preview:-1\" \/>\n<link rel=\"canonical\" href=\"https:\/\/apuntesdesanluis.com\/index.php\/2024\/05\/16\/tras-el-acuerdo-con-la-uba-el-gobierno-nego-discriminacion-a-otras-universidades\/\" \/>\n<meta property=\"og:locale\" content=\"es_ES\" \/>\n<meta property=\"og:type\" content=\"article\" \/>\n<meta property=\"og:title\" content=\"TRAS EL ACUERDO CON LA UBA, EL GOBIERNO NEG\u00d3 \u201cDISCRIMINACI\u00d3N\u201d A OTRAS UNIVERSIDADES - Apuntes de San Luis\" \/>\n<meta property=\"og:description\" content=\"Tras el acuerdo entre la Secretar\u00eda de Educaci\u00f3n y la Universidad de Buenos Aires (UBA),...\" \/>\n<meta property=\"og:url\" content=\"https:\/\/apuntesdesanluis.com\/index.php\/2024\/05\/16\/tras-el-acuerdo-con-la-uba-el-gobierno-nego-discriminacion-a-otras-universidades\/\" \/>\n<meta property=\"og:site_name\" content=\"Apuntes de San Luis\" \/>\n<meta property=\"article:published_time\" content=\"2024-05-16T20:05:27+00:00\" \/>\n<meta property=\"og:image\" content=\"https:\/\/apuntesdesanluis.com\/wp-content\/uploads\/2024\/01\/adorni-2.png\" \/>\n\t<meta property=\"og:image:width\" content=\"721\" \/>\n\t<meta property=\"og:image:height\" content=\"475\" \/>\n\t<meta property=\"og:image:type\" content=\"image\/png\" \/>\n<meta name=\"author\" content=\"apuntesdesanluis.com\" \/>\n<meta name=\"twitter:card\" content=\"summary_large_image\" \/>\n<meta name=\"twitter:label1\" content=\"Escrito por\" \/>\n\t<meta name=\"twitter:data1\" content=\"apuntesdesanluis.com\" \/>\n\t<meta name=\"twitter:label2\" content=\"Tiempo de lectura\" \/>\n\t<meta name=\"twitter:data2\" content=\"2 minutos\" \/>\n<script type=\"application\/ld+json\" class=\"yoast-schema-graph\">{\"@context\":\"https:\/\/schema.org\",\"@graph\":[{\"@type\":\"Article\",\"@id\":\"https:\/\/apuntesdesanluis.com\/index.php\/2024\/05\/16\/tras-el-acuerdo-con-la-uba-el-gobierno-nego-discriminacion-a-otras-universidades\/#article\",\"isPartOf\":{\"@id\":\"https:\/\/apuntesdesanluis.com\/index.php\/2024\/05\/16\/tras-el-acuerdo-con-la-uba-el-gobierno-nego-discriminacion-a-otras-universidades\/\"},\"author\":{\"name\":\"apuntesdesanluis.com\",\"@id\":\"https:\/\/apuntesdesanluis.com\/#\/schema\/person\/b55151d52296fcce64d1a72538a70b90\"},\"headline\":\"TRAS EL ACUERDO CON LA UBA, EL GOBIERNO NEG\u00d3 \u201cDISCRIMINACI\u00d3N\u201d A OTRAS UNIVERSIDADES\",\"datePublished\":\"2024-05-16T20:05:27+00:00\",\"mainEntityOfPage\":{\"@id\":\"https:\/\/apuntesdesanluis.com\/index.php\/2024\/05\/16\/tras-el-acuerdo-con-la-uba-el-gobierno-nego-discriminacion-a-otras-universidades\/\"},\"wordCount\":318,\"publisher\":{\"@id\":\"https:\/\/apuntesdesanluis.com\/#\/schema\/person\/b55151d52296fcce64d1a72538a70b90\"},\"image\":{\"@id\":\"https:\/\/apuntesdesanluis.com\/index.php\/2024\/05\/16\/tras-el-acuerdo-con-la-uba-el-gobierno-nego-discriminacion-a-otras-universidades\/#primaryimage\"},\"thumbnailUrl\":\"https:\/\/apuntesdesanluis.com\/wp-content\/uploads\/2024\/01\/adorni-2.png\",\"articleSection\":[\"Nacionales\/Internacionales\"],\"inLanguage\":\"es-AR\"},{\"@type\":\"WebPage\",\"@id\":\"https:\/\/apuntesdesanluis.com\/index.php\/2024\/05\/16\/tras-el-acuerdo-con-la-uba-el-gobierno-nego-discriminacion-a-otras-universidades\/\",\"url\":\"https:\/\/apuntesdesanluis.com\/index.php\/2024\/05\/16\/tras-el-acuerdo-con-la-uba-el-gobierno-nego-discriminacion-a-otras-universidades\/\",\"name\":\"TRAS EL ACUERDO CON LA UBA, EL GOBIERNO NEG\u00d3 \u201cDISCRIMINACI\u00d3N\u201d A OTRAS UNIVERSIDADES - Apuntes de San Luis\",\"isPartOf\":{\"@id\":\"https:\/\/apuntesdesanluis.com\/#website\"},\"primaryImageOfPage\":{\"@id\":\"https:\/\/apuntesdesanluis.com\/index.php\/2024\/05\/16\/tras-el-acuerdo-con-la-uba-el-gobierno-nego-discriminacion-a-otras-universidades\/#primaryimage\"},\"image\":{\"@id\":\"https:\/\/apuntesdesanluis.com\/index.php\/2024\/05\/16\/tras-el-acuerdo-con-la-uba-el-gobierno-nego-discriminacion-a-otras-universidades\/#primaryimage\"},\"thumbnailUrl\":\"https:\/\/apuntesdesanluis.com\/wp-content\/uploads\/2024\/01\/adorni-2.png\",\"datePublished\":\"2024-05-16T20:05:27+00:00\",\"breadcrumb\":{\"@id\":\"https:\/\/apuntesdesanluis.com\/index.php\/2024\/05\/16\/tras-el-acuerdo-con-la-uba-el-gobierno-nego-discriminacion-a-otras-universidades\/#breadcrumb\"},\"inLanguage\":\"es-AR\",\"potentialAction\":[{\"@type\":\"ReadAction\",\"target\":[\"https:\/\/apuntesdesanluis.com\/index.php\/2024\/05\/16\/tras-el-acuerdo-con-la-uba-el-gobierno-nego-discriminacion-a-otras-universidades\/\"]}]},{\"@type\":\"ImageObject\",\"inLanguage\":\"es-AR\",\"@id\":\"https:\/\/apuntesdesanluis.com\/index.php\/2024\/05\/16\/tras-el-acuerdo-con-la-uba-el-gobierno-nego-discriminacion-a-otras-universidades\/#primaryimage\",\"url\":\"https:\/\/apuntesdesanluis.com\/wp-content\/uploads\/2024\/01\/adorni-2.png\",\"contentUrl\":\"https:\/\/apuntesdesanluis.com\/wp-content\/uploads\/2024\/01\/adorni-2.png\",\"width\":721,\"height\":475},{\"@type\":\"BreadcrumbList\",\"@id\":\"https:\/\/apuntesdesanluis.com\/index.php\/2024\/05\/16\/tras-el-acuerdo-con-la-uba-el-gobierno-nego-discriminacion-a-otras-universidades\/#breadcrumb\",\"itemListElement\":[{\"@type\":\"ListItem\",\"position\":1,\"name\":\"Inicio\",\"item\":\"https:\/\/apuntesdesanluis.com\/\"},{\"@type\":\"ListItem\",\"position\":2,\"name\":\"TRAS EL ACUERDO CON LA UBA, EL GOBIERNO NEG\u00d3 \u201cDISCRIMINACI\u00d3N\u201d A OTRAS UNIVERSIDADES\"}]},{\"@type\":\"WebSite\",\"@id\":\"https:\/\/apuntesdesanluis.com\/#website\",\"url\":\"https:\/\/apuntesdesanluis.com\/\",\"name\":\"Apuntes de San Luis\",\"description\":\"\",\"publisher\":{\"@id\":\"https:\/\/apuntesdesanluis.com\/#\/schema\/person\/b55151d52296fcce64d1a72538a70b90\"},\"potentialAction\":[{\"@type\":\"SearchAction\",\"target\":{\"@type\":\"EntryPoint\",\"urlTemplate\":\"https:\/\/apuntesdesanluis.com\/?s={search_term_string}\"},\"query-input\":{\"@type\":\"PropertyValueSpecification\",\"valueRequired\":true,\"valueName\":\"search_term_string\"}}],\"inLanguage\":\"es-AR\"},{\"@type\":[\"Person\",\"Organization\"],\"@id\":\"https:\/\/apuntesdesanluis.com\/#\/schema\/person\/b55151d52296fcce64d1a72538a70b90\",\"name\":\"apuntesdesanluis.com\",\"image\":{\"@type\":\"ImageObject\",\"inLanguage\":\"es-AR\",\"@id\":\"https:\/\/apuntesdesanluis.com\/#\/schema\/person\/image\/\",\"url\":\"https:\/\/apuntesdesanluis.com\/wp-content\/uploads\/2023\/07\/cropped-apuntesdesanluis.png\",\"contentUrl\":\"https:\/\/apuntesdesanluis.com\/wp-content\/uploads\/2023\/07\/cropped-apuntesdesanluis.png\",\"width\":450,\"height\":112,\"caption\":\"apuntesdesanluis.com\"},\"logo\":{\"@id\":\"https:\/\/apuntesdesanluis.com\/#\/schema\/person\/image\/\"},\"sameAs\":[\"https:\/\/apuntesdesanluis.com\"],\"url\":\"https:\/\/apuntesdesanluis.com\/index.php\/author\/apuntesdesanluis-com\/\"}]}<\/script>\n<!-- \/ Yoast SEO plugin. -->","yoast_head_json":{"title":"TRAS EL ACUERDO CON LA UBA, EL GOBIERNO NEG\u00d3 \u201cDISCRIMINACI\u00d3N\u201d A OTRAS UNIVERSIDADES - Apuntes de San Luis","robots":{"index":"index","follow":"follow","max-snippet":"max-snippet:-1","max-image-preview":"max-image-preview:large","max-video-preview":"max-video-preview:-1"},"canonical":"https:\/\/apuntesdesanluis.com\/index.php\/2024\/05\/16\/tras-el-acuerdo-con-la-uba-el-gobierno-nego-discriminacion-a-otras-universidades\/","og_locale":"es_ES","og_type":"article","og_title":"TRAS EL ACUERDO CON LA UBA, EL GOBIERNO NEG\u00d3 \u201cDISCRIMINACI\u00d3N\u201d A OTRAS UNIVERSIDADES - Apuntes de San Luis","og_description":"Tras el acuerdo entre la Secretar\u00eda de Educaci\u00f3n y la Universidad de Buenos Aires (UBA),...","og_url":"https:\/\/apuntesdesanluis.com\/index.php\/2024\/05\/16\/tras-el-acuerdo-con-la-uba-el-gobierno-nego-discriminacion-a-otras-universidades\/","og_site_name":"Apuntes de San Luis","article_published_time":"2024-05-16T20:05:27+00:00","og_image":[{"width":721,"height":475,"url":"https:\/\/apuntesdesanluis.com\/wp-content\/uploads\/2024\/01\/adorni-2.png","type":"image\/png"}],"author":"apuntesdesanluis.com","twitter_card":"summary_large_image","twitter_misc":{"Escrito por":"apuntesdesanluis.com","Tiempo de lectura":"2 minutos"},"schema":{"@context":"https:\/\/schema.org","@graph":[{"@type":"Article","@id":"https:\/\/apuntesdesanluis.com\/index.php\/2024\/05\/16\/tras-el-acuerdo-con-la-uba-el-gobierno-nego-discriminacion-a-otras-universidades\/#article","isPartOf":{"@id":"https:\/\/apuntesdesanluis.com\/index.php\/2024\/05\/16\/tras-el-acuerdo-con-la-uba-el-gobierno-nego-discriminacion-a-otras-universidades\/"},"author":{"name":"apuntesdesanluis.com","@id":"https:\/\/apuntesdesanluis.com\/#\/schema\/person\/b55151d52296fcce64d1a72538a70b90"},"headline":"TRAS EL ACUERDO CON LA UBA, EL GOBIERNO NEG\u00d3 \u201cDISCRIMINACI\u00d3N\u201d A OTRAS UNIVERSIDADES","datePublished":"2024-05-16T20:05:27+00:00","mainEntityOfPage":{"@id":"https:\/\/apuntesdesanluis.com\/index.php\/2024\/05\/16\/tras-el-acuerdo-con-la-uba-el-gobierno-nego-discriminacion-a-otras-universidades\/"},"wordCount":318,"publisher":{"@id":"https:\/\/apuntesdesanluis.com\/#\/schema\/person\/b55151d52296fcce64d1a72538a70b90"},"image":{"@id":"https:\/\/apuntesdesanluis.com\/index.php\/2024\/05\/16\/tras-el-acuerdo-con-la-uba-el-gobierno-nego-discriminacion-a-otras-universidades\/#primaryimage"},"thumbnailUrl":"https:\/\/apuntesdesanluis.com\/wp-content\/uploads\/2024\/01\/adorni-2.png","articleSection":["Nacionales\/Internacionales"],"inLanguage":"es-AR"},{"@type":"WebPage","@id":"https:\/\/apuntesdesanluis.com\/index.php\/2024\/05\/16\/tras-el-acuerdo-con-la-uba-el-gobierno-nego-discriminacion-a-otras-universidades\/","url":"https:\/\/apuntesdesanluis.com\/index.php\/2024\/05\/16\/tras-el-acuerdo-con-la-uba-el-gobierno-nego-discriminacion-a-otras-universidades\/","name":"TRAS EL ACUERDO CON LA UBA, EL GOBIERNO NEG\u00d3 \u201cDISCRIMINACI\u00d3N\u201d A OTRAS UNIVERSIDADES - Apuntes de San Luis","isPartOf":{"@id":"https:\/\/apuntesdesanluis.com\/#website"},"primaryImageOfPage":{"@id":"https:\/\/apuntesdesanluis.com\/index.php\/2024\/05\/16\/tras-el-acuerdo-con-la-uba-el-gobierno-nego-discriminacion-a-otras-universidades\/#primaryimage"},"image":{"@id":"https:\/\/apuntesdesanluis.com\/index.php\/2024\/05\/16\/tras-el-acuerdo-con-la-uba-el-gobierno-nego-discriminacion-a-otras-universidades\/#primaryimage"},"thumbnailUrl":"https:\/\/apuntesdesanluis.com\/wp-content\/uploads\/2024\/01\/adorni-2.png","datePublished":"2024-05-16T20:05:27+00:00","breadcrumb":{"@id":"https:\/\/apuntesdesanluis.com\/index.php\/2024\/05\/16\/tras-el-acuerdo-con-la-uba-el-gobierno-nego-discriminacion-a-otras-universidades\/#breadcrumb"},"inLanguage":"es-AR","potentialAction":[{"@type":"ReadAction","target":["https:\/\/apuntesdesanluis.com\/index.php\/2024\/05\/16\/tras-el-acuerdo-con-la-uba-el-gobierno-nego-discriminacion-a-otras-universidades\/"]}]},{"@type":"ImageObject","inLanguage":"es-AR","@id":"https:\/\/apuntesdesanluis.com\/index.php\/2024\/05\/16\/tras-el-acuerdo-con-la-uba-el-gobierno-nego-discriminacion-a-otras-universidades\/#primaryimage","url":"https:\/\/apuntesdesanluis.com\/wp-content\/uploads\/2024\/01\/adorni-2.png","contentUrl":"https:\/\/apuntesdesanluis.com\/wp-content\/uploads\/2024\/01\/adorni-2.png","width":721,"height":475},{"@type":"BreadcrumbList","@id":"https:\/\/apuntesdesanluis.com\/index.php\/2024\/05\/16\/tras-el-acuerdo-con-la-uba-el-gobierno-nego-discriminacion-a-otras-universidades\/#breadcrumb","itemListElement":[{"@type":"ListItem","position":1,"name":"Inicio","item":"https:\/\/apuntesdesanluis.com\/"},{"@type":"ListItem","position":2,"name":"TRAS EL ACUERDO CON LA UBA, EL GOBIERNO NEG\u00d3 \u201cDISCRIMINACI\u00d3N\u201d A OTRAS UNIVERSIDADES"}]},{"@type":"WebSite","@id":"https:\/\/apuntesdesanluis.com\/#website","url":"https:\/\/apuntesdesanluis.com\/","name":"Apuntes de San Luis","description":"","publisher":{"@id":"https:\/\/apuntesdesanluis.com\/#\/schema\/person\/b55151d52296fcce64d1a72538a70b90"},"potentialAction":[{"@type":"SearchAction","target":{"@type":"EntryPoint","urlTemplate":"https:\/\/apuntesdesanluis.com\/?s={search_term_string}"},"query-input":{"@type":"PropertyValueSpecification","valueRequired":true,"valueName":"search_term_string"}}],"inLanguage":"es-AR"},{"@type":["Person","Organization"],"@id":"https:\/\/apuntesdesanluis.com\/#\/schema\/person\/b55151d52296fcce64d1a72538a70b90","name":"apuntesdesanluis.com","image":{"@type":"ImageObject","inLanguage":"es-AR","@id":"https:\/\/apuntesdesanluis.com\/#\/schema\/person\/image\/","url":"https:\/\/apuntesdesanluis.com\/wp-content\/uploads\/2023\/07\/cropped-apuntesdesanluis.png","contentUrl":"https:\/\/apuntesdesanluis.com\/wp-content\/uploads\/2023\/07\/cropped-apuntesdesanluis.png","width":450,"height":112,"caption":"apuntesdesanluis.com"},"logo":{"@id":"https:\/\/apuntesdesanluis.com\/#\/schema\/person\/image\/"},"sameAs":["https:\/\/apuntesdesanluis.com"],"url":"https:\/\/apuntesdesanluis.com\/index.php\/author\/apuntesdesanluis-com\/"}]}},"featured_image_urls":{"full":["https:\/\/apuntesdesanluis.com\/wp-content\/uploads\/2024\/01\/adorni-2.png",721,475,false],"thumbnail":["https:\/\/apuntesdesanluis.com\/wp-content\/uploads\/2024\/01\/adorni-2-150x150.png",150,150,true],"medium":["https:\/\/apuntesdesanluis.com\/wp-content\/uploads\/2024\/01\/adorni-2-300x198.png",300,198,true],"medium_large":["https:\/\/apuntesdesanluis.com\/wp-content\/uploads\/2024\/01\/adorni-2.png",640,422,false],"large":["https:\/\/apuntesdesanluis.com\/wp-content\/uploads\/2024\/01\/adorni-2.png",640,422,false],"1536x1536":["https:\/\/apuntesdesanluis.com\/wp-content\/uploads\/2024\/01\/adorni-2.png",721,475,false],"2048x2048":["https:\/\/apuntesdesanluis.com\/wp-content\/uploads\/2024\/01\/adorni-2.png",721,475,false],"newsever-slider-full":["https:\/\/apuntesdesanluis.com\/wp-content\/uploads\/2024\/01\/adorni-2.png",721,475,false],"newsever-featured":["https:\/\/apuntesdesanluis.com\/wp-content\/uploads\/2024\/01\/adorni-2.png",721,475,false],"newsever-medium":["https:\/\/apuntesdesanluis.com\/wp-content\/uploads\/2024\/01\/adorni-2.png",720,474,false]},"author_info":{"display_name":"apuntesdesanluis.com","author_link":"https:\/\/apuntesdesanluis.com\/index.php\/author\/apuntesdesanluis-com\/"},"category_info":"<a href=\"https:\/\/apuntesdesanluis.com\/index.php\/category\/nacionales-internacionales\/\" rel=\"category tag\">Nacionales\/Internacionales<\/a>","tag_info":"Nacionales\/Internacionales","comment_count":"0","_links":{"self":[{"href":"https:\/\/apuntesdesanluis.com\/index.php\/wp-json\/wp\/v2\/posts\/16329","targetHints":{"allow":["GET"]}}],"collection":[{"href":"https:\/\/apuntesdesanluis.com\/index.php\/wp-json\/wp\/v2\/posts"}],"about":[{"href":"https:\/\/apuntesdesanluis.com\/index.php\/wp-json\/wp\/v2\/types\/post"}],"author":[{"embeddable":true,"href":"https:\/\/apuntesdesanluis.com\/index.php\/wp-json\/wp\/v2\/users\/1"}],"replies":[{"embeddable":true,"href":"https:\/\/apuntesdesanluis.com\/index.php\/wp-json\/wp\/v2\/comments?post=16329"}],"version-history":[{"count":1,"href":"https:\/\/apuntesdesanluis.com\/index.php\/wp-json\/wp\/v2\/posts\/16329\/revisions"}],"predecessor-version":[{"id":16330,"href":"https:\/\/apuntesdesanluis.com\/index.php\/wp-json\/wp\/v2\/posts\/16329\/revisions\/16330"}],"wp:featuredmedia":[{"embeddable":true,"href":"https:\/\/apuntesdesanluis.com\/index.php\/wp-json\/wp\/v2\/media\/10326"}],"wp:attachment":[{"href":"https:\/\/apuntesdesanluis.com\/index.php\/wp-json\/wp\/v2\/media?parent=16329"}],"wp:term":[{"taxonomy":"category","embeddable":true,"href":"https:\/\/apuntesdesanluis.com\/index.php\/wp-json\/wp\/v2\/categories?post=16329"},{"taxonomy":"post_tag","embeddable":true,"href":"https:\/\/apuntesdesanluis.com\/index.php\/wp-json\/wp\/v2\/tags?post=16329"}],"curies":[{"name":"wp","href":"https:\/\/api.w.org\/{rel}","templated":true}]}}