{"id":16340,"date":"2024-05-16T19:03:31","date_gmt":"2024-05-16T22:03:31","guid":{"rendered":"https:\/\/apuntesdesanluis.com\/?p=16340"},"modified":"2024-05-16T19:03:31","modified_gmt":"2024-05-16T22:03:31","slug":"la-cupula-del-poder-judicial-pidio-urgente-aumento-presupuestario-al-gobierno","status":"publish","type":"post","link":"https:\/\/apuntesdesanluis.com\/index.php\/2024\/05\/16\/la-cupula-del-poder-judicial-pidio-urgente-aumento-presupuestario-al-gobierno\/","title":{"rendered":"LA C\u00daPULA DEL PODER JUDICIAL PIDI\u00d3 \u201cURGENTE\u201d AUMENTO PRESUPUESTARIO AL GOBIERNO"},"content":{"rendered":"<h3>Este jueves el Superior Tribunal de Justicia en pleno, reiter\u00f3 al Gobernador de la provincia que fije y lleve a cabo la audiencia acordada en reuniones anteriores, a los fines de tratar y definir soluciones concretas a la recomposici\u00f3n salarial, recursos humanos e infraestructura de los tribunales, para garantizar una adecuada prestaci\u00f3n del servicio de justicia.<\/h3>\n<h3>De esta manera el m\u00e1ximo tribunal de justicia de la provincia se sum\u00f3 a los reclamos que vienen elevando distintos sectores que demandan al gobierno una recomposici\u00f3n salarial, teniendo en cuenta el virtual congelamiento que rige desde noviembre, en medio de un brutal aumento del costo de vida.<\/h3>\n<h3>Al respecto, el alto cuerpo expres\u00f3 que \u201ces de urgente necesidad contar con una actualizaci\u00f3n de las partidas presupuestarias asignadas al Poder Judicial de San Luis, facultad que es propia del Poder Ejecutivo prevista en el ordenamiento jur\u00eddico vigente, sin necesidad del dictado de una nueva ley durante el correspondiente a\u00f1o\u201d.<\/h3>\n<h3>En este sentido, solicit\u00f3 al Poder Ejecutivo provincial dar una \u201cpronta soluci\u00f3n al reclamo planteado por el <strong>Sindicato Judiciales Puntanos<\/strong> como as\u00ed tambi\u00e9n por los <strong>Colegios de Magistrados y Funcionarios<\/strong> -el cual acompa\u00f1an- ante la falta de aumentos salariales desde noviembre de 2023, afrontando un proceso inflacionario del 106,56 %, que coloca a la Justicia de San Luis dentro de las tres poderes judiciales del pa\u00eds con los haberes m\u00e1s bajos, seg\u00fan lo informado por la Federaci\u00f3n Argentina de Magistrados\u201d.<\/h3>\n<p><img fetchpriority=\"high\" decoding=\"async\" class=\"wp-image-16343 aligncenter\" src=\"https:\/\/apuntesdesanluis.com\/wp-content\/uploads\/2024\/05\/judiciales-300x124.png\" alt=\"\" width=\"644\" height=\"266\" srcset=\"https:\/\/apuntesdesanluis.com\/wp-content\/uploads\/2024\/05\/judiciales-300x124.png 300w, https:\/\/apuntesdesanluis.com\/wp-content\/uploads\/2024\/05\/judiciales.png 701w\" sizes=\"(max-width: 644px) 100vw, 644px\" \/><\/p>\n<h3>El STJ agrega: \u201cEs de p\u00fablico conocimiento, que las causas judiciales han aumentado de manera exponencial, y que las mismas son llevadas adelante por un n\u00famero de personas \u201cque no alcanza ni a la mitad de trabajadores que componen los poderes judiciales de provincias de similares caracter\u00edsticas estructurales y demogr\u00e1ficas\u201d.<\/h3>\n<h3>En otro de los aspectos reclamados, el Poder Judicial de San Luis cuenta con una planta de 1323 agentes, cuando la misma est\u00e1 prevista -en el presupuesto 2023- en 1440 y 1560 para el corriente ejercicio. En este sentido, el STJ consider\u00f3 que es necesaria la inmediata cobertura de las vacantes previstas en los pr\u00f3ximos meses (120 personas entre empleados, funcionarios y magistrados).<\/h3>\n<h3>Finalmente, sobre la Infraestructura necesaria para mejorar el funcionamiento judicial, requiri\u00f3 la incorporaci\u00f3n de nuevos espacios f\u00edsicos para el desarrollo de los distintos organismos judiciales en la ciudad de San Luis, ya que la disponibilidad edilicia actual no permite trabajar con los m\u00ednimos requerimientos funcionales -tanto de empleados como de los justiciables que asisten- realzando dicha problem\u00e1tica en las actuales instalaciones donde funciona la Unidad de Abordaje Fiscal.<\/h3>\n<h3>La presente solicitud fue firmada por el Presidente del Superior Tribunal de Justicia, Dr. <strong>Eduardo Allende<\/strong>, y los Ministros: Dres. <strong>Carolina Monte Riso, Cecilia Chada, Jos\u00e9 Guillermo L\u2019huillier y Jorge Levingston<\/strong>.<\/h3>\n<h3><strong>AUDIENCIA<\/strong><\/h3>\n<div dir=\"auto\">Por otro lado, el pasado lunes 13 de mayo, el SiJuPu present\u00f3 una nota a los\/as Ministros\/as del Superior Tribunal de Justicia, solicitando una reuni\u00f3n donde participen tambi\u00e9n los Colegios de Magistrados\/as y Funcionarios\/as de la provincia de San Luis, a los efectos de continuar la mesa de trabajo conformada para buscar soluciones a la urgente necesidad de una recomposici\u00f3n salarial y poder conocer las \u00faltimas novedades de las gestiones realizadas sobre el Proyecto Funcional y Salarial del Poder Judicial.<\/div>\n<div dir=\"auto\"><\/div>\n<div dir=\"auto\"><span class=\"x3nfvp2 x1j61x8r x1fcty0u xdj266r xhhsvwb xat24cr xgzva0m xxymvpz xlup9mm x1kky2od\">Ayer el gremio judicial inform\u00f3 que les <\/span>concedi\u00f3 la audiencia para el d\u00eda martes 21 de mayo a las 12:00 hs, en la Sala de Acuerdos del Palacio de Justicia ubicado en la ciudad de San Luis.<\/div>\n<div class=\"x11i5rnm xat24cr x1mh8g0r x1vvkbs xtlvy1s x126k92a\">\n<h3 dir=\"auto\">&#8220;En consecuencia, al siguiente d\u00eda h\u00e1bil se debatir\u00e1n los resultados de dicha reuni\u00f3n durante el cese de actividades y estado de asamblea permanente que estamos llevando a cabo. Continuemos en unidad con nuestra lucha por la justicia y la dignidad salarial&#8221;, concluy\u00f3 el comunicado del SiJuPu.<\/h3>\n<\/div>\n<h3><strong>ANTECEDENTE<\/strong><\/h3>\n<h3>El 20 de febrero pasado el gobernador <strong>Claudio Poggi<\/strong> recibi\u00f3 en su despacho a los miembros del STJ. Los funcionarios abordaron entonces \u201ctem\u00e1ticas de coordinaci\u00f3n presupuestaria, de seguridad y seguridad jur\u00eddica para alentar la inversi\u00f3n privada y preservar las fuentes laborales del sector\u201d, seg\u00fan inform\u00f3 la ANSL.<\/h3>\n<p><img decoding=\"async\" class=\"wp-image-16342 aligncenter\" src=\"https:\/\/apuntesdesanluis.com\/wp-content\/uploads\/2024\/05\/stj-con-poggi-300x174.png\" alt=\"\" width=\"603\" height=\"350\" srcset=\"https:\/\/apuntesdesanluis.com\/wp-content\/uploads\/2024\/05\/stj-con-poggi-300x174.png 300w, https:\/\/apuntesdesanluis.com\/wp-content\/uploads\/2024\/05\/stj-con-poggi.png 600w\" sizes=\"(max-width: 603px) 100vw, 603px\" \/><\/p>\n<h3>El encuentro, que fue el primero desde la asunci\u00f3n de las nuevas autoridades de ese organismo, se extendi\u00f3 durante dos horas en el despacho del primer mandatario.<\/h3>\n<h3>Se acord\u00f3 mantener este tipo de encuentros en forma peri\u00f3dica entre los distintos poderes del Estado, pero luego la relaci\u00f3n se enfri\u00f3, a pesar que hubo reuniones de ministros con el SiJuPu, por la falta de respuestas concretas por parte del gobierno.<\/h3>\n<p>&nbsp;<\/p>\n<p>&nbsp;<\/p>\n<p>&nbsp;<\/p>\n<p>&nbsp;<\/p>\n<p>&nbsp;<\/p>\n<p>&nbsp;<\/p>\n","protected":false},"excerpt":{"rendered":"<p>Este jueves el Superior Tribunal de Justicia en pleno, reiter\u00f3 al Gobernador de la provincia&#8230;<\/p>\n","protected":false},"author":1,"featured_media":16341,"comment_status":"closed","ping_status":"closed","sticky":false,"template":"","format":"standard","meta":{"footnotes":""},"categories":[6],"tags":[],"class_list":["post-16340","post","type-post","status-publish","format-standard","has-post-thumbnail","hentry","category-ciudad-provincia"],"yoast_head":"<!-- This site is optimized with the Yoast SEO plugin v26.1.1 - https:\/\/yoast.com\/wordpress\/plugins\/seo\/ -->\n<title>LA C\u00daPULA DEL PODER JUDICIAL PIDI\u00d3 \u201cURGENTE\u201d AUMENTO PRESUPUESTARIO AL GOBIERNO - Apuntes de San Luis<\/title>\n<meta name=\"robots\" content=\"index, follow, max-snippet:-1, max-image-preview:large, max-video-preview:-1\" \/>\n<link rel=\"canonical\" href=\"https:\/\/apuntesdesanluis.com\/index.php\/2024\/05\/16\/la-cupula-del-poder-judicial-pidio-urgente-aumento-presupuestario-al-gobierno\/\" \/>\n<meta property=\"og:locale\" content=\"es_ES\" \/>\n<meta property=\"og:type\" content=\"article\" \/>\n<meta property=\"og:title\" content=\"LA C\u00daPULA DEL PODER JUDICIAL PIDI\u00d3 \u201cURGENTE\u201d AUMENTO PRESUPUESTARIO AL GOBIERNO - Apuntes de San Luis\" \/>\n<meta property=\"og:description\" content=\"Este jueves el Superior Tribunal de Justicia en pleno, reiter\u00f3 al Gobernador de la provincia...\" \/>\n<meta property=\"og:url\" content=\"https:\/\/apuntesdesanluis.com\/index.php\/2024\/05\/16\/la-cupula-del-poder-judicial-pidio-urgente-aumento-presupuestario-al-gobierno\/\" \/>\n<meta property=\"og:site_name\" content=\"Apuntes de San Luis\" \/>\n<meta property=\"article:published_time\" content=\"2024-05-16T22:03:31+00:00\" \/>\n<meta property=\"og:image\" content=\"https:\/\/apuntesdesanluis.com\/wp-content\/uploads\/2024\/05\/justicia-stj.png\" \/>\n\t<meta property=\"og:image:width\" content=\"693\" \/>\n\t<meta property=\"og:image:height\" content=\"381\" \/>\n\t<meta property=\"og:image:type\" content=\"image\/png\" \/>\n<meta name=\"author\" content=\"apuntesdesanluis.com\" \/>\n<meta name=\"twitter:card\" content=\"summary_large_image\" \/>\n<meta name=\"twitter:label1\" content=\"Escrito por\" \/>\n\t<meta name=\"twitter:data1\" content=\"apuntesdesanluis.com\" \/>\n\t<meta name=\"twitter:label2\" content=\"Tiempo de lectura\" \/>\n\t<meta name=\"twitter:data2\" content=\"4 minutos\" \/>\n<script type=\"application\/ld+json\" class=\"yoast-schema-graph\">{\"@context\":\"https:\/\/schema.org\",\"@graph\":[{\"@type\":\"Article\",\"@id\":\"https:\/\/apuntesdesanluis.com\/index.php\/2024\/05\/16\/la-cupula-del-poder-judicial-pidio-urgente-aumento-presupuestario-al-gobierno\/#article\",\"isPartOf\":{\"@id\":\"https:\/\/apuntesdesanluis.com\/index.php\/2024\/05\/16\/la-cupula-del-poder-judicial-pidio-urgente-aumento-presupuestario-al-gobierno\/\"},\"author\":{\"name\":\"apuntesdesanluis.com\",\"@id\":\"https:\/\/apuntesdesanluis.com\/#\/schema\/person\/b55151d52296fcce64d1a72538a70b90\"},\"headline\":\"LA C\u00daPULA DEL PODER JUDICIAL PIDI\u00d3 \u201cURGENTE\u201d AUMENTO PRESUPUESTARIO AL GOBIERNO\",\"datePublished\":\"2024-05-16T22:03:31+00:00\",\"mainEntityOfPage\":{\"@id\":\"https:\/\/apuntesdesanluis.com\/index.php\/2024\/05\/16\/la-cupula-del-poder-judicial-pidio-urgente-aumento-presupuestario-al-gobierno\/\"},\"wordCount\":779,\"publisher\":{\"@id\":\"https:\/\/apuntesdesanluis.com\/#\/schema\/person\/b55151d52296fcce64d1a72538a70b90\"},\"image\":{\"@id\":\"https:\/\/apuntesdesanluis.com\/index.php\/2024\/05\/16\/la-cupula-del-poder-judicial-pidio-urgente-aumento-presupuestario-al-gobierno\/#primaryimage\"},\"thumbnailUrl\":\"https:\/\/apuntesdesanluis.com\/wp-content\/uploads\/2024\/05\/justicia-stj.png\",\"articleSection\":[\"Ciudad\/Provincia\"],\"inLanguage\":\"es-AR\"},{\"@type\":\"WebPage\",\"@id\":\"https:\/\/apuntesdesanluis.com\/index.php\/2024\/05\/16\/la-cupula-del-poder-judicial-pidio-urgente-aumento-presupuestario-al-gobierno\/\",\"url\":\"https:\/\/apuntesdesanluis.com\/index.php\/2024\/05\/16\/la-cupula-del-poder-judicial-pidio-urgente-aumento-presupuestario-al-gobierno\/\",\"name\":\"LA C\u00daPULA DEL PODER JUDICIAL PIDI\u00d3 \u201cURGENTE\u201d AUMENTO PRESUPUESTARIO AL GOBIERNO - Apuntes de San Luis\",\"isPartOf\":{\"@id\":\"https:\/\/apuntesdesanluis.com\/#website\"},\"primaryImageOfPage\":{\"@id\":\"https:\/\/apuntesdesanluis.com\/index.php\/2024\/05\/16\/la-cupula-del-poder-judicial-pidio-urgente-aumento-presupuestario-al-gobierno\/#primaryimage\"},\"image\":{\"@id\":\"https:\/\/apuntesdesanluis.com\/index.php\/2024\/05\/16\/la-cupula-del-poder-judicial-pidio-urgente-aumento-presupuestario-al-gobierno\/#primaryimage\"},\"thumbnailUrl\":\"https:\/\/apuntesdesanluis.com\/wp-content\/uploads\/2024\/05\/justicia-stj.png\",\"datePublished\":\"2024-05-16T22:03:31+00:00\",\"breadcrumb\":{\"@id\":\"https:\/\/apuntesdesanluis.com\/index.php\/2024\/05\/16\/la-cupula-del-poder-judicial-pidio-urgente-aumento-presupuestario-al-gobierno\/#breadcrumb\"},\"inLanguage\":\"es-AR\",\"potentialAction\":[{\"@type\":\"ReadAction\",\"target\":[\"https:\/\/apuntesdesanluis.com\/index.php\/2024\/05\/16\/la-cupula-del-poder-judicial-pidio-urgente-aumento-presupuestario-al-gobierno\/\"]}]},{\"@type\":\"ImageObject\",\"inLanguage\":\"es-AR\",\"@id\":\"https:\/\/apuntesdesanluis.com\/index.php\/2024\/05\/16\/la-cupula-del-poder-judicial-pidio-urgente-aumento-presupuestario-al-gobierno\/#primaryimage\",\"url\":\"https:\/\/apuntesdesanluis.com\/wp-content\/uploads\/2024\/05\/justicia-stj.png\",\"contentUrl\":\"https:\/\/apuntesdesanluis.com\/wp-content\/uploads\/2024\/05\/justicia-stj.png\",\"width\":693,\"height\":381},{\"@type\":\"BreadcrumbList\",\"@id\":\"https:\/\/apuntesdesanluis.com\/index.php\/2024\/05\/16\/la-cupula-del-poder-judicial-pidio-urgente-aumento-presupuestario-al-gobierno\/#breadcrumb\",\"itemListElement\":[{\"@type\":\"ListItem\",\"position\":1,\"name\":\"Inicio\",\"item\":\"https:\/\/apuntesdesanluis.com\/\"},{\"@type\":\"ListItem\",\"position\":2,\"name\":\"LA C\u00daPULA DEL PODER JUDICIAL PIDI\u00d3 \u201cURGENTE\u201d AUMENTO PRESUPUESTARIO AL GOBIERNO\"}]},{\"@type\":\"WebSite\",\"@id\":\"https:\/\/apuntesdesanluis.com\/#website\",\"url\":\"https:\/\/apuntesdesanluis.com\/\",\"name\":\"Apuntes de San Luis\",\"description\":\"\",\"publisher\":{\"@id\":\"https:\/\/apuntesdesanluis.com\/#\/schema\/person\/b55151d52296fcce64d1a72538a70b90\"},\"potentialAction\":[{\"@type\":\"SearchAction\",\"target\":{\"@type\":\"EntryPoint\",\"urlTemplate\":\"https:\/\/apuntesdesanluis.com\/?s={search_term_string}\"},\"query-input\":{\"@type\":\"PropertyValueSpecification\",\"valueRequired\":true,\"valueName\":\"search_term_string\"}}],\"inLanguage\":\"es-AR\"},{\"@type\":[\"Person\",\"Organization\"],\"@id\":\"https:\/\/apuntesdesanluis.com\/#\/schema\/person\/b55151d52296fcce64d1a72538a70b90\",\"name\":\"apuntesdesanluis.com\",\"image\":{\"@type\":\"ImageObject\",\"inLanguage\":\"es-AR\",\"@id\":\"https:\/\/apuntesdesanluis.com\/#\/schema\/person\/image\/\",\"url\":\"https:\/\/apuntesdesanluis.com\/wp-content\/uploads\/2023\/07\/cropped-apuntesdesanluis.png\",\"contentUrl\":\"https:\/\/apuntesdesanluis.com\/wp-content\/uploads\/2023\/07\/cropped-apuntesdesanluis.png\",\"width\":450,\"height\":112,\"caption\":\"apuntesdesanluis.com\"},\"logo\":{\"@id\":\"https:\/\/apuntesdesanluis.com\/#\/schema\/person\/image\/\"},\"sameAs\":[\"https:\/\/apuntesdesanluis.com\"],\"url\":\"https:\/\/apuntesdesanluis.com\/index.php\/author\/apuntesdesanluis-com\/\"}]}<\/script>\n<!-- \/ Yoast SEO plugin. -->","yoast_head_json":{"title":"LA C\u00daPULA DEL PODER JUDICIAL PIDI\u00d3 \u201cURGENTE\u201d AUMENTO PRESUPUESTARIO AL GOBIERNO - Apuntes de San Luis","robots":{"index":"index","follow":"follow","max-snippet":"max-snippet:-1","max-image-preview":"max-image-preview:large","max-video-preview":"max-video-preview:-1"},"canonical":"https:\/\/apuntesdesanluis.com\/index.php\/2024\/05\/16\/la-cupula-del-poder-judicial-pidio-urgente-aumento-presupuestario-al-gobierno\/","og_locale":"es_ES","og_type":"article","og_title":"LA C\u00daPULA DEL PODER JUDICIAL PIDI\u00d3 \u201cURGENTE\u201d AUMENTO PRESUPUESTARIO AL GOBIERNO - Apuntes de San Luis","og_description":"Este jueves el Superior Tribunal de Justicia en pleno, reiter\u00f3 al Gobernador de la provincia...","og_url":"https:\/\/apuntesdesanluis.com\/index.php\/2024\/05\/16\/la-cupula-del-poder-judicial-pidio-urgente-aumento-presupuestario-al-gobierno\/","og_site_name":"Apuntes de San Luis","article_published_time":"2024-05-16T22:03:31+00:00","og_image":[{"width":693,"height":381,"url":"https:\/\/apuntesdesanluis.com\/wp-content\/uploads\/2024\/05\/justicia-stj.png","type":"image\/png"}],"author":"apuntesdesanluis.com","twitter_card":"summary_large_image","twitter_misc":{"Escrito por":"apuntesdesanluis.com","Tiempo de lectura":"4 minutos"},"schema":{"@context":"https:\/\/schema.org","@graph":[{"@type":"Article","@id":"https:\/\/apuntesdesanluis.com\/index.php\/2024\/05\/16\/la-cupula-del-poder-judicial-pidio-urgente-aumento-presupuestario-al-gobierno\/#article","isPartOf":{"@id":"https:\/\/apuntesdesanluis.com\/index.php\/2024\/05\/16\/la-cupula-del-poder-judicial-pidio-urgente-aumento-presupuestario-al-gobierno\/"},"author":{"name":"apuntesdesanluis.com","@id":"https:\/\/apuntesdesanluis.com\/#\/schema\/person\/b55151d52296fcce64d1a72538a70b90"},"headline":"LA C\u00daPULA DEL PODER JUDICIAL PIDI\u00d3 \u201cURGENTE\u201d AUMENTO PRESUPUESTARIO AL GOBIERNO","datePublished":"2024-05-16T22:03:31+00:00","mainEntityOfPage":{"@id":"https:\/\/apuntesdesanluis.com\/index.php\/2024\/05\/16\/la-cupula-del-poder-judicial-pidio-urgente-aumento-presupuestario-al-gobierno\/"},"wordCount":779,"publisher":{"@id":"https:\/\/apuntesdesanluis.com\/#\/schema\/person\/b55151d52296fcce64d1a72538a70b90"},"image":{"@id":"https:\/\/apuntesdesanluis.com\/index.php\/2024\/05\/16\/la-cupula-del-poder-judicial-pidio-urgente-aumento-presupuestario-al-gobierno\/#primaryimage"},"thumbnailUrl":"https:\/\/apuntesdesanluis.com\/wp-content\/uploads\/2024\/05\/justicia-stj.png","articleSection":["Ciudad\/Provincia"],"inLanguage":"es-AR"},{"@type":"WebPage","@id":"https:\/\/apuntesdesanluis.com\/index.php\/2024\/05\/16\/la-cupula-del-poder-judicial-pidio-urgente-aumento-presupuestario-al-gobierno\/","url":"https:\/\/apuntesdesanluis.com\/index.php\/2024\/05\/16\/la-cupula-del-poder-judicial-pidio-urgente-aumento-presupuestario-al-gobierno\/","name":"LA C\u00daPULA DEL PODER JUDICIAL PIDI\u00d3 \u201cURGENTE\u201d AUMENTO PRESUPUESTARIO AL GOBIERNO - Apuntes de San Luis","isPartOf":{"@id":"https:\/\/apuntesdesanluis.com\/#website"},"primaryImageOfPage":{"@id":"https:\/\/apuntesdesanluis.com\/index.php\/2024\/05\/16\/la-cupula-del-poder-judicial-pidio-urgente-aumento-presupuestario-al-gobierno\/#primaryimage"},"image":{"@id":"https:\/\/apuntesdesanluis.com\/index.php\/2024\/05\/16\/la-cupula-del-poder-judicial-pidio-urgente-aumento-presupuestario-al-gobierno\/#primaryimage"},"thumbnailUrl":"https:\/\/apuntesdesanluis.com\/wp-content\/uploads\/2024\/05\/justicia-stj.png","datePublished":"2024-05-16T22:03:31+00:00","breadcrumb":{"@id":"https:\/\/apuntesdesanluis.com\/index.php\/2024\/05\/16\/la-cupula-del-poder-judicial-pidio-urgente-aumento-presupuestario-al-gobierno\/#breadcrumb"},"inLanguage":"es-AR","potentialAction":[{"@type":"ReadAction","target":["https:\/\/apuntesdesanluis.com\/index.php\/2024\/05\/16\/la-cupula-del-poder-judicial-pidio-urgente-aumento-presupuestario-al-gobierno\/"]}]},{"@type":"ImageObject","inLanguage":"es-AR","@id":"https:\/\/apuntesdesanluis.com\/index.php\/2024\/05\/16\/la-cupula-del-poder-judicial-pidio-urgente-aumento-presupuestario-al-gobierno\/#primaryimage","url":"https:\/\/apuntesdesanluis.com\/wp-content\/uploads\/2024\/05\/justicia-stj.png","contentUrl":"https:\/\/apuntesdesanluis.com\/wp-content\/uploads\/2024\/05\/justicia-stj.png","width":693,"height":381},{"@type":"BreadcrumbList","@id":"https:\/\/apuntesdesanluis.com\/index.php\/2024\/05\/16\/la-cupula-del-poder-judicial-pidio-urgente-aumento-presupuestario-al-gobierno\/#breadcrumb","itemListElement":[{"@type":"ListItem","position":1,"name":"Inicio","item":"https:\/\/apuntesdesanluis.com\/"},{"@type":"ListItem","position":2,"name":"LA C\u00daPULA DEL PODER JUDICIAL PIDI\u00d3 \u201cURGENTE\u201d AUMENTO PRESUPUESTARIO AL GOBIERNO"}]},{"@type":"WebSite","@id":"https:\/\/apuntesdesanluis.com\/#website","url":"https:\/\/apuntesdesanluis.com\/","name":"Apuntes de San Luis","description":"","publisher":{"@id":"https:\/\/apuntesdesanluis.com\/#\/schema\/person\/b55151d52296fcce64d1a72538a70b90"},"potentialAction":[{"@type":"SearchAction","target":{"@type":"EntryPoint","urlTemplate":"https:\/\/apuntesdesanluis.com\/?s={search_term_string}"},"query-input":{"@type":"PropertyValueSpecification","valueRequired":true,"valueName":"search_term_string"}}],"inLanguage":"es-AR"},{"@type":["Person","Organization"],"@id":"https:\/\/apuntesdesanluis.com\/#\/schema\/person\/b55151d52296fcce64d1a72538a70b90","name":"apuntesdesanluis.com","image":{"@type":"ImageObject","inLanguage":"es-AR","@id":"https:\/\/apuntesdesanluis.com\/#\/schema\/person\/image\/","url":"https:\/\/apuntesdesanluis.com\/wp-content\/uploads\/2023\/07\/cropped-apuntesdesanluis.png","contentUrl":"https:\/\/apuntesdesanluis.com\/wp-content\/uploads\/2023\/07\/cropped-apuntesdesanluis.png","width":450,"height":112,"caption":"apuntesdesanluis.com"},"logo":{"@id":"https:\/\/apuntesdesanluis.com\/#\/schema\/person\/image\/"},"sameAs":["https:\/\/apuntesdesanluis.com"],"url":"https:\/\/apuntesdesanluis.com\/index.php\/author\/apuntesdesanluis-com\/"}]}},"featured_image_urls":{"full":["https:\/\/apuntesdesanluis.com\/wp-content\/uploads\/2024\/05\/justicia-stj.png",693,381,false],"thumbnail":["https:\/\/apuntesdesanluis.com\/wp-content\/uploads\/2024\/05\/justicia-stj-150x150.png",150,150,true],"medium":["https:\/\/apuntesdesanluis.com\/wp-content\/uploads\/2024\/05\/justicia-stj-300x165.png",300,165,true],"medium_large":["https:\/\/apuntesdesanluis.com\/wp-content\/uploads\/2024\/05\/justicia-stj.png",640,352,false],"large":["https:\/\/apuntesdesanluis.com\/wp-content\/uploads\/2024\/05\/justicia-stj.png",640,352,false],"1536x1536":["https:\/\/apuntesdesanluis.com\/wp-content\/uploads\/2024\/05\/justicia-stj.png",693,381,false],"2048x2048":["https:\/\/apuntesdesanluis.com\/wp-content\/uploads\/2024\/05\/justicia-stj.png",693,381,false],"newsever-slider-full":["https:\/\/apuntesdesanluis.com\/wp-content\/uploads\/2024\/05\/justicia-stj.png",693,381,false],"newsever-featured":["https:\/\/apuntesdesanluis.com\/wp-content\/uploads\/2024\/05\/justicia-stj.png",693,381,false],"newsever-medium":["https:\/\/apuntesdesanluis.com\/wp-content\/uploads\/2024\/05\/justicia-stj.png",693,381,false]},"author_info":{"display_name":"apuntesdesanluis.com","author_link":"https:\/\/apuntesdesanluis.com\/index.php\/author\/apuntesdesanluis-com\/"},"category_info":"<a href=\"https:\/\/apuntesdesanluis.com\/index.php\/category\/ciudad-provincia\/\" rel=\"category tag\">Ciudad\/Provincia<\/a>","tag_info":"Ciudad\/Provincia","comment_count":"0","_links":{"self":[{"href":"https:\/\/apuntesdesanluis.com\/index.php\/wp-json\/wp\/v2\/posts\/16340","targetHints":{"allow":["GET"]}}],"collection":[{"href":"https:\/\/apuntesdesanluis.com\/index.php\/wp-json\/wp\/v2\/posts"}],"about":[{"href":"https:\/\/apuntesdesanluis.com\/index.php\/wp-json\/wp\/v2\/types\/post"}],"author":[{"embeddable":true,"href":"https:\/\/apuntesdesanluis.com\/index.php\/wp-json\/wp\/v2\/users\/1"}],"replies":[{"embeddable":true,"href":"https:\/\/apuntesdesanluis.com\/index.php\/wp-json\/wp\/v2\/comments?post=16340"}],"version-history":[{"count":1,"href":"https:\/\/apuntesdesanluis.com\/index.php\/wp-json\/wp\/v2\/posts\/16340\/revisions"}],"predecessor-version":[{"id":16344,"href":"https:\/\/apuntesdesanluis.com\/index.php\/wp-json\/wp\/v2\/posts\/16340\/revisions\/16344"}],"wp:featuredmedia":[{"embeddable":true,"href":"https:\/\/apuntesdesanluis.com\/index.php\/wp-json\/wp\/v2\/media\/16341"}],"wp:attachment":[{"href":"https:\/\/apuntesdesanluis.com\/index.php\/wp-json\/wp\/v2\/media?parent=16340"}],"wp:term":[{"taxonomy":"category","embeddable":true,"href":"https:\/\/apuntesdesanluis.com\/index.php\/wp-json\/wp\/v2\/categories?post=16340"},{"taxonomy":"post_tag","embeddable":true,"href":"https:\/\/apuntesdesanluis.com\/index.php\/wp-json\/wp\/v2\/tags?post=16340"}],"curies":[{"name":"wp","href":"https:\/\/api.w.org\/{rel}","templated":true}]}}