{"id":16345,"date":"2024-05-16T18:01:01","date_gmt":"2024-05-16T21:01:01","guid":{"rendered":"https:\/\/apuntesdesanluis.com\/?p=16345"},"modified":"2024-05-17T09:03:09","modified_gmt":"2024-05-17T12:03:09","slug":"recibieron-sus-diplomas-40-nuevos-profesionales-de-la-unvime","status":"publish","type":"post","link":"https:\/\/apuntesdesanluis.com\/index.php\/2024\/05\/16\/recibieron-sus-diplomas-40-nuevos-profesionales-de-la-unvime\/","title":{"rendered":"RECIBIERON SUS DIPLOMAS 40 NUEVOS PROFESIONALES DE LA UNVIME"},"content":{"rendered":"<h3>Este jueves, estudiantes de la <strong>Universidad Nacional de Villa Mercedes<\/strong> consiguieron sus diplomas durante la XIII Colaci\u00f3n de Grado que cont\u00f3 con la presencia del gobernador, ministros del ejecutivo y el intendente municipal, entre otras autoridades.<\/h3>\n<h3>El acto se llev\u00f3 a cabo a partir de las 16:00 en el Aula Magna de la casa de altos estudios, en Jun\u00edn 132, donde el primer mandatario fue recibido por el rector, <strong>Marcelo Sosa<\/strong>, y del vicerrector, <strong>Santiago Farenga<\/strong>.<\/h3>\n<p><img fetchpriority=\"high\" decoding=\"async\" class=\"wp-image-16347 aligncenter\" src=\"https:\/\/apuntesdesanluis.com\/wp-content\/uploads\/2024\/05\/AUTORIDADES-POGGI-SOSA-300x200.jpg\" alt=\"\" width=\"527\" height=\"351\" srcset=\"https:\/\/apuntesdesanluis.com\/wp-content\/uploads\/2024\/05\/AUTORIDADES-POGGI-SOSA-300x200.jpg 300w, https:\/\/apuntesdesanluis.com\/wp-content\/uploads\/2024\/05\/AUTORIDADES-POGGI-SOSA.jpg 700w\" sizes=\"(max-width: 527px) 100vw, 527px\" \/><\/p>\n<h3>Como es natural, el clima protocolar tuvo tintes emotivos durante todo su desarrollo, pues tanto egresados como sus familias y amistades disfrutaron uno de los d\u00edas m\u00e1s especiales de sus vidas, al obtener el diploma que los avala para transitar la vida profesional.<\/h3>\n<h3>Tras el ingreso de las banderas ceremoniales y la entonaci\u00f3n del Himno Nacional Argentino, el rector tom\u00f3 juramento a los egresados, para luego proceder a conformar la comisi\u00f3n encargada de entregar los diplomas, a la que invitaron a integrar al gobernador Poggi y al intendente Maximiliano Frontera.<\/h3>\n<p><img decoding=\"async\" class=\"wp-image-16348 aligncenter\" src=\"https:\/\/apuntesdesanluis.com\/wp-content\/uploads\/2024\/05\/CLAUDIO-POGGI-300x200.jpg\" alt=\"\" width=\"512\" height=\"341\" srcset=\"https:\/\/apuntesdesanluis.com\/wp-content\/uploads\/2024\/05\/CLAUDIO-POGGI-300x200.jpg 300w, https:\/\/apuntesdesanluis.com\/wp-content\/uploads\/2024\/05\/CLAUDIO-POGGI.jpg 600w\" sizes=\"(max-width: 512px) 100vw, 512px\" \/><\/p>\n<h3>Los t\u00edtulos corresponden a las cuatro escuelas de la UNViMe, Gesti\u00f3n de Empresas y Econom\u00eda, Ciencias de la Salud, Ingenier\u00eda y Ciencias Ambientales, y de Ciencias Sociales y Educaci\u00f3n.<\/h3>\n<h3>Como cierre, Marcelo Sosa, en lo que fue su segundo acto de colaci\u00f3n de grado como rector, se dirigi\u00f3 a quienes dejan la casa de altos estudios con un mensaje en el que los exhort\u00f3 a dar lo mejor de cada uno en la etapa que inician, como tambi\u00e9n a seguir considerando a la UNViMe como su casa.<\/h3>\n<p><img decoding=\"async\" class=\"wp-image-16349 aligncenter\" src=\"https:\/\/apuntesdesanluis.com\/wp-content\/uploads\/2024\/05\/MARCELO-SOSA-300x200.jpg\" alt=\"\" width=\"531\" height=\"354\" srcset=\"https:\/\/apuntesdesanluis.com\/wp-content\/uploads\/2024\/05\/MARCELO-SOSA-300x200.jpg 300w, https:\/\/apuntesdesanluis.com\/wp-content\/uploads\/2024\/05\/MARCELO-SOSA.jpg 600w\" sizes=\"(max-width: 531px) 100vw, 531px\" \/><\/p>\n<h3>\u201cLa universidad se pone de pie y aplaude a estos j\u00f3venes que con la ayuda de sus familias, amigos, profesores, no docentes, hoy reciben su habilitaci\u00f3n profesional. Por todo y por todos ellos, nosotros, estamos ac\u00e1 arriba. Todos hemos subido un poquito con ustedes\u201d, manifest\u00f3 Sosa.<\/h3>\n<p>&nbsp;<\/p>\n<p>&nbsp;<\/p>\n","protected":false},"excerpt":{"rendered":"<p>Este jueves, estudiantes de la Universidad Nacional de Villa Mercedes consiguieron sus diplomas durante la&#8230;<\/p>\n","protected":false},"author":1,"featured_media":16346,"comment_status":"closed","ping_status":"closed","sticky":false,"template":"","format":"standard","meta":{"footnotes":""},"categories":[6],"tags":[],"class_list":["post-16345","post","type-post","status-publish","format-standard","has-post-thumbnail","hentry","category-ciudad-provincia"],"yoast_head":"<!-- This site is optimized with the Yoast SEO plugin v26.1.1 - https:\/\/yoast.com\/wordpress\/plugins\/seo\/ -->\n<title>RECIBIERON SUS DIPLOMAS 40 NUEVOS PROFESIONALES DE LA UNVIME - Apuntes de San Luis<\/title>\n<meta name=\"robots\" content=\"index, follow, max-snippet:-1, max-image-preview:large, max-video-preview:-1\" \/>\n<link rel=\"canonical\" href=\"https:\/\/apuntesdesanluis.com\/index.php\/2024\/05\/16\/recibieron-sus-diplomas-40-nuevos-profesionales-de-la-unvime\/\" \/>\n<meta property=\"og:locale\" content=\"es_ES\" \/>\n<meta property=\"og:type\" content=\"article\" \/>\n<meta property=\"og:title\" content=\"RECIBIERON SUS DIPLOMAS 40 NUEVOS PROFESIONALES DE LA UNVIME - Apuntes de San Luis\" \/>\n<meta property=\"og:description\" content=\"Este jueves, estudiantes de la Universidad Nacional de Villa Mercedes consiguieron sus diplomas durante la...\" \/>\n<meta property=\"og:url\" content=\"https:\/\/apuntesdesanluis.com\/index.php\/2024\/05\/16\/recibieron-sus-diplomas-40-nuevos-profesionales-de-la-unvime\/\" \/>\n<meta property=\"og:site_name\" content=\"Apuntes de San Luis\" \/>\n<meta property=\"article:published_time\" content=\"2024-05-16T21:01:01+00:00\" \/>\n<meta property=\"article:modified_time\" content=\"2024-05-17T12:03:09+00:00\" \/>\n<meta property=\"og:image\" content=\"https:\/\/apuntesdesanluis.com\/wp-content\/uploads\/2024\/05\/EGRESADOS.jpg\" \/>\n\t<meta property=\"og:image:width\" content=\"694\" \/>\n\t<meta property=\"og:image:height\" content=\"393\" \/>\n\t<meta property=\"og:image:type\" content=\"image\/jpeg\" \/>\n<meta name=\"author\" content=\"apuntesdesanluis.com\" \/>\n<meta name=\"twitter:card\" content=\"summary_large_image\" \/>\n<meta name=\"twitter:label1\" content=\"Escrito por\" \/>\n\t<meta name=\"twitter:data1\" content=\"apuntesdesanluis.com\" \/>\n\t<meta name=\"twitter:label2\" content=\"Tiempo de lectura\" \/>\n\t<meta name=\"twitter:data2\" content=\"3 minutos\" \/>\n<script type=\"application\/ld+json\" class=\"yoast-schema-graph\">{\"@context\":\"https:\/\/schema.org\",\"@graph\":[{\"@type\":\"Article\",\"@id\":\"https:\/\/apuntesdesanluis.com\/index.php\/2024\/05\/16\/recibieron-sus-diplomas-40-nuevos-profesionales-de-la-unvime\/#article\",\"isPartOf\":{\"@id\":\"https:\/\/apuntesdesanluis.com\/index.php\/2024\/05\/16\/recibieron-sus-diplomas-40-nuevos-profesionales-de-la-unvime\/\"},\"author\":{\"name\":\"apuntesdesanluis.com\",\"@id\":\"https:\/\/apuntesdesanluis.com\/#\/schema\/person\/b55151d52296fcce64d1a72538a70b90\"},\"headline\":\"RECIBIERON SUS DIPLOMAS 40 NUEVOS PROFESIONALES DE LA UNVIME\",\"datePublished\":\"2024-05-16T21:01:01+00:00\",\"dateModified\":\"2024-05-17T12:03:09+00:00\",\"mainEntityOfPage\":{\"@id\":\"https:\/\/apuntesdesanluis.com\/index.php\/2024\/05\/16\/recibieron-sus-diplomas-40-nuevos-profesionales-de-la-unvime\/\"},\"wordCount\":322,\"publisher\":{\"@id\":\"https:\/\/apuntesdesanluis.com\/#\/schema\/person\/b55151d52296fcce64d1a72538a70b90\"},\"image\":{\"@id\":\"https:\/\/apuntesdesanluis.com\/index.php\/2024\/05\/16\/recibieron-sus-diplomas-40-nuevos-profesionales-de-la-unvime\/#primaryimage\"},\"thumbnailUrl\":\"https:\/\/apuntesdesanluis.com\/wp-content\/uploads\/2024\/05\/EGRESADOS.jpg\",\"articleSection\":[\"Ciudad\/Provincia\"],\"inLanguage\":\"es-AR\"},{\"@type\":\"WebPage\",\"@id\":\"https:\/\/apuntesdesanluis.com\/index.php\/2024\/05\/16\/recibieron-sus-diplomas-40-nuevos-profesionales-de-la-unvime\/\",\"url\":\"https:\/\/apuntesdesanluis.com\/index.php\/2024\/05\/16\/recibieron-sus-diplomas-40-nuevos-profesionales-de-la-unvime\/\",\"name\":\"RECIBIERON SUS DIPLOMAS 40 NUEVOS PROFESIONALES DE LA UNVIME - Apuntes de San Luis\",\"isPartOf\":{\"@id\":\"https:\/\/apuntesdesanluis.com\/#website\"},\"primaryImageOfPage\":{\"@id\":\"https:\/\/apuntesdesanluis.com\/index.php\/2024\/05\/16\/recibieron-sus-diplomas-40-nuevos-profesionales-de-la-unvime\/#primaryimage\"},\"image\":{\"@id\":\"https:\/\/apuntesdesanluis.com\/index.php\/2024\/05\/16\/recibieron-sus-diplomas-40-nuevos-profesionales-de-la-unvime\/#primaryimage\"},\"thumbnailUrl\":\"https:\/\/apuntesdesanluis.com\/wp-content\/uploads\/2024\/05\/EGRESADOS.jpg\",\"datePublished\":\"2024-05-16T21:01:01+00:00\",\"dateModified\":\"2024-05-17T12:03:09+00:00\",\"breadcrumb\":{\"@id\":\"https:\/\/apuntesdesanluis.com\/index.php\/2024\/05\/16\/recibieron-sus-diplomas-40-nuevos-profesionales-de-la-unvime\/#breadcrumb\"},\"inLanguage\":\"es-AR\",\"potentialAction\":[{\"@type\":\"ReadAction\",\"target\":[\"https:\/\/apuntesdesanluis.com\/index.php\/2024\/05\/16\/recibieron-sus-diplomas-40-nuevos-profesionales-de-la-unvime\/\"]}]},{\"@type\":\"ImageObject\",\"inLanguage\":\"es-AR\",\"@id\":\"https:\/\/apuntesdesanluis.com\/index.php\/2024\/05\/16\/recibieron-sus-diplomas-40-nuevos-profesionales-de-la-unvime\/#primaryimage\",\"url\":\"https:\/\/apuntesdesanluis.com\/wp-content\/uploads\/2024\/05\/EGRESADOS.jpg\",\"contentUrl\":\"https:\/\/apuntesdesanluis.com\/wp-content\/uploads\/2024\/05\/EGRESADOS.jpg\",\"width\":694,\"height\":393},{\"@type\":\"BreadcrumbList\",\"@id\":\"https:\/\/apuntesdesanluis.com\/index.php\/2024\/05\/16\/recibieron-sus-diplomas-40-nuevos-profesionales-de-la-unvime\/#breadcrumb\",\"itemListElement\":[{\"@type\":\"ListItem\",\"position\":1,\"name\":\"Inicio\",\"item\":\"https:\/\/apuntesdesanluis.com\/\"},{\"@type\":\"ListItem\",\"position\":2,\"name\":\"RECIBIERON SUS DIPLOMAS 40 NUEVOS PROFESIONALES DE LA UNVIME\"}]},{\"@type\":\"WebSite\",\"@id\":\"https:\/\/apuntesdesanluis.com\/#website\",\"url\":\"https:\/\/apuntesdesanluis.com\/\",\"name\":\"Apuntes de San Luis\",\"description\":\"\",\"publisher\":{\"@id\":\"https:\/\/apuntesdesanluis.com\/#\/schema\/person\/b55151d52296fcce64d1a72538a70b90\"},\"potentialAction\":[{\"@type\":\"SearchAction\",\"target\":{\"@type\":\"EntryPoint\",\"urlTemplate\":\"https:\/\/apuntesdesanluis.com\/?s={search_term_string}\"},\"query-input\":{\"@type\":\"PropertyValueSpecification\",\"valueRequired\":true,\"valueName\":\"search_term_string\"}}],\"inLanguage\":\"es-AR\"},{\"@type\":[\"Person\",\"Organization\"],\"@id\":\"https:\/\/apuntesdesanluis.com\/#\/schema\/person\/b55151d52296fcce64d1a72538a70b90\",\"name\":\"apuntesdesanluis.com\",\"image\":{\"@type\":\"ImageObject\",\"inLanguage\":\"es-AR\",\"@id\":\"https:\/\/apuntesdesanluis.com\/#\/schema\/person\/image\/\",\"url\":\"https:\/\/apuntesdesanluis.com\/wp-content\/uploads\/2023\/07\/cropped-apuntesdesanluis.png\",\"contentUrl\":\"https:\/\/apuntesdesanluis.com\/wp-content\/uploads\/2023\/07\/cropped-apuntesdesanluis.png\",\"width\":450,\"height\":112,\"caption\":\"apuntesdesanluis.com\"},\"logo\":{\"@id\":\"https:\/\/apuntesdesanluis.com\/#\/schema\/person\/image\/\"},\"sameAs\":[\"https:\/\/apuntesdesanluis.com\"],\"url\":\"https:\/\/apuntesdesanluis.com\/index.php\/author\/apuntesdesanluis-com\/\"}]}<\/script>\n<!-- \/ Yoast SEO plugin. -->","yoast_head_json":{"title":"RECIBIERON SUS DIPLOMAS 40 NUEVOS PROFESIONALES DE LA UNVIME - Apuntes de San Luis","robots":{"index":"index","follow":"follow","max-snippet":"max-snippet:-1","max-image-preview":"max-image-preview:large","max-video-preview":"max-video-preview:-1"},"canonical":"https:\/\/apuntesdesanluis.com\/index.php\/2024\/05\/16\/recibieron-sus-diplomas-40-nuevos-profesionales-de-la-unvime\/","og_locale":"es_ES","og_type":"article","og_title":"RECIBIERON SUS DIPLOMAS 40 NUEVOS PROFESIONALES DE LA UNVIME - Apuntes de San Luis","og_description":"Este jueves, estudiantes de la Universidad Nacional de Villa Mercedes consiguieron sus diplomas durante la...","og_url":"https:\/\/apuntesdesanluis.com\/index.php\/2024\/05\/16\/recibieron-sus-diplomas-40-nuevos-profesionales-de-la-unvime\/","og_site_name":"Apuntes de San Luis","article_published_time":"2024-05-16T21:01:01+00:00","article_modified_time":"2024-05-17T12:03:09+00:00","og_image":[{"width":694,"height":393,"url":"https:\/\/apuntesdesanluis.com\/wp-content\/uploads\/2024\/05\/EGRESADOS.jpg","type":"image\/jpeg"}],"author":"apuntesdesanluis.com","twitter_card":"summary_large_image","twitter_misc":{"Escrito por":"apuntesdesanluis.com","Tiempo de lectura":"3 minutos"},"schema":{"@context":"https:\/\/schema.org","@graph":[{"@type":"Article","@id":"https:\/\/apuntesdesanluis.com\/index.php\/2024\/05\/16\/recibieron-sus-diplomas-40-nuevos-profesionales-de-la-unvime\/#article","isPartOf":{"@id":"https:\/\/apuntesdesanluis.com\/index.php\/2024\/05\/16\/recibieron-sus-diplomas-40-nuevos-profesionales-de-la-unvime\/"},"author":{"name":"apuntesdesanluis.com","@id":"https:\/\/apuntesdesanluis.com\/#\/schema\/person\/b55151d52296fcce64d1a72538a70b90"},"headline":"RECIBIERON SUS DIPLOMAS 40 NUEVOS PROFESIONALES DE LA UNVIME","datePublished":"2024-05-16T21:01:01+00:00","dateModified":"2024-05-17T12:03:09+00:00","mainEntityOfPage":{"@id":"https:\/\/apuntesdesanluis.com\/index.php\/2024\/05\/16\/recibieron-sus-diplomas-40-nuevos-profesionales-de-la-unvime\/"},"wordCount":322,"publisher":{"@id":"https:\/\/apuntesdesanluis.com\/#\/schema\/person\/b55151d52296fcce64d1a72538a70b90"},"image":{"@id":"https:\/\/apuntesdesanluis.com\/index.php\/2024\/05\/16\/recibieron-sus-diplomas-40-nuevos-profesionales-de-la-unvime\/#primaryimage"},"thumbnailUrl":"https:\/\/apuntesdesanluis.com\/wp-content\/uploads\/2024\/05\/EGRESADOS.jpg","articleSection":["Ciudad\/Provincia"],"inLanguage":"es-AR"},{"@type":"WebPage","@id":"https:\/\/apuntesdesanluis.com\/index.php\/2024\/05\/16\/recibieron-sus-diplomas-40-nuevos-profesionales-de-la-unvime\/","url":"https:\/\/apuntesdesanluis.com\/index.php\/2024\/05\/16\/recibieron-sus-diplomas-40-nuevos-profesionales-de-la-unvime\/","name":"RECIBIERON SUS DIPLOMAS 40 NUEVOS PROFESIONALES DE LA UNVIME - Apuntes de San Luis","isPartOf":{"@id":"https:\/\/apuntesdesanluis.com\/#website"},"primaryImageOfPage":{"@id":"https:\/\/apuntesdesanluis.com\/index.php\/2024\/05\/16\/recibieron-sus-diplomas-40-nuevos-profesionales-de-la-unvime\/#primaryimage"},"image":{"@id":"https:\/\/apuntesdesanluis.com\/index.php\/2024\/05\/16\/recibieron-sus-diplomas-40-nuevos-profesionales-de-la-unvime\/#primaryimage"},"thumbnailUrl":"https:\/\/apuntesdesanluis.com\/wp-content\/uploads\/2024\/05\/EGRESADOS.jpg","datePublished":"2024-05-16T21:01:01+00:00","dateModified":"2024-05-17T12:03:09+00:00","breadcrumb":{"@id":"https:\/\/apuntesdesanluis.com\/index.php\/2024\/05\/16\/recibieron-sus-diplomas-40-nuevos-profesionales-de-la-unvime\/#breadcrumb"},"inLanguage":"es-AR","potentialAction":[{"@type":"ReadAction","target":["https:\/\/apuntesdesanluis.com\/index.php\/2024\/05\/16\/recibieron-sus-diplomas-40-nuevos-profesionales-de-la-unvime\/"]}]},{"@type":"ImageObject","inLanguage":"es-AR","@id":"https:\/\/apuntesdesanluis.com\/index.php\/2024\/05\/16\/recibieron-sus-diplomas-40-nuevos-profesionales-de-la-unvime\/#primaryimage","url":"https:\/\/apuntesdesanluis.com\/wp-content\/uploads\/2024\/05\/EGRESADOS.jpg","contentUrl":"https:\/\/apuntesdesanluis.com\/wp-content\/uploads\/2024\/05\/EGRESADOS.jpg","width":694,"height":393},{"@type":"BreadcrumbList","@id":"https:\/\/apuntesdesanluis.com\/index.php\/2024\/05\/16\/recibieron-sus-diplomas-40-nuevos-profesionales-de-la-unvime\/#breadcrumb","itemListElement":[{"@type":"ListItem","position":1,"name":"Inicio","item":"https:\/\/apuntesdesanluis.com\/"},{"@type":"ListItem","position":2,"name":"RECIBIERON SUS DIPLOMAS 40 NUEVOS PROFESIONALES DE LA UNVIME"}]},{"@type":"WebSite","@id":"https:\/\/apuntesdesanluis.com\/#website","url":"https:\/\/apuntesdesanluis.com\/","name":"Apuntes de San Luis","description":"","publisher":{"@id":"https:\/\/apuntesdesanluis.com\/#\/schema\/person\/b55151d52296fcce64d1a72538a70b90"},"potentialAction":[{"@type":"SearchAction","target":{"@type":"EntryPoint","urlTemplate":"https:\/\/apuntesdesanluis.com\/?s={search_term_string}"},"query-input":{"@type":"PropertyValueSpecification","valueRequired":true,"valueName":"search_term_string"}}],"inLanguage":"es-AR"},{"@type":["Person","Organization"],"@id":"https:\/\/apuntesdesanluis.com\/#\/schema\/person\/b55151d52296fcce64d1a72538a70b90","name":"apuntesdesanluis.com","image":{"@type":"ImageObject","inLanguage":"es-AR","@id":"https:\/\/apuntesdesanluis.com\/#\/schema\/person\/image\/","url":"https:\/\/apuntesdesanluis.com\/wp-content\/uploads\/2023\/07\/cropped-apuntesdesanluis.png","contentUrl":"https:\/\/apuntesdesanluis.com\/wp-content\/uploads\/2023\/07\/cropped-apuntesdesanluis.png","width":450,"height":112,"caption":"apuntesdesanluis.com"},"logo":{"@id":"https:\/\/apuntesdesanluis.com\/#\/schema\/person\/image\/"},"sameAs":["https:\/\/apuntesdesanluis.com"],"url":"https:\/\/apuntesdesanluis.com\/index.php\/author\/apuntesdesanluis-com\/"}]}},"featured_image_urls":{"full":["https:\/\/apuntesdesanluis.com\/wp-content\/uploads\/2024\/05\/EGRESADOS.jpg",694,393,false],"thumbnail":["https:\/\/apuntesdesanluis.com\/wp-content\/uploads\/2024\/05\/EGRESADOS-150x150.jpg",150,150,true],"medium":["https:\/\/apuntesdesanluis.com\/wp-content\/uploads\/2024\/05\/EGRESADOS-300x170.jpg",300,170,true],"medium_large":["https:\/\/apuntesdesanluis.com\/wp-content\/uploads\/2024\/05\/EGRESADOS.jpg",640,362,false],"large":["https:\/\/apuntesdesanluis.com\/wp-content\/uploads\/2024\/05\/EGRESADOS.jpg",640,362,false],"1536x1536":["https:\/\/apuntesdesanluis.com\/wp-content\/uploads\/2024\/05\/EGRESADOS.jpg",694,393,false],"2048x2048":["https:\/\/apuntesdesanluis.com\/wp-content\/uploads\/2024\/05\/EGRESADOS.jpg",694,393,false],"newsever-slider-full":["https:\/\/apuntesdesanluis.com\/wp-content\/uploads\/2024\/05\/EGRESADOS.jpg",694,393,false],"newsever-featured":["https:\/\/apuntesdesanluis.com\/wp-content\/uploads\/2024\/05\/EGRESADOS.jpg",694,393,false],"newsever-medium":["https:\/\/apuntesdesanluis.com\/wp-content\/uploads\/2024\/05\/EGRESADOS.jpg",694,393,false]},"author_info":{"display_name":"apuntesdesanluis.com","author_link":"https:\/\/apuntesdesanluis.com\/index.php\/author\/apuntesdesanluis-com\/"},"category_info":"<a href=\"https:\/\/apuntesdesanluis.com\/index.php\/category\/ciudad-provincia\/\" rel=\"category tag\">Ciudad\/Provincia<\/a>","tag_info":"Ciudad\/Provincia","comment_count":"0","_links":{"self":[{"href":"https:\/\/apuntesdesanluis.com\/index.php\/wp-json\/wp\/v2\/posts\/16345","targetHints":{"allow":["GET"]}}],"collection":[{"href":"https:\/\/apuntesdesanluis.com\/index.php\/wp-json\/wp\/v2\/posts"}],"about":[{"href":"https:\/\/apuntesdesanluis.com\/index.php\/wp-json\/wp\/v2\/types\/post"}],"author":[{"embeddable":true,"href":"https:\/\/apuntesdesanluis.com\/index.php\/wp-json\/wp\/v2\/users\/1"}],"replies":[{"embeddable":true,"href":"https:\/\/apuntesdesanluis.com\/index.php\/wp-json\/wp\/v2\/comments?post=16345"}],"version-history":[{"count":1,"href":"https:\/\/apuntesdesanluis.com\/index.php\/wp-json\/wp\/v2\/posts\/16345\/revisions"}],"predecessor-version":[{"id":16350,"href":"https:\/\/apuntesdesanluis.com\/index.php\/wp-json\/wp\/v2\/posts\/16345\/revisions\/16350"}],"wp:featuredmedia":[{"embeddable":true,"href":"https:\/\/apuntesdesanluis.com\/index.php\/wp-json\/wp\/v2\/media\/16346"}],"wp:attachment":[{"href":"https:\/\/apuntesdesanluis.com\/index.php\/wp-json\/wp\/v2\/media?parent=16345"}],"wp:term":[{"taxonomy":"category","embeddable":true,"href":"https:\/\/apuntesdesanluis.com\/index.php\/wp-json\/wp\/v2\/categories?post=16345"},{"taxonomy":"post_tag","embeddable":true,"href":"https:\/\/apuntesdesanluis.com\/index.php\/wp-json\/wp\/v2\/tags?post=16345"}],"curies":[{"name":"wp","href":"https:\/\/api.w.org\/{rel}","templated":true}]}}