{"id":16351,"date":"2024-05-17T21:28:01","date_gmt":"2024-05-18T00:28:01","guid":{"rendered":"https:\/\/apuntesdesanluis.com\/?p=16351"},"modified":"2024-05-17T21:28:01","modified_gmt":"2024-05-18T00:28:01","slug":"plenario-de-secretarios-generales-de-conadu-ratifico-las-medidas-de-fuerza-del-22-y-23-de-mayo","status":"publish","type":"post","link":"https:\/\/apuntesdesanluis.com\/index.php\/2024\/05\/17\/plenario-de-secretarios-generales-de-conadu-ratifico-las-medidas-de-fuerza-del-22-y-23-de-mayo\/","title":{"rendered":"PLENARIO DE SECRETARIOS GENERALES DE CONADU RATIFIC\u00d3 LAS MEDIDAS DE FUERZA DEL 22 Y 23 DE MAYO"},"content":{"rendered":"<h3>Con la participaci\u00f3n de 22 Sindicatos de Base en una reuni\u00f3n virtual realizada este viernes por la tarde, se analiz\u00f3 la situaci\u00f3n universitaria y se ratific\u00f3 el Plan de Lucha definido por el Frente Gremial Universitario para los d\u00edas 22 y 23 de mayo, con una jornada nacional de protesta y un paro nacional universitario.<\/h3>\n<h3>As\u00ed lo confirm\u00f3 el Secretario General de la Asociaci\u00f3n de Docentes e Investigadores (ADOI) de la Universidad Nacional de Villa Mercedes, Ing. <strong>Arnoldo Pucci<\/strong>.<\/h3>\n<p><img fetchpriority=\"high\" decoding=\"async\" class=\"wp-image-5308 aligncenter\" src=\"https:\/\/apuntesdesanluis.com\/wp-content\/uploads\/2023\/10\/pucci-c-300x188.jpg\" alt=\"\" width=\"538\" height=\"337\" srcset=\"https:\/\/apuntesdesanluis.com\/wp-content\/uploads\/2023\/10\/pucci-c-300x188.jpg 300w, https:\/\/apuntesdesanluis.com\/wp-content\/uploads\/2023\/10\/pucci-c.jpg 520w\" sizes=\"(max-width: 538px) 100vw, 538px\" \/><\/p>\n<h3>&#8220;Ante la falta de respuesta del gobierno a las demandas del conjunto del sistema universitario para resolver la crisis provocada por el brutal ajuste presupuestario y salarial, los gremios de base de CONADU ratificamos la continuidad del plan de lucha, que se profundizar\u00e1 en la medida en que no se revierta la situaci\u00f3n que denunciamos\u201d, sostuvo el dirigente.<\/h3>\n<h3>El comunicado de la federaci\u00f3n gremial agrega textual:<\/h3>\n<h3>Los representantes de los gremios de base coincidieron en que sin soluci\u00f3n al problema salarial no habr\u00e1 soluci\u00f3n a la crisis presupuestaria de las universidades. Pero tampoco se resolver\u00e1 el problema universitario en el marco de un pa\u00eds que est\u00e1 siendo destruido por la pol\u00edtica de saqueo que impulsan Javier Milei y sus socios. La universidad p\u00fablica es un factor decisivo para construir y sostener una Argentina muy diferente a la que se proyecta en la Ley Bases.<\/h3>\n<h3>\u201cHabiendo transcurrido casi un mes de la hist\u00f3rica Marcha Universitaria, no ha habido respuestas concretas ante la propuesta del Frente Sindical Universitario para recuperar el poder adquisitivo perdido en estos meses y garantizar que ese retroceso no vuelva a producirse, garantizando que no vuelva a haber trabajadores y trabajadoras docentes y no docentes bajo la l\u00ednea de pobreza\u201d se\u00f1al\u00f3 Carlos de Feo.<\/h3>\n<h3>Durante el desarrollo del Plenario se inform\u00f3 de una convocatoria a Paritarias para el d\u00eda lunes, no obstante eso se ratific\u00f3 la continuidad del Plan de Lucha acordado ya que no hay una propuesta concreta a considerar.<\/h3>\n<h3>En el mismo sentido, se decidi\u00f3 repudiar p\u00fablicamente el desfinanciamiento al que se est\u00e1 sometiendo a la Universidad de Madres de Plaza de Mayo, y a la falta de pago de salarios de todos\/as sus trabajadores (Docentes y No Docentes) desde hace 5 meses.<\/h3>\n<h3>Se defini\u00f3 adem\u00e1s convocar a movilizar el d\u00eda que se trate la Ley Bases, expresando con claridad su total rechazo.<\/h3>\n<h3>Finalmente, el Plenario resolvi\u00f3 por unanimidad repudiar las graves amenazas que recibieron la Presidenta del Centro de Estudiantes de Humanidades y Artes y un estudiante de Enfermer\u00eda de la Facultad de Ciencias M\u00e9dicas, as\u00ed como tambi\u00e9n la presidenta de la Federaci\u00f3n Universitaria de Rosario. Al mismo tiempo la CONADU manifiesta su total solidaridad y apoyo.<\/h3>\n<h3>Resoluciones:<\/h3>\n<ul>\n<li>\n<h3>Ratificar el Plan de Lucha definido por el Frente Gremial Universitario para el 22 y 23 de mayo.<\/h3>\n<\/li>\n<li>\n<h3>Repudiar el desfinanciamiento al que se est\u00e1 sometiendo a la Universidad de Madres de Plaza de Mayo, y a la falta de pago de salarios de todos\/as sus trabajadores (Docentes y No Docentes) desde hace 5 meses.<\/h3>\n<\/li>\n<li>\n<h3>Convocar a movilizar el d\u00eda que se trate la Ley Bases, expresando con claridad su total rechazo.<\/h3>\n<\/li>\n<li>\n<h3>Repudiar las amenazas que sufrieron los estudiantes de la Universidad Nacional de Rosario, al tiempo de manifestar su total solidaridad y apoyo.<\/h3>\n<\/li>\n<\/ul>\n<h3>Participaron: <strong>ADOI \/ FEDUBA \/ UNM \/ SIDIU \/ ADAI \/ SIDIUNT \/ ADUNOBA \/ ADUNA \/ COAD \/ ADUNSE \/ ADUNSADA \/ AGDU \/ SIDIUNLAR \/ ADULP \/ ADUNTREF \/ ADIUNQ \/ ADUFOR \/ ADUNMa \/AFUDI \/ ADUC \/ SIDUNCU \/ SUDHUR.<\/strong><\/h3>\n<p>&nbsp;<\/p>\n<p>&nbsp;<\/p>\n<p>&nbsp;<\/p>\n","protected":false},"excerpt":{"rendered":"<p>Con la participaci\u00f3n de 22 Sindicatos de Base en una reuni\u00f3n virtual realizada este viernes&#8230;<\/p>\n","protected":false},"author":1,"featured_media":16352,"comment_status":"closed","ping_status":"closed","sticky":false,"template":"","format":"standard","meta":{"footnotes":""},"categories":[5],"tags":[],"class_list":["post-16351","post","type-post","status-publish","format-standard","has-post-thumbnail","hentry","category-nacionales-internacionales"],"yoast_head":"<!-- This site is optimized with the Yoast SEO plugin v26.1.1 - https:\/\/yoast.com\/wordpress\/plugins\/seo\/ -->\n<title>PLENARIO DE SECRETARIOS GENERALES DE CONADU RATIFIC\u00d3 LAS MEDIDAS DE FUERZA DEL 22 Y 23 DE MAYO - Apuntes de San Luis<\/title>\n<meta name=\"robots\" content=\"index, follow, max-snippet:-1, max-image-preview:large, max-video-preview:-1\" \/>\n<link rel=\"canonical\" href=\"https:\/\/apuntesdesanluis.com\/index.php\/2024\/05\/17\/plenario-de-secretarios-generales-de-conadu-ratifico-las-medidas-de-fuerza-del-22-y-23-de-mayo\/\" \/>\n<meta property=\"og:locale\" content=\"es_ES\" \/>\n<meta property=\"og:type\" content=\"article\" \/>\n<meta property=\"og:title\" content=\"PLENARIO DE SECRETARIOS GENERALES DE CONADU RATIFIC\u00d3 LAS MEDIDAS DE FUERZA DEL 22 Y 23 DE MAYO - Apuntes de San Luis\" \/>\n<meta property=\"og:description\" content=\"Con la participaci\u00f3n de 22 Sindicatos de Base en una reuni\u00f3n virtual realizada este viernes...\" \/>\n<meta property=\"og:url\" content=\"https:\/\/apuntesdesanluis.com\/index.php\/2024\/05\/17\/plenario-de-secretarios-generales-de-conadu-ratifico-las-medidas-de-fuerza-del-22-y-23-de-mayo\/\" \/>\n<meta property=\"og:site_name\" content=\"Apuntes de San Luis\" \/>\n<meta property=\"article:published_time\" content=\"2024-05-18T00:28:01+00:00\" \/>\n<meta property=\"og:image\" content=\"https:\/\/apuntesdesanluis.com\/wp-content\/uploads\/2024\/05\/conadu.png\" \/>\n\t<meta property=\"og:image:width\" content=\"895\" \/>\n\t<meta property=\"og:image:height\" content=\"522\" \/>\n\t<meta property=\"og:image:type\" content=\"image\/png\" \/>\n<meta name=\"author\" content=\"apuntesdesanluis.com\" \/>\n<meta name=\"twitter:card\" content=\"summary_large_image\" \/>\n<meta name=\"twitter:label1\" content=\"Escrito por\" \/>\n\t<meta name=\"twitter:data1\" content=\"apuntesdesanluis.com\" \/>\n\t<meta name=\"twitter:label2\" content=\"Tiempo de lectura\" \/>\n\t<meta name=\"twitter:data2\" content=\"4 minutos\" \/>\n<script type=\"application\/ld+json\" class=\"yoast-schema-graph\">{\"@context\":\"https:\/\/schema.org\",\"@graph\":[{\"@type\":\"Article\",\"@id\":\"https:\/\/apuntesdesanluis.com\/index.php\/2024\/05\/17\/plenario-de-secretarios-generales-de-conadu-ratifico-las-medidas-de-fuerza-del-22-y-23-de-mayo\/#article\",\"isPartOf\":{\"@id\":\"https:\/\/apuntesdesanluis.com\/index.php\/2024\/05\/17\/plenario-de-secretarios-generales-de-conadu-ratifico-las-medidas-de-fuerza-del-22-y-23-de-mayo\/\"},\"author\":{\"name\":\"apuntesdesanluis.com\",\"@id\":\"https:\/\/apuntesdesanluis.com\/#\/schema\/person\/b55151d52296fcce64d1a72538a70b90\"},\"headline\":\"PLENARIO DE SECRETARIOS GENERALES DE CONADU RATIFIC\u00d3 LAS MEDIDAS DE FUERZA DEL 22 Y 23 DE MAYO\",\"datePublished\":\"2024-05-18T00:28:01+00:00\",\"mainEntityOfPage\":{\"@id\":\"https:\/\/apuntesdesanluis.com\/index.php\/2024\/05\/17\/plenario-de-secretarios-generales-de-conadu-ratifico-las-medidas-de-fuerza-del-22-y-23-de-mayo\/\"},\"wordCount\":596,\"publisher\":{\"@id\":\"https:\/\/apuntesdesanluis.com\/#\/schema\/person\/b55151d52296fcce64d1a72538a70b90\"},\"image\":{\"@id\":\"https:\/\/apuntesdesanluis.com\/index.php\/2024\/05\/17\/plenario-de-secretarios-generales-de-conadu-ratifico-las-medidas-de-fuerza-del-22-y-23-de-mayo\/#primaryimage\"},\"thumbnailUrl\":\"https:\/\/apuntesdesanluis.com\/wp-content\/uploads\/2024\/05\/conadu.png\",\"articleSection\":[\"Nacionales\/Internacionales\"],\"inLanguage\":\"es-AR\"},{\"@type\":\"WebPage\",\"@id\":\"https:\/\/apuntesdesanluis.com\/index.php\/2024\/05\/17\/plenario-de-secretarios-generales-de-conadu-ratifico-las-medidas-de-fuerza-del-22-y-23-de-mayo\/\",\"url\":\"https:\/\/apuntesdesanluis.com\/index.php\/2024\/05\/17\/plenario-de-secretarios-generales-de-conadu-ratifico-las-medidas-de-fuerza-del-22-y-23-de-mayo\/\",\"name\":\"PLENARIO DE SECRETARIOS GENERALES DE CONADU RATIFIC\u00d3 LAS MEDIDAS DE FUERZA DEL 22 Y 23 DE MAYO - Apuntes de San Luis\",\"isPartOf\":{\"@id\":\"https:\/\/apuntesdesanluis.com\/#website\"},\"primaryImageOfPage\":{\"@id\":\"https:\/\/apuntesdesanluis.com\/index.php\/2024\/05\/17\/plenario-de-secretarios-generales-de-conadu-ratifico-las-medidas-de-fuerza-del-22-y-23-de-mayo\/#primaryimage\"},\"image\":{\"@id\":\"https:\/\/apuntesdesanluis.com\/index.php\/2024\/05\/17\/plenario-de-secretarios-generales-de-conadu-ratifico-las-medidas-de-fuerza-del-22-y-23-de-mayo\/#primaryimage\"},\"thumbnailUrl\":\"https:\/\/apuntesdesanluis.com\/wp-content\/uploads\/2024\/05\/conadu.png\",\"datePublished\":\"2024-05-18T00:28:01+00:00\",\"breadcrumb\":{\"@id\":\"https:\/\/apuntesdesanluis.com\/index.php\/2024\/05\/17\/plenario-de-secretarios-generales-de-conadu-ratifico-las-medidas-de-fuerza-del-22-y-23-de-mayo\/#breadcrumb\"},\"inLanguage\":\"es-AR\",\"potentialAction\":[{\"@type\":\"ReadAction\",\"target\":[\"https:\/\/apuntesdesanluis.com\/index.php\/2024\/05\/17\/plenario-de-secretarios-generales-de-conadu-ratifico-las-medidas-de-fuerza-del-22-y-23-de-mayo\/\"]}]},{\"@type\":\"ImageObject\",\"inLanguage\":\"es-AR\",\"@id\":\"https:\/\/apuntesdesanluis.com\/index.php\/2024\/05\/17\/plenario-de-secretarios-generales-de-conadu-ratifico-las-medidas-de-fuerza-del-22-y-23-de-mayo\/#primaryimage\",\"url\":\"https:\/\/apuntesdesanluis.com\/wp-content\/uploads\/2024\/05\/conadu.png\",\"contentUrl\":\"https:\/\/apuntesdesanluis.com\/wp-content\/uploads\/2024\/05\/conadu.png\",\"width\":895,\"height\":522},{\"@type\":\"BreadcrumbList\",\"@id\":\"https:\/\/apuntesdesanluis.com\/index.php\/2024\/05\/17\/plenario-de-secretarios-generales-de-conadu-ratifico-las-medidas-de-fuerza-del-22-y-23-de-mayo\/#breadcrumb\",\"itemListElement\":[{\"@type\":\"ListItem\",\"position\":1,\"name\":\"Inicio\",\"item\":\"https:\/\/apuntesdesanluis.com\/\"},{\"@type\":\"ListItem\",\"position\":2,\"name\":\"PLENARIO DE SECRETARIOS GENERALES DE CONADU RATIFIC\u00d3 LAS MEDIDAS DE FUERZA DEL 22 Y 23 DE MAYO\"}]},{\"@type\":\"WebSite\",\"@id\":\"https:\/\/apuntesdesanluis.com\/#website\",\"url\":\"https:\/\/apuntesdesanluis.com\/\",\"name\":\"Apuntes de San Luis\",\"description\":\"\",\"publisher\":{\"@id\":\"https:\/\/apuntesdesanluis.com\/#\/schema\/person\/b55151d52296fcce64d1a72538a70b90\"},\"potentialAction\":[{\"@type\":\"SearchAction\",\"target\":{\"@type\":\"EntryPoint\",\"urlTemplate\":\"https:\/\/apuntesdesanluis.com\/?s={search_term_string}\"},\"query-input\":{\"@type\":\"PropertyValueSpecification\",\"valueRequired\":true,\"valueName\":\"search_term_string\"}}],\"inLanguage\":\"es-AR\"},{\"@type\":[\"Person\",\"Organization\"],\"@id\":\"https:\/\/apuntesdesanluis.com\/#\/schema\/person\/b55151d52296fcce64d1a72538a70b90\",\"name\":\"apuntesdesanluis.com\",\"image\":{\"@type\":\"ImageObject\",\"inLanguage\":\"es-AR\",\"@id\":\"https:\/\/apuntesdesanluis.com\/#\/schema\/person\/image\/\",\"url\":\"https:\/\/apuntesdesanluis.com\/wp-content\/uploads\/2023\/07\/cropped-apuntesdesanluis.png\",\"contentUrl\":\"https:\/\/apuntesdesanluis.com\/wp-content\/uploads\/2023\/07\/cropped-apuntesdesanluis.png\",\"width\":450,\"height\":112,\"caption\":\"apuntesdesanluis.com\"},\"logo\":{\"@id\":\"https:\/\/apuntesdesanluis.com\/#\/schema\/person\/image\/\"},\"sameAs\":[\"https:\/\/apuntesdesanluis.com\"],\"url\":\"https:\/\/apuntesdesanluis.com\/index.php\/author\/apuntesdesanluis-com\/\"}]}<\/script>\n<!-- \/ Yoast SEO plugin. -->","yoast_head_json":{"title":"PLENARIO DE SECRETARIOS GENERALES DE CONADU RATIFIC\u00d3 LAS MEDIDAS DE FUERZA DEL 22 Y 23 DE MAYO - Apuntes de San Luis","robots":{"index":"index","follow":"follow","max-snippet":"max-snippet:-1","max-image-preview":"max-image-preview:large","max-video-preview":"max-video-preview:-1"},"canonical":"https:\/\/apuntesdesanluis.com\/index.php\/2024\/05\/17\/plenario-de-secretarios-generales-de-conadu-ratifico-las-medidas-de-fuerza-del-22-y-23-de-mayo\/","og_locale":"es_ES","og_type":"article","og_title":"PLENARIO DE SECRETARIOS GENERALES DE CONADU RATIFIC\u00d3 LAS MEDIDAS DE FUERZA DEL 22 Y 23 DE MAYO - Apuntes de San Luis","og_description":"Con la participaci\u00f3n de 22 Sindicatos de Base en una reuni\u00f3n virtual realizada este viernes...","og_url":"https:\/\/apuntesdesanluis.com\/index.php\/2024\/05\/17\/plenario-de-secretarios-generales-de-conadu-ratifico-las-medidas-de-fuerza-del-22-y-23-de-mayo\/","og_site_name":"Apuntes de San Luis","article_published_time":"2024-05-18T00:28:01+00:00","og_image":[{"width":895,"height":522,"url":"https:\/\/apuntesdesanluis.com\/wp-content\/uploads\/2024\/05\/conadu.png","type":"image\/png"}],"author":"apuntesdesanluis.com","twitter_card":"summary_large_image","twitter_misc":{"Escrito por":"apuntesdesanluis.com","Tiempo de lectura":"4 minutos"},"schema":{"@context":"https:\/\/schema.org","@graph":[{"@type":"Article","@id":"https:\/\/apuntesdesanluis.com\/index.php\/2024\/05\/17\/plenario-de-secretarios-generales-de-conadu-ratifico-las-medidas-de-fuerza-del-22-y-23-de-mayo\/#article","isPartOf":{"@id":"https:\/\/apuntesdesanluis.com\/index.php\/2024\/05\/17\/plenario-de-secretarios-generales-de-conadu-ratifico-las-medidas-de-fuerza-del-22-y-23-de-mayo\/"},"author":{"name":"apuntesdesanluis.com","@id":"https:\/\/apuntesdesanluis.com\/#\/schema\/person\/b55151d52296fcce64d1a72538a70b90"},"headline":"PLENARIO DE SECRETARIOS GENERALES DE CONADU RATIFIC\u00d3 LAS MEDIDAS DE FUERZA DEL 22 Y 23 DE MAYO","datePublished":"2024-05-18T00:28:01+00:00","mainEntityOfPage":{"@id":"https:\/\/apuntesdesanluis.com\/index.php\/2024\/05\/17\/plenario-de-secretarios-generales-de-conadu-ratifico-las-medidas-de-fuerza-del-22-y-23-de-mayo\/"},"wordCount":596,"publisher":{"@id":"https:\/\/apuntesdesanluis.com\/#\/schema\/person\/b55151d52296fcce64d1a72538a70b90"},"image":{"@id":"https:\/\/apuntesdesanluis.com\/index.php\/2024\/05\/17\/plenario-de-secretarios-generales-de-conadu-ratifico-las-medidas-de-fuerza-del-22-y-23-de-mayo\/#primaryimage"},"thumbnailUrl":"https:\/\/apuntesdesanluis.com\/wp-content\/uploads\/2024\/05\/conadu.png","articleSection":["Nacionales\/Internacionales"],"inLanguage":"es-AR"},{"@type":"WebPage","@id":"https:\/\/apuntesdesanluis.com\/index.php\/2024\/05\/17\/plenario-de-secretarios-generales-de-conadu-ratifico-las-medidas-de-fuerza-del-22-y-23-de-mayo\/","url":"https:\/\/apuntesdesanluis.com\/index.php\/2024\/05\/17\/plenario-de-secretarios-generales-de-conadu-ratifico-las-medidas-de-fuerza-del-22-y-23-de-mayo\/","name":"PLENARIO DE SECRETARIOS GENERALES DE CONADU RATIFIC\u00d3 LAS MEDIDAS DE FUERZA DEL 22 Y 23 DE MAYO - Apuntes de San Luis","isPartOf":{"@id":"https:\/\/apuntesdesanluis.com\/#website"},"primaryImageOfPage":{"@id":"https:\/\/apuntesdesanluis.com\/index.php\/2024\/05\/17\/plenario-de-secretarios-generales-de-conadu-ratifico-las-medidas-de-fuerza-del-22-y-23-de-mayo\/#primaryimage"},"image":{"@id":"https:\/\/apuntesdesanluis.com\/index.php\/2024\/05\/17\/plenario-de-secretarios-generales-de-conadu-ratifico-las-medidas-de-fuerza-del-22-y-23-de-mayo\/#primaryimage"},"thumbnailUrl":"https:\/\/apuntesdesanluis.com\/wp-content\/uploads\/2024\/05\/conadu.png","datePublished":"2024-05-18T00:28:01+00:00","breadcrumb":{"@id":"https:\/\/apuntesdesanluis.com\/index.php\/2024\/05\/17\/plenario-de-secretarios-generales-de-conadu-ratifico-las-medidas-de-fuerza-del-22-y-23-de-mayo\/#breadcrumb"},"inLanguage":"es-AR","potentialAction":[{"@type":"ReadAction","target":["https:\/\/apuntesdesanluis.com\/index.php\/2024\/05\/17\/plenario-de-secretarios-generales-de-conadu-ratifico-las-medidas-de-fuerza-del-22-y-23-de-mayo\/"]}]},{"@type":"ImageObject","inLanguage":"es-AR","@id":"https:\/\/apuntesdesanluis.com\/index.php\/2024\/05\/17\/plenario-de-secretarios-generales-de-conadu-ratifico-las-medidas-de-fuerza-del-22-y-23-de-mayo\/#primaryimage","url":"https:\/\/apuntesdesanluis.com\/wp-content\/uploads\/2024\/05\/conadu.png","contentUrl":"https:\/\/apuntesdesanluis.com\/wp-content\/uploads\/2024\/05\/conadu.png","width":895,"height":522},{"@type":"BreadcrumbList","@id":"https:\/\/apuntesdesanluis.com\/index.php\/2024\/05\/17\/plenario-de-secretarios-generales-de-conadu-ratifico-las-medidas-de-fuerza-del-22-y-23-de-mayo\/#breadcrumb","itemListElement":[{"@type":"ListItem","position":1,"name":"Inicio","item":"https:\/\/apuntesdesanluis.com\/"},{"@type":"ListItem","position":2,"name":"PLENARIO DE SECRETARIOS GENERALES DE CONADU RATIFIC\u00d3 LAS MEDIDAS DE FUERZA DEL 22 Y 23 DE MAYO"}]},{"@type":"WebSite","@id":"https:\/\/apuntesdesanluis.com\/#website","url":"https:\/\/apuntesdesanluis.com\/","name":"Apuntes de San Luis","description":"","publisher":{"@id":"https:\/\/apuntesdesanluis.com\/#\/schema\/person\/b55151d52296fcce64d1a72538a70b90"},"potentialAction":[{"@type":"SearchAction","target":{"@type":"EntryPoint","urlTemplate":"https:\/\/apuntesdesanluis.com\/?s={search_term_string}"},"query-input":{"@type":"PropertyValueSpecification","valueRequired":true,"valueName":"search_term_string"}}],"inLanguage":"es-AR"},{"@type":["Person","Organization"],"@id":"https:\/\/apuntesdesanluis.com\/#\/schema\/person\/b55151d52296fcce64d1a72538a70b90","name":"apuntesdesanluis.com","image":{"@type":"ImageObject","inLanguage":"es-AR","@id":"https:\/\/apuntesdesanluis.com\/#\/schema\/person\/image\/","url":"https:\/\/apuntesdesanluis.com\/wp-content\/uploads\/2023\/07\/cropped-apuntesdesanluis.png","contentUrl":"https:\/\/apuntesdesanluis.com\/wp-content\/uploads\/2023\/07\/cropped-apuntesdesanluis.png","width":450,"height":112,"caption":"apuntesdesanluis.com"},"logo":{"@id":"https:\/\/apuntesdesanluis.com\/#\/schema\/person\/image\/"},"sameAs":["https:\/\/apuntesdesanluis.com"],"url":"https:\/\/apuntesdesanluis.com\/index.php\/author\/apuntesdesanluis-com\/"}]}},"featured_image_urls":{"full":["https:\/\/apuntesdesanluis.com\/wp-content\/uploads\/2024\/05\/conadu.png",895,522,false],"thumbnail":["https:\/\/apuntesdesanluis.com\/wp-content\/uploads\/2024\/05\/conadu-150x150.png",150,150,true],"medium":["https:\/\/apuntesdesanluis.com\/wp-content\/uploads\/2024\/05\/conadu-300x175.png",300,175,true],"medium_large":["https:\/\/apuntesdesanluis.com\/wp-content\/uploads\/2024\/05\/conadu-768x448.png",640,373,true],"large":["https:\/\/apuntesdesanluis.com\/wp-content\/uploads\/2024\/05\/conadu.png",640,373,false],"1536x1536":["https:\/\/apuntesdesanluis.com\/wp-content\/uploads\/2024\/05\/conadu.png",895,522,false],"2048x2048":["https:\/\/apuntesdesanluis.com\/wp-content\/uploads\/2024\/05\/conadu.png",895,522,false],"newsever-slider-full":["https:\/\/apuntesdesanluis.com\/wp-content\/uploads\/2024\/05\/conadu.png",895,522,false],"newsever-featured":["https:\/\/apuntesdesanluis.com\/wp-content\/uploads\/2024\/05\/conadu.png",895,522,false],"newsever-medium":["https:\/\/apuntesdesanluis.com\/wp-content\/uploads\/2024\/05\/conadu-720x475.png",720,475,true]},"author_info":{"display_name":"apuntesdesanluis.com","author_link":"https:\/\/apuntesdesanluis.com\/index.php\/author\/apuntesdesanluis-com\/"},"category_info":"<a href=\"https:\/\/apuntesdesanluis.com\/index.php\/category\/nacionales-internacionales\/\" rel=\"category tag\">Nacionales\/Internacionales<\/a>","tag_info":"Nacionales\/Internacionales","comment_count":"0","_links":{"self":[{"href":"https:\/\/apuntesdesanluis.com\/index.php\/wp-json\/wp\/v2\/posts\/16351","targetHints":{"allow":["GET"]}}],"collection":[{"href":"https:\/\/apuntesdesanluis.com\/index.php\/wp-json\/wp\/v2\/posts"}],"about":[{"href":"https:\/\/apuntesdesanluis.com\/index.php\/wp-json\/wp\/v2\/types\/post"}],"author":[{"embeddable":true,"href":"https:\/\/apuntesdesanluis.com\/index.php\/wp-json\/wp\/v2\/users\/1"}],"replies":[{"embeddable":true,"href":"https:\/\/apuntesdesanluis.com\/index.php\/wp-json\/wp\/v2\/comments?post=16351"}],"version-history":[{"count":1,"href":"https:\/\/apuntesdesanluis.com\/index.php\/wp-json\/wp\/v2\/posts\/16351\/revisions"}],"predecessor-version":[{"id":16353,"href":"https:\/\/apuntesdesanluis.com\/index.php\/wp-json\/wp\/v2\/posts\/16351\/revisions\/16353"}],"wp:featuredmedia":[{"embeddable":true,"href":"https:\/\/apuntesdesanluis.com\/index.php\/wp-json\/wp\/v2\/media\/16352"}],"wp:attachment":[{"href":"https:\/\/apuntesdesanluis.com\/index.php\/wp-json\/wp\/v2\/media?parent=16351"}],"wp:term":[{"taxonomy":"category","embeddable":true,"href":"https:\/\/apuntesdesanluis.com\/index.php\/wp-json\/wp\/v2\/categories?post=16351"},{"taxonomy":"post_tag","embeddable":true,"href":"https:\/\/apuntesdesanluis.com\/index.php\/wp-json\/wp\/v2\/tags?post=16351"}],"curies":[{"name":"wp","href":"https:\/\/api.w.org\/{rel}","templated":true}]}}