{"id":16354,"date":"2024-05-17T22:47:48","date_gmt":"2024-05-18T01:47:48","guid":{"rendered":"https:\/\/apuntesdesanluis.com\/?p=16354"},"modified":"2024-05-17T22:47:48","modified_gmt":"2024-05-18T01:47:48","slug":"las-transferencias-discrecionales-a-las-provincias-cayeron-90-en-los-primeros-cuatro-meses-del-ano","status":"publish","type":"post","link":"https:\/\/apuntesdesanluis.com\/index.php\/2024\/05\/17\/las-transferencias-discrecionales-a-las-provincias-cayeron-90-en-los-primeros-cuatro-meses-del-ano\/","title":{"rendered":"LAS TRANSFERENCIAS DISCRECIONALES A LAS PROVINCIAS CAYERON 90% EN LOS PRIMEROS CUATRO MESES DEL A\u00d1O"},"content":{"rendered":"<h3>Las transferencias no autom\u00e1ticas del Estado nacional a los gobiernos provinciales y municipales cayeron 89,5% en los primeros cuatro meses del a\u00f1o, al totalizar los $108.997 millones.<\/h3>\n<h3>Durante el primer cuatrimestre del a\u00f1o pasado, ese monto hab\u00eda alcanzado los $295.920 millones, de acuerdo al an\u00e1lisis mensual de la Oficina de Presupuesto del Congreso. Este dato engloba s\u00f3lo los giros discrecionales por parte del Gobierno central aunque tambi\u00e9n los recursos tributarios de la coparticipaci\u00f3n acusan fuerte disminuciones, lo que determina que las cuentas de las distintas jurisdicciones est\u00e1n jaqueadas por doble v\u00eda.<\/h3>\n<h3>Por un lado, cuentan con menos ingresos dado el profundo recorte que aplic\u00f3 la administraci\u00f3n nacional en concepto de asistencia financiera directa a las provincias y, por el otro, por la merma en la recaudaci\u00f3n de los impuestos que se reparten entre Naci\u00f3n y provincias. La recaudaci\u00f3n viene cayendo en t\u00e9rminos reales pero, a nivel nacional, los ingresos por retenciones y, sobre todo, el impuesto PAIS, moderan la escasez de fondo para las cuentas p\u00fablicas nacionales.<\/h3>\n<h3>La realidad de las provincias, en cambio, es mucho m\u00e1s compleja. El dato se conoce en plena negociaci\u00f3n por la Ley de Bases en el Senado, donde el Gobierno espera el apoyo de los gobernadores, al menos para el paquete fiscal. Esa ley repone el impuesto a las Ganancias, que es coparticipable, e impulsa un blanqueo impositivo, cuya recaudaci\u00f3n tambi\u00e9n se compartir\u00eda con las provincias. Aun as\u00ed, esos aportes dif\u00edcilmente compensen el impacto de la crisis y de la pol\u00edtica de distribuci\u00f3n de asistencia financiera que lleva adelante el presidente Javier Mieli.<\/h3>\n<h3>Distribu\u00eddos los recursos por provincia, Buenos Aires es la que encabeza por lejos el r\u00e1nking de mayor asistencia recibida, con un total de $32.886, lo cual implica una ca\u00edda mayor a 72% respecto de los $116.208 millones recibidos el a\u00f1o pasado en el mismo per\u00edodo. Con todo, se trata de una ca\u00edda por debajo del promedio total, tanto para gastos de capital como corrientes. En segundo lugar en el r\u00e1nking de mayor asistencia se encontraba Chaco el a\u00f1o pasado, con un total de $19.250 millones, cifra que en 2024 se redujo a $4.717 millones. Los primeros cinco lugares en t\u00e9rminos absolutos de asistencia los completaron en 2023 Santa Fe, con $16.068 millones, que este a\u00f1o recibi\u00f3 apenas $9.562 millones C\u00f3rdoba con $14.082 millones que cayeron a los $3.702 millones y La Rioja con $13.443 millones en el primer trimestre de 2023 que contrastan con los $1.150 millones.<\/h3>\n<h3>El ajuste en las transferencias no autom\u00e1ticas a las provincias representa uno de los renglones cr\u00edticos del plan de ordenamiento de las cuentas p\u00fablicas nacionales que, tal como se conoci\u00f3 el jueves, registraron super\u00e1vit financiero por cuarto mes consecutivo.<\/h3>\n<h3>Seg\u00fan se anunci\u00f3, el saldo positivo alcanz\u00f3 los $17.409 millones y super\u00e1vit financiero acumulado en el a\u00f1o representa 0,2 del PIB. Ese resultado fue producto de un super\u00e1vit primario de $264.952 millones y de intereses de la deuda p\u00fablica neto de pagos intra- sector p\u00fablico, que alcanzaron los $247.543 millones.<\/h3>\n<h3>Se encadenaron de esta manera cuatro meses consecutivos de excedente financiero por primera vez desde el 2008, acumulando un super\u00e1vit luego de intereses equivalente a aproximadamente 0,2% del PIB en el primer cuatrimestre del 2024 (super\u00e1vit primario de aproximadamente 0,7% del PIB). \u201cDe esta forma se contin\u00faa consolidando el ancla fiscal del programa de Gobierno\u201d, indic\u00f3 el Ministerio de Econom\u00eda.<\/h3>\n<h3>Los ingresos totales en el mes alcanzaron los $6.792.205 millones (263,9%), con un nivel de recaudaci\u00f3n tributaria que present\u00f3 un crecimiento de 254,6% interanual explicado principalmente por la variaci\u00f3n del comercio exterior y del Impuesto PAIS mientras que los derechos de exportaci\u00f3n crecieron 418,2% ($250.117 millones) y los derechos de importaci\u00f3n registraron una suba de 286.4% ($173.369 millones).<\/h3>\n<p>&nbsp;<\/p>\n<p>&nbsp;<\/p>\n<p>&nbsp;<\/p>\n<p>&nbsp;<\/p>\n<p>&nbsp;<\/p>\n<p>&nbsp;<\/p>\n","protected":false},"excerpt":{"rendered":"<p>Las transferencias no autom\u00e1ticas del Estado nacional a los gobiernos provinciales y municipales cayeron 89,5%&#8230;<\/p>\n","protected":false},"author":1,"featured_media":8663,"comment_status":"closed","ping_status":"closed","sticky":false,"template":"","format":"standard","meta":{"footnotes":""},"categories":[5],"tags":[],"class_list":["post-16354","post","type-post","status-publish","format-standard","has-post-thumbnail","hentry","category-nacionales-internacionales"],"yoast_head":"<!-- This site is optimized with the Yoast SEO plugin v26.1.1 - https:\/\/yoast.com\/wordpress\/plugins\/seo\/ -->\n<title>LAS TRANSFERENCIAS DISCRECIONALES A LAS PROVINCIAS CAYERON 90% EN LOS PRIMEROS CUATRO MESES DEL A\u00d1O - Apuntes de San Luis<\/title>\n<meta name=\"robots\" content=\"index, follow, max-snippet:-1, max-image-preview:large, max-video-preview:-1\" \/>\n<link rel=\"canonical\" href=\"https:\/\/apuntesdesanluis.com\/index.php\/2024\/05\/17\/las-transferencias-discrecionales-a-las-provincias-cayeron-90-en-los-primeros-cuatro-meses-del-ano\/\" \/>\n<meta property=\"og:locale\" content=\"es_ES\" \/>\n<meta property=\"og:type\" content=\"article\" \/>\n<meta property=\"og:title\" content=\"LAS TRANSFERENCIAS DISCRECIONALES A LAS PROVINCIAS CAYERON 90% EN LOS PRIMEROS CUATRO MESES DEL A\u00d1O - Apuntes de San Luis\" \/>\n<meta property=\"og:description\" content=\"Las transferencias no autom\u00e1ticas del Estado nacional a los gobiernos provinciales y municipales cayeron 89,5%...\" \/>\n<meta property=\"og:url\" content=\"https:\/\/apuntesdesanluis.com\/index.php\/2024\/05\/17\/las-transferencias-discrecionales-a-las-provincias-cayeron-90-en-los-primeros-cuatro-meses-del-ano\/\" \/>\n<meta property=\"og:site_name\" content=\"Apuntes de San Luis\" \/>\n<meta property=\"article:published_time\" content=\"2024-05-18T01:47:48+00:00\" \/>\n<meta property=\"og:image\" content=\"https:\/\/apuntesdesanluis.com\/wp-content\/uploads\/2023\/12\/GOBERNADORES-CON-MILEI.png\" \/>\n\t<meta property=\"og:image:width\" content=\"600\" \/>\n\t<meta property=\"og:image:height\" content=\"331\" \/>\n\t<meta property=\"og:image:type\" content=\"image\/png\" \/>\n<meta name=\"author\" content=\"apuntesdesanluis.com\" \/>\n<meta name=\"twitter:card\" content=\"summary_large_image\" \/>\n<meta name=\"twitter:label1\" content=\"Escrito por\" \/>\n\t<meta name=\"twitter:data1\" content=\"apuntesdesanluis.com\" \/>\n\t<meta name=\"twitter:label2\" content=\"Tiempo de lectura\" \/>\n\t<meta name=\"twitter:data2\" content=\"4 minutos\" \/>\n<script type=\"application\/ld+json\" class=\"yoast-schema-graph\">{\"@context\":\"https:\/\/schema.org\",\"@graph\":[{\"@type\":\"Article\",\"@id\":\"https:\/\/apuntesdesanluis.com\/index.php\/2024\/05\/17\/las-transferencias-discrecionales-a-las-provincias-cayeron-90-en-los-primeros-cuatro-meses-del-ano\/#article\",\"isPartOf\":{\"@id\":\"https:\/\/apuntesdesanluis.com\/index.php\/2024\/05\/17\/las-transferencias-discrecionales-a-las-provincias-cayeron-90-en-los-primeros-cuatro-meses-del-ano\/\"},\"author\":{\"name\":\"apuntesdesanluis.com\",\"@id\":\"https:\/\/apuntesdesanluis.com\/#\/schema\/person\/b55151d52296fcce64d1a72538a70b90\"},\"headline\":\"LAS TRANSFERENCIAS DISCRECIONALES A LAS PROVINCIAS CAYERON 90% EN LOS PRIMEROS CUATRO MESES DEL A\u00d1O\",\"datePublished\":\"2024-05-18T01:47:48+00:00\",\"mainEntityOfPage\":{\"@id\":\"https:\/\/apuntesdesanluis.com\/index.php\/2024\/05\/17\/las-transferencias-discrecionales-a-las-provincias-cayeron-90-en-los-primeros-cuatro-meses-del-ano\/\"},\"wordCount\":655,\"publisher\":{\"@id\":\"https:\/\/apuntesdesanluis.com\/#\/schema\/person\/b55151d52296fcce64d1a72538a70b90\"},\"image\":{\"@id\":\"https:\/\/apuntesdesanluis.com\/index.php\/2024\/05\/17\/las-transferencias-discrecionales-a-las-provincias-cayeron-90-en-los-primeros-cuatro-meses-del-ano\/#primaryimage\"},\"thumbnailUrl\":\"https:\/\/apuntesdesanluis.com\/wp-content\/uploads\/2023\/12\/GOBERNADORES-CON-MILEI.png\",\"articleSection\":[\"Nacionales\/Internacionales\"],\"inLanguage\":\"es-AR\"},{\"@type\":\"WebPage\",\"@id\":\"https:\/\/apuntesdesanluis.com\/index.php\/2024\/05\/17\/las-transferencias-discrecionales-a-las-provincias-cayeron-90-en-los-primeros-cuatro-meses-del-ano\/\",\"url\":\"https:\/\/apuntesdesanluis.com\/index.php\/2024\/05\/17\/las-transferencias-discrecionales-a-las-provincias-cayeron-90-en-los-primeros-cuatro-meses-del-ano\/\",\"name\":\"LAS TRANSFERENCIAS DISCRECIONALES A LAS PROVINCIAS CAYERON 90% EN LOS PRIMEROS CUATRO MESES DEL A\u00d1O - Apuntes de San Luis\",\"isPartOf\":{\"@id\":\"https:\/\/apuntesdesanluis.com\/#website\"},\"primaryImageOfPage\":{\"@id\":\"https:\/\/apuntesdesanluis.com\/index.php\/2024\/05\/17\/las-transferencias-discrecionales-a-las-provincias-cayeron-90-en-los-primeros-cuatro-meses-del-ano\/#primaryimage\"},\"image\":{\"@id\":\"https:\/\/apuntesdesanluis.com\/index.php\/2024\/05\/17\/las-transferencias-discrecionales-a-las-provincias-cayeron-90-en-los-primeros-cuatro-meses-del-ano\/#primaryimage\"},\"thumbnailUrl\":\"https:\/\/apuntesdesanluis.com\/wp-content\/uploads\/2023\/12\/GOBERNADORES-CON-MILEI.png\",\"datePublished\":\"2024-05-18T01:47:48+00:00\",\"breadcrumb\":{\"@id\":\"https:\/\/apuntesdesanluis.com\/index.php\/2024\/05\/17\/las-transferencias-discrecionales-a-las-provincias-cayeron-90-en-los-primeros-cuatro-meses-del-ano\/#breadcrumb\"},\"inLanguage\":\"es-AR\",\"potentialAction\":[{\"@type\":\"ReadAction\",\"target\":[\"https:\/\/apuntesdesanluis.com\/index.php\/2024\/05\/17\/las-transferencias-discrecionales-a-las-provincias-cayeron-90-en-los-primeros-cuatro-meses-del-ano\/\"]}]},{\"@type\":\"ImageObject\",\"inLanguage\":\"es-AR\",\"@id\":\"https:\/\/apuntesdesanluis.com\/index.php\/2024\/05\/17\/las-transferencias-discrecionales-a-las-provincias-cayeron-90-en-los-primeros-cuatro-meses-del-ano\/#primaryimage\",\"url\":\"https:\/\/apuntesdesanluis.com\/wp-content\/uploads\/2023\/12\/GOBERNADORES-CON-MILEI.png\",\"contentUrl\":\"https:\/\/apuntesdesanluis.com\/wp-content\/uploads\/2023\/12\/GOBERNADORES-CON-MILEI.png\",\"width\":600,\"height\":331},{\"@type\":\"BreadcrumbList\",\"@id\":\"https:\/\/apuntesdesanluis.com\/index.php\/2024\/05\/17\/las-transferencias-discrecionales-a-las-provincias-cayeron-90-en-los-primeros-cuatro-meses-del-ano\/#breadcrumb\",\"itemListElement\":[{\"@type\":\"ListItem\",\"position\":1,\"name\":\"Inicio\",\"item\":\"https:\/\/apuntesdesanluis.com\/\"},{\"@type\":\"ListItem\",\"position\":2,\"name\":\"LAS TRANSFERENCIAS DISCRECIONALES A LAS PROVINCIAS CAYERON 90% EN LOS PRIMEROS CUATRO MESES DEL A\u00d1O\"}]},{\"@type\":\"WebSite\",\"@id\":\"https:\/\/apuntesdesanluis.com\/#website\",\"url\":\"https:\/\/apuntesdesanluis.com\/\",\"name\":\"Apuntes de San Luis\",\"description\":\"\",\"publisher\":{\"@id\":\"https:\/\/apuntesdesanluis.com\/#\/schema\/person\/b55151d52296fcce64d1a72538a70b90\"},\"potentialAction\":[{\"@type\":\"SearchAction\",\"target\":{\"@type\":\"EntryPoint\",\"urlTemplate\":\"https:\/\/apuntesdesanluis.com\/?s={search_term_string}\"},\"query-input\":{\"@type\":\"PropertyValueSpecification\",\"valueRequired\":true,\"valueName\":\"search_term_string\"}}],\"inLanguage\":\"es-AR\"},{\"@type\":[\"Person\",\"Organization\"],\"@id\":\"https:\/\/apuntesdesanluis.com\/#\/schema\/person\/b55151d52296fcce64d1a72538a70b90\",\"name\":\"apuntesdesanluis.com\",\"image\":{\"@type\":\"ImageObject\",\"inLanguage\":\"es-AR\",\"@id\":\"https:\/\/apuntesdesanluis.com\/#\/schema\/person\/image\/\",\"url\":\"https:\/\/apuntesdesanluis.com\/wp-content\/uploads\/2023\/07\/cropped-apuntesdesanluis.png\",\"contentUrl\":\"https:\/\/apuntesdesanluis.com\/wp-content\/uploads\/2023\/07\/cropped-apuntesdesanluis.png\",\"width\":450,\"height\":112,\"caption\":\"apuntesdesanluis.com\"},\"logo\":{\"@id\":\"https:\/\/apuntesdesanluis.com\/#\/schema\/person\/image\/\"},\"sameAs\":[\"https:\/\/apuntesdesanluis.com\"],\"url\":\"https:\/\/apuntesdesanluis.com\/index.php\/author\/apuntesdesanluis-com\/\"}]}<\/script>\n<!-- \/ Yoast SEO plugin. -->","yoast_head_json":{"title":"LAS TRANSFERENCIAS DISCRECIONALES A LAS PROVINCIAS CAYERON 90% EN LOS PRIMEROS CUATRO MESES DEL A\u00d1O - Apuntes de San Luis","robots":{"index":"index","follow":"follow","max-snippet":"max-snippet:-1","max-image-preview":"max-image-preview:large","max-video-preview":"max-video-preview:-1"},"canonical":"https:\/\/apuntesdesanluis.com\/index.php\/2024\/05\/17\/las-transferencias-discrecionales-a-las-provincias-cayeron-90-en-los-primeros-cuatro-meses-del-ano\/","og_locale":"es_ES","og_type":"article","og_title":"LAS TRANSFERENCIAS DISCRECIONALES A LAS PROVINCIAS CAYERON 90% EN LOS PRIMEROS CUATRO MESES DEL A\u00d1O - Apuntes de San Luis","og_description":"Las transferencias no autom\u00e1ticas del Estado nacional a los gobiernos provinciales y municipales cayeron 89,5%...","og_url":"https:\/\/apuntesdesanluis.com\/index.php\/2024\/05\/17\/las-transferencias-discrecionales-a-las-provincias-cayeron-90-en-los-primeros-cuatro-meses-del-ano\/","og_site_name":"Apuntes de San Luis","article_published_time":"2024-05-18T01:47:48+00:00","og_image":[{"width":600,"height":331,"url":"https:\/\/apuntesdesanluis.com\/wp-content\/uploads\/2023\/12\/GOBERNADORES-CON-MILEI.png","type":"image\/png"}],"author":"apuntesdesanluis.com","twitter_card":"summary_large_image","twitter_misc":{"Escrito por":"apuntesdesanluis.com","Tiempo de lectura":"4 minutos"},"schema":{"@context":"https:\/\/schema.org","@graph":[{"@type":"Article","@id":"https:\/\/apuntesdesanluis.com\/index.php\/2024\/05\/17\/las-transferencias-discrecionales-a-las-provincias-cayeron-90-en-los-primeros-cuatro-meses-del-ano\/#article","isPartOf":{"@id":"https:\/\/apuntesdesanluis.com\/index.php\/2024\/05\/17\/las-transferencias-discrecionales-a-las-provincias-cayeron-90-en-los-primeros-cuatro-meses-del-ano\/"},"author":{"name":"apuntesdesanluis.com","@id":"https:\/\/apuntesdesanluis.com\/#\/schema\/person\/b55151d52296fcce64d1a72538a70b90"},"headline":"LAS TRANSFERENCIAS DISCRECIONALES A LAS PROVINCIAS CAYERON 90% EN LOS PRIMEROS CUATRO MESES DEL A\u00d1O","datePublished":"2024-05-18T01:47:48+00:00","mainEntityOfPage":{"@id":"https:\/\/apuntesdesanluis.com\/index.php\/2024\/05\/17\/las-transferencias-discrecionales-a-las-provincias-cayeron-90-en-los-primeros-cuatro-meses-del-ano\/"},"wordCount":655,"publisher":{"@id":"https:\/\/apuntesdesanluis.com\/#\/schema\/person\/b55151d52296fcce64d1a72538a70b90"},"image":{"@id":"https:\/\/apuntesdesanluis.com\/index.php\/2024\/05\/17\/las-transferencias-discrecionales-a-las-provincias-cayeron-90-en-los-primeros-cuatro-meses-del-ano\/#primaryimage"},"thumbnailUrl":"https:\/\/apuntesdesanluis.com\/wp-content\/uploads\/2023\/12\/GOBERNADORES-CON-MILEI.png","articleSection":["Nacionales\/Internacionales"],"inLanguage":"es-AR"},{"@type":"WebPage","@id":"https:\/\/apuntesdesanluis.com\/index.php\/2024\/05\/17\/las-transferencias-discrecionales-a-las-provincias-cayeron-90-en-los-primeros-cuatro-meses-del-ano\/","url":"https:\/\/apuntesdesanluis.com\/index.php\/2024\/05\/17\/las-transferencias-discrecionales-a-las-provincias-cayeron-90-en-los-primeros-cuatro-meses-del-ano\/","name":"LAS TRANSFERENCIAS DISCRECIONALES A LAS PROVINCIAS CAYERON 90% EN LOS PRIMEROS CUATRO MESES DEL A\u00d1O - Apuntes de San Luis","isPartOf":{"@id":"https:\/\/apuntesdesanluis.com\/#website"},"primaryImageOfPage":{"@id":"https:\/\/apuntesdesanluis.com\/index.php\/2024\/05\/17\/las-transferencias-discrecionales-a-las-provincias-cayeron-90-en-los-primeros-cuatro-meses-del-ano\/#primaryimage"},"image":{"@id":"https:\/\/apuntesdesanluis.com\/index.php\/2024\/05\/17\/las-transferencias-discrecionales-a-las-provincias-cayeron-90-en-los-primeros-cuatro-meses-del-ano\/#primaryimage"},"thumbnailUrl":"https:\/\/apuntesdesanluis.com\/wp-content\/uploads\/2023\/12\/GOBERNADORES-CON-MILEI.png","datePublished":"2024-05-18T01:47:48+00:00","breadcrumb":{"@id":"https:\/\/apuntesdesanluis.com\/index.php\/2024\/05\/17\/las-transferencias-discrecionales-a-las-provincias-cayeron-90-en-los-primeros-cuatro-meses-del-ano\/#breadcrumb"},"inLanguage":"es-AR","potentialAction":[{"@type":"ReadAction","target":["https:\/\/apuntesdesanluis.com\/index.php\/2024\/05\/17\/las-transferencias-discrecionales-a-las-provincias-cayeron-90-en-los-primeros-cuatro-meses-del-ano\/"]}]},{"@type":"ImageObject","inLanguage":"es-AR","@id":"https:\/\/apuntesdesanluis.com\/index.php\/2024\/05\/17\/las-transferencias-discrecionales-a-las-provincias-cayeron-90-en-los-primeros-cuatro-meses-del-ano\/#primaryimage","url":"https:\/\/apuntesdesanluis.com\/wp-content\/uploads\/2023\/12\/GOBERNADORES-CON-MILEI.png","contentUrl":"https:\/\/apuntesdesanluis.com\/wp-content\/uploads\/2023\/12\/GOBERNADORES-CON-MILEI.png","width":600,"height":331},{"@type":"BreadcrumbList","@id":"https:\/\/apuntesdesanluis.com\/index.php\/2024\/05\/17\/las-transferencias-discrecionales-a-las-provincias-cayeron-90-en-los-primeros-cuatro-meses-del-ano\/#breadcrumb","itemListElement":[{"@type":"ListItem","position":1,"name":"Inicio","item":"https:\/\/apuntesdesanluis.com\/"},{"@type":"ListItem","position":2,"name":"LAS TRANSFERENCIAS DISCRECIONALES A LAS PROVINCIAS CAYERON 90% EN LOS PRIMEROS CUATRO MESES DEL A\u00d1O"}]},{"@type":"WebSite","@id":"https:\/\/apuntesdesanluis.com\/#website","url":"https:\/\/apuntesdesanluis.com\/","name":"Apuntes de San Luis","description":"","publisher":{"@id":"https:\/\/apuntesdesanluis.com\/#\/schema\/person\/b55151d52296fcce64d1a72538a70b90"},"potentialAction":[{"@type":"SearchAction","target":{"@type":"EntryPoint","urlTemplate":"https:\/\/apuntesdesanluis.com\/?s={search_term_string}"},"query-input":{"@type":"PropertyValueSpecification","valueRequired":true,"valueName":"search_term_string"}}],"inLanguage":"es-AR"},{"@type":["Person","Organization"],"@id":"https:\/\/apuntesdesanluis.com\/#\/schema\/person\/b55151d52296fcce64d1a72538a70b90","name":"apuntesdesanluis.com","image":{"@type":"ImageObject","inLanguage":"es-AR","@id":"https:\/\/apuntesdesanluis.com\/#\/schema\/person\/image\/","url":"https:\/\/apuntesdesanluis.com\/wp-content\/uploads\/2023\/07\/cropped-apuntesdesanluis.png","contentUrl":"https:\/\/apuntesdesanluis.com\/wp-content\/uploads\/2023\/07\/cropped-apuntesdesanluis.png","width":450,"height":112,"caption":"apuntesdesanluis.com"},"logo":{"@id":"https:\/\/apuntesdesanluis.com\/#\/schema\/person\/image\/"},"sameAs":["https:\/\/apuntesdesanluis.com"],"url":"https:\/\/apuntesdesanluis.com\/index.php\/author\/apuntesdesanluis-com\/"}]}},"featured_image_urls":{"full":["https:\/\/apuntesdesanluis.com\/wp-content\/uploads\/2023\/12\/GOBERNADORES-CON-MILEI.png",600,331,false],"thumbnail":["https:\/\/apuntesdesanluis.com\/wp-content\/uploads\/2023\/12\/GOBERNADORES-CON-MILEI-150x150.png",150,150,true],"medium":["https:\/\/apuntesdesanluis.com\/wp-content\/uploads\/2023\/12\/GOBERNADORES-CON-MILEI-300x166.png",300,166,true],"medium_large":["https:\/\/apuntesdesanluis.com\/wp-content\/uploads\/2023\/12\/GOBERNADORES-CON-MILEI.png",600,331,false],"large":["https:\/\/apuntesdesanluis.com\/wp-content\/uploads\/2023\/12\/GOBERNADORES-CON-MILEI.png",600,331,false],"1536x1536":["https:\/\/apuntesdesanluis.com\/wp-content\/uploads\/2023\/12\/GOBERNADORES-CON-MILEI.png",600,331,false],"2048x2048":["https:\/\/apuntesdesanluis.com\/wp-content\/uploads\/2023\/12\/GOBERNADORES-CON-MILEI.png",600,331,false],"newsever-slider-full":["https:\/\/apuntesdesanluis.com\/wp-content\/uploads\/2023\/12\/GOBERNADORES-CON-MILEI.png",600,331,false],"newsever-featured":["https:\/\/apuntesdesanluis.com\/wp-content\/uploads\/2023\/12\/GOBERNADORES-CON-MILEI.png",600,331,false],"newsever-medium":["https:\/\/apuntesdesanluis.com\/wp-content\/uploads\/2023\/12\/GOBERNADORES-CON-MILEI.png",600,331,false]},"author_info":{"display_name":"apuntesdesanluis.com","author_link":"https:\/\/apuntesdesanluis.com\/index.php\/author\/apuntesdesanluis-com\/"},"category_info":"<a href=\"https:\/\/apuntesdesanluis.com\/index.php\/category\/nacionales-internacionales\/\" rel=\"category tag\">Nacionales\/Internacionales<\/a>","tag_info":"Nacionales\/Internacionales","comment_count":"0","_links":{"self":[{"href":"https:\/\/apuntesdesanluis.com\/index.php\/wp-json\/wp\/v2\/posts\/16354","targetHints":{"allow":["GET"]}}],"collection":[{"href":"https:\/\/apuntesdesanluis.com\/index.php\/wp-json\/wp\/v2\/posts"}],"about":[{"href":"https:\/\/apuntesdesanluis.com\/index.php\/wp-json\/wp\/v2\/types\/post"}],"author":[{"embeddable":true,"href":"https:\/\/apuntesdesanluis.com\/index.php\/wp-json\/wp\/v2\/users\/1"}],"replies":[{"embeddable":true,"href":"https:\/\/apuntesdesanluis.com\/index.php\/wp-json\/wp\/v2\/comments?post=16354"}],"version-history":[{"count":1,"href":"https:\/\/apuntesdesanluis.com\/index.php\/wp-json\/wp\/v2\/posts\/16354\/revisions"}],"predecessor-version":[{"id":16355,"href":"https:\/\/apuntesdesanluis.com\/index.php\/wp-json\/wp\/v2\/posts\/16354\/revisions\/16355"}],"wp:featuredmedia":[{"embeddable":true,"href":"https:\/\/apuntesdesanluis.com\/index.php\/wp-json\/wp\/v2\/media\/8663"}],"wp:attachment":[{"href":"https:\/\/apuntesdesanluis.com\/index.php\/wp-json\/wp\/v2\/media?parent=16354"}],"wp:term":[{"taxonomy":"category","embeddable":true,"href":"https:\/\/apuntesdesanluis.com\/index.php\/wp-json\/wp\/v2\/categories?post=16354"},{"taxonomy":"post_tag","embeddable":true,"href":"https:\/\/apuntesdesanluis.com\/index.php\/wp-json\/wp\/v2\/tags?post=16354"}],"curies":[{"name":"wp","href":"https:\/\/api.w.org\/{rel}","templated":true}]}}