{"id":16362,"date":"2024-05-17T23:13:47","date_gmt":"2024-05-18T02:13:47","guid":{"rendered":"https:\/\/apuntesdesanluis.com\/?p=16362"},"modified":"2024-05-17T23:14:33","modified_gmt":"2024-05-18T02:14:33","slug":"lo-alojo-la-pareja-de-su-amigo-y-la-abuso-sexualmente-6-anos-de-prision","status":"publish","type":"post","link":"https:\/\/apuntesdesanluis.com\/index.php\/2024\/05\/17\/lo-alojo-la-pareja-de-su-amigo-y-la-abuso-sexualmente-6-anos-de-prision\/","title":{"rendered":"LO ALOJ\u00d3 LA PAREJA DE SU AMIGO Y LA ABUS\u00d3 SEXUALMENTE: 6 A\u00d1OS DE PRISI\u00d3N"},"content":{"rendered":"<h3>El hecho juzgado ocurri\u00f3 en diciembre de 2021 en la casa de la v\u00edctima.<\/h3>\n<h3>La Jueza de la Sala Penal de la Tercera Circunscripci\u00f3n Judicial, Dra. Sandra Piguillem, conden\u00f3 este viernes a C.T.G., un hombre 28 a\u00f1os quien lleg\u00f3 a juicio acusado como presunto autor del delito de abuso sexual con acceso carnal.<\/h3>\n<h3>El hecho juzgado se produjo el 15 de diciembre de 2021 en la Villa de Merlo, en la casa de la v\u00edctima.<\/h3>\n<h3>El representante del Ministerio P\u00fablico Fiscal, Dr. Mario N\u00e9stor Zudaire, relat\u00f3 que la entonces pareja de la mujer, quien se encontraba en otra provincia, le pidi\u00f3 que alojara a su amigo <strong>C.T.G.<\/strong> por una noche. Luego de cenar, ella se acost\u00f3 en su cuarto junto a dos de sus hijas, mientras que el imputado se instal\u00f3 en la habitaci\u00f3n contigua. Un par de horas m\u00e1s tarde ingres\u00f3 al cuarto de la mujer, se abalanz\u00f3 sobre ella y la accedi\u00f3 carnalmente con maniobras digitales.<\/h3>\n<h3>Ante la insistencia de la damnificada, C.T.G. se retir\u00f3 de la habitaci\u00f3n, mientras ella le escribi\u00f3 a un amigo pidi\u00e9ndole que llamara a la polic\u00eda. Momentos despu\u00e9s, personal policial se present\u00f3 en el lugar y procedi\u00f3 a la aprehensi\u00f3n del presunto agresor; mientras que la v\u00edctima se dirigi\u00f3 al hospital local donde el m\u00e9dico judicial le practic\u00f3 la correspondiente pericia ginecol\u00f3gica.<\/h3>\n<h3>Este 17 de mayo, y previo a la apertura de la causa a prueba, el acusado brind\u00f3 su versi\u00f3n de los hechos, negando su participaci\u00f3n en los mismos.<\/h3>\n<h3><img fetchpriority=\"high\" decoding=\"async\" class=\"wp-image-16364 aligncenter\" src=\"https:\/\/apuntesdesanluis.com\/wp-content\/uploads\/2024\/05\/AUDIENCIA-5-300x166.png\" alt=\"\" width=\"618\" height=\"342\" srcset=\"https:\/\/apuntesdesanluis.com\/wp-content\/uploads\/2024\/05\/AUDIENCIA-5-300x166.png 300w, https:\/\/apuntesdesanluis.com\/wp-content\/uploads\/2024\/05\/AUDIENCIA-5.png 700w\" sizes=\"(max-width: 618px) 100vw, 618px\" \/><\/h3>\n<h3>A lo largo del debate, ofrecieron su declaraci\u00f3n 6 testigos: la denunciante y su amigo, una m\u00e9dica del hospital, el m\u00e9dico legista, y las dos profesionales del Cuerpo Forense que llevaron a cabo la pericia psicol\u00f3gico\/psiqui\u00e1trica al imputado.<\/h3>\n<h3>En funci\u00f3n de la prueba producida, el fiscal sostuvo la acusaci\u00f3n en contra de C.T.G. solicitando que, al momento de dictar sentencia, fuera condenado a la pena de 7 a\u00f1os de prisi\u00f3n.<\/h3>\n<h3>Como circunstancias atenuantes de la calificaci\u00f3n legal, valor\u00f3 la ausencia de antecedentes penales computables y, como agravantes, la naturaleza de la acci\u00f3n desplegada, los medios empleados para obtener el resultado, el aprovechamiento de la nocturnidad y la extensi\u00f3n del da\u00f1o causado.<\/h3>\n<h3>En contrapartida, la defensa ejercida por el Dr. Pedro Ag\u00fandez rechaz\u00f3 categ\u00f3ricamente el hecho atribuido a su representado. Asegur\u00f3 que la causa adoleci\u00f3 de numerosos vicios durante el procedimiento; que ninguna de las probanzas ofrecidas por la fiscal\u00eda pudo derribar el estado de inocencia de su defendido y, mucho menos, acreditar el acceso carnal.<\/h3>\n<h3>En virtud de lo expuesto, peticion\u00f3 su absoluci\u00f3n por el beneficio de la duda y que, en caso de condena, el hecho fuera calificado como abuso sexual simple.<\/h3>\n<h3>Sin embargo, la magistrada consider\u00f3 que tanto el hecho como la autor\u00eda del mismo estaban debidamente probados, dictando en consecuencia el siguiente veredicto: declarar a C.T.G. culpable como autor material y penalmente responsable del delito de abuso sexual con acceso carnal, conden\u00e1ndolo a sufrir la pena de 6 a\u00f1os de prisi\u00f3n, accesorias de ley y costas procesales.<\/h3>\n<p>&nbsp;<\/p>\n<p>&nbsp;<\/p>\n<p>&nbsp;<\/p>\n<p>&nbsp;<\/p>\n<p>&nbsp;<\/p>\n<p>&nbsp;<\/p>\n","protected":false},"excerpt":{"rendered":"<p>El hecho juzgado ocurri\u00f3 en diciembre de 2021 en la casa de la v\u00edctima. La&#8230;<\/p>\n","protected":false},"author":1,"featured_media":16363,"comment_status":"closed","ping_status":"closed","sticky":false,"template":"","format":"standard","meta":{"footnotes":""},"categories":[6],"tags":[],"class_list":["post-16362","post","type-post","status-publish","format-standard","has-post-thumbnail","hentry","category-ciudad-provincia"],"yoast_head":"<!-- This site is optimized with the Yoast SEO plugin v26.1.1 - https:\/\/yoast.com\/wordpress\/plugins\/seo\/ -->\n<title>LO ALOJ\u00d3 LA PAREJA DE SU AMIGO Y LA ABUS\u00d3 SEXUALMENTE: 6 A\u00d1OS DE PRISI\u00d3N - Apuntes de San Luis<\/title>\n<meta name=\"robots\" content=\"index, follow, max-snippet:-1, max-image-preview:large, max-video-preview:-1\" \/>\n<link rel=\"canonical\" href=\"https:\/\/apuntesdesanluis.com\/index.php\/2024\/05\/17\/lo-alojo-la-pareja-de-su-amigo-y-la-abuso-sexualmente-6-anos-de-prision\/\" \/>\n<meta property=\"og:locale\" content=\"es_ES\" \/>\n<meta property=\"og:type\" content=\"article\" \/>\n<meta property=\"og:title\" content=\"LO ALOJ\u00d3 LA PAREJA DE SU AMIGO Y LA ABUS\u00d3 SEXUALMENTE: 6 A\u00d1OS DE PRISI\u00d3N - Apuntes de San Luis\" \/>\n<meta property=\"og:description\" content=\"El hecho juzgado ocurri\u00f3 en diciembre de 2021 en la casa de la v\u00edctima. La...\" \/>\n<meta property=\"og:url\" content=\"https:\/\/apuntesdesanluis.com\/index.php\/2024\/05\/17\/lo-alojo-la-pareja-de-su-amigo-y-la-abuso-sexualmente-6-anos-de-prision\/\" \/>\n<meta property=\"og:site_name\" content=\"Apuntes de San Luis\" \/>\n<meta property=\"article:published_time\" content=\"2024-05-18T02:13:47+00:00\" \/>\n<meta property=\"article:modified_time\" content=\"2024-05-18T02:14:33+00:00\" \/>\n<meta property=\"og:image\" content=\"https:\/\/apuntesdesanluis.com\/wp-content\/uploads\/2024\/05\/ACUSADO.png\" \/>\n\t<meta property=\"og:image:width\" content=\"700\" \/>\n\t<meta property=\"og:image:height\" content=\"381\" \/>\n\t<meta property=\"og:image:type\" content=\"image\/png\" \/>\n<meta name=\"author\" content=\"apuntesdesanluis.com\" \/>\n<meta name=\"twitter:card\" content=\"summary_large_image\" \/>\n<meta name=\"twitter:label1\" content=\"Escrito por\" \/>\n\t<meta name=\"twitter:data1\" content=\"apuntesdesanluis.com\" \/>\n\t<meta name=\"twitter:label2\" content=\"Tiempo de lectura\" \/>\n\t<meta name=\"twitter:data2\" content=\"3 minutos\" \/>\n<script type=\"application\/ld+json\" class=\"yoast-schema-graph\">{\"@context\":\"https:\/\/schema.org\",\"@graph\":[{\"@type\":\"Article\",\"@id\":\"https:\/\/apuntesdesanluis.com\/index.php\/2024\/05\/17\/lo-alojo-la-pareja-de-su-amigo-y-la-abuso-sexualmente-6-anos-de-prision\/#article\",\"isPartOf\":{\"@id\":\"https:\/\/apuntesdesanluis.com\/index.php\/2024\/05\/17\/lo-alojo-la-pareja-de-su-amigo-y-la-abuso-sexualmente-6-anos-de-prision\/\"},\"author\":{\"name\":\"apuntesdesanluis.com\",\"@id\":\"https:\/\/apuntesdesanluis.com\/#\/schema\/person\/b55151d52296fcce64d1a72538a70b90\"},\"headline\":\"LO ALOJ\u00d3 LA PAREJA DE SU AMIGO Y LA ABUS\u00d3 SEXUALMENTE: 6 A\u00d1OS DE PRISI\u00d3N\",\"datePublished\":\"2024-05-18T02:13:47+00:00\",\"dateModified\":\"2024-05-18T02:14:33+00:00\",\"mainEntityOfPage\":{\"@id\":\"https:\/\/apuntesdesanluis.com\/index.php\/2024\/05\/17\/lo-alojo-la-pareja-de-su-amigo-y-la-abuso-sexualmente-6-anos-de-prision\/\"},\"wordCount\":561,\"publisher\":{\"@id\":\"https:\/\/apuntesdesanluis.com\/#\/schema\/person\/b55151d52296fcce64d1a72538a70b90\"},\"image\":{\"@id\":\"https:\/\/apuntesdesanluis.com\/index.php\/2024\/05\/17\/lo-alojo-la-pareja-de-su-amigo-y-la-abuso-sexualmente-6-anos-de-prision\/#primaryimage\"},\"thumbnailUrl\":\"https:\/\/apuntesdesanluis.com\/wp-content\/uploads\/2024\/05\/ACUSADO.png\",\"articleSection\":[\"Ciudad\/Provincia\"],\"inLanguage\":\"es-AR\"},{\"@type\":\"WebPage\",\"@id\":\"https:\/\/apuntesdesanluis.com\/index.php\/2024\/05\/17\/lo-alojo-la-pareja-de-su-amigo-y-la-abuso-sexualmente-6-anos-de-prision\/\",\"url\":\"https:\/\/apuntesdesanluis.com\/index.php\/2024\/05\/17\/lo-alojo-la-pareja-de-su-amigo-y-la-abuso-sexualmente-6-anos-de-prision\/\",\"name\":\"LO ALOJ\u00d3 LA PAREJA DE SU AMIGO Y LA ABUS\u00d3 SEXUALMENTE: 6 A\u00d1OS DE PRISI\u00d3N - Apuntes de San Luis\",\"isPartOf\":{\"@id\":\"https:\/\/apuntesdesanluis.com\/#website\"},\"primaryImageOfPage\":{\"@id\":\"https:\/\/apuntesdesanluis.com\/index.php\/2024\/05\/17\/lo-alojo-la-pareja-de-su-amigo-y-la-abuso-sexualmente-6-anos-de-prision\/#primaryimage\"},\"image\":{\"@id\":\"https:\/\/apuntesdesanluis.com\/index.php\/2024\/05\/17\/lo-alojo-la-pareja-de-su-amigo-y-la-abuso-sexualmente-6-anos-de-prision\/#primaryimage\"},\"thumbnailUrl\":\"https:\/\/apuntesdesanluis.com\/wp-content\/uploads\/2024\/05\/ACUSADO.png\",\"datePublished\":\"2024-05-18T02:13:47+00:00\",\"dateModified\":\"2024-05-18T02:14:33+00:00\",\"breadcrumb\":{\"@id\":\"https:\/\/apuntesdesanluis.com\/index.php\/2024\/05\/17\/lo-alojo-la-pareja-de-su-amigo-y-la-abuso-sexualmente-6-anos-de-prision\/#breadcrumb\"},\"inLanguage\":\"es-AR\",\"potentialAction\":[{\"@type\":\"ReadAction\",\"target\":[\"https:\/\/apuntesdesanluis.com\/index.php\/2024\/05\/17\/lo-alojo-la-pareja-de-su-amigo-y-la-abuso-sexualmente-6-anos-de-prision\/\"]}]},{\"@type\":\"ImageObject\",\"inLanguage\":\"es-AR\",\"@id\":\"https:\/\/apuntesdesanluis.com\/index.php\/2024\/05\/17\/lo-alojo-la-pareja-de-su-amigo-y-la-abuso-sexualmente-6-anos-de-prision\/#primaryimage\",\"url\":\"https:\/\/apuntesdesanluis.com\/wp-content\/uploads\/2024\/05\/ACUSADO.png\",\"contentUrl\":\"https:\/\/apuntesdesanluis.com\/wp-content\/uploads\/2024\/05\/ACUSADO.png\",\"width\":700,\"height\":381},{\"@type\":\"BreadcrumbList\",\"@id\":\"https:\/\/apuntesdesanluis.com\/index.php\/2024\/05\/17\/lo-alojo-la-pareja-de-su-amigo-y-la-abuso-sexualmente-6-anos-de-prision\/#breadcrumb\",\"itemListElement\":[{\"@type\":\"ListItem\",\"position\":1,\"name\":\"Inicio\",\"item\":\"https:\/\/apuntesdesanluis.com\/\"},{\"@type\":\"ListItem\",\"position\":2,\"name\":\"LO ALOJ\u00d3 LA PAREJA DE SU AMIGO Y LA ABUS\u00d3 SEXUALMENTE: 6 A\u00d1OS DE PRISI\u00d3N\"}]},{\"@type\":\"WebSite\",\"@id\":\"https:\/\/apuntesdesanluis.com\/#website\",\"url\":\"https:\/\/apuntesdesanluis.com\/\",\"name\":\"Apuntes de San Luis\",\"description\":\"\",\"publisher\":{\"@id\":\"https:\/\/apuntesdesanluis.com\/#\/schema\/person\/b55151d52296fcce64d1a72538a70b90\"},\"potentialAction\":[{\"@type\":\"SearchAction\",\"target\":{\"@type\":\"EntryPoint\",\"urlTemplate\":\"https:\/\/apuntesdesanluis.com\/?s={search_term_string}\"},\"query-input\":{\"@type\":\"PropertyValueSpecification\",\"valueRequired\":true,\"valueName\":\"search_term_string\"}}],\"inLanguage\":\"es-AR\"},{\"@type\":[\"Person\",\"Organization\"],\"@id\":\"https:\/\/apuntesdesanluis.com\/#\/schema\/person\/b55151d52296fcce64d1a72538a70b90\",\"name\":\"apuntesdesanluis.com\",\"image\":{\"@type\":\"ImageObject\",\"inLanguage\":\"es-AR\",\"@id\":\"https:\/\/apuntesdesanluis.com\/#\/schema\/person\/image\/\",\"url\":\"https:\/\/apuntesdesanluis.com\/wp-content\/uploads\/2023\/07\/cropped-apuntesdesanluis.png\",\"contentUrl\":\"https:\/\/apuntesdesanluis.com\/wp-content\/uploads\/2023\/07\/cropped-apuntesdesanluis.png\",\"width\":450,\"height\":112,\"caption\":\"apuntesdesanluis.com\"},\"logo\":{\"@id\":\"https:\/\/apuntesdesanluis.com\/#\/schema\/person\/image\/\"},\"sameAs\":[\"https:\/\/apuntesdesanluis.com\"],\"url\":\"https:\/\/apuntesdesanluis.com\/index.php\/author\/apuntesdesanluis-com\/\"}]}<\/script>\n<!-- \/ Yoast SEO plugin. -->","yoast_head_json":{"title":"LO ALOJ\u00d3 LA PAREJA DE SU AMIGO Y LA ABUS\u00d3 SEXUALMENTE: 6 A\u00d1OS DE PRISI\u00d3N - Apuntes de San Luis","robots":{"index":"index","follow":"follow","max-snippet":"max-snippet:-1","max-image-preview":"max-image-preview:large","max-video-preview":"max-video-preview:-1"},"canonical":"https:\/\/apuntesdesanluis.com\/index.php\/2024\/05\/17\/lo-alojo-la-pareja-de-su-amigo-y-la-abuso-sexualmente-6-anos-de-prision\/","og_locale":"es_ES","og_type":"article","og_title":"LO ALOJ\u00d3 LA PAREJA DE SU AMIGO Y LA ABUS\u00d3 SEXUALMENTE: 6 A\u00d1OS DE PRISI\u00d3N - Apuntes de San Luis","og_description":"El hecho juzgado ocurri\u00f3 en diciembre de 2021 en la casa de la v\u00edctima. La...","og_url":"https:\/\/apuntesdesanluis.com\/index.php\/2024\/05\/17\/lo-alojo-la-pareja-de-su-amigo-y-la-abuso-sexualmente-6-anos-de-prision\/","og_site_name":"Apuntes de San Luis","article_published_time":"2024-05-18T02:13:47+00:00","article_modified_time":"2024-05-18T02:14:33+00:00","og_image":[{"width":700,"height":381,"url":"https:\/\/apuntesdesanluis.com\/wp-content\/uploads\/2024\/05\/ACUSADO.png","type":"image\/png"}],"author":"apuntesdesanluis.com","twitter_card":"summary_large_image","twitter_misc":{"Escrito por":"apuntesdesanluis.com","Tiempo de lectura":"3 minutos"},"schema":{"@context":"https:\/\/schema.org","@graph":[{"@type":"Article","@id":"https:\/\/apuntesdesanluis.com\/index.php\/2024\/05\/17\/lo-alojo-la-pareja-de-su-amigo-y-la-abuso-sexualmente-6-anos-de-prision\/#article","isPartOf":{"@id":"https:\/\/apuntesdesanluis.com\/index.php\/2024\/05\/17\/lo-alojo-la-pareja-de-su-amigo-y-la-abuso-sexualmente-6-anos-de-prision\/"},"author":{"name":"apuntesdesanluis.com","@id":"https:\/\/apuntesdesanluis.com\/#\/schema\/person\/b55151d52296fcce64d1a72538a70b90"},"headline":"LO ALOJ\u00d3 LA PAREJA DE SU AMIGO Y LA ABUS\u00d3 SEXUALMENTE: 6 A\u00d1OS DE PRISI\u00d3N","datePublished":"2024-05-18T02:13:47+00:00","dateModified":"2024-05-18T02:14:33+00:00","mainEntityOfPage":{"@id":"https:\/\/apuntesdesanluis.com\/index.php\/2024\/05\/17\/lo-alojo-la-pareja-de-su-amigo-y-la-abuso-sexualmente-6-anos-de-prision\/"},"wordCount":561,"publisher":{"@id":"https:\/\/apuntesdesanluis.com\/#\/schema\/person\/b55151d52296fcce64d1a72538a70b90"},"image":{"@id":"https:\/\/apuntesdesanluis.com\/index.php\/2024\/05\/17\/lo-alojo-la-pareja-de-su-amigo-y-la-abuso-sexualmente-6-anos-de-prision\/#primaryimage"},"thumbnailUrl":"https:\/\/apuntesdesanluis.com\/wp-content\/uploads\/2024\/05\/ACUSADO.png","articleSection":["Ciudad\/Provincia"],"inLanguage":"es-AR"},{"@type":"WebPage","@id":"https:\/\/apuntesdesanluis.com\/index.php\/2024\/05\/17\/lo-alojo-la-pareja-de-su-amigo-y-la-abuso-sexualmente-6-anos-de-prision\/","url":"https:\/\/apuntesdesanluis.com\/index.php\/2024\/05\/17\/lo-alojo-la-pareja-de-su-amigo-y-la-abuso-sexualmente-6-anos-de-prision\/","name":"LO ALOJ\u00d3 LA PAREJA DE SU AMIGO Y LA ABUS\u00d3 SEXUALMENTE: 6 A\u00d1OS DE PRISI\u00d3N - Apuntes de San Luis","isPartOf":{"@id":"https:\/\/apuntesdesanluis.com\/#website"},"primaryImageOfPage":{"@id":"https:\/\/apuntesdesanluis.com\/index.php\/2024\/05\/17\/lo-alojo-la-pareja-de-su-amigo-y-la-abuso-sexualmente-6-anos-de-prision\/#primaryimage"},"image":{"@id":"https:\/\/apuntesdesanluis.com\/index.php\/2024\/05\/17\/lo-alojo-la-pareja-de-su-amigo-y-la-abuso-sexualmente-6-anos-de-prision\/#primaryimage"},"thumbnailUrl":"https:\/\/apuntesdesanluis.com\/wp-content\/uploads\/2024\/05\/ACUSADO.png","datePublished":"2024-05-18T02:13:47+00:00","dateModified":"2024-05-18T02:14:33+00:00","breadcrumb":{"@id":"https:\/\/apuntesdesanluis.com\/index.php\/2024\/05\/17\/lo-alojo-la-pareja-de-su-amigo-y-la-abuso-sexualmente-6-anos-de-prision\/#breadcrumb"},"inLanguage":"es-AR","potentialAction":[{"@type":"ReadAction","target":["https:\/\/apuntesdesanluis.com\/index.php\/2024\/05\/17\/lo-alojo-la-pareja-de-su-amigo-y-la-abuso-sexualmente-6-anos-de-prision\/"]}]},{"@type":"ImageObject","inLanguage":"es-AR","@id":"https:\/\/apuntesdesanluis.com\/index.php\/2024\/05\/17\/lo-alojo-la-pareja-de-su-amigo-y-la-abuso-sexualmente-6-anos-de-prision\/#primaryimage","url":"https:\/\/apuntesdesanluis.com\/wp-content\/uploads\/2024\/05\/ACUSADO.png","contentUrl":"https:\/\/apuntesdesanluis.com\/wp-content\/uploads\/2024\/05\/ACUSADO.png","width":700,"height":381},{"@type":"BreadcrumbList","@id":"https:\/\/apuntesdesanluis.com\/index.php\/2024\/05\/17\/lo-alojo-la-pareja-de-su-amigo-y-la-abuso-sexualmente-6-anos-de-prision\/#breadcrumb","itemListElement":[{"@type":"ListItem","position":1,"name":"Inicio","item":"https:\/\/apuntesdesanluis.com\/"},{"@type":"ListItem","position":2,"name":"LO ALOJ\u00d3 LA PAREJA DE SU AMIGO Y LA ABUS\u00d3 SEXUALMENTE: 6 A\u00d1OS DE PRISI\u00d3N"}]},{"@type":"WebSite","@id":"https:\/\/apuntesdesanluis.com\/#website","url":"https:\/\/apuntesdesanluis.com\/","name":"Apuntes de San Luis","description":"","publisher":{"@id":"https:\/\/apuntesdesanluis.com\/#\/schema\/person\/b55151d52296fcce64d1a72538a70b90"},"potentialAction":[{"@type":"SearchAction","target":{"@type":"EntryPoint","urlTemplate":"https:\/\/apuntesdesanluis.com\/?s={search_term_string}"},"query-input":{"@type":"PropertyValueSpecification","valueRequired":true,"valueName":"search_term_string"}}],"inLanguage":"es-AR"},{"@type":["Person","Organization"],"@id":"https:\/\/apuntesdesanluis.com\/#\/schema\/person\/b55151d52296fcce64d1a72538a70b90","name":"apuntesdesanluis.com","image":{"@type":"ImageObject","inLanguage":"es-AR","@id":"https:\/\/apuntesdesanluis.com\/#\/schema\/person\/image\/","url":"https:\/\/apuntesdesanluis.com\/wp-content\/uploads\/2023\/07\/cropped-apuntesdesanluis.png","contentUrl":"https:\/\/apuntesdesanluis.com\/wp-content\/uploads\/2023\/07\/cropped-apuntesdesanluis.png","width":450,"height":112,"caption":"apuntesdesanluis.com"},"logo":{"@id":"https:\/\/apuntesdesanluis.com\/#\/schema\/person\/image\/"},"sameAs":["https:\/\/apuntesdesanluis.com"],"url":"https:\/\/apuntesdesanluis.com\/index.php\/author\/apuntesdesanluis-com\/"}]}},"featured_image_urls":{"full":["https:\/\/apuntesdesanluis.com\/wp-content\/uploads\/2024\/05\/ACUSADO.png",700,381,false],"thumbnail":["https:\/\/apuntesdesanluis.com\/wp-content\/uploads\/2024\/05\/ACUSADO-150x150.png",150,150,true],"medium":["https:\/\/apuntesdesanluis.com\/wp-content\/uploads\/2024\/05\/ACUSADO-300x163.png",300,163,true],"medium_large":["https:\/\/apuntesdesanluis.com\/wp-content\/uploads\/2024\/05\/ACUSADO.png",640,348,false],"large":["https:\/\/apuntesdesanluis.com\/wp-content\/uploads\/2024\/05\/ACUSADO.png",640,348,false],"1536x1536":["https:\/\/apuntesdesanluis.com\/wp-content\/uploads\/2024\/05\/ACUSADO.png",700,381,false],"2048x2048":["https:\/\/apuntesdesanluis.com\/wp-content\/uploads\/2024\/05\/ACUSADO.png",700,381,false],"newsever-slider-full":["https:\/\/apuntesdesanluis.com\/wp-content\/uploads\/2024\/05\/ACUSADO.png",700,381,false],"newsever-featured":["https:\/\/apuntesdesanluis.com\/wp-content\/uploads\/2024\/05\/ACUSADO.png",700,381,false],"newsever-medium":["https:\/\/apuntesdesanluis.com\/wp-content\/uploads\/2024\/05\/ACUSADO.png",700,381,false]},"author_info":{"display_name":"apuntesdesanluis.com","author_link":"https:\/\/apuntesdesanluis.com\/index.php\/author\/apuntesdesanluis-com\/"},"category_info":"<a href=\"https:\/\/apuntesdesanluis.com\/index.php\/category\/ciudad-provincia\/\" rel=\"category tag\">Ciudad\/Provincia<\/a>","tag_info":"Ciudad\/Provincia","comment_count":"0","_links":{"self":[{"href":"https:\/\/apuntesdesanluis.com\/index.php\/wp-json\/wp\/v2\/posts\/16362","targetHints":{"allow":["GET"]}}],"collection":[{"href":"https:\/\/apuntesdesanluis.com\/index.php\/wp-json\/wp\/v2\/posts"}],"about":[{"href":"https:\/\/apuntesdesanluis.com\/index.php\/wp-json\/wp\/v2\/types\/post"}],"author":[{"embeddable":true,"href":"https:\/\/apuntesdesanluis.com\/index.php\/wp-json\/wp\/v2\/users\/1"}],"replies":[{"embeddable":true,"href":"https:\/\/apuntesdesanluis.com\/index.php\/wp-json\/wp\/v2\/comments?post=16362"}],"version-history":[{"count":2,"href":"https:\/\/apuntesdesanluis.com\/index.php\/wp-json\/wp\/v2\/posts\/16362\/revisions"}],"predecessor-version":[{"id":16366,"href":"https:\/\/apuntesdesanluis.com\/index.php\/wp-json\/wp\/v2\/posts\/16362\/revisions\/16366"}],"wp:featuredmedia":[{"embeddable":true,"href":"https:\/\/apuntesdesanluis.com\/index.php\/wp-json\/wp\/v2\/media\/16363"}],"wp:attachment":[{"href":"https:\/\/apuntesdesanluis.com\/index.php\/wp-json\/wp\/v2\/media?parent=16362"}],"wp:term":[{"taxonomy":"category","embeddable":true,"href":"https:\/\/apuntesdesanluis.com\/index.php\/wp-json\/wp\/v2\/categories?post=16362"},{"taxonomy":"post_tag","embeddable":true,"href":"https:\/\/apuntesdesanluis.com\/index.php\/wp-json\/wp\/v2\/tags?post=16362"}],"curies":[{"name":"wp","href":"https:\/\/api.w.org\/{rel}","templated":true}]}}