{"id":16367,"date":"2024-05-17T23:24:01","date_gmt":"2024-05-18T02:24:01","guid":{"rendered":"https:\/\/apuntesdesanluis.com\/?p=16367"},"modified":"2024-05-17T23:24:38","modified_gmt":"2024-05-18T02:24:38","slug":"fcejs-estudiantes-avanzados-realizaran-practicas-preprofesionales-en-el-policlinico-regional","status":"publish","type":"post","link":"https:\/\/apuntesdesanluis.com\/index.php\/2024\/05\/17\/fcejs-estudiantes-avanzados-realizaran-practicas-preprofesionales-en-el-policlinico-regional\/","title":{"rendered":"FCEJS: ESTUDIANTES AVANZADOS REALIZAR\u00c1N PR\u00c1CTICAS PREPROFESIONALES EN EL POLICL\u00cdNICO REGIONAL"},"content":{"rendered":"<h3>La Facultad de Ciencias Eecon\u00f3micas Jur\u00eddicas y Ssociales\u00a0 afianza su v\u00ednculo con la comunidad villamercedina. Al mediod\u00eda del jueves 16 de mayo, la Decana, Mgtr. <strong>Roxanna Camiletti<\/strong>, en representaci\u00f3n de la FCEJS, firm\u00f3 un nuevo convenio espec\u00edfico con el <strong>Policl\u00ednico Regional Juan D. Per\u00f3n<\/strong>, que permitir\u00e1 a los estudiantes avanzados concretar sus pr\u00e1cticas pre profesionales, requisito exigido por los actuales planes de estudio de las diversas carreras de la FCEJS.<\/h3>\n<h3>La firma se formaliz\u00f3 al mediod\u00eda del jueves 16 de mayo, en el despacho privado de la Directora del Policl\u00ednico Regional Juan Domingo Per\u00f3n, Dra. <strong>Berta Arenas<\/strong>. La reuni\u00f3n estuvo presidida por el Vicerrector de la UNSL, <strong>H\u00e9ctor Flores<\/strong>; acompa\u00f1ado por la Decana de la FCEJS, <strong>Roxanna Camiletti<\/strong>, la Secretaria Acad\u00e9mica, Esp. <strong>Patricia Mor\u00e1n<\/strong> y la Subsecretaria de Comunicaci\u00f3n, Ceremonial y Protocolo, Abg. <strong>Ailin Umpierrez Varela<\/strong>. La mesa tambi\u00e9n estuvo integrada por responsables de los servicios del nosocomio y personal administrativo.<\/h3>\n<h3><img fetchpriority=\"high\" decoding=\"async\" class=\"wp-image-16369 aligncenter\" src=\"https:\/\/apuntesdesanluis.com\/wp-content\/uploads\/2024\/05\/fcejs-camiletti-300x190.png\" alt=\"\" width=\"609\" height=\"386\" srcset=\"https:\/\/apuntesdesanluis.com\/wp-content\/uploads\/2024\/05\/fcejs-camiletti-300x190.png 300w, https:\/\/apuntesdesanluis.com\/wp-content\/uploads\/2024\/05\/fcejs-camiletti-768x488.png 768w, https:\/\/apuntesdesanluis.com\/wp-content\/uploads\/2024\/05\/fcejs-camiletti.png 857w\" sizes=\"(max-width: 609px) 100vw, 609px\" \/><\/h3>\n<h3>Este nuevo vinculo convenio espec\u00edfico permitir\u00e1 a los futuros profesionales, la adquisici\u00f3n de las m\u00e1s modernas herramientas pr\u00e1cticas, complementando de esa manera su formaci\u00f3n te\u00f3rica, en el marco del programa de Pr\u00e1ctica Preprofesional. La FCEJS tendr\u00e1 a su cargo la selecci\u00f3n, direcci\u00f3n y control de los\/as estudiantes en pr\u00e1cticas profesionales supervisadas. El Policl\u00ednico Regional, tambi\u00e9n podr\u00e1 participar en el proceso de selecci\u00f3n y asumir\u00e1 la organizaci\u00f3n interna en el desarrollo de la pr\u00e1ctica profesional supervisada, comprometi\u00e9ndose asimismo a suministrar toda la informaci\u00f3n requerida para efectivizar una adecuada implementaci\u00f3n de los programas.<\/h3>\n<h3>Ambas instituciones se comprometieron a respetar la libertad cient\u00edfica de los estudios e investigaciones, gozando los\/as estudiantes en pr\u00e1ctica pre profesional de plena independencia intelectual y de expresi\u00f3n de sus ideas con relaci\u00f3n a las conclusiones a que arribaren.<\/h3>\n<p><img decoding=\"async\" class=\"wp-image-16368 aligncenter\" src=\"https:\/\/apuntesdesanluis.com\/wp-content\/uploads\/2024\/05\/fcjs-grupal-300x177.png\" alt=\"\" width=\"610\" height=\"360\" srcset=\"https:\/\/apuntesdesanluis.com\/wp-content\/uploads\/2024\/05\/fcjs-grupal-300x177.png 300w, https:\/\/apuntesdesanluis.com\/wp-content\/uploads\/2024\/05\/fcjs-grupal.png 700w\" sizes=\"(max-width: 610px) 100vw, 610px\" \/><\/p>\n<p>&nbsp;<\/p>\n<p>&nbsp;<\/p>\n<p>&nbsp;<\/p>\n<p>&nbsp;<\/p>\n<p>&nbsp;<\/p>\n<p>&nbsp;<\/p>\n","protected":false},"excerpt":{"rendered":"<p>La Facultad de Ciencias Eecon\u00f3micas Jur\u00eddicas y Ssociales\u00a0 afianza su v\u00ednculo con la comunidad villamercedina&#8230;.<\/p>\n","protected":false},"author":1,"featured_media":16370,"comment_status":"closed","ping_status":"closed","sticky":false,"template":"","format":"standard","meta":{"footnotes":""},"categories":[6],"tags":[],"class_list":["post-16367","post","type-post","status-publish","format-standard","has-post-thumbnail","hentry","category-ciudad-provincia"],"yoast_head":"<!-- This site is optimized with the Yoast SEO plugin v26.1.1 - https:\/\/yoast.com\/wordpress\/plugins\/seo\/ -->\n<title>FCEJS: ESTUDIANTES AVANZADOS REALIZAR\u00c1N PR\u00c1CTICAS PREPROFESIONALES EN EL POLICL\u00cdNICO REGIONAL - Apuntes de San Luis<\/title>\n<meta name=\"robots\" content=\"index, follow, max-snippet:-1, max-image-preview:large, max-video-preview:-1\" \/>\n<link rel=\"canonical\" href=\"https:\/\/apuntesdesanluis.com\/index.php\/2024\/05\/17\/fcejs-estudiantes-avanzados-realizaran-practicas-preprofesionales-en-el-policlinico-regional\/\" \/>\n<meta property=\"og:locale\" content=\"es_ES\" \/>\n<meta property=\"og:type\" content=\"article\" \/>\n<meta property=\"og:title\" content=\"FCEJS: ESTUDIANTES AVANZADOS REALIZAR\u00c1N PR\u00c1CTICAS PREPROFESIONALES EN EL POLICL\u00cdNICO REGIONAL - Apuntes de San Luis\" \/>\n<meta property=\"og:description\" content=\"La Facultad de Ciencias Eecon\u00f3micas Jur\u00eddicas y Ssociales\u00a0 afianza su v\u00ednculo con la comunidad villamercedina....\" \/>\n<meta property=\"og:url\" content=\"https:\/\/apuntesdesanluis.com\/index.php\/2024\/05\/17\/fcejs-estudiantes-avanzados-realizaran-practicas-preprofesionales-en-el-policlinico-regional\/\" \/>\n<meta property=\"og:site_name\" content=\"Apuntes de San Luis\" \/>\n<meta property=\"article:published_time\" content=\"2024-05-18T02:24:01+00:00\" \/>\n<meta property=\"article:modified_time\" content=\"2024-05-18T02:24:38+00:00\" \/>\n<meta property=\"og:image\" content=\"https:\/\/apuntesdesanluis.com\/wp-content\/uploads\/2024\/05\/fcejs.png\" \/>\n\t<meta property=\"og:image:width\" content=\"700\" \/>\n\t<meta property=\"og:image:height\" content=\"433\" \/>\n\t<meta property=\"og:image:type\" content=\"image\/png\" \/>\n<meta name=\"author\" content=\"apuntesdesanluis.com\" \/>\n<meta name=\"twitter:card\" content=\"summary_large_image\" \/>\n<meta name=\"twitter:label1\" content=\"Escrito por\" \/>\n\t<meta name=\"twitter:data1\" content=\"apuntesdesanluis.com\" \/>\n\t<meta name=\"twitter:label2\" content=\"Tiempo de lectura\" \/>\n\t<meta name=\"twitter:data2\" content=\"2 minutos\" \/>\n<script type=\"application\/ld+json\" class=\"yoast-schema-graph\">{\"@context\":\"https:\/\/schema.org\",\"@graph\":[{\"@type\":\"Article\",\"@id\":\"https:\/\/apuntesdesanluis.com\/index.php\/2024\/05\/17\/fcejs-estudiantes-avanzados-realizaran-practicas-preprofesionales-en-el-policlinico-regional\/#article\",\"isPartOf\":{\"@id\":\"https:\/\/apuntesdesanluis.com\/index.php\/2024\/05\/17\/fcejs-estudiantes-avanzados-realizaran-practicas-preprofesionales-en-el-policlinico-regional\/\"},\"author\":{\"name\":\"apuntesdesanluis.com\",\"@id\":\"https:\/\/apuntesdesanluis.com\/#\/schema\/person\/b55151d52296fcce64d1a72538a70b90\"},\"headline\":\"FCEJS: ESTUDIANTES AVANZADOS REALIZAR\u00c1N PR\u00c1CTICAS PREPROFESIONALES EN EL POLICL\u00cdNICO REGIONAL\",\"datePublished\":\"2024-05-18T02:24:01+00:00\",\"dateModified\":\"2024-05-18T02:24:38+00:00\",\"mainEntityOfPage\":{\"@id\":\"https:\/\/apuntesdesanluis.com\/index.php\/2024\/05\/17\/fcejs-estudiantes-avanzados-realizaran-practicas-preprofesionales-en-el-policlinico-regional\/\"},\"wordCount\":341,\"publisher\":{\"@id\":\"https:\/\/apuntesdesanluis.com\/#\/schema\/person\/b55151d52296fcce64d1a72538a70b90\"},\"image\":{\"@id\":\"https:\/\/apuntesdesanluis.com\/index.php\/2024\/05\/17\/fcejs-estudiantes-avanzados-realizaran-practicas-preprofesionales-en-el-policlinico-regional\/#primaryimage\"},\"thumbnailUrl\":\"https:\/\/apuntesdesanluis.com\/wp-content\/uploads\/2024\/05\/fcejs.png\",\"articleSection\":[\"Ciudad\/Provincia\"],\"inLanguage\":\"es-AR\"},{\"@type\":\"WebPage\",\"@id\":\"https:\/\/apuntesdesanluis.com\/index.php\/2024\/05\/17\/fcejs-estudiantes-avanzados-realizaran-practicas-preprofesionales-en-el-policlinico-regional\/\",\"url\":\"https:\/\/apuntesdesanluis.com\/index.php\/2024\/05\/17\/fcejs-estudiantes-avanzados-realizaran-practicas-preprofesionales-en-el-policlinico-regional\/\",\"name\":\"FCEJS: ESTUDIANTES AVANZADOS REALIZAR\u00c1N PR\u00c1CTICAS PREPROFESIONALES EN EL POLICL\u00cdNICO REGIONAL - Apuntes de San Luis\",\"isPartOf\":{\"@id\":\"https:\/\/apuntesdesanluis.com\/#website\"},\"primaryImageOfPage\":{\"@id\":\"https:\/\/apuntesdesanluis.com\/index.php\/2024\/05\/17\/fcejs-estudiantes-avanzados-realizaran-practicas-preprofesionales-en-el-policlinico-regional\/#primaryimage\"},\"image\":{\"@id\":\"https:\/\/apuntesdesanluis.com\/index.php\/2024\/05\/17\/fcejs-estudiantes-avanzados-realizaran-practicas-preprofesionales-en-el-policlinico-regional\/#primaryimage\"},\"thumbnailUrl\":\"https:\/\/apuntesdesanluis.com\/wp-content\/uploads\/2024\/05\/fcejs.png\",\"datePublished\":\"2024-05-18T02:24:01+00:00\",\"dateModified\":\"2024-05-18T02:24:38+00:00\",\"breadcrumb\":{\"@id\":\"https:\/\/apuntesdesanluis.com\/index.php\/2024\/05\/17\/fcejs-estudiantes-avanzados-realizaran-practicas-preprofesionales-en-el-policlinico-regional\/#breadcrumb\"},\"inLanguage\":\"es-AR\",\"potentialAction\":[{\"@type\":\"ReadAction\",\"target\":[\"https:\/\/apuntesdesanluis.com\/index.php\/2024\/05\/17\/fcejs-estudiantes-avanzados-realizaran-practicas-preprofesionales-en-el-policlinico-regional\/\"]}]},{\"@type\":\"ImageObject\",\"inLanguage\":\"es-AR\",\"@id\":\"https:\/\/apuntesdesanluis.com\/index.php\/2024\/05\/17\/fcejs-estudiantes-avanzados-realizaran-practicas-preprofesionales-en-el-policlinico-regional\/#primaryimage\",\"url\":\"https:\/\/apuntesdesanluis.com\/wp-content\/uploads\/2024\/05\/fcejs.png\",\"contentUrl\":\"https:\/\/apuntesdesanluis.com\/wp-content\/uploads\/2024\/05\/fcejs.png\",\"width\":700,\"height\":433},{\"@type\":\"BreadcrumbList\",\"@id\":\"https:\/\/apuntesdesanluis.com\/index.php\/2024\/05\/17\/fcejs-estudiantes-avanzados-realizaran-practicas-preprofesionales-en-el-policlinico-regional\/#breadcrumb\",\"itemListElement\":[{\"@type\":\"ListItem\",\"position\":1,\"name\":\"Inicio\",\"item\":\"https:\/\/apuntesdesanluis.com\/\"},{\"@type\":\"ListItem\",\"position\":2,\"name\":\"FCEJS: ESTUDIANTES AVANZADOS REALIZAR\u00c1N PR\u00c1CTICAS PREPROFESIONALES EN EL POLICL\u00cdNICO REGIONAL\"}]},{\"@type\":\"WebSite\",\"@id\":\"https:\/\/apuntesdesanluis.com\/#website\",\"url\":\"https:\/\/apuntesdesanluis.com\/\",\"name\":\"Apuntes de San Luis\",\"description\":\"\",\"publisher\":{\"@id\":\"https:\/\/apuntesdesanluis.com\/#\/schema\/person\/b55151d52296fcce64d1a72538a70b90\"},\"potentialAction\":[{\"@type\":\"SearchAction\",\"target\":{\"@type\":\"EntryPoint\",\"urlTemplate\":\"https:\/\/apuntesdesanluis.com\/?s={search_term_string}\"},\"query-input\":{\"@type\":\"PropertyValueSpecification\",\"valueRequired\":true,\"valueName\":\"search_term_string\"}}],\"inLanguage\":\"es-AR\"},{\"@type\":[\"Person\",\"Organization\"],\"@id\":\"https:\/\/apuntesdesanluis.com\/#\/schema\/person\/b55151d52296fcce64d1a72538a70b90\",\"name\":\"apuntesdesanluis.com\",\"image\":{\"@type\":\"ImageObject\",\"inLanguage\":\"es-AR\",\"@id\":\"https:\/\/apuntesdesanluis.com\/#\/schema\/person\/image\/\",\"url\":\"https:\/\/apuntesdesanluis.com\/wp-content\/uploads\/2023\/07\/cropped-apuntesdesanluis.png\",\"contentUrl\":\"https:\/\/apuntesdesanluis.com\/wp-content\/uploads\/2023\/07\/cropped-apuntesdesanluis.png\",\"width\":450,\"height\":112,\"caption\":\"apuntesdesanluis.com\"},\"logo\":{\"@id\":\"https:\/\/apuntesdesanluis.com\/#\/schema\/person\/image\/\"},\"sameAs\":[\"https:\/\/apuntesdesanluis.com\"],\"url\":\"https:\/\/apuntesdesanluis.com\/index.php\/author\/apuntesdesanluis-com\/\"}]}<\/script>\n<!-- \/ Yoast SEO plugin. -->","yoast_head_json":{"title":"FCEJS: ESTUDIANTES AVANZADOS REALIZAR\u00c1N PR\u00c1CTICAS PREPROFESIONALES EN EL POLICL\u00cdNICO REGIONAL - Apuntes de San Luis","robots":{"index":"index","follow":"follow","max-snippet":"max-snippet:-1","max-image-preview":"max-image-preview:large","max-video-preview":"max-video-preview:-1"},"canonical":"https:\/\/apuntesdesanluis.com\/index.php\/2024\/05\/17\/fcejs-estudiantes-avanzados-realizaran-practicas-preprofesionales-en-el-policlinico-regional\/","og_locale":"es_ES","og_type":"article","og_title":"FCEJS: ESTUDIANTES AVANZADOS REALIZAR\u00c1N PR\u00c1CTICAS PREPROFESIONALES EN EL POLICL\u00cdNICO REGIONAL - Apuntes de San Luis","og_description":"La Facultad de Ciencias Eecon\u00f3micas Jur\u00eddicas y Ssociales\u00a0 afianza su v\u00ednculo con la comunidad villamercedina....","og_url":"https:\/\/apuntesdesanluis.com\/index.php\/2024\/05\/17\/fcejs-estudiantes-avanzados-realizaran-practicas-preprofesionales-en-el-policlinico-regional\/","og_site_name":"Apuntes de San Luis","article_published_time":"2024-05-18T02:24:01+00:00","article_modified_time":"2024-05-18T02:24:38+00:00","og_image":[{"width":700,"height":433,"url":"https:\/\/apuntesdesanluis.com\/wp-content\/uploads\/2024\/05\/fcejs.png","type":"image\/png"}],"author":"apuntesdesanluis.com","twitter_card":"summary_large_image","twitter_misc":{"Escrito por":"apuntesdesanluis.com","Tiempo de lectura":"2 minutos"},"schema":{"@context":"https:\/\/schema.org","@graph":[{"@type":"Article","@id":"https:\/\/apuntesdesanluis.com\/index.php\/2024\/05\/17\/fcejs-estudiantes-avanzados-realizaran-practicas-preprofesionales-en-el-policlinico-regional\/#article","isPartOf":{"@id":"https:\/\/apuntesdesanluis.com\/index.php\/2024\/05\/17\/fcejs-estudiantes-avanzados-realizaran-practicas-preprofesionales-en-el-policlinico-regional\/"},"author":{"name":"apuntesdesanluis.com","@id":"https:\/\/apuntesdesanluis.com\/#\/schema\/person\/b55151d52296fcce64d1a72538a70b90"},"headline":"FCEJS: ESTUDIANTES AVANZADOS REALIZAR\u00c1N PR\u00c1CTICAS PREPROFESIONALES EN EL POLICL\u00cdNICO REGIONAL","datePublished":"2024-05-18T02:24:01+00:00","dateModified":"2024-05-18T02:24:38+00:00","mainEntityOfPage":{"@id":"https:\/\/apuntesdesanluis.com\/index.php\/2024\/05\/17\/fcejs-estudiantes-avanzados-realizaran-practicas-preprofesionales-en-el-policlinico-regional\/"},"wordCount":341,"publisher":{"@id":"https:\/\/apuntesdesanluis.com\/#\/schema\/person\/b55151d52296fcce64d1a72538a70b90"},"image":{"@id":"https:\/\/apuntesdesanluis.com\/index.php\/2024\/05\/17\/fcejs-estudiantes-avanzados-realizaran-practicas-preprofesionales-en-el-policlinico-regional\/#primaryimage"},"thumbnailUrl":"https:\/\/apuntesdesanluis.com\/wp-content\/uploads\/2024\/05\/fcejs.png","articleSection":["Ciudad\/Provincia"],"inLanguage":"es-AR"},{"@type":"WebPage","@id":"https:\/\/apuntesdesanluis.com\/index.php\/2024\/05\/17\/fcejs-estudiantes-avanzados-realizaran-practicas-preprofesionales-en-el-policlinico-regional\/","url":"https:\/\/apuntesdesanluis.com\/index.php\/2024\/05\/17\/fcejs-estudiantes-avanzados-realizaran-practicas-preprofesionales-en-el-policlinico-regional\/","name":"FCEJS: ESTUDIANTES AVANZADOS REALIZAR\u00c1N PR\u00c1CTICAS PREPROFESIONALES EN EL POLICL\u00cdNICO REGIONAL - Apuntes de San Luis","isPartOf":{"@id":"https:\/\/apuntesdesanluis.com\/#website"},"primaryImageOfPage":{"@id":"https:\/\/apuntesdesanluis.com\/index.php\/2024\/05\/17\/fcejs-estudiantes-avanzados-realizaran-practicas-preprofesionales-en-el-policlinico-regional\/#primaryimage"},"image":{"@id":"https:\/\/apuntesdesanluis.com\/index.php\/2024\/05\/17\/fcejs-estudiantes-avanzados-realizaran-practicas-preprofesionales-en-el-policlinico-regional\/#primaryimage"},"thumbnailUrl":"https:\/\/apuntesdesanluis.com\/wp-content\/uploads\/2024\/05\/fcejs.png","datePublished":"2024-05-18T02:24:01+00:00","dateModified":"2024-05-18T02:24:38+00:00","breadcrumb":{"@id":"https:\/\/apuntesdesanluis.com\/index.php\/2024\/05\/17\/fcejs-estudiantes-avanzados-realizaran-practicas-preprofesionales-en-el-policlinico-regional\/#breadcrumb"},"inLanguage":"es-AR","potentialAction":[{"@type":"ReadAction","target":["https:\/\/apuntesdesanluis.com\/index.php\/2024\/05\/17\/fcejs-estudiantes-avanzados-realizaran-practicas-preprofesionales-en-el-policlinico-regional\/"]}]},{"@type":"ImageObject","inLanguage":"es-AR","@id":"https:\/\/apuntesdesanluis.com\/index.php\/2024\/05\/17\/fcejs-estudiantes-avanzados-realizaran-practicas-preprofesionales-en-el-policlinico-regional\/#primaryimage","url":"https:\/\/apuntesdesanluis.com\/wp-content\/uploads\/2024\/05\/fcejs.png","contentUrl":"https:\/\/apuntesdesanluis.com\/wp-content\/uploads\/2024\/05\/fcejs.png","width":700,"height":433},{"@type":"BreadcrumbList","@id":"https:\/\/apuntesdesanluis.com\/index.php\/2024\/05\/17\/fcejs-estudiantes-avanzados-realizaran-practicas-preprofesionales-en-el-policlinico-regional\/#breadcrumb","itemListElement":[{"@type":"ListItem","position":1,"name":"Inicio","item":"https:\/\/apuntesdesanluis.com\/"},{"@type":"ListItem","position":2,"name":"FCEJS: ESTUDIANTES AVANZADOS REALIZAR\u00c1N PR\u00c1CTICAS PREPROFESIONALES EN EL POLICL\u00cdNICO REGIONAL"}]},{"@type":"WebSite","@id":"https:\/\/apuntesdesanluis.com\/#website","url":"https:\/\/apuntesdesanluis.com\/","name":"Apuntes de San Luis","description":"","publisher":{"@id":"https:\/\/apuntesdesanluis.com\/#\/schema\/person\/b55151d52296fcce64d1a72538a70b90"},"potentialAction":[{"@type":"SearchAction","target":{"@type":"EntryPoint","urlTemplate":"https:\/\/apuntesdesanluis.com\/?s={search_term_string}"},"query-input":{"@type":"PropertyValueSpecification","valueRequired":true,"valueName":"search_term_string"}}],"inLanguage":"es-AR"},{"@type":["Person","Organization"],"@id":"https:\/\/apuntesdesanluis.com\/#\/schema\/person\/b55151d52296fcce64d1a72538a70b90","name":"apuntesdesanluis.com","image":{"@type":"ImageObject","inLanguage":"es-AR","@id":"https:\/\/apuntesdesanluis.com\/#\/schema\/person\/image\/","url":"https:\/\/apuntesdesanluis.com\/wp-content\/uploads\/2023\/07\/cropped-apuntesdesanluis.png","contentUrl":"https:\/\/apuntesdesanluis.com\/wp-content\/uploads\/2023\/07\/cropped-apuntesdesanluis.png","width":450,"height":112,"caption":"apuntesdesanluis.com"},"logo":{"@id":"https:\/\/apuntesdesanluis.com\/#\/schema\/person\/image\/"},"sameAs":["https:\/\/apuntesdesanluis.com"],"url":"https:\/\/apuntesdesanluis.com\/index.php\/author\/apuntesdesanluis-com\/"}]}},"featured_image_urls":{"full":["https:\/\/apuntesdesanluis.com\/wp-content\/uploads\/2024\/05\/fcejs.png",700,433,false],"thumbnail":["https:\/\/apuntesdesanluis.com\/wp-content\/uploads\/2024\/05\/fcejs-150x150.png",150,150,true],"medium":["https:\/\/apuntesdesanluis.com\/wp-content\/uploads\/2024\/05\/fcejs-300x186.png",300,186,true],"medium_large":["https:\/\/apuntesdesanluis.com\/wp-content\/uploads\/2024\/05\/fcejs.png",640,396,false],"large":["https:\/\/apuntesdesanluis.com\/wp-content\/uploads\/2024\/05\/fcejs.png",640,396,false],"1536x1536":["https:\/\/apuntesdesanluis.com\/wp-content\/uploads\/2024\/05\/fcejs.png",700,433,false],"2048x2048":["https:\/\/apuntesdesanluis.com\/wp-content\/uploads\/2024\/05\/fcejs.png",700,433,false],"newsever-slider-full":["https:\/\/apuntesdesanluis.com\/wp-content\/uploads\/2024\/05\/fcejs.png",700,433,false],"newsever-featured":["https:\/\/apuntesdesanluis.com\/wp-content\/uploads\/2024\/05\/fcejs.png",700,433,false],"newsever-medium":["https:\/\/apuntesdesanluis.com\/wp-content\/uploads\/2024\/05\/fcejs.png",700,433,false]},"author_info":{"display_name":"apuntesdesanluis.com","author_link":"https:\/\/apuntesdesanluis.com\/index.php\/author\/apuntesdesanluis-com\/"},"category_info":"<a href=\"https:\/\/apuntesdesanluis.com\/index.php\/category\/ciudad-provincia\/\" rel=\"category tag\">Ciudad\/Provincia<\/a>","tag_info":"Ciudad\/Provincia","comment_count":"0","_links":{"self":[{"href":"https:\/\/apuntesdesanluis.com\/index.php\/wp-json\/wp\/v2\/posts\/16367","targetHints":{"allow":["GET"]}}],"collection":[{"href":"https:\/\/apuntesdesanluis.com\/index.php\/wp-json\/wp\/v2\/posts"}],"about":[{"href":"https:\/\/apuntesdesanluis.com\/index.php\/wp-json\/wp\/v2\/types\/post"}],"author":[{"embeddable":true,"href":"https:\/\/apuntesdesanluis.com\/index.php\/wp-json\/wp\/v2\/users\/1"}],"replies":[{"embeddable":true,"href":"https:\/\/apuntesdesanluis.com\/index.php\/wp-json\/wp\/v2\/comments?post=16367"}],"version-history":[{"count":2,"href":"https:\/\/apuntesdesanluis.com\/index.php\/wp-json\/wp\/v2\/posts\/16367\/revisions"}],"predecessor-version":[{"id":16372,"href":"https:\/\/apuntesdesanluis.com\/index.php\/wp-json\/wp\/v2\/posts\/16367\/revisions\/16372"}],"wp:featuredmedia":[{"embeddable":true,"href":"https:\/\/apuntesdesanluis.com\/index.php\/wp-json\/wp\/v2\/media\/16370"}],"wp:attachment":[{"href":"https:\/\/apuntesdesanluis.com\/index.php\/wp-json\/wp\/v2\/media?parent=16367"}],"wp:term":[{"taxonomy":"category","embeddable":true,"href":"https:\/\/apuntesdesanluis.com\/index.php\/wp-json\/wp\/v2\/categories?post=16367"},{"taxonomy":"post_tag","embeddable":true,"href":"https:\/\/apuntesdesanluis.com\/index.php\/wp-json\/wp\/v2\/tags?post=16367"}],"curies":[{"name":"wp","href":"https:\/\/api.w.org\/{rel}","templated":true}]}}