{"id":16373,"date":"2024-05-17T23:35:42","date_gmt":"2024-05-18T02:35:42","guid":{"rendered":"https:\/\/apuntesdesanluis.com\/?p=16373"},"modified":"2024-05-17T23:35:42","modified_gmt":"2024-05-18T02:35:42","slug":"poggi-diserto-sobre-el-modelo-de-san-luis-y-su-propuesta-para-superar-la-crisis","status":"publish","type":"post","link":"https:\/\/apuntesdesanluis.com\/index.php\/2024\/05\/17\/poggi-diserto-sobre-el-modelo-de-san-luis-y-su-propuesta-para-superar-la-crisis\/","title":{"rendered":"POGGI DISERT\u00d3 SOBRE EL MODELO DE SAN LUIS Y SU PROPUESTA PARA SUPERAR LA CRISIS"},"content":{"rendered":"<h3>Este viernes por la tarde, el primer mandatario arrib\u00f3 a Villa Mercedes tras la invitaci\u00f3n de la fundaci\u00f3n alemana, junto a la Asociaci\u00f3n Civil de Estudios Populares (ACEP), para participar del XV simposio que se celebra en la Argentina, y que tiene como sede a la ciudad cabecera del Departamento Pedernera.<\/h3>\n<h3>La actividad se desarroll\u00f3 en el teatro de la Universidad Provincial de Oficios (UPrO), donde se dieron cita becarios de la c\u00e1tedra, provenientes de distintos puntos del pa\u00eds, funcionarios p\u00fablicos, dirigentes pol\u00edticos y sociales y referentes de instituciones p\u00fablicas, pues justamente el esp\u00edritu de esos encuentros es fortalecer los conocimientos y aptitudes de quienes se abocan a trabajar en distintos \u00e1mbitos para beneficio de la sociedad.<\/h3>\n<h3>Tras ser presentado por <strong>Lucrecia Soria<\/strong>, miembro de ACEP, el jefe del Estado provincial rompi\u00f3 el hielo mencionando: \u201c\u00a1Qu\u00e9 desaf\u00edo el t\u00edtulo de mi ponencia! Seguramente lo eligi\u00f3 (Oscar) <strong>Montero<\/strong>\u201d, en alusi\u00f3n al director de la asociaci\u00f3n interviniente.<\/h3>\n<h3>Luego, Cludio Poggi remarc\u00f3 que \u201clo que busca nuestra gesti\u00f3n es volver a tener un modelo de provincia que fue muy exitoso, pero que en los \u00faltimos 7 u 8 a\u00f1os cambi\u00f3, se rompi\u00f3\u201d, indicando que los causales fueron \u201cel enorme desorden administrativo que heredamos, el aprovechamiento de los malos pol\u00edticos y a una transici\u00f3n institucional que no se dio, y que deber\u00eda ser una obligaci\u00f3n legislada para todas las administraciones de gobierno\u201d.<\/h3>\n<h3>Tambi\u00e9n dedic\u00f3 algunos minutos a contar la historia y los objetivos de la UPrO, \u201cun espacio para dicar carreras cortas con r\u00e1pida inserci\u00f3n laboral, adecuando la oferta a las necesidades el sector productivo\u201d. En esa l\u00ednea, ratific\u00f3 que en los \u00faltimos a\u00f1os, el sector privado se achic\u00f3, mientras que el Estado se triplic\u00f3. El modelo se rompi\u00f3 y trabajamos para repararlo\u201d.<\/h3>\n<h3><strong>EL SECTOR PRIVADO Y SU ESPACIO PERDIDO<\/strong><\/h3>\n<h3>Sobre el tema puntual de su conferencia, Poggi explic\u00f3 que \u201cnos hemos planteado una pol\u00edtica de gobierno de cuatro ejes: que el sector privado de San Luis retome su espacio y pueda crecer y generar nuevas fuentes laborales; dar una lucha frontal contra la inseguridad y la droga; reconstruir el tejido social, que hoy est\u00e1 roto en la provincia, y el cuarto es recuperar y fortalecer la institucionalidad\u201d.<\/h3>\n<h3>Con respecto al primero de los objetivos, el gobernador reiter\u00f3 que \u201cestamos generando las condiciones necesarias para que el sector privado pueda crecer y que la provincia vuelva a ser un destino atractivo para invertir. Podemos mirar a nuestros vecinos, como C\u00f3rdoba y Mendoza, que son provincias pujantes y emprendedoras, y que antes ten\u00edan a San Luis como referente, mientras que ahora nos llevan ocho a\u00f1os\u201d.<\/h3>\n<h3>\u201cA poco de sumir hicimos una convocatoria a los diferentes actores de econom\u00eda de gesti\u00f3n privada, y creamos el Consejo Productivo Provincial, del que surgi\u00f3 dividir al territorio en siete zonas productivas afines. Escuchamos a todos, con lo cual desde abril planificamos una bater\u00eda de medidas para el sector privado, que pueden verse en el apartado \u2018Mi pr\u00f3ximo paso\u2019 en el portal de Gobierno\u201d.<\/h3>\n<h3><strong>SEGURIDAD<\/strong><\/h3>\n<h3>Sobre el segundo t\u00f3pico, el titular el Ejecutivo sostuvo que \u201choy vivimos con miedo, desde salir a la tarde a tomar unos mates en la puerta de casa a la preocupaci\u00f3n de cuando nuestros hijos salen vuelvan sanos y salvos. Hoy la droga est\u00e1 en todas partes, los vendedores hacen adictos a los chicos y adem\u00e1s los mandan a vender. En estos d\u00edas est\u00e1 llegando Gendarmer\u00eda Nacional para trabajar juntos, cuando San Luis era la \u00fanica provincia en la que estaba porque el gobierno de entonces no quer\u00eda, entonces se carec\u00edan de acuerdos para controlar las fronteras\u201d.<\/h3>\n<h3>Sobre los recursos propios, indic\u00f3 que \u201cen San Luis, la Polic\u00eda necesita 400 patrulleros, pero cuando asumimos solo hab\u00eda 130, es decir el 25%. A fin de mes recibiremos 80 unidades, y luego iremos adquiriendo m\u00e1s hasta contar con el parque necesario. Mientras tanto, estamos respaldando a la Polic\u00eda, algo que no suced\u00eda antes. A ra\u00edz de ello, cuando hab\u00eda un evento deportivo o art\u00edstico, o el D\u00eda del Estudiante, los agentes ped\u00edan licencia, porque no pod\u00edan actuar, no pod\u00edan intervenir. Era una fuerza de seguridad contaminada por la pol\u00edtica partidaria\u201d.<\/h3>\n<p><img fetchpriority=\"high\" decoding=\"async\" class=\"wp-image-16375 aligncenter\" src=\"https:\/\/apuntesdesanluis.com\/wp-content\/uploads\/2024\/05\/disertacion-300x198.png\" alt=\"\" width=\"627\" height=\"414\" srcset=\"https:\/\/apuntesdesanluis.com\/wp-content\/uploads\/2024\/05\/disertacion-300x198.png 300w, https:\/\/apuntesdesanluis.com\/wp-content\/uploads\/2024\/05\/disertacion.png 700w\" sizes=\"(max-width: 627px) 100vw, 627px\" \/><\/p>\n<h3><strong>\u00a0RECUPERAR EL TEJIDO SOCIAL<\/strong><\/h3>\n<h3>\u201cEste es un tema muy bravo, muy dif\u00edcil \u2013dijo Poggi al abordar el tercer eje-. Es que hoy, 7 de cada 10 chicos, el 70% de los ni\u00f1os menores de 14 a\u00f1os, esta noche cenan precariamente y la mam\u00e1 quiz\u00e1 no coma para que sus hijos lo hagan. El lunes, cuando va a la escuela, ese ni\u00f1o se duerme en la primera y se reactiva reci\u00e9n cuando recibe la copa de leche. Entonces implementamos el Plan Alimentario Nutricional Escolar (PANE), r\u00e1pidamente, con el concepto cl\u00e1sico de inversi\u00f3n imprescindible, en donde logramos que cientos de los chicos tengan una buna alimentaci\u00f3n. Hoy llegamos a m\u00e1s de 11.500 con el almuerzo y prevemos que en junio ser\u00e1n 40.000, priorizando las zona m\u00e1s vulnerables\u201d.<\/h3>\n<h3>\u201cEl tejido social no solamente es un problema de ingresos econ\u00f3micos o alimentos, tambi\u00e9n lo es la educaci\u00f3n. En este punto tenemos tres acciones inmediatas; primero, adelantar la escolarizaci\u00f3n de los chicos agregando salas de 3 a\u00f1os al nivel inicial. Nos faltan 160 salas para cubrir el 100% de los chicos, este a\u00f1o vamos a poner en marcha 40, lo mismo en 2025 y otras 40 al siguiente a\u00f1o. Esto es muy importante para la formaci\u00f3n y est\u00e1 hasta cient\u00edficamente demostrado\u201d.<\/h3>\n<h3>\u201cTambi\u00e9n estamos trabajando en un plan de alfabetizaci\u00f3n, algo que parece incre\u00edble en lo que va del siglo, pero es una necesidad. Hoy, el 50% de los chicos de primer grado no tiene comprensi\u00f3n lectora; tomamos este diagn\u00f3stico y debemos capacitar a nuestros docentes, que van a ser los multiplicadores de las diferentes escuelas<\/h3>\n<h3>\u201cTambi\u00e9n tenemos un proyecto de articulaci\u00f3n con el nivel superior, a trav\u00e9s de las universidades y terciarias. Tenemos el problema de que en el primer a\u00f1o, la mitad se queda en el camino. Trabajamos con protocolos estrat\u00e9gicos para que desde la secundaria los chicos puedan seguir una carrera superior. Por eso implementamos la Beca Al M\u00e9rito para los tres mejores promedios de cada secundaria, mientras que en los pr\u00f3ximos d\u00edas lanzaremos el concurso para directivos, para que quienes ocupen esos puestos sean por competencia y por habilidades\u201d.<\/h3>\n<h3><strong>ESCRITURAS<\/strong><\/h3>\n<h3>\u201cObtener ese documento es como recibir de nuevo la casa, por todos los beneficios que representa. Hab\u00eda un impuesto que era el 30% de valor de mercado de la casa, con lo que quien ten\u00eda una vivienda social era reh\u00e9n de la decisi\u00f3n del poder de turno. Eliminamos eso e hicimos un acuerdo con el Colegio de Escribanos, para que por solo $130.000, se pueda acceder a ese beneficio.<\/h3>\n<p><img decoding=\"async\" class=\"wp-image-16374 aligncenter\" src=\"https:\/\/apuntesdesanluis.com\/wp-content\/uploads\/2024\/05\/poggi-3-300x165.png\" alt=\"\" width=\"607\" height=\"334\" srcset=\"https:\/\/apuntesdesanluis.com\/wp-content\/uploads\/2024\/05\/poggi-3-300x165.png 300w, https:\/\/apuntesdesanluis.com\/wp-content\/uploads\/2024\/05\/poggi-3.png 735w\" sizes=\"(max-width: 607px) 100vw, 607px\" \/><\/p>\n<h3><strong>RECUPERAR LAS INSTITUCIONES<\/strong><\/h3>\n<h3>Al llegar al cuarto eje de gobierno, Poggi confirm\u00f3 que \u201chemos mandado una legislaci\u00f3n para suprimir la Ley de Lemas\u201d, planteando adem\u00e1s \u201cla necesidad de estudiar una reforma constitucional, ya que nuestra Carta Magna ya va a cumplir 40 a\u00f1os\u201d.<\/h3>\n<h3>Otro punto af\u00edn al que se refiri\u00f3 fue la figura de capitales alternas de gobierno, \u201cpues nuestra Constituci\u00f3n indica como sede a la ciudad de San Luis, pero que personalmente me interesa una polic\u00eda m\u00e1s federalizada y la cercan\u00eda con los distintos puntos de la provincia y ayuda a gobernar mejor\u201d.<\/h3>\n<h3>\u201cLa Justicia debe ser eficiente y funcionar de manera constitucional, como por ejemplo la manera de c\u00f3mo se eleg\u00edan a los jueces. Recuperar la legitimidad de las instituciones es algo primordial\u201d.<\/h3>\n<p>&nbsp;<\/p>\n<p>&nbsp;<\/p>\n<p>&nbsp;<\/p>\n<p>&nbsp;<\/p>\n<p>&nbsp;<\/p>\n<p>&nbsp;<\/p>\n","protected":false},"excerpt":{"rendered":"<p>Este viernes por la tarde, el primer mandatario arrib\u00f3 a Villa Mercedes tras la invitaci\u00f3n&#8230;<\/p>\n","protected":false},"author":1,"featured_media":16376,"comment_status":"closed","ping_status":"closed","sticky":false,"template":"","format":"standard","meta":{"footnotes":""},"categories":[6],"tags":[],"class_list":["post-16373","post","type-post","status-publish","format-standard","has-post-thumbnail","hentry","category-ciudad-provincia"],"yoast_head":"<!-- This site is optimized with the Yoast SEO plugin v26.1.1 - https:\/\/yoast.com\/wordpress\/plugins\/seo\/ -->\n<title>POGGI DISERT\u00d3 SOBRE EL MODELO DE SAN LUIS Y SU PROPUESTA PARA SUPERAR LA CRISIS - Apuntes de San Luis<\/title>\n<meta name=\"robots\" content=\"index, follow, max-snippet:-1, max-image-preview:large, max-video-preview:-1\" \/>\n<link rel=\"canonical\" href=\"https:\/\/apuntesdesanluis.com\/index.php\/2024\/05\/17\/poggi-diserto-sobre-el-modelo-de-san-luis-y-su-propuesta-para-superar-la-crisis\/\" \/>\n<meta property=\"og:locale\" content=\"es_ES\" \/>\n<meta property=\"og:type\" content=\"article\" \/>\n<meta property=\"og:title\" content=\"POGGI DISERT\u00d3 SOBRE EL MODELO DE SAN LUIS Y SU PROPUESTA PARA SUPERAR LA CRISIS - Apuntes de San Luis\" \/>\n<meta property=\"og:description\" content=\"Este viernes por la tarde, el primer mandatario arrib\u00f3 a Villa Mercedes tras la invitaci\u00f3n...\" \/>\n<meta property=\"og:url\" content=\"https:\/\/apuntesdesanluis.com\/index.php\/2024\/05\/17\/poggi-diserto-sobre-el-modelo-de-san-luis-y-su-propuesta-para-superar-la-crisis\/\" \/>\n<meta property=\"og:site_name\" content=\"Apuntes de San Luis\" \/>\n<meta property=\"article:published_time\" content=\"2024-05-18T02:35:42+00:00\" \/>\n<meta property=\"og:image\" content=\"https:\/\/apuntesdesanluis.com\/wp-content\/uploads\/2024\/05\/claudio-poggi-1.png\" \/>\n\t<meta property=\"og:image:width\" content=\"700\" \/>\n\t<meta property=\"og:image:height\" content=\"407\" \/>\n\t<meta property=\"og:image:type\" content=\"image\/png\" \/>\n<meta name=\"author\" content=\"apuntesdesanluis.com\" \/>\n<meta name=\"twitter:card\" content=\"summary_large_image\" \/>\n<meta name=\"twitter:label1\" content=\"Escrito por\" \/>\n\t<meta name=\"twitter:data1\" content=\"apuntesdesanluis.com\" \/>\n\t<meta name=\"twitter:label2\" content=\"Tiempo de lectura\" \/>\n\t<meta name=\"twitter:data2\" content=\"7 minutos\" \/>\n<script type=\"application\/ld+json\" class=\"yoast-schema-graph\">{\"@context\":\"https:\/\/schema.org\",\"@graph\":[{\"@type\":\"Article\",\"@id\":\"https:\/\/apuntesdesanluis.com\/index.php\/2024\/05\/17\/poggi-diserto-sobre-el-modelo-de-san-luis-y-su-propuesta-para-superar-la-crisis\/#article\",\"isPartOf\":{\"@id\":\"https:\/\/apuntesdesanluis.com\/index.php\/2024\/05\/17\/poggi-diserto-sobre-el-modelo-de-san-luis-y-su-propuesta-para-superar-la-crisis\/\"},\"author\":{\"name\":\"apuntesdesanluis.com\",\"@id\":\"https:\/\/apuntesdesanluis.com\/#\/schema\/person\/b55151d52296fcce64d1a72538a70b90\"},\"headline\":\"POGGI DISERT\u00d3 SOBRE EL MODELO DE SAN LUIS Y SU PROPUESTA PARA SUPERAR LA CRISIS\",\"datePublished\":\"2024-05-18T02:35:42+00:00\",\"mainEntityOfPage\":{\"@id\":\"https:\/\/apuntesdesanluis.com\/index.php\/2024\/05\/17\/poggi-diserto-sobre-el-modelo-de-san-luis-y-su-propuesta-para-superar-la-crisis\/\"},\"wordCount\":1324,\"publisher\":{\"@id\":\"https:\/\/apuntesdesanluis.com\/#\/schema\/person\/b55151d52296fcce64d1a72538a70b90\"},\"image\":{\"@id\":\"https:\/\/apuntesdesanluis.com\/index.php\/2024\/05\/17\/poggi-diserto-sobre-el-modelo-de-san-luis-y-su-propuesta-para-superar-la-crisis\/#primaryimage\"},\"thumbnailUrl\":\"https:\/\/apuntesdesanluis.com\/wp-content\/uploads\/2024\/05\/claudio-poggi-1.png\",\"articleSection\":[\"Ciudad\/Provincia\"],\"inLanguage\":\"es-AR\"},{\"@type\":\"WebPage\",\"@id\":\"https:\/\/apuntesdesanluis.com\/index.php\/2024\/05\/17\/poggi-diserto-sobre-el-modelo-de-san-luis-y-su-propuesta-para-superar-la-crisis\/\",\"url\":\"https:\/\/apuntesdesanluis.com\/index.php\/2024\/05\/17\/poggi-diserto-sobre-el-modelo-de-san-luis-y-su-propuesta-para-superar-la-crisis\/\",\"name\":\"POGGI DISERT\u00d3 SOBRE EL MODELO DE SAN LUIS Y SU PROPUESTA PARA SUPERAR LA CRISIS - Apuntes de San Luis\",\"isPartOf\":{\"@id\":\"https:\/\/apuntesdesanluis.com\/#website\"},\"primaryImageOfPage\":{\"@id\":\"https:\/\/apuntesdesanluis.com\/index.php\/2024\/05\/17\/poggi-diserto-sobre-el-modelo-de-san-luis-y-su-propuesta-para-superar-la-crisis\/#primaryimage\"},\"image\":{\"@id\":\"https:\/\/apuntesdesanluis.com\/index.php\/2024\/05\/17\/poggi-diserto-sobre-el-modelo-de-san-luis-y-su-propuesta-para-superar-la-crisis\/#primaryimage\"},\"thumbnailUrl\":\"https:\/\/apuntesdesanluis.com\/wp-content\/uploads\/2024\/05\/claudio-poggi-1.png\",\"datePublished\":\"2024-05-18T02:35:42+00:00\",\"breadcrumb\":{\"@id\":\"https:\/\/apuntesdesanluis.com\/index.php\/2024\/05\/17\/poggi-diserto-sobre-el-modelo-de-san-luis-y-su-propuesta-para-superar-la-crisis\/#breadcrumb\"},\"inLanguage\":\"es-AR\",\"potentialAction\":[{\"@type\":\"ReadAction\",\"target\":[\"https:\/\/apuntesdesanluis.com\/index.php\/2024\/05\/17\/poggi-diserto-sobre-el-modelo-de-san-luis-y-su-propuesta-para-superar-la-crisis\/\"]}]},{\"@type\":\"ImageObject\",\"inLanguage\":\"es-AR\",\"@id\":\"https:\/\/apuntesdesanluis.com\/index.php\/2024\/05\/17\/poggi-diserto-sobre-el-modelo-de-san-luis-y-su-propuesta-para-superar-la-crisis\/#primaryimage\",\"url\":\"https:\/\/apuntesdesanluis.com\/wp-content\/uploads\/2024\/05\/claudio-poggi-1.png\",\"contentUrl\":\"https:\/\/apuntesdesanluis.com\/wp-content\/uploads\/2024\/05\/claudio-poggi-1.png\",\"width\":700,\"height\":407},{\"@type\":\"BreadcrumbList\",\"@id\":\"https:\/\/apuntesdesanluis.com\/index.php\/2024\/05\/17\/poggi-diserto-sobre-el-modelo-de-san-luis-y-su-propuesta-para-superar-la-crisis\/#breadcrumb\",\"itemListElement\":[{\"@type\":\"ListItem\",\"position\":1,\"name\":\"Inicio\",\"item\":\"https:\/\/apuntesdesanluis.com\/\"},{\"@type\":\"ListItem\",\"position\":2,\"name\":\"POGGI DISERT\u00d3 SOBRE EL MODELO DE SAN LUIS Y SU PROPUESTA PARA SUPERAR LA CRISIS\"}]},{\"@type\":\"WebSite\",\"@id\":\"https:\/\/apuntesdesanluis.com\/#website\",\"url\":\"https:\/\/apuntesdesanluis.com\/\",\"name\":\"Apuntes de San Luis\",\"description\":\"\",\"publisher\":{\"@id\":\"https:\/\/apuntesdesanluis.com\/#\/schema\/person\/b55151d52296fcce64d1a72538a70b90\"},\"potentialAction\":[{\"@type\":\"SearchAction\",\"target\":{\"@type\":\"EntryPoint\",\"urlTemplate\":\"https:\/\/apuntesdesanluis.com\/?s={search_term_string}\"},\"query-input\":{\"@type\":\"PropertyValueSpecification\",\"valueRequired\":true,\"valueName\":\"search_term_string\"}}],\"inLanguage\":\"es-AR\"},{\"@type\":[\"Person\",\"Organization\"],\"@id\":\"https:\/\/apuntesdesanluis.com\/#\/schema\/person\/b55151d52296fcce64d1a72538a70b90\",\"name\":\"apuntesdesanluis.com\",\"image\":{\"@type\":\"ImageObject\",\"inLanguage\":\"es-AR\",\"@id\":\"https:\/\/apuntesdesanluis.com\/#\/schema\/person\/image\/\",\"url\":\"https:\/\/apuntesdesanluis.com\/wp-content\/uploads\/2023\/07\/cropped-apuntesdesanluis.png\",\"contentUrl\":\"https:\/\/apuntesdesanluis.com\/wp-content\/uploads\/2023\/07\/cropped-apuntesdesanluis.png\",\"width\":450,\"height\":112,\"caption\":\"apuntesdesanluis.com\"},\"logo\":{\"@id\":\"https:\/\/apuntesdesanluis.com\/#\/schema\/person\/image\/\"},\"sameAs\":[\"https:\/\/apuntesdesanluis.com\"],\"url\":\"https:\/\/apuntesdesanluis.com\/index.php\/author\/apuntesdesanluis-com\/\"}]}<\/script>\n<!-- \/ Yoast SEO plugin. -->","yoast_head_json":{"title":"POGGI DISERT\u00d3 SOBRE EL MODELO DE SAN LUIS Y SU PROPUESTA PARA SUPERAR LA CRISIS - Apuntes de San Luis","robots":{"index":"index","follow":"follow","max-snippet":"max-snippet:-1","max-image-preview":"max-image-preview:large","max-video-preview":"max-video-preview:-1"},"canonical":"https:\/\/apuntesdesanluis.com\/index.php\/2024\/05\/17\/poggi-diserto-sobre-el-modelo-de-san-luis-y-su-propuesta-para-superar-la-crisis\/","og_locale":"es_ES","og_type":"article","og_title":"POGGI DISERT\u00d3 SOBRE EL MODELO DE SAN LUIS Y SU PROPUESTA PARA SUPERAR LA CRISIS - Apuntes de San Luis","og_description":"Este viernes por la tarde, el primer mandatario arrib\u00f3 a Villa Mercedes tras la invitaci\u00f3n...","og_url":"https:\/\/apuntesdesanluis.com\/index.php\/2024\/05\/17\/poggi-diserto-sobre-el-modelo-de-san-luis-y-su-propuesta-para-superar-la-crisis\/","og_site_name":"Apuntes de San Luis","article_published_time":"2024-05-18T02:35:42+00:00","og_image":[{"width":700,"height":407,"url":"https:\/\/apuntesdesanluis.com\/wp-content\/uploads\/2024\/05\/claudio-poggi-1.png","type":"image\/png"}],"author":"apuntesdesanluis.com","twitter_card":"summary_large_image","twitter_misc":{"Escrito por":"apuntesdesanluis.com","Tiempo de lectura":"7 minutos"},"schema":{"@context":"https:\/\/schema.org","@graph":[{"@type":"Article","@id":"https:\/\/apuntesdesanluis.com\/index.php\/2024\/05\/17\/poggi-diserto-sobre-el-modelo-de-san-luis-y-su-propuesta-para-superar-la-crisis\/#article","isPartOf":{"@id":"https:\/\/apuntesdesanluis.com\/index.php\/2024\/05\/17\/poggi-diserto-sobre-el-modelo-de-san-luis-y-su-propuesta-para-superar-la-crisis\/"},"author":{"name":"apuntesdesanluis.com","@id":"https:\/\/apuntesdesanluis.com\/#\/schema\/person\/b55151d52296fcce64d1a72538a70b90"},"headline":"POGGI DISERT\u00d3 SOBRE EL MODELO DE SAN LUIS Y SU PROPUESTA PARA SUPERAR LA CRISIS","datePublished":"2024-05-18T02:35:42+00:00","mainEntityOfPage":{"@id":"https:\/\/apuntesdesanluis.com\/index.php\/2024\/05\/17\/poggi-diserto-sobre-el-modelo-de-san-luis-y-su-propuesta-para-superar-la-crisis\/"},"wordCount":1324,"publisher":{"@id":"https:\/\/apuntesdesanluis.com\/#\/schema\/person\/b55151d52296fcce64d1a72538a70b90"},"image":{"@id":"https:\/\/apuntesdesanluis.com\/index.php\/2024\/05\/17\/poggi-diserto-sobre-el-modelo-de-san-luis-y-su-propuesta-para-superar-la-crisis\/#primaryimage"},"thumbnailUrl":"https:\/\/apuntesdesanluis.com\/wp-content\/uploads\/2024\/05\/claudio-poggi-1.png","articleSection":["Ciudad\/Provincia"],"inLanguage":"es-AR"},{"@type":"WebPage","@id":"https:\/\/apuntesdesanluis.com\/index.php\/2024\/05\/17\/poggi-diserto-sobre-el-modelo-de-san-luis-y-su-propuesta-para-superar-la-crisis\/","url":"https:\/\/apuntesdesanluis.com\/index.php\/2024\/05\/17\/poggi-diserto-sobre-el-modelo-de-san-luis-y-su-propuesta-para-superar-la-crisis\/","name":"POGGI DISERT\u00d3 SOBRE EL MODELO DE SAN LUIS Y SU PROPUESTA PARA SUPERAR LA CRISIS - Apuntes de San Luis","isPartOf":{"@id":"https:\/\/apuntesdesanluis.com\/#website"},"primaryImageOfPage":{"@id":"https:\/\/apuntesdesanluis.com\/index.php\/2024\/05\/17\/poggi-diserto-sobre-el-modelo-de-san-luis-y-su-propuesta-para-superar-la-crisis\/#primaryimage"},"image":{"@id":"https:\/\/apuntesdesanluis.com\/index.php\/2024\/05\/17\/poggi-diserto-sobre-el-modelo-de-san-luis-y-su-propuesta-para-superar-la-crisis\/#primaryimage"},"thumbnailUrl":"https:\/\/apuntesdesanluis.com\/wp-content\/uploads\/2024\/05\/claudio-poggi-1.png","datePublished":"2024-05-18T02:35:42+00:00","breadcrumb":{"@id":"https:\/\/apuntesdesanluis.com\/index.php\/2024\/05\/17\/poggi-diserto-sobre-el-modelo-de-san-luis-y-su-propuesta-para-superar-la-crisis\/#breadcrumb"},"inLanguage":"es-AR","potentialAction":[{"@type":"ReadAction","target":["https:\/\/apuntesdesanluis.com\/index.php\/2024\/05\/17\/poggi-diserto-sobre-el-modelo-de-san-luis-y-su-propuesta-para-superar-la-crisis\/"]}]},{"@type":"ImageObject","inLanguage":"es-AR","@id":"https:\/\/apuntesdesanluis.com\/index.php\/2024\/05\/17\/poggi-diserto-sobre-el-modelo-de-san-luis-y-su-propuesta-para-superar-la-crisis\/#primaryimage","url":"https:\/\/apuntesdesanluis.com\/wp-content\/uploads\/2024\/05\/claudio-poggi-1.png","contentUrl":"https:\/\/apuntesdesanluis.com\/wp-content\/uploads\/2024\/05\/claudio-poggi-1.png","width":700,"height":407},{"@type":"BreadcrumbList","@id":"https:\/\/apuntesdesanluis.com\/index.php\/2024\/05\/17\/poggi-diserto-sobre-el-modelo-de-san-luis-y-su-propuesta-para-superar-la-crisis\/#breadcrumb","itemListElement":[{"@type":"ListItem","position":1,"name":"Inicio","item":"https:\/\/apuntesdesanluis.com\/"},{"@type":"ListItem","position":2,"name":"POGGI DISERT\u00d3 SOBRE EL MODELO DE SAN LUIS Y SU PROPUESTA PARA SUPERAR LA CRISIS"}]},{"@type":"WebSite","@id":"https:\/\/apuntesdesanluis.com\/#website","url":"https:\/\/apuntesdesanluis.com\/","name":"Apuntes de San Luis","description":"","publisher":{"@id":"https:\/\/apuntesdesanluis.com\/#\/schema\/person\/b55151d52296fcce64d1a72538a70b90"},"potentialAction":[{"@type":"SearchAction","target":{"@type":"EntryPoint","urlTemplate":"https:\/\/apuntesdesanluis.com\/?s={search_term_string}"},"query-input":{"@type":"PropertyValueSpecification","valueRequired":true,"valueName":"search_term_string"}}],"inLanguage":"es-AR"},{"@type":["Person","Organization"],"@id":"https:\/\/apuntesdesanluis.com\/#\/schema\/person\/b55151d52296fcce64d1a72538a70b90","name":"apuntesdesanluis.com","image":{"@type":"ImageObject","inLanguage":"es-AR","@id":"https:\/\/apuntesdesanluis.com\/#\/schema\/person\/image\/","url":"https:\/\/apuntesdesanluis.com\/wp-content\/uploads\/2023\/07\/cropped-apuntesdesanluis.png","contentUrl":"https:\/\/apuntesdesanluis.com\/wp-content\/uploads\/2023\/07\/cropped-apuntesdesanluis.png","width":450,"height":112,"caption":"apuntesdesanluis.com"},"logo":{"@id":"https:\/\/apuntesdesanluis.com\/#\/schema\/person\/image\/"},"sameAs":["https:\/\/apuntesdesanluis.com"],"url":"https:\/\/apuntesdesanluis.com\/index.php\/author\/apuntesdesanluis-com\/"}]}},"featured_image_urls":{"full":["https:\/\/apuntesdesanluis.com\/wp-content\/uploads\/2024\/05\/claudio-poggi-1.png",700,407,false],"thumbnail":["https:\/\/apuntesdesanluis.com\/wp-content\/uploads\/2024\/05\/claudio-poggi-1-150x150.png",150,150,true],"medium":["https:\/\/apuntesdesanluis.com\/wp-content\/uploads\/2024\/05\/claudio-poggi-1-300x174.png",300,174,true],"medium_large":["https:\/\/apuntesdesanluis.com\/wp-content\/uploads\/2024\/05\/claudio-poggi-1.png",640,372,false],"large":["https:\/\/apuntesdesanluis.com\/wp-content\/uploads\/2024\/05\/claudio-poggi-1.png",640,372,false],"1536x1536":["https:\/\/apuntesdesanluis.com\/wp-content\/uploads\/2024\/05\/claudio-poggi-1.png",700,407,false],"2048x2048":["https:\/\/apuntesdesanluis.com\/wp-content\/uploads\/2024\/05\/claudio-poggi-1.png",700,407,false],"newsever-slider-full":["https:\/\/apuntesdesanluis.com\/wp-content\/uploads\/2024\/05\/claudio-poggi-1.png",700,407,false],"newsever-featured":["https:\/\/apuntesdesanluis.com\/wp-content\/uploads\/2024\/05\/claudio-poggi-1.png",700,407,false],"newsever-medium":["https:\/\/apuntesdesanluis.com\/wp-content\/uploads\/2024\/05\/claudio-poggi-1.png",700,407,false]},"author_info":{"display_name":"apuntesdesanluis.com","author_link":"https:\/\/apuntesdesanluis.com\/index.php\/author\/apuntesdesanluis-com\/"},"category_info":"<a href=\"https:\/\/apuntesdesanluis.com\/index.php\/category\/ciudad-provincia\/\" rel=\"category tag\">Ciudad\/Provincia<\/a>","tag_info":"Ciudad\/Provincia","comment_count":"0","_links":{"self":[{"href":"https:\/\/apuntesdesanluis.com\/index.php\/wp-json\/wp\/v2\/posts\/16373","targetHints":{"allow":["GET"]}}],"collection":[{"href":"https:\/\/apuntesdesanluis.com\/index.php\/wp-json\/wp\/v2\/posts"}],"about":[{"href":"https:\/\/apuntesdesanluis.com\/index.php\/wp-json\/wp\/v2\/types\/post"}],"author":[{"embeddable":true,"href":"https:\/\/apuntesdesanluis.com\/index.php\/wp-json\/wp\/v2\/users\/1"}],"replies":[{"embeddable":true,"href":"https:\/\/apuntesdesanluis.com\/index.php\/wp-json\/wp\/v2\/comments?post=16373"}],"version-history":[{"count":1,"href":"https:\/\/apuntesdesanluis.com\/index.php\/wp-json\/wp\/v2\/posts\/16373\/revisions"}],"predecessor-version":[{"id":16377,"href":"https:\/\/apuntesdesanluis.com\/index.php\/wp-json\/wp\/v2\/posts\/16373\/revisions\/16377"}],"wp:featuredmedia":[{"embeddable":true,"href":"https:\/\/apuntesdesanluis.com\/index.php\/wp-json\/wp\/v2\/media\/16376"}],"wp:attachment":[{"href":"https:\/\/apuntesdesanluis.com\/index.php\/wp-json\/wp\/v2\/media?parent=16373"}],"wp:term":[{"taxonomy":"category","embeddable":true,"href":"https:\/\/apuntesdesanluis.com\/index.php\/wp-json\/wp\/v2\/categories?post=16373"},{"taxonomy":"post_tag","embeddable":true,"href":"https:\/\/apuntesdesanluis.com\/index.php\/wp-json\/wp\/v2\/tags?post=16373"}],"curies":[{"name":"wp","href":"https:\/\/api.w.org\/{rel}","templated":true}]}}