{"id":16383,"date":"2024-05-18T12:02:41","date_gmt":"2024-05-18T15:02:41","guid":{"rendered":"https:\/\/apuntesdesanluis.com\/?p=16383"},"modified":"2024-05-18T12:02:41","modified_gmt":"2024-05-18T15:02:41","slug":"con-milei-en-espana-pedro-sanchez-lo-califico-como-un-lider-de-la-internacional-ultraderechista","status":"publish","type":"post","link":"https:\/\/apuntesdesanluis.com\/index.php\/2024\/05\/18\/con-milei-en-espana-pedro-sanchez-lo-califico-como-un-lider-de-la-internacional-ultraderechista\/","title":{"rendered":"CON MILEI EN ESPA\u00d1A, PEDRO S\u00c1NCHEZ LO CALIFIC\u00d3 COMO UN L\u00cdDER DE LA \u201cINTERNACIONAL ULTRADERECHISTA\u201d"},"content":{"rendered":"<h3>Los dichos del funcionario se relacionan con el acto convocado por el partido espa\u00f1ol Vox, en donde el presidente es uno de los invitados extranjeros.<\/h3>\n<h3>El presidente del Gobierno espa\u00f1ol, <strong>Pedro S\u00e1nchez<\/strong>, volvi\u00f3 a encender hoy la pol\u00e9mica contra <strong>Javier Milei<\/strong>, tras calificarlo como uno de los \u201cl\u00edderes principales\u201d de la \u201cinternacional ultraderechista\u201d. En esa l\u00ednea, indic\u00f3 que esta corriente niega la ciencia, los derechos de las mujeres y equipara justicia social con \u201cuna aberraci\u00f3n\u201d, en relaci\u00f3n a los dichos de su par argentino.<\/h3>\n<h3>En un acto pol\u00edtico realizado en Barcelona, el l\u00edder socialista tambi\u00e9n se refiri\u00f3 a la cumbre del partido espa\u00f1ol VOX, en donde el mandatario es uno de los invitados extranjeros: \u201c\u00bfPor qu\u00e9 han elegido Espa\u00f1a para reunirse todos ellos? No es casualidad. Se han reunido en Espa\u00f1a porque nosotros representamos como sociedad, no como Gobierno, todo lo que ellos detestan y odian, que es el feminismo, que es la justicia social, que es la dignidad laboral, un Estado de Bienestar fuerte, la democracia\u201d.<\/h3>\n<h3>Milei lleg\u00f3 este viernes a Espa\u00f1a en una visita en la que no tiene pactados encuentros oficiales con representantes del Gobierno espa\u00f1ol. Ayer present\u00f3 en Madrid su libro \u201cEl camino del libertario\u201d en la sede del diario La Raz\u00f3n, del Grupo Planeta, y, ante un colmado auditorio, dej\u00f3 varias definiciones pol\u00edticas y econ\u00f3micas con fuertes cr\u00edticas a la oposici\u00f3n y a la herencia recibida. Entre otras cosas, el Presidente ratific\u00f3 que cerrar\u00e1 el Banco Central, habl\u00f3 de competencia de monedas en sinton\u00eda con Luis Caputo y dijo que levantar\u00e1 el cepo cambiario.<\/h3>\n<h3>Hoy, en tanto, mantuvo una reuni\u00f3n con empresarios espa\u00f1oles con intereses en Argentina, la que calific\u00f3 como \u201cfabulosa\u201d.<\/h3>\n<p>&nbsp;<\/p>\n<p>&nbsp;<\/p>\n<p>&nbsp;<\/p>\n<p>&nbsp;<\/p>\n<p>&nbsp;<\/p>\n<p>&nbsp;<\/p>\n","protected":false},"excerpt":{"rendered":"<p>Los dichos del funcionario se relacionan con el acto convocado por el partido espa\u00f1ol Vox,&#8230;<\/p>\n","protected":false},"author":1,"featured_media":16384,"comment_status":"closed","ping_status":"closed","sticky":false,"template":"","format":"standard","meta":{"footnotes":""},"categories":[5],"tags":[],"class_list":["post-16383","post","type-post","status-publish","format-standard","has-post-thumbnail","hentry","category-nacionales-internacionales"],"yoast_head":"<!-- This site is optimized with the Yoast SEO plugin v26.1.1 - https:\/\/yoast.com\/wordpress\/plugins\/seo\/ -->\n<title>CON MILEI EN ESPA\u00d1A, PEDRO S\u00c1NCHEZ LO CALIFIC\u00d3 COMO UN L\u00cdDER DE LA \u201cINTERNACIONAL ULTRADERECHISTA\u201d - Apuntes de San Luis<\/title>\n<meta name=\"robots\" content=\"index, follow, max-snippet:-1, max-image-preview:large, max-video-preview:-1\" \/>\n<link rel=\"canonical\" href=\"https:\/\/apuntesdesanluis.com\/index.php\/2024\/05\/18\/con-milei-en-espana-pedro-sanchez-lo-califico-como-un-lider-de-la-internacional-ultraderechista\/\" \/>\n<meta property=\"og:locale\" content=\"es_ES\" \/>\n<meta property=\"og:type\" content=\"article\" \/>\n<meta property=\"og:title\" content=\"CON MILEI EN ESPA\u00d1A, PEDRO S\u00c1NCHEZ LO CALIFIC\u00d3 COMO UN L\u00cdDER DE LA \u201cINTERNACIONAL ULTRADERECHISTA\u201d - Apuntes de San Luis\" \/>\n<meta property=\"og:description\" content=\"Los dichos del funcionario se relacionan con el acto convocado por el partido espa\u00f1ol Vox,...\" \/>\n<meta property=\"og:url\" content=\"https:\/\/apuntesdesanluis.com\/index.php\/2024\/05\/18\/con-milei-en-espana-pedro-sanchez-lo-califico-como-un-lider-de-la-internacional-ultraderechista\/\" \/>\n<meta property=\"og:site_name\" content=\"Apuntes de San Luis\" \/>\n<meta property=\"article:published_time\" content=\"2024-05-18T15:02:41+00:00\" \/>\n<meta property=\"og:image\" content=\"https:\/\/apuntesdesanluis.com\/wp-content\/uploads\/2024\/05\/milei-y-sanchez.png\" \/>\n\t<meta property=\"og:image:width\" content=\"700\" \/>\n\t<meta property=\"og:image:height\" content=\"408\" \/>\n\t<meta property=\"og:image:type\" content=\"image\/png\" \/>\n<meta name=\"author\" content=\"apuntesdesanluis.com\" \/>\n<meta name=\"twitter:card\" content=\"summary_large_image\" \/>\n<meta name=\"twitter:label1\" content=\"Escrito por\" \/>\n\t<meta name=\"twitter:data1\" content=\"apuntesdesanluis.com\" \/>\n\t<meta name=\"twitter:label2\" content=\"Tiempo de lectura\" \/>\n\t<meta name=\"twitter:data2\" content=\"2 minutos\" \/>\n<script type=\"application\/ld+json\" class=\"yoast-schema-graph\">{\"@context\":\"https:\/\/schema.org\",\"@graph\":[{\"@type\":\"Article\",\"@id\":\"https:\/\/apuntesdesanluis.com\/index.php\/2024\/05\/18\/con-milei-en-espana-pedro-sanchez-lo-califico-como-un-lider-de-la-internacional-ultraderechista\/#article\",\"isPartOf\":{\"@id\":\"https:\/\/apuntesdesanluis.com\/index.php\/2024\/05\/18\/con-milei-en-espana-pedro-sanchez-lo-califico-como-un-lider-de-la-internacional-ultraderechista\/\"},\"author\":{\"name\":\"apuntesdesanluis.com\",\"@id\":\"https:\/\/apuntesdesanluis.com\/#\/schema\/person\/b55151d52296fcce64d1a72538a70b90\"},\"headline\":\"CON MILEI EN ESPA\u00d1A, PEDRO S\u00c1NCHEZ LO CALIFIC\u00d3 COMO UN L\u00cdDER DE LA \u201cINTERNACIONAL ULTRADERECHISTA\u201d\",\"datePublished\":\"2024-05-18T15:02:41+00:00\",\"mainEntityOfPage\":{\"@id\":\"https:\/\/apuntesdesanluis.com\/index.php\/2024\/05\/18\/con-milei-en-espana-pedro-sanchez-lo-califico-como-un-lider-de-la-internacional-ultraderechista\/\"},\"wordCount\":325,\"publisher\":{\"@id\":\"https:\/\/apuntesdesanluis.com\/#\/schema\/person\/b55151d52296fcce64d1a72538a70b90\"},\"image\":{\"@id\":\"https:\/\/apuntesdesanluis.com\/index.php\/2024\/05\/18\/con-milei-en-espana-pedro-sanchez-lo-califico-como-un-lider-de-la-internacional-ultraderechista\/#primaryimage\"},\"thumbnailUrl\":\"https:\/\/apuntesdesanluis.com\/wp-content\/uploads\/2024\/05\/milei-y-sanchez.png\",\"articleSection\":[\"Nacionales\/Internacionales\"],\"inLanguage\":\"es-AR\"},{\"@type\":\"WebPage\",\"@id\":\"https:\/\/apuntesdesanluis.com\/index.php\/2024\/05\/18\/con-milei-en-espana-pedro-sanchez-lo-califico-como-un-lider-de-la-internacional-ultraderechista\/\",\"url\":\"https:\/\/apuntesdesanluis.com\/index.php\/2024\/05\/18\/con-milei-en-espana-pedro-sanchez-lo-califico-como-un-lider-de-la-internacional-ultraderechista\/\",\"name\":\"CON MILEI EN ESPA\u00d1A, PEDRO S\u00c1NCHEZ LO CALIFIC\u00d3 COMO UN L\u00cdDER DE LA \u201cINTERNACIONAL ULTRADERECHISTA\u201d - Apuntes de San Luis\",\"isPartOf\":{\"@id\":\"https:\/\/apuntesdesanluis.com\/#website\"},\"primaryImageOfPage\":{\"@id\":\"https:\/\/apuntesdesanluis.com\/index.php\/2024\/05\/18\/con-milei-en-espana-pedro-sanchez-lo-califico-como-un-lider-de-la-internacional-ultraderechista\/#primaryimage\"},\"image\":{\"@id\":\"https:\/\/apuntesdesanluis.com\/index.php\/2024\/05\/18\/con-milei-en-espana-pedro-sanchez-lo-califico-como-un-lider-de-la-internacional-ultraderechista\/#primaryimage\"},\"thumbnailUrl\":\"https:\/\/apuntesdesanluis.com\/wp-content\/uploads\/2024\/05\/milei-y-sanchez.png\",\"datePublished\":\"2024-05-18T15:02:41+00:00\",\"breadcrumb\":{\"@id\":\"https:\/\/apuntesdesanluis.com\/index.php\/2024\/05\/18\/con-milei-en-espana-pedro-sanchez-lo-califico-como-un-lider-de-la-internacional-ultraderechista\/#breadcrumb\"},\"inLanguage\":\"es-AR\",\"potentialAction\":[{\"@type\":\"ReadAction\",\"target\":[\"https:\/\/apuntesdesanluis.com\/index.php\/2024\/05\/18\/con-milei-en-espana-pedro-sanchez-lo-califico-como-un-lider-de-la-internacional-ultraderechista\/\"]}]},{\"@type\":\"ImageObject\",\"inLanguage\":\"es-AR\",\"@id\":\"https:\/\/apuntesdesanluis.com\/index.php\/2024\/05\/18\/con-milei-en-espana-pedro-sanchez-lo-califico-como-un-lider-de-la-internacional-ultraderechista\/#primaryimage\",\"url\":\"https:\/\/apuntesdesanluis.com\/wp-content\/uploads\/2024\/05\/milei-y-sanchez.png\",\"contentUrl\":\"https:\/\/apuntesdesanluis.com\/wp-content\/uploads\/2024\/05\/milei-y-sanchez.png\",\"width\":700,\"height\":408},{\"@type\":\"BreadcrumbList\",\"@id\":\"https:\/\/apuntesdesanluis.com\/index.php\/2024\/05\/18\/con-milei-en-espana-pedro-sanchez-lo-califico-como-un-lider-de-la-internacional-ultraderechista\/#breadcrumb\",\"itemListElement\":[{\"@type\":\"ListItem\",\"position\":1,\"name\":\"Inicio\",\"item\":\"https:\/\/apuntesdesanluis.com\/\"},{\"@type\":\"ListItem\",\"position\":2,\"name\":\"CON MILEI EN ESPA\u00d1A, PEDRO S\u00c1NCHEZ LO CALIFIC\u00d3 COMO UN L\u00cdDER DE LA \u201cINTERNACIONAL ULTRADERECHISTA\u201d\"}]},{\"@type\":\"WebSite\",\"@id\":\"https:\/\/apuntesdesanluis.com\/#website\",\"url\":\"https:\/\/apuntesdesanluis.com\/\",\"name\":\"Apuntes de San Luis\",\"description\":\"\",\"publisher\":{\"@id\":\"https:\/\/apuntesdesanluis.com\/#\/schema\/person\/b55151d52296fcce64d1a72538a70b90\"},\"potentialAction\":[{\"@type\":\"SearchAction\",\"target\":{\"@type\":\"EntryPoint\",\"urlTemplate\":\"https:\/\/apuntesdesanluis.com\/?s={search_term_string}\"},\"query-input\":{\"@type\":\"PropertyValueSpecification\",\"valueRequired\":true,\"valueName\":\"search_term_string\"}}],\"inLanguage\":\"es-AR\"},{\"@type\":[\"Person\",\"Organization\"],\"@id\":\"https:\/\/apuntesdesanluis.com\/#\/schema\/person\/b55151d52296fcce64d1a72538a70b90\",\"name\":\"apuntesdesanluis.com\",\"image\":{\"@type\":\"ImageObject\",\"inLanguage\":\"es-AR\",\"@id\":\"https:\/\/apuntesdesanluis.com\/#\/schema\/person\/image\/\",\"url\":\"https:\/\/apuntesdesanluis.com\/wp-content\/uploads\/2023\/07\/cropped-apuntesdesanluis.png\",\"contentUrl\":\"https:\/\/apuntesdesanluis.com\/wp-content\/uploads\/2023\/07\/cropped-apuntesdesanluis.png\",\"width\":450,\"height\":112,\"caption\":\"apuntesdesanluis.com\"},\"logo\":{\"@id\":\"https:\/\/apuntesdesanluis.com\/#\/schema\/person\/image\/\"},\"sameAs\":[\"https:\/\/apuntesdesanluis.com\"],\"url\":\"https:\/\/apuntesdesanluis.com\/index.php\/author\/apuntesdesanluis-com\/\"}]}<\/script>\n<!-- \/ Yoast SEO plugin. -->","yoast_head_json":{"title":"CON MILEI EN ESPA\u00d1A, PEDRO S\u00c1NCHEZ LO CALIFIC\u00d3 COMO UN L\u00cdDER DE LA \u201cINTERNACIONAL ULTRADERECHISTA\u201d - Apuntes de San Luis","robots":{"index":"index","follow":"follow","max-snippet":"max-snippet:-1","max-image-preview":"max-image-preview:large","max-video-preview":"max-video-preview:-1"},"canonical":"https:\/\/apuntesdesanluis.com\/index.php\/2024\/05\/18\/con-milei-en-espana-pedro-sanchez-lo-califico-como-un-lider-de-la-internacional-ultraderechista\/","og_locale":"es_ES","og_type":"article","og_title":"CON MILEI EN ESPA\u00d1A, PEDRO S\u00c1NCHEZ LO CALIFIC\u00d3 COMO UN L\u00cdDER DE LA \u201cINTERNACIONAL ULTRADERECHISTA\u201d - Apuntes de San Luis","og_description":"Los dichos del funcionario se relacionan con el acto convocado por el partido espa\u00f1ol Vox,...","og_url":"https:\/\/apuntesdesanluis.com\/index.php\/2024\/05\/18\/con-milei-en-espana-pedro-sanchez-lo-califico-como-un-lider-de-la-internacional-ultraderechista\/","og_site_name":"Apuntes de San Luis","article_published_time":"2024-05-18T15:02:41+00:00","og_image":[{"width":700,"height":408,"url":"https:\/\/apuntesdesanluis.com\/wp-content\/uploads\/2024\/05\/milei-y-sanchez.png","type":"image\/png"}],"author":"apuntesdesanluis.com","twitter_card":"summary_large_image","twitter_misc":{"Escrito por":"apuntesdesanluis.com","Tiempo de lectura":"2 minutos"},"schema":{"@context":"https:\/\/schema.org","@graph":[{"@type":"Article","@id":"https:\/\/apuntesdesanluis.com\/index.php\/2024\/05\/18\/con-milei-en-espana-pedro-sanchez-lo-califico-como-un-lider-de-la-internacional-ultraderechista\/#article","isPartOf":{"@id":"https:\/\/apuntesdesanluis.com\/index.php\/2024\/05\/18\/con-milei-en-espana-pedro-sanchez-lo-califico-como-un-lider-de-la-internacional-ultraderechista\/"},"author":{"name":"apuntesdesanluis.com","@id":"https:\/\/apuntesdesanluis.com\/#\/schema\/person\/b55151d52296fcce64d1a72538a70b90"},"headline":"CON MILEI EN ESPA\u00d1A, PEDRO S\u00c1NCHEZ LO CALIFIC\u00d3 COMO UN L\u00cdDER DE LA \u201cINTERNACIONAL ULTRADERECHISTA\u201d","datePublished":"2024-05-18T15:02:41+00:00","mainEntityOfPage":{"@id":"https:\/\/apuntesdesanluis.com\/index.php\/2024\/05\/18\/con-milei-en-espana-pedro-sanchez-lo-califico-como-un-lider-de-la-internacional-ultraderechista\/"},"wordCount":325,"publisher":{"@id":"https:\/\/apuntesdesanluis.com\/#\/schema\/person\/b55151d52296fcce64d1a72538a70b90"},"image":{"@id":"https:\/\/apuntesdesanluis.com\/index.php\/2024\/05\/18\/con-milei-en-espana-pedro-sanchez-lo-califico-como-un-lider-de-la-internacional-ultraderechista\/#primaryimage"},"thumbnailUrl":"https:\/\/apuntesdesanluis.com\/wp-content\/uploads\/2024\/05\/milei-y-sanchez.png","articleSection":["Nacionales\/Internacionales"],"inLanguage":"es-AR"},{"@type":"WebPage","@id":"https:\/\/apuntesdesanluis.com\/index.php\/2024\/05\/18\/con-milei-en-espana-pedro-sanchez-lo-califico-como-un-lider-de-la-internacional-ultraderechista\/","url":"https:\/\/apuntesdesanluis.com\/index.php\/2024\/05\/18\/con-milei-en-espana-pedro-sanchez-lo-califico-como-un-lider-de-la-internacional-ultraderechista\/","name":"CON MILEI EN ESPA\u00d1A, PEDRO S\u00c1NCHEZ LO CALIFIC\u00d3 COMO UN L\u00cdDER DE LA \u201cINTERNACIONAL ULTRADERECHISTA\u201d - Apuntes de San Luis","isPartOf":{"@id":"https:\/\/apuntesdesanluis.com\/#website"},"primaryImageOfPage":{"@id":"https:\/\/apuntesdesanluis.com\/index.php\/2024\/05\/18\/con-milei-en-espana-pedro-sanchez-lo-califico-como-un-lider-de-la-internacional-ultraderechista\/#primaryimage"},"image":{"@id":"https:\/\/apuntesdesanluis.com\/index.php\/2024\/05\/18\/con-milei-en-espana-pedro-sanchez-lo-califico-como-un-lider-de-la-internacional-ultraderechista\/#primaryimage"},"thumbnailUrl":"https:\/\/apuntesdesanluis.com\/wp-content\/uploads\/2024\/05\/milei-y-sanchez.png","datePublished":"2024-05-18T15:02:41+00:00","breadcrumb":{"@id":"https:\/\/apuntesdesanluis.com\/index.php\/2024\/05\/18\/con-milei-en-espana-pedro-sanchez-lo-califico-como-un-lider-de-la-internacional-ultraderechista\/#breadcrumb"},"inLanguage":"es-AR","potentialAction":[{"@type":"ReadAction","target":["https:\/\/apuntesdesanluis.com\/index.php\/2024\/05\/18\/con-milei-en-espana-pedro-sanchez-lo-califico-como-un-lider-de-la-internacional-ultraderechista\/"]}]},{"@type":"ImageObject","inLanguage":"es-AR","@id":"https:\/\/apuntesdesanluis.com\/index.php\/2024\/05\/18\/con-milei-en-espana-pedro-sanchez-lo-califico-como-un-lider-de-la-internacional-ultraderechista\/#primaryimage","url":"https:\/\/apuntesdesanluis.com\/wp-content\/uploads\/2024\/05\/milei-y-sanchez.png","contentUrl":"https:\/\/apuntesdesanluis.com\/wp-content\/uploads\/2024\/05\/milei-y-sanchez.png","width":700,"height":408},{"@type":"BreadcrumbList","@id":"https:\/\/apuntesdesanluis.com\/index.php\/2024\/05\/18\/con-milei-en-espana-pedro-sanchez-lo-califico-como-un-lider-de-la-internacional-ultraderechista\/#breadcrumb","itemListElement":[{"@type":"ListItem","position":1,"name":"Inicio","item":"https:\/\/apuntesdesanluis.com\/"},{"@type":"ListItem","position":2,"name":"CON MILEI EN ESPA\u00d1A, PEDRO S\u00c1NCHEZ LO CALIFIC\u00d3 COMO UN L\u00cdDER DE LA \u201cINTERNACIONAL ULTRADERECHISTA\u201d"}]},{"@type":"WebSite","@id":"https:\/\/apuntesdesanluis.com\/#website","url":"https:\/\/apuntesdesanluis.com\/","name":"Apuntes de San Luis","description":"","publisher":{"@id":"https:\/\/apuntesdesanluis.com\/#\/schema\/person\/b55151d52296fcce64d1a72538a70b90"},"potentialAction":[{"@type":"SearchAction","target":{"@type":"EntryPoint","urlTemplate":"https:\/\/apuntesdesanluis.com\/?s={search_term_string}"},"query-input":{"@type":"PropertyValueSpecification","valueRequired":true,"valueName":"search_term_string"}}],"inLanguage":"es-AR"},{"@type":["Person","Organization"],"@id":"https:\/\/apuntesdesanluis.com\/#\/schema\/person\/b55151d52296fcce64d1a72538a70b90","name":"apuntesdesanluis.com","image":{"@type":"ImageObject","inLanguage":"es-AR","@id":"https:\/\/apuntesdesanluis.com\/#\/schema\/person\/image\/","url":"https:\/\/apuntesdesanluis.com\/wp-content\/uploads\/2023\/07\/cropped-apuntesdesanluis.png","contentUrl":"https:\/\/apuntesdesanluis.com\/wp-content\/uploads\/2023\/07\/cropped-apuntesdesanluis.png","width":450,"height":112,"caption":"apuntesdesanluis.com"},"logo":{"@id":"https:\/\/apuntesdesanluis.com\/#\/schema\/person\/image\/"},"sameAs":["https:\/\/apuntesdesanluis.com"],"url":"https:\/\/apuntesdesanluis.com\/index.php\/author\/apuntesdesanluis-com\/"}]}},"featured_image_urls":{"full":["https:\/\/apuntesdesanluis.com\/wp-content\/uploads\/2024\/05\/milei-y-sanchez.png",700,408,false],"thumbnail":["https:\/\/apuntesdesanluis.com\/wp-content\/uploads\/2024\/05\/milei-y-sanchez-150x150.png",150,150,true],"medium":["https:\/\/apuntesdesanluis.com\/wp-content\/uploads\/2024\/05\/milei-y-sanchez-300x175.png",300,175,true],"medium_large":["https:\/\/apuntesdesanluis.com\/wp-content\/uploads\/2024\/05\/milei-y-sanchez.png",640,373,false],"large":["https:\/\/apuntesdesanluis.com\/wp-content\/uploads\/2024\/05\/milei-y-sanchez.png",640,373,false],"1536x1536":["https:\/\/apuntesdesanluis.com\/wp-content\/uploads\/2024\/05\/milei-y-sanchez.png",700,408,false],"2048x2048":["https:\/\/apuntesdesanluis.com\/wp-content\/uploads\/2024\/05\/milei-y-sanchez.png",700,408,false],"newsever-slider-full":["https:\/\/apuntesdesanluis.com\/wp-content\/uploads\/2024\/05\/milei-y-sanchez.png",700,408,false],"newsever-featured":["https:\/\/apuntesdesanluis.com\/wp-content\/uploads\/2024\/05\/milei-y-sanchez.png",700,408,false],"newsever-medium":["https:\/\/apuntesdesanluis.com\/wp-content\/uploads\/2024\/05\/milei-y-sanchez.png",700,408,false]},"author_info":{"display_name":"apuntesdesanluis.com","author_link":"https:\/\/apuntesdesanluis.com\/index.php\/author\/apuntesdesanluis-com\/"},"category_info":"<a href=\"https:\/\/apuntesdesanluis.com\/index.php\/category\/nacionales-internacionales\/\" rel=\"category tag\">Nacionales\/Internacionales<\/a>","tag_info":"Nacionales\/Internacionales","comment_count":"0","_links":{"self":[{"href":"https:\/\/apuntesdesanluis.com\/index.php\/wp-json\/wp\/v2\/posts\/16383","targetHints":{"allow":["GET"]}}],"collection":[{"href":"https:\/\/apuntesdesanluis.com\/index.php\/wp-json\/wp\/v2\/posts"}],"about":[{"href":"https:\/\/apuntesdesanluis.com\/index.php\/wp-json\/wp\/v2\/types\/post"}],"author":[{"embeddable":true,"href":"https:\/\/apuntesdesanluis.com\/index.php\/wp-json\/wp\/v2\/users\/1"}],"replies":[{"embeddable":true,"href":"https:\/\/apuntesdesanluis.com\/index.php\/wp-json\/wp\/v2\/comments?post=16383"}],"version-history":[{"count":1,"href":"https:\/\/apuntesdesanluis.com\/index.php\/wp-json\/wp\/v2\/posts\/16383\/revisions"}],"predecessor-version":[{"id":16385,"href":"https:\/\/apuntesdesanluis.com\/index.php\/wp-json\/wp\/v2\/posts\/16383\/revisions\/16385"}],"wp:featuredmedia":[{"embeddable":true,"href":"https:\/\/apuntesdesanluis.com\/index.php\/wp-json\/wp\/v2\/media\/16384"}],"wp:attachment":[{"href":"https:\/\/apuntesdesanluis.com\/index.php\/wp-json\/wp\/v2\/media?parent=16383"}],"wp:term":[{"taxonomy":"category","embeddable":true,"href":"https:\/\/apuntesdesanluis.com\/index.php\/wp-json\/wp\/v2\/categories?post=16383"},{"taxonomy":"post_tag","embeddable":true,"href":"https:\/\/apuntesdesanluis.com\/index.php\/wp-json\/wp\/v2\/tags?post=16383"}],"curies":[{"name":"wp","href":"https:\/\/api.w.org\/{rel}","templated":true}]}}