{"id":16386,"date":"2024-05-18T22:13:51","date_gmt":"2024-05-19T01:13:51","guid":{"rendered":"https:\/\/apuntesdesanluis.com\/?p=16386"},"modified":"2024-05-18T22:47:36","modified_gmt":"2024-05-19T01:47:36","slug":"grave-denuncia-por-abuso-sexual-contra-conocido-locutor-de-villa-mercedes","status":"publish","type":"post","link":"https:\/\/apuntesdesanluis.com\/index.php\/2024\/05\/18\/grave-denuncia-por-abuso-sexual-contra-conocido-locutor-de-villa-mercedes\/","title":{"rendered":"GRAVE DENUNCIA POR ABUSO SEXUAL CONTRA CONOCIDO LOCUTOR DE VILLA MERCEDES"},"content":{"rendered":"<h3>Este fin de semana la ciudad se conmovi\u00f3 al conocerse que un joven con discapacidad, de 22 a\u00f1os, denunci\u00f3 haber sufrido abuso sexual por parte del locutor <strong>Jos\u00e9 Hugo Dutto<\/strong>.<\/h3>\n<h3>A trav\u00e9s de <strong>Mediador en Red<\/strong>, se difundi\u00f3 la entrevista a la esposa y a la v\u00edctima, ofreciendo detalles realmente escabrosos de lo ocurrido el viernes en la vivienda del propio acusado, en calle Pueyrred\u00f3n.<\/h3>\n<h3>La familia se completa con una peque\u00f1a hija, tambi\u00e9n con discapacidad. Los mismos habitan una humilde vivienda en el Km 4.<\/h3>\n<h3><a href=\"https:\/\/www.facebook.com\/watch\/live\/?mibextid=oFDknk&amp;ref=watch_permalink&amp;v=462929602905704&amp;rdid=zHOcgzPZYKIrIor9\" target=\"_blank\" rel=\"noopener\"><img fetchpriority=\"high\" decoding=\"async\" class=\"wp-image-16388 aligncenter\" src=\"https:\/\/apuntesdesanluis.com\/wp-content\/uploads\/2024\/05\/abuso-300x169.png\" alt=\"\" width=\"634\" height=\"357\" srcset=\"https:\/\/apuntesdesanluis.com\/wp-content\/uploads\/2024\/05\/abuso-300x169.png 300w, https:\/\/apuntesdesanluis.com\/wp-content\/uploads\/2024\/05\/abuso.png 700w\" sizes=\"(max-width: 634px) 100vw, 634px\" \/><\/a><\/h3>\n<h3>Luego del supuesto abuso el joven concurri\u00f3 a la Comisar\u00eda 8va. y efectu\u00f3 la denuncia policial.<\/h3>\n<h3>Este s\u00e1bado en horas de la tarde se supo que el domicilio de Dutto fue allanado, en b\u00fasqueda de las pruebas que el joven dice haber dejado como evidencias, en el interior de la vivienda.<\/h3>\n<h3>Interviene el fiscal <strong>Jos\u00e9 Olgu\u00edn<\/strong>. Las causa estar\u00eda caratulada \u201cAveriguaci\u00f3n Abuso\u201d. La investigaci\u00f3n continuar\u00e1 el d\u00eda lunes. Tambi\u00e9n se convocar\u00e1 al denunciante para que ratifique la denuncia y se notificar\u00e1 al imputado como sigue la causa.<\/h3>\n<p>&nbsp;<\/p>\n<p>&nbsp;<\/p>\n<p>&nbsp;<\/p>\n","protected":false},"excerpt":{"rendered":"<p>Este fin de semana la ciudad se conmovi\u00f3 al conocerse que un joven con discapacidad,&#8230;<\/p>\n","protected":false},"author":1,"featured_media":16387,"comment_status":"closed","ping_status":"closed","sticky":false,"template":"","format":"standard","meta":{"footnotes":""},"categories":[6],"tags":[],"class_list":["post-16386","post","type-post","status-publish","format-standard","has-post-thumbnail","hentry","category-ciudad-provincia"],"yoast_head":"<!-- This site is optimized with the Yoast SEO plugin v26.1.1 - https:\/\/yoast.com\/wordpress\/plugins\/seo\/ -->\n<title>GRAVE DENUNCIA POR ABUSO SEXUAL CONTRA CONOCIDO LOCUTOR DE VILLA MERCEDES - Apuntes de San Luis<\/title>\n<meta name=\"robots\" content=\"index, follow, max-snippet:-1, max-image-preview:large, max-video-preview:-1\" \/>\n<link rel=\"canonical\" href=\"https:\/\/apuntesdesanluis.com\/index.php\/2024\/05\/18\/grave-denuncia-por-abuso-sexual-contra-conocido-locutor-de-villa-mercedes\/\" \/>\n<meta property=\"og:locale\" content=\"es_ES\" \/>\n<meta property=\"og:type\" content=\"article\" \/>\n<meta property=\"og:title\" content=\"GRAVE DENUNCIA POR ABUSO SEXUAL CONTRA CONOCIDO LOCUTOR DE VILLA MERCEDES - Apuntes de San Luis\" \/>\n<meta property=\"og:description\" content=\"Este fin de semana la ciudad se conmovi\u00f3 al conocerse que un joven con discapacidad,...\" \/>\n<meta property=\"og:url\" content=\"https:\/\/apuntesdesanluis.com\/index.php\/2024\/05\/18\/grave-denuncia-por-abuso-sexual-contra-conocido-locutor-de-villa-mercedes\/\" \/>\n<meta property=\"og:site_name\" content=\"Apuntes de San Luis\" \/>\n<meta property=\"article:published_time\" content=\"2024-05-19T01:13:51+00:00\" \/>\n<meta property=\"article:modified_time\" content=\"2024-05-19T01:47:36+00:00\" \/>\n<meta property=\"og:image\" content=\"https:\/\/apuntesdesanluis.com\/wp-content\/uploads\/2024\/05\/joven-abusado.png\" \/>\n\t<meta property=\"og:image:width\" content=\"700\" \/>\n\t<meta property=\"og:image:height\" content=\"394\" \/>\n\t<meta property=\"og:image:type\" content=\"image\/png\" \/>\n<meta name=\"author\" content=\"apuntesdesanluis.com\" \/>\n<meta name=\"twitter:card\" content=\"summary_large_image\" \/>\n<meta name=\"twitter:label1\" content=\"Escrito por\" \/>\n\t<meta name=\"twitter:data1\" content=\"apuntesdesanluis.com\" \/>\n\t<meta name=\"twitter:label2\" content=\"Tiempo de lectura\" \/>\n\t<meta name=\"twitter:data2\" content=\"2 minutos\" \/>\n<script type=\"application\/ld+json\" class=\"yoast-schema-graph\">{\"@context\":\"https:\/\/schema.org\",\"@graph\":[{\"@type\":\"Article\",\"@id\":\"https:\/\/apuntesdesanluis.com\/index.php\/2024\/05\/18\/grave-denuncia-por-abuso-sexual-contra-conocido-locutor-de-villa-mercedes\/#article\",\"isPartOf\":{\"@id\":\"https:\/\/apuntesdesanluis.com\/index.php\/2024\/05\/18\/grave-denuncia-por-abuso-sexual-contra-conocido-locutor-de-villa-mercedes\/\"},\"author\":{\"name\":\"apuntesdesanluis.com\",\"@id\":\"https:\/\/apuntesdesanluis.com\/#\/schema\/person\/b55151d52296fcce64d1a72538a70b90\"},\"headline\":\"GRAVE DENUNCIA POR ABUSO SEXUAL CONTRA CONOCIDO LOCUTOR DE VILLA MERCEDES\",\"datePublished\":\"2024-05-19T01:13:51+00:00\",\"dateModified\":\"2024-05-19T01:47:36+00:00\",\"mainEntityOfPage\":{\"@id\":\"https:\/\/apuntesdesanluis.com\/index.php\/2024\/05\/18\/grave-denuncia-por-abuso-sexual-contra-conocido-locutor-de-villa-mercedes\/\"},\"wordCount\":200,\"publisher\":{\"@id\":\"https:\/\/apuntesdesanluis.com\/#\/schema\/person\/b55151d52296fcce64d1a72538a70b90\"},\"image\":{\"@id\":\"https:\/\/apuntesdesanluis.com\/index.php\/2024\/05\/18\/grave-denuncia-por-abuso-sexual-contra-conocido-locutor-de-villa-mercedes\/#primaryimage\"},\"thumbnailUrl\":\"https:\/\/apuntesdesanluis.com\/wp-content\/uploads\/2024\/05\/joven-abusado.png\",\"articleSection\":[\"Ciudad\/Provincia\"],\"inLanguage\":\"es-AR\"},{\"@type\":\"WebPage\",\"@id\":\"https:\/\/apuntesdesanluis.com\/index.php\/2024\/05\/18\/grave-denuncia-por-abuso-sexual-contra-conocido-locutor-de-villa-mercedes\/\",\"url\":\"https:\/\/apuntesdesanluis.com\/index.php\/2024\/05\/18\/grave-denuncia-por-abuso-sexual-contra-conocido-locutor-de-villa-mercedes\/\",\"name\":\"GRAVE DENUNCIA POR ABUSO SEXUAL CONTRA CONOCIDO LOCUTOR DE VILLA MERCEDES - Apuntes de San Luis\",\"isPartOf\":{\"@id\":\"https:\/\/apuntesdesanluis.com\/#website\"},\"primaryImageOfPage\":{\"@id\":\"https:\/\/apuntesdesanluis.com\/index.php\/2024\/05\/18\/grave-denuncia-por-abuso-sexual-contra-conocido-locutor-de-villa-mercedes\/#primaryimage\"},\"image\":{\"@id\":\"https:\/\/apuntesdesanluis.com\/index.php\/2024\/05\/18\/grave-denuncia-por-abuso-sexual-contra-conocido-locutor-de-villa-mercedes\/#primaryimage\"},\"thumbnailUrl\":\"https:\/\/apuntesdesanluis.com\/wp-content\/uploads\/2024\/05\/joven-abusado.png\",\"datePublished\":\"2024-05-19T01:13:51+00:00\",\"dateModified\":\"2024-05-19T01:47:36+00:00\",\"breadcrumb\":{\"@id\":\"https:\/\/apuntesdesanluis.com\/index.php\/2024\/05\/18\/grave-denuncia-por-abuso-sexual-contra-conocido-locutor-de-villa-mercedes\/#breadcrumb\"},\"inLanguage\":\"es-AR\",\"potentialAction\":[{\"@type\":\"ReadAction\",\"target\":[\"https:\/\/apuntesdesanluis.com\/index.php\/2024\/05\/18\/grave-denuncia-por-abuso-sexual-contra-conocido-locutor-de-villa-mercedes\/\"]}]},{\"@type\":\"ImageObject\",\"inLanguage\":\"es-AR\",\"@id\":\"https:\/\/apuntesdesanluis.com\/index.php\/2024\/05\/18\/grave-denuncia-por-abuso-sexual-contra-conocido-locutor-de-villa-mercedes\/#primaryimage\",\"url\":\"https:\/\/apuntesdesanluis.com\/wp-content\/uploads\/2024\/05\/joven-abusado.png\",\"contentUrl\":\"https:\/\/apuntesdesanluis.com\/wp-content\/uploads\/2024\/05\/joven-abusado.png\",\"width\":700,\"height\":394},{\"@type\":\"BreadcrumbList\",\"@id\":\"https:\/\/apuntesdesanluis.com\/index.php\/2024\/05\/18\/grave-denuncia-por-abuso-sexual-contra-conocido-locutor-de-villa-mercedes\/#breadcrumb\",\"itemListElement\":[{\"@type\":\"ListItem\",\"position\":1,\"name\":\"Inicio\",\"item\":\"https:\/\/apuntesdesanluis.com\/\"},{\"@type\":\"ListItem\",\"position\":2,\"name\":\"GRAVE DENUNCIA POR ABUSO SEXUAL CONTRA CONOCIDO LOCUTOR DE VILLA MERCEDES\"}]},{\"@type\":\"WebSite\",\"@id\":\"https:\/\/apuntesdesanluis.com\/#website\",\"url\":\"https:\/\/apuntesdesanluis.com\/\",\"name\":\"Apuntes de San Luis\",\"description\":\"\",\"publisher\":{\"@id\":\"https:\/\/apuntesdesanluis.com\/#\/schema\/person\/b55151d52296fcce64d1a72538a70b90\"},\"potentialAction\":[{\"@type\":\"SearchAction\",\"target\":{\"@type\":\"EntryPoint\",\"urlTemplate\":\"https:\/\/apuntesdesanluis.com\/?s={search_term_string}\"},\"query-input\":{\"@type\":\"PropertyValueSpecification\",\"valueRequired\":true,\"valueName\":\"search_term_string\"}}],\"inLanguage\":\"es-AR\"},{\"@type\":[\"Person\",\"Organization\"],\"@id\":\"https:\/\/apuntesdesanluis.com\/#\/schema\/person\/b55151d52296fcce64d1a72538a70b90\",\"name\":\"apuntesdesanluis.com\",\"image\":{\"@type\":\"ImageObject\",\"inLanguage\":\"es-AR\",\"@id\":\"https:\/\/apuntesdesanluis.com\/#\/schema\/person\/image\/\",\"url\":\"https:\/\/apuntesdesanluis.com\/wp-content\/uploads\/2023\/07\/cropped-apuntesdesanluis.png\",\"contentUrl\":\"https:\/\/apuntesdesanluis.com\/wp-content\/uploads\/2023\/07\/cropped-apuntesdesanluis.png\",\"width\":450,\"height\":112,\"caption\":\"apuntesdesanluis.com\"},\"logo\":{\"@id\":\"https:\/\/apuntesdesanluis.com\/#\/schema\/person\/image\/\"},\"sameAs\":[\"https:\/\/apuntesdesanluis.com\"],\"url\":\"https:\/\/apuntesdesanluis.com\/index.php\/author\/apuntesdesanluis-com\/\"}]}<\/script>\n<!-- \/ Yoast SEO plugin. -->","yoast_head_json":{"title":"GRAVE DENUNCIA POR ABUSO SEXUAL CONTRA CONOCIDO LOCUTOR DE VILLA MERCEDES - Apuntes de San Luis","robots":{"index":"index","follow":"follow","max-snippet":"max-snippet:-1","max-image-preview":"max-image-preview:large","max-video-preview":"max-video-preview:-1"},"canonical":"https:\/\/apuntesdesanluis.com\/index.php\/2024\/05\/18\/grave-denuncia-por-abuso-sexual-contra-conocido-locutor-de-villa-mercedes\/","og_locale":"es_ES","og_type":"article","og_title":"GRAVE DENUNCIA POR ABUSO SEXUAL CONTRA CONOCIDO LOCUTOR DE VILLA MERCEDES - Apuntes de San Luis","og_description":"Este fin de semana la ciudad se conmovi\u00f3 al conocerse que un joven con discapacidad,...","og_url":"https:\/\/apuntesdesanluis.com\/index.php\/2024\/05\/18\/grave-denuncia-por-abuso-sexual-contra-conocido-locutor-de-villa-mercedes\/","og_site_name":"Apuntes de San Luis","article_published_time":"2024-05-19T01:13:51+00:00","article_modified_time":"2024-05-19T01:47:36+00:00","og_image":[{"width":700,"height":394,"url":"https:\/\/apuntesdesanluis.com\/wp-content\/uploads\/2024\/05\/joven-abusado.png","type":"image\/png"}],"author":"apuntesdesanluis.com","twitter_card":"summary_large_image","twitter_misc":{"Escrito por":"apuntesdesanluis.com","Tiempo de lectura":"2 minutos"},"schema":{"@context":"https:\/\/schema.org","@graph":[{"@type":"Article","@id":"https:\/\/apuntesdesanluis.com\/index.php\/2024\/05\/18\/grave-denuncia-por-abuso-sexual-contra-conocido-locutor-de-villa-mercedes\/#article","isPartOf":{"@id":"https:\/\/apuntesdesanluis.com\/index.php\/2024\/05\/18\/grave-denuncia-por-abuso-sexual-contra-conocido-locutor-de-villa-mercedes\/"},"author":{"name":"apuntesdesanluis.com","@id":"https:\/\/apuntesdesanluis.com\/#\/schema\/person\/b55151d52296fcce64d1a72538a70b90"},"headline":"GRAVE DENUNCIA POR ABUSO SEXUAL CONTRA CONOCIDO LOCUTOR DE VILLA MERCEDES","datePublished":"2024-05-19T01:13:51+00:00","dateModified":"2024-05-19T01:47:36+00:00","mainEntityOfPage":{"@id":"https:\/\/apuntesdesanluis.com\/index.php\/2024\/05\/18\/grave-denuncia-por-abuso-sexual-contra-conocido-locutor-de-villa-mercedes\/"},"wordCount":200,"publisher":{"@id":"https:\/\/apuntesdesanluis.com\/#\/schema\/person\/b55151d52296fcce64d1a72538a70b90"},"image":{"@id":"https:\/\/apuntesdesanluis.com\/index.php\/2024\/05\/18\/grave-denuncia-por-abuso-sexual-contra-conocido-locutor-de-villa-mercedes\/#primaryimage"},"thumbnailUrl":"https:\/\/apuntesdesanluis.com\/wp-content\/uploads\/2024\/05\/joven-abusado.png","articleSection":["Ciudad\/Provincia"],"inLanguage":"es-AR"},{"@type":"WebPage","@id":"https:\/\/apuntesdesanluis.com\/index.php\/2024\/05\/18\/grave-denuncia-por-abuso-sexual-contra-conocido-locutor-de-villa-mercedes\/","url":"https:\/\/apuntesdesanluis.com\/index.php\/2024\/05\/18\/grave-denuncia-por-abuso-sexual-contra-conocido-locutor-de-villa-mercedes\/","name":"GRAVE DENUNCIA POR ABUSO SEXUAL CONTRA CONOCIDO LOCUTOR DE VILLA MERCEDES - Apuntes de San Luis","isPartOf":{"@id":"https:\/\/apuntesdesanluis.com\/#website"},"primaryImageOfPage":{"@id":"https:\/\/apuntesdesanluis.com\/index.php\/2024\/05\/18\/grave-denuncia-por-abuso-sexual-contra-conocido-locutor-de-villa-mercedes\/#primaryimage"},"image":{"@id":"https:\/\/apuntesdesanluis.com\/index.php\/2024\/05\/18\/grave-denuncia-por-abuso-sexual-contra-conocido-locutor-de-villa-mercedes\/#primaryimage"},"thumbnailUrl":"https:\/\/apuntesdesanluis.com\/wp-content\/uploads\/2024\/05\/joven-abusado.png","datePublished":"2024-05-19T01:13:51+00:00","dateModified":"2024-05-19T01:47:36+00:00","breadcrumb":{"@id":"https:\/\/apuntesdesanluis.com\/index.php\/2024\/05\/18\/grave-denuncia-por-abuso-sexual-contra-conocido-locutor-de-villa-mercedes\/#breadcrumb"},"inLanguage":"es-AR","potentialAction":[{"@type":"ReadAction","target":["https:\/\/apuntesdesanluis.com\/index.php\/2024\/05\/18\/grave-denuncia-por-abuso-sexual-contra-conocido-locutor-de-villa-mercedes\/"]}]},{"@type":"ImageObject","inLanguage":"es-AR","@id":"https:\/\/apuntesdesanluis.com\/index.php\/2024\/05\/18\/grave-denuncia-por-abuso-sexual-contra-conocido-locutor-de-villa-mercedes\/#primaryimage","url":"https:\/\/apuntesdesanluis.com\/wp-content\/uploads\/2024\/05\/joven-abusado.png","contentUrl":"https:\/\/apuntesdesanluis.com\/wp-content\/uploads\/2024\/05\/joven-abusado.png","width":700,"height":394},{"@type":"BreadcrumbList","@id":"https:\/\/apuntesdesanluis.com\/index.php\/2024\/05\/18\/grave-denuncia-por-abuso-sexual-contra-conocido-locutor-de-villa-mercedes\/#breadcrumb","itemListElement":[{"@type":"ListItem","position":1,"name":"Inicio","item":"https:\/\/apuntesdesanluis.com\/"},{"@type":"ListItem","position":2,"name":"GRAVE DENUNCIA POR ABUSO SEXUAL CONTRA CONOCIDO LOCUTOR DE VILLA MERCEDES"}]},{"@type":"WebSite","@id":"https:\/\/apuntesdesanluis.com\/#website","url":"https:\/\/apuntesdesanluis.com\/","name":"Apuntes de San Luis","description":"","publisher":{"@id":"https:\/\/apuntesdesanluis.com\/#\/schema\/person\/b55151d52296fcce64d1a72538a70b90"},"potentialAction":[{"@type":"SearchAction","target":{"@type":"EntryPoint","urlTemplate":"https:\/\/apuntesdesanluis.com\/?s={search_term_string}"},"query-input":{"@type":"PropertyValueSpecification","valueRequired":true,"valueName":"search_term_string"}}],"inLanguage":"es-AR"},{"@type":["Person","Organization"],"@id":"https:\/\/apuntesdesanluis.com\/#\/schema\/person\/b55151d52296fcce64d1a72538a70b90","name":"apuntesdesanluis.com","image":{"@type":"ImageObject","inLanguage":"es-AR","@id":"https:\/\/apuntesdesanluis.com\/#\/schema\/person\/image\/","url":"https:\/\/apuntesdesanluis.com\/wp-content\/uploads\/2023\/07\/cropped-apuntesdesanluis.png","contentUrl":"https:\/\/apuntesdesanluis.com\/wp-content\/uploads\/2023\/07\/cropped-apuntesdesanluis.png","width":450,"height":112,"caption":"apuntesdesanluis.com"},"logo":{"@id":"https:\/\/apuntesdesanluis.com\/#\/schema\/person\/image\/"},"sameAs":["https:\/\/apuntesdesanluis.com"],"url":"https:\/\/apuntesdesanluis.com\/index.php\/author\/apuntesdesanluis-com\/"}]}},"featured_image_urls":{"full":["https:\/\/apuntesdesanluis.com\/wp-content\/uploads\/2024\/05\/joven-abusado.png",700,394,false],"thumbnail":["https:\/\/apuntesdesanluis.com\/wp-content\/uploads\/2024\/05\/joven-abusado-150x150.png",150,150,true],"medium":["https:\/\/apuntesdesanluis.com\/wp-content\/uploads\/2024\/05\/joven-abusado-300x169.png",300,169,true],"medium_large":["https:\/\/apuntesdesanluis.com\/wp-content\/uploads\/2024\/05\/joven-abusado.png",640,360,false],"large":["https:\/\/apuntesdesanluis.com\/wp-content\/uploads\/2024\/05\/joven-abusado.png",640,360,false],"1536x1536":["https:\/\/apuntesdesanluis.com\/wp-content\/uploads\/2024\/05\/joven-abusado.png",700,394,false],"2048x2048":["https:\/\/apuntesdesanluis.com\/wp-content\/uploads\/2024\/05\/joven-abusado.png",700,394,false],"newsever-slider-full":["https:\/\/apuntesdesanluis.com\/wp-content\/uploads\/2024\/05\/joven-abusado.png",700,394,false],"newsever-featured":["https:\/\/apuntesdesanluis.com\/wp-content\/uploads\/2024\/05\/joven-abusado.png",700,394,false],"newsever-medium":["https:\/\/apuntesdesanluis.com\/wp-content\/uploads\/2024\/05\/joven-abusado.png",700,394,false]},"author_info":{"display_name":"apuntesdesanluis.com","author_link":"https:\/\/apuntesdesanluis.com\/index.php\/author\/apuntesdesanluis-com\/"},"category_info":"<a href=\"https:\/\/apuntesdesanluis.com\/index.php\/category\/ciudad-provincia\/\" rel=\"category tag\">Ciudad\/Provincia<\/a>","tag_info":"Ciudad\/Provincia","comment_count":"0","_links":{"self":[{"href":"https:\/\/apuntesdesanluis.com\/index.php\/wp-json\/wp\/v2\/posts\/16386","targetHints":{"allow":["GET"]}}],"collection":[{"href":"https:\/\/apuntesdesanluis.com\/index.php\/wp-json\/wp\/v2\/posts"}],"about":[{"href":"https:\/\/apuntesdesanluis.com\/index.php\/wp-json\/wp\/v2\/types\/post"}],"author":[{"embeddable":true,"href":"https:\/\/apuntesdesanluis.com\/index.php\/wp-json\/wp\/v2\/users\/1"}],"replies":[{"embeddable":true,"href":"https:\/\/apuntesdesanluis.com\/index.php\/wp-json\/wp\/v2\/comments?post=16386"}],"version-history":[{"count":6,"href":"https:\/\/apuntesdesanluis.com\/index.php\/wp-json\/wp\/v2\/posts\/16386\/revisions"}],"predecessor-version":[{"id":16394,"href":"https:\/\/apuntesdesanluis.com\/index.php\/wp-json\/wp\/v2\/posts\/16386\/revisions\/16394"}],"wp:featuredmedia":[{"embeddable":true,"href":"https:\/\/apuntesdesanluis.com\/index.php\/wp-json\/wp\/v2\/media\/16387"}],"wp:attachment":[{"href":"https:\/\/apuntesdesanluis.com\/index.php\/wp-json\/wp\/v2\/media?parent=16386"}],"wp:term":[{"taxonomy":"category","embeddable":true,"href":"https:\/\/apuntesdesanluis.com\/index.php\/wp-json\/wp\/v2\/categories?post=16386"},{"taxonomy":"post_tag","embeddable":true,"href":"https:\/\/apuntesdesanluis.com\/index.php\/wp-json\/wp\/v2\/tags?post=16386"}],"curies":[{"name":"wp","href":"https:\/\/api.w.org\/{rel}","templated":true}]}}