{"id":16395,"date":"2024-05-19T19:00:01","date_gmt":"2024-05-19T22:00:01","guid":{"rendered":"https:\/\/apuntesdesanluis.com\/?p=16395"},"modified":"2024-05-19T19:06:33","modified_gmt":"2024-05-19T22:06:33","slug":"trabajadores-de-la-salud-inician-un-severo-plan-de-lucha-en-el-sector-privado","status":"publish","type":"post","link":"https:\/\/apuntesdesanluis.com\/index.php\/2024\/05\/19\/trabajadores-de-la-salud-inician-un-severo-plan-de-lucha-en-el-sector-privado\/","title":{"rendered":"TRABAJADORES DE LA SALUD INICIAN UN SEVERO PLAN DE LUCHA EN EL SECTOR PRIVADO"},"content":{"rendered":"<h3>Ante la falta de respuesta a los reiterados reclamos salariales, <strong>la Federaci\u00f3n de Asociaciones de Trabajadores de la Sanidad<\/strong> (FATSA) confirm\u00f3 que dispuso un plan de lucha con medidas escalonadas, que comienzan este lunes 20 con asambleas y luego paros parciales hasta el viernes.<\/h3>\n<h3>El Secretario General de ATSA-San Luis, <strong>An\u00edbal G\u00f3mez<\/strong>, precis\u00f3 que la protesta involucra a 300 mil trabajadores de hospitales, cl\u00ednicas, servicios de emergencias, centros de diagn\u00f3stico, geri\u00e1tricos, psiqui\u00e1tricos y de medicina domiciliaria de todo el pa\u00eds.<\/h3>\n<h3><img fetchpriority=\"high\" decoding=\"async\" class=\"wp-image-16396 aligncenter\" src=\"https:\/\/apuntesdesanluis.com\/wp-content\/uploads\/2024\/05\/atsa-plan-de-lucha-192x300.jpg\" alt=\"\" width=\"543\" height=\"848\" srcset=\"https:\/\/apuntesdesanluis.com\/wp-content\/uploads\/2024\/05\/atsa-plan-de-lucha-192x300.jpg 192w, https:\/\/apuntesdesanluis.com\/wp-content\/uploads\/2024\/05\/atsa-plan-de-lucha.jpg 510w\" sizes=\"(max-width: 543px) 100vw, 543px\" \/><\/h3>\n<h3>El dirigente detall\u00f3 que este lunes y martes habr\u00e1 asambleas en diferentes cl\u00ednicas y sanatorios privados, en tanto que desde el mi\u00e9rcoles y hasta el viernes los trabajadores realizar\u00e1n paros de dos, tres y cuatro horas por turno.<\/h3>\n<h3>\u201cEsto no da para m\u00e1s. El sector patronal, que mensualmente ajusta el costo de los servicios tanto a particulares como a obras sociales, se niega a reconocer un ajuste de salarios desde el mes de marzo a los trabajadores, que son los que verdaderamente est\u00e1n siempre al pie del ca\u00f1\u00f3n, arriesgando incluso sus vidas, como qued\u00f3 demostrado durante la pandemia\u201d, record\u00f3 G\u00f3mez.<\/h3>\n<h3><img decoding=\"async\" class=\"wp-image-16397 aligncenter\" src=\"https:\/\/apuntesdesanluis.com\/wp-content\/uploads\/2024\/05\/Atsa-sin-trabajadores-no-hay-salud-198x300.jpg\" alt=\"\" width=\"465\" height=\"705\" \/><\/h3>\n<h3>En un contexto de elevada inflaci\u00f3n en Argentina, el Secretario General de FATSA, <strong>H\u00e9ctor Daer<\/strong>, advirti\u00f3 que el sector de la salud no va a &#8220;tolerar salarios congelados y sin aumentos desde el mes de marzo&#8221;.<\/h3>\n<h3>&#8220;Ante esta nueva realidad, en la que los empresarios no quieren llegar a un acuerdo para mejorar los salarios del nuestros compa\u00f1eros y compa\u00f1eras del sector asistencial, decidimos iniciar un plan de lucha nacional para visibilizar nuestro reclamo&#8221;, anunci\u00f3 a trav\u00e9s de redes social el titular de la federaci\u00f3n y secretario general de la Confederaci\u00f3n General del Trabajo (CGT), la mayor central sindical de Argentina.<\/h3>\n<p><a href=\"https:\/\/x.com\/hectordaer\/status\/1792184344502514143?ref_src=twsrc%5Etfw%7Ctwcamp%5Etweetembed%7Ctwterm%5E1792184344502514143%7Ctwgr%5E6abba8a51f4bcb96452b4c383ae2adf7f91a9927%7Ctwcon%5Es1_&amp;ref_url=https%3A%2F%2Fcooperativa.cl%2Fnoticias%2Fmundo%2Fargentina%2Fpolitica%2Fargentina-trabajadores-de-la-salud-anuncian-plan-de-lucha-en-reclamo%2F2024-05-19%2F121323.html\" target=\"_blank\" rel=\"noopener\"><img decoding=\"async\" class=\"wp-image-16398 aligncenter\" src=\"https:\/\/apuntesdesanluis.com\/wp-content\/uploads\/2024\/05\/daer-224x300.png\" alt=\"\" width=\"464\" height=\"621\" srcset=\"https:\/\/apuntesdesanluis.com\/wp-content\/uploads\/2024\/05\/daer-224x300.png 224w, https:\/\/apuntesdesanluis.com\/wp-content\/uploads\/2024\/05\/daer.png 565w\" sizes=\"(max-width: 464px) 100vw, 464px\" \/><\/a><\/p>\n<p>&nbsp;<\/p>\n<p>&nbsp;<\/p>\n<p>&nbsp;<\/p>\n","protected":false},"excerpt":{"rendered":"<p>Ante la falta de respuesta a los reiterados reclamos salariales, la Federaci\u00f3n de Asociaciones de&#8230;<\/p>\n","protected":false},"author":1,"featured_media":16402,"comment_status":"closed","ping_status":"closed","sticky":false,"template":"","format":"standard","meta":{"footnotes":""},"categories":[6],"tags":[],"class_list":["post-16395","post","type-post","status-publish","format-standard","has-post-thumbnail","hentry","category-ciudad-provincia"],"yoast_head":"<!-- This site is optimized with the Yoast SEO plugin v26.1.1 - https:\/\/yoast.com\/wordpress\/plugins\/seo\/ -->\n<title>TRABAJADORES DE LA SALUD INICIAN UN SEVERO PLAN DE LUCHA EN EL SECTOR PRIVADO - Apuntes de San Luis<\/title>\n<meta name=\"robots\" content=\"index, follow, max-snippet:-1, max-image-preview:large, max-video-preview:-1\" \/>\n<link rel=\"canonical\" href=\"https:\/\/apuntesdesanluis.com\/index.php\/2024\/05\/19\/trabajadores-de-la-salud-inician-un-severo-plan-de-lucha-en-el-sector-privado\/\" \/>\n<meta property=\"og:locale\" content=\"es_ES\" \/>\n<meta property=\"og:type\" content=\"article\" \/>\n<meta property=\"og:title\" content=\"TRABAJADORES DE LA SALUD INICIAN UN SEVERO PLAN DE LUCHA EN EL SECTOR PRIVADO - Apuntes de San Luis\" \/>\n<meta property=\"og:description\" content=\"Ante la falta de respuesta a los reiterados reclamos salariales, la Federaci\u00f3n de Asociaciones de...\" \/>\n<meta property=\"og:url\" content=\"https:\/\/apuntesdesanluis.com\/index.php\/2024\/05\/19\/trabajadores-de-la-salud-inician-un-severo-plan-de-lucha-en-el-sector-privado\/\" \/>\n<meta property=\"og:site_name\" content=\"Apuntes de San Luis\" \/>\n<meta property=\"article:published_time\" content=\"2024-05-19T22:00:01+00:00\" \/>\n<meta property=\"article:modified_time\" content=\"2024-05-19T22:06:33+00:00\" \/>\n<meta property=\"og:image\" content=\"https:\/\/apuntesdesanluis.com\/wp-content\/uploads\/2024\/05\/anibal-paro.png\" \/>\n\t<meta property=\"og:image:width\" content=\"834\" \/>\n\t<meta property=\"og:image:height\" content=\"457\" \/>\n\t<meta property=\"og:image:type\" content=\"image\/png\" \/>\n<meta name=\"author\" content=\"apuntesdesanluis.com\" \/>\n<meta name=\"twitter:card\" content=\"summary_large_image\" \/>\n<meta name=\"twitter:label1\" content=\"Escrito por\" \/>\n\t<meta name=\"twitter:data1\" content=\"apuntesdesanluis.com\" \/>\n\t<meta name=\"twitter:label2\" content=\"Tiempo de lectura\" \/>\n\t<meta name=\"twitter:data2\" content=\"3 minutos\" \/>\n<script type=\"application\/ld+json\" class=\"yoast-schema-graph\">{\"@context\":\"https:\/\/schema.org\",\"@graph\":[{\"@type\":\"Article\",\"@id\":\"https:\/\/apuntesdesanluis.com\/index.php\/2024\/05\/19\/trabajadores-de-la-salud-inician-un-severo-plan-de-lucha-en-el-sector-privado\/#article\",\"isPartOf\":{\"@id\":\"https:\/\/apuntesdesanluis.com\/index.php\/2024\/05\/19\/trabajadores-de-la-salud-inician-un-severo-plan-de-lucha-en-el-sector-privado\/\"},\"author\":{\"name\":\"apuntesdesanluis.com\",\"@id\":\"https:\/\/apuntesdesanluis.com\/#\/schema\/person\/b55151d52296fcce64d1a72538a70b90\"},\"headline\":\"TRABAJADORES DE LA SALUD INICIAN UN SEVERO PLAN DE LUCHA EN EL SECTOR PRIVADO\",\"datePublished\":\"2024-05-19T22:00:01+00:00\",\"dateModified\":\"2024-05-19T22:06:33+00:00\",\"mainEntityOfPage\":{\"@id\":\"https:\/\/apuntesdesanluis.com\/index.php\/2024\/05\/19\/trabajadores-de-la-salud-inician-un-severo-plan-de-lucha-en-el-sector-privado\/\"},\"wordCount\":318,\"publisher\":{\"@id\":\"https:\/\/apuntesdesanluis.com\/#\/schema\/person\/b55151d52296fcce64d1a72538a70b90\"},\"image\":{\"@id\":\"https:\/\/apuntesdesanluis.com\/index.php\/2024\/05\/19\/trabajadores-de-la-salud-inician-un-severo-plan-de-lucha-en-el-sector-privado\/#primaryimage\"},\"thumbnailUrl\":\"https:\/\/apuntesdesanluis.com\/wp-content\/uploads\/2024\/05\/anibal-paro.png\",\"articleSection\":[\"Ciudad\/Provincia\"],\"inLanguage\":\"es-AR\"},{\"@type\":\"WebPage\",\"@id\":\"https:\/\/apuntesdesanluis.com\/index.php\/2024\/05\/19\/trabajadores-de-la-salud-inician-un-severo-plan-de-lucha-en-el-sector-privado\/\",\"url\":\"https:\/\/apuntesdesanluis.com\/index.php\/2024\/05\/19\/trabajadores-de-la-salud-inician-un-severo-plan-de-lucha-en-el-sector-privado\/\",\"name\":\"TRABAJADORES DE LA SALUD INICIAN UN SEVERO PLAN DE LUCHA EN EL SECTOR PRIVADO - Apuntes de San Luis\",\"isPartOf\":{\"@id\":\"https:\/\/apuntesdesanluis.com\/#website\"},\"primaryImageOfPage\":{\"@id\":\"https:\/\/apuntesdesanluis.com\/index.php\/2024\/05\/19\/trabajadores-de-la-salud-inician-un-severo-plan-de-lucha-en-el-sector-privado\/#primaryimage\"},\"image\":{\"@id\":\"https:\/\/apuntesdesanluis.com\/index.php\/2024\/05\/19\/trabajadores-de-la-salud-inician-un-severo-plan-de-lucha-en-el-sector-privado\/#primaryimage\"},\"thumbnailUrl\":\"https:\/\/apuntesdesanluis.com\/wp-content\/uploads\/2024\/05\/anibal-paro.png\",\"datePublished\":\"2024-05-19T22:00:01+00:00\",\"dateModified\":\"2024-05-19T22:06:33+00:00\",\"breadcrumb\":{\"@id\":\"https:\/\/apuntesdesanluis.com\/index.php\/2024\/05\/19\/trabajadores-de-la-salud-inician-un-severo-plan-de-lucha-en-el-sector-privado\/#breadcrumb\"},\"inLanguage\":\"es-AR\",\"potentialAction\":[{\"@type\":\"ReadAction\",\"target\":[\"https:\/\/apuntesdesanluis.com\/index.php\/2024\/05\/19\/trabajadores-de-la-salud-inician-un-severo-plan-de-lucha-en-el-sector-privado\/\"]}]},{\"@type\":\"ImageObject\",\"inLanguage\":\"es-AR\",\"@id\":\"https:\/\/apuntesdesanluis.com\/index.php\/2024\/05\/19\/trabajadores-de-la-salud-inician-un-severo-plan-de-lucha-en-el-sector-privado\/#primaryimage\",\"url\":\"https:\/\/apuntesdesanluis.com\/wp-content\/uploads\/2024\/05\/anibal-paro.png\",\"contentUrl\":\"https:\/\/apuntesdesanluis.com\/wp-content\/uploads\/2024\/05\/anibal-paro.png\",\"width\":834,\"height\":457},{\"@type\":\"BreadcrumbList\",\"@id\":\"https:\/\/apuntesdesanluis.com\/index.php\/2024\/05\/19\/trabajadores-de-la-salud-inician-un-severo-plan-de-lucha-en-el-sector-privado\/#breadcrumb\",\"itemListElement\":[{\"@type\":\"ListItem\",\"position\":1,\"name\":\"Inicio\",\"item\":\"https:\/\/apuntesdesanluis.com\/\"},{\"@type\":\"ListItem\",\"position\":2,\"name\":\"TRABAJADORES DE LA SALUD INICIAN UN SEVERO PLAN DE LUCHA EN EL SECTOR PRIVADO\"}]},{\"@type\":\"WebSite\",\"@id\":\"https:\/\/apuntesdesanluis.com\/#website\",\"url\":\"https:\/\/apuntesdesanluis.com\/\",\"name\":\"Apuntes de San Luis\",\"description\":\"\",\"publisher\":{\"@id\":\"https:\/\/apuntesdesanluis.com\/#\/schema\/person\/b55151d52296fcce64d1a72538a70b90\"},\"potentialAction\":[{\"@type\":\"SearchAction\",\"target\":{\"@type\":\"EntryPoint\",\"urlTemplate\":\"https:\/\/apuntesdesanluis.com\/?s={search_term_string}\"},\"query-input\":{\"@type\":\"PropertyValueSpecification\",\"valueRequired\":true,\"valueName\":\"search_term_string\"}}],\"inLanguage\":\"es-AR\"},{\"@type\":[\"Person\",\"Organization\"],\"@id\":\"https:\/\/apuntesdesanluis.com\/#\/schema\/person\/b55151d52296fcce64d1a72538a70b90\",\"name\":\"apuntesdesanluis.com\",\"image\":{\"@type\":\"ImageObject\",\"inLanguage\":\"es-AR\",\"@id\":\"https:\/\/apuntesdesanluis.com\/#\/schema\/person\/image\/\",\"url\":\"https:\/\/apuntesdesanluis.com\/wp-content\/uploads\/2023\/07\/cropped-apuntesdesanluis.png\",\"contentUrl\":\"https:\/\/apuntesdesanluis.com\/wp-content\/uploads\/2023\/07\/cropped-apuntesdesanluis.png\",\"width\":450,\"height\":112,\"caption\":\"apuntesdesanluis.com\"},\"logo\":{\"@id\":\"https:\/\/apuntesdesanluis.com\/#\/schema\/person\/image\/\"},\"sameAs\":[\"https:\/\/apuntesdesanluis.com\"],\"url\":\"https:\/\/apuntesdesanluis.com\/index.php\/author\/apuntesdesanluis-com\/\"}]}<\/script>\n<!-- \/ Yoast SEO plugin. -->","yoast_head_json":{"title":"TRABAJADORES DE LA SALUD INICIAN UN SEVERO PLAN DE LUCHA EN EL SECTOR PRIVADO - Apuntes de San Luis","robots":{"index":"index","follow":"follow","max-snippet":"max-snippet:-1","max-image-preview":"max-image-preview:large","max-video-preview":"max-video-preview:-1"},"canonical":"https:\/\/apuntesdesanluis.com\/index.php\/2024\/05\/19\/trabajadores-de-la-salud-inician-un-severo-plan-de-lucha-en-el-sector-privado\/","og_locale":"es_ES","og_type":"article","og_title":"TRABAJADORES DE LA SALUD INICIAN UN SEVERO PLAN DE LUCHA EN EL SECTOR PRIVADO - Apuntes de San Luis","og_description":"Ante la falta de respuesta a los reiterados reclamos salariales, la Federaci\u00f3n de Asociaciones de...","og_url":"https:\/\/apuntesdesanluis.com\/index.php\/2024\/05\/19\/trabajadores-de-la-salud-inician-un-severo-plan-de-lucha-en-el-sector-privado\/","og_site_name":"Apuntes de San Luis","article_published_time":"2024-05-19T22:00:01+00:00","article_modified_time":"2024-05-19T22:06:33+00:00","og_image":[{"width":834,"height":457,"url":"https:\/\/apuntesdesanluis.com\/wp-content\/uploads\/2024\/05\/anibal-paro.png","type":"image\/png"}],"author":"apuntesdesanluis.com","twitter_card":"summary_large_image","twitter_misc":{"Escrito por":"apuntesdesanluis.com","Tiempo de lectura":"3 minutos"},"schema":{"@context":"https:\/\/schema.org","@graph":[{"@type":"Article","@id":"https:\/\/apuntesdesanluis.com\/index.php\/2024\/05\/19\/trabajadores-de-la-salud-inician-un-severo-plan-de-lucha-en-el-sector-privado\/#article","isPartOf":{"@id":"https:\/\/apuntesdesanluis.com\/index.php\/2024\/05\/19\/trabajadores-de-la-salud-inician-un-severo-plan-de-lucha-en-el-sector-privado\/"},"author":{"name":"apuntesdesanluis.com","@id":"https:\/\/apuntesdesanluis.com\/#\/schema\/person\/b55151d52296fcce64d1a72538a70b90"},"headline":"TRABAJADORES DE LA SALUD INICIAN UN SEVERO PLAN DE LUCHA EN EL SECTOR PRIVADO","datePublished":"2024-05-19T22:00:01+00:00","dateModified":"2024-05-19T22:06:33+00:00","mainEntityOfPage":{"@id":"https:\/\/apuntesdesanluis.com\/index.php\/2024\/05\/19\/trabajadores-de-la-salud-inician-un-severo-plan-de-lucha-en-el-sector-privado\/"},"wordCount":318,"publisher":{"@id":"https:\/\/apuntesdesanluis.com\/#\/schema\/person\/b55151d52296fcce64d1a72538a70b90"},"image":{"@id":"https:\/\/apuntesdesanluis.com\/index.php\/2024\/05\/19\/trabajadores-de-la-salud-inician-un-severo-plan-de-lucha-en-el-sector-privado\/#primaryimage"},"thumbnailUrl":"https:\/\/apuntesdesanluis.com\/wp-content\/uploads\/2024\/05\/anibal-paro.png","articleSection":["Ciudad\/Provincia"],"inLanguage":"es-AR"},{"@type":"WebPage","@id":"https:\/\/apuntesdesanluis.com\/index.php\/2024\/05\/19\/trabajadores-de-la-salud-inician-un-severo-plan-de-lucha-en-el-sector-privado\/","url":"https:\/\/apuntesdesanluis.com\/index.php\/2024\/05\/19\/trabajadores-de-la-salud-inician-un-severo-plan-de-lucha-en-el-sector-privado\/","name":"TRABAJADORES DE LA SALUD INICIAN UN SEVERO PLAN DE LUCHA EN EL SECTOR PRIVADO - Apuntes de San Luis","isPartOf":{"@id":"https:\/\/apuntesdesanluis.com\/#website"},"primaryImageOfPage":{"@id":"https:\/\/apuntesdesanluis.com\/index.php\/2024\/05\/19\/trabajadores-de-la-salud-inician-un-severo-plan-de-lucha-en-el-sector-privado\/#primaryimage"},"image":{"@id":"https:\/\/apuntesdesanluis.com\/index.php\/2024\/05\/19\/trabajadores-de-la-salud-inician-un-severo-plan-de-lucha-en-el-sector-privado\/#primaryimage"},"thumbnailUrl":"https:\/\/apuntesdesanluis.com\/wp-content\/uploads\/2024\/05\/anibal-paro.png","datePublished":"2024-05-19T22:00:01+00:00","dateModified":"2024-05-19T22:06:33+00:00","breadcrumb":{"@id":"https:\/\/apuntesdesanluis.com\/index.php\/2024\/05\/19\/trabajadores-de-la-salud-inician-un-severo-plan-de-lucha-en-el-sector-privado\/#breadcrumb"},"inLanguage":"es-AR","potentialAction":[{"@type":"ReadAction","target":["https:\/\/apuntesdesanluis.com\/index.php\/2024\/05\/19\/trabajadores-de-la-salud-inician-un-severo-plan-de-lucha-en-el-sector-privado\/"]}]},{"@type":"ImageObject","inLanguage":"es-AR","@id":"https:\/\/apuntesdesanluis.com\/index.php\/2024\/05\/19\/trabajadores-de-la-salud-inician-un-severo-plan-de-lucha-en-el-sector-privado\/#primaryimage","url":"https:\/\/apuntesdesanluis.com\/wp-content\/uploads\/2024\/05\/anibal-paro.png","contentUrl":"https:\/\/apuntesdesanluis.com\/wp-content\/uploads\/2024\/05\/anibal-paro.png","width":834,"height":457},{"@type":"BreadcrumbList","@id":"https:\/\/apuntesdesanluis.com\/index.php\/2024\/05\/19\/trabajadores-de-la-salud-inician-un-severo-plan-de-lucha-en-el-sector-privado\/#breadcrumb","itemListElement":[{"@type":"ListItem","position":1,"name":"Inicio","item":"https:\/\/apuntesdesanluis.com\/"},{"@type":"ListItem","position":2,"name":"TRABAJADORES DE LA SALUD INICIAN UN SEVERO PLAN DE LUCHA EN EL SECTOR PRIVADO"}]},{"@type":"WebSite","@id":"https:\/\/apuntesdesanluis.com\/#website","url":"https:\/\/apuntesdesanluis.com\/","name":"Apuntes de San Luis","description":"","publisher":{"@id":"https:\/\/apuntesdesanluis.com\/#\/schema\/person\/b55151d52296fcce64d1a72538a70b90"},"potentialAction":[{"@type":"SearchAction","target":{"@type":"EntryPoint","urlTemplate":"https:\/\/apuntesdesanluis.com\/?s={search_term_string}"},"query-input":{"@type":"PropertyValueSpecification","valueRequired":true,"valueName":"search_term_string"}}],"inLanguage":"es-AR"},{"@type":["Person","Organization"],"@id":"https:\/\/apuntesdesanluis.com\/#\/schema\/person\/b55151d52296fcce64d1a72538a70b90","name":"apuntesdesanluis.com","image":{"@type":"ImageObject","inLanguage":"es-AR","@id":"https:\/\/apuntesdesanluis.com\/#\/schema\/person\/image\/","url":"https:\/\/apuntesdesanluis.com\/wp-content\/uploads\/2023\/07\/cropped-apuntesdesanluis.png","contentUrl":"https:\/\/apuntesdesanluis.com\/wp-content\/uploads\/2023\/07\/cropped-apuntesdesanluis.png","width":450,"height":112,"caption":"apuntesdesanluis.com"},"logo":{"@id":"https:\/\/apuntesdesanluis.com\/#\/schema\/person\/image\/"},"sameAs":["https:\/\/apuntesdesanluis.com"],"url":"https:\/\/apuntesdesanluis.com\/index.php\/author\/apuntesdesanluis-com\/"}]}},"featured_image_urls":{"full":["https:\/\/apuntesdesanluis.com\/wp-content\/uploads\/2024\/05\/anibal-paro.png",834,457,false],"thumbnail":["https:\/\/apuntesdesanluis.com\/wp-content\/uploads\/2024\/05\/anibal-paro-150x150.png",150,150,true],"medium":["https:\/\/apuntesdesanluis.com\/wp-content\/uploads\/2024\/05\/anibal-paro-300x164.png",300,164,true],"medium_large":["https:\/\/apuntesdesanluis.com\/wp-content\/uploads\/2024\/05\/anibal-paro-768x421.png",640,351,true],"large":["https:\/\/apuntesdesanluis.com\/wp-content\/uploads\/2024\/05\/anibal-paro.png",640,351,false],"1536x1536":["https:\/\/apuntesdesanluis.com\/wp-content\/uploads\/2024\/05\/anibal-paro.png",834,457,false],"2048x2048":["https:\/\/apuntesdesanluis.com\/wp-content\/uploads\/2024\/05\/anibal-paro.png",834,457,false],"newsever-slider-full":["https:\/\/apuntesdesanluis.com\/wp-content\/uploads\/2024\/05\/anibal-paro.png",834,457,false],"newsever-featured":["https:\/\/apuntesdesanluis.com\/wp-content\/uploads\/2024\/05\/anibal-paro.png",834,457,false],"newsever-medium":["https:\/\/apuntesdesanluis.com\/wp-content\/uploads\/2024\/05\/anibal-paro-720x457.png",720,457,true]},"author_info":{"display_name":"apuntesdesanluis.com","author_link":"https:\/\/apuntesdesanluis.com\/index.php\/author\/apuntesdesanluis-com\/"},"category_info":"<a href=\"https:\/\/apuntesdesanluis.com\/index.php\/category\/ciudad-provincia\/\" rel=\"category tag\">Ciudad\/Provincia<\/a>","tag_info":"Ciudad\/Provincia","comment_count":"0","_links":{"self":[{"href":"https:\/\/apuntesdesanluis.com\/index.php\/wp-json\/wp\/v2\/posts\/16395","targetHints":{"allow":["GET"]}}],"collection":[{"href":"https:\/\/apuntesdesanluis.com\/index.php\/wp-json\/wp\/v2\/posts"}],"about":[{"href":"https:\/\/apuntesdesanluis.com\/index.php\/wp-json\/wp\/v2\/types\/post"}],"author":[{"embeddable":true,"href":"https:\/\/apuntesdesanluis.com\/index.php\/wp-json\/wp\/v2\/users\/1"}],"replies":[{"embeddable":true,"href":"https:\/\/apuntesdesanluis.com\/index.php\/wp-json\/wp\/v2\/comments?post=16395"}],"version-history":[{"count":1,"href":"https:\/\/apuntesdesanluis.com\/index.php\/wp-json\/wp\/v2\/posts\/16395\/revisions"}],"predecessor-version":[{"id":16400,"href":"https:\/\/apuntesdesanluis.com\/index.php\/wp-json\/wp\/v2\/posts\/16395\/revisions\/16400"}],"wp:featuredmedia":[{"embeddable":true,"href":"https:\/\/apuntesdesanluis.com\/index.php\/wp-json\/wp\/v2\/media\/16402"}],"wp:attachment":[{"href":"https:\/\/apuntesdesanluis.com\/index.php\/wp-json\/wp\/v2\/media?parent=16395"}],"wp:term":[{"taxonomy":"category","embeddable":true,"href":"https:\/\/apuntesdesanluis.com\/index.php\/wp-json\/wp\/v2\/categories?post=16395"},{"taxonomy":"post_tag","embeddable":true,"href":"https:\/\/apuntesdesanluis.com\/index.php\/wp-json\/wp\/v2\/tags?post=16395"}],"curies":[{"name":"wp","href":"https:\/\/api.w.org\/{rel}","templated":true}]}}