{"id":16407,"date":"2024-05-19T21:09:24","date_gmt":"2024-05-20T00:09:24","guid":{"rendered":"https:\/\/apuntesdesanluis.com\/?p=16407"},"modified":"2024-05-19T21:12:21","modified_gmt":"2024-05-20T00:12:21","slug":"se-agrava-el-conflicto-judicial-y-arranca-la-tercera-semana-de-protestas","status":"publish","type":"post","link":"https:\/\/apuntesdesanluis.com\/index.php\/2024\/05\/19\/se-agrava-el-conflicto-judicial-y-arranca-la-tercera-semana-de-protestas\/","title":{"rendered":"SE AGRAVA EL CONFLICTO JUDICIAL Y ARRANCA LA TERCERA SEMANA DE PROTESTAS"},"content":{"rendered":"<h3>Los trabajadores nucleados en el <strong>Sindicato Judiciales Puntanos<\/strong> (SiJuPu) contin\u00faan desde este lunes su plan de lucha, sin que por el momento hayan recibido respuestas por parte del Ejecutivo, a su reclamo de recomposici\u00f3n salarial.<\/h3>\n<h3>La semana pasada efectuaron marchas y asambleas y agregaron un paro total de actividades en el Ministerio P\u00fablico Fiscal.<\/h3>\n<h3>Como se recordar\u00e1, el gremio judicial mantuvo numerosas reuniones con el Superior Tribunal de Justicia y el Colegio de Magistrados, que dio como resultado la elaboraci\u00f3n de una propuesta conjunta, que fue elevada al gobierno el 17 de abril, pero desde entonces nunca m\u00e1s obtuvieron respuesta.<\/h3>\n<h3>Por ese motivo dispusieron un plan de lucha, que se inici\u00f3 el pasado lunes 6 de mayo hasta el viernes 12, consistente en paros de dos (2) horas por turno en las tres circunscripciones judiciales.<\/h3>\n<p><img fetchpriority=\"high\" decoding=\"async\" class=\"wp-image-13566 aligncenter\" src=\"https:\/\/apuntesdesanluis.com\/wp-content\/uploads\/2024\/03\/luciano-cardarelli-300x220.png\" alt=\"\" width=\"556\" height=\"408\" srcset=\"https:\/\/apuntesdesanluis.com\/wp-content\/uploads\/2024\/03\/luciano-cardarelli-300x220.png 300w, https:\/\/apuntesdesanluis.com\/wp-content\/uploads\/2024\/03\/luciano-cardarelli.png 346w\" sizes=\"(max-width: 556px) 100vw, 556px\" \/><\/p>\n<h3 style=\"text-align: center;\"><em>Luciano Cardarelli, Sec. Gral. del SiJuPu.<\/em><\/h3>\n<h3>El Sindicato Judiciales Puntanos aclar\u00f3 que \u201cse trabaja \u00fanicamente en los casos habilitados y los previstos en el Art\u00edculo 20 de la Ley Org\u00e1nica de Administraci\u00f3n de Justicia (LOAJ) y quita de colaboraci\u00f3n fuera del horario de atenci\u00f3n al p\u00fablico, como as\u00ed tambi\u00e9n en d\u00edas y horas inh\u00e1biles, quedando siempre una guardia m\u00ednima de agente\u201d.<\/h3>\n<h3><strong>PEDIDO DE AUMENTO PRESUPUESTARIO<\/strong><\/h3>\n<h3>Por otra parte, el pasado jueves 16 el <strong>Superior Tribunal de Justicia<\/strong> en pleno, reiter\u00f3 al Gobernador de la provincia que \u201cfije y lleve a cabo la audiencia acordada en reuniones anteriores, a los fines de tratar y definir soluciones concretas a la recomposici\u00f3n salarial, recursos humanos e infraestructura de los tribunales, para garantizar una adecuada prestaci\u00f3n del servicio de justicia\u201d.<\/h3>\n<h3>El m\u00e1ximo tribunal de justicia de la provincia se sum\u00f3 a los reclamos que vienen elevando distintos sectores que demandan al gobierno una recomposici\u00f3n salarial, teniendo en cuenta el virtual congelamiento que rige desde noviembre, en medio del brutal aumento del costo de vida, del \u00faltimo semestre.<\/h3>\n<h3>Al respecto, el alto cuerpo expres\u00f3 que \u201ces de urgente necesidad contar con una actualizaci\u00f3n de las partidas presupuestarias asignadas al Poder Judicial de San Luis, facultad que es propia del Poder Ejecutivo prevista en el ordenamiento jur\u00eddico vigente, sin necesidad del dictado de una nueva ley durante el correspondiente a\u00f1o\u201d.<\/h3>\n<h3>Hasta donde se sabe, el gobierno tampoco ha dado ning\u00fan tipo de respuesta a este reclamo de la c\u00fapula del Poder Judicial.<\/h3>\n<h3><strong>TERCERA SEMANA<\/strong><\/h3>\n<h3>Para la tercera semana que se inicia este lunes 20 y se extender\u00e1 hasta el viernes se mantendr\u00e1n las medidas de fuerza de la primera y segunda semana, m\u00e1s un paro total de actividades en otro sector determinado, que ser\u00eda el sistema de defensa.<\/h3>\n<h3>El secretario General del SiJuPu, <strong>Luciano Cardarelli<\/strong>, consultado por <strong>Apuntes de San Luis<\/strong>, reiter\u00f3 que \u201cel plan de lucha se origin\u00f3 en la falta de di\u00e1logo y respuestas del Poder Ejecutivo frente al proyecto presentado oportunamente por el Sindicato Judiciales Puntanos y los Colegios de Magistrados\/as y Funcionarios\/as: \u201cSituaci\u00f3n Actual del Poder Judicial y Propuesta Salarial\u201d, y no contar el STJ con partidas extraordinarias para hacer frente a esos requerimientos y poder actuar como un poder independiente\u201d.<\/h3>\n<h3>Enfatiz\u00f3 que ante el congelamiento salarial y la constante suba de los precios, cerca del 60% de los empleados judiciales perciben ingresos que est\u00e1n por debajo de la l\u00ednea de pobreza. Ejemplific\u00f3 que los casos m\u00e1s graves ata\u00f1en a las categor\u00edas m\u00e1s bajas, de administrativos y maestranza, que tienen como sueldo inicial apenas $340.000.<\/h3>\n<h3>En este sentido, el martes se dio a conocer una baja de la inflaci\u00f3n, que se ubic\u00f3 en 8,8% en abril, pero al mismo tiempo el INDEC calcul\u00f3 que una familia tipo necesita $828.000 para no ser pobre. Adem\u00e1s, la canasta alimentaria creci\u00f3 4,2% y se necesitaron $373.044 para no ser indigente.}<\/h3>\n<h3><strong>REUNI\u00d3N CON EL STJ<\/strong><\/h3>\n<h3>El conflicto ha escalado hasta un punto sin retorno, por la intransigencia del Ejecutivo de conceder mayor presupuesto al STJ, por lo que los judiciales no descartan llegar a un paro total y luego a una medida por tiempo indeterminado, que paralizar\u00eda la administraci\u00f3n de justicia en la provincia.<\/h3>\n<h3>Para este martes el Superior Tribunal de Justicia de San Luis recibir\u00e1 a representantes del Colegio de Magistradas\/os y Funcionarias\/os de Villa Mercedes y San Luis y al Sindicato Judiciales Puntanos (SiJuPu), luego que \u00e9ste \u00faltimo solicitara una audiencia \u201ccon car\u00e1cter urgente\u201d.<\/h3>\n<h3>La intenci\u00f3n es retomasr la mesa de trabajo conformada para buscar soluciones a la urgente necesidad de una recomposici\u00f3n salarial y poder conocer las \u00faltimas novedades de las gestiones realizadas sobre el Proyecto Funcional y Salarial del Poder Judicial.<\/h3>\n<h3>El encuentro ser\u00e1 este martes 21 a las 12:00 hs, en la Sala de Acuerdos del Palacio de Justicia ubicado en la ciudad de San Luis.<\/h3>\n<h3>\u201cEn consecuencia, al siguiente d\u00eda h\u00e1bil debatiremos los resultados de dicha reuni\u00f3n durante el cese de actividades y estado de asamblea permanente que estamos llevando a cabo\u201d, indic\u00f3 Cardarelli.<\/h3>\n<h3><span style=\"color: #3366ff;\">NOTICIA RELACIONADA:<\/span><\/h3>\n<p><a href=\"https:\/\/apuntesdesanluis.com\/index.php\/2024\/05\/16\/la-cupula-del-poder-judicial-pidio-urgente-aumento-presupuestario-al-gobierno\/\" target=\"_blank\" rel=\"noopener\"><img decoding=\"async\" class=\"alignnone wp-image-16410\" src=\"https:\/\/apuntesdesanluis.com\/wp-content\/uploads\/2024\/05\/apuntes-posteo-300x233.png\" alt=\"\" width=\"420\" height=\"326\" srcset=\"https:\/\/apuntesdesanluis.com\/wp-content\/uploads\/2024\/05\/apuntes-posteo-300x233.png 300w, https:\/\/apuntesdesanluis.com\/wp-content\/uploads\/2024\/05\/apuntes-posteo.png 690w\" sizes=\"(max-width: 420px) 100vw, 420px\" \/><\/a><\/p>\n<p>&nbsp;<\/p>\n<p>&nbsp;<\/p>\n<p>&nbsp;<\/p>\n<h3><\/h3>\n<h3><\/h3>\n","protected":false},"excerpt":{"rendered":"<p>Los trabajadores nucleados en el Sindicato Judiciales Puntanos (SiJuPu) contin\u00faan desde este lunes su plan&#8230;<\/p>\n","protected":false},"author":1,"featured_media":16408,"comment_status":"closed","ping_status":"closed","sticky":false,"template":"","format":"standard","meta":{"footnotes":""},"categories":[6],"tags":[],"class_list":["post-16407","post","type-post","status-publish","format-standard","has-post-thumbnail","hentry","category-ciudad-provincia"],"yoast_head":"<!-- This site is optimized with the Yoast SEO plugin v26.1.1 - https:\/\/yoast.com\/wordpress\/plugins\/seo\/ -->\n<title>SE AGRAVA EL CONFLICTO JUDICIAL Y ARRANCA LA TERCERA SEMANA DE PROTESTAS - Apuntes de San Luis<\/title>\n<meta name=\"robots\" content=\"index, follow, max-snippet:-1, max-image-preview:large, max-video-preview:-1\" \/>\n<link rel=\"canonical\" href=\"https:\/\/apuntesdesanluis.com\/index.php\/2024\/05\/19\/se-agrava-el-conflicto-judicial-y-arranca-la-tercera-semana-de-protestas\/\" \/>\n<meta property=\"og:locale\" content=\"es_ES\" \/>\n<meta property=\"og:type\" content=\"article\" \/>\n<meta property=\"og:title\" content=\"SE AGRAVA EL CONFLICTO JUDICIAL Y ARRANCA LA TERCERA SEMANA DE PROTESTAS - Apuntes de San Luis\" \/>\n<meta property=\"og:description\" content=\"Los trabajadores nucleados en el Sindicato Judiciales Puntanos (SiJuPu) contin\u00faan desde este lunes su plan...\" \/>\n<meta property=\"og:url\" content=\"https:\/\/apuntesdesanluis.com\/index.php\/2024\/05\/19\/se-agrava-el-conflicto-judicial-y-arranca-la-tercera-semana-de-protestas\/\" \/>\n<meta property=\"og:site_name\" content=\"Apuntes de San Luis\" \/>\n<meta property=\"article:published_time\" content=\"2024-05-20T00:09:24+00:00\" \/>\n<meta property=\"article:modified_time\" content=\"2024-05-20T00:12:21+00:00\" \/>\n<meta property=\"og:image\" content=\"https:\/\/apuntesdesanluis.com\/wp-content\/uploads\/2024\/05\/judiciales-1.png\" \/>\n\t<meta property=\"og:image:width\" content=\"758\" \/>\n\t<meta property=\"og:image:height\" content=\"427\" \/>\n\t<meta property=\"og:image:type\" content=\"image\/png\" \/>\n<meta name=\"author\" content=\"apuntesdesanluis.com\" \/>\n<meta name=\"twitter:card\" content=\"summary_large_image\" \/>\n<meta name=\"twitter:label1\" content=\"Escrito por\" \/>\n\t<meta name=\"twitter:data1\" content=\"apuntesdesanluis.com\" \/>\n\t<meta name=\"twitter:label2\" content=\"Tiempo de lectura\" \/>\n\t<meta name=\"twitter:data2\" content=\"5 minutos\" \/>\n<script type=\"application\/ld+json\" class=\"yoast-schema-graph\">{\"@context\":\"https:\/\/schema.org\",\"@graph\":[{\"@type\":\"Article\",\"@id\":\"https:\/\/apuntesdesanluis.com\/index.php\/2024\/05\/19\/se-agrava-el-conflicto-judicial-y-arranca-la-tercera-semana-de-protestas\/#article\",\"isPartOf\":{\"@id\":\"https:\/\/apuntesdesanluis.com\/index.php\/2024\/05\/19\/se-agrava-el-conflicto-judicial-y-arranca-la-tercera-semana-de-protestas\/\"},\"author\":{\"name\":\"apuntesdesanluis.com\",\"@id\":\"https:\/\/apuntesdesanluis.com\/#\/schema\/person\/b55151d52296fcce64d1a72538a70b90\"},\"headline\":\"SE AGRAVA EL CONFLICTO JUDICIAL Y ARRANCA LA TERCERA SEMANA DE PROTESTAS\",\"datePublished\":\"2024-05-20T00:09:24+00:00\",\"dateModified\":\"2024-05-20T00:12:21+00:00\",\"mainEntityOfPage\":{\"@id\":\"https:\/\/apuntesdesanluis.com\/index.php\/2024\/05\/19\/se-agrava-el-conflicto-judicial-y-arranca-la-tercera-semana-de-protestas\/\"},\"wordCount\":851,\"publisher\":{\"@id\":\"https:\/\/apuntesdesanluis.com\/#\/schema\/person\/b55151d52296fcce64d1a72538a70b90\"},\"image\":{\"@id\":\"https:\/\/apuntesdesanluis.com\/index.php\/2024\/05\/19\/se-agrava-el-conflicto-judicial-y-arranca-la-tercera-semana-de-protestas\/#primaryimage\"},\"thumbnailUrl\":\"https:\/\/apuntesdesanluis.com\/wp-content\/uploads\/2024\/05\/judiciales-1.png\",\"articleSection\":[\"Ciudad\/Provincia\"],\"inLanguage\":\"es-AR\"},{\"@type\":\"WebPage\",\"@id\":\"https:\/\/apuntesdesanluis.com\/index.php\/2024\/05\/19\/se-agrava-el-conflicto-judicial-y-arranca-la-tercera-semana-de-protestas\/\",\"url\":\"https:\/\/apuntesdesanluis.com\/index.php\/2024\/05\/19\/se-agrava-el-conflicto-judicial-y-arranca-la-tercera-semana-de-protestas\/\",\"name\":\"SE AGRAVA EL CONFLICTO JUDICIAL Y ARRANCA LA TERCERA SEMANA DE PROTESTAS - Apuntes de San Luis\",\"isPartOf\":{\"@id\":\"https:\/\/apuntesdesanluis.com\/#website\"},\"primaryImageOfPage\":{\"@id\":\"https:\/\/apuntesdesanluis.com\/index.php\/2024\/05\/19\/se-agrava-el-conflicto-judicial-y-arranca-la-tercera-semana-de-protestas\/#primaryimage\"},\"image\":{\"@id\":\"https:\/\/apuntesdesanluis.com\/index.php\/2024\/05\/19\/se-agrava-el-conflicto-judicial-y-arranca-la-tercera-semana-de-protestas\/#primaryimage\"},\"thumbnailUrl\":\"https:\/\/apuntesdesanluis.com\/wp-content\/uploads\/2024\/05\/judiciales-1.png\",\"datePublished\":\"2024-05-20T00:09:24+00:00\",\"dateModified\":\"2024-05-20T00:12:21+00:00\",\"breadcrumb\":{\"@id\":\"https:\/\/apuntesdesanluis.com\/index.php\/2024\/05\/19\/se-agrava-el-conflicto-judicial-y-arranca-la-tercera-semana-de-protestas\/#breadcrumb\"},\"inLanguage\":\"es-AR\",\"potentialAction\":[{\"@type\":\"ReadAction\",\"target\":[\"https:\/\/apuntesdesanluis.com\/index.php\/2024\/05\/19\/se-agrava-el-conflicto-judicial-y-arranca-la-tercera-semana-de-protestas\/\"]}]},{\"@type\":\"ImageObject\",\"inLanguage\":\"es-AR\",\"@id\":\"https:\/\/apuntesdesanluis.com\/index.php\/2024\/05\/19\/se-agrava-el-conflicto-judicial-y-arranca-la-tercera-semana-de-protestas\/#primaryimage\",\"url\":\"https:\/\/apuntesdesanluis.com\/wp-content\/uploads\/2024\/05\/judiciales-1.png\",\"contentUrl\":\"https:\/\/apuntesdesanluis.com\/wp-content\/uploads\/2024\/05\/judiciales-1.png\",\"width\":758,\"height\":427},{\"@type\":\"BreadcrumbList\",\"@id\":\"https:\/\/apuntesdesanluis.com\/index.php\/2024\/05\/19\/se-agrava-el-conflicto-judicial-y-arranca-la-tercera-semana-de-protestas\/#breadcrumb\",\"itemListElement\":[{\"@type\":\"ListItem\",\"position\":1,\"name\":\"Inicio\",\"item\":\"https:\/\/apuntesdesanluis.com\/\"},{\"@type\":\"ListItem\",\"position\":2,\"name\":\"SE AGRAVA EL CONFLICTO JUDICIAL Y ARRANCA LA TERCERA SEMANA DE PROTESTAS\"}]},{\"@type\":\"WebSite\",\"@id\":\"https:\/\/apuntesdesanluis.com\/#website\",\"url\":\"https:\/\/apuntesdesanluis.com\/\",\"name\":\"Apuntes de San Luis\",\"description\":\"\",\"publisher\":{\"@id\":\"https:\/\/apuntesdesanluis.com\/#\/schema\/person\/b55151d52296fcce64d1a72538a70b90\"},\"potentialAction\":[{\"@type\":\"SearchAction\",\"target\":{\"@type\":\"EntryPoint\",\"urlTemplate\":\"https:\/\/apuntesdesanluis.com\/?s={search_term_string}\"},\"query-input\":{\"@type\":\"PropertyValueSpecification\",\"valueRequired\":true,\"valueName\":\"search_term_string\"}}],\"inLanguage\":\"es-AR\"},{\"@type\":[\"Person\",\"Organization\"],\"@id\":\"https:\/\/apuntesdesanluis.com\/#\/schema\/person\/b55151d52296fcce64d1a72538a70b90\",\"name\":\"apuntesdesanluis.com\",\"image\":{\"@type\":\"ImageObject\",\"inLanguage\":\"es-AR\",\"@id\":\"https:\/\/apuntesdesanluis.com\/#\/schema\/person\/image\/\",\"url\":\"https:\/\/apuntesdesanluis.com\/wp-content\/uploads\/2023\/07\/cropped-apuntesdesanluis.png\",\"contentUrl\":\"https:\/\/apuntesdesanluis.com\/wp-content\/uploads\/2023\/07\/cropped-apuntesdesanluis.png\",\"width\":450,\"height\":112,\"caption\":\"apuntesdesanluis.com\"},\"logo\":{\"@id\":\"https:\/\/apuntesdesanluis.com\/#\/schema\/person\/image\/\"},\"sameAs\":[\"https:\/\/apuntesdesanluis.com\"],\"url\":\"https:\/\/apuntesdesanluis.com\/index.php\/author\/apuntesdesanluis-com\/\"}]}<\/script>\n<!-- \/ Yoast SEO plugin. -->","yoast_head_json":{"title":"SE AGRAVA EL CONFLICTO JUDICIAL Y ARRANCA LA TERCERA SEMANA DE PROTESTAS - Apuntes de San Luis","robots":{"index":"index","follow":"follow","max-snippet":"max-snippet:-1","max-image-preview":"max-image-preview:large","max-video-preview":"max-video-preview:-1"},"canonical":"https:\/\/apuntesdesanluis.com\/index.php\/2024\/05\/19\/se-agrava-el-conflicto-judicial-y-arranca-la-tercera-semana-de-protestas\/","og_locale":"es_ES","og_type":"article","og_title":"SE AGRAVA EL CONFLICTO JUDICIAL Y ARRANCA LA TERCERA SEMANA DE PROTESTAS - Apuntes de San Luis","og_description":"Los trabajadores nucleados en el Sindicato Judiciales Puntanos (SiJuPu) contin\u00faan desde este lunes su plan...","og_url":"https:\/\/apuntesdesanluis.com\/index.php\/2024\/05\/19\/se-agrava-el-conflicto-judicial-y-arranca-la-tercera-semana-de-protestas\/","og_site_name":"Apuntes de San Luis","article_published_time":"2024-05-20T00:09:24+00:00","article_modified_time":"2024-05-20T00:12:21+00:00","og_image":[{"width":758,"height":427,"url":"https:\/\/apuntesdesanluis.com\/wp-content\/uploads\/2024\/05\/judiciales-1.png","type":"image\/png"}],"author":"apuntesdesanluis.com","twitter_card":"summary_large_image","twitter_misc":{"Escrito por":"apuntesdesanluis.com","Tiempo de lectura":"5 minutos"},"schema":{"@context":"https:\/\/schema.org","@graph":[{"@type":"Article","@id":"https:\/\/apuntesdesanluis.com\/index.php\/2024\/05\/19\/se-agrava-el-conflicto-judicial-y-arranca-la-tercera-semana-de-protestas\/#article","isPartOf":{"@id":"https:\/\/apuntesdesanluis.com\/index.php\/2024\/05\/19\/se-agrava-el-conflicto-judicial-y-arranca-la-tercera-semana-de-protestas\/"},"author":{"name":"apuntesdesanluis.com","@id":"https:\/\/apuntesdesanluis.com\/#\/schema\/person\/b55151d52296fcce64d1a72538a70b90"},"headline":"SE AGRAVA EL CONFLICTO JUDICIAL Y ARRANCA LA TERCERA SEMANA DE PROTESTAS","datePublished":"2024-05-20T00:09:24+00:00","dateModified":"2024-05-20T00:12:21+00:00","mainEntityOfPage":{"@id":"https:\/\/apuntesdesanluis.com\/index.php\/2024\/05\/19\/se-agrava-el-conflicto-judicial-y-arranca-la-tercera-semana-de-protestas\/"},"wordCount":851,"publisher":{"@id":"https:\/\/apuntesdesanluis.com\/#\/schema\/person\/b55151d52296fcce64d1a72538a70b90"},"image":{"@id":"https:\/\/apuntesdesanluis.com\/index.php\/2024\/05\/19\/se-agrava-el-conflicto-judicial-y-arranca-la-tercera-semana-de-protestas\/#primaryimage"},"thumbnailUrl":"https:\/\/apuntesdesanluis.com\/wp-content\/uploads\/2024\/05\/judiciales-1.png","articleSection":["Ciudad\/Provincia"],"inLanguage":"es-AR"},{"@type":"WebPage","@id":"https:\/\/apuntesdesanluis.com\/index.php\/2024\/05\/19\/se-agrava-el-conflicto-judicial-y-arranca-la-tercera-semana-de-protestas\/","url":"https:\/\/apuntesdesanluis.com\/index.php\/2024\/05\/19\/se-agrava-el-conflicto-judicial-y-arranca-la-tercera-semana-de-protestas\/","name":"SE AGRAVA EL CONFLICTO JUDICIAL Y ARRANCA LA TERCERA SEMANA DE PROTESTAS - Apuntes de San Luis","isPartOf":{"@id":"https:\/\/apuntesdesanluis.com\/#website"},"primaryImageOfPage":{"@id":"https:\/\/apuntesdesanluis.com\/index.php\/2024\/05\/19\/se-agrava-el-conflicto-judicial-y-arranca-la-tercera-semana-de-protestas\/#primaryimage"},"image":{"@id":"https:\/\/apuntesdesanluis.com\/index.php\/2024\/05\/19\/se-agrava-el-conflicto-judicial-y-arranca-la-tercera-semana-de-protestas\/#primaryimage"},"thumbnailUrl":"https:\/\/apuntesdesanluis.com\/wp-content\/uploads\/2024\/05\/judiciales-1.png","datePublished":"2024-05-20T00:09:24+00:00","dateModified":"2024-05-20T00:12:21+00:00","breadcrumb":{"@id":"https:\/\/apuntesdesanluis.com\/index.php\/2024\/05\/19\/se-agrava-el-conflicto-judicial-y-arranca-la-tercera-semana-de-protestas\/#breadcrumb"},"inLanguage":"es-AR","potentialAction":[{"@type":"ReadAction","target":["https:\/\/apuntesdesanluis.com\/index.php\/2024\/05\/19\/se-agrava-el-conflicto-judicial-y-arranca-la-tercera-semana-de-protestas\/"]}]},{"@type":"ImageObject","inLanguage":"es-AR","@id":"https:\/\/apuntesdesanluis.com\/index.php\/2024\/05\/19\/se-agrava-el-conflicto-judicial-y-arranca-la-tercera-semana-de-protestas\/#primaryimage","url":"https:\/\/apuntesdesanluis.com\/wp-content\/uploads\/2024\/05\/judiciales-1.png","contentUrl":"https:\/\/apuntesdesanluis.com\/wp-content\/uploads\/2024\/05\/judiciales-1.png","width":758,"height":427},{"@type":"BreadcrumbList","@id":"https:\/\/apuntesdesanluis.com\/index.php\/2024\/05\/19\/se-agrava-el-conflicto-judicial-y-arranca-la-tercera-semana-de-protestas\/#breadcrumb","itemListElement":[{"@type":"ListItem","position":1,"name":"Inicio","item":"https:\/\/apuntesdesanluis.com\/"},{"@type":"ListItem","position":2,"name":"SE AGRAVA EL CONFLICTO JUDICIAL Y ARRANCA LA TERCERA SEMANA DE PROTESTAS"}]},{"@type":"WebSite","@id":"https:\/\/apuntesdesanluis.com\/#website","url":"https:\/\/apuntesdesanluis.com\/","name":"Apuntes de San Luis","description":"","publisher":{"@id":"https:\/\/apuntesdesanluis.com\/#\/schema\/person\/b55151d52296fcce64d1a72538a70b90"},"potentialAction":[{"@type":"SearchAction","target":{"@type":"EntryPoint","urlTemplate":"https:\/\/apuntesdesanluis.com\/?s={search_term_string}"},"query-input":{"@type":"PropertyValueSpecification","valueRequired":true,"valueName":"search_term_string"}}],"inLanguage":"es-AR"},{"@type":["Person","Organization"],"@id":"https:\/\/apuntesdesanluis.com\/#\/schema\/person\/b55151d52296fcce64d1a72538a70b90","name":"apuntesdesanluis.com","image":{"@type":"ImageObject","inLanguage":"es-AR","@id":"https:\/\/apuntesdesanluis.com\/#\/schema\/person\/image\/","url":"https:\/\/apuntesdesanluis.com\/wp-content\/uploads\/2023\/07\/cropped-apuntesdesanluis.png","contentUrl":"https:\/\/apuntesdesanluis.com\/wp-content\/uploads\/2023\/07\/cropped-apuntesdesanluis.png","width":450,"height":112,"caption":"apuntesdesanluis.com"},"logo":{"@id":"https:\/\/apuntesdesanluis.com\/#\/schema\/person\/image\/"},"sameAs":["https:\/\/apuntesdesanluis.com"],"url":"https:\/\/apuntesdesanluis.com\/index.php\/author\/apuntesdesanluis-com\/"}]}},"featured_image_urls":{"full":["https:\/\/apuntesdesanluis.com\/wp-content\/uploads\/2024\/05\/judiciales-1.png",758,427,false],"thumbnail":["https:\/\/apuntesdesanluis.com\/wp-content\/uploads\/2024\/05\/judiciales-1-150x150.png",150,150,true],"medium":["https:\/\/apuntesdesanluis.com\/wp-content\/uploads\/2024\/05\/judiciales-1-300x169.png",300,169,true],"medium_large":["https:\/\/apuntesdesanluis.com\/wp-content\/uploads\/2024\/05\/judiciales-1.png",640,361,false],"large":["https:\/\/apuntesdesanluis.com\/wp-content\/uploads\/2024\/05\/judiciales-1.png",640,361,false],"1536x1536":["https:\/\/apuntesdesanluis.com\/wp-content\/uploads\/2024\/05\/judiciales-1.png",758,427,false],"2048x2048":["https:\/\/apuntesdesanluis.com\/wp-content\/uploads\/2024\/05\/judiciales-1.png",758,427,false],"newsever-slider-full":["https:\/\/apuntesdesanluis.com\/wp-content\/uploads\/2024\/05\/judiciales-1.png",758,427,false],"newsever-featured":["https:\/\/apuntesdesanluis.com\/wp-content\/uploads\/2024\/05\/judiciales-1.png",758,427,false],"newsever-medium":["https:\/\/apuntesdesanluis.com\/wp-content\/uploads\/2024\/05\/judiciales-1-720x427.png",720,427,true]},"author_info":{"display_name":"apuntesdesanluis.com","author_link":"https:\/\/apuntesdesanluis.com\/index.php\/author\/apuntesdesanluis-com\/"},"category_info":"<a href=\"https:\/\/apuntesdesanluis.com\/index.php\/category\/ciudad-provincia\/\" rel=\"category tag\">Ciudad\/Provincia<\/a>","tag_info":"Ciudad\/Provincia","comment_count":"0","_links":{"self":[{"href":"https:\/\/apuntesdesanluis.com\/index.php\/wp-json\/wp\/v2\/posts\/16407","targetHints":{"allow":["GET"]}}],"collection":[{"href":"https:\/\/apuntesdesanluis.com\/index.php\/wp-json\/wp\/v2\/posts"}],"about":[{"href":"https:\/\/apuntesdesanluis.com\/index.php\/wp-json\/wp\/v2\/types\/post"}],"author":[{"embeddable":true,"href":"https:\/\/apuntesdesanluis.com\/index.php\/wp-json\/wp\/v2\/users\/1"}],"replies":[{"embeddable":true,"href":"https:\/\/apuntesdesanluis.com\/index.php\/wp-json\/wp\/v2\/comments?post=16407"}],"version-history":[{"count":3,"href":"https:\/\/apuntesdesanluis.com\/index.php\/wp-json\/wp\/v2\/posts\/16407\/revisions"}],"predecessor-version":[{"id":16412,"href":"https:\/\/apuntesdesanluis.com\/index.php\/wp-json\/wp\/v2\/posts\/16407\/revisions\/16412"}],"wp:featuredmedia":[{"embeddable":true,"href":"https:\/\/apuntesdesanluis.com\/index.php\/wp-json\/wp\/v2\/media\/16408"}],"wp:attachment":[{"href":"https:\/\/apuntesdesanluis.com\/index.php\/wp-json\/wp\/v2\/media?parent=16407"}],"wp:term":[{"taxonomy":"category","embeddable":true,"href":"https:\/\/apuntesdesanluis.com\/index.php\/wp-json\/wp\/v2\/categories?post=16407"},{"taxonomy":"post_tag","embeddable":true,"href":"https:\/\/apuntesdesanluis.com\/index.php\/wp-json\/wp\/v2\/tags?post=16407"}],"curies":[{"name":"wp","href":"https:\/\/api.w.org\/{rel}","templated":true}]}}