{"id":16413,"date":"2024-05-19T18:36:24","date_gmt":"2024-05-19T21:36:24","guid":{"rendered":"https:\/\/apuntesdesanluis.com\/?p=16413"},"modified":"2024-05-19T21:42:00","modified_gmt":"2024-05-20T00:42:00","slug":"fiesta-del-ternero-poggi-ratifico-el-trabajo-conjunto-con-el-sector-agropecuario","status":"publish","type":"post","link":"https:\/\/apuntesdesanluis.com\/index.php\/2024\/05\/19\/fiesta-del-ternero-poggi-ratifico-el-trabajo-conjunto-con-el-sector-agropecuario\/","title":{"rendered":"FIESTA DEL TERNERO: POGGI RATIFIC\u00d3 EL TRABAJO CONJUNTO CON EL SECTOR AGROPECUARIO"},"content":{"rendered":"<h3>Despu\u00e9s de muchos a\u00f1os donde un gobernador no se hac\u00eda presente, el mandatario fue el invitado especial y asisti\u00f3 a la 43\u00b0 Fiesta del Ternero que organiz\u00f3 la Sociedad Rural de San Luis.<\/h3>\n<h3>\u201cLa Fiesta del Ternero es una oportunidad importante para reunirse con el sector agropecuario y charlar sobre las mejores medidas dentro de las pol\u00edticas p\u00fablicas, saber lo que ellos necesitan. Por eso en esta 43\u00b0 edici\u00f3n de la Fiesta del Ternero me participaron y he venido con gran parte del gabinete, primero para escuchar y despu\u00e9s para contar lo que estamos haciendo juntos, porque ya venimos trabajando juntos en los diferentes foros productivos y en todas las regiones en las que hemos dividido la provincia, que por supuesto son regiones productivas, creo que es la manera de trabajar\u201d, asegur\u00f3 el gobernador <strong>Claudio Poggi<\/strong> cuando fue consultado sobre su presencia en la Rural.<\/h3>\n<p><img fetchpriority=\"high\" decoding=\"async\" class=\"wp-image-16415 aligncenter\" src=\"https:\/\/apuntesdesanluis.com\/wp-content\/uploads\/2024\/05\/FIESTA-DEL-TERNERO-POGGI-300x188.png\" alt=\"\" width=\"618\" height=\"387\" srcset=\"https:\/\/apuntesdesanluis.com\/wp-content\/uploads\/2024\/05\/FIESTA-DEL-TERNERO-POGGI-300x188.png 300w, https:\/\/apuntesdesanluis.com\/wp-content\/uploads\/2024\/05\/FIESTA-DEL-TERNERO-POGGI-768x482.png 768w, https:\/\/apuntesdesanluis.com\/wp-content\/uploads\/2024\/05\/FIESTA-DEL-TERNERO-POGGI.png 933w\" sizes=\"(max-width: 618px) 100vw, 618px\" \/><\/p>\n<h3>Dijo que \u201cSan Luis tiene una gran potencialidad, esta es una muestra, el ternero y la ternera sanluise\u00f1os son de gran calidad, ac\u00e1 est\u00e1 demostrado. Y adem\u00e1s much\u00edsimos emprendedores vienen a ofrecer sus artesan\u00edas, lo que producen en el campo, es otra forma de generar trabajo\u201d.<\/h3>\n<h3>Poggi se mostr\u00f3 conforme con la visita porque dijo que quer\u00eda aprovechar la oportunidad tambi\u00e9n adem\u00e1s de hablar estrictamente con los productores agropecuarios, contarles cu\u00e1les son las principales pol\u00edticas de Estado que vamos a llevar adelante en esta gesti\u00f3n.<\/h3>\n<h3>\u201cVamos a generar las condiciones para que el sector privado crezca, luchar contra la inseguridad que afecta tambi\u00e9n el campo, reconstruir el tejido social y fortalecer la institucionalidad en la provincia\u201d, explic\u00f3, y agreg\u00f3 que \u201cme tom\u00e9 un poquito m\u00e1s de tiempo para explicarlo, pero creo que era importante que el productor, que adem\u00e1s es vecino, es pap\u00e1, es mam\u00e1, es ciudadano de alguna localidad de la provincia, sepa cu\u00e1l es el rumbo que est\u00e1 tomando la provincia\u201d.<\/h3>\n<h3>Entre otras medidas que involucran al campo, habl\u00f3 de \u201cla reactivaci\u00f3n de los pozos p\u00fablicos, el trabajo en conjunto con los consorcios camineros para el mantenimiento de los caminos de tierra, tenemos una legislaci\u00f3n de fomento para la inversi\u00f3n tambi\u00e9n, la ley 1092, un plan de manejo del fuego, un protocolo que estamos haciendo del medio ambiente para reducir el riesgo del fuego y muchas cosas m\u00e1s. Lo estamos haciendo juntos, a partir de escuchar la necesidad del sector agropecuario. Todo eso luego hay que volcarlo al papel, planificarlo y ya lo estamos comenzando a ejecutar. En estos meses vamos a avanzar en una l\u00ednea de cr\u00e9ditos tambi\u00e9n, que estar\u00e1 financiada por la moratoria impositiva que hemos lanzado, que tambi\u00e9n va a permitir dar mucho ox\u00edgeno en el plan \u2018Mi pr\u00f3ximo paso\u2019 a muchos emprendedores de diferentes rubros de la actividad econ\u00f3mica\u201d.<\/h3>\n<h3>Poggi tambi\u00e9n entreg\u00f3 las distinciones a las representantes de las caba\u00f1as ganadoras. En la imagen, a <strong>Roberto Pagano<\/strong>, quien obtuvo cuatro premios: dos Gran Campe\u00f3n y dos segundos premios.<\/h3>\n<p><img decoding=\"async\" class=\"wp-image-16416 aligncenter\" src=\"https:\/\/apuntesdesanluis.com\/wp-content\/uploads\/2024\/05\/POGGI-PREMIO-A-PAGANO-300x200.png\" alt=\"\" width=\"650\" height=\"433\" srcset=\"https:\/\/apuntesdesanluis.com\/wp-content\/uploads\/2024\/05\/POGGI-PREMIO-A-PAGANO-300x200.png 300w, https:\/\/apuntesdesanluis.com\/wp-content\/uploads\/2024\/05\/POGGI-PREMIO-A-PAGANO-768x513.png 768w, https:\/\/apuntesdesanluis.com\/wp-content\/uploads\/2024\/05\/POGGI-PREMIO-A-PAGANO.png 875w\" sizes=\"(max-width: 650px) 100vw, 650px\" \/><\/p>\n<p>&nbsp;<\/p>\n<p>&nbsp;<\/p>\n<p>&nbsp;<\/p>\n<p>&nbsp;<\/p>\n<p>&nbsp;<\/p>\n<p>&nbsp;<\/p>\n","protected":false},"excerpt":{"rendered":"<p>Despu\u00e9s de muchos a\u00f1os donde un gobernador no se hac\u00eda presente, el mandatario fue el&#8230;<\/p>\n","protected":false},"author":1,"featured_media":16414,"comment_status":"closed","ping_status":"closed","sticky":false,"template":"","format":"standard","meta":{"footnotes":""},"categories":[6],"tags":[],"class_list":["post-16413","post","type-post","status-publish","format-standard","has-post-thumbnail","hentry","category-ciudad-provincia"],"yoast_head":"<!-- This site is optimized with the Yoast SEO plugin v26.1.1 - https:\/\/yoast.com\/wordpress\/plugins\/seo\/ -->\n<title>FIESTA DEL TERNERO: POGGI RATIFIC\u00d3 EL TRABAJO CONJUNTO CON EL SECTOR AGROPECUARIO - Apuntes de San Luis<\/title>\n<meta name=\"robots\" content=\"index, follow, max-snippet:-1, max-image-preview:large, max-video-preview:-1\" \/>\n<link rel=\"canonical\" href=\"https:\/\/apuntesdesanluis.com\/index.php\/2024\/05\/19\/fiesta-del-ternero-poggi-ratifico-el-trabajo-conjunto-con-el-sector-agropecuario\/\" \/>\n<meta property=\"og:locale\" content=\"es_ES\" \/>\n<meta property=\"og:type\" content=\"article\" \/>\n<meta property=\"og:title\" content=\"FIESTA DEL TERNERO: POGGI RATIFIC\u00d3 EL TRABAJO CONJUNTO CON EL SECTOR AGROPECUARIO - Apuntes de San Luis\" \/>\n<meta property=\"og:description\" content=\"Despu\u00e9s de muchos a\u00f1os donde un gobernador no se hac\u00eda presente, el mandatario fue el...\" \/>\n<meta property=\"og:url\" content=\"https:\/\/apuntesdesanluis.com\/index.php\/2024\/05\/19\/fiesta-del-ternero-poggi-ratifico-el-trabajo-conjunto-con-el-sector-agropecuario\/\" \/>\n<meta property=\"og:site_name\" content=\"Apuntes de San Luis\" \/>\n<meta property=\"article:published_time\" content=\"2024-05-19T21:36:24+00:00\" \/>\n<meta property=\"article:modified_time\" content=\"2024-05-20T00:42:00+00:00\" \/>\n<meta property=\"og:image\" content=\"https:\/\/apuntesdesanluis.com\/wp-content\/uploads\/2024\/05\/POGGI-CAMINANDO.png\" \/>\n\t<meta property=\"og:image:width\" content=\"840\" \/>\n\t<meta property=\"og:image:height\" content=\"591\" \/>\n\t<meta property=\"og:image:type\" content=\"image\/png\" \/>\n<meta name=\"author\" content=\"apuntesdesanluis.com\" \/>\n<meta name=\"twitter:card\" content=\"summary_large_image\" \/>\n<meta name=\"twitter:label1\" content=\"Escrito por\" \/>\n\t<meta name=\"twitter:data1\" content=\"apuntesdesanluis.com\" \/>\n\t<meta name=\"twitter:label2\" content=\"Tiempo de lectura\" \/>\n\t<meta name=\"twitter:data2\" content=\"3 minutos\" \/>\n<script type=\"application\/ld+json\" class=\"yoast-schema-graph\">{\"@context\":\"https:\/\/schema.org\",\"@graph\":[{\"@type\":\"Article\",\"@id\":\"https:\/\/apuntesdesanluis.com\/index.php\/2024\/05\/19\/fiesta-del-ternero-poggi-ratifico-el-trabajo-conjunto-con-el-sector-agropecuario\/#article\",\"isPartOf\":{\"@id\":\"https:\/\/apuntesdesanluis.com\/index.php\/2024\/05\/19\/fiesta-del-ternero-poggi-ratifico-el-trabajo-conjunto-con-el-sector-agropecuario\/\"},\"author\":{\"name\":\"apuntesdesanluis.com\",\"@id\":\"https:\/\/apuntesdesanluis.com\/#\/schema\/person\/b55151d52296fcce64d1a72538a70b90\"},\"headline\":\"FIESTA DEL TERNERO: POGGI RATIFIC\u00d3 EL TRABAJO CONJUNTO CON EL SECTOR AGROPECUARIO\",\"datePublished\":\"2024-05-19T21:36:24+00:00\",\"dateModified\":\"2024-05-20T00:42:00+00:00\",\"mainEntityOfPage\":{\"@id\":\"https:\/\/apuntesdesanluis.com\/index.php\/2024\/05\/19\/fiesta-del-ternero-poggi-ratifico-el-trabajo-conjunto-con-el-sector-agropecuario\/\"},\"wordCount\":531,\"publisher\":{\"@id\":\"https:\/\/apuntesdesanluis.com\/#\/schema\/person\/b55151d52296fcce64d1a72538a70b90\"},\"image\":{\"@id\":\"https:\/\/apuntesdesanluis.com\/index.php\/2024\/05\/19\/fiesta-del-ternero-poggi-ratifico-el-trabajo-conjunto-con-el-sector-agropecuario\/#primaryimage\"},\"thumbnailUrl\":\"https:\/\/apuntesdesanluis.com\/wp-content\/uploads\/2024\/05\/POGGI-CAMINANDO.png\",\"articleSection\":[\"Ciudad\/Provincia\"],\"inLanguage\":\"es-AR\"},{\"@type\":\"WebPage\",\"@id\":\"https:\/\/apuntesdesanluis.com\/index.php\/2024\/05\/19\/fiesta-del-ternero-poggi-ratifico-el-trabajo-conjunto-con-el-sector-agropecuario\/\",\"url\":\"https:\/\/apuntesdesanluis.com\/index.php\/2024\/05\/19\/fiesta-del-ternero-poggi-ratifico-el-trabajo-conjunto-con-el-sector-agropecuario\/\",\"name\":\"FIESTA DEL TERNERO: POGGI RATIFIC\u00d3 EL TRABAJO CONJUNTO CON EL SECTOR AGROPECUARIO - Apuntes de San Luis\",\"isPartOf\":{\"@id\":\"https:\/\/apuntesdesanluis.com\/#website\"},\"primaryImageOfPage\":{\"@id\":\"https:\/\/apuntesdesanluis.com\/index.php\/2024\/05\/19\/fiesta-del-ternero-poggi-ratifico-el-trabajo-conjunto-con-el-sector-agropecuario\/#primaryimage\"},\"image\":{\"@id\":\"https:\/\/apuntesdesanluis.com\/index.php\/2024\/05\/19\/fiesta-del-ternero-poggi-ratifico-el-trabajo-conjunto-con-el-sector-agropecuario\/#primaryimage\"},\"thumbnailUrl\":\"https:\/\/apuntesdesanluis.com\/wp-content\/uploads\/2024\/05\/POGGI-CAMINANDO.png\",\"datePublished\":\"2024-05-19T21:36:24+00:00\",\"dateModified\":\"2024-05-20T00:42:00+00:00\",\"breadcrumb\":{\"@id\":\"https:\/\/apuntesdesanluis.com\/index.php\/2024\/05\/19\/fiesta-del-ternero-poggi-ratifico-el-trabajo-conjunto-con-el-sector-agropecuario\/#breadcrumb\"},\"inLanguage\":\"es-AR\",\"potentialAction\":[{\"@type\":\"ReadAction\",\"target\":[\"https:\/\/apuntesdesanluis.com\/index.php\/2024\/05\/19\/fiesta-del-ternero-poggi-ratifico-el-trabajo-conjunto-con-el-sector-agropecuario\/\"]}]},{\"@type\":\"ImageObject\",\"inLanguage\":\"es-AR\",\"@id\":\"https:\/\/apuntesdesanluis.com\/index.php\/2024\/05\/19\/fiesta-del-ternero-poggi-ratifico-el-trabajo-conjunto-con-el-sector-agropecuario\/#primaryimage\",\"url\":\"https:\/\/apuntesdesanluis.com\/wp-content\/uploads\/2024\/05\/POGGI-CAMINANDO.png\",\"contentUrl\":\"https:\/\/apuntesdesanluis.com\/wp-content\/uploads\/2024\/05\/POGGI-CAMINANDO.png\",\"width\":840,\"height\":591},{\"@type\":\"BreadcrumbList\",\"@id\":\"https:\/\/apuntesdesanluis.com\/index.php\/2024\/05\/19\/fiesta-del-ternero-poggi-ratifico-el-trabajo-conjunto-con-el-sector-agropecuario\/#breadcrumb\",\"itemListElement\":[{\"@type\":\"ListItem\",\"position\":1,\"name\":\"Inicio\",\"item\":\"https:\/\/apuntesdesanluis.com\/\"},{\"@type\":\"ListItem\",\"position\":2,\"name\":\"FIESTA DEL TERNERO: POGGI RATIFIC\u00d3 EL TRABAJO CONJUNTO CON EL SECTOR AGROPECUARIO\"}]},{\"@type\":\"WebSite\",\"@id\":\"https:\/\/apuntesdesanluis.com\/#website\",\"url\":\"https:\/\/apuntesdesanluis.com\/\",\"name\":\"Apuntes de San Luis\",\"description\":\"\",\"publisher\":{\"@id\":\"https:\/\/apuntesdesanluis.com\/#\/schema\/person\/b55151d52296fcce64d1a72538a70b90\"},\"potentialAction\":[{\"@type\":\"SearchAction\",\"target\":{\"@type\":\"EntryPoint\",\"urlTemplate\":\"https:\/\/apuntesdesanluis.com\/?s={search_term_string}\"},\"query-input\":{\"@type\":\"PropertyValueSpecification\",\"valueRequired\":true,\"valueName\":\"search_term_string\"}}],\"inLanguage\":\"es-AR\"},{\"@type\":[\"Person\",\"Organization\"],\"@id\":\"https:\/\/apuntesdesanluis.com\/#\/schema\/person\/b55151d52296fcce64d1a72538a70b90\",\"name\":\"apuntesdesanluis.com\",\"image\":{\"@type\":\"ImageObject\",\"inLanguage\":\"es-AR\",\"@id\":\"https:\/\/apuntesdesanluis.com\/#\/schema\/person\/image\/\",\"url\":\"https:\/\/apuntesdesanluis.com\/wp-content\/uploads\/2023\/07\/cropped-apuntesdesanluis.png\",\"contentUrl\":\"https:\/\/apuntesdesanluis.com\/wp-content\/uploads\/2023\/07\/cropped-apuntesdesanluis.png\",\"width\":450,\"height\":112,\"caption\":\"apuntesdesanluis.com\"},\"logo\":{\"@id\":\"https:\/\/apuntesdesanluis.com\/#\/schema\/person\/image\/\"},\"sameAs\":[\"https:\/\/apuntesdesanluis.com\"],\"url\":\"https:\/\/apuntesdesanluis.com\/index.php\/author\/apuntesdesanluis-com\/\"}]}<\/script>\n<!-- \/ Yoast SEO plugin. -->","yoast_head_json":{"title":"FIESTA DEL TERNERO: POGGI RATIFIC\u00d3 EL TRABAJO CONJUNTO CON EL SECTOR AGROPECUARIO - Apuntes de San Luis","robots":{"index":"index","follow":"follow","max-snippet":"max-snippet:-1","max-image-preview":"max-image-preview:large","max-video-preview":"max-video-preview:-1"},"canonical":"https:\/\/apuntesdesanluis.com\/index.php\/2024\/05\/19\/fiesta-del-ternero-poggi-ratifico-el-trabajo-conjunto-con-el-sector-agropecuario\/","og_locale":"es_ES","og_type":"article","og_title":"FIESTA DEL TERNERO: POGGI RATIFIC\u00d3 EL TRABAJO CONJUNTO CON EL SECTOR AGROPECUARIO - Apuntes de San Luis","og_description":"Despu\u00e9s de muchos a\u00f1os donde un gobernador no se hac\u00eda presente, el mandatario fue el...","og_url":"https:\/\/apuntesdesanluis.com\/index.php\/2024\/05\/19\/fiesta-del-ternero-poggi-ratifico-el-trabajo-conjunto-con-el-sector-agropecuario\/","og_site_name":"Apuntes de San Luis","article_published_time":"2024-05-19T21:36:24+00:00","article_modified_time":"2024-05-20T00:42:00+00:00","og_image":[{"width":840,"height":591,"url":"https:\/\/apuntesdesanluis.com\/wp-content\/uploads\/2024\/05\/POGGI-CAMINANDO.png","type":"image\/png"}],"author":"apuntesdesanluis.com","twitter_card":"summary_large_image","twitter_misc":{"Escrito por":"apuntesdesanluis.com","Tiempo de lectura":"3 minutos"},"schema":{"@context":"https:\/\/schema.org","@graph":[{"@type":"Article","@id":"https:\/\/apuntesdesanluis.com\/index.php\/2024\/05\/19\/fiesta-del-ternero-poggi-ratifico-el-trabajo-conjunto-con-el-sector-agropecuario\/#article","isPartOf":{"@id":"https:\/\/apuntesdesanluis.com\/index.php\/2024\/05\/19\/fiesta-del-ternero-poggi-ratifico-el-trabajo-conjunto-con-el-sector-agropecuario\/"},"author":{"name":"apuntesdesanluis.com","@id":"https:\/\/apuntesdesanluis.com\/#\/schema\/person\/b55151d52296fcce64d1a72538a70b90"},"headline":"FIESTA DEL TERNERO: POGGI RATIFIC\u00d3 EL TRABAJO CONJUNTO CON EL SECTOR AGROPECUARIO","datePublished":"2024-05-19T21:36:24+00:00","dateModified":"2024-05-20T00:42:00+00:00","mainEntityOfPage":{"@id":"https:\/\/apuntesdesanluis.com\/index.php\/2024\/05\/19\/fiesta-del-ternero-poggi-ratifico-el-trabajo-conjunto-con-el-sector-agropecuario\/"},"wordCount":531,"publisher":{"@id":"https:\/\/apuntesdesanluis.com\/#\/schema\/person\/b55151d52296fcce64d1a72538a70b90"},"image":{"@id":"https:\/\/apuntesdesanluis.com\/index.php\/2024\/05\/19\/fiesta-del-ternero-poggi-ratifico-el-trabajo-conjunto-con-el-sector-agropecuario\/#primaryimage"},"thumbnailUrl":"https:\/\/apuntesdesanluis.com\/wp-content\/uploads\/2024\/05\/POGGI-CAMINANDO.png","articleSection":["Ciudad\/Provincia"],"inLanguage":"es-AR"},{"@type":"WebPage","@id":"https:\/\/apuntesdesanluis.com\/index.php\/2024\/05\/19\/fiesta-del-ternero-poggi-ratifico-el-trabajo-conjunto-con-el-sector-agropecuario\/","url":"https:\/\/apuntesdesanluis.com\/index.php\/2024\/05\/19\/fiesta-del-ternero-poggi-ratifico-el-trabajo-conjunto-con-el-sector-agropecuario\/","name":"FIESTA DEL TERNERO: POGGI RATIFIC\u00d3 EL TRABAJO CONJUNTO CON EL SECTOR AGROPECUARIO - Apuntes de San Luis","isPartOf":{"@id":"https:\/\/apuntesdesanluis.com\/#website"},"primaryImageOfPage":{"@id":"https:\/\/apuntesdesanluis.com\/index.php\/2024\/05\/19\/fiesta-del-ternero-poggi-ratifico-el-trabajo-conjunto-con-el-sector-agropecuario\/#primaryimage"},"image":{"@id":"https:\/\/apuntesdesanluis.com\/index.php\/2024\/05\/19\/fiesta-del-ternero-poggi-ratifico-el-trabajo-conjunto-con-el-sector-agropecuario\/#primaryimage"},"thumbnailUrl":"https:\/\/apuntesdesanluis.com\/wp-content\/uploads\/2024\/05\/POGGI-CAMINANDO.png","datePublished":"2024-05-19T21:36:24+00:00","dateModified":"2024-05-20T00:42:00+00:00","breadcrumb":{"@id":"https:\/\/apuntesdesanluis.com\/index.php\/2024\/05\/19\/fiesta-del-ternero-poggi-ratifico-el-trabajo-conjunto-con-el-sector-agropecuario\/#breadcrumb"},"inLanguage":"es-AR","potentialAction":[{"@type":"ReadAction","target":["https:\/\/apuntesdesanluis.com\/index.php\/2024\/05\/19\/fiesta-del-ternero-poggi-ratifico-el-trabajo-conjunto-con-el-sector-agropecuario\/"]}]},{"@type":"ImageObject","inLanguage":"es-AR","@id":"https:\/\/apuntesdesanluis.com\/index.php\/2024\/05\/19\/fiesta-del-ternero-poggi-ratifico-el-trabajo-conjunto-con-el-sector-agropecuario\/#primaryimage","url":"https:\/\/apuntesdesanluis.com\/wp-content\/uploads\/2024\/05\/POGGI-CAMINANDO.png","contentUrl":"https:\/\/apuntesdesanluis.com\/wp-content\/uploads\/2024\/05\/POGGI-CAMINANDO.png","width":840,"height":591},{"@type":"BreadcrumbList","@id":"https:\/\/apuntesdesanluis.com\/index.php\/2024\/05\/19\/fiesta-del-ternero-poggi-ratifico-el-trabajo-conjunto-con-el-sector-agropecuario\/#breadcrumb","itemListElement":[{"@type":"ListItem","position":1,"name":"Inicio","item":"https:\/\/apuntesdesanluis.com\/"},{"@type":"ListItem","position":2,"name":"FIESTA DEL TERNERO: POGGI RATIFIC\u00d3 EL TRABAJO CONJUNTO CON EL SECTOR AGROPECUARIO"}]},{"@type":"WebSite","@id":"https:\/\/apuntesdesanluis.com\/#website","url":"https:\/\/apuntesdesanluis.com\/","name":"Apuntes de San Luis","description":"","publisher":{"@id":"https:\/\/apuntesdesanluis.com\/#\/schema\/person\/b55151d52296fcce64d1a72538a70b90"},"potentialAction":[{"@type":"SearchAction","target":{"@type":"EntryPoint","urlTemplate":"https:\/\/apuntesdesanluis.com\/?s={search_term_string}"},"query-input":{"@type":"PropertyValueSpecification","valueRequired":true,"valueName":"search_term_string"}}],"inLanguage":"es-AR"},{"@type":["Person","Organization"],"@id":"https:\/\/apuntesdesanluis.com\/#\/schema\/person\/b55151d52296fcce64d1a72538a70b90","name":"apuntesdesanluis.com","image":{"@type":"ImageObject","inLanguage":"es-AR","@id":"https:\/\/apuntesdesanluis.com\/#\/schema\/person\/image\/","url":"https:\/\/apuntesdesanluis.com\/wp-content\/uploads\/2023\/07\/cropped-apuntesdesanluis.png","contentUrl":"https:\/\/apuntesdesanluis.com\/wp-content\/uploads\/2023\/07\/cropped-apuntesdesanluis.png","width":450,"height":112,"caption":"apuntesdesanluis.com"},"logo":{"@id":"https:\/\/apuntesdesanluis.com\/#\/schema\/person\/image\/"},"sameAs":["https:\/\/apuntesdesanluis.com"],"url":"https:\/\/apuntesdesanluis.com\/index.php\/author\/apuntesdesanluis-com\/"}]}},"featured_image_urls":{"full":["https:\/\/apuntesdesanluis.com\/wp-content\/uploads\/2024\/05\/POGGI-CAMINANDO.png",840,591,false],"thumbnail":["https:\/\/apuntesdesanluis.com\/wp-content\/uploads\/2024\/05\/POGGI-CAMINANDO-150x150.png",150,150,true],"medium":["https:\/\/apuntesdesanluis.com\/wp-content\/uploads\/2024\/05\/POGGI-CAMINANDO-300x211.png",300,211,true],"medium_large":["https:\/\/apuntesdesanluis.com\/wp-content\/uploads\/2024\/05\/POGGI-CAMINANDO-768x540.png",640,450,true],"large":["https:\/\/apuntesdesanluis.com\/wp-content\/uploads\/2024\/05\/POGGI-CAMINANDO.png",640,450,false],"1536x1536":["https:\/\/apuntesdesanluis.com\/wp-content\/uploads\/2024\/05\/POGGI-CAMINANDO.png",840,591,false],"2048x2048":["https:\/\/apuntesdesanluis.com\/wp-content\/uploads\/2024\/05\/POGGI-CAMINANDO.png",840,591,false],"newsever-slider-full":["https:\/\/apuntesdesanluis.com\/wp-content\/uploads\/2024\/05\/POGGI-CAMINANDO.png",840,591,false],"newsever-featured":["https:\/\/apuntesdesanluis.com\/wp-content\/uploads\/2024\/05\/POGGI-CAMINANDO.png",840,591,false],"newsever-medium":["https:\/\/apuntesdesanluis.com\/wp-content\/uploads\/2024\/05\/POGGI-CAMINANDO-720x475.png",720,475,true]},"author_info":{"display_name":"apuntesdesanluis.com","author_link":"https:\/\/apuntesdesanluis.com\/index.php\/author\/apuntesdesanluis-com\/"},"category_info":"<a href=\"https:\/\/apuntesdesanluis.com\/index.php\/category\/ciudad-provincia\/\" rel=\"category tag\">Ciudad\/Provincia<\/a>","tag_info":"Ciudad\/Provincia","comment_count":"0","_links":{"self":[{"href":"https:\/\/apuntesdesanluis.com\/index.php\/wp-json\/wp\/v2\/posts\/16413","targetHints":{"allow":["GET"]}}],"collection":[{"href":"https:\/\/apuntesdesanluis.com\/index.php\/wp-json\/wp\/v2\/posts"}],"about":[{"href":"https:\/\/apuntesdesanluis.com\/index.php\/wp-json\/wp\/v2\/types\/post"}],"author":[{"embeddable":true,"href":"https:\/\/apuntesdesanluis.com\/index.php\/wp-json\/wp\/v2\/users\/1"}],"replies":[{"embeddable":true,"href":"https:\/\/apuntesdesanluis.com\/index.php\/wp-json\/wp\/v2\/comments?post=16413"}],"version-history":[{"count":1,"href":"https:\/\/apuntesdesanluis.com\/index.php\/wp-json\/wp\/v2\/posts\/16413\/revisions"}],"predecessor-version":[{"id":16417,"href":"https:\/\/apuntesdesanluis.com\/index.php\/wp-json\/wp\/v2\/posts\/16413\/revisions\/16417"}],"wp:featuredmedia":[{"embeddable":true,"href":"https:\/\/apuntesdesanluis.com\/index.php\/wp-json\/wp\/v2\/media\/16414"}],"wp:attachment":[{"href":"https:\/\/apuntesdesanluis.com\/index.php\/wp-json\/wp\/v2\/media?parent=16413"}],"wp:term":[{"taxonomy":"category","embeddable":true,"href":"https:\/\/apuntesdesanluis.com\/index.php\/wp-json\/wp\/v2\/categories?post=16413"},{"taxonomy":"post_tag","embeddable":true,"href":"https:\/\/apuntesdesanluis.com\/index.php\/wp-json\/wp\/v2\/tags?post=16413"}],"curies":[{"name":"wp","href":"https:\/\/api.w.org\/{rel}","templated":true}]}}