{"id":16436,"date":"2024-05-20T00:03:36","date_gmt":"2024-05-20T03:03:36","guid":{"rendered":"https:\/\/apuntesdesanluis.com\/?p=16436"},"modified":"2024-05-20T00:04:04","modified_gmt":"2024-05-20T03:04:04","slug":"menem-milei-y-la-renovacion-politica","status":"publish","type":"post","link":"https:\/\/apuntesdesanluis.com\/index.php\/2024\/05\/20\/menem-milei-y-la-renovacion-politica\/","title":{"rendered":"MENEM, MILEI Y LA RENOVACI\u00d3N POL\u00cdTICA"},"content":{"rendered":"<h3>Por <strong>Hugo Haime *<\/strong><\/h3>\n<h3><em>Mientras el oficialismo\u00a0 se muestra euf\u00f3rico, la oposici\u00f3n no logra recomponerse, aunque intenta presentar batalla desde el\u00a0 Congreso.<\/em><\/h3>\n<h3><img fetchpriority=\"high\" decoding=\"async\" class=\"wp-image-16437 aligncenter\" src=\"https:\/\/apuntesdesanluis.com\/wp-content\/uploads\/2024\/05\/hugo-aime-300x203.png\" alt=\"\" width=\"542\" height=\"367\" srcset=\"https:\/\/apuntesdesanluis.com\/wp-content\/uploads\/2024\/05\/hugo-aime-300x203.png 300w, https:\/\/apuntesdesanluis.com\/wp-content\/uploads\/2024\/05\/hugo-aime.png 559w\" sizes=\"(max-width: 542px) 100vw, 542px\" \/><\/h3>\n<h3>Tenemos un gobierno que festeja su 8,8% de inflaci\u00f3n, reivindica a Menem, construye su partido pol\u00edtico de la mano de Karina Milei y al Presidente dando clases de econom\u00eda, tratando a sus ex colegas de chantas e ignorantes. Podr\u00edamos hacernos muchas preguntas. Empezando por cu\u00e1nto se parece Milei a Menem, y c\u00f3mo puede ser que el Gobierno trate de enfermos mentales a tantos\u00a0 economistas de diversas orientaciones que est\u00e1n diciendo casi diariamente que el tipo de cambio est\u00e1 atrasado y que no ven que en las condiciones actuales la econom\u00eda vaya a recuperarse en V.<\/h3>\n<h3>Nuestra historia est\u00e1 llena de situaciones en las cuales pol\u00edticas econ\u00f3micas que parec\u00edan exitosas llevaban dentro de s\u00ed el germen de la crisis. Economistas que alertaban y gobiernos que negaban.<\/h3>\n<h3>A Menem se le advirti\u00f3 sobre la inconveniencia\u00a0 de seguir con la convertibilidad, finalmente la crisis le explot\u00f3 a De la R\u00faa. Cuando el consenso es mucho, lo aconsejable es escuchar. Pero volvamos a los parecidos entre Menem y el Presidente. Si en la idea de reforma del Estado hay alg\u00fan parentesco, pol\u00edtica y humanamente no parecen similares. Menem dec\u00eda: \u201cNo es liberalismo lo que estoy pregonando, es capitalismo social, dentro de lo que es el justicialismo\u201d. Menem no podr\u00eda haber tenido \u00e9xitos econ\u00f3micos y electorales sin el apoyo del peronismo y su base social\u00a0 y haberlo\u00a0 conducido sin su capacidad para unir y persuadir.<\/h3>\n<h3>Tampoco habr\u00eda soportado la hiperinflaci\u00f3n hasta que encontr\u00f3 la convertibilidad si no hubiera tenido una pol\u00edtica de unidad nacional, incorporaci\u00f3n de dirigentes opositores y di\u00e1logo aun con sus peores enemigos, aquellos que lo encarcelaron.<\/h3>\n<h3>La situaci\u00f3n pol\u00edtica de Milei no es la de Menem, no tiene un partido pol\u00edtico fuerte ni la historia personal ni la experiencia de gesti\u00f3n que ten\u00eda el riojano. Su llamado a la unidad nacional suena m\u00e1s a condicionamiento que a la b\u00fasqueda de un proyecto\u00a0 com\u00fan. Menem, a pesar de su fortaleza, debi\u00f3 negociar con\u00a0 Alfons\u00edn la reforma del 94. Eso es la pol\u00edtica.<\/h3>\n<h3>Entendemos que el Presidente hoy solo tiene a su favor la expectativa de un sector de sus votantes que tienen la esperanza de que las cosas cambien\u00a0 y al carecer de una fuerza pol\u00edtica se sostiene en su liderazgo desafiante poniendo 2025 como el momento de consolidaci\u00f3n pol\u00edtica.<\/h3>\n<h3>LUCES AMARILLAS Y POLARIZACI\u00d3N POL\u00cdTICA<\/h3>\n<h3>Pero fin de a\u00f1o llega antes y ser\u00e1 un momento clave para que parte de la opini\u00f3n p\u00fablica decida si le ratifica o no la confianza. Por el momento tiene a su favor una oposici\u00f3n que no logra ser referencia para el sector del electorado que no apoya al Gobierno. Las discusiones internas tanto entre peronistas de todo pelaje como entre radicales respecto de c\u00f3mo pararse frente al fen\u00f3meno Milei parecen ser m\u00e1s importantes que la capacidad para hacer una propuesta de pa\u00eds diferente. Para ello, sobre todo en el caso del ex oficialismo, necesita hacerse cargo de los errores cometidos.<\/h3>\n<h3>Sin embargo, en la escena p\u00fablica predomina el relato del n\u00facleo duro que les echa la culpa por la derrota a quienes\u00a0 no coinciden con sus postulados. El peronismo ha llamado a elecciones internas para noviembre. All\u00ed tendr\u00e1 la oportunidad de decidir si renovarse como lo hicieron en el 88 Menem, Cafiero, De la Sota y otros luego de la paliza que les dio Alfons\u00edn o seguir con un n\u00facleo de ideas y pr\u00e1cticas que parecen desfasadas de la realidad que vive la sociedad argentina.<\/h3>\n<h3><\/h3>\n<h4><span style=\"color: #3366ff;\"><strong><em>* Consultor y analista pol\u00edtico. (Publicado en Perfil)<\/em><\/strong><\/span><\/h4>\n<p>&nbsp;<\/p>\n<p>&nbsp;<\/p>\n<p>&nbsp;<\/p>\n","protected":false},"excerpt":{"rendered":"<p>Por Hugo Haime * Mientras el oficialismo\u00a0 se muestra euf\u00f3rico, la oposici\u00f3n no logra recomponerse,&#8230;<\/p>\n","protected":false},"author":1,"featured_media":16438,"comment_status":"closed","ping_status":"closed","sticky":false,"template":"","format":"standard","meta":{"footnotes":""},"categories":[9],"tags":[],"class_list":["post-16436","post","type-post","status-publish","format-standard","has-post-thumbnail","hentry","category-opinion"],"yoast_head":"<!-- This site is optimized with the Yoast SEO plugin v26.1.1 - https:\/\/yoast.com\/wordpress\/plugins\/seo\/ -->\n<title>MENEM, MILEI Y LA RENOVACI\u00d3N POL\u00cdTICA - Apuntes de San Luis<\/title>\n<meta name=\"robots\" content=\"index, follow, max-snippet:-1, max-image-preview:large, max-video-preview:-1\" \/>\n<link rel=\"canonical\" href=\"https:\/\/apuntesdesanluis.com\/index.php\/2024\/05\/20\/menem-milei-y-la-renovacion-politica\/\" \/>\n<meta property=\"og:locale\" content=\"es_ES\" \/>\n<meta property=\"og:type\" content=\"article\" \/>\n<meta property=\"og:title\" content=\"MENEM, MILEI Y LA RENOVACI\u00d3N POL\u00cdTICA - Apuntes de San Luis\" \/>\n<meta property=\"og:description\" content=\"Por Hugo Haime * Mientras el oficialismo\u00a0 se muestra euf\u00f3rico, la oposici\u00f3n no logra recomponerse,...\" \/>\n<meta property=\"og:url\" content=\"https:\/\/apuntesdesanluis.com\/index.php\/2024\/05\/20\/menem-milei-y-la-renovacion-politica\/\" \/>\n<meta property=\"og:site_name\" content=\"Apuntes de San Luis\" \/>\n<meta property=\"article:published_time\" content=\"2024-05-20T03:03:36+00:00\" \/>\n<meta property=\"article:modified_time\" content=\"2024-05-20T03:04:04+00:00\" \/>\n<meta property=\"og:image\" content=\"https:\/\/apuntesdesanluis.com\/wp-content\/uploads\/2024\/05\/milei-y-menem.png\" \/>\n\t<meta property=\"og:image:width\" content=\"663\" \/>\n\t<meta property=\"og:image:height\" content=\"436\" \/>\n\t<meta property=\"og:image:type\" content=\"image\/png\" \/>\n<meta name=\"author\" content=\"apuntesdesanluis.com\" \/>\n<meta name=\"twitter:card\" content=\"summary_large_image\" \/>\n<meta name=\"twitter:label1\" content=\"Escrito por\" \/>\n\t<meta name=\"twitter:data1\" content=\"apuntesdesanluis.com\" \/>\n\t<meta name=\"twitter:label2\" content=\"Tiempo de lectura\" \/>\n\t<meta name=\"twitter:data2\" content=\"4 minutos\" \/>\n<script type=\"application\/ld+json\" class=\"yoast-schema-graph\">{\"@context\":\"https:\/\/schema.org\",\"@graph\":[{\"@type\":\"Article\",\"@id\":\"https:\/\/apuntesdesanluis.com\/index.php\/2024\/05\/20\/menem-milei-y-la-renovacion-politica\/#article\",\"isPartOf\":{\"@id\":\"https:\/\/apuntesdesanluis.com\/index.php\/2024\/05\/20\/menem-milei-y-la-renovacion-politica\/\"},\"author\":{\"name\":\"apuntesdesanluis.com\",\"@id\":\"https:\/\/apuntesdesanluis.com\/#\/schema\/person\/b55151d52296fcce64d1a72538a70b90\"},\"headline\":\"MENEM, MILEI Y LA RENOVACI\u00d3N POL\u00cdTICA\",\"datePublished\":\"2024-05-20T03:03:36+00:00\",\"dateModified\":\"2024-05-20T03:04:04+00:00\",\"mainEntityOfPage\":{\"@id\":\"https:\/\/apuntesdesanluis.com\/index.php\/2024\/05\/20\/menem-milei-y-la-renovacion-politica\/\"},\"wordCount\":656,\"publisher\":{\"@id\":\"https:\/\/apuntesdesanluis.com\/#\/schema\/person\/b55151d52296fcce64d1a72538a70b90\"},\"image\":{\"@id\":\"https:\/\/apuntesdesanluis.com\/index.php\/2024\/05\/20\/menem-milei-y-la-renovacion-politica\/#primaryimage\"},\"thumbnailUrl\":\"https:\/\/apuntesdesanluis.com\/wp-content\/uploads\/2024\/05\/milei-y-menem.png\",\"articleSection\":[\"Opini\u00f3n\"],\"inLanguage\":\"es-AR\"},{\"@type\":\"WebPage\",\"@id\":\"https:\/\/apuntesdesanluis.com\/index.php\/2024\/05\/20\/menem-milei-y-la-renovacion-politica\/\",\"url\":\"https:\/\/apuntesdesanluis.com\/index.php\/2024\/05\/20\/menem-milei-y-la-renovacion-politica\/\",\"name\":\"MENEM, MILEI Y LA RENOVACI\u00d3N POL\u00cdTICA - Apuntes de San Luis\",\"isPartOf\":{\"@id\":\"https:\/\/apuntesdesanluis.com\/#website\"},\"primaryImageOfPage\":{\"@id\":\"https:\/\/apuntesdesanluis.com\/index.php\/2024\/05\/20\/menem-milei-y-la-renovacion-politica\/#primaryimage\"},\"image\":{\"@id\":\"https:\/\/apuntesdesanluis.com\/index.php\/2024\/05\/20\/menem-milei-y-la-renovacion-politica\/#primaryimage\"},\"thumbnailUrl\":\"https:\/\/apuntesdesanluis.com\/wp-content\/uploads\/2024\/05\/milei-y-menem.png\",\"datePublished\":\"2024-05-20T03:03:36+00:00\",\"dateModified\":\"2024-05-20T03:04:04+00:00\",\"breadcrumb\":{\"@id\":\"https:\/\/apuntesdesanluis.com\/index.php\/2024\/05\/20\/menem-milei-y-la-renovacion-politica\/#breadcrumb\"},\"inLanguage\":\"es-AR\",\"potentialAction\":[{\"@type\":\"ReadAction\",\"target\":[\"https:\/\/apuntesdesanluis.com\/index.php\/2024\/05\/20\/menem-milei-y-la-renovacion-politica\/\"]}]},{\"@type\":\"ImageObject\",\"inLanguage\":\"es-AR\",\"@id\":\"https:\/\/apuntesdesanluis.com\/index.php\/2024\/05\/20\/menem-milei-y-la-renovacion-politica\/#primaryimage\",\"url\":\"https:\/\/apuntesdesanluis.com\/wp-content\/uploads\/2024\/05\/milei-y-menem.png\",\"contentUrl\":\"https:\/\/apuntesdesanluis.com\/wp-content\/uploads\/2024\/05\/milei-y-menem.png\",\"width\":663,\"height\":436},{\"@type\":\"BreadcrumbList\",\"@id\":\"https:\/\/apuntesdesanluis.com\/index.php\/2024\/05\/20\/menem-milei-y-la-renovacion-politica\/#breadcrumb\",\"itemListElement\":[{\"@type\":\"ListItem\",\"position\":1,\"name\":\"Inicio\",\"item\":\"https:\/\/apuntesdesanluis.com\/\"},{\"@type\":\"ListItem\",\"position\":2,\"name\":\"MENEM, MILEI Y LA RENOVACI\u00d3N POL\u00cdTICA\"}]},{\"@type\":\"WebSite\",\"@id\":\"https:\/\/apuntesdesanluis.com\/#website\",\"url\":\"https:\/\/apuntesdesanluis.com\/\",\"name\":\"Apuntes de San Luis\",\"description\":\"\",\"publisher\":{\"@id\":\"https:\/\/apuntesdesanluis.com\/#\/schema\/person\/b55151d52296fcce64d1a72538a70b90\"},\"potentialAction\":[{\"@type\":\"SearchAction\",\"target\":{\"@type\":\"EntryPoint\",\"urlTemplate\":\"https:\/\/apuntesdesanluis.com\/?s={search_term_string}\"},\"query-input\":{\"@type\":\"PropertyValueSpecification\",\"valueRequired\":true,\"valueName\":\"search_term_string\"}}],\"inLanguage\":\"es-AR\"},{\"@type\":[\"Person\",\"Organization\"],\"@id\":\"https:\/\/apuntesdesanluis.com\/#\/schema\/person\/b55151d52296fcce64d1a72538a70b90\",\"name\":\"apuntesdesanluis.com\",\"image\":{\"@type\":\"ImageObject\",\"inLanguage\":\"es-AR\",\"@id\":\"https:\/\/apuntesdesanluis.com\/#\/schema\/person\/image\/\",\"url\":\"https:\/\/apuntesdesanluis.com\/wp-content\/uploads\/2023\/07\/cropped-apuntesdesanluis.png\",\"contentUrl\":\"https:\/\/apuntesdesanluis.com\/wp-content\/uploads\/2023\/07\/cropped-apuntesdesanluis.png\",\"width\":450,\"height\":112,\"caption\":\"apuntesdesanluis.com\"},\"logo\":{\"@id\":\"https:\/\/apuntesdesanluis.com\/#\/schema\/person\/image\/\"},\"sameAs\":[\"https:\/\/apuntesdesanluis.com\"],\"url\":\"https:\/\/apuntesdesanluis.com\/index.php\/author\/apuntesdesanluis-com\/\"}]}<\/script>\n<!-- \/ Yoast SEO plugin. -->","yoast_head_json":{"title":"MENEM, MILEI Y LA RENOVACI\u00d3N POL\u00cdTICA - Apuntes de San Luis","robots":{"index":"index","follow":"follow","max-snippet":"max-snippet:-1","max-image-preview":"max-image-preview:large","max-video-preview":"max-video-preview:-1"},"canonical":"https:\/\/apuntesdesanluis.com\/index.php\/2024\/05\/20\/menem-milei-y-la-renovacion-politica\/","og_locale":"es_ES","og_type":"article","og_title":"MENEM, MILEI Y LA RENOVACI\u00d3N POL\u00cdTICA - Apuntes de San Luis","og_description":"Por Hugo Haime * Mientras el oficialismo\u00a0 se muestra euf\u00f3rico, la oposici\u00f3n no logra recomponerse,...","og_url":"https:\/\/apuntesdesanluis.com\/index.php\/2024\/05\/20\/menem-milei-y-la-renovacion-politica\/","og_site_name":"Apuntes de San Luis","article_published_time":"2024-05-20T03:03:36+00:00","article_modified_time":"2024-05-20T03:04:04+00:00","og_image":[{"width":663,"height":436,"url":"https:\/\/apuntesdesanluis.com\/wp-content\/uploads\/2024\/05\/milei-y-menem.png","type":"image\/png"}],"author":"apuntesdesanluis.com","twitter_card":"summary_large_image","twitter_misc":{"Escrito por":"apuntesdesanluis.com","Tiempo de lectura":"4 minutos"},"schema":{"@context":"https:\/\/schema.org","@graph":[{"@type":"Article","@id":"https:\/\/apuntesdesanluis.com\/index.php\/2024\/05\/20\/menem-milei-y-la-renovacion-politica\/#article","isPartOf":{"@id":"https:\/\/apuntesdesanluis.com\/index.php\/2024\/05\/20\/menem-milei-y-la-renovacion-politica\/"},"author":{"name":"apuntesdesanluis.com","@id":"https:\/\/apuntesdesanluis.com\/#\/schema\/person\/b55151d52296fcce64d1a72538a70b90"},"headline":"MENEM, MILEI Y LA RENOVACI\u00d3N POL\u00cdTICA","datePublished":"2024-05-20T03:03:36+00:00","dateModified":"2024-05-20T03:04:04+00:00","mainEntityOfPage":{"@id":"https:\/\/apuntesdesanluis.com\/index.php\/2024\/05\/20\/menem-milei-y-la-renovacion-politica\/"},"wordCount":656,"publisher":{"@id":"https:\/\/apuntesdesanluis.com\/#\/schema\/person\/b55151d52296fcce64d1a72538a70b90"},"image":{"@id":"https:\/\/apuntesdesanluis.com\/index.php\/2024\/05\/20\/menem-milei-y-la-renovacion-politica\/#primaryimage"},"thumbnailUrl":"https:\/\/apuntesdesanluis.com\/wp-content\/uploads\/2024\/05\/milei-y-menem.png","articleSection":["Opini\u00f3n"],"inLanguage":"es-AR"},{"@type":"WebPage","@id":"https:\/\/apuntesdesanluis.com\/index.php\/2024\/05\/20\/menem-milei-y-la-renovacion-politica\/","url":"https:\/\/apuntesdesanluis.com\/index.php\/2024\/05\/20\/menem-milei-y-la-renovacion-politica\/","name":"MENEM, MILEI Y LA RENOVACI\u00d3N POL\u00cdTICA - Apuntes de San Luis","isPartOf":{"@id":"https:\/\/apuntesdesanluis.com\/#website"},"primaryImageOfPage":{"@id":"https:\/\/apuntesdesanluis.com\/index.php\/2024\/05\/20\/menem-milei-y-la-renovacion-politica\/#primaryimage"},"image":{"@id":"https:\/\/apuntesdesanluis.com\/index.php\/2024\/05\/20\/menem-milei-y-la-renovacion-politica\/#primaryimage"},"thumbnailUrl":"https:\/\/apuntesdesanluis.com\/wp-content\/uploads\/2024\/05\/milei-y-menem.png","datePublished":"2024-05-20T03:03:36+00:00","dateModified":"2024-05-20T03:04:04+00:00","breadcrumb":{"@id":"https:\/\/apuntesdesanluis.com\/index.php\/2024\/05\/20\/menem-milei-y-la-renovacion-politica\/#breadcrumb"},"inLanguage":"es-AR","potentialAction":[{"@type":"ReadAction","target":["https:\/\/apuntesdesanluis.com\/index.php\/2024\/05\/20\/menem-milei-y-la-renovacion-politica\/"]}]},{"@type":"ImageObject","inLanguage":"es-AR","@id":"https:\/\/apuntesdesanluis.com\/index.php\/2024\/05\/20\/menem-milei-y-la-renovacion-politica\/#primaryimage","url":"https:\/\/apuntesdesanluis.com\/wp-content\/uploads\/2024\/05\/milei-y-menem.png","contentUrl":"https:\/\/apuntesdesanluis.com\/wp-content\/uploads\/2024\/05\/milei-y-menem.png","width":663,"height":436},{"@type":"BreadcrumbList","@id":"https:\/\/apuntesdesanluis.com\/index.php\/2024\/05\/20\/menem-milei-y-la-renovacion-politica\/#breadcrumb","itemListElement":[{"@type":"ListItem","position":1,"name":"Inicio","item":"https:\/\/apuntesdesanluis.com\/"},{"@type":"ListItem","position":2,"name":"MENEM, MILEI Y LA RENOVACI\u00d3N POL\u00cdTICA"}]},{"@type":"WebSite","@id":"https:\/\/apuntesdesanluis.com\/#website","url":"https:\/\/apuntesdesanluis.com\/","name":"Apuntes de San Luis","description":"","publisher":{"@id":"https:\/\/apuntesdesanluis.com\/#\/schema\/person\/b55151d52296fcce64d1a72538a70b90"},"potentialAction":[{"@type":"SearchAction","target":{"@type":"EntryPoint","urlTemplate":"https:\/\/apuntesdesanluis.com\/?s={search_term_string}"},"query-input":{"@type":"PropertyValueSpecification","valueRequired":true,"valueName":"search_term_string"}}],"inLanguage":"es-AR"},{"@type":["Person","Organization"],"@id":"https:\/\/apuntesdesanluis.com\/#\/schema\/person\/b55151d52296fcce64d1a72538a70b90","name":"apuntesdesanluis.com","image":{"@type":"ImageObject","inLanguage":"es-AR","@id":"https:\/\/apuntesdesanluis.com\/#\/schema\/person\/image\/","url":"https:\/\/apuntesdesanluis.com\/wp-content\/uploads\/2023\/07\/cropped-apuntesdesanluis.png","contentUrl":"https:\/\/apuntesdesanluis.com\/wp-content\/uploads\/2023\/07\/cropped-apuntesdesanluis.png","width":450,"height":112,"caption":"apuntesdesanluis.com"},"logo":{"@id":"https:\/\/apuntesdesanluis.com\/#\/schema\/person\/image\/"},"sameAs":["https:\/\/apuntesdesanluis.com"],"url":"https:\/\/apuntesdesanluis.com\/index.php\/author\/apuntesdesanluis-com\/"}]}},"featured_image_urls":{"full":["https:\/\/apuntesdesanluis.com\/wp-content\/uploads\/2024\/05\/milei-y-menem.png",663,436,false],"thumbnail":["https:\/\/apuntesdesanluis.com\/wp-content\/uploads\/2024\/05\/milei-y-menem-150x150.png",150,150,true],"medium":["https:\/\/apuntesdesanluis.com\/wp-content\/uploads\/2024\/05\/milei-y-menem-300x197.png",300,197,true],"medium_large":["https:\/\/apuntesdesanluis.com\/wp-content\/uploads\/2024\/05\/milei-y-menem.png",640,421,false],"large":["https:\/\/apuntesdesanluis.com\/wp-content\/uploads\/2024\/05\/milei-y-menem.png",640,421,false],"1536x1536":["https:\/\/apuntesdesanluis.com\/wp-content\/uploads\/2024\/05\/milei-y-menem.png",663,436,false],"2048x2048":["https:\/\/apuntesdesanluis.com\/wp-content\/uploads\/2024\/05\/milei-y-menem.png",663,436,false],"newsever-slider-full":["https:\/\/apuntesdesanluis.com\/wp-content\/uploads\/2024\/05\/milei-y-menem.png",663,436,false],"newsever-featured":["https:\/\/apuntesdesanluis.com\/wp-content\/uploads\/2024\/05\/milei-y-menem.png",663,436,false],"newsever-medium":["https:\/\/apuntesdesanluis.com\/wp-content\/uploads\/2024\/05\/milei-y-menem.png",663,436,false]},"author_info":{"display_name":"apuntesdesanluis.com","author_link":"https:\/\/apuntesdesanluis.com\/index.php\/author\/apuntesdesanluis-com\/"},"category_info":"<a href=\"https:\/\/apuntesdesanluis.com\/index.php\/category\/opinion\/\" rel=\"category tag\">Opini\u00f3n<\/a>","tag_info":"Opini\u00f3n","comment_count":"0","_links":{"self":[{"href":"https:\/\/apuntesdesanluis.com\/index.php\/wp-json\/wp\/v2\/posts\/16436","targetHints":{"allow":["GET"]}}],"collection":[{"href":"https:\/\/apuntesdesanluis.com\/index.php\/wp-json\/wp\/v2\/posts"}],"about":[{"href":"https:\/\/apuntesdesanluis.com\/index.php\/wp-json\/wp\/v2\/types\/post"}],"author":[{"embeddable":true,"href":"https:\/\/apuntesdesanluis.com\/index.php\/wp-json\/wp\/v2\/users\/1"}],"replies":[{"embeddable":true,"href":"https:\/\/apuntesdesanluis.com\/index.php\/wp-json\/wp\/v2\/comments?post=16436"}],"version-history":[{"count":2,"href":"https:\/\/apuntesdesanluis.com\/index.php\/wp-json\/wp\/v2\/posts\/16436\/revisions"}],"predecessor-version":[{"id":16440,"href":"https:\/\/apuntesdesanluis.com\/index.php\/wp-json\/wp\/v2\/posts\/16436\/revisions\/16440"}],"wp:featuredmedia":[{"embeddable":true,"href":"https:\/\/apuntesdesanluis.com\/index.php\/wp-json\/wp\/v2\/media\/16438"}],"wp:attachment":[{"href":"https:\/\/apuntesdesanluis.com\/index.php\/wp-json\/wp\/v2\/media?parent=16436"}],"wp:term":[{"taxonomy":"category","embeddable":true,"href":"https:\/\/apuntesdesanluis.com\/index.php\/wp-json\/wp\/v2\/categories?post=16436"},{"taxonomy":"post_tag","embeddable":true,"href":"https:\/\/apuntesdesanluis.com\/index.php\/wp-json\/wp\/v2\/tags?post=16436"}],"curies":[{"name":"wp","href":"https:\/\/api.w.org\/{rel}","templated":true}]}}