{"id":16465,"date":"2024-05-20T13:48:49","date_gmt":"2024-05-20T16:48:49","guid":{"rendered":"https:\/\/apuntesdesanluis.com\/?p=16465"},"modified":"2024-05-20T13:49:09","modified_gmt":"2024-05-20T16:49:09","slug":"un-herido-al-chocar-dos-camiones-en-la-autopista-de-serranias-puntanas","status":"publish","type":"post","link":"https:\/\/apuntesdesanluis.com\/index.php\/2024\/05\/20\/un-herido-al-chocar-dos-camiones-en-la-autopista-de-serranias-puntanas\/","title":{"rendered":"UN HERIDO AL CHOCAR DOS CAMIONES EN LA AUTOPISTA DE SERRAN\u00cdAS PUNTANAS"},"content":{"rendered":"<h3>Este lunes a la madrugada se produjo un accidente vial entre dos camiones en la Autopista Serran\u00edas Puntanas, a la altura del kil\u00f3metro 798.<\/h3>\n<h3>Uno de los camiones, marca Mercedes Benz, era conducido por un hombre de 29 a\u00f1os de edad, con domicilio en la localidad de Balde. Mientras que el otro rodado -tambi\u00e9n marca Mercedes Benz- que ten\u00eda semirremolque, era conducido por un hombre de 64 a\u00f1os, de nacionalidad chilena.<\/h3>\n<p><img fetchpriority=\"high\" decoding=\"async\" class=\"wp-image-16467 aligncenter\" src=\"https:\/\/apuntesdesanluis.com\/wp-content\/uploads\/2024\/05\/11e621de-9582-4fac-8414-de95ee686857-300x174.jpg\" alt=\"\" width=\"566\" height=\"328\" srcset=\"https:\/\/apuntesdesanluis.com\/wp-content\/uploads\/2024\/05\/11e621de-9582-4fac-8414-de95ee686857-300x174.jpg 300w, https:\/\/apuntesdesanluis.com\/wp-content\/uploads\/2024\/05\/11e621de-9582-4fac-8414-de95ee686857.jpg 700w\" sizes=\"(max-width: 566px) 100vw, 566px\" \/><\/p>\n<h3>Ambos camiones circulaban en la misma direcci\u00f3n (de oeste a este) y por razones que se tratan de establecer colisionaron entre s\u00ed.<\/h3>\n<h3>Como consecuencia del impacto y debido a los golpes, el conductor de 29 a\u00f1os fue trasladado por una ambulancia hacia el Hospital Central \u201cDr. Ram\u00f3n Carrillo\u201d, donde ingres\u00f3 al sector de terapia intensiva con politraumatismo de cr\u00e1neo.<\/h3>\n<p>&nbsp;<\/p>\n<p>&nbsp;<\/p>\n<p>&nbsp;<\/p>\n<p>&nbsp;<\/p>\n<p>&nbsp;<\/p>\n<p>&nbsp;<\/p>\n<p>&nbsp;<\/p>\n","protected":false},"excerpt":{"rendered":"<p>Este lunes a la madrugada se produjo un accidente vial entre dos camiones en la&#8230;<\/p>\n","protected":false},"author":1,"featured_media":16466,"comment_status":"closed","ping_status":"closed","sticky":false,"template":"","format":"standard","meta":{"footnotes":""},"categories":[6],"tags":[],"class_list":["post-16465","post","type-post","status-publish","format-standard","has-post-thumbnail","hentry","category-ciudad-provincia"],"yoast_head":"<!-- This site is optimized with the Yoast SEO plugin v26.1.1 - https:\/\/yoast.com\/wordpress\/plugins\/seo\/ -->\n<title>UN HERIDO AL CHOCAR DOS CAMIONES EN LA AUTOPISTA DE SERRAN\u00cdAS PUNTANAS - Apuntes de San Luis<\/title>\n<meta name=\"robots\" content=\"index, follow, max-snippet:-1, max-image-preview:large, max-video-preview:-1\" \/>\n<link rel=\"canonical\" href=\"https:\/\/apuntesdesanluis.com\/index.php\/2024\/05\/20\/un-herido-al-chocar-dos-camiones-en-la-autopista-de-serranias-puntanas\/\" \/>\n<meta property=\"og:locale\" content=\"es_ES\" \/>\n<meta property=\"og:type\" content=\"article\" \/>\n<meta property=\"og:title\" content=\"UN HERIDO AL CHOCAR DOS CAMIONES EN LA AUTOPISTA DE SERRAN\u00cdAS PUNTANAS - Apuntes de San Luis\" \/>\n<meta property=\"og:description\" content=\"Este lunes a la madrugada se produjo un accidente vial entre dos camiones en la...\" \/>\n<meta property=\"og:url\" content=\"https:\/\/apuntesdesanluis.com\/index.php\/2024\/05\/20\/un-herido-al-chocar-dos-camiones-en-la-autopista-de-serranias-puntanas\/\" \/>\n<meta property=\"og:site_name\" content=\"Apuntes de San Luis\" \/>\n<meta property=\"article:published_time\" content=\"2024-05-20T16:48:49+00:00\" \/>\n<meta property=\"article:modified_time\" content=\"2024-05-20T16:49:09+00:00\" \/>\n<meta property=\"og:image\" content=\"https:\/\/apuntesdesanluis.com\/wp-content\/uploads\/2024\/05\/d2ac3f77-c87e-4c0e-a3f1-3211db9de0e1.jpg\" \/>\n\t<meta property=\"og:image:width\" content=\"700\" \/>\n\t<meta property=\"og:image:height\" content=\"338\" \/>\n\t<meta property=\"og:image:type\" content=\"image\/jpeg\" \/>\n<meta name=\"author\" content=\"apuntesdesanluis.com\" \/>\n<meta name=\"twitter:card\" content=\"summary_large_image\" \/>\n<meta name=\"twitter:label1\" content=\"Escrito por\" \/>\n\t<meta name=\"twitter:data1\" content=\"apuntesdesanluis.com\" \/>\n\t<meta name=\"twitter:label2\" content=\"Tiempo de lectura\" \/>\n\t<meta name=\"twitter:data2\" content=\"1 minuto\" \/>\n<script type=\"application\/ld+json\" class=\"yoast-schema-graph\">{\"@context\":\"https:\/\/schema.org\",\"@graph\":[{\"@type\":\"Article\",\"@id\":\"https:\/\/apuntesdesanluis.com\/index.php\/2024\/05\/20\/un-herido-al-chocar-dos-camiones-en-la-autopista-de-serranias-puntanas\/#article\",\"isPartOf\":{\"@id\":\"https:\/\/apuntesdesanluis.com\/index.php\/2024\/05\/20\/un-herido-al-chocar-dos-camiones-en-la-autopista-de-serranias-puntanas\/\"},\"author\":{\"name\":\"apuntesdesanluis.com\",\"@id\":\"https:\/\/apuntesdesanluis.com\/#\/schema\/person\/b55151d52296fcce64d1a72538a70b90\"},\"headline\":\"UN HERIDO AL CHOCAR DOS CAMIONES EN LA AUTOPISTA DE SERRAN\u00cdAS PUNTANAS\",\"datePublished\":\"2024-05-20T16:48:49+00:00\",\"dateModified\":\"2024-05-20T16:49:09+00:00\",\"mainEntityOfPage\":{\"@id\":\"https:\/\/apuntesdesanluis.com\/index.php\/2024\/05\/20\/un-herido-al-chocar-dos-camiones-en-la-autopista-de-serranias-puntanas\/\"},\"wordCount\":156,\"publisher\":{\"@id\":\"https:\/\/apuntesdesanluis.com\/#\/schema\/person\/b55151d52296fcce64d1a72538a70b90\"},\"image\":{\"@id\":\"https:\/\/apuntesdesanluis.com\/index.php\/2024\/05\/20\/un-herido-al-chocar-dos-camiones-en-la-autopista-de-serranias-puntanas\/#primaryimage\"},\"thumbnailUrl\":\"https:\/\/apuntesdesanluis.com\/wp-content\/uploads\/2024\/05\/d2ac3f77-c87e-4c0e-a3f1-3211db9de0e1.jpg\",\"articleSection\":[\"Ciudad\/Provincia\"],\"inLanguage\":\"es-AR\"},{\"@type\":\"WebPage\",\"@id\":\"https:\/\/apuntesdesanluis.com\/index.php\/2024\/05\/20\/un-herido-al-chocar-dos-camiones-en-la-autopista-de-serranias-puntanas\/\",\"url\":\"https:\/\/apuntesdesanluis.com\/index.php\/2024\/05\/20\/un-herido-al-chocar-dos-camiones-en-la-autopista-de-serranias-puntanas\/\",\"name\":\"UN HERIDO AL CHOCAR DOS CAMIONES EN LA AUTOPISTA DE SERRAN\u00cdAS PUNTANAS - Apuntes de San Luis\",\"isPartOf\":{\"@id\":\"https:\/\/apuntesdesanluis.com\/#website\"},\"primaryImageOfPage\":{\"@id\":\"https:\/\/apuntesdesanluis.com\/index.php\/2024\/05\/20\/un-herido-al-chocar-dos-camiones-en-la-autopista-de-serranias-puntanas\/#primaryimage\"},\"image\":{\"@id\":\"https:\/\/apuntesdesanluis.com\/index.php\/2024\/05\/20\/un-herido-al-chocar-dos-camiones-en-la-autopista-de-serranias-puntanas\/#primaryimage\"},\"thumbnailUrl\":\"https:\/\/apuntesdesanluis.com\/wp-content\/uploads\/2024\/05\/d2ac3f77-c87e-4c0e-a3f1-3211db9de0e1.jpg\",\"datePublished\":\"2024-05-20T16:48:49+00:00\",\"dateModified\":\"2024-05-20T16:49:09+00:00\",\"breadcrumb\":{\"@id\":\"https:\/\/apuntesdesanluis.com\/index.php\/2024\/05\/20\/un-herido-al-chocar-dos-camiones-en-la-autopista-de-serranias-puntanas\/#breadcrumb\"},\"inLanguage\":\"es-AR\",\"potentialAction\":[{\"@type\":\"ReadAction\",\"target\":[\"https:\/\/apuntesdesanluis.com\/index.php\/2024\/05\/20\/un-herido-al-chocar-dos-camiones-en-la-autopista-de-serranias-puntanas\/\"]}]},{\"@type\":\"ImageObject\",\"inLanguage\":\"es-AR\",\"@id\":\"https:\/\/apuntesdesanluis.com\/index.php\/2024\/05\/20\/un-herido-al-chocar-dos-camiones-en-la-autopista-de-serranias-puntanas\/#primaryimage\",\"url\":\"https:\/\/apuntesdesanluis.com\/wp-content\/uploads\/2024\/05\/d2ac3f77-c87e-4c0e-a3f1-3211db9de0e1.jpg\",\"contentUrl\":\"https:\/\/apuntesdesanluis.com\/wp-content\/uploads\/2024\/05\/d2ac3f77-c87e-4c0e-a3f1-3211db9de0e1.jpg\",\"width\":700,\"height\":338},{\"@type\":\"BreadcrumbList\",\"@id\":\"https:\/\/apuntesdesanluis.com\/index.php\/2024\/05\/20\/un-herido-al-chocar-dos-camiones-en-la-autopista-de-serranias-puntanas\/#breadcrumb\",\"itemListElement\":[{\"@type\":\"ListItem\",\"position\":1,\"name\":\"Inicio\",\"item\":\"https:\/\/apuntesdesanluis.com\/\"},{\"@type\":\"ListItem\",\"position\":2,\"name\":\"UN HERIDO AL CHOCAR DOS CAMIONES EN LA AUTOPISTA DE SERRAN\u00cdAS PUNTANAS\"}]},{\"@type\":\"WebSite\",\"@id\":\"https:\/\/apuntesdesanluis.com\/#website\",\"url\":\"https:\/\/apuntesdesanluis.com\/\",\"name\":\"Apuntes de San Luis\",\"description\":\"\",\"publisher\":{\"@id\":\"https:\/\/apuntesdesanluis.com\/#\/schema\/person\/b55151d52296fcce64d1a72538a70b90\"},\"potentialAction\":[{\"@type\":\"SearchAction\",\"target\":{\"@type\":\"EntryPoint\",\"urlTemplate\":\"https:\/\/apuntesdesanluis.com\/?s={search_term_string}\"},\"query-input\":{\"@type\":\"PropertyValueSpecification\",\"valueRequired\":true,\"valueName\":\"search_term_string\"}}],\"inLanguage\":\"es-AR\"},{\"@type\":[\"Person\",\"Organization\"],\"@id\":\"https:\/\/apuntesdesanluis.com\/#\/schema\/person\/b55151d52296fcce64d1a72538a70b90\",\"name\":\"apuntesdesanluis.com\",\"image\":{\"@type\":\"ImageObject\",\"inLanguage\":\"es-AR\",\"@id\":\"https:\/\/apuntesdesanluis.com\/#\/schema\/person\/image\/\",\"url\":\"https:\/\/apuntesdesanluis.com\/wp-content\/uploads\/2023\/07\/cropped-apuntesdesanluis.png\",\"contentUrl\":\"https:\/\/apuntesdesanluis.com\/wp-content\/uploads\/2023\/07\/cropped-apuntesdesanluis.png\",\"width\":450,\"height\":112,\"caption\":\"apuntesdesanluis.com\"},\"logo\":{\"@id\":\"https:\/\/apuntesdesanluis.com\/#\/schema\/person\/image\/\"},\"sameAs\":[\"https:\/\/apuntesdesanluis.com\"],\"url\":\"https:\/\/apuntesdesanluis.com\/index.php\/author\/apuntesdesanluis-com\/\"}]}<\/script>\n<!-- \/ Yoast SEO plugin. -->","yoast_head_json":{"title":"UN HERIDO AL CHOCAR DOS CAMIONES EN LA AUTOPISTA DE SERRAN\u00cdAS PUNTANAS - Apuntes de San Luis","robots":{"index":"index","follow":"follow","max-snippet":"max-snippet:-1","max-image-preview":"max-image-preview:large","max-video-preview":"max-video-preview:-1"},"canonical":"https:\/\/apuntesdesanluis.com\/index.php\/2024\/05\/20\/un-herido-al-chocar-dos-camiones-en-la-autopista-de-serranias-puntanas\/","og_locale":"es_ES","og_type":"article","og_title":"UN HERIDO AL CHOCAR DOS CAMIONES EN LA AUTOPISTA DE SERRAN\u00cdAS PUNTANAS - Apuntes de San Luis","og_description":"Este lunes a la madrugada se produjo un accidente vial entre dos camiones en la...","og_url":"https:\/\/apuntesdesanluis.com\/index.php\/2024\/05\/20\/un-herido-al-chocar-dos-camiones-en-la-autopista-de-serranias-puntanas\/","og_site_name":"Apuntes de San Luis","article_published_time":"2024-05-20T16:48:49+00:00","article_modified_time":"2024-05-20T16:49:09+00:00","og_image":[{"width":700,"height":338,"url":"https:\/\/apuntesdesanluis.com\/wp-content\/uploads\/2024\/05\/d2ac3f77-c87e-4c0e-a3f1-3211db9de0e1.jpg","type":"image\/jpeg"}],"author":"apuntesdesanluis.com","twitter_card":"summary_large_image","twitter_misc":{"Escrito por":"apuntesdesanluis.com","Tiempo de lectura":"1 minuto"},"schema":{"@context":"https:\/\/schema.org","@graph":[{"@type":"Article","@id":"https:\/\/apuntesdesanluis.com\/index.php\/2024\/05\/20\/un-herido-al-chocar-dos-camiones-en-la-autopista-de-serranias-puntanas\/#article","isPartOf":{"@id":"https:\/\/apuntesdesanluis.com\/index.php\/2024\/05\/20\/un-herido-al-chocar-dos-camiones-en-la-autopista-de-serranias-puntanas\/"},"author":{"name":"apuntesdesanluis.com","@id":"https:\/\/apuntesdesanluis.com\/#\/schema\/person\/b55151d52296fcce64d1a72538a70b90"},"headline":"UN HERIDO AL CHOCAR DOS CAMIONES EN LA AUTOPISTA DE SERRAN\u00cdAS PUNTANAS","datePublished":"2024-05-20T16:48:49+00:00","dateModified":"2024-05-20T16:49:09+00:00","mainEntityOfPage":{"@id":"https:\/\/apuntesdesanluis.com\/index.php\/2024\/05\/20\/un-herido-al-chocar-dos-camiones-en-la-autopista-de-serranias-puntanas\/"},"wordCount":156,"publisher":{"@id":"https:\/\/apuntesdesanluis.com\/#\/schema\/person\/b55151d52296fcce64d1a72538a70b90"},"image":{"@id":"https:\/\/apuntesdesanluis.com\/index.php\/2024\/05\/20\/un-herido-al-chocar-dos-camiones-en-la-autopista-de-serranias-puntanas\/#primaryimage"},"thumbnailUrl":"https:\/\/apuntesdesanluis.com\/wp-content\/uploads\/2024\/05\/d2ac3f77-c87e-4c0e-a3f1-3211db9de0e1.jpg","articleSection":["Ciudad\/Provincia"],"inLanguage":"es-AR"},{"@type":"WebPage","@id":"https:\/\/apuntesdesanluis.com\/index.php\/2024\/05\/20\/un-herido-al-chocar-dos-camiones-en-la-autopista-de-serranias-puntanas\/","url":"https:\/\/apuntesdesanluis.com\/index.php\/2024\/05\/20\/un-herido-al-chocar-dos-camiones-en-la-autopista-de-serranias-puntanas\/","name":"UN HERIDO AL CHOCAR DOS CAMIONES EN LA AUTOPISTA DE SERRAN\u00cdAS PUNTANAS - Apuntes de San Luis","isPartOf":{"@id":"https:\/\/apuntesdesanluis.com\/#website"},"primaryImageOfPage":{"@id":"https:\/\/apuntesdesanluis.com\/index.php\/2024\/05\/20\/un-herido-al-chocar-dos-camiones-en-la-autopista-de-serranias-puntanas\/#primaryimage"},"image":{"@id":"https:\/\/apuntesdesanluis.com\/index.php\/2024\/05\/20\/un-herido-al-chocar-dos-camiones-en-la-autopista-de-serranias-puntanas\/#primaryimage"},"thumbnailUrl":"https:\/\/apuntesdesanluis.com\/wp-content\/uploads\/2024\/05\/d2ac3f77-c87e-4c0e-a3f1-3211db9de0e1.jpg","datePublished":"2024-05-20T16:48:49+00:00","dateModified":"2024-05-20T16:49:09+00:00","breadcrumb":{"@id":"https:\/\/apuntesdesanluis.com\/index.php\/2024\/05\/20\/un-herido-al-chocar-dos-camiones-en-la-autopista-de-serranias-puntanas\/#breadcrumb"},"inLanguage":"es-AR","potentialAction":[{"@type":"ReadAction","target":["https:\/\/apuntesdesanluis.com\/index.php\/2024\/05\/20\/un-herido-al-chocar-dos-camiones-en-la-autopista-de-serranias-puntanas\/"]}]},{"@type":"ImageObject","inLanguage":"es-AR","@id":"https:\/\/apuntesdesanluis.com\/index.php\/2024\/05\/20\/un-herido-al-chocar-dos-camiones-en-la-autopista-de-serranias-puntanas\/#primaryimage","url":"https:\/\/apuntesdesanluis.com\/wp-content\/uploads\/2024\/05\/d2ac3f77-c87e-4c0e-a3f1-3211db9de0e1.jpg","contentUrl":"https:\/\/apuntesdesanluis.com\/wp-content\/uploads\/2024\/05\/d2ac3f77-c87e-4c0e-a3f1-3211db9de0e1.jpg","width":700,"height":338},{"@type":"BreadcrumbList","@id":"https:\/\/apuntesdesanluis.com\/index.php\/2024\/05\/20\/un-herido-al-chocar-dos-camiones-en-la-autopista-de-serranias-puntanas\/#breadcrumb","itemListElement":[{"@type":"ListItem","position":1,"name":"Inicio","item":"https:\/\/apuntesdesanluis.com\/"},{"@type":"ListItem","position":2,"name":"UN HERIDO AL CHOCAR DOS CAMIONES EN LA AUTOPISTA DE SERRAN\u00cdAS PUNTANAS"}]},{"@type":"WebSite","@id":"https:\/\/apuntesdesanluis.com\/#website","url":"https:\/\/apuntesdesanluis.com\/","name":"Apuntes de San Luis","description":"","publisher":{"@id":"https:\/\/apuntesdesanluis.com\/#\/schema\/person\/b55151d52296fcce64d1a72538a70b90"},"potentialAction":[{"@type":"SearchAction","target":{"@type":"EntryPoint","urlTemplate":"https:\/\/apuntesdesanluis.com\/?s={search_term_string}"},"query-input":{"@type":"PropertyValueSpecification","valueRequired":true,"valueName":"search_term_string"}}],"inLanguage":"es-AR"},{"@type":["Person","Organization"],"@id":"https:\/\/apuntesdesanluis.com\/#\/schema\/person\/b55151d52296fcce64d1a72538a70b90","name":"apuntesdesanluis.com","image":{"@type":"ImageObject","inLanguage":"es-AR","@id":"https:\/\/apuntesdesanluis.com\/#\/schema\/person\/image\/","url":"https:\/\/apuntesdesanluis.com\/wp-content\/uploads\/2023\/07\/cropped-apuntesdesanluis.png","contentUrl":"https:\/\/apuntesdesanluis.com\/wp-content\/uploads\/2023\/07\/cropped-apuntesdesanluis.png","width":450,"height":112,"caption":"apuntesdesanluis.com"},"logo":{"@id":"https:\/\/apuntesdesanluis.com\/#\/schema\/person\/image\/"},"sameAs":["https:\/\/apuntesdesanluis.com"],"url":"https:\/\/apuntesdesanluis.com\/index.php\/author\/apuntesdesanluis-com\/"}]}},"featured_image_urls":{"full":["https:\/\/apuntesdesanluis.com\/wp-content\/uploads\/2024\/05\/d2ac3f77-c87e-4c0e-a3f1-3211db9de0e1.jpg",700,338,false],"thumbnail":["https:\/\/apuntesdesanluis.com\/wp-content\/uploads\/2024\/05\/d2ac3f77-c87e-4c0e-a3f1-3211db9de0e1-150x150.jpg",150,150,true],"medium":["https:\/\/apuntesdesanluis.com\/wp-content\/uploads\/2024\/05\/d2ac3f77-c87e-4c0e-a3f1-3211db9de0e1-300x145.jpg",300,145,true],"medium_large":["https:\/\/apuntesdesanluis.com\/wp-content\/uploads\/2024\/05\/d2ac3f77-c87e-4c0e-a3f1-3211db9de0e1.jpg",640,309,false],"large":["https:\/\/apuntesdesanluis.com\/wp-content\/uploads\/2024\/05\/d2ac3f77-c87e-4c0e-a3f1-3211db9de0e1.jpg",640,309,false],"1536x1536":["https:\/\/apuntesdesanluis.com\/wp-content\/uploads\/2024\/05\/d2ac3f77-c87e-4c0e-a3f1-3211db9de0e1.jpg",700,338,false],"2048x2048":["https:\/\/apuntesdesanluis.com\/wp-content\/uploads\/2024\/05\/d2ac3f77-c87e-4c0e-a3f1-3211db9de0e1.jpg",700,338,false],"newsever-slider-full":["https:\/\/apuntesdesanluis.com\/wp-content\/uploads\/2024\/05\/d2ac3f77-c87e-4c0e-a3f1-3211db9de0e1.jpg",700,338,false],"newsever-featured":["https:\/\/apuntesdesanluis.com\/wp-content\/uploads\/2024\/05\/d2ac3f77-c87e-4c0e-a3f1-3211db9de0e1.jpg",700,338,false],"newsever-medium":["https:\/\/apuntesdesanluis.com\/wp-content\/uploads\/2024\/05\/d2ac3f77-c87e-4c0e-a3f1-3211db9de0e1.jpg",700,338,false]},"author_info":{"display_name":"apuntesdesanluis.com","author_link":"https:\/\/apuntesdesanluis.com\/index.php\/author\/apuntesdesanluis-com\/"},"category_info":"<a href=\"https:\/\/apuntesdesanluis.com\/index.php\/category\/ciudad-provincia\/\" rel=\"category tag\">Ciudad\/Provincia<\/a>","tag_info":"Ciudad\/Provincia","comment_count":"0","_links":{"self":[{"href":"https:\/\/apuntesdesanluis.com\/index.php\/wp-json\/wp\/v2\/posts\/16465","targetHints":{"allow":["GET"]}}],"collection":[{"href":"https:\/\/apuntesdesanluis.com\/index.php\/wp-json\/wp\/v2\/posts"}],"about":[{"href":"https:\/\/apuntesdesanluis.com\/index.php\/wp-json\/wp\/v2\/types\/post"}],"author":[{"embeddable":true,"href":"https:\/\/apuntesdesanluis.com\/index.php\/wp-json\/wp\/v2\/users\/1"}],"replies":[{"embeddable":true,"href":"https:\/\/apuntesdesanluis.com\/index.php\/wp-json\/wp\/v2\/comments?post=16465"}],"version-history":[{"count":1,"href":"https:\/\/apuntesdesanluis.com\/index.php\/wp-json\/wp\/v2\/posts\/16465\/revisions"}],"predecessor-version":[{"id":16468,"href":"https:\/\/apuntesdesanluis.com\/index.php\/wp-json\/wp\/v2\/posts\/16465\/revisions\/16468"}],"wp:featuredmedia":[{"embeddable":true,"href":"https:\/\/apuntesdesanluis.com\/index.php\/wp-json\/wp\/v2\/media\/16466"}],"wp:attachment":[{"href":"https:\/\/apuntesdesanluis.com\/index.php\/wp-json\/wp\/v2\/media?parent=16465"}],"wp:term":[{"taxonomy":"category","embeddable":true,"href":"https:\/\/apuntesdesanluis.com\/index.php\/wp-json\/wp\/v2\/categories?post=16465"},{"taxonomy":"post_tag","embeddable":true,"href":"https:\/\/apuntesdesanluis.com\/index.php\/wp-json\/wp\/v2\/tags?post=16465"}],"curies":[{"name":"wp","href":"https:\/\/api.w.org\/{rel}","templated":true}]}}