{"id":16469,"date":"2024-05-20T20:51:10","date_gmt":"2024-05-20T23:51:10","guid":{"rendered":"https:\/\/apuntesdesanluis.com\/?p=16469"},"modified":"2024-05-20T20:51:10","modified_gmt":"2024-05-20T23:51:10","slug":"se-podran-conocer-previamente-los-mas-de-400-vehiculos-que-subastara-la-provincia","status":"publish","type":"post","link":"https:\/\/apuntesdesanluis.com\/index.php\/2024\/05\/20\/se-podran-conocer-previamente-los-mas-de-400-vehiculos-que-subastara-la-provincia\/","title":{"rendered":"SE PODR\u00c1N CONOCER PREVIAMENTE LOS M\u00c1S DE 400 VEH\u00cdCULOS QUE SUBASTAR\u00c1 LA PROVINCIA"},"content":{"rendered":"<h3>Al asumir la nueva gesti\u00f3n, el gobierno constat\u00f3 que el parque automotor de la Provincia presentaba un inquietante estado de deterioro. Veh\u00edculos rotos o fuera de uso y abandonados a la intemperie. Ante esta situaci\u00f3n, la decisi\u00f3n fue realizar un remate p\u00fablico que ya tiene fecha: ser\u00e1 los d\u00edas s<strong>\u00e1bado 8 y domingo 9 de junio de 10.00 a 17:00<\/strong> <strong>en la Planta Verificadora de Veh\u00edculos<\/strong> de la ciudad de San Luis.<\/h3>\n<h3>Previo al evento, para que los interesados puedan conocer los veh\u00edculos y planificar sus ofertas, se habilitar\u00e1 un per\u00edodo de visitas al predio que comenzar\u00e1 el lunes 27 de mayo y se extender\u00e1 hasta el viernes 7 de junio en el horario de 9:00 a 14:00.<\/h3>\n<h3>Los veh\u00edculos a subastar en este primer remate son m\u00e1s de 400 e incluyen motos, colectivos, minibuses, utilitarios, camionetas, autom\u00f3viles y furgones y se ofrecer\u00e1n en lotes individuales y tambi\u00e9n de 3 o 4 unidades. Los modelos van del 2005 al 2017 de las automotrices Chevrolet, Fiat, Ford y Toyota, entre otros.<\/h3>\n<h3>Quienes deseen participar deber\u00e1n presentarse con su DNI en el predio las fechas previstas para la subasta p\u00fablica.<\/h3>\n<p>&nbsp;<\/p>\n<p>&nbsp;<\/p>\n<p>&nbsp;<\/p>\n<p>&nbsp;<\/p>\n<p>&nbsp;<\/p>\n","protected":false},"excerpt":{"rendered":"<p>Al asumir la nueva gesti\u00f3n, el gobierno constat\u00f3 que el parque automotor de la Provincia&#8230;<\/p>\n","protected":false},"author":1,"featured_media":16470,"comment_status":"closed","ping_status":"closed","sticky":false,"template":"","format":"standard","meta":{"footnotes":""},"categories":[6],"tags":[],"class_list":["post-16469","post","type-post","status-publish","format-standard","has-post-thumbnail","hentry","category-ciudad-provincia"],"yoast_head":"<!-- This site is optimized with the Yoast SEO plugin v26.1.1 - https:\/\/yoast.com\/wordpress\/plugins\/seo\/ -->\n<title>SE PODR\u00c1N CONOCER PREVIAMENTE LOS M\u00c1S DE 400 VEH\u00cdCULOS QUE SUBASTAR\u00c1 LA PROVINCIA - Apuntes de San Luis<\/title>\n<meta name=\"robots\" content=\"index, follow, max-snippet:-1, max-image-preview:large, max-video-preview:-1\" \/>\n<link rel=\"canonical\" href=\"https:\/\/apuntesdesanluis.com\/index.php\/2024\/05\/20\/se-podran-conocer-previamente-los-mas-de-400-vehiculos-que-subastara-la-provincia\/\" \/>\n<meta property=\"og:locale\" content=\"es_ES\" \/>\n<meta property=\"og:type\" content=\"article\" \/>\n<meta property=\"og:title\" content=\"SE PODR\u00c1N CONOCER PREVIAMENTE LOS M\u00c1S DE 400 VEH\u00cdCULOS QUE SUBASTAR\u00c1 LA PROVINCIA - Apuntes de San Luis\" \/>\n<meta property=\"og:description\" content=\"Al asumir la nueva gesti\u00f3n, el gobierno constat\u00f3 que el parque automotor de la Provincia...\" \/>\n<meta property=\"og:url\" content=\"https:\/\/apuntesdesanluis.com\/index.php\/2024\/05\/20\/se-podran-conocer-previamente-los-mas-de-400-vehiculos-que-subastara-la-provincia\/\" \/>\n<meta property=\"og:site_name\" content=\"Apuntes de San Luis\" \/>\n<meta property=\"article:published_time\" content=\"2024-05-20T23:51:10+00:00\" \/>\n<meta property=\"og:image\" content=\"https:\/\/apuntesdesanluis.com\/wp-content\/uploads\/2024\/05\/vehiculos.png\" \/>\n\t<meta property=\"og:image:width\" content=\"600\" \/>\n\t<meta property=\"og:image:height\" content=\"364\" \/>\n\t<meta property=\"og:image:type\" content=\"image\/png\" \/>\n<meta name=\"author\" content=\"apuntesdesanluis.com\" \/>\n<meta name=\"twitter:card\" content=\"summary_large_image\" \/>\n<meta name=\"twitter:label1\" content=\"Escrito por\" \/>\n\t<meta name=\"twitter:data1\" content=\"apuntesdesanluis.com\" \/>\n\t<meta name=\"twitter:label2\" content=\"Tiempo de lectura\" \/>\n\t<meta name=\"twitter:data2\" content=\"2 minutos\" \/>\n<script type=\"application\/ld+json\" class=\"yoast-schema-graph\">{\"@context\":\"https:\/\/schema.org\",\"@graph\":[{\"@type\":\"Article\",\"@id\":\"https:\/\/apuntesdesanluis.com\/index.php\/2024\/05\/20\/se-podran-conocer-previamente-los-mas-de-400-vehiculos-que-subastara-la-provincia\/#article\",\"isPartOf\":{\"@id\":\"https:\/\/apuntesdesanluis.com\/index.php\/2024\/05\/20\/se-podran-conocer-previamente-los-mas-de-400-vehiculos-que-subastara-la-provincia\/\"},\"author\":{\"name\":\"apuntesdesanluis.com\",\"@id\":\"https:\/\/apuntesdesanluis.com\/#\/schema\/person\/b55151d52296fcce64d1a72538a70b90\"},\"headline\":\"SE PODR\u00c1N CONOCER PREVIAMENTE LOS M\u00c1S DE 400 VEH\u00cdCULOS QUE SUBASTAR\u00c1 LA PROVINCIA\",\"datePublished\":\"2024-05-20T23:51:10+00:00\",\"mainEntityOfPage\":{\"@id\":\"https:\/\/apuntesdesanluis.com\/index.php\/2024\/05\/20\/se-podran-conocer-previamente-los-mas-de-400-vehiculos-que-subastara-la-provincia\/\"},\"wordCount\":212,\"publisher\":{\"@id\":\"https:\/\/apuntesdesanluis.com\/#\/schema\/person\/b55151d52296fcce64d1a72538a70b90\"},\"image\":{\"@id\":\"https:\/\/apuntesdesanluis.com\/index.php\/2024\/05\/20\/se-podran-conocer-previamente-los-mas-de-400-vehiculos-que-subastara-la-provincia\/#primaryimage\"},\"thumbnailUrl\":\"https:\/\/apuntesdesanluis.com\/wp-content\/uploads\/2024\/05\/vehiculos.png\",\"articleSection\":[\"Ciudad\/Provincia\"],\"inLanguage\":\"es-AR\"},{\"@type\":\"WebPage\",\"@id\":\"https:\/\/apuntesdesanluis.com\/index.php\/2024\/05\/20\/se-podran-conocer-previamente-los-mas-de-400-vehiculos-que-subastara-la-provincia\/\",\"url\":\"https:\/\/apuntesdesanluis.com\/index.php\/2024\/05\/20\/se-podran-conocer-previamente-los-mas-de-400-vehiculos-que-subastara-la-provincia\/\",\"name\":\"SE PODR\u00c1N CONOCER PREVIAMENTE LOS M\u00c1S DE 400 VEH\u00cdCULOS QUE SUBASTAR\u00c1 LA PROVINCIA - Apuntes de San Luis\",\"isPartOf\":{\"@id\":\"https:\/\/apuntesdesanluis.com\/#website\"},\"primaryImageOfPage\":{\"@id\":\"https:\/\/apuntesdesanluis.com\/index.php\/2024\/05\/20\/se-podran-conocer-previamente-los-mas-de-400-vehiculos-que-subastara-la-provincia\/#primaryimage\"},\"image\":{\"@id\":\"https:\/\/apuntesdesanluis.com\/index.php\/2024\/05\/20\/se-podran-conocer-previamente-los-mas-de-400-vehiculos-que-subastara-la-provincia\/#primaryimage\"},\"thumbnailUrl\":\"https:\/\/apuntesdesanluis.com\/wp-content\/uploads\/2024\/05\/vehiculos.png\",\"datePublished\":\"2024-05-20T23:51:10+00:00\",\"breadcrumb\":{\"@id\":\"https:\/\/apuntesdesanluis.com\/index.php\/2024\/05\/20\/se-podran-conocer-previamente-los-mas-de-400-vehiculos-que-subastara-la-provincia\/#breadcrumb\"},\"inLanguage\":\"es-AR\",\"potentialAction\":[{\"@type\":\"ReadAction\",\"target\":[\"https:\/\/apuntesdesanluis.com\/index.php\/2024\/05\/20\/se-podran-conocer-previamente-los-mas-de-400-vehiculos-que-subastara-la-provincia\/\"]}]},{\"@type\":\"ImageObject\",\"inLanguage\":\"es-AR\",\"@id\":\"https:\/\/apuntesdesanluis.com\/index.php\/2024\/05\/20\/se-podran-conocer-previamente-los-mas-de-400-vehiculos-que-subastara-la-provincia\/#primaryimage\",\"url\":\"https:\/\/apuntesdesanluis.com\/wp-content\/uploads\/2024\/05\/vehiculos.png\",\"contentUrl\":\"https:\/\/apuntesdesanluis.com\/wp-content\/uploads\/2024\/05\/vehiculos.png\",\"width\":600,\"height\":364},{\"@type\":\"BreadcrumbList\",\"@id\":\"https:\/\/apuntesdesanluis.com\/index.php\/2024\/05\/20\/se-podran-conocer-previamente-los-mas-de-400-vehiculos-que-subastara-la-provincia\/#breadcrumb\",\"itemListElement\":[{\"@type\":\"ListItem\",\"position\":1,\"name\":\"Inicio\",\"item\":\"https:\/\/apuntesdesanluis.com\/\"},{\"@type\":\"ListItem\",\"position\":2,\"name\":\"SE PODR\u00c1N CONOCER PREVIAMENTE LOS M\u00c1S DE 400 VEH\u00cdCULOS QUE SUBASTAR\u00c1 LA PROVINCIA\"}]},{\"@type\":\"WebSite\",\"@id\":\"https:\/\/apuntesdesanluis.com\/#website\",\"url\":\"https:\/\/apuntesdesanluis.com\/\",\"name\":\"Apuntes de San Luis\",\"description\":\"\",\"publisher\":{\"@id\":\"https:\/\/apuntesdesanluis.com\/#\/schema\/person\/b55151d52296fcce64d1a72538a70b90\"},\"potentialAction\":[{\"@type\":\"SearchAction\",\"target\":{\"@type\":\"EntryPoint\",\"urlTemplate\":\"https:\/\/apuntesdesanluis.com\/?s={search_term_string}\"},\"query-input\":{\"@type\":\"PropertyValueSpecification\",\"valueRequired\":true,\"valueName\":\"search_term_string\"}}],\"inLanguage\":\"es-AR\"},{\"@type\":[\"Person\",\"Organization\"],\"@id\":\"https:\/\/apuntesdesanluis.com\/#\/schema\/person\/b55151d52296fcce64d1a72538a70b90\",\"name\":\"apuntesdesanluis.com\",\"image\":{\"@type\":\"ImageObject\",\"inLanguage\":\"es-AR\",\"@id\":\"https:\/\/apuntesdesanluis.com\/#\/schema\/person\/image\/\",\"url\":\"https:\/\/apuntesdesanluis.com\/wp-content\/uploads\/2023\/07\/cropped-apuntesdesanluis.png\",\"contentUrl\":\"https:\/\/apuntesdesanluis.com\/wp-content\/uploads\/2023\/07\/cropped-apuntesdesanluis.png\",\"width\":450,\"height\":112,\"caption\":\"apuntesdesanluis.com\"},\"logo\":{\"@id\":\"https:\/\/apuntesdesanluis.com\/#\/schema\/person\/image\/\"},\"sameAs\":[\"https:\/\/apuntesdesanluis.com\"],\"url\":\"https:\/\/apuntesdesanluis.com\/index.php\/author\/apuntesdesanluis-com\/\"}]}<\/script>\n<!-- \/ Yoast SEO plugin. -->","yoast_head_json":{"title":"SE PODR\u00c1N CONOCER PREVIAMENTE LOS M\u00c1S DE 400 VEH\u00cdCULOS QUE SUBASTAR\u00c1 LA PROVINCIA - Apuntes de San Luis","robots":{"index":"index","follow":"follow","max-snippet":"max-snippet:-1","max-image-preview":"max-image-preview:large","max-video-preview":"max-video-preview:-1"},"canonical":"https:\/\/apuntesdesanluis.com\/index.php\/2024\/05\/20\/se-podran-conocer-previamente-los-mas-de-400-vehiculos-que-subastara-la-provincia\/","og_locale":"es_ES","og_type":"article","og_title":"SE PODR\u00c1N CONOCER PREVIAMENTE LOS M\u00c1S DE 400 VEH\u00cdCULOS QUE SUBASTAR\u00c1 LA PROVINCIA - Apuntes de San Luis","og_description":"Al asumir la nueva gesti\u00f3n, el gobierno constat\u00f3 que el parque automotor de la Provincia...","og_url":"https:\/\/apuntesdesanluis.com\/index.php\/2024\/05\/20\/se-podran-conocer-previamente-los-mas-de-400-vehiculos-que-subastara-la-provincia\/","og_site_name":"Apuntes de San Luis","article_published_time":"2024-05-20T23:51:10+00:00","og_image":[{"width":600,"height":364,"url":"https:\/\/apuntesdesanluis.com\/wp-content\/uploads\/2024\/05\/vehiculos.png","type":"image\/png"}],"author":"apuntesdesanluis.com","twitter_card":"summary_large_image","twitter_misc":{"Escrito por":"apuntesdesanluis.com","Tiempo de lectura":"2 minutos"},"schema":{"@context":"https:\/\/schema.org","@graph":[{"@type":"Article","@id":"https:\/\/apuntesdesanluis.com\/index.php\/2024\/05\/20\/se-podran-conocer-previamente-los-mas-de-400-vehiculos-que-subastara-la-provincia\/#article","isPartOf":{"@id":"https:\/\/apuntesdesanluis.com\/index.php\/2024\/05\/20\/se-podran-conocer-previamente-los-mas-de-400-vehiculos-que-subastara-la-provincia\/"},"author":{"name":"apuntesdesanluis.com","@id":"https:\/\/apuntesdesanluis.com\/#\/schema\/person\/b55151d52296fcce64d1a72538a70b90"},"headline":"SE PODR\u00c1N CONOCER PREVIAMENTE LOS M\u00c1S DE 400 VEH\u00cdCULOS QUE SUBASTAR\u00c1 LA PROVINCIA","datePublished":"2024-05-20T23:51:10+00:00","mainEntityOfPage":{"@id":"https:\/\/apuntesdesanluis.com\/index.php\/2024\/05\/20\/se-podran-conocer-previamente-los-mas-de-400-vehiculos-que-subastara-la-provincia\/"},"wordCount":212,"publisher":{"@id":"https:\/\/apuntesdesanluis.com\/#\/schema\/person\/b55151d52296fcce64d1a72538a70b90"},"image":{"@id":"https:\/\/apuntesdesanluis.com\/index.php\/2024\/05\/20\/se-podran-conocer-previamente-los-mas-de-400-vehiculos-que-subastara-la-provincia\/#primaryimage"},"thumbnailUrl":"https:\/\/apuntesdesanluis.com\/wp-content\/uploads\/2024\/05\/vehiculos.png","articleSection":["Ciudad\/Provincia"],"inLanguage":"es-AR"},{"@type":"WebPage","@id":"https:\/\/apuntesdesanluis.com\/index.php\/2024\/05\/20\/se-podran-conocer-previamente-los-mas-de-400-vehiculos-que-subastara-la-provincia\/","url":"https:\/\/apuntesdesanluis.com\/index.php\/2024\/05\/20\/se-podran-conocer-previamente-los-mas-de-400-vehiculos-que-subastara-la-provincia\/","name":"SE PODR\u00c1N CONOCER PREVIAMENTE LOS M\u00c1S DE 400 VEH\u00cdCULOS QUE SUBASTAR\u00c1 LA PROVINCIA - Apuntes de San Luis","isPartOf":{"@id":"https:\/\/apuntesdesanluis.com\/#website"},"primaryImageOfPage":{"@id":"https:\/\/apuntesdesanluis.com\/index.php\/2024\/05\/20\/se-podran-conocer-previamente-los-mas-de-400-vehiculos-que-subastara-la-provincia\/#primaryimage"},"image":{"@id":"https:\/\/apuntesdesanluis.com\/index.php\/2024\/05\/20\/se-podran-conocer-previamente-los-mas-de-400-vehiculos-que-subastara-la-provincia\/#primaryimage"},"thumbnailUrl":"https:\/\/apuntesdesanluis.com\/wp-content\/uploads\/2024\/05\/vehiculos.png","datePublished":"2024-05-20T23:51:10+00:00","breadcrumb":{"@id":"https:\/\/apuntesdesanluis.com\/index.php\/2024\/05\/20\/se-podran-conocer-previamente-los-mas-de-400-vehiculos-que-subastara-la-provincia\/#breadcrumb"},"inLanguage":"es-AR","potentialAction":[{"@type":"ReadAction","target":["https:\/\/apuntesdesanluis.com\/index.php\/2024\/05\/20\/se-podran-conocer-previamente-los-mas-de-400-vehiculos-que-subastara-la-provincia\/"]}]},{"@type":"ImageObject","inLanguage":"es-AR","@id":"https:\/\/apuntesdesanluis.com\/index.php\/2024\/05\/20\/se-podran-conocer-previamente-los-mas-de-400-vehiculos-que-subastara-la-provincia\/#primaryimage","url":"https:\/\/apuntesdesanluis.com\/wp-content\/uploads\/2024\/05\/vehiculos.png","contentUrl":"https:\/\/apuntesdesanluis.com\/wp-content\/uploads\/2024\/05\/vehiculos.png","width":600,"height":364},{"@type":"BreadcrumbList","@id":"https:\/\/apuntesdesanluis.com\/index.php\/2024\/05\/20\/se-podran-conocer-previamente-los-mas-de-400-vehiculos-que-subastara-la-provincia\/#breadcrumb","itemListElement":[{"@type":"ListItem","position":1,"name":"Inicio","item":"https:\/\/apuntesdesanluis.com\/"},{"@type":"ListItem","position":2,"name":"SE PODR\u00c1N CONOCER PREVIAMENTE LOS M\u00c1S DE 400 VEH\u00cdCULOS QUE SUBASTAR\u00c1 LA PROVINCIA"}]},{"@type":"WebSite","@id":"https:\/\/apuntesdesanluis.com\/#website","url":"https:\/\/apuntesdesanluis.com\/","name":"Apuntes de San Luis","description":"","publisher":{"@id":"https:\/\/apuntesdesanluis.com\/#\/schema\/person\/b55151d52296fcce64d1a72538a70b90"},"potentialAction":[{"@type":"SearchAction","target":{"@type":"EntryPoint","urlTemplate":"https:\/\/apuntesdesanluis.com\/?s={search_term_string}"},"query-input":{"@type":"PropertyValueSpecification","valueRequired":true,"valueName":"search_term_string"}}],"inLanguage":"es-AR"},{"@type":["Person","Organization"],"@id":"https:\/\/apuntesdesanluis.com\/#\/schema\/person\/b55151d52296fcce64d1a72538a70b90","name":"apuntesdesanluis.com","image":{"@type":"ImageObject","inLanguage":"es-AR","@id":"https:\/\/apuntesdesanluis.com\/#\/schema\/person\/image\/","url":"https:\/\/apuntesdesanluis.com\/wp-content\/uploads\/2023\/07\/cropped-apuntesdesanluis.png","contentUrl":"https:\/\/apuntesdesanluis.com\/wp-content\/uploads\/2023\/07\/cropped-apuntesdesanluis.png","width":450,"height":112,"caption":"apuntesdesanluis.com"},"logo":{"@id":"https:\/\/apuntesdesanluis.com\/#\/schema\/person\/image\/"},"sameAs":["https:\/\/apuntesdesanluis.com"],"url":"https:\/\/apuntesdesanluis.com\/index.php\/author\/apuntesdesanluis-com\/"}]}},"featured_image_urls":{"full":["https:\/\/apuntesdesanluis.com\/wp-content\/uploads\/2024\/05\/vehiculos.png",600,364,false],"thumbnail":["https:\/\/apuntesdesanluis.com\/wp-content\/uploads\/2024\/05\/vehiculos-150x150.png",150,150,true],"medium":["https:\/\/apuntesdesanluis.com\/wp-content\/uploads\/2024\/05\/vehiculos-300x182.png",300,182,true],"medium_large":["https:\/\/apuntesdesanluis.com\/wp-content\/uploads\/2024\/05\/vehiculos.png",600,364,false],"large":["https:\/\/apuntesdesanluis.com\/wp-content\/uploads\/2024\/05\/vehiculos.png",600,364,false],"1536x1536":["https:\/\/apuntesdesanluis.com\/wp-content\/uploads\/2024\/05\/vehiculos.png",600,364,false],"2048x2048":["https:\/\/apuntesdesanluis.com\/wp-content\/uploads\/2024\/05\/vehiculos.png",600,364,false],"newsever-slider-full":["https:\/\/apuntesdesanluis.com\/wp-content\/uploads\/2024\/05\/vehiculos.png",600,364,false],"newsever-featured":["https:\/\/apuntesdesanluis.com\/wp-content\/uploads\/2024\/05\/vehiculos.png",600,364,false],"newsever-medium":["https:\/\/apuntesdesanluis.com\/wp-content\/uploads\/2024\/05\/vehiculos.png",600,364,false]},"author_info":{"display_name":"apuntesdesanluis.com","author_link":"https:\/\/apuntesdesanluis.com\/index.php\/author\/apuntesdesanluis-com\/"},"category_info":"<a href=\"https:\/\/apuntesdesanluis.com\/index.php\/category\/ciudad-provincia\/\" rel=\"category tag\">Ciudad\/Provincia<\/a>","tag_info":"Ciudad\/Provincia","comment_count":"0","_links":{"self":[{"href":"https:\/\/apuntesdesanluis.com\/index.php\/wp-json\/wp\/v2\/posts\/16469","targetHints":{"allow":["GET"]}}],"collection":[{"href":"https:\/\/apuntesdesanluis.com\/index.php\/wp-json\/wp\/v2\/posts"}],"about":[{"href":"https:\/\/apuntesdesanluis.com\/index.php\/wp-json\/wp\/v2\/types\/post"}],"author":[{"embeddable":true,"href":"https:\/\/apuntesdesanluis.com\/index.php\/wp-json\/wp\/v2\/users\/1"}],"replies":[{"embeddable":true,"href":"https:\/\/apuntesdesanluis.com\/index.php\/wp-json\/wp\/v2\/comments?post=16469"}],"version-history":[{"count":1,"href":"https:\/\/apuntesdesanluis.com\/index.php\/wp-json\/wp\/v2\/posts\/16469\/revisions"}],"predecessor-version":[{"id":16471,"href":"https:\/\/apuntesdesanluis.com\/index.php\/wp-json\/wp\/v2\/posts\/16469\/revisions\/16471"}],"wp:featuredmedia":[{"embeddable":true,"href":"https:\/\/apuntesdesanluis.com\/index.php\/wp-json\/wp\/v2\/media\/16470"}],"wp:attachment":[{"href":"https:\/\/apuntesdesanluis.com\/index.php\/wp-json\/wp\/v2\/media?parent=16469"}],"wp:term":[{"taxonomy":"category","embeddable":true,"href":"https:\/\/apuntesdesanluis.com\/index.php\/wp-json\/wp\/v2\/categories?post=16469"},{"taxonomy":"post_tag","embeddable":true,"href":"https:\/\/apuntesdesanluis.com\/index.php\/wp-json\/wp\/v2\/tags?post=16469"}],"curies":[{"name":"wp","href":"https:\/\/api.w.org\/{rel}","templated":true}]}}