{"id":16472,"date":"2024-05-20T20:56:52","date_gmt":"2024-05-20T23:56:52","guid":{"rendered":"https:\/\/apuntesdesanluis.com\/?p=16472"},"modified":"2024-05-20T21:01:33","modified_gmt":"2024-05-21T00:01:33","slug":"magistrados-de-todo-el-pais-apoyan-el-pedido-de-recomposicion-salarial-en-san-luis","status":"publish","type":"post","link":"https:\/\/apuntesdesanluis.com\/index.php\/2024\/05\/20\/magistrados-de-todo-el-pais-apoyan-el-pedido-de-recomposicion-salarial-en-san-luis\/","title":{"rendered":"MAGISTRADOS DE TODO EL PA\u00cdS APOYAN EL PEDIDO DE RECOMPOSICI\u00d3N SALARIAL EN SAN LUIS"},"content":{"rendered":"<h3>La Federaci\u00f3n Argentina de la Magistratura y la Funci\u00f3n Judicial (FAM) expres\u00f3 su acompa\u00f1amiento al pedido de recomposici\u00f3n salarial que lleva adelante el Colegio de Magistrados y Funcionarios de San Luis.<\/h3>\n<h3>\u201cAcompa\u00f1amos especialmente al Colegio de Magistrados y Funcionarios de San Luis, en los reclamos y acciones que vienen desarrollando en miras a una respuesta estructural a la pauta de actualizaci\u00f3n y escala salarial, que permita garantizar la calidad del servicio de justicia\u201d, expres\u00f3 la FAM en su declaraci\u00f3n.<\/h3>\n<h3>\u201cAcompa\u00f1amos especialmente al Colegio de Magistrados y Funcionarios de San Luis, en los reclamos y acciones que vienen desarrollando en miras a una respuesta estructural a la pauta de actualizaci\u00f3n y escala salarial, que permita garantizar la calidad del servicio de justicia\u201d, expresa en uno de sus p\u00e1rrafos.<\/h3>\n<h3>El documento que fue firmado por su Presidenta, Marcela Ruiz y el Secretario General, Christian J. Fabio, fue emitido este 16 de mayo. Esta declaraci\u00f3n fue el resultado de un extenso y profundo debate con la asistencia de los representantes de las provincias de Buenos Aires, Catamarca, Chaco, Chubut, C\u00f3rdoba, Corrientes, Formosa, Entre R\u00edos, Jujuy, La Pampa, Mendoza, Misiones, Neuqu\u00e9n, R\u00edo Negro, Salta, San Juan, Santa Fe, Santiago del Estero, Tierra del Fuego, Tucum\u00e1n y la Ciudad Aut\u00f3noma de Buenos .<\/h3>\n<h3><strong>\u00a0<\/strong><\/h3>\n<h3><span style=\"color: #3366ff;\"><strong>VER:\u00a0 <a href=\"https:\/\/apuntesdesanluis.com\/wp-content\/uploads\/2024\/05\/FAM-Declaracion-Santa-Fe-16-de-mayo-del-24.pdf\" target=\"_blank\" rel=\"noopener\">FAM-Declaracio\u0301n-Santa-Fe-16-de-mayo-del-24<\/a><\/strong><\/span><\/h3>\n<p>&nbsp;<\/p>\n<p>&nbsp;<\/p>\n<p>&nbsp;<\/p>\n<p>&nbsp;<\/p>\n","protected":false},"excerpt":{"rendered":"<p>La Federaci\u00f3n Argentina de la Magistratura y la Funci\u00f3n Judicial (FAM) expres\u00f3 su acompa\u00f1amiento al&#8230;<\/p>\n","protected":false},"author":1,"featured_media":16476,"comment_status":"closed","ping_status":"closed","sticky":false,"template":"","format":"standard","meta":{"footnotes":""},"categories":[6],"tags":[],"class_list":["post-16472","post","type-post","status-publish","format-standard","has-post-thumbnail","hentry","category-ciudad-provincia"],"yoast_head":"<!-- This site is optimized with the Yoast SEO plugin v26.1.1 - https:\/\/yoast.com\/wordpress\/plugins\/seo\/ -->\n<title>MAGISTRADOS DE TODO EL PA\u00cdS APOYAN EL PEDIDO DE RECOMPOSICI\u00d3N SALARIAL EN SAN LUIS - Apuntes de San Luis<\/title>\n<meta name=\"robots\" content=\"index, follow, max-snippet:-1, max-image-preview:large, max-video-preview:-1\" \/>\n<link rel=\"canonical\" href=\"https:\/\/apuntesdesanluis.com\/index.php\/2024\/05\/20\/magistrados-de-todo-el-pais-apoyan-el-pedido-de-recomposicion-salarial-en-san-luis\/\" \/>\n<meta property=\"og:locale\" content=\"es_ES\" \/>\n<meta property=\"og:type\" content=\"article\" \/>\n<meta property=\"og:title\" content=\"MAGISTRADOS DE TODO EL PA\u00cdS APOYAN EL PEDIDO DE RECOMPOSICI\u00d3N SALARIAL EN SAN LUIS - Apuntes de San Luis\" \/>\n<meta property=\"og:description\" content=\"La Federaci\u00f3n Argentina de la Magistratura y la Funci\u00f3n Judicial (FAM) expres\u00f3 su acompa\u00f1amiento al...\" \/>\n<meta property=\"og:url\" content=\"https:\/\/apuntesdesanluis.com\/index.php\/2024\/05\/20\/magistrados-de-todo-el-pais-apoyan-el-pedido-de-recomposicion-salarial-en-san-luis\/\" \/>\n<meta property=\"og:site_name\" content=\"Apuntes de San Luis\" \/>\n<meta property=\"article:published_time\" content=\"2024-05-20T23:56:52+00:00\" \/>\n<meta property=\"article:modified_time\" content=\"2024-05-21T00:01:33+00:00\" \/>\n<meta property=\"og:image\" content=\"https:\/\/apuntesdesanluis.com\/wp-content\/uploads\/2024\/05\/fam.png\" \/>\n\t<meta property=\"og:image:width\" content=\"700\" \/>\n\t<meta property=\"og:image:height\" content=\"461\" \/>\n\t<meta property=\"og:image:type\" content=\"image\/png\" \/>\n<meta name=\"author\" content=\"apuntesdesanluis.com\" \/>\n<meta name=\"twitter:card\" content=\"summary_large_image\" \/>\n<meta name=\"twitter:label1\" content=\"Escrito por\" \/>\n\t<meta name=\"twitter:data1\" content=\"apuntesdesanluis.com\" \/>\n\t<meta name=\"twitter:label2\" content=\"Tiempo de lectura\" \/>\n\t<meta name=\"twitter:data2\" content=\"2 minutos\" \/>\n<script type=\"application\/ld+json\" class=\"yoast-schema-graph\">{\"@context\":\"https:\/\/schema.org\",\"@graph\":[{\"@type\":\"Article\",\"@id\":\"https:\/\/apuntesdesanluis.com\/index.php\/2024\/05\/20\/magistrados-de-todo-el-pais-apoyan-el-pedido-de-recomposicion-salarial-en-san-luis\/#article\",\"isPartOf\":{\"@id\":\"https:\/\/apuntesdesanluis.com\/index.php\/2024\/05\/20\/magistrados-de-todo-el-pais-apoyan-el-pedido-de-recomposicion-salarial-en-san-luis\/\"},\"author\":{\"name\":\"apuntesdesanluis.com\",\"@id\":\"https:\/\/apuntesdesanluis.com\/#\/schema\/person\/b55151d52296fcce64d1a72538a70b90\"},\"headline\":\"MAGISTRADOS DE TODO EL PA\u00cdS APOYAN EL PEDIDO DE RECOMPOSICI\u00d3N SALARIAL EN SAN LUIS\",\"datePublished\":\"2024-05-20T23:56:52+00:00\",\"dateModified\":\"2024-05-21T00:01:33+00:00\",\"mainEntityOfPage\":{\"@id\":\"https:\/\/apuntesdesanluis.com\/index.php\/2024\/05\/20\/magistrados-de-todo-el-pais-apoyan-el-pedido-de-recomposicion-salarial-en-san-luis\/\"},\"wordCount\":247,\"publisher\":{\"@id\":\"https:\/\/apuntesdesanluis.com\/#\/schema\/person\/b55151d52296fcce64d1a72538a70b90\"},\"image\":{\"@id\":\"https:\/\/apuntesdesanluis.com\/index.php\/2024\/05\/20\/magistrados-de-todo-el-pais-apoyan-el-pedido-de-recomposicion-salarial-en-san-luis\/#primaryimage\"},\"thumbnailUrl\":\"https:\/\/apuntesdesanluis.com\/wp-content\/uploads\/2024\/05\/fam.png\",\"articleSection\":[\"Ciudad\/Provincia\"],\"inLanguage\":\"es-AR\"},{\"@type\":\"WebPage\",\"@id\":\"https:\/\/apuntesdesanluis.com\/index.php\/2024\/05\/20\/magistrados-de-todo-el-pais-apoyan-el-pedido-de-recomposicion-salarial-en-san-luis\/\",\"url\":\"https:\/\/apuntesdesanluis.com\/index.php\/2024\/05\/20\/magistrados-de-todo-el-pais-apoyan-el-pedido-de-recomposicion-salarial-en-san-luis\/\",\"name\":\"MAGISTRADOS DE TODO EL PA\u00cdS APOYAN EL PEDIDO DE RECOMPOSICI\u00d3N SALARIAL EN SAN LUIS - Apuntes de San Luis\",\"isPartOf\":{\"@id\":\"https:\/\/apuntesdesanluis.com\/#website\"},\"primaryImageOfPage\":{\"@id\":\"https:\/\/apuntesdesanluis.com\/index.php\/2024\/05\/20\/magistrados-de-todo-el-pais-apoyan-el-pedido-de-recomposicion-salarial-en-san-luis\/#primaryimage\"},\"image\":{\"@id\":\"https:\/\/apuntesdesanluis.com\/index.php\/2024\/05\/20\/magistrados-de-todo-el-pais-apoyan-el-pedido-de-recomposicion-salarial-en-san-luis\/#primaryimage\"},\"thumbnailUrl\":\"https:\/\/apuntesdesanluis.com\/wp-content\/uploads\/2024\/05\/fam.png\",\"datePublished\":\"2024-05-20T23:56:52+00:00\",\"dateModified\":\"2024-05-21T00:01:33+00:00\",\"breadcrumb\":{\"@id\":\"https:\/\/apuntesdesanluis.com\/index.php\/2024\/05\/20\/magistrados-de-todo-el-pais-apoyan-el-pedido-de-recomposicion-salarial-en-san-luis\/#breadcrumb\"},\"inLanguage\":\"es-AR\",\"potentialAction\":[{\"@type\":\"ReadAction\",\"target\":[\"https:\/\/apuntesdesanluis.com\/index.php\/2024\/05\/20\/magistrados-de-todo-el-pais-apoyan-el-pedido-de-recomposicion-salarial-en-san-luis\/\"]}]},{\"@type\":\"ImageObject\",\"inLanguage\":\"es-AR\",\"@id\":\"https:\/\/apuntesdesanluis.com\/index.php\/2024\/05\/20\/magistrados-de-todo-el-pais-apoyan-el-pedido-de-recomposicion-salarial-en-san-luis\/#primaryimage\",\"url\":\"https:\/\/apuntesdesanluis.com\/wp-content\/uploads\/2024\/05\/fam.png\",\"contentUrl\":\"https:\/\/apuntesdesanluis.com\/wp-content\/uploads\/2024\/05\/fam.png\",\"width\":700,\"height\":461},{\"@type\":\"BreadcrumbList\",\"@id\":\"https:\/\/apuntesdesanluis.com\/index.php\/2024\/05\/20\/magistrados-de-todo-el-pais-apoyan-el-pedido-de-recomposicion-salarial-en-san-luis\/#breadcrumb\",\"itemListElement\":[{\"@type\":\"ListItem\",\"position\":1,\"name\":\"Inicio\",\"item\":\"https:\/\/apuntesdesanluis.com\/\"},{\"@type\":\"ListItem\",\"position\":2,\"name\":\"MAGISTRADOS DE TODO EL PA\u00cdS APOYAN EL PEDIDO DE RECOMPOSICI\u00d3N SALARIAL EN SAN LUIS\"}]},{\"@type\":\"WebSite\",\"@id\":\"https:\/\/apuntesdesanluis.com\/#website\",\"url\":\"https:\/\/apuntesdesanluis.com\/\",\"name\":\"Apuntes de San Luis\",\"description\":\"\",\"publisher\":{\"@id\":\"https:\/\/apuntesdesanluis.com\/#\/schema\/person\/b55151d52296fcce64d1a72538a70b90\"},\"potentialAction\":[{\"@type\":\"SearchAction\",\"target\":{\"@type\":\"EntryPoint\",\"urlTemplate\":\"https:\/\/apuntesdesanluis.com\/?s={search_term_string}\"},\"query-input\":{\"@type\":\"PropertyValueSpecification\",\"valueRequired\":true,\"valueName\":\"search_term_string\"}}],\"inLanguage\":\"es-AR\"},{\"@type\":[\"Person\",\"Organization\"],\"@id\":\"https:\/\/apuntesdesanluis.com\/#\/schema\/person\/b55151d52296fcce64d1a72538a70b90\",\"name\":\"apuntesdesanluis.com\",\"image\":{\"@type\":\"ImageObject\",\"inLanguage\":\"es-AR\",\"@id\":\"https:\/\/apuntesdesanluis.com\/#\/schema\/person\/image\/\",\"url\":\"https:\/\/apuntesdesanluis.com\/wp-content\/uploads\/2023\/07\/cropped-apuntesdesanluis.png\",\"contentUrl\":\"https:\/\/apuntesdesanluis.com\/wp-content\/uploads\/2023\/07\/cropped-apuntesdesanluis.png\",\"width\":450,\"height\":112,\"caption\":\"apuntesdesanluis.com\"},\"logo\":{\"@id\":\"https:\/\/apuntesdesanluis.com\/#\/schema\/person\/image\/\"},\"sameAs\":[\"https:\/\/apuntesdesanluis.com\"],\"url\":\"https:\/\/apuntesdesanluis.com\/index.php\/author\/apuntesdesanluis-com\/\"}]}<\/script>\n<!-- \/ Yoast SEO plugin. -->","yoast_head_json":{"title":"MAGISTRADOS DE TODO EL PA\u00cdS APOYAN EL PEDIDO DE RECOMPOSICI\u00d3N SALARIAL EN SAN LUIS - Apuntes de San Luis","robots":{"index":"index","follow":"follow","max-snippet":"max-snippet:-1","max-image-preview":"max-image-preview:large","max-video-preview":"max-video-preview:-1"},"canonical":"https:\/\/apuntesdesanluis.com\/index.php\/2024\/05\/20\/magistrados-de-todo-el-pais-apoyan-el-pedido-de-recomposicion-salarial-en-san-luis\/","og_locale":"es_ES","og_type":"article","og_title":"MAGISTRADOS DE TODO EL PA\u00cdS APOYAN EL PEDIDO DE RECOMPOSICI\u00d3N SALARIAL EN SAN LUIS - Apuntes de San Luis","og_description":"La Federaci\u00f3n Argentina de la Magistratura y la Funci\u00f3n Judicial (FAM) expres\u00f3 su acompa\u00f1amiento al...","og_url":"https:\/\/apuntesdesanluis.com\/index.php\/2024\/05\/20\/magistrados-de-todo-el-pais-apoyan-el-pedido-de-recomposicion-salarial-en-san-luis\/","og_site_name":"Apuntes de San Luis","article_published_time":"2024-05-20T23:56:52+00:00","article_modified_time":"2024-05-21T00:01:33+00:00","og_image":[{"width":700,"height":461,"url":"https:\/\/apuntesdesanluis.com\/wp-content\/uploads\/2024\/05\/fam.png","type":"image\/png"}],"author":"apuntesdesanluis.com","twitter_card":"summary_large_image","twitter_misc":{"Escrito por":"apuntesdesanluis.com","Tiempo de lectura":"2 minutos"},"schema":{"@context":"https:\/\/schema.org","@graph":[{"@type":"Article","@id":"https:\/\/apuntesdesanluis.com\/index.php\/2024\/05\/20\/magistrados-de-todo-el-pais-apoyan-el-pedido-de-recomposicion-salarial-en-san-luis\/#article","isPartOf":{"@id":"https:\/\/apuntesdesanluis.com\/index.php\/2024\/05\/20\/magistrados-de-todo-el-pais-apoyan-el-pedido-de-recomposicion-salarial-en-san-luis\/"},"author":{"name":"apuntesdesanluis.com","@id":"https:\/\/apuntesdesanluis.com\/#\/schema\/person\/b55151d52296fcce64d1a72538a70b90"},"headline":"MAGISTRADOS DE TODO EL PA\u00cdS APOYAN EL PEDIDO DE RECOMPOSICI\u00d3N SALARIAL EN SAN LUIS","datePublished":"2024-05-20T23:56:52+00:00","dateModified":"2024-05-21T00:01:33+00:00","mainEntityOfPage":{"@id":"https:\/\/apuntesdesanluis.com\/index.php\/2024\/05\/20\/magistrados-de-todo-el-pais-apoyan-el-pedido-de-recomposicion-salarial-en-san-luis\/"},"wordCount":247,"publisher":{"@id":"https:\/\/apuntesdesanluis.com\/#\/schema\/person\/b55151d52296fcce64d1a72538a70b90"},"image":{"@id":"https:\/\/apuntesdesanluis.com\/index.php\/2024\/05\/20\/magistrados-de-todo-el-pais-apoyan-el-pedido-de-recomposicion-salarial-en-san-luis\/#primaryimage"},"thumbnailUrl":"https:\/\/apuntesdesanluis.com\/wp-content\/uploads\/2024\/05\/fam.png","articleSection":["Ciudad\/Provincia"],"inLanguage":"es-AR"},{"@type":"WebPage","@id":"https:\/\/apuntesdesanluis.com\/index.php\/2024\/05\/20\/magistrados-de-todo-el-pais-apoyan-el-pedido-de-recomposicion-salarial-en-san-luis\/","url":"https:\/\/apuntesdesanluis.com\/index.php\/2024\/05\/20\/magistrados-de-todo-el-pais-apoyan-el-pedido-de-recomposicion-salarial-en-san-luis\/","name":"MAGISTRADOS DE TODO EL PA\u00cdS APOYAN EL PEDIDO DE RECOMPOSICI\u00d3N SALARIAL EN SAN LUIS - Apuntes de San Luis","isPartOf":{"@id":"https:\/\/apuntesdesanluis.com\/#website"},"primaryImageOfPage":{"@id":"https:\/\/apuntesdesanluis.com\/index.php\/2024\/05\/20\/magistrados-de-todo-el-pais-apoyan-el-pedido-de-recomposicion-salarial-en-san-luis\/#primaryimage"},"image":{"@id":"https:\/\/apuntesdesanluis.com\/index.php\/2024\/05\/20\/magistrados-de-todo-el-pais-apoyan-el-pedido-de-recomposicion-salarial-en-san-luis\/#primaryimage"},"thumbnailUrl":"https:\/\/apuntesdesanluis.com\/wp-content\/uploads\/2024\/05\/fam.png","datePublished":"2024-05-20T23:56:52+00:00","dateModified":"2024-05-21T00:01:33+00:00","breadcrumb":{"@id":"https:\/\/apuntesdesanluis.com\/index.php\/2024\/05\/20\/magistrados-de-todo-el-pais-apoyan-el-pedido-de-recomposicion-salarial-en-san-luis\/#breadcrumb"},"inLanguage":"es-AR","potentialAction":[{"@type":"ReadAction","target":["https:\/\/apuntesdesanluis.com\/index.php\/2024\/05\/20\/magistrados-de-todo-el-pais-apoyan-el-pedido-de-recomposicion-salarial-en-san-luis\/"]}]},{"@type":"ImageObject","inLanguage":"es-AR","@id":"https:\/\/apuntesdesanluis.com\/index.php\/2024\/05\/20\/magistrados-de-todo-el-pais-apoyan-el-pedido-de-recomposicion-salarial-en-san-luis\/#primaryimage","url":"https:\/\/apuntesdesanluis.com\/wp-content\/uploads\/2024\/05\/fam.png","contentUrl":"https:\/\/apuntesdesanluis.com\/wp-content\/uploads\/2024\/05\/fam.png","width":700,"height":461},{"@type":"BreadcrumbList","@id":"https:\/\/apuntesdesanluis.com\/index.php\/2024\/05\/20\/magistrados-de-todo-el-pais-apoyan-el-pedido-de-recomposicion-salarial-en-san-luis\/#breadcrumb","itemListElement":[{"@type":"ListItem","position":1,"name":"Inicio","item":"https:\/\/apuntesdesanluis.com\/"},{"@type":"ListItem","position":2,"name":"MAGISTRADOS DE TODO EL PA\u00cdS APOYAN EL PEDIDO DE RECOMPOSICI\u00d3N SALARIAL EN SAN LUIS"}]},{"@type":"WebSite","@id":"https:\/\/apuntesdesanluis.com\/#website","url":"https:\/\/apuntesdesanluis.com\/","name":"Apuntes de San Luis","description":"","publisher":{"@id":"https:\/\/apuntesdesanluis.com\/#\/schema\/person\/b55151d52296fcce64d1a72538a70b90"},"potentialAction":[{"@type":"SearchAction","target":{"@type":"EntryPoint","urlTemplate":"https:\/\/apuntesdesanluis.com\/?s={search_term_string}"},"query-input":{"@type":"PropertyValueSpecification","valueRequired":true,"valueName":"search_term_string"}}],"inLanguage":"es-AR"},{"@type":["Person","Organization"],"@id":"https:\/\/apuntesdesanluis.com\/#\/schema\/person\/b55151d52296fcce64d1a72538a70b90","name":"apuntesdesanluis.com","image":{"@type":"ImageObject","inLanguage":"es-AR","@id":"https:\/\/apuntesdesanluis.com\/#\/schema\/person\/image\/","url":"https:\/\/apuntesdesanluis.com\/wp-content\/uploads\/2023\/07\/cropped-apuntesdesanluis.png","contentUrl":"https:\/\/apuntesdesanluis.com\/wp-content\/uploads\/2023\/07\/cropped-apuntesdesanluis.png","width":450,"height":112,"caption":"apuntesdesanluis.com"},"logo":{"@id":"https:\/\/apuntesdesanluis.com\/#\/schema\/person\/image\/"},"sameAs":["https:\/\/apuntesdesanluis.com"],"url":"https:\/\/apuntesdesanluis.com\/index.php\/author\/apuntesdesanluis-com\/"}]}},"featured_image_urls":{"full":["https:\/\/apuntesdesanluis.com\/wp-content\/uploads\/2024\/05\/fam.png",700,461,false],"thumbnail":["https:\/\/apuntesdesanluis.com\/wp-content\/uploads\/2024\/05\/fam-150x150.png",150,150,true],"medium":["https:\/\/apuntesdesanluis.com\/wp-content\/uploads\/2024\/05\/fam-300x198.png",300,198,true],"medium_large":["https:\/\/apuntesdesanluis.com\/wp-content\/uploads\/2024\/05\/fam.png",640,421,false],"large":["https:\/\/apuntesdesanluis.com\/wp-content\/uploads\/2024\/05\/fam.png",640,421,false],"1536x1536":["https:\/\/apuntesdesanluis.com\/wp-content\/uploads\/2024\/05\/fam.png",700,461,false],"2048x2048":["https:\/\/apuntesdesanluis.com\/wp-content\/uploads\/2024\/05\/fam.png",700,461,false],"newsever-slider-full":["https:\/\/apuntesdesanluis.com\/wp-content\/uploads\/2024\/05\/fam.png",700,461,false],"newsever-featured":["https:\/\/apuntesdesanluis.com\/wp-content\/uploads\/2024\/05\/fam.png",700,461,false],"newsever-medium":["https:\/\/apuntesdesanluis.com\/wp-content\/uploads\/2024\/05\/fam.png",700,461,false]},"author_info":{"display_name":"apuntesdesanluis.com","author_link":"https:\/\/apuntesdesanluis.com\/index.php\/author\/apuntesdesanluis-com\/"},"category_info":"<a href=\"https:\/\/apuntesdesanluis.com\/index.php\/category\/ciudad-provincia\/\" rel=\"category tag\">Ciudad\/Provincia<\/a>","tag_info":"Ciudad\/Provincia","comment_count":"0","_links":{"self":[{"href":"https:\/\/apuntesdesanluis.com\/index.php\/wp-json\/wp\/v2\/posts\/16472","targetHints":{"allow":["GET"]}}],"collection":[{"href":"https:\/\/apuntesdesanluis.com\/index.php\/wp-json\/wp\/v2\/posts"}],"about":[{"href":"https:\/\/apuntesdesanluis.com\/index.php\/wp-json\/wp\/v2\/types\/post"}],"author":[{"embeddable":true,"href":"https:\/\/apuntesdesanluis.com\/index.php\/wp-json\/wp\/v2\/users\/1"}],"replies":[{"embeddable":true,"href":"https:\/\/apuntesdesanluis.com\/index.php\/wp-json\/wp\/v2\/comments?post=16472"}],"version-history":[{"count":3,"href":"https:\/\/apuntesdesanluis.com\/index.php\/wp-json\/wp\/v2\/posts\/16472\/revisions"}],"predecessor-version":[{"id":16477,"href":"https:\/\/apuntesdesanluis.com\/index.php\/wp-json\/wp\/v2\/posts\/16472\/revisions\/16477"}],"wp:featuredmedia":[{"embeddable":true,"href":"https:\/\/apuntesdesanluis.com\/index.php\/wp-json\/wp\/v2\/media\/16476"}],"wp:attachment":[{"href":"https:\/\/apuntesdesanluis.com\/index.php\/wp-json\/wp\/v2\/media?parent=16472"}],"wp:term":[{"taxonomy":"category","embeddable":true,"href":"https:\/\/apuntesdesanluis.com\/index.php\/wp-json\/wp\/v2\/categories?post=16472"},{"taxonomy":"post_tag","embeddable":true,"href":"https:\/\/apuntesdesanluis.com\/index.php\/wp-json\/wp\/v2\/tags?post=16472"}],"curies":[{"name":"wp","href":"https:\/\/api.w.org\/{rel}","templated":true}]}}