{"id":16495,"date":"2024-05-20T21:55:16","date_gmt":"2024-05-21T00:55:16","guid":{"rendered":"https:\/\/apuntesdesanluis.com\/?p=16495"},"modified":"2024-05-20T21:55:16","modified_gmt":"2024-05-21T00:55:16","slug":"con-dybala-ausente-la-otra-novedad-de-la-lista-de-scaloni-fue-el-villamercedino-leonardo-balerdi","status":"publish","type":"post","link":"https:\/\/apuntesdesanluis.com\/index.php\/2024\/05\/20\/con-dybala-ausente-la-otra-novedad-de-la-lista-de-scaloni-fue-el-villamercedino-leonardo-balerdi\/","title":{"rendered":"CON DYBALA AUSENTE, LA OTRA NOVEDAD DE LA LISTA DE SCALONI FUE EL VILLAMERCEDINO LEONARDO BALERDI"},"content":{"rendered":"<h3>El entrenador de la Selecci\u00f3n argentina, <strong>Lionel Scaloni<\/strong>, dio a conocer la lista de los 29 jugadores convocados para disputar los dos amistosos internacionales ante <strong>Ecuador<\/strong> y <strong>Guatemala<\/strong> y en la misma se destaca la ausencia del delantero <strong>Paulo Dybala y la citaci\u00f3n del sanluise\u00f1o &#8220;Leo&#8221; Balerdi.<\/strong><\/h3>\n<h3>Este lunes, la Asociaci\u00f3n del F\u00fatbol Argentino public\u00f3 en sus redes sociales la n\u00f3mina de futbolistas citados para disputar los encuentros amistosos que se llevar\u00e1n a cabo el 9 y 14 de junio en Chicago y Washington respectivamente, antes del inicio de la Copa Am\u00e9rica.<\/h3>\n<h3>La gran sorpresa de la convocatoria es la ausencia de Dybala, quien no ven\u00eda arrastrando ninguna molestia f\u00edsica y estaba siendo titular en la Roma de Italia, por lo que su ausencia en la lista y, consecuentemente, en el mencionado certamen da indicios de que se debe a una decisi\u00f3n meramente futbol\u00edstica.<\/h3>\n<h3>En cuanto a las novedades, hay uno que volver\u00e1 a vestir la camiseta de la Selecci\u00f3n y otro que, en silencio, se meti\u00f3 entre los 29 citados. El primero es el arquero del Ajax <strong>Ger\u00f3nimo Rulli<\/strong>, quien form\u00f3 parte del equipo campe\u00f3n del mundo en Qatar 2022.<\/h3>\n<h3>Rulli era una fija para el arco en las convocatorias junto a Emiliano \u2018Dibu\u2019 Mart\u00ednez y Franco Armani pero, en el \u00faltimo tiempo, empez\u00f3 a pelear su puesto con Walter Ben\u00edtez aunque, finalmente, Scaloni opt\u00f3 por el platense de 32 a\u00f1os que disput\u00f3 8 partidos esta temporada y le convirtieron 12 goles.<\/h3>\n<p><img fetchpriority=\"high\" decoding=\"async\" class=\"wp-image-16497 aligncenter\" src=\"https:\/\/apuntesdesanluis.com\/wp-content\/uploads\/2024\/05\/lista-300x197.png\" alt=\"\" width=\"684\" height=\"449\" srcset=\"https:\/\/apuntesdesanluis.com\/wp-content\/uploads\/2024\/05\/lista-300x197.png 300w, https:\/\/apuntesdesanluis.com\/wp-content\/uploads\/2024\/05\/lista.png 725w\" sizes=\"(max-width: 684px) 100vw, 684px\" \/><\/p>\n<h3>El segundo es el villamercedino <strong>Leonardo Balerdi<\/strong>, quien viene teniendo un buen desempe\u00f1o en el Olympique de Marsella de Francia y, si bien el entrenador convoc\u00f3 a once defensores y sacar\u00eda a dos para la lista definitiva que ir\u00e1 a la Copa Am\u00e9rica, el ex jugador de Boca sorprendi\u00f3 entre los convocados y pelear\u00e1 por un lugar en Estados Unidos.<\/h3>\n<h3>Adem\u00e1s, Scaloni convoc\u00f3 a tres futbolistas juveniles que ya tuvieron minutos con la Selecci\u00f3n argentina: Alejandro Garnacho del Manchester United, Valent\u00edn Barco del Brighton and Hove Albion y Valent\u00edn Carboni que est\u00e1 jugando en el Monza a pr\u00e9stamo del Inter de Mil\u00e1n. En tanto, el que ven\u00eda siendo seguido de cerca y formaba parte de la consideraci\u00f3n del cuerpo t\u00e9cnico, pero qued\u00f3 fuera de la lista es Facundo Buonanotte.<\/h3>\n<p>&nbsp;<\/p>\n<p>&nbsp;<\/p>\n<p>&nbsp;<\/p>\n","protected":false},"excerpt":{"rendered":"<p>El entrenador de la Selecci\u00f3n argentina, Lionel Scaloni, dio a conocer la lista de los&#8230;<\/p>\n","protected":false},"author":1,"featured_media":16496,"comment_status":"closed","ping_status":"closed","sticky":false,"template":"","format":"standard","meta":{"footnotes":""},"categories":[5],"tags":[],"class_list":["post-16495","post","type-post","status-publish","format-standard","has-post-thumbnail","hentry","category-nacionales-internacionales"],"yoast_head":"<!-- This site is optimized with the Yoast SEO plugin v26.1.1 - https:\/\/yoast.com\/wordpress\/plugins\/seo\/ -->\n<title>CON DYBALA AUSENTE, LA OTRA NOVEDAD DE LA LISTA DE SCALONI FUE EL VILLAMERCEDINO LEONARDO BALERDI - Apuntes de San Luis<\/title>\n<meta name=\"robots\" content=\"index, follow, max-snippet:-1, max-image-preview:large, max-video-preview:-1\" \/>\n<link rel=\"canonical\" href=\"https:\/\/apuntesdesanluis.com\/index.php\/2024\/05\/20\/con-dybala-ausente-la-otra-novedad-de-la-lista-de-scaloni-fue-el-villamercedino-leonardo-balerdi\/\" \/>\n<meta property=\"og:locale\" content=\"es_ES\" \/>\n<meta property=\"og:type\" content=\"article\" \/>\n<meta property=\"og:title\" content=\"CON DYBALA AUSENTE, LA OTRA NOVEDAD DE LA LISTA DE SCALONI FUE EL VILLAMERCEDINO LEONARDO BALERDI - Apuntes de San Luis\" \/>\n<meta property=\"og:description\" content=\"El entrenador de la Selecci\u00f3n argentina, Lionel Scaloni, dio a conocer la lista de los...\" \/>\n<meta property=\"og:url\" content=\"https:\/\/apuntesdesanluis.com\/index.php\/2024\/05\/20\/con-dybala-ausente-la-otra-novedad-de-la-lista-de-scaloni-fue-el-villamercedino-leonardo-balerdi\/\" \/>\n<meta property=\"og:site_name\" content=\"Apuntes de San Luis\" \/>\n<meta property=\"article:published_time\" content=\"2024-05-21T00:55:16+00:00\" \/>\n<meta property=\"og:image\" content=\"https:\/\/apuntesdesanluis.com\/wp-content\/uploads\/2024\/05\/leo-balerdi.png\" \/>\n\t<meta property=\"og:image:width\" content=\"700\" \/>\n\t<meta property=\"og:image:height\" content=\"396\" \/>\n\t<meta property=\"og:image:type\" content=\"image\/png\" \/>\n<meta name=\"author\" content=\"apuntesdesanluis.com\" \/>\n<meta name=\"twitter:card\" content=\"summary_large_image\" \/>\n<meta name=\"twitter:label1\" content=\"Escrito por\" \/>\n\t<meta name=\"twitter:data1\" content=\"apuntesdesanluis.com\" \/>\n\t<meta name=\"twitter:label2\" content=\"Tiempo de lectura\" \/>\n\t<meta name=\"twitter:data2\" content=\"3 minutos\" \/>\n<script type=\"application\/ld+json\" class=\"yoast-schema-graph\">{\"@context\":\"https:\/\/schema.org\",\"@graph\":[{\"@type\":\"Article\",\"@id\":\"https:\/\/apuntesdesanluis.com\/index.php\/2024\/05\/20\/con-dybala-ausente-la-otra-novedad-de-la-lista-de-scaloni-fue-el-villamercedino-leonardo-balerdi\/#article\",\"isPartOf\":{\"@id\":\"https:\/\/apuntesdesanluis.com\/index.php\/2024\/05\/20\/con-dybala-ausente-la-otra-novedad-de-la-lista-de-scaloni-fue-el-villamercedino-leonardo-balerdi\/\"},\"author\":{\"name\":\"apuntesdesanluis.com\",\"@id\":\"https:\/\/apuntesdesanluis.com\/#\/schema\/person\/b55151d52296fcce64d1a72538a70b90\"},\"headline\":\"CON DYBALA AUSENTE, LA OTRA NOVEDAD DE LA LISTA DE SCALONI FUE EL VILLAMERCEDINO LEONARDO BALERDI\",\"datePublished\":\"2024-05-21T00:55:16+00:00\",\"mainEntityOfPage\":{\"@id\":\"https:\/\/apuntesdesanluis.com\/index.php\/2024\/05\/20\/con-dybala-ausente-la-otra-novedad-de-la-lista-de-scaloni-fue-el-villamercedino-leonardo-balerdi\/\"},\"wordCount\":413,\"publisher\":{\"@id\":\"https:\/\/apuntesdesanluis.com\/#\/schema\/person\/b55151d52296fcce64d1a72538a70b90\"},\"image\":{\"@id\":\"https:\/\/apuntesdesanluis.com\/index.php\/2024\/05\/20\/con-dybala-ausente-la-otra-novedad-de-la-lista-de-scaloni-fue-el-villamercedino-leonardo-balerdi\/#primaryimage\"},\"thumbnailUrl\":\"https:\/\/apuntesdesanluis.com\/wp-content\/uploads\/2024\/05\/leo-balerdi.png\",\"articleSection\":[\"Nacionales\/Internacionales\"],\"inLanguage\":\"es-AR\"},{\"@type\":\"WebPage\",\"@id\":\"https:\/\/apuntesdesanluis.com\/index.php\/2024\/05\/20\/con-dybala-ausente-la-otra-novedad-de-la-lista-de-scaloni-fue-el-villamercedino-leonardo-balerdi\/\",\"url\":\"https:\/\/apuntesdesanluis.com\/index.php\/2024\/05\/20\/con-dybala-ausente-la-otra-novedad-de-la-lista-de-scaloni-fue-el-villamercedino-leonardo-balerdi\/\",\"name\":\"CON DYBALA AUSENTE, LA OTRA NOVEDAD DE LA LISTA DE SCALONI FUE EL VILLAMERCEDINO LEONARDO BALERDI - Apuntes de San Luis\",\"isPartOf\":{\"@id\":\"https:\/\/apuntesdesanluis.com\/#website\"},\"primaryImageOfPage\":{\"@id\":\"https:\/\/apuntesdesanluis.com\/index.php\/2024\/05\/20\/con-dybala-ausente-la-otra-novedad-de-la-lista-de-scaloni-fue-el-villamercedino-leonardo-balerdi\/#primaryimage\"},\"image\":{\"@id\":\"https:\/\/apuntesdesanluis.com\/index.php\/2024\/05\/20\/con-dybala-ausente-la-otra-novedad-de-la-lista-de-scaloni-fue-el-villamercedino-leonardo-balerdi\/#primaryimage\"},\"thumbnailUrl\":\"https:\/\/apuntesdesanluis.com\/wp-content\/uploads\/2024\/05\/leo-balerdi.png\",\"datePublished\":\"2024-05-21T00:55:16+00:00\",\"breadcrumb\":{\"@id\":\"https:\/\/apuntesdesanluis.com\/index.php\/2024\/05\/20\/con-dybala-ausente-la-otra-novedad-de-la-lista-de-scaloni-fue-el-villamercedino-leonardo-balerdi\/#breadcrumb\"},\"inLanguage\":\"es-AR\",\"potentialAction\":[{\"@type\":\"ReadAction\",\"target\":[\"https:\/\/apuntesdesanluis.com\/index.php\/2024\/05\/20\/con-dybala-ausente-la-otra-novedad-de-la-lista-de-scaloni-fue-el-villamercedino-leonardo-balerdi\/\"]}]},{\"@type\":\"ImageObject\",\"inLanguage\":\"es-AR\",\"@id\":\"https:\/\/apuntesdesanluis.com\/index.php\/2024\/05\/20\/con-dybala-ausente-la-otra-novedad-de-la-lista-de-scaloni-fue-el-villamercedino-leonardo-balerdi\/#primaryimage\",\"url\":\"https:\/\/apuntesdesanluis.com\/wp-content\/uploads\/2024\/05\/leo-balerdi.png\",\"contentUrl\":\"https:\/\/apuntesdesanluis.com\/wp-content\/uploads\/2024\/05\/leo-balerdi.png\",\"width\":700,\"height\":396},{\"@type\":\"BreadcrumbList\",\"@id\":\"https:\/\/apuntesdesanluis.com\/index.php\/2024\/05\/20\/con-dybala-ausente-la-otra-novedad-de-la-lista-de-scaloni-fue-el-villamercedino-leonardo-balerdi\/#breadcrumb\",\"itemListElement\":[{\"@type\":\"ListItem\",\"position\":1,\"name\":\"Inicio\",\"item\":\"https:\/\/apuntesdesanluis.com\/\"},{\"@type\":\"ListItem\",\"position\":2,\"name\":\"CON DYBALA AUSENTE, LA OTRA NOVEDAD DE LA LISTA DE SCALONI FUE EL VILLAMERCEDINO LEONARDO BALERDI\"}]},{\"@type\":\"WebSite\",\"@id\":\"https:\/\/apuntesdesanluis.com\/#website\",\"url\":\"https:\/\/apuntesdesanluis.com\/\",\"name\":\"Apuntes de San Luis\",\"description\":\"\",\"publisher\":{\"@id\":\"https:\/\/apuntesdesanluis.com\/#\/schema\/person\/b55151d52296fcce64d1a72538a70b90\"},\"potentialAction\":[{\"@type\":\"SearchAction\",\"target\":{\"@type\":\"EntryPoint\",\"urlTemplate\":\"https:\/\/apuntesdesanluis.com\/?s={search_term_string}\"},\"query-input\":{\"@type\":\"PropertyValueSpecification\",\"valueRequired\":true,\"valueName\":\"search_term_string\"}}],\"inLanguage\":\"es-AR\"},{\"@type\":[\"Person\",\"Organization\"],\"@id\":\"https:\/\/apuntesdesanluis.com\/#\/schema\/person\/b55151d52296fcce64d1a72538a70b90\",\"name\":\"apuntesdesanluis.com\",\"image\":{\"@type\":\"ImageObject\",\"inLanguage\":\"es-AR\",\"@id\":\"https:\/\/apuntesdesanluis.com\/#\/schema\/person\/image\/\",\"url\":\"https:\/\/apuntesdesanluis.com\/wp-content\/uploads\/2023\/07\/cropped-apuntesdesanluis.png\",\"contentUrl\":\"https:\/\/apuntesdesanluis.com\/wp-content\/uploads\/2023\/07\/cropped-apuntesdesanluis.png\",\"width\":450,\"height\":112,\"caption\":\"apuntesdesanluis.com\"},\"logo\":{\"@id\":\"https:\/\/apuntesdesanluis.com\/#\/schema\/person\/image\/\"},\"sameAs\":[\"https:\/\/apuntesdesanluis.com\"],\"url\":\"https:\/\/apuntesdesanluis.com\/index.php\/author\/apuntesdesanluis-com\/\"}]}<\/script>\n<!-- \/ Yoast SEO plugin. -->","yoast_head_json":{"title":"CON DYBALA AUSENTE, LA OTRA NOVEDAD DE LA LISTA DE SCALONI FUE EL VILLAMERCEDINO LEONARDO BALERDI - Apuntes de San Luis","robots":{"index":"index","follow":"follow","max-snippet":"max-snippet:-1","max-image-preview":"max-image-preview:large","max-video-preview":"max-video-preview:-1"},"canonical":"https:\/\/apuntesdesanluis.com\/index.php\/2024\/05\/20\/con-dybala-ausente-la-otra-novedad-de-la-lista-de-scaloni-fue-el-villamercedino-leonardo-balerdi\/","og_locale":"es_ES","og_type":"article","og_title":"CON DYBALA AUSENTE, LA OTRA NOVEDAD DE LA LISTA DE SCALONI FUE EL VILLAMERCEDINO LEONARDO BALERDI - Apuntes de San Luis","og_description":"El entrenador de la Selecci\u00f3n argentina, Lionel Scaloni, dio a conocer la lista de los...","og_url":"https:\/\/apuntesdesanluis.com\/index.php\/2024\/05\/20\/con-dybala-ausente-la-otra-novedad-de-la-lista-de-scaloni-fue-el-villamercedino-leonardo-balerdi\/","og_site_name":"Apuntes de San Luis","article_published_time":"2024-05-21T00:55:16+00:00","og_image":[{"width":700,"height":396,"url":"https:\/\/apuntesdesanluis.com\/wp-content\/uploads\/2024\/05\/leo-balerdi.png","type":"image\/png"}],"author":"apuntesdesanluis.com","twitter_card":"summary_large_image","twitter_misc":{"Escrito por":"apuntesdesanluis.com","Tiempo de lectura":"3 minutos"},"schema":{"@context":"https:\/\/schema.org","@graph":[{"@type":"Article","@id":"https:\/\/apuntesdesanluis.com\/index.php\/2024\/05\/20\/con-dybala-ausente-la-otra-novedad-de-la-lista-de-scaloni-fue-el-villamercedino-leonardo-balerdi\/#article","isPartOf":{"@id":"https:\/\/apuntesdesanluis.com\/index.php\/2024\/05\/20\/con-dybala-ausente-la-otra-novedad-de-la-lista-de-scaloni-fue-el-villamercedino-leonardo-balerdi\/"},"author":{"name":"apuntesdesanluis.com","@id":"https:\/\/apuntesdesanluis.com\/#\/schema\/person\/b55151d52296fcce64d1a72538a70b90"},"headline":"CON DYBALA AUSENTE, LA OTRA NOVEDAD DE LA LISTA DE SCALONI FUE EL VILLAMERCEDINO LEONARDO BALERDI","datePublished":"2024-05-21T00:55:16+00:00","mainEntityOfPage":{"@id":"https:\/\/apuntesdesanluis.com\/index.php\/2024\/05\/20\/con-dybala-ausente-la-otra-novedad-de-la-lista-de-scaloni-fue-el-villamercedino-leonardo-balerdi\/"},"wordCount":413,"publisher":{"@id":"https:\/\/apuntesdesanluis.com\/#\/schema\/person\/b55151d52296fcce64d1a72538a70b90"},"image":{"@id":"https:\/\/apuntesdesanluis.com\/index.php\/2024\/05\/20\/con-dybala-ausente-la-otra-novedad-de-la-lista-de-scaloni-fue-el-villamercedino-leonardo-balerdi\/#primaryimage"},"thumbnailUrl":"https:\/\/apuntesdesanluis.com\/wp-content\/uploads\/2024\/05\/leo-balerdi.png","articleSection":["Nacionales\/Internacionales"],"inLanguage":"es-AR"},{"@type":"WebPage","@id":"https:\/\/apuntesdesanluis.com\/index.php\/2024\/05\/20\/con-dybala-ausente-la-otra-novedad-de-la-lista-de-scaloni-fue-el-villamercedino-leonardo-balerdi\/","url":"https:\/\/apuntesdesanluis.com\/index.php\/2024\/05\/20\/con-dybala-ausente-la-otra-novedad-de-la-lista-de-scaloni-fue-el-villamercedino-leonardo-balerdi\/","name":"CON DYBALA AUSENTE, LA OTRA NOVEDAD DE LA LISTA DE SCALONI FUE EL VILLAMERCEDINO LEONARDO BALERDI - Apuntes de San Luis","isPartOf":{"@id":"https:\/\/apuntesdesanluis.com\/#website"},"primaryImageOfPage":{"@id":"https:\/\/apuntesdesanluis.com\/index.php\/2024\/05\/20\/con-dybala-ausente-la-otra-novedad-de-la-lista-de-scaloni-fue-el-villamercedino-leonardo-balerdi\/#primaryimage"},"image":{"@id":"https:\/\/apuntesdesanluis.com\/index.php\/2024\/05\/20\/con-dybala-ausente-la-otra-novedad-de-la-lista-de-scaloni-fue-el-villamercedino-leonardo-balerdi\/#primaryimage"},"thumbnailUrl":"https:\/\/apuntesdesanluis.com\/wp-content\/uploads\/2024\/05\/leo-balerdi.png","datePublished":"2024-05-21T00:55:16+00:00","breadcrumb":{"@id":"https:\/\/apuntesdesanluis.com\/index.php\/2024\/05\/20\/con-dybala-ausente-la-otra-novedad-de-la-lista-de-scaloni-fue-el-villamercedino-leonardo-balerdi\/#breadcrumb"},"inLanguage":"es-AR","potentialAction":[{"@type":"ReadAction","target":["https:\/\/apuntesdesanluis.com\/index.php\/2024\/05\/20\/con-dybala-ausente-la-otra-novedad-de-la-lista-de-scaloni-fue-el-villamercedino-leonardo-balerdi\/"]}]},{"@type":"ImageObject","inLanguage":"es-AR","@id":"https:\/\/apuntesdesanluis.com\/index.php\/2024\/05\/20\/con-dybala-ausente-la-otra-novedad-de-la-lista-de-scaloni-fue-el-villamercedino-leonardo-balerdi\/#primaryimage","url":"https:\/\/apuntesdesanluis.com\/wp-content\/uploads\/2024\/05\/leo-balerdi.png","contentUrl":"https:\/\/apuntesdesanluis.com\/wp-content\/uploads\/2024\/05\/leo-balerdi.png","width":700,"height":396},{"@type":"BreadcrumbList","@id":"https:\/\/apuntesdesanluis.com\/index.php\/2024\/05\/20\/con-dybala-ausente-la-otra-novedad-de-la-lista-de-scaloni-fue-el-villamercedino-leonardo-balerdi\/#breadcrumb","itemListElement":[{"@type":"ListItem","position":1,"name":"Inicio","item":"https:\/\/apuntesdesanluis.com\/"},{"@type":"ListItem","position":2,"name":"CON DYBALA AUSENTE, LA OTRA NOVEDAD DE LA LISTA DE SCALONI FUE EL VILLAMERCEDINO LEONARDO BALERDI"}]},{"@type":"WebSite","@id":"https:\/\/apuntesdesanluis.com\/#website","url":"https:\/\/apuntesdesanluis.com\/","name":"Apuntes de San Luis","description":"","publisher":{"@id":"https:\/\/apuntesdesanluis.com\/#\/schema\/person\/b55151d52296fcce64d1a72538a70b90"},"potentialAction":[{"@type":"SearchAction","target":{"@type":"EntryPoint","urlTemplate":"https:\/\/apuntesdesanluis.com\/?s={search_term_string}"},"query-input":{"@type":"PropertyValueSpecification","valueRequired":true,"valueName":"search_term_string"}}],"inLanguage":"es-AR"},{"@type":["Person","Organization"],"@id":"https:\/\/apuntesdesanluis.com\/#\/schema\/person\/b55151d52296fcce64d1a72538a70b90","name":"apuntesdesanluis.com","image":{"@type":"ImageObject","inLanguage":"es-AR","@id":"https:\/\/apuntesdesanluis.com\/#\/schema\/person\/image\/","url":"https:\/\/apuntesdesanluis.com\/wp-content\/uploads\/2023\/07\/cropped-apuntesdesanluis.png","contentUrl":"https:\/\/apuntesdesanluis.com\/wp-content\/uploads\/2023\/07\/cropped-apuntesdesanluis.png","width":450,"height":112,"caption":"apuntesdesanluis.com"},"logo":{"@id":"https:\/\/apuntesdesanluis.com\/#\/schema\/person\/image\/"},"sameAs":["https:\/\/apuntesdesanluis.com"],"url":"https:\/\/apuntesdesanluis.com\/index.php\/author\/apuntesdesanluis-com\/"}]}},"featured_image_urls":{"full":["https:\/\/apuntesdesanluis.com\/wp-content\/uploads\/2024\/05\/leo-balerdi.png",700,396,false],"thumbnail":["https:\/\/apuntesdesanluis.com\/wp-content\/uploads\/2024\/05\/leo-balerdi-150x150.png",150,150,true],"medium":["https:\/\/apuntesdesanluis.com\/wp-content\/uploads\/2024\/05\/leo-balerdi-300x170.png",300,170,true],"medium_large":["https:\/\/apuntesdesanluis.com\/wp-content\/uploads\/2024\/05\/leo-balerdi.png",640,362,false],"large":["https:\/\/apuntesdesanluis.com\/wp-content\/uploads\/2024\/05\/leo-balerdi.png",640,362,false],"1536x1536":["https:\/\/apuntesdesanluis.com\/wp-content\/uploads\/2024\/05\/leo-balerdi.png",700,396,false],"2048x2048":["https:\/\/apuntesdesanluis.com\/wp-content\/uploads\/2024\/05\/leo-balerdi.png",700,396,false],"newsever-slider-full":["https:\/\/apuntesdesanluis.com\/wp-content\/uploads\/2024\/05\/leo-balerdi.png",700,396,false],"newsever-featured":["https:\/\/apuntesdesanluis.com\/wp-content\/uploads\/2024\/05\/leo-balerdi.png",700,396,false],"newsever-medium":["https:\/\/apuntesdesanluis.com\/wp-content\/uploads\/2024\/05\/leo-balerdi.png",700,396,false]},"author_info":{"display_name":"apuntesdesanluis.com","author_link":"https:\/\/apuntesdesanluis.com\/index.php\/author\/apuntesdesanluis-com\/"},"category_info":"<a href=\"https:\/\/apuntesdesanluis.com\/index.php\/category\/nacionales-internacionales\/\" rel=\"category tag\">Nacionales\/Internacionales<\/a>","tag_info":"Nacionales\/Internacionales","comment_count":"0","_links":{"self":[{"href":"https:\/\/apuntesdesanluis.com\/index.php\/wp-json\/wp\/v2\/posts\/16495","targetHints":{"allow":["GET"]}}],"collection":[{"href":"https:\/\/apuntesdesanluis.com\/index.php\/wp-json\/wp\/v2\/posts"}],"about":[{"href":"https:\/\/apuntesdesanluis.com\/index.php\/wp-json\/wp\/v2\/types\/post"}],"author":[{"embeddable":true,"href":"https:\/\/apuntesdesanluis.com\/index.php\/wp-json\/wp\/v2\/users\/1"}],"replies":[{"embeddable":true,"href":"https:\/\/apuntesdesanluis.com\/index.php\/wp-json\/wp\/v2\/comments?post=16495"}],"version-history":[{"count":1,"href":"https:\/\/apuntesdesanluis.com\/index.php\/wp-json\/wp\/v2\/posts\/16495\/revisions"}],"predecessor-version":[{"id":16498,"href":"https:\/\/apuntesdesanluis.com\/index.php\/wp-json\/wp\/v2\/posts\/16495\/revisions\/16498"}],"wp:featuredmedia":[{"embeddable":true,"href":"https:\/\/apuntesdesanluis.com\/index.php\/wp-json\/wp\/v2\/media\/16496"}],"wp:attachment":[{"href":"https:\/\/apuntesdesanluis.com\/index.php\/wp-json\/wp\/v2\/media?parent=16495"}],"wp:term":[{"taxonomy":"category","embeddable":true,"href":"https:\/\/apuntesdesanluis.com\/index.php\/wp-json\/wp\/v2\/categories?post=16495"},{"taxonomy":"post_tag","embeddable":true,"href":"https:\/\/apuntesdesanluis.com\/index.php\/wp-json\/wp\/v2\/tags?post=16495"}],"curies":[{"name":"wp","href":"https:\/\/api.w.org\/{rel}","templated":true}]}}