{"id":16499,"date":"2024-05-20T22:26:15","date_gmt":"2024-05-21T01:26:15","guid":{"rendered":"https:\/\/apuntesdesanluis.com\/?p=16499"},"modified":"2024-05-20T22:26:15","modified_gmt":"2024-05-21T01:26:15","slug":"la-pobreza-llego-al-55-en-el-primer-trimestre-y-se-duplico-la-indigencia-segun-la-uca","status":"publish","type":"post","link":"https:\/\/apuntesdesanluis.com\/index.php\/2024\/05\/20\/la-pobreza-llego-al-55-en-el-primer-trimestre-y-se-duplico-la-indigencia-segun-la-uca\/","title":{"rendered":"LA POBREZA LLEG\u00d3 AL 55% EN EL PRIMER TRIMESTRE Y SE DUPLIC\u00d3 LA INDIGENCIA SEG\u00daN LA UCA"},"content":{"rendered":"<h3>El nivel de pobreza lleg\u00f3 al 55% y la indigencia al 18% de la poblaci\u00f3n durante el primer trimestre de 2024, de acuerdo con estimaciones del Observatorio de la Deuda Social Argentina de la Universidad Cat\u00f3lica Argentina (ODSA-UCA).<\/h3>\n<h3>Seg\u00fan Agust\u00edn Salvia, director del ODSA-UCA, el nivel de pobreza alcanzado &#8220;habr\u00eda llegado a su techo y habr\u00edamos pasado lo peor, a partir de una recuperaci\u00f3n parcial de los ingresos&#8221;.<\/h3>\n<h3>&#8220;As\u00ed, no habr\u00edamos llegado a los niveles m\u00e1s graves, que son los que se alcanzaron en 2002, cuando la pobreza trep\u00f3 a m\u00e1s del 60%&#8221;, resalt\u00f3 Salvia, en declaraciones a radio Rivadavia.<\/h3>\n<h3>&#8220;La indigencia subi\u00f3 por arriba del 18% en el primer trimestre, casi el doble que hace un a\u00f1o. Es el resultado de la inflaci\u00f3n y el deterioro de los empleos informales&#8221;, enfatiz\u00f3, Salvia.<\/h3>\n<h3>Y a\u00f1adi\u00f3 &#8220;esto se relaciona con que el 50% del empleo es informal, algo que se fue acumulando durante 20 a\u00f1os de la mano de un r\u00e9gimen que no impuls\u00f3 inversiones y empleo genuino&#8221;.<\/h3>\n<h3>POBREZA ESTRUCTURAL<\/h3>\n<h3>En este marco, Salvia advirti\u00f3 que &#8220;desde hace mucho tiempo, en la Argentina hay un segmento de pobreza cr\u00f3nica, estructural, que no se mide por ingresos sino por educaci\u00f3n, salud, vivienda, servicios urbanos&#8221;.<\/h3>\n<h3>&#8220;Aunque baje la inflaci\u00f3n vamos a seguir con pobreza cr\u00f3nica porque buena parte de los empleos son de muy baja calidad&#8221;, concluy\u00f3.<\/h3>\n<p>&nbsp;<\/p>\n<p>&nbsp;<\/p>\n<p>&nbsp;<\/p>\n<p>&nbsp;<\/p>\n<p>&nbsp;<\/p>\n<p>&nbsp;<\/p>\n","protected":false},"excerpt":{"rendered":"<p>El nivel de pobreza lleg\u00f3 al 55% y la indigencia al 18% de la poblaci\u00f3n&#8230;<\/p>\n","protected":false},"author":1,"featured_media":1103,"comment_status":"closed","ping_status":"closed","sticky":false,"template":"","format":"standard","meta":{"footnotes":""},"categories":[5],"tags":[],"class_list":["post-16499","post","type-post","status-publish","format-standard","has-post-thumbnail","hentry","category-nacionales-internacionales"],"yoast_head":"<!-- This site is optimized with the Yoast SEO plugin v26.1.1 - https:\/\/yoast.com\/wordpress\/plugins\/seo\/ -->\n<title>LA POBREZA LLEG\u00d3 AL 55% EN EL PRIMER TRIMESTRE Y SE DUPLIC\u00d3 LA INDIGENCIA SEG\u00daN LA UCA - Apuntes de San Luis<\/title>\n<meta name=\"robots\" content=\"index, follow, max-snippet:-1, max-image-preview:large, max-video-preview:-1\" \/>\n<link rel=\"canonical\" href=\"https:\/\/apuntesdesanluis.com\/index.php\/2024\/05\/20\/la-pobreza-llego-al-55-en-el-primer-trimestre-y-se-duplico-la-indigencia-segun-la-uca\/\" \/>\n<meta property=\"og:locale\" content=\"es_ES\" \/>\n<meta property=\"og:type\" content=\"article\" \/>\n<meta property=\"og:title\" content=\"LA POBREZA LLEG\u00d3 AL 55% EN EL PRIMER TRIMESTRE Y SE DUPLIC\u00d3 LA INDIGENCIA SEG\u00daN LA UCA - Apuntes de San Luis\" \/>\n<meta property=\"og:description\" content=\"El nivel de pobreza lleg\u00f3 al 55% y la indigencia al 18% de la poblaci\u00f3n...\" \/>\n<meta property=\"og:url\" content=\"https:\/\/apuntesdesanluis.com\/index.php\/2024\/05\/20\/la-pobreza-llego-al-55-en-el-primer-trimestre-y-se-duplico-la-indigencia-segun-la-uca\/\" \/>\n<meta property=\"og:site_name\" content=\"Apuntes de San Luis\" \/>\n<meta property=\"article:published_time\" content=\"2024-05-21T01:26:15+00:00\" \/>\n<meta property=\"og:image\" content=\"https:\/\/apuntesdesanluis.com\/wp-content\/uploads\/2023\/08\/pobreza.png\" \/>\n\t<meta property=\"og:image:width\" content=\"600\" \/>\n\t<meta property=\"og:image:height\" content=\"392\" \/>\n\t<meta property=\"og:image:type\" content=\"image\/png\" \/>\n<meta name=\"author\" content=\"apuntesdesanluis.com\" \/>\n<meta name=\"twitter:card\" content=\"summary_large_image\" \/>\n<meta name=\"twitter:label1\" content=\"Escrito por\" \/>\n\t<meta name=\"twitter:data1\" content=\"apuntesdesanluis.com\" \/>\n\t<meta name=\"twitter:label2\" content=\"Tiempo de lectura\" \/>\n\t<meta name=\"twitter:data2\" content=\"2 minutos\" \/>\n<script type=\"application\/ld+json\" class=\"yoast-schema-graph\">{\"@context\":\"https:\/\/schema.org\",\"@graph\":[{\"@type\":\"Article\",\"@id\":\"https:\/\/apuntesdesanluis.com\/index.php\/2024\/05\/20\/la-pobreza-llego-al-55-en-el-primer-trimestre-y-se-duplico-la-indigencia-segun-la-uca\/#article\",\"isPartOf\":{\"@id\":\"https:\/\/apuntesdesanluis.com\/index.php\/2024\/05\/20\/la-pobreza-llego-al-55-en-el-primer-trimestre-y-se-duplico-la-indigencia-segun-la-uca\/\"},\"author\":{\"name\":\"apuntesdesanluis.com\",\"@id\":\"https:\/\/apuntesdesanluis.com\/#\/schema\/person\/b55151d52296fcce64d1a72538a70b90\"},\"headline\":\"LA POBREZA LLEG\u00d3 AL 55% EN EL PRIMER TRIMESTRE Y SE DUPLIC\u00d3 LA INDIGENCIA SEG\u00daN LA UCA\",\"datePublished\":\"2024-05-21T01:26:15+00:00\",\"mainEntityOfPage\":{\"@id\":\"https:\/\/apuntesdesanluis.com\/index.php\/2024\/05\/20\/la-pobreza-llego-al-55-en-el-primer-trimestre-y-se-duplico-la-indigencia-segun-la-uca\/\"},\"wordCount\":258,\"publisher\":{\"@id\":\"https:\/\/apuntesdesanluis.com\/#\/schema\/person\/b55151d52296fcce64d1a72538a70b90\"},\"image\":{\"@id\":\"https:\/\/apuntesdesanluis.com\/index.php\/2024\/05\/20\/la-pobreza-llego-al-55-en-el-primer-trimestre-y-se-duplico-la-indigencia-segun-la-uca\/#primaryimage\"},\"thumbnailUrl\":\"https:\/\/apuntesdesanluis.com\/wp-content\/uploads\/2023\/08\/pobreza.png\",\"articleSection\":[\"Nacionales\/Internacionales\"],\"inLanguage\":\"es-AR\"},{\"@type\":\"WebPage\",\"@id\":\"https:\/\/apuntesdesanluis.com\/index.php\/2024\/05\/20\/la-pobreza-llego-al-55-en-el-primer-trimestre-y-se-duplico-la-indigencia-segun-la-uca\/\",\"url\":\"https:\/\/apuntesdesanluis.com\/index.php\/2024\/05\/20\/la-pobreza-llego-al-55-en-el-primer-trimestre-y-se-duplico-la-indigencia-segun-la-uca\/\",\"name\":\"LA POBREZA LLEG\u00d3 AL 55% EN EL PRIMER TRIMESTRE Y SE DUPLIC\u00d3 LA INDIGENCIA SEG\u00daN LA UCA - Apuntes de San Luis\",\"isPartOf\":{\"@id\":\"https:\/\/apuntesdesanluis.com\/#website\"},\"primaryImageOfPage\":{\"@id\":\"https:\/\/apuntesdesanluis.com\/index.php\/2024\/05\/20\/la-pobreza-llego-al-55-en-el-primer-trimestre-y-se-duplico-la-indigencia-segun-la-uca\/#primaryimage\"},\"image\":{\"@id\":\"https:\/\/apuntesdesanluis.com\/index.php\/2024\/05\/20\/la-pobreza-llego-al-55-en-el-primer-trimestre-y-se-duplico-la-indigencia-segun-la-uca\/#primaryimage\"},\"thumbnailUrl\":\"https:\/\/apuntesdesanluis.com\/wp-content\/uploads\/2023\/08\/pobreza.png\",\"datePublished\":\"2024-05-21T01:26:15+00:00\",\"breadcrumb\":{\"@id\":\"https:\/\/apuntesdesanluis.com\/index.php\/2024\/05\/20\/la-pobreza-llego-al-55-en-el-primer-trimestre-y-se-duplico-la-indigencia-segun-la-uca\/#breadcrumb\"},\"inLanguage\":\"es-AR\",\"potentialAction\":[{\"@type\":\"ReadAction\",\"target\":[\"https:\/\/apuntesdesanluis.com\/index.php\/2024\/05\/20\/la-pobreza-llego-al-55-en-el-primer-trimestre-y-se-duplico-la-indigencia-segun-la-uca\/\"]}]},{\"@type\":\"ImageObject\",\"inLanguage\":\"es-AR\",\"@id\":\"https:\/\/apuntesdesanluis.com\/index.php\/2024\/05\/20\/la-pobreza-llego-al-55-en-el-primer-trimestre-y-se-duplico-la-indigencia-segun-la-uca\/#primaryimage\",\"url\":\"https:\/\/apuntesdesanluis.com\/wp-content\/uploads\/2023\/08\/pobreza.png\",\"contentUrl\":\"https:\/\/apuntesdesanluis.com\/wp-content\/uploads\/2023\/08\/pobreza.png\",\"width\":600,\"height\":392},{\"@type\":\"BreadcrumbList\",\"@id\":\"https:\/\/apuntesdesanluis.com\/index.php\/2024\/05\/20\/la-pobreza-llego-al-55-en-el-primer-trimestre-y-se-duplico-la-indigencia-segun-la-uca\/#breadcrumb\",\"itemListElement\":[{\"@type\":\"ListItem\",\"position\":1,\"name\":\"Inicio\",\"item\":\"https:\/\/apuntesdesanluis.com\/\"},{\"@type\":\"ListItem\",\"position\":2,\"name\":\"LA POBREZA LLEG\u00d3 AL 55% EN EL PRIMER TRIMESTRE Y SE DUPLIC\u00d3 LA INDIGENCIA SEG\u00daN LA UCA\"}]},{\"@type\":\"WebSite\",\"@id\":\"https:\/\/apuntesdesanluis.com\/#website\",\"url\":\"https:\/\/apuntesdesanluis.com\/\",\"name\":\"Apuntes de San Luis\",\"description\":\"\",\"publisher\":{\"@id\":\"https:\/\/apuntesdesanluis.com\/#\/schema\/person\/b55151d52296fcce64d1a72538a70b90\"},\"potentialAction\":[{\"@type\":\"SearchAction\",\"target\":{\"@type\":\"EntryPoint\",\"urlTemplate\":\"https:\/\/apuntesdesanluis.com\/?s={search_term_string}\"},\"query-input\":{\"@type\":\"PropertyValueSpecification\",\"valueRequired\":true,\"valueName\":\"search_term_string\"}}],\"inLanguage\":\"es-AR\"},{\"@type\":[\"Person\",\"Organization\"],\"@id\":\"https:\/\/apuntesdesanluis.com\/#\/schema\/person\/b55151d52296fcce64d1a72538a70b90\",\"name\":\"apuntesdesanluis.com\",\"image\":{\"@type\":\"ImageObject\",\"inLanguage\":\"es-AR\",\"@id\":\"https:\/\/apuntesdesanluis.com\/#\/schema\/person\/image\/\",\"url\":\"https:\/\/apuntesdesanluis.com\/wp-content\/uploads\/2023\/07\/cropped-apuntesdesanluis.png\",\"contentUrl\":\"https:\/\/apuntesdesanluis.com\/wp-content\/uploads\/2023\/07\/cropped-apuntesdesanluis.png\",\"width\":450,\"height\":112,\"caption\":\"apuntesdesanluis.com\"},\"logo\":{\"@id\":\"https:\/\/apuntesdesanluis.com\/#\/schema\/person\/image\/\"},\"sameAs\":[\"https:\/\/apuntesdesanluis.com\"],\"url\":\"https:\/\/apuntesdesanluis.com\/index.php\/author\/apuntesdesanluis-com\/\"}]}<\/script>\n<!-- \/ Yoast SEO plugin. -->","yoast_head_json":{"title":"LA POBREZA LLEG\u00d3 AL 55% EN EL PRIMER TRIMESTRE Y SE DUPLIC\u00d3 LA INDIGENCIA SEG\u00daN LA UCA - Apuntes de San Luis","robots":{"index":"index","follow":"follow","max-snippet":"max-snippet:-1","max-image-preview":"max-image-preview:large","max-video-preview":"max-video-preview:-1"},"canonical":"https:\/\/apuntesdesanluis.com\/index.php\/2024\/05\/20\/la-pobreza-llego-al-55-en-el-primer-trimestre-y-se-duplico-la-indigencia-segun-la-uca\/","og_locale":"es_ES","og_type":"article","og_title":"LA POBREZA LLEG\u00d3 AL 55% EN EL PRIMER TRIMESTRE Y SE DUPLIC\u00d3 LA INDIGENCIA SEG\u00daN LA UCA - Apuntes de San Luis","og_description":"El nivel de pobreza lleg\u00f3 al 55% y la indigencia al 18% de la poblaci\u00f3n...","og_url":"https:\/\/apuntesdesanluis.com\/index.php\/2024\/05\/20\/la-pobreza-llego-al-55-en-el-primer-trimestre-y-se-duplico-la-indigencia-segun-la-uca\/","og_site_name":"Apuntes de San Luis","article_published_time":"2024-05-21T01:26:15+00:00","og_image":[{"width":600,"height":392,"url":"https:\/\/apuntesdesanluis.com\/wp-content\/uploads\/2023\/08\/pobreza.png","type":"image\/png"}],"author":"apuntesdesanluis.com","twitter_card":"summary_large_image","twitter_misc":{"Escrito por":"apuntesdesanluis.com","Tiempo de lectura":"2 minutos"},"schema":{"@context":"https:\/\/schema.org","@graph":[{"@type":"Article","@id":"https:\/\/apuntesdesanluis.com\/index.php\/2024\/05\/20\/la-pobreza-llego-al-55-en-el-primer-trimestre-y-se-duplico-la-indigencia-segun-la-uca\/#article","isPartOf":{"@id":"https:\/\/apuntesdesanluis.com\/index.php\/2024\/05\/20\/la-pobreza-llego-al-55-en-el-primer-trimestre-y-se-duplico-la-indigencia-segun-la-uca\/"},"author":{"name":"apuntesdesanluis.com","@id":"https:\/\/apuntesdesanluis.com\/#\/schema\/person\/b55151d52296fcce64d1a72538a70b90"},"headline":"LA POBREZA LLEG\u00d3 AL 55% EN EL PRIMER TRIMESTRE Y SE DUPLIC\u00d3 LA INDIGENCIA SEG\u00daN LA UCA","datePublished":"2024-05-21T01:26:15+00:00","mainEntityOfPage":{"@id":"https:\/\/apuntesdesanluis.com\/index.php\/2024\/05\/20\/la-pobreza-llego-al-55-en-el-primer-trimestre-y-se-duplico-la-indigencia-segun-la-uca\/"},"wordCount":258,"publisher":{"@id":"https:\/\/apuntesdesanluis.com\/#\/schema\/person\/b55151d52296fcce64d1a72538a70b90"},"image":{"@id":"https:\/\/apuntesdesanluis.com\/index.php\/2024\/05\/20\/la-pobreza-llego-al-55-en-el-primer-trimestre-y-se-duplico-la-indigencia-segun-la-uca\/#primaryimage"},"thumbnailUrl":"https:\/\/apuntesdesanluis.com\/wp-content\/uploads\/2023\/08\/pobreza.png","articleSection":["Nacionales\/Internacionales"],"inLanguage":"es-AR"},{"@type":"WebPage","@id":"https:\/\/apuntesdesanluis.com\/index.php\/2024\/05\/20\/la-pobreza-llego-al-55-en-el-primer-trimestre-y-se-duplico-la-indigencia-segun-la-uca\/","url":"https:\/\/apuntesdesanluis.com\/index.php\/2024\/05\/20\/la-pobreza-llego-al-55-en-el-primer-trimestre-y-se-duplico-la-indigencia-segun-la-uca\/","name":"LA POBREZA LLEG\u00d3 AL 55% EN EL PRIMER TRIMESTRE Y SE DUPLIC\u00d3 LA INDIGENCIA SEG\u00daN LA UCA - Apuntes de San Luis","isPartOf":{"@id":"https:\/\/apuntesdesanluis.com\/#website"},"primaryImageOfPage":{"@id":"https:\/\/apuntesdesanluis.com\/index.php\/2024\/05\/20\/la-pobreza-llego-al-55-en-el-primer-trimestre-y-se-duplico-la-indigencia-segun-la-uca\/#primaryimage"},"image":{"@id":"https:\/\/apuntesdesanluis.com\/index.php\/2024\/05\/20\/la-pobreza-llego-al-55-en-el-primer-trimestre-y-se-duplico-la-indigencia-segun-la-uca\/#primaryimage"},"thumbnailUrl":"https:\/\/apuntesdesanluis.com\/wp-content\/uploads\/2023\/08\/pobreza.png","datePublished":"2024-05-21T01:26:15+00:00","breadcrumb":{"@id":"https:\/\/apuntesdesanluis.com\/index.php\/2024\/05\/20\/la-pobreza-llego-al-55-en-el-primer-trimestre-y-se-duplico-la-indigencia-segun-la-uca\/#breadcrumb"},"inLanguage":"es-AR","potentialAction":[{"@type":"ReadAction","target":["https:\/\/apuntesdesanluis.com\/index.php\/2024\/05\/20\/la-pobreza-llego-al-55-en-el-primer-trimestre-y-se-duplico-la-indigencia-segun-la-uca\/"]}]},{"@type":"ImageObject","inLanguage":"es-AR","@id":"https:\/\/apuntesdesanluis.com\/index.php\/2024\/05\/20\/la-pobreza-llego-al-55-en-el-primer-trimestre-y-se-duplico-la-indigencia-segun-la-uca\/#primaryimage","url":"https:\/\/apuntesdesanluis.com\/wp-content\/uploads\/2023\/08\/pobreza.png","contentUrl":"https:\/\/apuntesdesanluis.com\/wp-content\/uploads\/2023\/08\/pobreza.png","width":600,"height":392},{"@type":"BreadcrumbList","@id":"https:\/\/apuntesdesanluis.com\/index.php\/2024\/05\/20\/la-pobreza-llego-al-55-en-el-primer-trimestre-y-se-duplico-la-indigencia-segun-la-uca\/#breadcrumb","itemListElement":[{"@type":"ListItem","position":1,"name":"Inicio","item":"https:\/\/apuntesdesanluis.com\/"},{"@type":"ListItem","position":2,"name":"LA POBREZA LLEG\u00d3 AL 55% EN EL PRIMER TRIMESTRE Y SE DUPLIC\u00d3 LA INDIGENCIA SEG\u00daN LA UCA"}]},{"@type":"WebSite","@id":"https:\/\/apuntesdesanluis.com\/#website","url":"https:\/\/apuntesdesanluis.com\/","name":"Apuntes de San Luis","description":"","publisher":{"@id":"https:\/\/apuntesdesanluis.com\/#\/schema\/person\/b55151d52296fcce64d1a72538a70b90"},"potentialAction":[{"@type":"SearchAction","target":{"@type":"EntryPoint","urlTemplate":"https:\/\/apuntesdesanluis.com\/?s={search_term_string}"},"query-input":{"@type":"PropertyValueSpecification","valueRequired":true,"valueName":"search_term_string"}}],"inLanguage":"es-AR"},{"@type":["Person","Organization"],"@id":"https:\/\/apuntesdesanluis.com\/#\/schema\/person\/b55151d52296fcce64d1a72538a70b90","name":"apuntesdesanluis.com","image":{"@type":"ImageObject","inLanguage":"es-AR","@id":"https:\/\/apuntesdesanluis.com\/#\/schema\/person\/image\/","url":"https:\/\/apuntesdesanluis.com\/wp-content\/uploads\/2023\/07\/cropped-apuntesdesanluis.png","contentUrl":"https:\/\/apuntesdesanluis.com\/wp-content\/uploads\/2023\/07\/cropped-apuntesdesanluis.png","width":450,"height":112,"caption":"apuntesdesanluis.com"},"logo":{"@id":"https:\/\/apuntesdesanluis.com\/#\/schema\/person\/image\/"},"sameAs":["https:\/\/apuntesdesanluis.com"],"url":"https:\/\/apuntesdesanluis.com\/index.php\/author\/apuntesdesanluis-com\/"}]}},"featured_image_urls":{"full":["https:\/\/apuntesdesanluis.com\/wp-content\/uploads\/2023\/08\/pobreza.png",600,392,false],"thumbnail":["https:\/\/apuntesdesanluis.com\/wp-content\/uploads\/2023\/08\/pobreza-150x150.png",150,150,true],"medium":["https:\/\/apuntesdesanluis.com\/wp-content\/uploads\/2023\/08\/pobreza-300x196.png",300,196,true],"medium_large":["https:\/\/apuntesdesanluis.com\/wp-content\/uploads\/2023\/08\/pobreza.png",600,392,false],"large":["https:\/\/apuntesdesanluis.com\/wp-content\/uploads\/2023\/08\/pobreza.png",600,392,false],"1536x1536":["https:\/\/apuntesdesanluis.com\/wp-content\/uploads\/2023\/08\/pobreza.png",600,392,false],"2048x2048":["https:\/\/apuntesdesanluis.com\/wp-content\/uploads\/2023\/08\/pobreza.png",600,392,false],"newsever-slider-full":["https:\/\/apuntesdesanluis.com\/wp-content\/uploads\/2023\/08\/pobreza.png",600,392,false],"newsever-featured":["https:\/\/apuntesdesanluis.com\/wp-content\/uploads\/2023\/08\/pobreza.png",600,392,false],"newsever-medium":["https:\/\/apuntesdesanluis.com\/wp-content\/uploads\/2023\/08\/pobreza.png",600,392,false]},"author_info":{"display_name":"apuntesdesanluis.com","author_link":"https:\/\/apuntesdesanluis.com\/index.php\/author\/apuntesdesanluis-com\/"},"category_info":"<a href=\"https:\/\/apuntesdesanluis.com\/index.php\/category\/nacionales-internacionales\/\" rel=\"category tag\">Nacionales\/Internacionales<\/a>","tag_info":"Nacionales\/Internacionales","comment_count":"0","_links":{"self":[{"href":"https:\/\/apuntesdesanluis.com\/index.php\/wp-json\/wp\/v2\/posts\/16499","targetHints":{"allow":["GET"]}}],"collection":[{"href":"https:\/\/apuntesdesanluis.com\/index.php\/wp-json\/wp\/v2\/posts"}],"about":[{"href":"https:\/\/apuntesdesanluis.com\/index.php\/wp-json\/wp\/v2\/types\/post"}],"author":[{"embeddable":true,"href":"https:\/\/apuntesdesanluis.com\/index.php\/wp-json\/wp\/v2\/users\/1"}],"replies":[{"embeddable":true,"href":"https:\/\/apuntesdesanluis.com\/index.php\/wp-json\/wp\/v2\/comments?post=16499"}],"version-history":[{"count":1,"href":"https:\/\/apuntesdesanluis.com\/index.php\/wp-json\/wp\/v2\/posts\/16499\/revisions"}],"predecessor-version":[{"id":16500,"href":"https:\/\/apuntesdesanluis.com\/index.php\/wp-json\/wp\/v2\/posts\/16499\/revisions\/16500"}],"wp:featuredmedia":[{"embeddable":true,"href":"https:\/\/apuntesdesanluis.com\/index.php\/wp-json\/wp\/v2\/media\/1103"}],"wp:attachment":[{"href":"https:\/\/apuntesdesanluis.com\/index.php\/wp-json\/wp\/v2\/media?parent=16499"}],"wp:term":[{"taxonomy":"category","embeddable":true,"href":"https:\/\/apuntesdesanluis.com\/index.php\/wp-json\/wp\/v2\/categories?post=16499"},{"taxonomy":"post_tag","embeddable":true,"href":"https:\/\/apuntesdesanluis.com\/index.php\/wp-json\/wp\/v2\/tags?post=16499"}],"curies":[{"name":"wp","href":"https:\/\/api.w.org\/{rel}","templated":true}]}}