{"id":16501,"date":"2024-05-21T09:18:53","date_gmt":"2024-05-21T12:18:53","guid":{"rendered":"https:\/\/apuntesdesanluis.com\/?p=16501"},"modified":"2024-05-21T09:19:34","modified_gmt":"2024-05-21T12:19:34","slug":"proceso-de-reorganizacion-el-gobierno-muteo-las-redes-y-paginas-de-medios-publicos","status":"publish","type":"post","link":"https:\/\/apuntesdesanluis.com\/index.php\/2024\/05\/21\/proceso-de-reorganizacion-el-gobierno-muteo-las-redes-y-paginas-de-medios-publicos\/","title":{"rendered":"&#8220;PROCESO DE REORGANIZACI\u00d3N&#8221;: EL GOBIERNO MUTE\u00d3 LAS REDES Y P\u00c1GINAS DE MEDIOS P\u00daBLICOS"},"content":{"rendered":"<h3>El Gobierno de<strong> Javier Milei<\/strong> suspendi\u00f3 &#8220;temporalmente&#8221; los contenidos de las redes sociales y p\u00e1ginas web de los Medios P\u00fablicos. La medida comenz\u00f3 a las 00 de este martes y abarca a las redes sociales y p\u00e1ginas web de la Televisi\u00f3n P\u00fablica, Radio Nacional, las emisoras del interior, FM Cl\u00e1sica, FM Rock, FM Folckl\u00f3rica, Paka Paka y Canal Encuentro.<\/h3>\n<h3>Ante esta decisi\u00f3n del gobierno, los gremios de prensa denunciaron un &#8220;apag\u00f3n informativo&#8221; y &#8220;censura&#8221; en los medios p\u00fablicos.<\/h3>\n<h3>&#8220;Los medios p\u00fablicos se encuentran en un proceso de reorganizaci\u00f3n&#8221;, afirma el comunicado difundido por los medios p\u00fablicos. La frase recuerda a la establecida por la dictadura militar autoploclamada &#8220;proceso de reorganizaci\u00f3n nacional&#8221;.<\/h3>\n<h3>La medida fue confirmada a trav\u00e9s de un comunicado que se\u00f1ala que ser\u00e1 \u201chasta tanto se reorganicen los procesos de trabajo\u201d. Y detalla: \u201cLos Medios P\u00fablicos se encuentran en un proceso de reorganizaci\u00f3n que tiene como objetivo mejorar la producci\u00f3n, realizaci\u00f3n y difusi\u00f3n de los contenidos que se generan\u201d.<\/h3>\n<h3>El documento fue publicado en las redes de todos los medios p\u00fablicos y justifica que \u201cse ha tomado la decisi\u00f3n de pausar temporalmente todos los contenidos de las redes sociales y p\u00e1ginas web de los Medios P\u00fablicos\u201d y \u201cde esta manera, se unificar\u00e1n los criterios de difusi\u00f3n en redes sociales y se reiniciar\u00e1 la comunicaci\u00f3n digital luego de una reorganizaci\u00f3n interna de las empresas\u201d.<\/h3>\n<h3>\u201cEsta medida abarca a las redes sociales y sitios web de Televisi\u00f3n P\u00fablica, Radio Nacional, las emisoras del interior, FM Cl\u00e1sica, FM Rock, FM Folcl\u00f3rica, Paka Paka y Canal Encuentro, hasta que se reorganicen los procesos de trabajo y producci\u00f3n de contenidos\u201d, detalla.<\/h3>\n<p><img fetchpriority=\"high\" decoding=\"async\" class=\"wp-image-16502 aligncenter\" src=\"https:\/\/apuntesdesanluis.com\/wp-content\/uploads\/2024\/05\/RESOLUCION-289x300.jpg\" alt=\"\" width=\"488\" height=\"507\" srcset=\"https:\/\/apuntesdesanluis.com\/wp-content\/uploads\/2024\/05\/RESOLUCION-289x300.jpg 289w, https:\/\/apuntesdesanluis.com\/wp-content\/uploads\/2024\/05\/RESOLUCION.jpg 600w\" sizes=\"(max-width: 488px) 100vw, 488px\" \/><\/p>\n<h3>En tanto, Radio y Televisi\u00f3n Argentina public\u00f3 una resoluci\u00f3n con la firma del interventor Diego Chaher, que se\u00f1al\u00f3 que desde las 00 del 21 de mayo se interrumpe \u201cla creaci\u00f3n, difusi\u00f3n y publicaci\u00f3n de contenidos, en todas las redes sociales, como en las p\u00e1ginas webs de las dos unidades de negocios de la empresa\u201d. En ese sentido, en las p\u00e1ginas webs de los medios p\u00fablicos, se ve la leyenda de \u201csitio en reconstrucci\u00f3n\u201d, al igual que ocurri\u00f3 con T\u00e9lam en marzo pasado.<\/h3>\n<h3>A principios de febrero pasado, el Gobierno Nacional oficializ\u00f3 la intervenci\u00f3n de los medios de comunicaci\u00f3n p\u00fablicos por el plazo de un a\u00f1o y design\u00f3 sus nuevas autoridades. La medida se confirm\u00f3 con la publicaci\u00f3n en el Bolet\u00edn Oficial del Decreto 117\/2024 y se dispuso la intervenci\u00f3n de T\u00e9lam, Radio y Televisi\u00f3n Argentina, Contenidos P\u00fablicos y la plataforma Edu.ar<\/h3>\n<h3><strong>DENUNCIA DE GREMIOS<\/strong><\/h3>\n<h3>Ante esta decisi\u00f3n del gobierno, los gremios de prensa denunciaron un &#8220;apag\u00f3n informativo&#8221; y &#8220;censura&#8221; en los medios p\u00fablicos por parte de la administraci\u00f3n de La Libertad Avanza y rechazaron el intento de privatizaci\u00f3n. \u201cM\u00e1s censura en los Medios p\u00fablicos: apag\u00f3n digital. Desde las Comisiones Internas de Sipreba en Radio Nacional y TV P\u00fablica rechazamos el silenciamiento de las redes sociales de ambos medios de comunicaci\u00f3n p\u00fablicos, que ser\u00e1n apagados durante una presunta \u2018reestructuraci\u00f3n:\u201d, apuntaron.<\/h3>\n<h3>El Sindicato de Prensa de Buenos Aires (Sipreba) emiti\u00f3 un comunicado exigiendo a los senadores y senadoras que defiendan los medios p\u00fablicos, rechazaron su privatizaci\u00f3n y la ley Bases. Adem\u00e1s, criticaron que el Gobierno de Milei por eliminar el directorio de los medios p\u00fablicos y \u201cavanzar en un plan de destrucci\u00f3n\u201d.<\/h3>\n<p>&nbsp;<\/p>\n<p>&nbsp;<\/p>\n<p>&nbsp;<\/p>\n<p>&nbsp;<\/p>\n<p>&nbsp;<\/p>\n<p>&nbsp;<\/p>\n","protected":false},"excerpt":{"rendered":"<p>El Gobierno de Javier Milei suspendi\u00f3 &#8220;temporalmente&#8221; los contenidos de las redes sociales y p\u00e1ginas&#8230;<\/p>\n","protected":false},"author":1,"featured_media":16503,"comment_status":"closed","ping_status":"closed","sticky":false,"template":"","format":"standard","meta":{"footnotes":""},"categories":[5],"tags":[],"class_list":["post-16501","post","type-post","status-publish","format-standard","has-post-thumbnail","hentry","category-nacionales-internacionales"],"yoast_head":"<!-- This site is optimized with the Yoast SEO plugin v26.1.1 - https:\/\/yoast.com\/wordpress\/plugins\/seo\/ -->\n<title>&quot;PROCESO DE REORGANIZACI\u00d3N&quot;: EL GOBIERNO MUTE\u00d3 LAS REDES Y P\u00c1GINAS DE MEDIOS P\u00daBLICOS - Apuntes de San Luis<\/title>\n<meta name=\"robots\" content=\"index, follow, max-snippet:-1, max-image-preview:large, max-video-preview:-1\" \/>\n<link rel=\"canonical\" href=\"https:\/\/apuntesdesanluis.com\/index.php\/2024\/05\/21\/proceso-de-reorganizacion-el-gobierno-muteo-las-redes-y-paginas-de-medios-publicos\/\" \/>\n<meta property=\"og:locale\" content=\"es_ES\" \/>\n<meta property=\"og:type\" content=\"article\" \/>\n<meta property=\"og:title\" content=\"&quot;PROCESO DE REORGANIZACI\u00d3N&quot;: EL GOBIERNO MUTE\u00d3 LAS REDES Y P\u00c1GINAS DE MEDIOS P\u00daBLICOS - Apuntes de San Luis\" \/>\n<meta property=\"og:description\" content=\"El Gobierno de Javier Milei suspendi\u00f3 &#8220;temporalmente&#8221; los contenidos de las redes sociales y p\u00e1ginas...\" \/>\n<meta property=\"og:url\" content=\"https:\/\/apuntesdesanluis.com\/index.php\/2024\/05\/21\/proceso-de-reorganizacion-el-gobierno-muteo-las-redes-y-paginas-de-medios-publicos\/\" \/>\n<meta property=\"og:site_name\" content=\"Apuntes de San Luis\" \/>\n<meta property=\"article:published_time\" content=\"2024-05-21T12:18:53+00:00\" \/>\n<meta property=\"article:modified_time\" content=\"2024-05-21T12:19:34+00:00\" \/>\n<meta property=\"og:image\" content=\"https:\/\/apuntesdesanluis.com\/wp-content\/uploads\/2024\/05\/milei-tv-publica.png\" \/>\n\t<meta property=\"og:image:width\" content=\"676\" \/>\n\t<meta property=\"og:image:height\" content=\"405\" \/>\n\t<meta property=\"og:image:type\" content=\"image\/png\" \/>\n<meta name=\"author\" content=\"apuntesdesanluis.com\" \/>\n<meta name=\"twitter:card\" content=\"summary_large_image\" \/>\n<meta name=\"twitter:label1\" content=\"Escrito por\" \/>\n\t<meta name=\"twitter:data1\" content=\"apuntesdesanluis.com\" \/>\n\t<meta name=\"twitter:label2\" content=\"Tiempo de lectura\" \/>\n\t<meta name=\"twitter:data2\" content=\"3 minutos\" \/>\n<script type=\"application\/ld+json\" class=\"yoast-schema-graph\">{\"@context\":\"https:\/\/schema.org\",\"@graph\":[{\"@type\":\"Article\",\"@id\":\"https:\/\/apuntesdesanluis.com\/index.php\/2024\/05\/21\/proceso-de-reorganizacion-el-gobierno-muteo-las-redes-y-paginas-de-medios-publicos\/#article\",\"isPartOf\":{\"@id\":\"https:\/\/apuntesdesanluis.com\/index.php\/2024\/05\/21\/proceso-de-reorganizacion-el-gobierno-muteo-las-redes-y-paginas-de-medios-publicos\/\"},\"author\":{\"name\":\"apuntesdesanluis.com\",\"@id\":\"https:\/\/apuntesdesanluis.com\/#\/schema\/person\/b55151d52296fcce64d1a72538a70b90\"},\"headline\":\"&#8220;PROCESO DE REORGANIZACI\u00d3N&#8221;: EL GOBIERNO MUTE\u00d3 LAS REDES Y P\u00c1GINAS DE MEDIOS P\u00daBLICOS\",\"datePublished\":\"2024-05-21T12:18:53+00:00\",\"dateModified\":\"2024-05-21T12:19:34+00:00\",\"mainEntityOfPage\":{\"@id\":\"https:\/\/apuntesdesanluis.com\/index.php\/2024\/05\/21\/proceso-de-reorganizacion-el-gobierno-muteo-las-redes-y-paginas-de-medios-publicos\/\"},\"wordCount\":629,\"publisher\":{\"@id\":\"https:\/\/apuntesdesanluis.com\/#\/schema\/person\/b55151d52296fcce64d1a72538a70b90\"},\"image\":{\"@id\":\"https:\/\/apuntesdesanluis.com\/index.php\/2024\/05\/21\/proceso-de-reorganizacion-el-gobierno-muteo-las-redes-y-paginas-de-medios-publicos\/#primaryimage\"},\"thumbnailUrl\":\"https:\/\/apuntesdesanluis.com\/wp-content\/uploads\/2024\/05\/milei-tv-publica.png\",\"articleSection\":[\"Nacionales\/Internacionales\"],\"inLanguage\":\"es-AR\"},{\"@type\":\"WebPage\",\"@id\":\"https:\/\/apuntesdesanluis.com\/index.php\/2024\/05\/21\/proceso-de-reorganizacion-el-gobierno-muteo-las-redes-y-paginas-de-medios-publicos\/\",\"url\":\"https:\/\/apuntesdesanluis.com\/index.php\/2024\/05\/21\/proceso-de-reorganizacion-el-gobierno-muteo-las-redes-y-paginas-de-medios-publicos\/\",\"name\":\"\\\"PROCESO DE REORGANIZACI\u00d3N\\\": EL GOBIERNO MUTE\u00d3 LAS REDES Y P\u00c1GINAS DE MEDIOS P\u00daBLICOS - Apuntes de San Luis\",\"isPartOf\":{\"@id\":\"https:\/\/apuntesdesanluis.com\/#website\"},\"primaryImageOfPage\":{\"@id\":\"https:\/\/apuntesdesanluis.com\/index.php\/2024\/05\/21\/proceso-de-reorganizacion-el-gobierno-muteo-las-redes-y-paginas-de-medios-publicos\/#primaryimage\"},\"image\":{\"@id\":\"https:\/\/apuntesdesanluis.com\/index.php\/2024\/05\/21\/proceso-de-reorganizacion-el-gobierno-muteo-las-redes-y-paginas-de-medios-publicos\/#primaryimage\"},\"thumbnailUrl\":\"https:\/\/apuntesdesanluis.com\/wp-content\/uploads\/2024\/05\/milei-tv-publica.png\",\"datePublished\":\"2024-05-21T12:18:53+00:00\",\"dateModified\":\"2024-05-21T12:19:34+00:00\",\"breadcrumb\":{\"@id\":\"https:\/\/apuntesdesanluis.com\/index.php\/2024\/05\/21\/proceso-de-reorganizacion-el-gobierno-muteo-las-redes-y-paginas-de-medios-publicos\/#breadcrumb\"},\"inLanguage\":\"es-AR\",\"potentialAction\":[{\"@type\":\"ReadAction\",\"target\":[\"https:\/\/apuntesdesanluis.com\/index.php\/2024\/05\/21\/proceso-de-reorganizacion-el-gobierno-muteo-las-redes-y-paginas-de-medios-publicos\/\"]}]},{\"@type\":\"ImageObject\",\"inLanguage\":\"es-AR\",\"@id\":\"https:\/\/apuntesdesanluis.com\/index.php\/2024\/05\/21\/proceso-de-reorganizacion-el-gobierno-muteo-las-redes-y-paginas-de-medios-publicos\/#primaryimage\",\"url\":\"https:\/\/apuntesdesanluis.com\/wp-content\/uploads\/2024\/05\/milei-tv-publica.png\",\"contentUrl\":\"https:\/\/apuntesdesanluis.com\/wp-content\/uploads\/2024\/05\/milei-tv-publica.png\",\"width\":676,\"height\":405},{\"@type\":\"BreadcrumbList\",\"@id\":\"https:\/\/apuntesdesanluis.com\/index.php\/2024\/05\/21\/proceso-de-reorganizacion-el-gobierno-muteo-las-redes-y-paginas-de-medios-publicos\/#breadcrumb\",\"itemListElement\":[{\"@type\":\"ListItem\",\"position\":1,\"name\":\"Inicio\",\"item\":\"https:\/\/apuntesdesanluis.com\/\"},{\"@type\":\"ListItem\",\"position\":2,\"name\":\"&#8220;PROCESO DE REORGANIZACI\u00d3N&#8221;: EL GOBIERNO MUTE\u00d3 LAS REDES Y P\u00c1GINAS DE MEDIOS P\u00daBLICOS\"}]},{\"@type\":\"WebSite\",\"@id\":\"https:\/\/apuntesdesanluis.com\/#website\",\"url\":\"https:\/\/apuntesdesanluis.com\/\",\"name\":\"Apuntes de San Luis\",\"description\":\"\",\"publisher\":{\"@id\":\"https:\/\/apuntesdesanluis.com\/#\/schema\/person\/b55151d52296fcce64d1a72538a70b90\"},\"potentialAction\":[{\"@type\":\"SearchAction\",\"target\":{\"@type\":\"EntryPoint\",\"urlTemplate\":\"https:\/\/apuntesdesanluis.com\/?s={search_term_string}\"},\"query-input\":{\"@type\":\"PropertyValueSpecification\",\"valueRequired\":true,\"valueName\":\"search_term_string\"}}],\"inLanguage\":\"es-AR\"},{\"@type\":[\"Person\",\"Organization\"],\"@id\":\"https:\/\/apuntesdesanluis.com\/#\/schema\/person\/b55151d52296fcce64d1a72538a70b90\",\"name\":\"apuntesdesanluis.com\",\"image\":{\"@type\":\"ImageObject\",\"inLanguage\":\"es-AR\",\"@id\":\"https:\/\/apuntesdesanluis.com\/#\/schema\/person\/image\/\",\"url\":\"https:\/\/apuntesdesanluis.com\/wp-content\/uploads\/2023\/07\/cropped-apuntesdesanluis.png\",\"contentUrl\":\"https:\/\/apuntesdesanluis.com\/wp-content\/uploads\/2023\/07\/cropped-apuntesdesanluis.png\",\"width\":450,\"height\":112,\"caption\":\"apuntesdesanluis.com\"},\"logo\":{\"@id\":\"https:\/\/apuntesdesanluis.com\/#\/schema\/person\/image\/\"},\"sameAs\":[\"https:\/\/apuntesdesanluis.com\"],\"url\":\"https:\/\/apuntesdesanluis.com\/index.php\/author\/apuntesdesanluis-com\/\"}]}<\/script>\n<!-- \/ Yoast SEO plugin. -->","yoast_head_json":{"title":"\"PROCESO DE REORGANIZACI\u00d3N\": EL GOBIERNO MUTE\u00d3 LAS REDES Y P\u00c1GINAS DE MEDIOS P\u00daBLICOS - Apuntes de San Luis","robots":{"index":"index","follow":"follow","max-snippet":"max-snippet:-1","max-image-preview":"max-image-preview:large","max-video-preview":"max-video-preview:-1"},"canonical":"https:\/\/apuntesdesanluis.com\/index.php\/2024\/05\/21\/proceso-de-reorganizacion-el-gobierno-muteo-las-redes-y-paginas-de-medios-publicos\/","og_locale":"es_ES","og_type":"article","og_title":"\"PROCESO DE REORGANIZACI\u00d3N\": EL GOBIERNO MUTE\u00d3 LAS REDES Y P\u00c1GINAS DE MEDIOS P\u00daBLICOS - Apuntes de San Luis","og_description":"El Gobierno de Javier Milei suspendi\u00f3 &#8220;temporalmente&#8221; los contenidos de las redes sociales y p\u00e1ginas...","og_url":"https:\/\/apuntesdesanluis.com\/index.php\/2024\/05\/21\/proceso-de-reorganizacion-el-gobierno-muteo-las-redes-y-paginas-de-medios-publicos\/","og_site_name":"Apuntes de San Luis","article_published_time":"2024-05-21T12:18:53+00:00","article_modified_time":"2024-05-21T12:19:34+00:00","og_image":[{"width":676,"height":405,"url":"https:\/\/apuntesdesanluis.com\/wp-content\/uploads\/2024\/05\/milei-tv-publica.png","type":"image\/png"}],"author":"apuntesdesanluis.com","twitter_card":"summary_large_image","twitter_misc":{"Escrito por":"apuntesdesanluis.com","Tiempo de lectura":"3 minutos"},"schema":{"@context":"https:\/\/schema.org","@graph":[{"@type":"Article","@id":"https:\/\/apuntesdesanluis.com\/index.php\/2024\/05\/21\/proceso-de-reorganizacion-el-gobierno-muteo-las-redes-y-paginas-de-medios-publicos\/#article","isPartOf":{"@id":"https:\/\/apuntesdesanluis.com\/index.php\/2024\/05\/21\/proceso-de-reorganizacion-el-gobierno-muteo-las-redes-y-paginas-de-medios-publicos\/"},"author":{"name":"apuntesdesanluis.com","@id":"https:\/\/apuntesdesanluis.com\/#\/schema\/person\/b55151d52296fcce64d1a72538a70b90"},"headline":"&#8220;PROCESO DE REORGANIZACI\u00d3N&#8221;: EL GOBIERNO MUTE\u00d3 LAS REDES Y P\u00c1GINAS DE MEDIOS P\u00daBLICOS","datePublished":"2024-05-21T12:18:53+00:00","dateModified":"2024-05-21T12:19:34+00:00","mainEntityOfPage":{"@id":"https:\/\/apuntesdesanluis.com\/index.php\/2024\/05\/21\/proceso-de-reorganizacion-el-gobierno-muteo-las-redes-y-paginas-de-medios-publicos\/"},"wordCount":629,"publisher":{"@id":"https:\/\/apuntesdesanluis.com\/#\/schema\/person\/b55151d52296fcce64d1a72538a70b90"},"image":{"@id":"https:\/\/apuntesdesanluis.com\/index.php\/2024\/05\/21\/proceso-de-reorganizacion-el-gobierno-muteo-las-redes-y-paginas-de-medios-publicos\/#primaryimage"},"thumbnailUrl":"https:\/\/apuntesdesanluis.com\/wp-content\/uploads\/2024\/05\/milei-tv-publica.png","articleSection":["Nacionales\/Internacionales"],"inLanguage":"es-AR"},{"@type":"WebPage","@id":"https:\/\/apuntesdesanluis.com\/index.php\/2024\/05\/21\/proceso-de-reorganizacion-el-gobierno-muteo-las-redes-y-paginas-de-medios-publicos\/","url":"https:\/\/apuntesdesanluis.com\/index.php\/2024\/05\/21\/proceso-de-reorganizacion-el-gobierno-muteo-las-redes-y-paginas-de-medios-publicos\/","name":"\"PROCESO DE REORGANIZACI\u00d3N\": EL GOBIERNO MUTE\u00d3 LAS REDES Y P\u00c1GINAS DE MEDIOS P\u00daBLICOS - Apuntes de San Luis","isPartOf":{"@id":"https:\/\/apuntesdesanluis.com\/#website"},"primaryImageOfPage":{"@id":"https:\/\/apuntesdesanluis.com\/index.php\/2024\/05\/21\/proceso-de-reorganizacion-el-gobierno-muteo-las-redes-y-paginas-de-medios-publicos\/#primaryimage"},"image":{"@id":"https:\/\/apuntesdesanluis.com\/index.php\/2024\/05\/21\/proceso-de-reorganizacion-el-gobierno-muteo-las-redes-y-paginas-de-medios-publicos\/#primaryimage"},"thumbnailUrl":"https:\/\/apuntesdesanluis.com\/wp-content\/uploads\/2024\/05\/milei-tv-publica.png","datePublished":"2024-05-21T12:18:53+00:00","dateModified":"2024-05-21T12:19:34+00:00","breadcrumb":{"@id":"https:\/\/apuntesdesanluis.com\/index.php\/2024\/05\/21\/proceso-de-reorganizacion-el-gobierno-muteo-las-redes-y-paginas-de-medios-publicos\/#breadcrumb"},"inLanguage":"es-AR","potentialAction":[{"@type":"ReadAction","target":["https:\/\/apuntesdesanluis.com\/index.php\/2024\/05\/21\/proceso-de-reorganizacion-el-gobierno-muteo-las-redes-y-paginas-de-medios-publicos\/"]}]},{"@type":"ImageObject","inLanguage":"es-AR","@id":"https:\/\/apuntesdesanluis.com\/index.php\/2024\/05\/21\/proceso-de-reorganizacion-el-gobierno-muteo-las-redes-y-paginas-de-medios-publicos\/#primaryimage","url":"https:\/\/apuntesdesanluis.com\/wp-content\/uploads\/2024\/05\/milei-tv-publica.png","contentUrl":"https:\/\/apuntesdesanluis.com\/wp-content\/uploads\/2024\/05\/milei-tv-publica.png","width":676,"height":405},{"@type":"BreadcrumbList","@id":"https:\/\/apuntesdesanluis.com\/index.php\/2024\/05\/21\/proceso-de-reorganizacion-el-gobierno-muteo-las-redes-y-paginas-de-medios-publicos\/#breadcrumb","itemListElement":[{"@type":"ListItem","position":1,"name":"Inicio","item":"https:\/\/apuntesdesanluis.com\/"},{"@type":"ListItem","position":2,"name":"&#8220;PROCESO DE REORGANIZACI\u00d3N&#8221;: EL GOBIERNO MUTE\u00d3 LAS REDES Y P\u00c1GINAS DE MEDIOS P\u00daBLICOS"}]},{"@type":"WebSite","@id":"https:\/\/apuntesdesanluis.com\/#website","url":"https:\/\/apuntesdesanluis.com\/","name":"Apuntes de San Luis","description":"","publisher":{"@id":"https:\/\/apuntesdesanluis.com\/#\/schema\/person\/b55151d52296fcce64d1a72538a70b90"},"potentialAction":[{"@type":"SearchAction","target":{"@type":"EntryPoint","urlTemplate":"https:\/\/apuntesdesanluis.com\/?s={search_term_string}"},"query-input":{"@type":"PropertyValueSpecification","valueRequired":true,"valueName":"search_term_string"}}],"inLanguage":"es-AR"},{"@type":["Person","Organization"],"@id":"https:\/\/apuntesdesanluis.com\/#\/schema\/person\/b55151d52296fcce64d1a72538a70b90","name":"apuntesdesanluis.com","image":{"@type":"ImageObject","inLanguage":"es-AR","@id":"https:\/\/apuntesdesanluis.com\/#\/schema\/person\/image\/","url":"https:\/\/apuntesdesanluis.com\/wp-content\/uploads\/2023\/07\/cropped-apuntesdesanluis.png","contentUrl":"https:\/\/apuntesdesanluis.com\/wp-content\/uploads\/2023\/07\/cropped-apuntesdesanluis.png","width":450,"height":112,"caption":"apuntesdesanluis.com"},"logo":{"@id":"https:\/\/apuntesdesanluis.com\/#\/schema\/person\/image\/"},"sameAs":["https:\/\/apuntesdesanluis.com"],"url":"https:\/\/apuntesdesanluis.com\/index.php\/author\/apuntesdesanluis-com\/"}]}},"featured_image_urls":{"full":["https:\/\/apuntesdesanluis.com\/wp-content\/uploads\/2024\/05\/milei-tv-publica.png",676,405,false],"thumbnail":["https:\/\/apuntesdesanluis.com\/wp-content\/uploads\/2024\/05\/milei-tv-publica-150x150.png",150,150,true],"medium":["https:\/\/apuntesdesanluis.com\/wp-content\/uploads\/2024\/05\/milei-tv-publica-300x180.png",300,180,true],"medium_large":["https:\/\/apuntesdesanluis.com\/wp-content\/uploads\/2024\/05\/milei-tv-publica.png",640,383,false],"large":["https:\/\/apuntesdesanluis.com\/wp-content\/uploads\/2024\/05\/milei-tv-publica.png",640,383,false],"1536x1536":["https:\/\/apuntesdesanluis.com\/wp-content\/uploads\/2024\/05\/milei-tv-publica.png",676,405,false],"2048x2048":["https:\/\/apuntesdesanluis.com\/wp-content\/uploads\/2024\/05\/milei-tv-publica.png",676,405,false],"newsever-slider-full":["https:\/\/apuntesdesanluis.com\/wp-content\/uploads\/2024\/05\/milei-tv-publica.png",676,405,false],"newsever-featured":["https:\/\/apuntesdesanluis.com\/wp-content\/uploads\/2024\/05\/milei-tv-publica.png",676,405,false],"newsever-medium":["https:\/\/apuntesdesanluis.com\/wp-content\/uploads\/2024\/05\/milei-tv-publica.png",676,405,false]},"author_info":{"display_name":"apuntesdesanluis.com","author_link":"https:\/\/apuntesdesanluis.com\/index.php\/author\/apuntesdesanluis-com\/"},"category_info":"<a href=\"https:\/\/apuntesdesanluis.com\/index.php\/category\/nacionales-internacionales\/\" rel=\"category tag\">Nacionales\/Internacionales<\/a>","tag_info":"Nacionales\/Internacionales","comment_count":"0","_links":{"self":[{"href":"https:\/\/apuntesdesanluis.com\/index.php\/wp-json\/wp\/v2\/posts\/16501","targetHints":{"allow":["GET"]}}],"collection":[{"href":"https:\/\/apuntesdesanluis.com\/index.php\/wp-json\/wp\/v2\/posts"}],"about":[{"href":"https:\/\/apuntesdesanluis.com\/index.php\/wp-json\/wp\/v2\/types\/post"}],"author":[{"embeddable":true,"href":"https:\/\/apuntesdesanluis.com\/index.php\/wp-json\/wp\/v2\/users\/1"}],"replies":[{"embeddable":true,"href":"https:\/\/apuntesdesanluis.com\/index.php\/wp-json\/wp\/v2\/comments?post=16501"}],"version-history":[{"count":2,"href":"https:\/\/apuntesdesanluis.com\/index.php\/wp-json\/wp\/v2\/posts\/16501\/revisions"}],"predecessor-version":[{"id":16505,"href":"https:\/\/apuntesdesanluis.com\/index.php\/wp-json\/wp\/v2\/posts\/16501\/revisions\/16505"}],"wp:featuredmedia":[{"embeddable":true,"href":"https:\/\/apuntesdesanluis.com\/index.php\/wp-json\/wp\/v2\/media\/16503"}],"wp:attachment":[{"href":"https:\/\/apuntesdesanluis.com\/index.php\/wp-json\/wp\/v2\/media?parent=16501"}],"wp:term":[{"taxonomy":"category","embeddable":true,"href":"https:\/\/apuntesdesanluis.com\/index.php\/wp-json\/wp\/v2\/categories?post=16501"},{"taxonomy":"post_tag","embeddable":true,"href":"https:\/\/apuntesdesanluis.com\/index.php\/wp-json\/wp\/v2\/tags?post=16501"}],"curies":[{"name":"wp","href":"https:\/\/api.w.org\/{rel}","templated":true}]}}