{"id":16530,"date":"2024-05-21T21:06:42","date_gmt":"2024-05-22T00:06:42","guid":{"rendered":"https:\/\/apuntesdesanluis.com\/?p=16530"},"modified":"2024-05-21T21:09:19","modified_gmt":"2024-05-22T00:09:19","slug":"jornadas-de-visibilizacion-del-conflicto-y-paro-de-docentes-y-no-docentes-en-todas-las-universidades-del-pais","status":"publish","type":"post","link":"https:\/\/apuntesdesanluis.com\/index.php\/2024\/05\/21\/jornadas-de-visibilizacion-del-conflicto-y-paro-de-docentes-y-no-docentes-en-todas-las-universidades-del-pais\/","title":{"rendered":"JORNADAS DE VISIBILIZACI\u00d3N DEL CONFLICTO Y PARO DE DOCENTES Y NO DOCENTES EN TODAS LAS UNIVERSIDADES"},"content":{"rendered":"<h3>Este mi\u00e9rcoles 22 de mayo se realizar\u00e1n en todo el pa\u00eds actividades para visibilizar los reclamos del Frente Sindical de las Universidades Nacionales. El plan de lucha continuar\u00e1 el jueves 23 con un paro de docentes y nodocentes, sin concurrencia a los lugares de trabajo.<\/h3>\n<h3>\u201cLamentablemente, en los \u00faltimos cinco meses las y los trabajadores de las Universidades sufrimos la mayor p\u00e9rdida de poder adquisitivo del salario de la historia, m\u00e1s del 60% de nuestros ingresos frente a la inflaci\u00f3n\u201d,\u00a0 indic\u00f3 la <strong>Federaci\u00f3n de Docentes de las Universidades (FEDUN)<\/strong>.<\/h3>\n<h3>El sector cuestiona adem\u00e1s la decisi\u00f3n del gobierno de eliminar el Fondo de Incentivo Docente (FONID), avanzar sobre el cierre de Universidades y sedes universitarias y discontinuar programas y becas para estudiantes, todo ello agravado por el brutal ajuste tarifario en servicios p\u00fablicos, transporte y alimentos.<\/h3>\n<h3>\u201cLa gran marcha universitaria del 23 de abril, demostr\u00f3 contundentemente que los argentinos estamos orgullosos de nuestras Universidades P\u00fablicas, por la calidad de su formaci\u00f3n acad\u00e9mica, por su compromiso social, por los Hospitales Universitarios y por el desarrollo cient\u00edfico y tecnol\u00f3gico. Todo ello se sostiene d\u00eda a d\u00eda por los trabajadores de las Universidades, por lo que es imposible pensar en una Universidad P\u00fablica de calidad, sin trabajadores docentes y no docentes comprometidos con nuestro trabajo\u201d, enfatiz\u00f3 FEDUN.<\/h3>\n<h3>Agreg\u00f3 que \u201cla situaci\u00f3n del Sistema Universitario sigue siendo cr\u00edtica, el gobierno desconoce nuestros leg\u00edtimos reclamos y busca a trav\u00e9s de mentiras, artilugios y propaganda en medios de comunicaci\u00f3n desacreditar el trabajo y la funci\u00f3n de las Universidades, perseguir e intimidar a trabajadores y trabajadoras y eludir toda negociaci\u00f3n que intente dar soluci\u00f3n al conflicto\u201d.<\/h3>\n<h3>Finalmente record\u00f3 que el pasado lunes se realiz\u00f3 una nueva reuni\u00f3n paritaria, en la que el gobierno nacional ofreci\u00f3 discrecionalmente un 9% de aumento y volvi\u00f3 a desconocer todas las demandas del Frente Sindical. \u201cAnte este panorama inadmisible, la Federaci\u00f3n de Docentes de las Universidades (FEDUN), al igual que todos los sindicatos de trabajadores docentes y nodocentes presentes, rechaz\u00f3 la propuesta y confirm\u00f3 la jornada del 22 y el paro del 23\u201d.<\/h3>\n<h3><strong>MARCHA DE ANTORCHAS<\/strong><\/h3>\n<h3>Este mi\u00e9rcoles en nuestra provincia habr\u00e1 actividades de protesta y visibilizaci\u00f3n del conflicto en las tres universidades p\u00fablicas radicadas en San Luis, por parte de los gremios docentes y nodocentes y agrupaciones estudiantiles, con la consigna de defender las banderas de la Universidad p\u00fablica, gratuita, de calidad y al servicio de los pueblos, y en defensa de los salarios.<\/h3>\n<p><img fetchpriority=\"high\" decoding=\"async\" class=\"wp-image-16532 aligncenter\" src=\"https:\/\/apuntesdesanluis.com\/wp-content\/uploads\/2024\/05\/antorchas-300x300.jpg\" alt=\"\" width=\"589\" height=\"589\" srcset=\"https:\/\/apuntesdesanluis.com\/wp-content\/uploads\/2024\/05\/antorchas-300x300.jpg 300w, https:\/\/apuntesdesanluis.com\/wp-content\/uploads\/2024\/05\/antorchas-150x150.jpg 150w\" sizes=\"(max-width: 589px) 100vw, 589px\" \/><\/p>\n<p><img decoding=\"async\" class=\"wp-image-16533 aligncenter\" src=\"https:\/\/apuntesdesanluis.com\/wp-content\/uploads\/2024\/05\/las-tres-169x300.jpg\" alt=\"\" width=\"587\" height=\"1042\" srcset=\"https:\/\/apuntesdesanluis.com\/wp-content\/uploads\/2024\/05\/las-tres-169x300.jpg 169w, https:\/\/apuntesdesanluis.com\/wp-content\/uploads\/2024\/05\/las-tres.jpg 700w\" sizes=\"(max-width: 587px) 100vw, 587px\" \/><\/p>\n<p>&nbsp;<\/p>\n<h3><strong>ADHESI\u00d3N<\/strong><\/h3>\n<h3>Los gremios docentes nucleados en la <strong>Confederaci\u00f3n General del Trabajo<\/strong> (CGT) y la Confederaci\u00f3n de Trabajadores de la Educaci\u00f3n de la Rep\u00fablica Argentina (Ctera) anunciaron un paro nacional de 24 horas para este jueves en reclamo de una convocatoria a la paritaria nacional y de incrementar el financiamiento educativo.<\/h3>\n<h3>Los gremios <strong>Uni\u00f3n Docentes Argentinos (UDA), Asociaci\u00f3n del Magisterio de Ense\u00f1anza T\u00e9cnica (AMET), Sindicato Argentino de Docentes Privados (Sadop) y la Confederaci\u00f3n de Educadores Argentinos (CEA<\/strong>), que integran la CGT, convocaron a la medida de fuerza en todos los niveles y luego <strong>CTERA<\/strong> se pleg\u00f3.<\/h3>\n<h3>Uno de los ejes del reclamo de los gremios es pedir por la restituci\u00f3n del Fondo Nacional de Incentivo Docente (Fonid), que fue eliminado por el presidente Javier Milei en marzo a trav\u00e9s de un decreto de necesidad y urgencia (DNU), adem\u00e1s de un mayor financiamiento a las escuelas y universidades p\u00fablicas.<\/h3>\n<p>&nbsp;<\/p>\n<p>&nbsp;<\/p>\n","protected":false},"excerpt":{"rendered":"<p>Este mi\u00e9rcoles 22 de mayo se realizar\u00e1n en todo el pa\u00eds actividades para visibilizar los&#8230;<\/p>\n","protected":false},"author":1,"featured_media":16531,"comment_status":"closed","ping_status":"closed","sticky":false,"template":"","format":"standard","meta":{"footnotes":""},"categories":[5],"tags":[],"class_list":["post-16530","post","type-post","status-publish","format-standard","has-post-thumbnail","hentry","category-nacionales-internacionales"],"yoast_head":"<!-- This site is optimized with the Yoast SEO plugin v26.1.1 - https:\/\/yoast.com\/wordpress\/plugins\/seo\/ -->\n<title>JORNADAS DE VISIBILIZACI\u00d3N DEL CONFLICTO Y PARO DE DOCENTES Y NO DOCENTES EN TODAS LAS UNIVERSIDADES - Apuntes de San Luis<\/title>\n<meta name=\"robots\" content=\"index, follow, max-snippet:-1, max-image-preview:large, max-video-preview:-1\" \/>\n<link rel=\"canonical\" href=\"https:\/\/apuntesdesanluis.com\/index.php\/2024\/05\/21\/jornadas-de-visibilizacion-del-conflicto-y-paro-de-docentes-y-no-docentes-en-todas-las-universidades-del-pais\/\" \/>\n<meta property=\"og:locale\" content=\"es_ES\" \/>\n<meta property=\"og:type\" content=\"article\" \/>\n<meta property=\"og:title\" content=\"JORNADAS DE VISIBILIZACI\u00d3N DEL CONFLICTO Y PARO DE DOCENTES Y NO DOCENTES EN TODAS LAS UNIVERSIDADES - Apuntes de San Luis\" \/>\n<meta property=\"og:description\" content=\"Este mi\u00e9rcoles 22 de mayo se realizar\u00e1n en todo el pa\u00eds actividades para visibilizar los...\" \/>\n<meta property=\"og:url\" content=\"https:\/\/apuntesdesanluis.com\/index.php\/2024\/05\/21\/jornadas-de-visibilizacion-del-conflicto-y-paro-de-docentes-y-no-docentes-en-todas-las-universidades-del-pais\/\" \/>\n<meta property=\"og:site_name\" content=\"Apuntes de San Luis\" \/>\n<meta property=\"article:published_time\" content=\"2024-05-22T00:06:42+00:00\" \/>\n<meta property=\"article:modified_time\" content=\"2024-05-22T00:09:19+00:00\" \/>\n<meta property=\"og:image\" content=\"https:\/\/apuntesdesanluis.com\/wp-content\/uploads\/2024\/05\/marcha-universitraria.png\" \/>\n\t<meta property=\"og:image:width\" content=\"801\" \/>\n\t<meta property=\"og:image:height\" content=\"421\" \/>\n\t<meta property=\"og:image:type\" content=\"image\/png\" \/>\n<meta name=\"author\" content=\"apuntesdesanluis.com\" \/>\n<meta name=\"twitter:card\" content=\"summary_large_image\" \/>\n<meta name=\"twitter:label1\" content=\"Escrito por\" \/>\n\t<meta name=\"twitter:data1\" content=\"apuntesdesanluis.com\" \/>\n\t<meta name=\"twitter:label2\" content=\"Tiempo de lectura\" \/>\n\t<meta name=\"twitter:data2\" content=\"4 minutos\" \/>\n<script type=\"application\/ld+json\" class=\"yoast-schema-graph\">{\"@context\":\"https:\/\/schema.org\",\"@graph\":[{\"@type\":\"Article\",\"@id\":\"https:\/\/apuntesdesanluis.com\/index.php\/2024\/05\/21\/jornadas-de-visibilizacion-del-conflicto-y-paro-de-docentes-y-no-docentes-en-todas-las-universidades-del-pais\/#article\",\"isPartOf\":{\"@id\":\"https:\/\/apuntesdesanluis.com\/index.php\/2024\/05\/21\/jornadas-de-visibilizacion-del-conflicto-y-paro-de-docentes-y-no-docentes-en-todas-las-universidades-del-pais\/\"},\"author\":{\"name\":\"apuntesdesanluis.com\",\"@id\":\"https:\/\/apuntesdesanluis.com\/#\/schema\/person\/b55151d52296fcce64d1a72538a70b90\"},\"headline\":\"JORNADAS DE VISIBILIZACI\u00d3N DEL CONFLICTO Y PARO DE DOCENTES Y NO DOCENTES EN TODAS LAS UNIVERSIDADES\",\"datePublished\":\"2024-05-22T00:06:42+00:00\",\"dateModified\":\"2024-05-22T00:09:19+00:00\",\"mainEntityOfPage\":{\"@id\":\"https:\/\/apuntesdesanluis.com\/index.php\/2024\/05\/21\/jornadas-de-visibilizacion-del-conflicto-y-paro-de-docentes-y-no-docentes-en-todas-las-universidades-del-pais\/\"},\"wordCount\":607,\"publisher\":{\"@id\":\"https:\/\/apuntesdesanluis.com\/#\/schema\/person\/b55151d52296fcce64d1a72538a70b90\"},\"image\":{\"@id\":\"https:\/\/apuntesdesanluis.com\/index.php\/2024\/05\/21\/jornadas-de-visibilizacion-del-conflicto-y-paro-de-docentes-y-no-docentes-en-todas-las-universidades-del-pais\/#primaryimage\"},\"thumbnailUrl\":\"https:\/\/apuntesdesanluis.com\/wp-content\/uploads\/2024\/05\/marcha-universitraria.png\",\"articleSection\":[\"Nacionales\/Internacionales\"],\"inLanguage\":\"es-AR\"},{\"@type\":\"WebPage\",\"@id\":\"https:\/\/apuntesdesanluis.com\/index.php\/2024\/05\/21\/jornadas-de-visibilizacion-del-conflicto-y-paro-de-docentes-y-no-docentes-en-todas-las-universidades-del-pais\/\",\"url\":\"https:\/\/apuntesdesanluis.com\/index.php\/2024\/05\/21\/jornadas-de-visibilizacion-del-conflicto-y-paro-de-docentes-y-no-docentes-en-todas-las-universidades-del-pais\/\",\"name\":\"JORNADAS DE VISIBILIZACI\u00d3N DEL CONFLICTO Y PARO DE DOCENTES Y NO DOCENTES EN TODAS LAS UNIVERSIDADES - Apuntes de San Luis\",\"isPartOf\":{\"@id\":\"https:\/\/apuntesdesanluis.com\/#website\"},\"primaryImageOfPage\":{\"@id\":\"https:\/\/apuntesdesanluis.com\/index.php\/2024\/05\/21\/jornadas-de-visibilizacion-del-conflicto-y-paro-de-docentes-y-no-docentes-en-todas-las-universidades-del-pais\/#primaryimage\"},\"image\":{\"@id\":\"https:\/\/apuntesdesanluis.com\/index.php\/2024\/05\/21\/jornadas-de-visibilizacion-del-conflicto-y-paro-de-docentes-y-no-docentes-en-todas-las-universidades-del-pais\/#primaryimage\"},\"thumbnailUrl\":\"https:\/\/apuntesdesanluis.com\/wp-content\/uploads\/2024\/05\/marcha-universitraria.png\",\"datePublished\":\"2024-05-22T00:06:42+00:00\",\"dateModified\":\"2024-05-22T00:09:19+00:00\",\"breadcrumb\":{\"@id\":\"https:\/\/apuntesdesanluis.com\/index.php\/2024\/05\/21\/jornadas-de-visibilizacion-del-conflicto-y-paro-de-docentes-y-no-docentes-en-todas-las-universidades-del-pais\/#breadcrumb\"},\"inLanguage\":\"es-AR\",\"potentialAction\":[{\"@type\":\"ReadAction\",\"target\":[\"https:\/\/apuntesdesanluis.com\/index.php\/2024\/05\/21\/jornadas-de-visibilizacion-del-conflicto-y-paro-de-docentes-y-no-docentes-en-todas-las-universidades-del-pais\/\"]}]},{\"@type\":\"ImageObject\",\"inLanguage\":\"es-AR\",\"@id\":\"https:\/\/apuntesdesanluis.com\/index.php\/2024\/05\/21\/jornadas-de-visibilizacion-del-conflicto-y-paro-de-docentes-y-no-docentes-en-todas-las-universidades-del-pais\/#primaryimage\",\"url\":\"https:\/\/apuntesdesanluis.com\/wp-content\/uploads\/2024\/05\/marcha-universitraria.png\",\"contentUrl\":\"https:\/\/apuntesdesanluis.com\/wp-content\/uploads\/2024\/05\/marcha-universitraria.png\",\"width\":801,\"height\":421},{\"@type\":\"BreadcrumbList\",\"@id\":\"https:\/\/apuntesdesanluis.com\/index.php\/2024\/05\/21\/jornadas-de-visibilizacion-del-conflicto-y-paro-de-docentes-y-no-docentes-en-todas-las-universidades-del-pais\/#breadcrumb\",\"itemListElement\":[{\"@type\":\"ListItem\",\"position\":1,\"name\":\"Inicio\",\"item\":\"https:\/\/apuntesdesanluis.com\/\"},{\"@type\":\"ListItem\",\"position\":2,\"name\":\"JORNADAS DE VISIBILIZACI\u00d3N DEL CONFLICTO Y PARO DE DOCENTES Y NO DOCENTES EN TODAS LAS UNIVERSIDADES\"}]},{\"@type\":\"WebSite\",\"@id\":\"https:\/\/apuntesdesanluis.com\/#website\",\"url\":\"https:\/\/apuntesdesanluis.com\/\",\"name\":\"Apuntes de San Luis\",\"description\":\"\",\"publisher\":{\"@id\":\"https:\/\/apuntesdesanluis.com\/#\/schema\/person\/b55151d52296fcce64d1a72538a70b90\"},\"potentialAction\":[{\"@type\":\"SearchAction\",\"target\":{\"@type\":\"EntryPoint\",\"urlTemplate\":\"https:\/\/apuntesdesanluis.com\/?s={search_term_string}\"},\"query-input\":{\"@type\":\"PropertyValueSpecification\",\"valueRequired\":true,\"valueName\":\"search_term_string\"}}],\"inLanguage\":\"es-AR\"},{\"@type\":[\"Person\",\"Organization\"],\"@id\":\"https:\/\/apuntesdesanluis.com\/#\/schema\/person\/b55151d52296fcce64d1a72538a70b90\",\"name\":\"apuntesdesanluis.com\",\"image\":{\"@type\":\"ImageObject\",\"inLanguage\":\"es-AR\",\"@id\":\"https:\/\/apuntesdesanluis.com\/#\/schema\/person\/image\/\",\"url\":\"https:\/\/apuntesdesanluis.com\/wp-content\/uploads\/2023\/07\/cropped-apuntesdesanluis.png\",\"contentUrl\":\"https:\/\/apuntesdesanluis.com\/wp-content\/uploads\/2023\/07\/cropped-apuntesdesanluis.png\",\"width\":450,\"height\":112,\"caption\":\"apuntesdesanluis.com\"},\"logo\":{\"@id\":\"https:\/\/apuntesdesanluis.com\/#\/schema\/person\/image\/\"},\"sameAs\":[\"https:\/\/apuntesdesanluis.com\"],\"url\":\"https:\/\/apuntesdesanluis.com\/index.php\/author\/apuntesdesanluis-com\/\"}]}<\/script>\n<!-- \/ Yoast SEO plugin. -->","yoast_head_json":{"title":"JORNADAS DE VISIBILIZACI\u00d3N DEL CONFLICTO Y PARO DE DOCENTES Y NO DOCENTES EN TODAS LAS UNIVERSIDADES - Apuntes de San Luis","robots":{"index":"index","follow":"follow","max-snippet":"max-snippet:-1","max-image-preview":"max-image-preview:large","max-video-preview":"max-video-preview:-1"},"canonical":"https:\/\/apuntesdesanluis.com\/index.php\/2024\/05\/21\/jornadas-de-visibilizacion-del-conflicto-y-paro-de-docentes-y-no-docentes-en-todas-las-universidades-del-pais\/","og_locale":"es_ES","og_type":"article","og_title":"JORNADAS DE VISIBILIZACI\u00d3N DEL CONFLICTO Y PARO DE DOCENTES Y NO DOCENTES EN TODAS LAS UNIVERSIDADES - Apuntes de San Luis","og_description":"Este mi\u00e9rcoles 22 de mayo se realizar\u00e1n en todo el pa\u00eds actividades para visibilizar los...","og_url":"https:\/\/apuntesdesanluis.com\/index.php\/2024\/05\/21\/jornadas-de-visibilizacion-del-conflicto-y-paro-de-docentes-y-no-docentes-en-todas-las-universidades-del-pais\/","og_site_name":"Apuntes de San Luis","article_published_time":"2024-05-22T00:06:42+00:00","article_modified_time":"2024-05-22T00:09:19+00:00","og_image":[{"width":801,"height":421,"url":"https:\/\/apuntesdesanluis.com\/wp-content\/uploads\/2024\/05\/marcha-universitraria.png","type":"image\/png"}],"author":"apuntesdesanluis.com","twitter_card":"summary_large_image","twitter_misc":{"Escrito por":"apuntesdesanluis.com","Tiempo de lectura":"4 minutos"},"schema":{"@context":"https:\/\/schema.org","@graph":[{"@type":"Article","@id":"https:\/\/apuntesdesanluis.com\/index.php\/2024\/05\/21\/jornadas-de-visibilizacion-del-conflicto-y-paro-de-docentes-y-no-docentes-en-todas-las-universidades-del-pais\/#article","isPartOf":{"@id":"https:\/\/apuntesdesanluis.com\/index.php\/2024\/05\/21\/jornadas-de-visibilizacion-del-conflicto-y-paro-de-docentes-y-no-docentes-en-todas-las-universidades-del-pais\/"},"author":{"name":"apuntesdesanluis.com","@id":"https:\/\/apuntesdesanluis.com\/#\/schema\/person\/b55151d52296fcce64d1a72538a70b90"},"headline":"JORNADAS DE VISIBILIZACI\u00d3N DEL CONFLICTO Y PARO DE DOCENTES Y NO DOCENTES EN TODAS LAS UNIVERSIDADES","datePublished":"2024-05-22T00:06:42+00:00","dateModified":"2024-05-22T00:09:19+00:00","mainEntityOfPage":{"@id":"https:\/\/apuntesdesanluis.com\/index.php\/2024\/05\/21\/jornadas-de-visibilizacion-del-conflicto-y-paro-de-docentes-y-no-docentes-en-todas-las-universidades-del-pais\/"},"wordCount":607,"publisher":{"@id":"https:\/\/apuntesdesanluis.com\/#\/schema\/person\/b55151d52296fcce64d1a72538a70b90"},"image":{"@id":"https:\/\/apuntesdesanluis.com\/index.php\/2024\/05\/21\/jornadas-de-visibilizacion-del-conflicto-y-paro-de-docentes-y-no-docentes-en-todas-las-universidades-del-pais\/#primaryimage"},"thumbnailUrl":"https:\/\/apuntesdesanluis.com\/wp-content\/uploads\/2024\/05\/marcha-universitraria.png","articleSection":["Nacionales\/Internacionales"],"inLanguage":"es-AR"},{"@type":"WebPage","@id":"https:\/\/apuntesdesanluis.com\/index.php\/2024\/05\/21\/jornadas-de-visibilizacion-del-conflicto-y-paro-de-docentes-y-no-docentes-en-todas-las-universidades-del-pais\/","url":"https:\/\/apuntesdesanluis.com\/index.php\/2024\/05\/21\/jornadas-de-visibilizacion-del-conflicto-y-paro-de-docentes-y-no-docentes-en-todas-las-universidades-del-pais\/","name":"JORNADAS DE VISIBILIZACI\u00d3N DEL CONFLICTO Y PARO DE DOCENTES Y NO DOCENTES EN TODAS LAS UNIVERSIDADES - Apuntes de San Luis","isPartOf":{"@id":"https:\/\/apuntesdesanluis.com\/#website"},"primaryImageOfPage":{"@id":"https:\/\/apuntesdesanluis.com\/index.php\/2024\/05\/21\/jornadas-de-visibilizacion-del-conflicto-y-paro-de-docentes-y-no-docentes-en-todas-las-universidades-del-pais\/#primaryimage"},"image":{"@id":"https:\/\/apuntesdesanluis.com\/index.php\/2024\/05\/21\/jornadas-de-visibilizacion-del-conflicto-y-paro-de-docentes-y-no-docentes-en-todas-las-universidades-del-pais\/#primaryimage"},"thumbnailUrl":"https:\/\/apuntesdesanluis.com\/wp-content\/uploads\/2024\/05\/marcha-universitraria.png","datePublished":"2024-05-22T00:06:42+00:00","dateModified":"2024-05-22T00:09:19+00:00","breadcrumb":{"@id":"https:\/\/apuntesdesanluis.com\/index.php\/2024\/05\/21\/jornadas-de-visibilizacion-del-conflicto-y-paro-de-docentes-y-no-docentes-en-todas-las-universidades-del-pais\/#breadcrumb"},"inLanguage":"es-AR","potentialAction":[{"@type":"ReadAction","target":["https:\/\/apuntesdesanluis.com\/index.php\/2024\/05\/21\/jornadas-de-visibilizacion-del-conflicto-y-paro-de-docentes-y-no-docentes-en-todas-las-universidades-del-pais\/"]}]},{"@type":"ImageObject","inLanguage":"es-AR","@id":"https:\/\/apuntesdesanluis.com\/index.php\/2024\/05\/21\/jornadas-de-visibilizacion-del-conflicto-y-paro-de-docentes-y-no-docentes-en-todas-las-universidades-del-pais\/#primaryimage","url":"https:\/\/apuntesdesanluis.com\/wp-content\/uploads\/2024\/05\/marcha-universitraria.png","contentUrl":"https:\/\/apuntesdesanluis.com\/wp-content\/uploads\/2024\/05\/marcha-universitraria.png","width":801,"height":421},{"@type":"BreadcrumbList","@id":"https:\/\/apuntesdesanluis.com\/index.php\/2024\/05\/21\/jornadas-de-visibilizacion-del-conflicto-y-paro-de-docentes-y-no-docentes-en-todas-las-universidades-del-pais\/#breadcrumb","itemListElement":[{"@type":"ListItem","position":1,"name":"Inicio","item":"https:\/\/apuntesdesanluis.com\/"},{"@type":"ListItem","position":2,"name":"JORNADAS DE VISIBILIZACI\u00d3N DEL CONFLICTO Y PARO DE DOCENTES Y NO DOCENTES EN TODAS LAS UNIVERSIDADES"}]},{"@type":"WebSite","@id":"https:\/\/apuntesdesanluis.com\/#website","url":"https:\/\/apuntesdesanluis.com\/","name":"Apuntes de San Luis","description":"","publisher":{"@id":"https:\/\/apuntesdesanluis.com\/#\/schema\/person\/b55151d52296fcce64d1a72538a70b90"},"potentialAction":[{"@type":"SearchAction","target":{"@type":"EntryPoint","urlTemplate":"https:\/\/apuntesdesanluis.com\/?s={search_term_string}"},"query-input":{"@type":"PropertyValueSpecification","valueRequired":true,"valueName":"search_term_string"}}],"inLanguage":"es-AR"},{"@type":["Person","Organization"],"@id":"https:\/\/apuntesdesanluis.com\/#\/schema\/person\/b55151d52296fcce64d1a72538a70b90","name":"apuntesdesanluis.com","image":{"@type":"ImageObject","inLanguage":"es-AR","@id":"https:\/\/apuntesdesanluis.com\/#\/schema\/person\/image\/","url":"https:\/\/apuntesdesanluis.com\/wp-content\/uploads\/2023\/07\/cropped-apuntesdesanluis.png","contentUrl":"https:\/\/apuntesdesanluis.com\/wp-content\/uploads\/2023\/07\/cropped-apuntesdesanluis.png","width":450,"height":112,"caption":"apuntesdesanluis.com"},"logo":{"@id":"https:\/\/apuntesdesanluis.com\/#\/schema\/person\/image\/"},"sameAs":["https:\/\/apuntesdesanluis.com"],"url":"https:\/\/apuntesdesanluis.com\/index.php\/author\/apuntesdesanluis-com\/"}]}},"featured_image_urls":{"full":["https:\/\/apuntesdesanluis.com\/wp-content\/uploads\/2024\/05\/marcha-universitraria.png",801,421,false],"thumbnail":["https:\/\/apuntesdesanluis.com\/wp-content\/uploads\/2024\/05\/marcha-universitraria-150x150.png",150,150,true],"medium":["https:\/\/apuntesdesanluis.com\/wp-content\/uploads\/2024\/05\/marcha-universitraria-300x158.png",300,158,true],"medium_large":["https:\/\/apuntesdesanluis.com\/wp-content\/uploads\/2024\/05\/marcha-universitraria-768x404.png",640,337,true],"large":["https:\/\/apuntesdesanluis.com\/wp-content\/uploads\/2024\/05\/marcha-universitraria.png",640,336,false],"1536x1536":["https:\/\/apuntesdesanluis.com\/wp-content\/uploads\/2024\/05\/marcha-universitraria.png",801,421,false],"2048x2048":["https:\/\/apuntesdesanluis.com\/wp-content\/uploads\/2024\/05\/marcha-universitraria.png",801,421,false],"newsever-slider-full":["https:\/\/apuntesdesanluis.com\/wp-content\/uploads\/2024\/05\/marcha-universitraria.png",801,421,false],"newsever-featured":["https:\/\/apuntesdesanluis.com\/wp-content\/uploads\/2024\/05\/marcha-universitraria.png",801,421,false],"newsever-medium":["https:\/\/apuntesdesanluis.com\/wp-content\/uploads\/2024\/05\/marcha-universitraria-720x421.png",720,421,true]},"author_info":{"display_name":"apuntesdesanluis.com","author_link":"https:\/\/apuntesdesanluis.com\/index.php\/author\/apuntesdesanluis-com\/"},"category_info":"<a href=\"https:\/\/apuntesdesanluis.com\/index.php\/category\/nacionales-internacionales\/\" rel=\"category tag\">Nacionales\/Internacionales<\/a>","tag_info":"Nacionales\/Internacionales","comment_count":"0","_links":{"self":[{"href":"https:\/\/apuntesdesanluis.com\/index.php\/wp-json\/wp\/v2\/posts\/16530","targetHints":{"allow":["GET"]}}],"collection":[{"href":"https:\/\/apuntesdesanluis.com\/index.php\/wp-json\/wp\/v2\/posts"}],"about":[{"href":"https:\/\/apuntesdesanluis.com\/index.php\/wp-json\/wp\/v2\/types\/post"}],"author":[{"embeddable":true,"href":"https:\/\/apuntesdesanluis.com\/index.php\/wp-json\/wp\/v2\/users\/1"}],"replies":[{"embeddable":true,"href":"https:\/\/apuntesdesanluis.com\/index.php\/wp-json\/wp\/v2\/comments?post=16530"}],"version-history":[{"count":3,"href":"https:\/\/apuntesdesanluis.com\/index.php\/wp-json\/wp\/v2\/posts\/16530\/revisions"}],"predecessor-version":[{"id":16536,"href":"https:\/\/apuntesdesanluis.com\/index.php\/wp-json\/wp\/v2\/posts\/16530\/revisions\/16536"}],"wp:featuredmedia":[{"embeddable":true,"href":"https:\/\/apuntesdesanluis.com\/index.php\/wp-json\/wp\/v2\/media\/16531"}],"wp:attachment":[{"href":"https:\/\/apuntesdesanluis.com\/index.php\/wp-json\/wp\/v2\/media?parent=16530"}],"wp:term":[{"taxonomy":"category","embeddable":true,"href":"https:\/\/apuntesdesanluis.com\/index.php\/wp-json\/wp\/v2\/categories?post=16530"},{"taxonomy":"post_tag","embeddable":true,"href":"https:\/\/apuntesdesanluis.com\/index.php\/wp-json\/wp\/v2\/tags?post=16530"}],"curies":[{"name":"wp","href":"https:\/\/api.w.org\/{rel}","templated":true}]}}