{"id":16551,"date":"2024-05-21T23:00:18","date_gmt":"2024-05-22T02:00:18","guid":{"rendered":"https:\/\/apuntesdesanluis.com\/?p=16551"},"modified":"2024-05-21T23:00:18","modified_gmt":"2024-05-22T02:00:18","slug":"acusan-a-dos-jovenes-por-la-muerte-de-un-menor-en-accidente-ocurrido-en-medio-de-una-picada","status":"publish","type":"post","link":"https:\/\/apuntesdesanluis.com\/index.php\/2024\/05\/21\/acusan-a-dos-jovenes-por-la-muerte-de-un-menor-en-accidente-ocurrido-en-medio-de-una-picada\/","title":{"rendered":"ACUSAN A DOS J\u00d3VENES POR LA MUERTE DE UN MENOR EN ACCIDENTE OCURRIDO EN MEDIO DE UNA PICADA"},"content":{"rendered":"<h3>Son investigados como presuntos coautores del delito de homicidio culposo en accidente de tr\u00e1nsito, hecho ocurrido el pasado 7 abril frente al cuartel de bomberos de la localidad de Concar\u00e1n.<\/h3>\n<h3>El Juez con competencia en materia Penal Juvenil de la Tercera Circunscripci\u00f3n Judicial, Dr. Carlos Hugo Orozco, tuvo por formulados los cargos en contra de <strong>U.T.M.<\/strong> y <strong>J.F.Q.<\/strong>, dos j\u00f3venes de Concar\u00e1n investigados como presuntos coautores del delito de homicidio culposo en accidente de tr\u00e1nsito.<\/h3>\n<h3>En la audiencia desarrollada este 21 de mayo, las representantes del Ministerio P\u00fablico Fiscal, Dras. D\u00e9bora Roy Gitto y Adriana Cangelosi, relataron que el d\u00eda 7 abril del a\u00f1o en curso, aproximadamente a las 3:20 de la madrugada, se produjo el deceso del menor <strong>N.A.O.<\/strong>, de 17 a\u00f1os, cuando los veh\u00edculos conducidos por los ahora imputados colisionaron sobre calle Dora Ochoa de Masram\u00f3n, a la altura del cuartel de bomberos de la referida localidad.<\/h3>\n<h3>U.T.M. manejaba un autom\u00f3vil Volkswagen FOX, y era acompa\u00f1ado por tres adolescentes, entre ellos, la v\u00edctima; mientras que J.F.Q. se conduc\u00eda solo, a bordo de un Chevrolet Celta.<\/h3>\n<h3>Ambos comenzaron a acelerar sus veh\u00edculos para iniciar una carrera, ocupando los dos carriles de la calle. Se dirig\u00edan de forma paralela, en direcci\u00f3n norte y en exceso de velocidad. El conductor del Chevrolet Celta perdi\u00f3 el control del rodado al esquivar un cartel instalado en el medio de la calle, circunstancia que provoc\u00f3 que se cruzara de carril e impactara con el otro auto. Producto del choque, el Volkswagen FOX se desvi\u00f3 del camino y colision\u00f3 con una alcantarilla situada en la banquina izquierda.<\/h3>\n<h3>De acuerdo a la pericia mec\u00e1nica, los dos autos circulaban por encima de la velocidad m\u00e1xima permitida.\u00a0La v\u00edctima viajaba en la parte trasera del Volkswagen FOX y, conforme lo constatado por el m\u00e9dico forense, sufri\u00f3 un politraumatismo de t\u00f3rax abdominal.<\/h3>\n<h3>En virtud de la evidencia reunida hasta el momento, la fiscal\u00eda formaliz\u00f3 la apertura de la investigaci\u00f3n penal preparatoria por el delito de homicidio culposo en accidente de tr\u00e1nsito, agravado por conducir en exceso de velocidad y por crear una situaci\u00f3n de peligro para la vida o la integridad f\u00edsica de las personas, mediante la participaci\u00f3n en una prueba de velocidad o de destreza con un veh\u00edculo con motor, realizada sin la debida autorizaci\u00f3n de autoridad competente.<\/h3>\n<h3>A su vez, solicit\u00f3 un plazo de 90 d\u00edas para finalizar la labor investigativa, y medidas de coerci\u00f3n para los j\u00f3venes imputados, tales como fijar domicilio e informar cualquier cambio del mismo; someterse a tratamiento psicol\u00f3gico e inhabilitaci\u00f3n para conducir veh\u00edculo automotor inter dure el proceso.<\/h3>\n<h3>En representaci\u00f3n de la familia de la v\u00edctima intervino el Dr. Ramiro Rubio, quien adhiri\u00f3 a la calificaci\u00f3n legal, haciendo reserva de ampliar la misma conforme a la evidencia que surja a lo largo de la investigaci\u00f3n. Tambi\u00e9n requiri\u00f3 extender el plazo probatorio por un t\u00e9rmino de 120 d\u00edas y, como medida de coerci\u00f3n para los imputados, que los mismos se abstengan de comunicarse con las personas que estuvieron el d\u00eda del hecho y de concurrir a los lugares que \u00e9stas frecuenten, adem\u00e1s de abstenerse de consumir alcohol o cualquier tipo de sustancia ilegal.<\/h3>\n<h3>Por la Defensor\u00eda de Ni\u00f1ez y Adolescencia, estuvo presente la Defensora Oficial Adjunta, Dra. Mar\u00eda Luz V\u00edlchez, quien solicit\u00f3 que se investigue el hecho con perspectiva de adolescencia, oponi\u00e9ndose al pedido de la querella de ampliar el periodo de prueba en virtud del plazo razonable y de las garant\u00edas procesales.<\/h3>\n<h3>La defensa de U.T.M. fue ejercida por el Dr. Jos\u00e9 Flores, y como abogado defensor de J.F.Q. actu\u00f3 el Dr. Orlando Villegas, que requiri\u00f3 un plazo de 10 d\u00edas para oponer excepciones y nulidades.<\/h3>\n<h3>Tambi\u00e9n se peticion\u00f3 una audiencia preliminar con el perito criminalista para que explique el informe pericial presentado en la causa, petici\u00f3n que fue rechazada por el resto de las partes y por el juez.<\/h3>\n<h3>Luego de o\u00edr cada una de las presentaciones, el magistrado resolvi\u00f3 hacer lugar a la formulaci\u00f3n de cargos; conceder los 90 d\u00edas solicitados por el Ministerio Fiscal para concluir la investigaci\u00f3n; y establecer para los j\u00f3venes imputados las siguientes medidas:<\/h3>\n<ul>\n<li>\n<h3>Obligaci\u00f3n de presentarse una vez al mes ante la fiscal\u00eda, por el plazo que dure el proceso, acompa\u00f1ados por sus padres, tutores o guardadores.<\/h3>\n<\/li>\n<li>\n<h3>Fijar domicilio en Concar\u00e1n y, en caso de cambiarlo o ausentarse de la localidad por m\u00e1s de 30 d\u00edas, informarlo en la causa.<\/h3>\n<\/li>\n<li>\n<h3>Inhabilitaci\u00f3n provisoria para conducir veh\u00edculo automotor inter dure el proceso, librando a sus efectos oficio al \u00c1rea municipal pertinente y a la Unidad Regional del Orden P\u00fablico N\u00b03.<\/h3>\n<\/li>\n<li>\n<h3>Abstenerse de comunicarse con las personas que estuvieron presentes el d\u00eda del hecho.<\/h3>\n<\/li>\n<li>\n<h3>Abstenerse de consumir alcohol y\/o sustancias t\u00f3xicas.<\/h3>\n<\/li>\n<\/ul>\n<h3>Finalmente, desde la Defensor\u00eda de Ni\u00f1ez y Adolescencia se solicit\u00f3 la revisi\u00f3n peri\u00f3dica de las medidas ordenadas, a fin de resolver\u00a0 su cese o sustituci\u00f3n si se constatare un cambio de circunstancias que incidan en los fundamentos por los que fueron dictadas. El juez hizo lugar, y dispuso la revisi\u00f3n de las mismas cada 30 d\u00edas.<\/h3>\n<p>&nbsp;<\/p>\n<p>&nbsp;<\/p>\n<p>&nbsp;<\/p>\n<p>&nbsp;<\/p>\n<p>&nbsp;<\/p>\n<p>&nbsp;<\/p>\n<p>&nbsp;<\/p>\n","protected":false},"excerpt":{"rendered":"<p>Son investigados como presuntos coautores del delito de homicidio culposo en accidente de tr\u00e1nsito, hecho&#8230;<\/p>\n","protected":false},"author":1,"featured_media":16552,"comment_status":"closed","ping_status":"closed","sticky":false,"template":"","format":"standard","meta":{"footnotes":""},"categories":[6],"tags":[],"class_list":["post-16551","post","type-post","status-publish","format-standard","has-post-thumbnail","hentry","category-ciudad-provincia"],"yoast_head":"<!-- This site is optimized with the Yoast SEO plugin v26.1.1 - https:\/\/yoast.com\/wordpress\/plugins\/seo\/ -->\n<title>ACUSAN A DOS J\u00d3VENES POR LA MUERTE DE UN MENOR EN ACCIDENTE OCURRIDO EN MEDIO DE UNA PICADA - Apuntes de San Luis<\/title>\n<meta name=\"robots\" content=\"index, follow, max-snippet:-1, max-image-preview:large, max-video-preview:-1\" \/>\n<link rel=\"canonical\" href=\"https:\/\/apuntesdesanluis.com\/index.php\/2024\/05\/21\/acusan-a-dos-jovenes-por-la-muerte-de-un-menor-en-accidente-ocurrido-en-medio-de-una-picada\/\" \/>\n<meta property=\"og:locale\" content=\"es_ES\" \/>\n<meta property=\"og:type\" content=\"article\" \/>\n<meta property=\"og:title\" content=\"ACUSAN A DOS J\u00d3VENES POR LA MUERTE DE UN MENOR EN ACCIDENTE OCURRIDO EN MEDIO DE UNA PICADA - Apuntes de San Luis\" \/>\n<meta property=\"og:description\" content=\"Son investigados como presuntos coautores del delito de homicidio culposo en accidente de tr\u00e1nsito, hecho...\" \/>\n<meta property=\"og:url\" content=\"https:\/\/apuntesdesanluis.com\/index.php\/2024\/05\/21\/acusan-a-dos-jovenes-por-la-muerte-de-un-menor-en-accidente-ocurrido-en-medio-de-una-picada\/\" \/>\n<meta property=\"og:site_name\" content=\"Apuntes de San Luis\" \/>\n<meta property=\"article:published_time\" content=\"2024-05-22T02:00:18+00:00\" \/>\n<meta property=\"og:image\" content=\"https:\/\/apuntesdesanluis.com\/wp-content\/uploads\/2024\/05\/JUZGADO-FAMILIA-3RA-C.-JUDICIAL.png\" \/>\n\t<meta property=\"og:image:width\" content=\"828\" \/>\n\t<meta property=\"og:image:height\" content=\"460\" \/>\n\t<meta property=\"og:image:type\" content=\"image\/png\" \/>\n<meta name=\"author\" content=\"apuntesdesanluis.com\" \/>\n<meta name=\"twitter:card\" content=\"summary_large_image\" \/>\n<meta name=\"twitter:label1\" content=\"Escrito por\" \/>\n\t<meta name=\"twitter:data1\" content=\"apuntesdesanluis.com\" \/>\n\t<meta name=\"twitter:label2\" content=\"Tiempo de lectura\" \/>\n\t<meta name=\"twitter:data2\" content=\"5 minutos\" \/>\n<script type=\"application\/ld+json\" class=\"yoast-schema-graph\">{\"@context\":\"https:\/\/schema.org\",\"@graph\":[{\"@type\":\"Article\",\"@id\":\"https:\/\/apuntesdesanluis.com\/index.php\/2024\/05\/21\/acusan-a-dos-jovenes-por-la-muerte-de-un-menor-en-accidente-ocurrido-en-medio-de-una-picada\/#article\",\"isPartOf\":{\"@id\":\"https:\/\/apuntesdesanluis.com\/index.php\/2024\/05\/21\/acusan-a-dos-jovenes-por-la-muerte-de-un-menor-en-accidente-ocurrido-en-medio-de-una-picada\/\"},\"author\":{\"name\":\"apuntesdesanluis.com\",\"@id\":\"https:\/\/apuntesdesanluis.com\/#\/schema\/person\/b55151d52296fcce64d1a72538a70b90\"},\"headline\":\"ACUSAN A DOS J\u00d3VENES POR LA MUERTE DE UN MENOR EN ACCIDENTE OCURRIDO EN MEDIO DE UNA PICADA\",\"datePublished\":\"2024-05-22T02:00:18+00:00\",\"mainEntityOfPage\":{\"@id\":\"https:\/\/apuntesdesanluis.com\/index.php\/2024\/05\/21\/acusan-a-dos-jovenes-por-la-muerte-de-un-menor-en-accidente-ocurrido-en-medio-de-una-picada\/\"},\"wordCount\":940,\"publisher\":{\"@id\":\"https:\/\/apuntesdesanluis.com\/#\/schema\/person\/b55151d52296fcce64d1a72538a70b90\"},\"image\":{\"@id\":\"https:\/\/apuntesdesanluis.com\/index.php\/2024\/05\/21\/acusan-a-dos-jovenes-por-la-muerte-de-un-menor-en-accidente-ocurrido-en-medio-de-una-picada\/#primaryimage\"},\"thumbnailUrl\":\"https:\/\/apuntesdesanluis.com\/wp-content\/uploads\/2024\/05\/JUZGADO-FAMILIA-3RA-C.-JUDICIAL.png\",\"articleSection\":[\"Ciudad\/Provincia\"],\"inLanguage\":\"es-AR\"},{\"@type\":\"WebPage\",\"@id\":\"https:\/\/apuntesdesanluis.com\/index.php\/2024\/05\/21\/acusan-a-dos-jovenes-por-la-muerte-de-un-menor-en-accidente-ocurrido-en-medio-de-una-picada\/\",\"url\":\"https:\/\/apuntesdesanluis.com\/index.php\/2024\/05\/21\/acusan-a-dos-jovenes-por-la-muerte-de-un-menor-en-accidente-ocurrido-en-medio-de-una-picada\/\",\"name\":\"ACUSAN A DOS J\u00d3VENES POR LA MUERTE DE UN MENOR EN ACCIDENTE OCURRIDO EN MEDIO DE UNA PICADA - Apuntes de San Luis\",\"isPartOf\":{\"@id\":\"https:\/\/apuntesdesanluis.com\/#website\"},\"primaryImageOfPage\":{\"@id\":\"https:\/\/apuntesdesanluis.com\/index.php\/2024\/05\/21\/acusan-a-dos-jovenes-por-la-muerte-de-un-menor-en-accidente-ocurrido-en-medio-de-una-picada\/#primaryimage\"},\"image\":{\"@id\":\"https:\/\/apuntesdesanluis.com\/index.php\/2024\/05\/21\/acusan-a-dos-jovenes-por-la-muerte-de-un-menor-en-accidente-ocurrido-en-medio-de-una-picada\/#primaryimage\"},\"thumbnailUrl\":\"https:\/\/apuntesdesanluis.com\/wp-content\/uploads\/2024\/05\/JUZGADO-FAMILIA-3RA-C.-JUDICIAL.png\",\"datePublished\":\"2024-05-22T02:00:18+00:00\",\"breadcrumb\":{\"@id\":\"https:\/\/apuntesdesanluis.com\/index.php\/2024\/05\/21\/acusan-a-dos-jovenes-por-la-muerte-de-un-menor-en-accidente-ocurrido-en-medio-de-una-picada\/#breadcrumb\"},\"inLanguage\":\"es-AR\",\"potentialAction\":[{\"@type\":\"ReadAction\",\"target\":[\"https:\/\/apuntesdesanluis.com\/index.php\/2024\/05\/21\/acusan-a-dos-jovenes-por-la-muerte-de-un-menor-en-accidente-ocurrido-en-medio-de-una-picada\/\"]}]},{\"@type\":\"ImageObject\",\"inLanguage\":\"es-AR\",\"@id\":\"https:\/\/apuntesdesanluis.com\/index.php\/2024\/05\/21\/acusan-a-dos-jovenes-por-la-muerte-de-un-menor-en-accidente-ocurrido-en-medio-de-una-picada\/#primaryimage\",\"url\":\"https:\/\/apuntesdesanluis.com\/wp-content\/uploads\/2024\/05\/JUZGADO-FAMILIA-3RA-C.-JUDICIAL.png\",\"contentUrl\":\"https:\/\/apuntesdesanluis.com\/wp-content\/uploads\/2024\/05\/JUZGADO-FAMILIA-3RA-C.-JUDICIAL.png\",\"width\":828,\"height\":460},{\"@type\":\"BreadcrumbList\",\"@id\":\"https:\/\/apuntesdesanluis.com\/index.php\/2024\/05\/21\/acusan-a-dos-jovenes-por-la-muerte-de-un-menor-en-accidente-ocurrido-en-medio-de-una-picada\/#breadcrumb\",\"itemListElement\":[{\"@type\":\"ListItem\",\"position\":1,\"name\":\"Inicio\",\"item\":\"https:\/\/apuntesdesanluis.com\/\"},{\"@type\":\"ListItem\",\"position\":2,\"name\":\"ACUSAN A DOS J\u00d3VENES POR LA MUERTE DE UN MENOR EN ACCIDENTE OCURRIDO EN MEDIO DE UNA PICADA\"}]},{\"@type\":\"WebSite\",\"@id\":\"https:\/\/apuntesdesanluis.com\/#website\",\"url\":\"https:\/\/apuntesdesanluis.com\/\",\"name\":\"Apuntes de San Luis\",\"description\":\"\",\"publisher\":{\"@id\":\"https:\/\/apuntesdesanluis.com\/#\/schema\/person\/b55151d52296fcce64d1a72538a70b90\"},\"potentialAction\":[{\"@type\":\"SearchAction\",\"target\":{\"@type\":\"EntryPoint\",\"urlTemplate\":\"https:\/\/apuntesdesanluis.com\/?s={search_term_string}\"},\"query-input\":{\"@type\":\"PropertyValueSpecification\",\"valueRequired\":true,\"valueName\":\"search_term_string\"}}],\"inLanguage\":\"es-AR\"},{\"@type\":[\"Person\",\"Organization\"],\"@id\":\"https:\/\/apuntesdesanluis.com\/#\/schema\/person\/b55151d52296fcce64d1a72538a70b90\",\"name\":\"apuntesdesanluis.com\",\"image\":{\"@type\":\"ImageObject\",\"inLanguage\":\"es-AR\",\"@id\":\"https:\/\/apuntesdesanluis.com\/#\/schema\/person\/image\/\",\"url\":\"https:\/\/apuntesdesanluis.com\/wp-content\/uploads\/2023\/07\/cropped-apuntesdesanluis.png\",\"contentUrl\":\"https:\/\/apuntesdesanluis.com\/wp-content\/uploads\/2023\/07\/cropped-apuntesdesanluis.png\",\"width\":450,\"height\":112,\"caption\":\"apuntesdesanluis.com\"},\"logo\":{\"@id\":\"https:\/\/apuntesdesanluis.com\/#\/schema\/person\/image\/\"},\"sameAs\":[\"https:\/\/apuntesdesanluis.com\"],\"url\":\"https:\/\/apuntesdesanluis.com\/index.php\/author\/apuntesdesanluis-com\/\"}]}<\/script>\n<!-- \/ Yoast SEO plugin. -->","yoast_head_json":{"title":"ACUSAN A DOS J\u00d3VENES POR LA MUERTE DE UN MENOR EN ACCIDENTE OCURRIDO EN MEDIO DE UNA PICADA - Apuntes de San Luis","robots":{"index":"index","follow":"follow","max-snippet":"max-snippet:-1","max-image-preview":"max-image-preview:large","max-video-preview":"max-video-preview:-1"},"canonical":"https:\/\/apuntesdesanluis.com\/index.php\/2024\/05\/21\/acusan-a-dos-jovenes-por-la-muerte-de-un-menor-en-accidente-ocurrido-en-medio-de-una-picada\/","og_locale":"es_ES","og_type":"article","og_title":"ACUSAN A DOS J\u00d3VENES POR LA MUERTE DE UN MENOR EN ACCIDENTE OCURRIDO EN MEDIO DE UNA PICADA - Apuntes de San Luis","og_description":"Son investigados como presuntos coautores del delito de homicidio culposo en accidente de tr\u00e1nsito, hecho...","og_url":"https:\/\/apuntesdesanluis.com\/index.php\/2024\/05\/21\/acusan-a-dos-jovenes-por-la-muerte-de-un-menor-en-accidente-ocurrido-en-medio-de-una-picada\/","og_site_name":"Apuntes de San Luis","article_published_time":"2024-05-22T02:00:18+00:00","og_image":[{"width":828,"height":460,"url":"https:\/\/apuntesdesanluis.com\/wp-content\/uploads\/2024\/05\/JUZGADO-FAMILIA-3RA-C.-JUDICIAL.png","type":"image\/png"}],"author":"apuntesdesanluis.com","twitter_card":"summary_large_image","twitter_misc":{"Escrito por":"apuntesdesanluis.com","Tiempo de lectura":"5 minutos"},"schema":{"@context":"https:\/\/schema.org","@graph":[{"@type":"Article","@id":"https:\/\/apuntesdesanluis.com\/index.php\/2024\/05\/21\/acusan-a-dos-jovenes-por-la-muerte-de-un-menor-en-accidente-ocurrido-en-medio-de-una-picada\/#article","isPartOf":{"@id":"https:\/\/apuntesdesanluis.com\/index.php\/2024\/05\/21\/acusan-a-dos-jovenes-por-la-muerte-de-un-menor-en-accidente-ocurrido-en-medio-de-una-picada\/"},"author":{"name":"apuntesdesanluis.com","@id":"https:\/\/apuntesdesanluis.com\/#\/schema\/person\/b55151d52296fcce64d1a72538a70b90"},"headline":"ACUSAN A DOS J\u00d3VENES POR LA MUERTE DE UN MENOR EN ACCIDENTE OCURRIDO EN MEDIO DE UNA PICADA","datePublished":"2024-05-22T02:00:18+00:00","mainEntityOfPage":{"@id":"https:\/\/apuntesdesanluis.com\/index.php\/2024\/05\/21\/acusan-a-dos-jovenes-por-la-muerte-de-un-menor-en-accidente-ocurrido-en-medio-de-una-picada\/"},"wordCount":940,"publisher":{"@id":"https:\/\/apuntesdesanluis.com\/#\/schema\/person\/b55151d52296fcce64d1a72538a70b90"},"image":{"@id":"https:\/\/apuntesdesanluis.com\/index.php\/2024\/05\/21\/acusan-a-dos-jovenes-por-la-muerte-de-un-menor-en-accidente-ocurrido-en-medio-de-una-picada\/#primaryimage"},"thumbnailUrl":"https:\/\/apuntesdesanluis.com\/wp-content\/uploads\/2024\/05\/JUZGADO-FAMILIA-3RA-C.-JUDICIAL.png","articleSection":["Ciudad\/Provincia"],"inLanguage":"es-AR"},{"@type":"WebPage","@id":"https:\/\/apuntesdesanluis.com\/index.php\/2024\/05\/21\/acusan-a-dos-jovenes-por-la-muerte-de-un-menor-en-accidente-ocurrido-en-medio-de-una-picada\/","url":"https:\/\/apuntesdesanluis.com\/index.php\/2024\/05\/21\/acusan-a-dos-jovenes-por-la-muerte-de-un-menor-en-accidente-ocurrido-en-medio-de-una-picada\/","name":"ACUSAN A DOS J\u00d3VENES POR LA MUERTE DE UN MENOR EN ACCIDENTE OCURRIDO EN MEDIO DE UNA PICADA - Apuntes de San Luis","isPartOf":{"@id":"https:\/\/apuntesdesanluis.com\/#website"},"primaryImageOfPage":{"@id":"https:\/\/apuntesdesanluis.com\/index.php\/2024\/05\/21\/acusan-a-dos-jovenes-por-la-muerte-de-un-menor-en-accidente-ocurrido-en-medio-de-una-picada\/#primaryimage"},"image":{"@id":"https:\/\/apuntesdesanluis.com\/index.php\/2024\/05\/21\/acusan-a-dos-jovenes-por-la-muerte-de-un-menor-en-accidente-ocurrido-en-medio-de-una-picada\/#primaryimage"},"thumbnailUrl":"https:\/\/apuntesdesanluis.com\/wp-content\/uploads\/2024\/05\/JUZGADO-FAMILIA-3RA-C.-JUDICIAL.png","datePublished":"2024-05-22T02:00:18+00:00","breadcrumb":{"@id":"https:\/\/apuntesdesanluis.com\/index.php\/2024\/05\/21\/acusan-a-dos-jovenes-por-la-muerte-de-un-menor-en-accidente-ocurrido-en-medio-de-una-picada\/#breadcrumb"},"inLanguage":"es-AR","potentialAction":[{"@type":"ReadAction","target":["https:\/\/apuntesdesanluis.com\/index.php\/2024\/05\/21\/acusan-a-dos-jovenes-por-la-muerte-de-un-menor-en-accidente-ocurrido-en-medio-de-una-picada\/"]}]},{"@type":"ImageObject","inLanguage":"es-AR","@id":"https:\/\/apuntesdesanluis.com\/index.php\/2024\/05\/21\/acusan-a-dos-jovenes-por-la-muerte-de-un-menor-en-accidente-ocurrido-en-medio-de-una-picada\/#primaryimage","url":"https:\/\/apuntesdesanluis.com\/wp-content\/uploads\/2024\/05\/JUZGADO-FAMILIA-3RA-C.-JUDICIAL.png","contentUrl":"https:\/\/apuntesdesanluis.com\/wp-content\/uploads\/2024\/05\/JUZGADO-FAMILIA-3RA-C.-JUDICIAL.png","width":828,"height":460},{"@type":"BreadcrumbList","@id":"https:\/\/apuntesdesanluis.com\/index.php\/2024\/05\/21\/acusan-a-dos-jovenes-por-la-muerte-de-un-menor-en-accidente-ocurrido-en-medio-de-una-picada\/#breadcrumb","itemListElement":[{"@type":"ListItem","position":1,"name":"Inicio","item":"https:\/\/apuntesdesanluis.com\/"},{"@type":"ListItem","position":2,"name":"ACUSAN A DOS J\u00d3VENES POR LA MUERTE DE UN MENOR EN ACCIDENTE OCURRIDO EN MEDIO DE UNA PICADA"}]},{"@type":"WebSite","@id":"https:\/\/apuntesdesanluis.com\/#website","url":"https:\/\/apuntesdesanluis.com\/","name":"Apuntes de San Luis","description":"","publisher":{"@id":"https:\/\/apuntesdesanluis.com\/#\/schema\/person\/b55151d52296fcce64d1a72538a70b90"},"potentialAction":[{"@type":"SearchAction","target":{"@type":"EntryPoint","urlTemplate":"https:\/\/apuntesdesanluis.com\/?s={search_term_string}"},"query-input":{"@type":"PropertyValueSpecification","valueRequired":true,"valueName":"search_term_string"}}],"inLanguage":"es-AR"},{"@type":["Person","Organization"],"@id":"https:\/\/apuntesdesanluis.com\/#\/schema\/person\/b55151d52296fcce64d1a72538a70b90","name":"apuntesdesanluis.com","image":{"@type":"ImageObject","inLanguage":"es-AR","@id":"https:\/\/apuntesdesanluis.com\/#\/schema\/person\/image\/","url":"https:\/\/apuntesdesanluis.com\/wp-content\/uploads\/2023\/07\/cropped-apuntesdesanluis.png","contentUrl":"https:\/\/apuntesdesanluis.com\/wp-content\/uploads\/2023\/07\/cropped-apuntesdesanluis.png","width":450,"height":112,"caption":"apuntesdesanluis.com"},"logo":{"@id":"https:\/\/apuntesdesanluis.com\/#\/schema\/person\/image\/"},"sameAs":["https:\/\/apuntesdesanluis.com"],"url":"https:\/\/apuntesdesanluis.com\/index.php\/author\/apuntesdesanluis-com\/"}]}},"featured_image_urls":{"full":["https:\/\/apuntesdesanluis.com\/wp-content\/uploads\/2024\/05\/JUZGADO-FAMILIA-3RA-C.-JUDICIAL.png",828,460,false],"thumbnail":["https:\/\/apuntesdesanluis.com\/wp-content\/uploads\/2024\/05\/JUZGADO-FAMILIA-3RA-C.-JUDICIAL-150x150.png",150,150,true],"medium":["https:\/\/apuntesdesanluis.com\/wp-content\/uploads\/2024\/05\/JUZGADO-FAMILIA-3RA-C.-JUDICIAL-300x167.png",300,167,true],"medium_large":["https:\/\/apuntesdesanluis.com\/wp-content\/uploads\/2024\/05\/JUZGADO-FAMILIA-3RA-C.-JUDICIAL-768x427.png",640,356,true],"large":["https:\/\/apuntesdesanluis.com\/wp-content\/uploads\/2024\/05\/JUZGADO-FAMILIA-3RA-C.-JUDICIAL.png",640,356,false],"1536x1536":["https:\/\/apuntesdesanluis.com\/wp-content\/uploads\/2024\/05\/JUZGADO-FAMILIA-3RA-C.-JUDICIAL.png",828,460,false],"2048x2048":["https:\/\/apuntesdesanluis.com\/wp-content\/uploads\/2024\/05\/JUZGADO-FAMILIA-3RA-C.-JUDICIAL.png",828,460,false],"newsever-slider-full":["https:\/\/apuntesdesanluis.com\/wp-content\/uploads\/2024\/05\/JUZGADO-FAMILIA-3RA-C.-JUDICIAL.png",828,460,false],"newsever-featured":["https:\/\/apuntesdesanluis.com\/wp-content\/uploads\/2024\/05\/JUZGADO-FAMILIA-3RA-C.-JUDICIAL.png",828,460,false],"newsever-medium":["https:\/\/apuntesdesanluis.com\/wp-content\/uploads\/2024\/05\/JUZGADO-FAMILIA-3RA-C.-JUDICIAL-720x460.png",720,460,true]},"author_info":{"display_name":"apuntesdesanluis.com","author_link":"https:\/\/apuntesdesanluis.com\/index.php\/author\/apuntesdesanluis-com\/"},"category_info":"<a href=\"https:\/\/apuntesdesanluis.com\/index.php\/category\/ciudad-provincia\/\" rel=\"category tag\">Ciudad\/Provincia<\/a>","tag_info":"Ciudad\/Provincia","comment_count":"0","_links":{"self":[{"href":"https:\/\/apuntesdesanluis.com\/index.php\/wp-json\/wp\/v2\/posts\/16551","targetHints":{"allow":["GET"]}}],"collection":[{"href":"https:\/\/apuntesdesanluis.com\/index.php\/wp-json\/wp\/v2\/posts"}],"about":[{"href":"https:\/\/apuntesdesanluis.com\/index.php\/wp-json\/wp\/v2\/types\/post"}],"author":[{"embeddable":true,"href":"https:\/\/apuntesdesanluis.com\/index.php\/wp-json\/wp\/v2\/users\/1"}],"replies":[{"embeddable":true,"href":"https:\/\/apuntesdesanluis.com\/index.php\/wp-json\/wp\/v2\/comments?post=16551"}],"version-history":[{"count":1,"href":"https:\/\/apuntesdesanluis.com\/index.php\/wp-json\/wp\/v2\/posts\/16551\/revisions"}],"predecessor-version":[{"id":16553,"href":"https:\/\/apuntesdesanluis.com\/index.php\/wp-json\/wp\/v2\/posts\/16551\/revisions\/16553"}],"wp:featuredmedia":[{"embeddable":true,"href":"https:\/\/apuntesdesanluis.com\/index.php\/wp-json\/wp\/v2\/media\/16552"}],"wp:attachment":[{"href":"https:\/\/apuntesdesanluis.com\/index.php\/wp-json\/wp\/v2\/media?parent=16551"}],"wp:term":[{"taxonomy":"category","embeddable":true,"href":"https:\/\/apuntesdesanluis.com\/index.php\/wp-json\/wp\/v2\/categories?post=16551"},{"taxonomy":"post_tag","embeddable":true,"href":"https:\/\/apuntesdesanluis.com\/index.php\/wp-json\/wp\/v2\/tags?post=16551"}],"curies":[{"name":"wp","href":"https:\/\/api.w.org\/{rel}","templated":true}]}}