{"id":16557,"date":"2024-05-21T23:44:02","date_gmt":"2024-05-22T02:44:02","guid":{"rendered":"https:\/\/apuntesdesanluis.com\/?p=16557"},"modified":"2024-05-21T23:44:02","modified_gmt":"2024-05-22T02:44:02","slug":"la-protesta-policial-en-misiones-sumo-a-docentes-y-otros-sectores-hubo-dos-cortes-en-la-ruta-nacional-12","status":"publish","type":"post","link":"https:\/\/apuntesdesanluis.com\/index.php\/2024\/05\/21\/la-protesta-policial-en-misiones-sumo-a-docentes-y-otros-sectores-hubo-dos-cortes-en-la-ruta-nacional-12\/","title":{"rendered":"LA PROTESTA POLICIAL EN MISIONES SUM\u00d3 A DOCENTES Y OTROS SECTORES: HUBO DOS CORTES EN LA RUTA NACIONAL 12"},"content":{"rendered":"<h3>La manifestaci\u00f3n que iniciaron la semana pasada los polic\u00edas de la provincia termin\u00f3 por convertirse en un catalizador de reclamos que ven\u00edan apareciendo aqu\u00ed y all\u00e1 en demanda de aumentos de salarios. Efectivos de la fuerza de seguridad r\u00e1pidamente concitaron la solidaridad y adhesi\u00f3n de maestros, penitenciarios, empleados p\u00fablicos, tareferos y productores en general que salieron a la calle en demanda de soluciones.<\/h3>\n<h3>El clima de efervescencia social que tom\u00f3 el viernes \u00faltimo temperatura m\u00e1xima impuls\u00f3 al gobierno nacional a enviar personal de Gendarmer\u00eda y uniformados federales, que mantienen bajo perfil y, lejos de aplicar el protocolo antipiquetes, toleran cortes de tr\u00e1nsito en lugares claves, como la ruta nacional N\u00b0 12, que estuvo durante diez horas cortadas en tres puntos. Los efectivos que responden a Patricia Bullrich, desviaron el tr\u00e1nsito y evitaron los desalojos.<\/h3>\n<h3>Trabajadores de la educaci\u00f3n realizaron cortes en varias arterias neur\u00e1lgicas de Misiones. Mientras, los polic\u00edas mantienen el campamento frente al Comando Radioel\u00e9ctrico y afirman que volver\u00e1n a las negociaciones con una postura intransigente: duplicar el sueldo inicial actual.<\/h3>\n<p><iframe title=\"CRECE el CONFLICTO en MISIONES: HABLAN DOCENTES en el PUENTE de ACCESO a POSADAS\" width=\"640\" height=\"360\" src=\"https:\/\/www.youtube.com\/embed\/kff0NzYJvks?start=1&#038;feature=oembed\" frameborder=\"0\" allow=\"accelerometer; autoplay; clipboard-write; encrypted-media; gyroscope; picture-in-picture; web-share\" referrerpolicy=\"strict-origin-when-cross-origin\" allowfullscreen><\/iframe><\/p>\n<h3>Docentes de distintas organizaciones sociales y autoconvocados de varias localidades de Misiones cortaron desde esta ma\u00f1ana el tr\u00e1nsito en inmediaciones del puente sobre el arroyo Guarup\u00e1, que une la localidad hom\u00f3nima con Candelaria por la ruta nacional 12. Los maestros misioneros tambi\u00e9n realizaron otra interrupci\u00f3n del paso unos kil\u00f3metros al norte de la misma v\u00eda, a la altura de la localidad de Santa Ana. En el acceso a Puerto Iguaz\u00fa, donde la ruta 12 termina, se realiz\u00f3 un corte intermitente que tambi\u00e9n convoc\u00f3 a trabajadores de la educaci\u00f3n.<\/h3>\n<h3>Estela Genesini, dirigente gremial docente, inform\u00f3 a Infobae que la protesta se dispuso en reclamo de mejoras salariales y de condiciones laborales, una reivindicaci\u00f3n que se repite en cada una de las manifestaciones que empiezan a multiplicarse, mientras el gobierno nacional, que envi\u00f3 Gendarmer\u00eda para asistir a la administraci\u00f3n que encabeza Hugo Passalacqua, todav\u00eda no tom\u00f3 intervenci\u00f3n.<\/h3>\n<h3>En las banquinas, se agolparon largas filas de camiones, muchos de ellos en tr\u00e1nsito de o hacia Brasil y \u00f3mnibus de larga distancia. Tambi\u00e9n algunos autos.<\/h3>\n<h3>M\u00e1s de un centenar de gazebos y sombrillas se instalaron sobre las dos manos de la cabecera sobre Candelaria y bloquearon el paso. En asamblea se inform\u00f3 que el Gobierno se neg\u00f3 a reabrir la discusi\u00f3n salarial. Es que ayer se lleg\u00f3 un entendimiento entre algunos sindicatos y la administraci\u00f3n de Passalacqua que llev\u00f3 el salario b\u00e1sico a uno $ 400 mil.<\/h3>\n<h3>Genesini, gremialista de la UDNAM (Uni\u00f3n de Docentes Nueva Argentina de Misiones), puntualiz\u00f3 desde el corte en Candelaria que los sindicatos tuvieron que ver con la masiva movilizaci\u00f3n de docentes, pero que la gran mayor\u00eda de ellos concurri\u00f3 como autoconvocados. La intenci\u00f3n es llegar, al menos, a los $ 500 mil.<\/h3>\n<p><img fetchpriority=\"high\" decoding=\"async\" class=\"wp-image-16559 aligncenter\" src=\"https:\/\/apuntesdesanluis.com\/wp-content\/uploads\/2024\/05\/MISIONES-300x172.png\" alt=\"\" width=\"666\" height=\"382\" srcset=\"https:\/\/apuntesdesanluis.com\/wp-content\/uploads\/2024\/05\/MISIONES-300x172.png 300w, https:\/\/apuntesdesanluis.com\/wp-content\/uploads\/2024\/05\/MISIONES.png 600w\" sizes=\"(max-width: 666px) 100vw, 666px\" \/><\/p>\n<h3>La gremialista mencion\u00f3 que los \u00faltimos incrementos para educaci\u00f3n se debieron otorgar por decreto, ya que ni siquiera los sindicatos m\u00e1s dialoguistas quisieron comprometerse firmando un acuerdo. \u201cEl de ayer fue avalado por un gremio que milita para el Frente Renovador (el oficialismo misionero) y otro muy peque\u00f1o\u201d, consign\u00f3.<\/h3>\n<h3>\u201cLa protesta docente lleva semanas de asambleas y paros. Tratamos de llamar la atenci\u00f3n del gobierno. Tratamos de lograr el apoyo de la comunidad educativa\u201d, agreg\u00f3.<\/h3>\n<h3>Este martes \u201chay un paro convocado por algunas organizaciones gremiales docentes, docentes autoconvocados y gremios estatales\u201d, puntualiz\u00f3. La medida de fuerza se prolong\u00f3 hasta minutos antes de las 18. Luego de eso, los manifestantes se replegaron con el objetivo de participar de la protesta frente al Comando Radioel\u00e9ctrico.<\/h3>\n<h3>NUEVA CONVOCATORIA A POLIC\u00cdAS<\/h3>\n<h3>Mientras la protesta en el puente se agrava, en el centro de Posadas, el epicentro donde empez\u00f3 la rebeli\u00f3n sigue generando novedades. Ram\u00f3n Amarilla, vocero de los polic\u00edas, anunci\u00f3 que el Gobierno convoc\u00f3 a una nueva instancia de conversaci\u00f3n. Pero aclar\u00f3 que la postura que llevar\u00e1n es irreductible: un 100% de aumento que lleve el b\u00e1sico del agente a $. 830 mil.<\/h3>\n<h3>Otro de los referentes, Germ\u00e1n Palavecino, indic\u00f3 a Infobae que el Gobierno les avis\u00f3 que hoy volver\u00edan a convocarlos, pero sin precisi\u00f3n de hora ni lugar. El lunes las conversaciones terminaron abruptamente. \u201cNos ofrecieron un 20%. Una falta de respeto. Nosotros queremos el 100% s\u00ed o s\u00ed\u201d, clam\u00f3 Amarilla desde las escalinatas del Comando Radioel\u00e9ctrico, foco del conflicto.<\/h3>\n<h3>\u201cVamos a regresar con la esperanza de traer el resultado que pretendemos\u201d, a\u00f1adi\u00f3 y asever\u00f3 que el prop\u00f3sito es lograr una recomposici\u00f3n salarial y no provocar la ca\u00edda del gobierno. Sin embargo, en otro tramo expres\u00f3: \u201cTenemos que mantenernos unidos y darle pelea a esta gente hasta las \u00faltimas consecuencias\u201d.<\/h3>\n<h3>\u201cEl Gobierno ni ha dimensionado el problema grav\u00edsimo que tiene. Todos los sectores estamos en la misma situaci\u00f3n. Quieren arreglar con la polic\u00eda primero para despu\u00e9s utilizarnos para pelear con un docente o el personal de salud. No tenemos que permitir que nos usen y pelear pobres contra pobres\u201d, agreg\u00f3 Amarilla, polic\u00eda retirado. Luego, precis\u00f3: \u201cAc\u00e1 vamos a dar el puntapi\u00e9 inicial para que el polic\u00eda sea bien pago\u201d.<\/h3>\n<h3>El cierre de la exposici\u00f3n fue con la llegada de la banda de la Polic\u00eda, que entr\u00f3 tocando canciones patria al acampe por uno de los laterales. Luego, toc\u00f3 el Himno Nacional. Los polic\u00edas y dem\u00e1s manifestantes regresaron luego a la preparaci\u00f3n del almuerzo en los distintos fogones.<\/h3>\n<p>&nbsp;<\/p>\n<p>&nbsp;<\/p>\n<p>&nbsp;<\/p>\n<p>&nbsp;<\/p>\n<p>&nbsp;<\/p>\n<p>&nbsp;<\/p>\n","protected":false},"excerpt":{"rendered":"<p>La manifestaci\u00f3n que iniciaron la semana pasada los polic\u00edas de la provincia termin\u00f3 por convertirse&#8230;<\/p>\n","protected":false},"author":1,"featured_media":16558,"comment_status":"closed","ping_status":"closed","sticky":false,"template":"","format":"standard","meta":{"footnotes":""},"categories":[5],"tags":[],"class_list":["post-16557","post","type-post","status-publish","format-standard","has-post-thumbnail","hentry","category-nacionales-internacionales"],"yoast_head":"<!-- This site is optimized with the Yoast SEO plugin v26.1.1 - https:\/\/yoast.com\/wordpress\/plugins\/seo\/ -->\n<title>LA PROTESTA POLICIAL EN MISIONES SUM\u00d3 A DOCENTES Y OTROS SECTORES: HUBO DOS CORTES EN LA RUTA NACIONAL 12 - Apuntes de San Luis<\/title>\n<meta name=\"robots\" content=\"index, follow, max-snippet:-1, max-image-preview:large, max-video-preview:-1\" \/>\n<link rel=\"canonical\" href=\"https:\/\/apuntesdesanluis.com\/index.php\/2024\/05\/21\/la-protesta-policial-en-misiones-sumo-a-docentes-y-otros-sectores-hubo-dos-cortes-en-la-ruta-nacional-12\/\" \/>\n<meta property=\"og:locale\" content=\"es_ES\" \/>\n<meta property=\"og:type\" content=\"article\" \/>\n<meta property=\"og:title\" content=\"LA PROTESTA POLICIAL EN MISIONES SUM\u00d3 A DOCENTES Y OTROS SECTORES: HUBO DOS CORTES EN LA RUTA NACIONAL 12 - Apuntes de San Luis\" \/>\n<meta property=\"og:description\" content=\"La manifestaci\u00f3n que iniciaron la semana pasada los polic\u00edas de la provincia termin\u00f3 por convertirse...\" \/>\n<meta property=\"og:url\" content=\"https:\/\/apuntesdesanluis.com\/index.php\/2024\/05\/21\/la-protesta-policial-en-misiones-sumo-a-docentes-y-otros-sectores-hubo-dos-cortes-en-la-ruta-nacional-12\/\" \/>\n<meta property=\"og:site_name\" content=\"Apuntes de San Luis\" \/>\n<meta property=\"article:published_time\" content=\"2024-05-22T02:44:02+00:00\" \/>\n<meta property=\"og:image\" content=\"https:\/\/apuntesdesanluis.com\/wp-content\/uploads\/2024\/05\/PROTESTA-EN-MISIONES.png\" \/>\n\t<meta property=\"og:image:width\" content=\"747\" \/>\n\t<meta property=\"og:image:height\" content=\"434\" \/>\n\t<meta property=\"og:image:type\" content=\"image\/png\" \/>\n<meta name=\"author\" content=\"apuntesdesanluis.com\" \/>\n<meta name=\"twitter:card\" content=\"summary_large_image\" \/>\n<meta name=\"twitter:label1\" content=\"Escrito por\" \/>\n\t<meta name=\"twitter:data1\" content=\"apuntesdesanluis.com\" \/>\n\t<meta name=\"twitter:label2\" content=\"Tiempo de lectura\" \/>\n\t<meta name=\"twitter:data2\" content=\"5 minutos\" \/>\n<script type=\"application\/ld+json\" class=\"yoast-schema-graph\">{\"@context\":\"https:\/\/schema.org\",\"@graph\":[{\"@type\":\"Article\",\"@id\":\"https:\/\/apuntesdesanluis.com\/index.php\/2024\/05\/21\/la-protesta-policial-en-misiones-sumo-a-docentes-y-otros-sectores-hubo-dos-cortes-en-la-ruta-nacional-12\/#article\",\"isPartOf\":{\"@id\":\"https:\/\/apuntesdesanluis.com\/index.php\/2024\/05\/21\/la-protesta-policial-en-misiones-sumo-a-docentes-y-otros-sectores-hubo-dos-cortes-en-la-ruta-nacional-12\/\"},\"author\":{\"name\":\"apuntesdesanluis.com\",\"@id\":\"https:\/\/apuntesdesanluis.com\/#\/schema\/person\/b55151d52296fcce64d1a72538a70b90\"},\"headline\":\"LA PROTESTA POLICIAL EN MISIONES SUM\u00d3 A DOCENTES Y OTROS SECTORES: HUBO DOS CORTES EN LA RUTA NACIONAL 12\",\"datePublished\":\"2024-05-22T02:44:02+00:00\",\"mainEntityOfPage\":{\"@id\":\"https:\/\/apuntesdesanluis.com\/index.php\/2024\/05\/21\/la-protesta-policial-en-misiones-sumo-a-docentes-y-otros-sectores-hubo-dos-cortes-en-la-ruta-nacional-12\/\"},\"wordCount\":959,\"publisher\":{\"@id\":\"https:\/\/apuntesdesanluis.com\/#\/schema\/person\/b55151d52296fcce64d1a72538a70b90\"},\"image\":{\"@id\":\"https:\/\/apuntesdesanluis.com\/index.php\/2024\/05\/21\/la-protesta-policial-en-misiones-sumo-a-docentes-y-otros-sectores-hubo-dos-cortes-en-la-ruta-nacional-12\/#primaryimage\"},\"thumbnailUrl\":\"https:\/\/apuntesdesanluis.com\/wp-content\/uploads\/2024\/05\/PROTESTA-EN-MISIONES.png\",\"articleSection\":[\"Nacionales\/Internacionales\"],\"inLanguage\":\"es-AR\"},{\"@type\":\"WebPage\",\"@id\":\"https:\/\/apuntesdesanluis.com\/index.php\/2024\/05\/21\/la-protesta-policial-en-misiones-sumo-a-docentes-y-otros-sectores-hubo-dos-cortes-en-la-ruta-nacional-12\/\",\"url\":\"https:\/\/apuntesdesanluis.com\/index.php\/2024\/05\/21\/la-protesta-policial-en-misiones-sumo-a-docentes-y-otros-sectores-hubo-dos-cortes-en-la-ruta-nacional-12\/\",\"name\":\"LA PROTESTA POLICIAL EN MISIONES SUM\u00d3 A DOCENTES Y OTROS SECTORES: HUBO DOS CORTES EN LA RUTA NACIONAL 12 - Apuntes de San Luis\",\"isPartOf\":{\"@id\":\"https:\/\/apuntesdesanluis.com\/#website\"},\"primaryImageOfPage\":{\"@id\":\"https:\/\/apuntesdesanluis.com\/index.php\/2024\/05\/21\/la-protesta-policial-en-misiones-sumo-a-docentes-y-otros-sectores-hubo-dos-cortes-en-la-ruta-nacional-12\/#primaryimage\"},\"image\":{\"@id\":\"https:\/\/apuntesdesanluis.com\/index.php\/2024\/05\/21\/la-protesta-policial-en-misiones-sumo-a-docentes-y-otros-sectores-hubo-dos-cortes-en-la-ruta-nacional-12\/#primaryimage\"},\"thumbnailUrl\":\"https:\/\/apuntesdesanluis.com\/wp-content\/uploads\/2024\/05\/PROTESTA-EN-MISIONES.png\",\"datePublished\":\"2024-05-22T02:44:02+00:00\",\"breadcrumb\":{\"@id\":\"https:\/\/apuntesdesanluis.com\/index.php\/2024\/05\/21\/la-protesta-policial-en-misiones-sumo-a-docentes-y-otros-sectores-hubo-dos-cortes-en-la-ruta-nacional-12\/#breadcrumb\"},\"inLanguage\":\"es-AR\",\"potentialAction\":[{\"@type\":\"ReadAction\",\"target\":[\"https:\/\/apuntesdesanluis.com\/index.php\/2024\/05\/21\/la-protesta-policial-en-misiones-sumo-a-docentes-y-otros-sectores-hubo-dos-cortes-en-la-ruta-nacional-12\/\"]}]},{\"@type\":\"ImageObject\",\"inLanguage\":\"es-AR\",\"@id\":\"https:\/\/apuntesdesanluis.com\/index.php\/2024\/05\/21\/la-protesta-policial-en-misiones-sumo-a-docentes-y-otros-sectores-hubo-dos-cortes-en-la-ruta-nacional-12\/#primaryimage\",\"url\":\"https:\/\/apuntesdesanluis.com\/wp-content\/uploads\/2024\/05\/PROTESTA-EN-MISIONES.png\",\"contentUrl\":\"https:\/\/apuntesdesanluis.com\/wp-content\/uploads\/2024\/05\/PROTESTA-EN-MISIONES.png\",\"width\":747,\"height\":434},{\"@type\":\"BreadcrumbList\",\"@id\":\"https:\/\/apuntesdesanluis.com\/index.php\/2024\/05\/21\/la-protesta-policial-en-misiones-sumo-a-docentes-y-otros-sectores-hubo-dos-cortes-en-la-ruta-nacional-12\/#breadcrumb\",\"itemListElement\":[{\"@type\":\"ListItem\",\"position\":1,\"name\":\"Inicio\",\"item\":\"https:\/\/apuntesdesanluis.com\/\"},{\"@type\":\"ListItem\",\"position\":2,\"name\":\"LA PROTESTA POLICIAL EN MISIONES SUM\u00d3 A DOCENTES Y OTROS SECTORES: HUBO DOS CORTES EN LA RUTA NACIONAL 12\"}]},{\"@type\":\"WebSite\",\"@id\":\"https:\/\/apuntesdesanluis.com\/#website\",\"url\":\"https:\/\/apuntesdesanluis.com\/\",\"name\":\"Apuntes de San Luis\",\"description\":\"\",\"publisher\":{\"@id\":\"https:\/\/apuntesdesanluis.com\/#\/schema\/person\/b55151d52296fcce64d1a72538a70b90\"},\"potentialAction\":[{\"@type\":\"SearchAction\",\"target\":{\"@type\":\"EntryPoint\",\"urlTemplate\":\"https:\/\/apuntesdesanluis.com\/?s={search_term_string}\"},\"query-input\":{\"@type\":\"PropertyValueSpecification\",\"valueRequired\":true,\"valueName\":\"search_term_string\"}}],\"inLanguage\":\"es-AR\"},{\"@type\":[\"Person\",\"Organization\"],\"@id\":\"https:\/\/apuntesdesanluis.com\/#\/schema\/person\/b55151d52296fcce64d1a72538a70b90\",\"name\":\"apuntesdesanluis.com\",\"image\":{\"@type\":\"ImageObject\",\"inLanguage\":\"es-AR\",\"@id\":\"https:\/\/apuntesdesanluis.com\/#\/schema\/person\/image\/\",\"url\":\"https:\/\/apuntesdesanluis.com\/wp-content\/uploads\/2023\/07\/cropped-apuntesdesanluis.png\",\"contentUrl\":\"https:\/\/apuntesdesanluis.com\/wp-content\/uploads\/2023\/07\/cropped-apuntesdesanluis.png\",\"width\":450,\"height\":112,\"caption\":\"apuntesdesanluis.com\"},\"logo\":{\"@id\":\"https:\/\/apuntesdesanluis.com\/#\/schema\/person\/image\/\"},\"sameAs\":[\"https:\/\/apuntesdesanluis.com\"],\"url\":\"https:\/\/apuntesdesanluis.com\/index.php\/author\/apuntesdesanluis-com\/\"}]}<\/script>\n<!-- \/ Yoast SEO plugin. -->","yoast_head_json":{"title":"LA PROTESTA POLICIAL EN MISIONES SUM\u00d3 A DOCENTES Y OTROS SECTORES: HUBO DOS CORTES EN LA RUTA NACIONAL 12 - Apuntes de San Luis","robots":{"index":"index","follow":"follow","max-snippet":"max-snippet:-1","max-image-preview":"max-image-preview:large","max-video-preview":"max-video-preview:-1"},"canonical":"https:\/\/apuntesdesanluis.com\/index.php\/2024\/05\/21\/la-protesta-policial-en-misiones-sumo-a-docentes-y-otros-sectores-hubo-dos-cortes-en-la-ruta-nacional-12\/","og_locale":"es_ES","og_type":"article","og_title":"LA PROTESTA POLICIAL EN MISIONES SUM\u00d3 A DOCENTES Y OTROS SECTORES: HUBO DOS CORTES EN LA RUTA NACIONAL 12 - Apuntes de San Luis","og_description":"La manifestaci\u00f3n que iniciaron la semana pasada los polic\u00edas de la provincia termin\u00f3 por convertirse...","og_url":"https:\/\/apuntesdesanluis.com\/index.php\/2024\/05\/21\/la-protesta-policial-en-misiones-sumo-a-docentes-y-otros-sectores-hubo-dos-cortes-en-la-ruta-nacional-12\/","og_site_name":"Apuntes de San Luis","article_published_time":"2024-05-22T02:44:02+00:00","og_image":[{"width":747,"height":434,"url":"https:\/\/apuntesdesanluis.com\/wp-content\/uploads\/2024\/05\/PROTESTA-EN-MISIONES.png","type":"image\/png"}],"author":"apuntesdesanluis.com","twitter_card":"summary_large_image","twitter_misc":{"Escrito por":"apuntesdesanluis.com","Tiempo de lectura":"5 minutos"},"schema":{"@context":"https:\/\/schema.org","@graph":[{"@type":"Article","@id":"https:\/\/apuntesdesanluis.com\/index.php\/2024\/05\/21\/la-protesta-policial-en-misiones-sumo-a-docentes-y-otros-sectores-hubo-dos-cortes-en-la-ruta-nacional-12\/#article","isPartOf":{"@id":"https:\/\/apuntesdesanluis.com\/index.php\/2024\/05\/21\/la-protesta-policial-en-misiones-sumo-a-docentes-y-otros-sectores-hubo-dos-cortes-en-la-ruta-nacional-12\/"},"author":{"name":"apuntesdesanluis.com","@id":"https:\/\/apuntesdesanluis.com\/#\/schema\/person\/b55151d52296fcce64d1a72538a70b90"},"headline":"LA PROTESTA POLICIAL EN MISIONES SUM\u00d3 A DOCENTES Y OTROS SECTORES: HUBO DOS CORTES EN LA RUTA NACIONAL 12","datePublished":"2024-05-22T02:44:02+00:00","mainEntityOfPage":{"@id":"https:\/\/apuntesdesanluis.com\/index.php\/2024\/05\/21\/la-protesta-policial-en-misiones-sumo-a-docentes-y-otros-sectores-hubo-dos-cortes-en-la-ruta-nacional-12\/"},"wordCount":959,"publisher":{"@id":"https:\/\/apuntesdesanluis.com\/#\/schema\/person\/b55151d52296fcce64d1a72538a70b90"},"image":{"@id":"https:\/\/apuntesdesanluis.com\/index.php\/2024\/05\/21\/la-protesta-policial-en-misiones-sumo-a-docentes-y-otros-sectores-hubo-dos-cortes-en-la-ruta-nacional-12\/#primaryimage"},"thumbnailUrl":"https:\/\/apuntesdesanluis.com\/wp-content\/uploads\/2024\/05\/PROTESTA-EN-MISIONES.png","articleSection":["Nacionales\/Internacionales"],"inLanguage":"es-AR"},{"@type":"WebPage","@id":"https:\/\/apuntesdesanluis.com\/index.php\/2024\/05\/21\/la-protesta-policial-en-misiones-sumo-a-docentes-y-otros-sectores-hubo-dos-cortes-en-la-ruta-nacional-12\/","url":"https:\/\/apuntesdesanluis.com\/index.php\/2024\/05\/21\/la-protesta-policial-en-misiones-sumo-a-docentes-y-otros-sectores-hubo-dos-cortes-en-la-ruta-nacional-12\/","name":"LA PROTESTA POLICIAL EN MISIONES SUM\u00d3 A DOCENTES Y OTROS SECTORES: HUBO DOS CORTES EN LA RUTA NACIONAL 12 - Apuntes de San Luis","isPartOf":{"@id":"https:\/\/apuntesdesanluis.com\/#website"},"primaryImageOfPage":{"@id":"https:\/\/apuntesdesanluis.com\/index.php\/2024\/05\/21\/la-protesta-policial-en-misiones-sumo-a-docentes-y-otros-sectores-hubo-dos-cortes-en-la-ruta-nacional-12\/#primaryimage"},"image":{"@id":"https:\/\/apuntesdesanluis.com\/index.php\/2024\/05\/21\/la-protesta-policial-en-misiones-sumo-a-docentes-y-otros-sectores-hubo-dos-cortes-en-la-ruta-nacional-12\/#primaryimage"},"thumbnailUrl":"https:\/\/apuntesdesanluis.com\/wp-content\/uploads\/2024\/05\/PROTESTA-EN-MISIONES.png","datePublished":"2024-05-22T02:44:02+00:00","breadcrumb":{"@id":"https:\/\/apuntesdesanluis.com\/index.php\/2024\/05\/21\/la-protesta-policial-en-misiones-sumo-a-docentes-y-otros-sectores-hubo-dos-cortes-en-la-ruta-nacional-12\/#breadcrumb"},"inLanguage":"es-AR","potentialAction":[{"@type":"ReadAction","target":["https:\/\/apuntesdesanluis.com\/index.php\/2024\/05\/21\/la-protesta-policial-en-misiones-sumo-a-docentes-y-otros-sectores-hubo-dos-cortes-en-la-ruta-nacional-12\/"]}]},{"@type":"ImageObject","inLanguage":"es-AR","@id":"https:\/\/apuntesdesanluis.com\/index.php\/2024\/05\/21\/la-protesta-policial-en-misiones-sumo-a-docentes-y-otros-sectores-hubo-dos-cortes-en-la-ruta-nacional-12\/#primaryimage","url":"https:\/\/apuntesdesanluis.com\/wp-content\/uploads\/2024\/05\/PROTESTA-EN-MISIONES.png","contentUrl":"https:\/\/apuntesdesanluis.com\/wp-content\/uploads\/2024\/05\/PROTESTA-EN-MISIONES.png","width":747,"height":434},{"@type":"BreadcrumbList","@id":"https:\/\/apuntesdesanluis.com\/index.php\/2024\/05\/21\/la-protesta-policial-en-misiones-sumo-a-docentes-y-otros-sectores-hubo-dos-cortes-en-la-ruta-nacional-12\/#breadcrumb","itemListElement":[{"@type":"ListItem","position":1,"name":"Inicio","item":"https:\/\/apuntesdesanluis.com\/"},{"@type":"ListItem","position":2,"name":"LA PROTESTA POLICIAL EN MISIONES SUM\u00d3 A DOCENTES Y OTROS SECTORES: HUBO DOS CORTES EN LA RUTA NACIONAL 12"}]},{"@type":"WebSite","@id":"https:\/\/apuntesdesanluis.com\/#website","url":"https:\/\/apuntesdesanluis.com\/","name":"Apuntes de San Luis","description":"","publisher":{"@id":"https:\/\/apuntesdesanluis.com\/#\/schema\/person\/b55151d52296fcce64d1a72538a70b90"},"potentialAction":[{"@type":"SearchAction","target":{"@type":"EntryPoint","urlTemplate":"https:\/\/apuntesdesanluis.com\/?s={search_term_string}"},"query-input":{"@type":"PropertyValueSpecification","valueRequired":true,"valueName":"search_term_string"}}],"inLanguage":"es-AR"},{"@type":["Person","Organization"],"@id":"https:\/\/apuntesdesanluis.com\/#\/schema\/person\/b55151d52296fcce64d1a72538a70b90","name":"apuntesdesanluis.com","image":{"@type":"ImageObject","inLanguage":"es-AR","@id":"https:\/\/apuntesdesanluis.com\/#\/schema\/person\/image\/","url":"https:\/\/apuntesdesanluis.com\/wp-content\/uploads\/2023\/07\/cropped-apuntesdesanluis.png","contentUrl":"https:\/\/apuntesdesanluis.com\/wp-content\/uploads\/2023\/07\/cropped-apuntesdesanluis.png","width":450,"height":112,"caption":"apuntesdesanluis.com"},"logo":{"@id":"https:\/\/apuntesdesanluis.com\/#\/schema\/person\/image\/"},"sameAs":["https:\/\/apuntesdesanluis.com"],"url":"https:\/\/apuntesdesanluis.com\/index.php\/author\/apuntesdesanluis-com\/"}]}},"featured_image_urls":{"full":["https:\/\/apuntesdesanluis.com\/wp-content\/uploads\/2024\/05\/PROTESTA-EN-MISIONES.png",747,434,false],"thumbnail":["https:\/\/apuntesdesanluis.com\/wp-content\/uploads\/2024\/05\/PROTESTA-EN-MISIONES-150x150.png",150,150,true],"medium":["https:\/\/apuntesdesanluis.com\/wp-content\/uploads\/2024\/05\/PROTESTA-EN-MISIONES-300x174.png",300,174,true],"medium_large":["https:\/\/apuntesdesanluis.com\/wp-content\/uploads\/2024\/05\/PROTESTA-EN-MISIONES.png",640,372,false],"large":["https:\/\/apuntesdesanluis.com\/wp-content\/uploads\/2024\/05\/PROTESTA-EN-MISIONES.png",640,372,false],"1536x1536":["https:\/\/apuntesdesanluis.com\/wp-content\/uploads\/2024\/05\/PROTESTA-EN-MISIONES.png",747,434,false],"2048x2048":["https:\/\/apuntesdesanluis.com\/wp-content\/uploads\/2024\/05\/PROTESTA-EN-MISIONES.png",747,434,false],"newsever-slider-full":["https:\/\/apuntesdesanluis.com\/wp-content\/uploads\/2024\/05\/PROTESTA-EN-MISIONES.png",747,434,false],"newsever-featured":["https:\/\/apuntesdesanluis.com\/wp-content\/uploads\/2024\/05\/PROTESTA-EN-MISIONES.png",747,434,false],"newsever-medium":["https:\/\/apuntesdesanluis.com\/wp-content\/uploads\/2024\/05\/PROTESTA-EN-MISIONES-720x434.png",720,434,true]},"author_info":{"display_name":"apuntesdesanluis.com","author_link":"https:\/\/apuntesdesanluis.com\/index.php\/author\/apuntesdesanluis-com\/"},"category_info":"<a href=\"https:\/\/apuntesdesanluis.com\/index.php\/category\/nacionales-internacionales\/\" rel=\"category tag\">Nacionales\/Internacionales<\/a>","tag_info":"Nacionales\/Internacionales","comment_count":"0","_links":{"self":[{"href":"https:\/\/apuntesdesanluis.com\/index.php\/wp-json\/wp\/v2\/posts\/16557","targetHints":{"allow":["GET"]}}],"collection":[{"href":"https:\/\/apuntesdesanluis.com\/index.php\/wp-json\/wp\/v2\/posts"}],"about":[{"href":"https:\/\/apuntesdesanluis.com\/index.php\/wp-json\/wp\/v2\/types\/post"}],"author":[{"embeddable":true,"href":"https:\/\/apuntesdesanluis.com\/index.php\/wp-json\/wp\/v2\/users\/1"}],"replies":[{"embeddable":true,"href":"https:\/\/apuntesdesanluis.com\/index.php\/wp-json\/wp\/v2\/comments?post=16557"}],"version-history":[{"count":1,"href":"https:\/\/apuntesdesanluis.com\/index.php\/wp-json\/wp\/v2\/posts\/16557\/revisions"}],"predecessor-version":[{"id":16560,"href":"https:\/\/apuntesdesanluis.com\/index.php\/wp-json\/wp\/v2\/posts\/16557\/revisions\/16560"}],"wp:featuredmedia":[{"embeddable":true,"href":"https:\/\/apuntesdesanluis.com\/index.php\/wp-json\/wp\/v2\/media\/16558"}],"wp:attachment":[{"href":"https:\/\/apuntesdesanluis.com\/index.php\/wp-json\/wp\/v2\/media?parent=16557"}],"wp:term":[{"taxonomy":"category","embeddable":true,"href":"https:\/\/apuntesdesanluis.com\/index.php\/wp-json\/wp\/v2\/categories?post=16557"},{"taxonomy":"post_tag","embeddable":true,"href":"https:\/\/apuntesdesanluis.com\/index.php\/wp-json\/wp\/v2\/tags?post=16557"}],"curies":[{"name":"wp","href":"https:\/\/api.w.org\/{rel}","templated":true}]}}