{"id":1656,"date":"2023-08-16T19:21:47","date_gmt":"2023-08-16T22:21:47","guid":{"rendered":"https:\/\/apuntesdesanluis.com\/?p=1656"},"modified":"2023-08-16T19:21:47","modified_gmt":"2023-08-16T22:21:47","slug":"el-intendente-olivero-adelanto-un-aumento-del-20-a-los-municipales","status":"publish","type":"post","link":"https:\/\/apuntesdesanluis.com\/index.php\/2023\/08\/16\/el-intendente-olivero-adelanto-un-aumento-del-20-a-los-municipales\/","title":{"rendered":"EL INTENDENTE OLIVERO ADELANT\u00d3 UN AUMENTO DEL 20% A LOS MUNICIPALES"},"content":{"rendered":"<h3 class=\"yiv7409174924ydp6329976emsonormal\" style=\"background: white;\"><span style=\"font-family: 'Arial','sans-serif'; color: #1d2228;\">Atendiendo \u201cla situaci\u00f3n econ\u00f3mica tan compleja que atravesamos en nuestro pa\u00eds -devaluaci\u00f3n, inflaci\u00f3n imparable y deterioro de los ingresos de los trabajadores- que golpea a las familias y nos obliga a tomar medidas urgentes\u201d, el jefe comunal de la ciudad de La Punta, <strong>Mart\u00edn Olivero<\/strong>, comunic\u00f3 la medida este mi\u00e9rcoles.<\/span><\/h3>\n<h3 class=\"yiv7409174924ydp6329976emsonormal\" style=\"background: white;\"><span style=\"font-family: 'Arial','sans-serif'; color: #1d2228;\">Como se recordar\u00e1, la inflaci\u00f3n en San Luis ascendi\u00f3 a 5,9% en julio, seg\u00fan la Direcci\u00f3n Provincial de Estad\u00edsticas y Censos, en tanto que a nivel nacional el mi\u00e9rcoles se comunic\u00f3 que fue del 6,3%.<\/span><\/h3>\n<h3 class=\"yiv7409174924ydp6329976emsonormal\" style=\"background: white;\"><span style=\"font-family: 'Arial','sans-serif'; color: #1d2228;\">\u201cLuego de analizarlo con mucha prudencia decid\u00ed adelantar para este mes un aumento salarial del 20%, aumento que hab\u00edamos anunciado para el mes de octubre pr\u00f3ximo. De esta manera todos los trabajadores de la administraci\u00f3n municipal de La Punta, tanto aquellos de planta permanente, como contratados y pr\u00e1cticas laborales, cobrar\u00e1n sus haberes de agosto con un 20% de aumento\u201d, explic\u00f3.<\/span><\/h3>\n<h3 class=\"yiv7409174924ydp6329976emsonormal\" style=\"background: white;\"><span style=\"font-family: 'Arial','sans-serif'; color: #1d2228;\">\u201cPodemos hacerlo porque siempre llevamos adelante una pol\u00edtica muy austera, equilibrada y cuidando los recursos p\u00fablicos\u201d, afirm\u00f3 el reelecto senador provincial por el Departamento General Pueyrred\u00f3n.<\/span><\/h3>\n","protected":false},"excerpt":{"rendered":"<p>Atendiendo \u201cla situaci\u00f3n econ\u00f3mica tan compleja que atravesamos en nuestro pa\u00eds -devaluaci\u00f3n, inflaci\u00f3n imparable y&#8230;<\/p>\n","protected":false},"author":1,"featured_media":1657,"comment_status":"closed","ping_status":"closed","sticky":false,"template":"","format":"standard","meta":{"footnotes":""},"categories":[6],"tags":[],"class_list":["post-1656","post","type-post","status-publish","format-standard","has-post-thumbnail","hentry","category-ciudad-provincia"],"yoast_head":"<!-- This site is optimized with the Yoast SEO plugin v26.1.1 - https:\/\/yoast.com\/wordpress\/plugins\/seo\/ -->\n<title>EL INTENDENTE OLIVERO ADELANT\u00d3 UN AUMENTO DEL 20% A LOS MUNICIPALES - Apuntes de San Luis<\/title>\n<meta name=\"robots\" content=\"index, follow, max-snippet:-1, max-image-preview:large, max-video-preview:-1\" \/>\n<link rel=\"canonical\" href=\"https:\/\/apuntesdesanluis.com\/index.php\/2023\/08\/16\/el-intendente-olivero-adelanto-un-aumento-del-20-a-los-municipales\/\" \/>\n<meta property=\"og:locale\" content=\"es_ES\" \/>\n<meta property=\"og:type\" content=\"article\" \/>\n<meta property=\"og:title\" content=\"EL INTENDENTE OLIVERO ADELANT\u00d3 UN AUMENTO DEL 20% A LOS MUNICIPALES - Apuntes de San Luis\" \/>\n<meta property=\"og:description\" content=\"Atendiendo \u201cla situaci\u00f3n econ\u00f3mica tan compleja que atravesamos en nuestro pa\u00eds -devaluaci\u00f3n, inflaci\u00f3n imparable y...\" \/>\n<meta property=\"og:url\" content=\"https:\/\/apuntesdesanluis.com\/index.php\/2023\/08\/16\/el-intendente-olivero-adelanto-un-aumento-del-20-a-los-municipales\/\" \/>\n<meta property=\"og:site_name\" content=\"Apuntes de San Luis\" \/>\n<meta property=\"article:published_time\" content=\"2023-08-16T22:21:47+00:00\" \/>\n<meta property=\"og:image\" content=\"https:\/\/apuntesdesanluis.com\/wp-content\/uploads\/2023\/08\/olivero.png\" \/>\n\t<meta property=\"og:image:width\" content=\"652\" \/>\n\t<meta property=\"og:image:height\" content=\"420\" \/>\n\t<meta property=\"og:image:type\" content=\"image\/png\" \/>\n<meta name=\"author\" content=\"apuntesdesanluis.com\" \/>\n<meta name=\"twitter:card\" content=\"summary_large_image\" \/>\n<meta name=\"twitter:label1\" content=\"Escrito por\" \/>\n\t<meta name=\"twitter:data1\" content=\"apuntesdesanluis.com\" \/>\n\t<meta name=\"twitter:label2\" content=\"Tiempo de lectura\" \/>\n\t<meta name=\"twitter:data2\" content=\"1 minuto\" \/>\n<script type=\"application\/ld+json\" class=\"yoast-schema-graph\">{\"@context\":\"https:\/\/schema.org\",\"@graph\":[{\"@type\":\"Article\",\"@id\":\"https:\/\/apuntesdesanluis.com\/index.php\/2023\/08\/16\/el-intendente-olivero-adelanto-un-aumento-del-20-a-los-municipales\/#article\",\"isPartOf\":{\"@id\":\"https:\/\/apuntesdesanluis.com\/index.php\/2023\/08\/16\/el-intendente-olivero-adelanto-un-aumento-del-20-a-los-municipales\/\"},\"author\":{\"name\":\"apuntesdesanluis.com\",\"@id\":\"https:\/\/apuntesdesanluis.com\/#\/schema\/person\/b55151d52296fcce64d1a72538a70b90\"},\"headline\":\"EL INTENDENTE OLIVERO ADELANT\u00d3 UN AUMENTO DEL 20% A LOS MUNICIPALES\",\"datePublished\":\"2023-08-16T22:21:47+00:00\",\"mainEntityOfPage\":{\"@id\":\"https:\/\/apuntesdesanluis.com\/index.php\/2023\/08\/16\/el-intendente-olivero-adelanto-un-aumento-del-20-a-los-municipales\/\"},\"wordCount\":197,\"publisher\":{\"@id\":\"https:\/\/apuntesdesanluis.com\/#\/schema\/person\/b55151d52296fcce64d1a72538a70b90\"},\"image\":{\"@id\":\"https:\/\/apuntesdesanluis.com\/index.php\/2023\/08\/16\/el-intendente-olivero-adelanto-un-aumento-del-20-a-los-municipales\/#primaryimage\"},\"thumbnailUrl\":\"https:\/\/apuntesdesanluis.com\/wp-content\/uploads\/2023\/08\/olivero.png\",\"articleSection\":[\"Ciudad\/Provincia\"],\"inLanguage\":\"es-AR\"},{\"@type\":\"WebPage\",\"@id\":\"https:\/\/apuntesdesanluis.com\/index.php\/2023\/08\/16\/el-intendente-olivero-adelanto-un-aumento-del-20-a-los-municipales\/\",\"url\":\"https:\/\/apuntesdesanluis.com\/index.php\/2023\/08\/16\/el-intendente-olivero-adelanto-un-aumento-del-20-a-los-municipales\/\",\"name\":\"EL INTENDENTE OLIVERO ADELANT\u00d3 UN AUMENTO DEL 20% A LOS MUNICIPALES - Apuntes de San Luis\",\"isPartOf\":{\"@id\":\"https:\/\/apuntesdesanluis.com\/#website\"},\"primaryImageOfPage\":{\"@id\":\"https:\/\/apuntesdesanluis.com\/index.php\/2023\/08\/16\/el-intendente-olivero-adelanto-un-aumento-del-20-a-los-municipales\/#primaryimage\"},\"image\":{\"@id\":\"https:\/\/apuntesdesanluis.com\/index.php\/2023\/08\/16\/el-intendente-olivero-adelanto-un-aumento-del-20-a-los-municipales\/#primaryimage\"},\"thumbnailUrl\":\"https:\/\/apuntesdesanluis.com\/wp-content\/uploads\/2023\/08\/olivero.png\",\"datePublished\":\"2023-08-16T22:21:47+00:00\",\"breadcrumb\":{\"@id\":\"https:\/\/apuntesdesanluis.com\/index.php\/2023\/08\/16\/el-intendente-olivero-adelanto-un-aumento-del-20-a-los-municipales\/#breadcrumb\"},\"inLanguage\":\"es-AR\",\"potentialAction\":[{\"@type\":\"ReadAction\",\"target\":[\"https:\/\/apuntesdesanluis.com\/index.php\/2023\/08\/16\/el-intendente-olivero-adelanto-un-aumento-del-20-a-los-municipales\/\"]}]},{\"@type\":\"ImageObject\",\"inLanguage\":\"es-AR\",\"@id\":\"https:\/\/apuntesdesanluis.com\/index.php\/2023\/08\/16\/el-intendente-olivero-adelanto-un-aumento-del-20-a-los-municipales\/#primaryimage\",\"url\":\"https:\/\/apuntesdesanluis.com\/wp-content\/uploads\/2023\/08\/olivero.png\",\"contentUrl\":\"https:\/\/apuntesdesanluis.com\/wp-content\/uploads\/2023\/08\/olivero.png\",\"width\":652,\"height\":420},{\"@type\":\"BreadcrumbList\",\"@id\":\"https:\/\/apuntesdesanluis.com\/index.php\/2023\/08\/16\/el-intendente-olivero-adelanto-un-aumento-del-20-a-los-municipales\/#breadcrumb\",\"itemListElement\":[{\"@type\":\"ListItem\",\"position\":1,\"name\":\"Inicio\",\"item\":\"https:\/\/apuntesdesanluis.com\/\"},{\"@type\":\"ListItem\",\"position\":2,\"name\":\"EL INTENDENTE OLIVERO ADELANT\u00d3 UN AUMENTO DEL 20% A LOS MUNICIPALES\"}]},{\"@type\":\"WebSite\",\"@id\":\"https:\/\/apuntesdesanluis.com\/#website\",\"url\":\"https:\/\/apuntesdesanluis.com\/\",\"name\":\"Apuntes de San Luis\",\"description\":\"\",\"publisher\":{\"@id\":\"https:\/\/apuntesdesanluis.com\/#\/schema\/person\/b55151d52296fcce64d1a72538a70b90\"},\"potentialAction\":[{\"@type\":\"SearchAction\",\"target\":{\"@type\":\"EntryPoint\",\"urlTemplate\":\"https:\/\/apuntesdesanluis.com\/?s={search_term_string}\"},\"query-input\":{\"@type\":\"PropertyValueSpecification\",\"valueRequired\":true,\"valueName\":\"search_term_string\"}}],\"inLanguage\":\"es-AR\"},{\"@type\":[\"Person\",\"Organization\"],\"@id\":\"https:\/\/apuntesdesanluis.com\/#\/schema\/person\/b55151d52296fcce64d1a72538a70b90\",\"name\":\"apuntesdesanluis.com\",\"image\":{\"@type\":\"ImageObject\",\"inLanguage\":\"es-AR\",\"@id\":\"https:\/\/apuntesdesanluis.com\/#\/schema\/person\/image\/\",\"url\":\"https:\/\/apuntesdesanluis.com\/wp-content\/uploads\/2023\/07\/cropped-apuntesdesanluis.png\",\"contentUrl\":\"https:\/\/apuntesdesanluis.com\/wp-content\/uploads\/2023\/07\/cropped-apuntesdesanluis.png\",\"width\":450,\"height\":112,\"caption\":\"apuntesdesanluis.com\"},\"logo\":{\"@id\":\"https:\/\/apuntesdesanluis.com\/#\/schema\/person\/image\/\"},\"sameAs\":[\"https:\/\/apuntesdesanluis.com\"],\"url\":\"https:\/\/apuntesdesanluis.com\/index.php\/author\/apuntesdesanluis-com\/\"}]}<\/script>\n<!-- \/ Yoast SEO plugin. -->","yoast_head_json":{"title":"EL INTENDENTE OLIVERO ADELANT\u00d3 UN AUMENTO DEL 20% A LOS MUNICIPALES - Apuntes de San Luis","robots":{"index":"index","follow":"follow","max-snippet":"max-snippet:-1","max-image-preview":"max-image-preview:large","max-video-preview":"max-video-preview:-1"},"canonical":"https:\/\/apuntesdesanluis.com\/index.php\/2023\/08\/16\/el-intendente-olivero-adelanto-un-aumento-del-20-a-los-municipales\/","og_locale":"es_ES","og_type":"article","og_title":"EL INTENDENTE OLIVERO ADELANT\u00d3 UN AUMENTO DEL 20% A LOS MUNICIPALES - Apuntes de San Luis","og_description":"Atendiendo \u201cla situaci\u00f3n econ\u00f3mica tan compleja que atravesamos en nuestro pa\u00eds -devaluaci\u00f3n, inflaci\u00f3n imparable y...","og_url":"https:\/\/apuntesdesanluis.com\/index.php\/2023\/08\/16\/el-intendente-olivero-adelanto-un-aumento-del-20-a-los-municipales\/","og_site_name":"Apuntes de San Luis","article_published_time":"2023-08-16T22:21:47+00:00","og_image":[{"width":652,"height":420,"url":"https:\/\/apuntesdesanluis.com\/wp-content\/uploads\/2023\/08\/olivero.png","type":"image\/png"}],"author":"apuntesdesanluis.com","twitter_card":"summary_large_image","twitter_misc":{"Escrito por":"apuntesdesanluis.com","Tiempo de lectura":"1 minuto"},"schema":{"@context":"https:\/\/schema.org","@graph":[{"@type":"Article","@id":"https:\/\/apuntesdesanluis.com\/index.php\/2023\/08\/16\/el-intendente-olivero-adelanto-un-aumento-del-20-a-los-municipales\/#article","isPartOf":{"@id":"https:\/\/apuntesdesanluis.com\/index.php\/2023\/08\/16\/el-intendente-olivero-adelanto-un-aumento-del-20-a-los-municipales\/"},"author":{"name":"apuntesdesanluis.com","@id":"https:\/\/apuntesdesanluis.com\/#\/schema\/person\/b55151d52296fcce64d1a72538a70b90"},"headline":"EL INTENDENTE OLIVERO ADELANT\u00d3 UN AUMENTO DEL 20% A LOS MUNICIPALES","datePublished":"2023-08-16T22:21:47+00:00","mainEntityOfPage":{"@id":"https:\/\/apuntesdesanluis.com\/index.php\/2023\/08\/16\/el-intendente-olivero-adelanto-un-aumento-del-20-a-los-municipales\/"},"wordCount":197,"publisher":{"@id":"https:\/\/apuntesdesanluis.com\/#\/schema\/person\/b55151d52296fcce64d1a72538a70b90"},"image":{"@id":"https:\/\/apuntesdesanluis.com\/index.php\/2023\/08\/16\/el-intendente-olivero-adelanto-un-aumento-del-20-a-los-municipales\/#primaryimage"},"thumbnailUrl":"https:\/\/apuntesdesanluis.com\/wp-content\/uploads\/2023\/08\/olivero.png","articleSection":["Ciudad\/Provincia"],"inLanguage":"es-AR"},{"@type":"WebPage","@id":"https:\/\/apuntesdesanluis.com\/index.php\/2023\/08\/16\/el-intendente-olivero-adelanto-un-aumento-del-20-a-los-municipales\/","url":"https:\/\/apuntesdesanluis.com\/index.php\/2023\/08\/16\/el-intendente-olivero-adelanto-un-aumento-del-20-a-los-municipales\/","name":"EL INTENDENTE OLIVERO ADELANT\u00d3 UN AUMENTO DEL 20% A LOS MUNICIPALES - Apuntes de San Luis","isPartOf":{"@id":"https:\/\/apuntesdesanluis.com\/#website"},"primaryImageOfPage":{"@id":"https:\/\/apuntesdesanluis.com\/index.php\/2023\/08\/16\/el-intendente-olivero-adelanto-un-aumento-del-20-a-los-municipales\/#primaryimage"},"image":{"@id":"https:\/\/apuntesdesanluis.com\/index.php\/2023\/08\/16\/el-intendente-olivero-adelanto-un-aumento-del-20-a-los-municipales\/#primaryimage"},"thumbnailUrl":"https:\/\/apuntesdesanluis.com\/wp-content\/uploads\/2023\/08\/olivero.png","datePublished":"2023-08-16T22:21:47+00:00","breadcrumb":{"@id":"https:\/\/apuntesdesanluis.com\/index.php\/2023\/08\/16\/el-intendente-olivero-adelanto-un-aumento-del-20-a-los-municipales\/#breadcrumb"},"inLanguage":"es-AR","potentialAction":[{"@type":"ReadAction","target":["https:\/\/apuntesdesanluis.com\/index.php\/2023\/08\/16\/el-intendente-olivero-adelanto-un-aumento-del-20-a-los-municipales\/"]}]},{"@type":"ImageObject","inLanguage":"es-AR","@id":"https:\/\/apuntesdesanluis.com\/index.php\/2023\/08\/16\/el-intendente-olivero-adelanto-un-aumento-del-20-a-los-municipales\/#primaryimage","url":"https:\/\/apuntesdesanluis.com\/wp-content\/uploads\/2023\/08\/olivero.png","contentUrl":"https:\/\/apuntesdesanluis.com\/wp-content\/uploads\/2023\/08\/olivero.png","width":652,"height":420},{"@type":"BreadcrumbList","@id":"https:\/\/apuntesdesanluis.com\/index.php\/2023\/08\/16\/el-intendente-olivero-adelanto-un-aumento-del-20-a-los-municipales\/#breadcrumb","itemListElement":[{"@type":"ListItem","position":1,"name":"Inicio","item":"https:\/\/apuntesdesanluis.com\/"},{"@type":"ListItem","position":2,"name":"EL INTENDENTE OLIVERO ADELANT\u00d3 UN AUMENTO DEL 20% A LOS MUNICIPALES"}]},{"@type":"WebSite","@id":"https:\/\/apuntesdesanluis.com\/#website","url":"https:\/\/apuntesdesanluis.com\/","name":"Apuntes de San Luis","description":"","publisher":{"@id":"https:\/\/apuntesdesanluis.com\/#\/schema\/person\/b55151d52296fcce64d1a72538a70b90"},"potentialAction":[{"@type":"SearchAction","target":{"@type":"EntryPoint","urlTemplate":"https:\/\/apuntesdesanluis.com\/?s={search_term_string}"},"query-input":{"@type":"PropertyValueSpecification","valueRequired":true,"valueName":"search_term_string"}}],"inLanguage":"es-AR"},{"@type":["Person","Organization"],"@id":"https:\/\/apuntesdesanluis.com\/#\/schema\/person\/b55151d52296fcce64d1a72538a70b90","name":"apuntesdesanluis.com","image":{"@type":"ImageObject","inLanguage":"es-AR","@id":"https:\/\/apuntesdesanluis.com\/#\/schema\/person\/image\/","url":"https:\/\/apuntesdesanluis.com\/wp-content\/uploads\/2023\/07\/cropped-apuntesdesanluis.png","contentUrl":"https:\/\/apuntesdesanluis.com\/wp-content\/uploads\/2023\/07\/cropped-apuntesdesanluis.png","width":450,"height":112,"caption":"apuntesdesanluis.com"},"logo":{"@id":"https:\/\/apuntesdesanluis.com\/#\/schema\/person\/image\/"},"sameAs":["https:\/\/apuntesdesanluis.com"],"url":"https:\/\/apuntesdesanluis.com\/index.php\/author\/apuntesdesanluis-com\/"}]}},"featured_image_urls":{"full":["https:\/\/apuntesdesanluis.com\/wp-content\/uploads\/2023\/08\/olivero.png",652,420,false],"thumbnail":["https:\/\/apuntesdesanluis.com\/wp-content\/uploads\/2023\/08\/olivero-150x150.png",150,150,true],"medium":["https:\/\/apuntesdesanluis.com\/wp-content\/uploads\/2023\/08\/olivero-300x193.png",300,193,true],"medium_large":["https:\/\/apuntesdesanluis.com\/wp-content\/uploads\/2023\/08\/olivero.png",640,412,false],"large":["https:\/\/apuntesdesanluis.com\/wp-content\/uploads\/2023\/08\/olivero.png",640,412,false],"1536x1536":["https:\/\/apuntesdesanluis.com\/wp-content\/uploads\/2023\/08\/olivero.png",652,420,false],"2048x2048":["https:\/\/apuntesdesanluis.com\/wp-content\/uploads\/2023\/08\/olivero.png",652,420,false],"newsever-slider-full":["https:\/\/apuntesdesanluis.com\/wp-content\/uploads\/2023\/08\/olivero.png",652,420,false],"newsever-featured":["https:\/\/apuntesdesanluis.com\/wp-content\/uploads\/2023\/08\/olivero.png",652,420,false],"newsever-medium":["https:\/\/apuntesdesanluis.com\/wp-content\/uploads\/2023\/08\/olivero.png",652,420,false]},"author_info":{"display_name":"apuntesdesanluis.com","author_link":"https:\/\/apuntesdesanluis.com\/index.php\/author\/apuntesdesanluis-com\/"},"category_info":"<a href=\"https:\/\/apuntesdesanluis.com\/index.php\/category\/ciudad-provincia\/\" rel=\"category tag\">Ciudad\/Provincia<\/a>","tag_info":"Ciudad\/Provincia","comment_count":"0","_links":{"self":[{"href":"https:\/\/apuntesdesanluis.com\/index.php\/wp-json\/wp\/v2\/posts\/1656","targetHints":{"allow":["GET"]}}],"collection":[{"href":"https:\/\/apuntesdesanluis.com\/index.php\/wp-json\/wp\/v2\/posts"}],"about":[{"href":"https:\/\/apuntesdesanluis.com\/index.php\/wp-json\/wp\/v2\/types\/post"}],"author":[{"embeddable":true,"href":"https:\/\/apuntesdesanluis.com\/index.php\/wp-json\/wp\/v2\/users\/1"}],"replies":[{"embeddable":true,"href":"https:\/\/apuntesdesanluis.com\/index.php\/wp-json\/wp\/v2\/comments?post=1656"}],"version-history":[{"count":1,"href":"https:\/\/apuntesdesanluis.com\/index.php\/wp-json\/wp\/v2\/posts\/1656\/revisions"}],"predecessor-version":[{"id":1658,"href":"https:\/\/apuntesdesanluis.com\/index.php\/wp-json\/wp\/v2\/posts\/1656\/revisions\/1658"}],"wp:featuredmedia":[{"embeddable":true,"href":"https:\/\/apuntesdesanluis.com\/index.php\/wp-json\/wp\/v2\/media\/1657"}],"wp:attachment":[{"href":"https:\/\/apuntesdesanluis.com\/index.php\/wp-json\/wp\/v2\/media?parent=1656"}],"wp:term":[{"taxonomy":"category","embeddable":true,"href":"https:\/\/apuntesdesanluis.com\/index.php\/wp-json\/wp\/v2\/categories?post=1656"},{"taxonomy":"post_tag","embeddable":true,"href":"https:\/\/apuntesdesanluis.com\/index.php\/wp-json\/wp\/v2\/tags?post=1656"}],"curies":[{"name":"wp","href":"https:\/\/api.w.org\/{rel}","templated":true}]}}