{"id":16561,"date":"2024-05-21T23:55:24","date_gmt":"2024-05-22T02:55:24","guid":{"rendered":"https:\/\/apuntesdesanluis.com\/?p=16561"},"modified":"2024-05-21T23:55:24","modified_gmt":"2024-05-22T02:55:24","slug":"milei-aseguro-tener-match-point-a-pedro-sanchez-y-afirmo-que-vetara-proyectos-que-rompan-el-equilibrio-fiscal","status":"publish","type":"post","link":"https:\/\/apuntesdesanluis.com\/index.php\/2024\/05\/21\/milei-aseguro-tener-match-point-a-pedro-sanchez-y-afirmo-que-vetara-proyectos-que-rompan-el-equilibrio-fiscal\/","title":{"rendered":"MILEI ASEGUR\u00d3 TENER &#8220;MATCH POINT&#8221; A PEDRO S\u00c1NCHEZ Y AFIRM\u00d3 QUE VETAR\u00c1 PROYECTOS QUE ROMPAN EL EQUILIBRIO FISCAL"},"content":{"rendered":"<h3>El presidente <strong>Javier Milei<\/strong> cerr\u00f3 el <strong>41\u00ba Congreso Anual del Instituto Argentino de Ejecutivos de Finanzas<\/strong> (IAEF). Se trat\u00f3 de su primera aparici\u00f3n luego del regreso de Madrid que origin\u00f3 el conflicto diplom\u00e1tico con <strong>Pedro S\u00e1nchez<\/strong>.<\/h3>\n<h3>En su discurso, Milei describi\u00f3 la &#8220;dolarizaci\u00f3n end\u00f3gena&#8221; que tendr\u00e1 la econom\u00eda argentina. Adem\u00e1s, desafi\u00f3 a los legisladores adelantando que va a vetar cualquier ley que amenace el equilibrio fiscal.<\/h3>\n<h3>\u201c\u00bfDe qu\u00e9 trataba la trama de El zorro? El Zorro ten\u00eda dos tipos de enemigos. Obviamente a Monasterio y todos sus soldados, o sea, el Estado que ven\u00eda y le sacaba los recursos para llev\u00e1rselo a Espa\u00f1a. Bueno, justo hoy menciono a Espa\u00f1a. Igual ya lo tengo A match point a Pedrito. Pese a lo que diga la progres\u00eda medi\u00e1tica\u201d, se\u00f1al\u00f3 el mandatario antes de comenzar su exposici\u00f3n econ\u00f3mica.<\/h3>\n<h3>Adem\u00e1s, volvi\u00f3 a dejar en claro que sigue en pie su propuesta de campa\u00f1a de cerrar el Banco Central. &#8220;Si hay algo que puede hacer el Banco Central, es da\u00f1o. Lo mejor que puede hacer nada, y por eso es mejor no tenerlo porque siempre puede aparecer un delincuente pol\u00edtico que lo quiera utilizar para estafar a la gente&#8221;, indic\u00f3.<\/h3>\n<p><img fetchpriority=\"high\" decoding=\"async\" class=\"wp-image-16563 aligncenter\" src=\"https:\/\/apuntesdesanluis.com\/wp-content\/uploads\/2024\/05\/milei-5-300x180.png\" alt=\"\" width=\"752\" height=\"451\" srcset=\"https:\/\/apuntesdesanluis.com\/wp-content\/uploads\/2024\/05\/milei-5-300x180.png 300w, https:\/\/apuntesdesanluis.com\/wp-content\/uploads\/2024\/05\/milei-5.png 700w\" sizes=\"(max-width: 752px) 100vw, 752px\" \/><\/p>\n<h3>Respecto a la inflaci\u00f3n, uno de los pocos n\u00fameros positivos a los que se aferra su administraci\u00f3n, Milei asegur\u00f3 que se est\u00e1n &#8220;reacomodando los precios&#8221; y critic\u00f3 al gobierno de Alberto Fern\u00e1ndez porque &#8220;en los \u00faltimos cuatro a\u00f1os, en especial en el \u00faltimo donde se emitieron 13 puntos del PBI&#8221;.<\/h3>\n<h3><strong>QU\u00c9 DIJO MILEI SOBRE LA DOLARIZACI\u00d3N<\/strong><\/h3>\n<h3>&#8220;Consecuentemente, el peso pasa a ser una pieza de museo y cuando sea muy chiquitito respecto a la cantidad de d\u00f3lares, vamos a dolarizar y va a desaparecer el peso&#8221;, prometi\u00f3 el mandatario frente a hombres de negocios. Fue otra de las promesas de campa\u00f1a que m\u00e1s divulg\u00f3 antes de llegar a la Casa Rosada.<\/h3>\n<h3>Luego pidi\u00f3 que se termine el &#8220;miedo a la libertad y los precios&#8221;. &#8220;Va a haber competencia de monedas, van a poder usar las que quieran, el d\u00f3lar, el franco suizo, cualquiera. En lugar de que un bur\u00f3crata determine las ponderaciones, las van a determinar los individuos&#8221;, asegur\u00f3.<\/h3>\n<h3>Adem\u00e1s, detall\u00f3 la hoja de ruta que planea seguir el gobierno sobre este tema. &#8220;Cuando terminemos con todos los mecanismos de emisi\u00f3n, la cantidad de dinero quede constante y la econom\u00eda se vaya dolarizando end\u00f3genamente, ah\u00ed se dolariza y cada uno hace las transacciones en las monedas que quiera&#8221;, manifest\u00f3.<\/h3>\n<h3>&#8220;En la medida que vayamos limpiando el Banco Central, vamos a ir al r\u00e9gimen de emisi\u00f3n cero. Con la competencia de monedas, el peso perder\u00e1 peso relativo, autom\u00e1ticamente dolarizamos, terminamos con la inflaci\u00f3n para siempre, le quitamos la navaja al mono asesino que es la pol\u00edtica y nos vamos a poner a trabajar en seguir haciendo las reformas para que Argentina en 35 a 40 a\u00f1os vuelva a ser una potencia&#8221;, sostuvo.<\/h3>\n<p><iframe title=\"Argentina: Javier Milei en el 41\u00ba Congreso de la IAEF - DNEWS\" width=\"640\" height=\"360\" src=\"https:\/\/www.youtube.com\/embed\/k8KCxAdV5aI?start=19&#038;feature=oembed\" frameborder=\"0\" allow=\"accelerometer; autoplay; clipboard-write; encrypted-media; gyroscope; picture-in-picture; web-share\" referrerpolicy=\"strict-origin-when-cross-origin\" allowfullscreen><\/iframe><\/p>\n<h3><strong>LAS PRINCIPALES DEFINICIONES<\/strong><\/h3>\n<ul>\n<li>\n<h3>&#8220;Estamos estabilizando sin violentar los derechos de propiedad. Una sarta de mentirosos dec\u00edan que \u00edbamos a expropiar. Estamos tardando m\u00e1s en la estabilizaci\u00f3n b\u00e1sicamente porque hemos decidido no expropiar y tampoco podemos determinar cu\u00e1ndo vamos a terminar con este proceso porque como es de mercado, dependemos de c\u00f3mo decidan los individuos.<\/h3>\n<\/li>\n<li>\n<h3>&#8220;&#8216;\u00bfQu\u00e9 d\u00eda abr\u00eds el cepo?&#8217; No lo s\u00e9 porque como lo estamos haciendo a mercado, lo determina la gente y tampoco fijamos ning\u00fan precio, como el tipo de cambio&#8221;.<\/h3>\n<\/li>\n<li>\n<h3>&#8220;\u00bfEstamos de acuerdo en que (Guillermo) Moreno es un villano? Controlar la tasa de inter\u00e9s es peor, porque significa que quiero controlar los bienes presentes como hac\u00eda Moreno sino tambi\u00e9n los bienes futuros&#8221;.<\/h3>\n<\/li>\n<li>\n<h3>&#8220;Cuando llegamos nos encontramos con d\u00e9ficits gemelos por 17 puntos del PBI. De \u00e9sos, 15 eran explicados por el d\u00e9ficit fiscal, donde 5 estaban en el Tesoro y 10 en el Banco Central&#8221;.<\/h3>\n<\/li>\n<li>\n<h3>&#8220;Un tercio del dinero que estaba en los remunerados los pasamos b\u00e1sicamente a depender del Tesoro. En el medio fuimos generando confianza y resultado fiscal para construir una curva de pesos&#8221;.<\/h3>\n<\/li>\n<li>\n<h3>&#8220;En la medida que vayamos bajando la tasa de inter\u00e9s y pasemos remunerados del Banco Central al Tesoro, vamos a terminar eliminando uno de los mecanismos de emisi\u00f3n end\u00f3gena&#8221;.<\/h3>\n<\/li>\n<li>\n<h3>&#8220;Cuando terminemos con los remunerados, el problema de los puts que estamos encaminando y avancemos en la reforma del sistema financiero, se termina la emisi\u00f3n por sector financiero&#8221;.<\/h3>\n<\/li>\n<li>\n<h3>&#8220;Como tenemos equilibrio fiscal financiero, no necesitamos emitir por el fisco y por ende vamos a dejar el tipo de cambio libre y no emitimos m\u00e1s&#8221;.<\/h3>\n<\/li>\n<li>\n<h3>&#8220;Una vez que tengamos esa situaci\u00f3n vamos a enviar al Congreso una ley para que se considere a la emisi\u00f3n un delito de lesa humanidad, imprescriptible. Si se emite dinero, va a ir preso el presidente del Banco Central, todo su directorio, el presidente de la Naci\u00f3n, el ministro de Econom\u00eda y diputados y senadores&#8221;.<\/h3>\n<\/li>\n<li>\n<h3>&#8220;Voy a tener una cantidad de dinero fija. Para aumentar de manera permanente el sendero de consumo, ustedes necesitan tener un aumento permanente del ingreso. En la medida que recomponemos el crecimiento econ\u00f3mico&#8221;.<\/h3>\n<\/li>\n<li>\n<h3>&#8220;Estamos empezando a rebotar porque los salarios en t\u00e9rminos reales empatan o superan a la inflaci\u00f3n y en alimentos le ganan por goleada&#8221;.<\/h3>\n<\/li>\n<li>\n<h3>&#8220;El proceso de estabilizaci\u00f3n est\u00e1 funcionando muy bien&#8221;.<\/h3>\n<\/li>\n<li>\n<h3>&#8220;Van a volver 15 puntos de ahorro para financiar la inversi\u00f3n y de estar discutiendo la hiperinflaci\u00f3n estamos discutiendo el cr\u00e9dito hipotecario, vuelve el sue\u00f1o de la casa propia. Los j\u00f3venes no pod\u00edan pasar de tener un auto y ahora piensan que pueden tener una casa propia, y todo en cinco meses&#8221;.<\/h3>\n<\/li>\n<li>\n<h3>&#8220;Cualquier proyecto que manden desde el Congreso que quieran romper la caja y hacer volar este pa\u00eds por los aires, lo voy a vetar, me importa tres carajos&#8221;.<\/h3>\n<\/li>\n<li>\n<h3>&#8220;Si genero crecimiento econ\u00f3mico y si meto las reformas estructurales mucho m\u00e1s. Si no las saca el Congreso ahora, no me importa, lo voy a volver intentar todas las veces que sea. Y si no las dejan pasar, la paliza que vamos a dar electoralmente el a\u00f1o que viene va a hacer que cambie la composici\u00f3n del Congreso&#8221;.<\/h3>\n<\/li>\n<li>\n<h3>&#8220;Tenemos todav\u00eda pendientes 3.200 reformas y tarde o temprano las vamos a hacer, no vamos a parar hasta que la Argentina sea el pa\u00eds con m\u00e1s libertad del mundo&#8221;.<\/h3>\n<\/li>\n<li>\n<h3>&#8220;En la medida que la econom\u00eda crezca de manera permanente y eso implique un aumento permanente del consumo, la contracara es que va a aumentar la cantidad de dinero&#8221;.<\/h3>\n<\/li>\n<li>\n<h3>&#8220;Vamos a permitir la competencia de monedas, que se pueda utilizar el d\u00f3lar como otra manera m\u00e1s, conforme aumente la demanda dinero, la \u00fanica forma de monetizar la econom\u00eda es con los individuos metiendo los d\u00f3lares adentro de la econom\u00eda. Se van a encontrar con una situaci\u00f3n de los pesos fijos y con una econom\u00eda que crece que tiene cada vez m\u00e1s d\u00f3lares y se hacen las transacciones en las monedas que quieran&#8221;.<\/h3>\n<\/li>\n<\/ul>\n<p>&nbsp;<\/p>\n<p>&nbsp;<\/p>\n<p>&nbsp;<\/p>\n<p>&nbsp;<\/p>\n","protected":false},"excerpt":{"rendered":"<p>El presidente Javier Milei cerr\u00f3 el 41\u00ba Congreso Anual del Instituto Argentino de Ejecutivos de&#8230;<\/p>\n","protected":false},"author":1,"featured_media":16562,"comment_status":"closed","ping_status":"closed","sticky":false,"template":"","format":"standard","meta":{"footnotes":""},"categories":[5],"tags":[],"class_list":["post-16561","post","type-post","status-publish","format-standard","has-post-thumbnail","hentry","category-nacionales-internacionales"],"yoast_head":"<!-- This site is optimized with the Yoast SEO plugin v26.1.1 - https:\/\/yoast.com\/wordpress\/plugins\/seo\/ -->\n<title>MILEI ASEGUR\u00d3 TENER &quot;MATCH POINT&quot; A PEDRO S\u00c1NCHEZ Y AFIRM\u00d3 QUE VETAR\u00c1 PROYECTOS QUE ROMPAN EL EQUILIBRIO FISCAL - Apuntes de San Luis<\/title>\n<meta name=\"robots\" content=\"index, follow, max-snippet:-1, max-image-preview:large, max-video-preview:-1\" \/>\n<link rel=\"canonical\" href=\"https:\/\/apuntesdesanluis.com\/index.php\/2024\/05\/21\/milei-aseguro-tener-match-point-a-pedro-sanchez-y-afirmo-que-vetara-proyectos-que-rompan-el-equilibrio-fiscal\/\" \/>\n<meta property=\"og:locale\" content=\"es_ES\" \/>\n<meta property=\"og:type\" content=\"article\" \/>\n<meta property=\"og:title\" content=\"MILEI ASEGUR\u00d3 TENER &quot;MATCH POINT&quot; A PEDRO S\u00c1NCHEZ Y AFIRM\u00d3 QUE VETAR\u00c1 PROYECTOS QUE ROMPAN EL EQUILIBRIO FISCAL - Apuntes de San Luis\" \/>\n<meta property=\"og:description\" content=\"El presidente Javier Milei cerr\u00f3 el 41\u00ba Congreso Anual del Instituto Argentino de Ejecutivos de...\" \/>\n<meta property=\"og:url\" content=\"https:\/\/apuntesdesanluis.com\/index.php\/2024\/05\/21\/milei-aseguro-tener-match-point-a-pedro-sanchez-y-afirmo-que-vetara-proyectos-que-rompan-el-equilibrio-fiscal\/\" \/>\n<meta property=\"og:site_name\" content=\"Apuntes de San Luis\" \/>\n<meta property=\"article:published_time\" content=\"2024-05-22T02:55:24+00:00\" \/>\n<meta property=\"og:image\" content=\"https:\/\/apuntesdesanluis.com\/wp-content\/uploads\/2024\/05\/MILEI-Y-SAnchez-1.png\" \/>\n\t<meta property=\"og:image:width\" content=\"700\" \/>\n\t<meta property=\"og:image:height\" content=\"437\" \/>\n\t<meta property=\"og:image:type\" content=\"image\/png\" \/>\n<meta name=\"author\" content=\"apuntesdesanluis.com\" \/>\n<meta name=\"twitter:card\" content=\"summary_large_image\" \/>\n<meta name=\"twitter:label1\" content=\"Escrito por\" \/>\n\t<meta name=\"twitter:data1\" content=\"apuntesdesanluis.com\" \/>\n\t<meta name=\"twitter:label2\" content=\"Tiempo de lectura\" \/>\n\t<meta name=\"twitter:data2\" content=\"6 minutos\" \/>\n<script type=\"application\/ld+json\" class=\"yoast-schema-graph\">{\"@context\":\"https:\/\/schema.org\",\"@graph\":[{\"@type\":\"Article\",\"@id\":\"https:\/\/apuntesdesanluis.com\/index.php\/2024\/05\/21\/milei-aseguro-tener-match-point-a-pedro-sanchez-y-afirmo-que-vetara-proyectos-que-rompan-el-equilibrio-fiscal\/#article\",\"isPartOf\":{\"@id\":\"https:\/\/apuntesdesanluis.com\/index.php\/2024\/05\/21\/milei-aseguro-tener-match-point-a-pedro-sanchez-y-afirmo-que-vetara-proyectos-que-rompan-el-equilibrio-fiscal\/\"},\"author\":{\"name\":\"apuntesdesanluis.com\",\"@id\":\"https:\/\/apuntesdesanluis.com\/#\/schema\/person\/b55151d52296fcce64d1a72538a70b90\"},\"headline\":\"MILEI ASEGUR\u00d3 TENER &#8220;MATCH POINT&#8221; A PEDRO S\u00c1NCHEZ Y AFIRM\u00d3 QUE VETAR\u00c1 PROYECTOS QUE ROMPAN EL EQUILIBRIO FISCAL\",\"datePublished\":\"2024-05-22T02:55:24+00:00\",\"mainEntityOfPage\":{\"@id\":\"https:\/\/apuntesdesanluis.com\/index.php\/2024\/05\/21\/milei-aseguro-tener-match-point-a-pedro-sanchez-y-afirmo-que-vetara-proyectos-que-rompan-el-equilibrio-fiscal\/\"},\"wordCount\":1246,\"publisher\":{\"@id\":\"https:\/\/apuntesdesanluis.com\/#\/schema\/person\/b55151d52296fcce64d1a72538a70b90\"},\"image\":{\"@id\":\"https:\/\/apuntesdesanluis.com\/index.php\/2024\/05\/21\/milei-aseguro-tener-match-point-a-pedro-sanchez-y-afirmo-que-vetara-proyectos-que-rompan-el-equilibrio-fiscal\/#primaryimage\"},\"thumbnailUrl\":\"https:\/\/apuntesdesanluis.com\/wp-content\/uploads\/2024\/05\/MILEI-Y-SAnchez-1.png\",\"articleSection\":[\"Nacionales\/Internacionales\"],\"inLanguage\":\"es-AR\"},{\"@type\":\"WebPage\",\"@id\":\"https:\/\/apuntesdesanluis.com\/index.php\/2024\/05\/21\/milei-aseguro-tener-match-point-a-pedro-sanchez-y-afirmo-que-vetara-proyectos-que-rompan-el-equilibrio-fiscal\/\",\"url\":\"https:\/\/apuntesdesanluis.com\/index.php\/2024\/05\/21\/milei-aseguro-tener-match-point-a-pedro-sanchez-y-afirmo-que-vetara-proyectos-que-rompan-el-equilibrio-fiscal\/\",\"name\":\"MILEI ASEGUR\u00d3 TENER \\\"MATCH POINT\\\" A PEDRO S\u00c1NCHEZ Y AFIRM\u00d3 QUE VETAR\u00c1 PROYECTOS QUE ROMPAN EL EQUILIBRIO FISCAL - Apuntes de San Luis\",\"isPartOf\":{\"@id\":\"https:\/\/apuntesdesanluis.com\/#website\"},\"primaryImageOfPage\":{\"@id\":\"https:\/\/apuntesdesanluis.com\/index.php\/2024\/05\/21\/milei-aseguro-tener-match-point-a-pedro-sanchez-y-afirmo-que-vetara-proyectos-que-rompan-el-equilibrio-fiscal\/#primaryimage\"},\"image\":{\"@id\":\"https:\/\/apuntesdesanluis.com\/index.php\/2024\/05\/21\/milei-aseguro-tener-match-point-a-pedro-sanchez-y-afirmo-que-vetara-proyectos-que-rompan-el-equilibrio-fiscal\/#primaryimage\"},\"thumbnailUrl\":\"https:\/\/apuntesdesanluis.com\/wp-content\/uploads\/2024\/05\/MILEI-Y-SAnchez-1.png\",\"datePublished\":\"2024-05-22T02:55:24+00:00\",\"breadcrumb\":{\"@id\":\"https:\/\/apuntesdesanluis.com\/index.php\/2024\/05\/21\/milei-aseguro-tener-match-point-a-pedro-sanchez-y-afirmo-que-vetara-proyectos-que-rompan-el-equilibrio-fiscal\/#breadcrumb\"},\"inLanguage\":\"es-AR\",\"potentialAction\":[{\"@type\":\"ReadAction\",\"target\":[\"https:\/\/apuntesdesanluis.com\/index.php\/2024\/05\/21\/milei-aseguro-tener-match-point-a-pedro-sanchez-y-afirmo-que-vetara-proyectos-que-rompan-el-equilibrio-fiscal\/\"]}]},{\"@type\":\"ImageObject\",\"inLanguage\":\"es-AR\",\"@id\":\"https:\/\/apuntesdesanluis.com\/index.php\/2024\/05\/21\/milei-aseguro-tener-match-point-a-pedro-sanchez-y-afirmo-que-vetara-proyectos-que-rompan-el-equilibrio-fiscal\/#primaryimage\",\"url\":\"https:\/\/apuntesdesanluis.com\/wp-content\/uploads\/2024\/05\/MILEI-Y-SAnchez-1.png\",\"contentUrl\":\"https:\/\/apuntesdesanluis.com\/wp-content\/uploads\/2024\/05\/MILEI-Y-SAnchez-1.png\",\"width\":700,\"height\":437},{\"@type\":\"BreadcrumbList\",\"@id\":\"https:\/\/apuntesdesanluis.com\/index.php\/2024\/05\/21\/milei-aseguro-tener-match-point-a-pedro-sanchez-y-afirmo-que-vetara-proyectos-que-rompan-el-equilibrio-fiscal\/#breadcrumb\",\"itemListElement\":[{\"@type\":\"ListItem\",\"position\":1,\"name\":\"Inicio\",\"item\":\"https:\/\/apuntesdesanluis.com\/\"},{\"@type\":\"ListItem\",\"position\":2,\"name\":\"MILEI ASEGUR\u00d3 TENER &#8220;MATCH POINT&#8221; A PEDRO S\u00c1NCHEZ Y AFIRM\u00d3 QUE VETAR\u00c1 PROYECTOS QUE ROMPAN EL EQUILIBRIO FISCAL\"}]},{\"@type\":\"WebSite\",\"@id\":\"https:\/\/apuntesdesanluis.com\/#website\",\"url\":\"https:\/\/apuntesdesanluis.com\/\",\"name\":\"Apuntes de San Luis\",\"description\":\"\",\"publisher\":{\"@id\":\"https:\/\/apuntesdesanluis.com\/#\/schema\/person\/b55151d52296fcce64d1a72538a70b90\"},\"potentialAction\":[{\"@type\":\"SearchAction\",\"target\":{\"@type\":\"EntryPoint\",\"urlTemplate\":\"https:\/\/apuntesdesanluis.com\/?s={search_term_string}\"},\"query-input\":{\"@type\":\"PropertyValueSpecification\",\"valueRequired\":true,\"valueName\":\"search_term_string\"}}],\"inLanguage\":\"es-AR\"},{\"@type\":[\"Person\",\"Organization\"],\"@id\":\"https:\/\/apuntesdesanluis.com\/#\/schema\/person\/b55151d52296fcce64d1a72538a70b90\",\"name\":\"apuntesdesanluis.com\",\"image\":{\"@type\":\"ImageObject\",\"inLanguage\":\"es-AR\",\"@id\":\"https:\/\/apuntesdesanluis.com\/#\/schema\/person\/image\/\",\"url\":\"https:\/\/apuntesdesanluis.com\/wp-content\/uploads\/2023\/07\/cropped-apuntesdesanluis.png\",\"contentUrl\":\"https:\/\/apuntesdesanluis.com\/wp-content\/uploads\/2023\/07\/cropped-apuntesdesanluis.png\",\"width\":450,\"height\":112,\"caption\":\"apuntesdesanluis.com\"},\"logo\":{\"@id\":\"https:\/\/apuntesdesanluis.com\/#\/schema\/person\/image\/\"},\"sameAs\":[\"https:\/\/apuntesdesanluis.com\"],\"url\":\"https:\/\/apuntesdesanluis.com\/index.php\/author\/apuntesdesanluis-com\/\"}]}<\/script>\n<!-- \/ Yoast SEO plugin. -->","yoast_head_json":{"title":"MILEI ASEGUR\u00d3 TENER \"MATCH POINT\" A PEDRO S\u00c1NCHEZ Y AFIRM\u00d3 QUE VETAR\u00c1 PROYECTOS QUE ROMPAN EL EQUILIBRIO FISCAL - Apuntes de San Luis","robots":{"index":"index","follow":"follow","max-snippet":"max-snippet:-1","max-image-preview":"max-image-preview:large","max-video-preview":"max-video-preview:-1"},"canonical":"https:\/\/apuntesdesanluis.com\/index.php\/2024\/05\/21\/milei-aseguro-tener-match-point-a-pedro-sanchez-y-afirmo-que-vetara-proyectos-que-rompan-el-equilibrio-fiscal\/","og_locale":"es_ES","og_type":"article","og_title":"MILEI ASEGUR\u00d3 TENER \"MATCH POINT\" A PEDRO S\u00c1NCHEZ Y AFIRM\u00d3 QUE VETAR\u00c1 PROYECTOS QUE ROMPAN EL EQUILIBRIO FISCAL - Apuntes de San Luis","og_description":"El presidente Javier Milei cerr\u00f3 el 41\u00ba Congreso Anual del Instituto Argentino de Ejecutivos de...","og_url":"https:\/\/apuntesdesanluis.com\/index.php\/2024\/05\/21\/milei-aseguro-tener-match-point-a-pedro-sanchez-y-afirmo-que-vetara-proyectos-que-rompan-el-equilibrio-fiscal\/","og_site_name":"Apuntes de San Luis","article_published_time":"2024-05-22T02:55:24+00:00","og_image":[{"width":700,"height":437,"url":"https:\/\/apuntesdesanluis.com\/wp-content\/uploads\/2024\/05\/MILEI-Y-SAnchez-1.png","type":"image\/png"}],"author":"apuntesdesanluis.com","twitter_card":"summary_large_image","twitter_misc":{"Escrito por":"apuntesdesanluis.com","Tiempo de lectura":"6 minutos"},"schema":{"@context":"https:\/\/schema.org","@graph":[{"@type":"Article","@id":"https:\/\/apuntesdesanluis.com\/index.php\/2024\/05\/21\/milei-aseguro-tener-match-point-a-pedro-sanchez-y-afirmo-que-vetara-proyectos-que-rompan-el-equilibrio-fiscal\/#article","isPartOf":{"@id":"https:\/\/apuntesdesanluis.com\/index.php\/2024\/05\/21\/milei-aseguro-tener-match-point-a-pedro-sanchez-y-afirmo-que-vetara-proyectos-que-rompan-el-equilibrio-fiscal\/"},"author":{"name":"apuntesdesanluis.com","@id":"https:\/\/apuntesdesanluis.com\/#\/schema\/person\/b55151d52296fcce64d1a72538a70b90"},"headline":"MILEI ASEGUR\u00d3 TENER &#8220;MATCH POINT&#8221; A PEDRO S\u00c1NCHEZ Y AFIRM\u00d3 QUE VETAR\u00c1 PROYECTOS QUE ROMPAN EL EQUILIBRIO FISCAL","datePublished":"2024-05-22T02:55:24+00:00","mainEntityOfPage":{"@id":"https:\/\/apuntesdesanluis.com\/index.php\/2024\/05\/21\/milei-aseguro-tener-match-point-a-pedro-sanchez-y-afirmo-que-vetara-proyectos-que-rompan-el-equilibrio-fiscal\/"},"wordCount":1246,"publisher":{"@id":"https:\/\/apuntesdesanluis.com\/#\/schema\/person\/b55151d52296fcce64d1a72538a70b90"},"image":{"@id":"https:\/\/apuntesdesanluis.com\/index.php\/2024\/05\/21\/milei-aseguro-tener-match-point-a-pedro-sanchez-y-afirmo-que-vetara-proyectos-que-rompan-el-equilibrio-fiscal\/#primaryimage"},"thumbnailUrl":"https:\/\/apuntesdesanluis.com\/wp-content\/uploads\/2024\/05\/MILEI-Y-SAnchez-1.png","articleSection":["Nacionales\/Internacionales"],"inLanguage":"es-AR"},{"@type":"WebPage","@id":"https:\/\/apuntesdesanluis.com\/index.php\/2024\/05\/21\/milei-aseguro-tener-match-point-a-pedro-sanchez-y-afirmo-que-vetara-proyectos-que-rompan-el-equilibrio-fiscal\/","url":"https:\/\/apuntesdesanluis.com\/index.php\/2024\/05\/21\/milei-aseguro-tener-match-point-a-pedro-sanchez-y-afirmo-que-vetara-proyectos-que-rompan-el-equilibrio-fiscal\/","name":"MILEI ASEGUR\u00d3 TENER \"MATCH POINT\" A PEDRO S\u00c1NCHEZ Y AFIRM\u00d3 QUE VETAR\u00c1 PROYECTOS QUE ROMPAN EL EQUILIBRIO FISCAL - Apuntes de San Luis","isPartOf":{"@id":"https:\/\/apuntesdesanluis.com\/#website"},"primaryImageOfPage":{"@id":"https:\/\/apuntesdesanluis.com\/index.php\/2024\/05\/21\/milei-aseguro-tener-match-point-a-pedro-sanchez-y-afirmo-que-vetara-proyectos-que-rompan-el-equilibrio-fiscal\/#primaryimage"},"image":{"@id":"https:\/\/apuntesdesanluis.com\/index.php\/2024\/05\/21\/milei-aseguro-tener-match-point-a-pedro-sanchez-y-afirmo-que-vetara-proyectos-que-rompan-el-equilibrio-fiscal\/#primaryimage"},"thumbnailUrl":"https:\/\/apuntesdesanluis.com\/wp-content\/uploads\/2024\/05\/MILEI-Y-SAnchez-1.png","datePublished":"2024-05-22T02:55:24+00:00","breadcrumb":{"@id":"https:\/\/apuntesdesanluis.com\/index.php\/2024\/05\/21\/milei-aseguro-tener-match-point-a-pedro-sanchez-y-afirmo-que-vetara-proyectos-que-rompan-el-equilibrio-fiscal\/#breadcrumb"},"inLanguage":"es-AR","potentialAction":[{"@type":"ReadAction","target":["https:\/\/apuntesdesanluis.com\/index.php\/2024\/05\/21\/milei-aseguro-tener-match-point-a-pedro-sanchez-y-afirmo-que-vetara-proyectos-que-rompan-el-equilibrio-fiscal\/"]}]},{"@type":"ImageObject","inLanguage":"es-AR","@id":"https:\/\/apuntesdesanluis.com\/index.php\/2024\/05\/21\/milei-aseguro-tener-match-point-a-pedro-sanchez-y-afirmo-que-vetara-proyectos-que-rompan-el-equilibrio-fiscal\/#primaryimage","url":"https:\/\/apuntesdesanluis.com\/wp-content\/uploads\/2024\/05\/MILEI-Y-SAnchez-1.png","contentUrl":"https:\/\/apuntesdesanluis.com\/wp-content\/uploads\/2024\/05\/MILEI-Y-SAnchez-1.png","width":700,"height":437},{"@type":"BreadcrumbList","@id":"https:\/\/apuntesdesanluis.com\/index.php\/2024\/05\/21\/milei-aseguro-tener-match-point-a-pedro-sanchez-y-afirmo-que-vetara-proyectos-que-rompan-el-equilibrio-fiscal\/#breadcrumb","itemListElement":[{"@type":"ListItem","position":1,"name":"Inicio","item":"https:\/\/apuntesdesanluis.com\/"},{"@type":"ListItem","position":2,"name":"MILEI ASEGUR\u00d3 TENER &#8220;MATCH POINT&#8221; A PEDRO S\u00c1NCHEZ Y AFIRM\u00d3 QUE VETAR\u00c1 PROYECTOS QUE ROMPAN EL EQUILIBRIO FISCAL"}]},{"@type":"WebSite","@id":"https:\/\/apuntesdesanluis.com\/#website","url":"https:\/\/apuntesdesanluis.com\/","name":"Apuntes de San Luis","description":"","publisher":{"@id":"https:\/\/apuntesdesanluis.com\/#\/schema\/person\/b55151d52296fcce64d1a72538a70b90"},"potentialAction":[{"@type":"SearchAction","target":{"@type":"EntryPoint","urlTemplate":"https:\/\/apuntesdesanluis.com\/?s={search_term_string}"},"query-input":{"@type":"PropertyValueSpecification","valueRequired":true,"valueName":"search_term_string"}}],"inLanguage":"es-AR"},{"@type":["Person","Organization"],"@id":"https:\/\/apuntesdesanluis.com\/#\/schema\/person\/b55151d52296fcce64d1a72538a70b90","name":"apuntesdesanluis.com","image":{"@type":"ImageObject","inLanguage":"es-AR","@id":"https:\/\/apuntesdesanluis.com\/#\/schema\/person\/image\/","url":"https:\/\/apuntesdesanluis.com\/wp-content\/uploads\/2023\/07\/cropped-apuntesdesanluis.png","contentUrl":"https:\/\/apuntesdesanluis.com\/wp-content\/uploads\/2023\/07\/cropped-apuntesdesanluis.png","width":450,"height":112,"caption":"apuntesdesanluis.com"},"logo":{"@id":"https:\/\/apuntesdesanluis.com\/#\/schema\/person\/image\/"},"sameAs":["https:\/\/apuntesdesanluis.com"],"url":"https:\/\/apuntesdesanluis.com\/index.php\/author\/apuntesdesanluis-com\/"}]}},"featured_image_urls":{"full":["https:\/\/apuntesdesanluis.com\/wp-content\/uploads\/2024\/05\/MILEI-Y-SAnchez-1.png",700,437,false],"thumbnail":["https:\/\/apuntesdesanluis.com\/wp-content\/uploads\/2024\/05\/MILEI-Y-SAnchez-1-150x150.png",150,150,true],"medium":["https:\/\/apuntesdesanluis.com\/wp-content\/uploads\/2024\/05\/MILEI-Y-SAnchez-1-300x187.png",300,187,true],"medium_large":["https:\/\/apuntesdesanluis.com\/wp-content\/uploads\/2024\/05\/MILEI-Y-SAnchez-1.png",640,400,false],"large":["https:\/\/apuntesdesanluis.com\/wp-content\/uploads\/2024\/05\/MILEI-Y-SAnchez-1.png",640,400,false],"1536x1536":["https:\/\/apuntesdesanluis.com\/wp-content\/uploads\/2024\/05\/MILEI-Y-SAnchez-1.png",700,437,false],"2048x2048":["https:\/\/apuntesdesanluis.com\/wp-content\/uploads\/2024\/05\/MILEI-Y-SAnchez-1.png",700,437,false],"newsever-slider-full":["https:\/\/apuntesdesanluis.com\/wp-content\/uploads\/2024\/05\/MILEI-Y-SAnchez-1.png",700,437,false],"newsever-featured":["https:\/\/apuntesdesanluis.com\/wp-content\/uploads\/2024\/05\/MILEI-Y-SAnchez-1.png",700,437,false],"newsever-medium":["https:\/\/apuntesdesanluis.com\/wp-content\/uploads\/2024\/05\/MILEI-Y-SAnchez-1.png",700,437,false]},"author_info":{"display_name":"apuntesdesanluis.com","author_link":"https:\/\/apuntesdesanluis.com\/index.php\/author\/apuntesdesanluis-com\/"},"category_info":"<a href=\"https:\/\/apuntesdesanluis.com\/index.php\/category\/nacionales-internacionales\/\" rel=\"category tag\">Nacionales\/Internacionales<\/a>","tag_info":"Nacionales\/Internacionales","comment_count":"0","_links":{"self":[{"href":"https:\/\/apuntesdesanluis.com\/index.php\/wp-json\/wp\/v2\/posts\/16561","targetHints":{"allow":["GET"]}}],"collection":[{"href":"https:\/\/apuntesdesanluis.com\/index.php\/wp-json\/wp\/v2\/posts"}],"about":[{"href":"https:\/\/apuntesdesanluis.com\/index.php\/wp-json\/wp\/v2\/types\/post"}],"author":[{"embeddable":true,"href":"https:\/\/apuntesdesanluis.com\/index.php\/wp-json\/wp\/v2\/users\/1"}],"replies":[{"embeddable":true,"href":"https:\/\/apuntesdesanluis.com\/index.php\/wp-json\/wp\/v2\/comments?post=16561"}],"version-history":[{"count":1,"href":"https:\/\/apuntesdesanluis.com\/index.php\/wp-json\/wp\/v2\/posts\/16561\/revisions"}],"predecessor-version":[{"id":16564,"href":"https:\/\/apuntesdesanluis.com\/index.php\/wp-json\/wp\/v2\/posts\/16561\/revisions\/16564"}],"wp:featuredmedia":[{"embeddable":true,"href":"https:\/\/apuntesdesanluis.com\/index.php\/wp-json\/wp\/v2\/media\/16562"}],"wp:attachment":[{"href":"https:\/\/apuntesdesanluis.com\/index.php\/wp-json\/wp\/v2\/media?parent=16561"}],"wp:term":[{"taxonomy":"category","embeddable":true,"href":"https:\/\/apuntesdesanluis.com\/index.php\/wp-json\/wp\/v2\/categories?post=16561"},{"taxonomy":"post_tag","embeddable":true,"href":"https:\/\/apuntesdesanluis.com\/index.php\/wp-json\/wp\/v2\/tags?post=16561"}],"curies":[{"name":"wp","href":"https:\/\/api.w.org\/{rel}","templated":true}]}}