{"id":16565,"date":"2024-05-21T22:13:25","date_gmt":"2024-05-22T01:13:25","guid":{"rendered":"https:\/\/apuntesdesanluis.com\/?p=16565"},"modified":"2024-05-22T00:15:32","modified_gmt":"2024-05-22T03:15:32","slug":"el-oficialismo-discutio-el-paquete-fiscal-y-acepto-convocar-nuevos-invitados-a-responder-preguntas","status":"publish","type":"post","link":"https:\/\/apuntesdesanluis.com\/index.php\/2024\/05\/21\/el-oficialismo-discutio-el-paquete-fiscal-y-acepto-convocar-nuevos-invitados-a-responder-preguntas\/","title":{"rendered":"EL OFICIALISMO DISCUTI\u00d3 EL PAQUETE FISCAL Y ACEPT\u00d3 CONVOCAR NUEVOS INVITADOS A RESPONDER PREGUNTAS"},"content":{"rendered":"<h3>Esta tarde tuvo lugar la reuni\u00f3n de la comisi\u00f3n de Presupuesto y Hacienda para continuar el tratamiento del paquete de Medidas Fiscales, Paliativas y Relevantes, de la cual particip\u00f3 el presidente provisional del Senado, <strong>Bartolom\u00e9 Abdala<\/strong>.<\/h3>\n<h3>Fue tras el pedido reiterativo de UP y la UCR, que fue recogido por el titular de la Comisi\u00f3n de Presupuesto y Hacienda. El tratamiento del proyecto pas\u00f3 a un nuevo cuarto intermedio que se extender\u00eda hasta este mi\u00e9rcoles por la ma\u00f1ana.<\/h3>\n<p><img fetchpriority=\"high\" decoding=\"async\" class=\"wp-image-16567 aligncenter\" src=\"https:\/\/apuntesdesanluis.com\/wp-content\/uploads\/2024\/05\/bartolo-300x179.jpg\" alt=\"\" width=\"655\" height=\"391\" srcset=\"https:\/\/apuntesdesanluis.com\/wp-content\/uploads\/2024\/05\/bartolo-300x179.jpg 300w, https:\/\/apuntesdesanluis.com\/wp-content\/uploads\/2024\/05\/bartolo.jpg 610w\" sizes=\"(max-width: 655px) 100vw, 655px\" \/><\/p>\n<h3>El senador radical Mart\u00edn Lousteau manifest\u00f3: \u201cTenemos que legislar y entender bien la materia que estamos tratando porque estamos haciendo cambios significativos para la vida de los argentinos como estabilidad tributaria por 15 a\u00f1os. Si las preguntas que tenemos se zanjan t\u00e9cnicamente sin llamar a ning\u00fan especialista podemos dar tranquilos el debate, pero \u00bfeso va a ocurrir? Pero si las respuestas a las preguntas que tenemos no surgen de la comisi\u00f3n, funcionarios o expertos van a tener que venir\u201d, pero aclar\u00f3: \u201cNo me parece correcto que traigamos 100 o 50 expertos porque es una materia tributaria. Vale la pena apelar a una lista corta porque es una cuesti\u00f3n t\u00e9cnica\u201d.<\/h3>\n<h3>Al tomar la palabra, el libertario <strong>Bartolom\u00e9 Abdala<\/strong> (San Luis) explic\u00f3: \u201cLa ley tiene dos aristas claras, por un lado, un blanqueo y, por otro lado, una moratoria. Son particularidades diferentes, pero pareciera que nos sorprendemos cuando somos todos conscientes que todos los gobiernos han hecho este tipo de legislaci\u00f3n y de oportunidades para la ciudadan\u00eda\u201d.<\/h3>\n<h3>El puntano aclar\u00f3 que lo que se busca es \u201crecaudar algo para llevar a las arcas vac\u00edas que encontr\u00f3 el Estado el 10 de diciembre y oxigenar a las PyMES que estaban bastardenadas con una econom\u00eda que viene complicada desde hace tiempo con la inflaci\u00f3n. La posibilidad de esta ley es enriquecedora y la gente la est\u00e1 esperando\u201d, y solicit\u00f3 que quienes no gobiernen acompa\u00f1en esta ley que la gente est\u00e1 esperando.<\/h3>\n<p><iframe title=\"SDOR. BARTOLOM\u00c9 ABDALA - COMISI\u00d3N DE PRESUPUESTO 21-05-24\" width=\"640\" height=\"360\" src=\"https:\/\/www.youtube.com\/embed\/gE74bsi5saA?feature=oembed\" frameborder=\"0\" allow=\"accelerometer; autoplay; clipboard-write; encrypted-media; gyroscope; picture-in-picture; web-share\" referrerpolicy=\"strict-origin-when-cross-origin\" allowfullscreen><\/iframe><\/p>\n<h3>El salte\u00f1o Juan Carlos Romero (Cambio Federal) le enrostr\u00f3 al bloque opositor que el d\u00eda del paro de la CGT, en el que UP no asisti\u00f3 a la reuni\u00f3n de comisi\u00f3n en la que disertaron funcionarios, se han \u201cexplicado largamente muchas dudas y hemos tenido respuestas de muchas de ellas. Ac\u00e1 se trata de saber si van a aceptar o si se puede hacer un texto modificado\u201d, y cuestion\u00f3: \u201c\u00bfQu\u00e9 nos puede venir a decir de nuevo la CGT ac\u00e1, traer a las Madres de Plaza de Mayo?\u201d, por lo que sugiri\u00f3 traer a dos o 3 funcionarios puntuales que terminen de aclarar dudas en torno a alunas modificaciones planteadas.<\/h3>\n<h3>Este mi\u00e9rcoles a las 10:30 se re\u00fane nuevamente el plenario de comisiones que pas\u00f3 a cuarto intermedio.<\/h3>\n<p>&nbsp;<\/p>\n<p>&nbsp;<\/p>\n<p>&nbsp;<\/p>\n","protected":false},"excerpt":{"rendered":"<p>Esta tarde tuvo lugar la reuni\u00f3n de la comisi\u00f3n de Presupuesto y Hacienda para continuar&#8230;<\/p>\n","protected":false},"author":1,"featured_media":16566,"comment_status":"closed","ping_status":"closed","sticky":false,"template":"","format":"standard","meta":{"footnotes":""},"categories":[5],"tags":[],"class_list":["post-16565","post","type-post","status-publish","format-standard","has-post-thumbnail","hentry","category-nacionales-internacionales"],"yoast_head":"<!-- This site is optimized with the Yoast SEO plugin v26.1.1 - https:\/\/yoast.com\/wordpress\/plugins\/seo\/ -->\n<title>EL OFICIALISMO DISCUTI\u00d3 EL PAQUETE FISCAL Y ACEPT\u00d3 CONVOCAR NUEVOS INVITADOS A RESPONDER PREGUNTAS - Apuntes de San Luis<\/title>\n<meta name=\"robots\" content=\"index, follow, max-snippet:-1, max-image-preview:large, max-video-preview:-1\" \/>\n<link rel=\"canonical\" href=\"https:\/\/apuntesdesanluis.com\/index.php\/2024\/05\/21\/el-oficialismo-discutio-el-paquete-fiscal-y-acepto-convocar-nuevos-invitados-a-responder-preguntas\/\" \/>\n<meta property=\"og:locale\" content=\"es_ES\" \/>\n<meta property=\"og:type\" content=\"article\" \/>\n<meta property=\"og:title\" content=\"EL OFICIALISMO DISCUTI\u00d3 EL PAQUETE FISCAL Y ACEPT\u00d3 CONVOCAR NUEVOS INVITADOS A RESPONDER PREGUNTAS - Apuntes de San Luis\" \/>\n<meta property=\"og:description\" content=\"Esta tarde tuvo lugar la reuni\u00f3n de la comisi\u00f3n de Presupuesto y Hacienda para continuar...\" \/>\n<meta property=\"og:url\" content=\"https:\/\/apuntesdesanluis.com\/index.php\/2024\/05\/21\/el-oficialismo-discutio-el-paquete-fiscal-y-acepto-convocar-nuevos-invitados-a-responder-preguntas\/\" \/>\n<meta property=\"og:site_name\" content=\"Apuntes de San Luis\" \/>\n<meta property=\"article:published_time\" content=\"2024-05-22T01:13:25+00:00\" \/>\n<meta property=\"article:modified_time\" content=\"2024-05-22T03:15:32+00:00\" \/>\n<meta property=\"og:image\" content=\"https:\/\/apuntesdesanluis.com\/wp-content\/uploads\/2024\/05\/senado.jpg\" \/>\n\t<meta property=\"og:image:width\" content=\"700\" \/>\n\t<meta property=\"og:image:height\" content=\"383\" \/>\n\t<meta property=\"og:image:type\" content=\"image\/jpeg\" \/>\n<meta name=\"author\" content=\"apuntesdesanluis.com\" \/>\n<meta name=\"twitter:card\" content=\"summary_large_image\" \/>\n<meta name=\"twitter:label1\" content=\"Escrito por\" \/>\n\t<meta name=\"twitter:data1\" content=\"apuntesdesanluis.com\" \/>\n\t<meta name=\"twitter:label2\" content=\"Tiempo de lectura\" \/>\n\t<meta name=\"twitter:data2\" content=\"3 minutos\" \/>\n<script type=\"application\/ld+json\" class=\"yoast-schema-graph\">{\"@context\":\"https:\/\/schema.org\",\"@graph\":[{\"@type\":\"Article\",\"@id\":\"https:\/\/apuntesdesanluis.com\/index.php\/2024\/05\/21\/el-oficialismo-discutio-el-paquete-fiscal-y-acepto-convocar-nuevos-invitados-a-responder-preguntas\/#article\",\"isPartOf\":{\"@id\":\"https:\/\/apuntesdesanluis.com\/index.php\/2024\/05\/21\/el-oficialismo-discutio-el-paquete-fiscal-y-acepto-convocar-nuevos-invitados-a-responder-preguntas\/\"},\"author\":{\"name\":\"apuntesdesanluis.com\",\"@id\":\"https:\/\/apuntesdesanluis.com\/#\/schema\/person\/b55151d52296fcce64d1a72538a70b90\"},\"headline\":\"EL OFICIALISMO DISCUTI\u00d3 EL PAQUETE FISCAL Y ACEPT\u00d3 CONVOCAR NUEVOS INVITADOS A RESPONDER PREGUNTAS\",\"datePublished\":\"2024-05-22T01:13:25+00:00\",\"dateModified\":\"2024-05-22T03:15:32+00:00\",\"mainEntityOfPage\":{\"@id\":\"https:\/\/apuntesdesanluis.com\/index.php\/2024\/05\/21\/el-oficialismo-discutio-el-paquete-fiscal-y-acepto-convocar-nuevos-invitados-a-responder-preguntas\/\"},\"wordCount\":492,\"publisher\":{\"@id\":\"https:\/\/apuntesdesanluis.com\/#\/schema\/person\/b55151d52296fcce64d1a72538a70b90\"},\"image\":{\"@id\":\"https:\/\/apuntesdesanluis.com\/index.php\/2024\/05\/21\/el-oficialismo-discutio-el-paquete-fiscal-y-acepto-convocar-nuevos-invitados-a-responder-preguntas\/#primaryimage\"},\"thumbnailUrl\":\"https:\/\/apuntesdesanluis.com\/wp-content\/uploads\/2024\/05\/senado.jpg\",\"articleSection\":[\"Nacionales\/Internacionales\"],\"inLanguage\":\"es-AR\"},{\"@type\":\"WebPage\",\"@id\":\"https:\/\/apuntesdesanluis.com\/index.php\/2024\/05\/21\/el-oficialismo-discutio-el-paquete-fiscal-y-acepto-convocar-nuevos-invitados-a-responder-preguntas\/\",\"url\":\"https:\/\/apuntesdesanluis.com\/index.php\/2024\/05\/21\/el-oficialismo-discutio-el-paquete-fiscal-y-acepto-convocar-nuevos-invitados-a-responder-preguntas\/\",\"name\":\"EL OFICIALISMO DISCUTI\u00d3 EL PAQUETE FISCAL Y ACEPT\u00d3 CONVOCAR NUEVOS INVITADOS A RESPONDER PREGUNTAS - Apuntes de San Luis\",\"isPartOf\":{\"@id\":\"https:\/\/apuntesdesanluis.com\/#website\"},\"primaryImageOfPage\":{\"@id\":\"https:\/\/apuntesdesanluis.com\/index.php\/2024\/05\/21\/el-oficialismo-discutio-el-paquete-fiscal-y-acepto-convocar-nuevos-invitados-a-responder-preguntas\/#primaryimage\"},\"image\":{\"@id\":\"https:\/\/apuntesdesanluis.com\/index.php\/2024\/05\/21\/el-oficialismo-discutio-el-paquete-fiscal-y-acepto-convocar-nuevos-invitados-a-responder-preguntas\/#primaryimage\"},\"thumbnailUrl\":\"https:\/\/apuntesdesanluis.com\/wp-content\/uploads\/2024\/05\/senado.jpg\",\"datePublished\":\"2024-05-22T01:13:25+00:00\",\"dateModified\":\"2024-05-22T03:15:32+00:00\",\"breadcrumb\":{\"@id\":\"https:\/\/apuntesdesanluis.com\/index.php\/2024\/05\/21\/el-oficialismo-discutio-el-paquete-fiscal-y-acepto-convocar-nuevos-invitados-a-responder-preguntas\/#breadcrumb\"},\"inLanguage\":\"es-AR\",\"potentialAction\":[{\"@type\":\"ReadAction\",\"target\":[\"https:\/\/apuntesdesanluis.com\/index.php\/2024\/05\/21\/el-oficialismo-discutio-el-paquete-fiscal-y-acepto-convocar-nuevos-invitados-a-responder-preguntas\/\"]}]},{\"@type\":\"ImageObject\",\"inLanguage\":\"es-AR\",\"@id\":\"https:\/\/apuntesdesanluis.com\/index.php\/2024\/05\/21\/el-oficialismo-discutio-el-paquete-fiscal-y-acepto-convocar-nuevos-invitados-a-responder-preguntas\/#primaryimage\",\"url\":\"https:\/\/apuntesdesanluis.com\/wp-content\/uploads\/2024\/05\/senado.jpg\",\"contentUrl\":\"https:\/\/apuntesdesanluis.com\/wp-content\/uploads\/2024\/05\/senado.jpg\",\"width\":700,\"height\":383},{\"@type\":\"BreadcrumbList\",\"@id\":\"https:\/\/apuntesdesanluis.com\/index.php\/2024\/05\/21\/el-oficialismo-discutio-el-paquete-fiscal-y-acepto-convocar-nuevos-invitados-a-responder-preguntas\/#breadcrumb\",\"itemListElement\":[{\"@type\":\"ListItem\",\"position\":1,\"name\":\"Inicio\",\"item\":\"https:\/\/apuntesdesanluis.com\/\"},{\"@type\":\"ListItem\",\"position\":2,\"name\":\"EL OFICIALISMO DISCUTI\u00d3 EL PAQUETE FISCAL Y ACEPT\u00d3 CONVOCAR NUEVOS INVITADOS A RESPONDER PREGUNTAS\"}]},{\"@type\":\"WebSite\",\"@id\":\"https:\/\/apuntesdesanluis.com\/#website\",\"url\":\"https:\/\/apuntesdesanluis.com\/\",\"name\":\"Apuntes de San Luis\",\"description\":\"\",\"publisher\":{\"@id\":\"https:\/\/apuntesdesanluis.com\/#\/schema\/person\/b55151d52296fcce64d1a72538a70b90\"},\"potentialAction\":[{\"@type\":\"SearchAction\",\"target\":{\"@type\":\"EntryPoint\",\"urlTemplate\":\"https:\/\/apuntesdesanluis.com\/?s={search_term_string}\"},\"query-input\":{\"@type\":\"PropertyValueSpecification\",\"valueRequired\":true,\"valueName\":\"search_term_string\"}}],\"inLanguage\":\"es-AR\"},{\"@type\":[\"Person\",\"Organization\"],\"@id\":\"https:\/\/apuntesdesanluis.com\/#\/schema\/person\/b55151d52296fcce64d1a72538a70b90\",\"name\":\"apuntesdesanluis.com\",\"image\":{\"@type\":\"ImageObject\",\"inLanguage\":\"es-AR\",\"@id\":\"https:\/\/apuntesdesanluis.com\/#\/schema\/person\/image\/\",\"url\":\"https:\/\/apuntesdesanluis.com\/wp-content\/uploads\/2023\/07\/cropped-apuntesdesanluis.png\",\"contentUrl\":\"https:\/\/apuntesdesanluis.com\/wp-content\/uploads\/2023\/07\/cropped-apuntesdesanluis.png\",\"width\":450,\"height\":112,\"caption\":\"apuntesdesanluis.com\"},\"logo\":{\"@id\":\"https:\/\/apuntesdesanluis.com\/#\/schema\/person\/image\/\"},\"sameAs\":[\"https:\/\/apuntesdesanluis.com\"],\"url\":\"https:\/\/apuntesdesanluis.com\/index.php\/author\/apuntesdesanluis-com\/\"}]}<\/script>\n<!-- \/ Yoast SEO plugin. -->","yoast_head_json":{"title":"EL OFICIALISMO DISCUTI\u00d3 EL PAQUETE FISCAL Y ACEPT\u00d3 CONVOCAR NUEVOS INVITADOS A RESPONDER PREGUNTAS - Apuntes de San Luis","robots":{"index":"index","follow":"follow","max-snippet":"max-snippet:-1","max-image-preview":"max-image-preview:large","max-video-preview":"max-video-preview:-1"},"canonical":"https:\/\/apuntesdesanluis.com\/index.php\/2024\/05\/21\/el-oficialismo-discutio-el-paquete-fiscal-y-acepto-convocar-nuevos-invitados-a-responder-preguntas\/","og_locale":"es_ES","og_type":"article","og_title":"EL OFICIALISMO DISCUTI\u00d3 EL PAQUETE FISCAL Y ACEPT\u00d3 CONVOCAR NUEVOS INVITADOS A RESPONDER PREGUNTAS - Apuntes de San Luis","og_description":"Esta tarde tuvo lugar la reuni\u00f3n de la comisi\u00f3n de Presupuesto y Hacienda para continuar...","og_url":"https:\/\/apuntesdesanluis.com\/index.php\/2024\/05\/21\/el-oficialismo-discutio-el-paquete-fiscal-y-acepto-convocar-nuevos-invitados-a-responder-preguntas\/","og_site_name":"Apuntes de San Luis","article_published_time":"2024-05-22T01:13:25+00:00","article_modified_time":"2024-05-22T03:15:32+00:00","og_image":[{"width":700,"height":383,"url":"https:\/\/apuntesdesanluis.com\/wp-content\/uploads\/2024\/05\/senado.jpg","type":"image\/jpeg"}],"author":"apuntesdesanluis.com","twitter_card":"summary_large_image","twitter_misc":{"Escrito por":"apuntesdesanluis.com","Tiempo de lectura":"3 minutos"},"schema":{"@context":"https:\/\/schema.org","@graph":[{"@type":"Article","@id":"https:\/\/apuntesdesanluis.com\/index.php\/2024\/05\/21\/el-oficialismo-discutio-el-paquete-fiscal-y-acepto-convocar-nuevos-invitados-a-responder-preguntas\/#article","isPartOf":{"@id":"https:\/\/apuntesdesanluis.com\/index.php\/2024\/05\/21\/el-oficialismo-discutio-el-paquete-fiscal-y-acepto-convocar-nuevos-invitados-a-responder-preguntas\/"},"author":{"name":"apuntesdesanluis.com","@id":"https:\/\/apuntesdesanluis.com\/#\/schema\/person\/b55151d52296fcce64d1a72538a70b90"},"headline":"EL OFICIALISMO DISCUTI\u00d3 EL PAQUETE FISCAL Y ACEPT\u00d3 CONVOCAR NUEVOS INVITADOS A RESPONDER PREGUNTAS","datePublished":"2024-05-22T01:13:25+00:00","dateModified":"2024-05-22T03:15:32+00:00","mainEntityOfPage":{"@id":"https:\/\/apuntesdesanluis.com\/index.php\/2024\/05\/21\/el-oficialismo-discutio-el-paquete-fiscal-y-acepto-convocar-nuevos-invitados-a-responder-preguntas\/"},"wordCount":492,"publisher":{"@id":"https:\/\/apuntesdesanluis.com\/#\/schema\/person\/b55151d52296fcce64d1a72538a70b90"},"image":{"@id":"https:\/\/apuntesdesanluis.com\/index.php\/2024\/05\/21\/el-oficialismo-discutio-el-paquete-fiscal-y-acepto-convocar-nuevos-invitados-a-responder-preguntas\/#primaryimage"},"thumbnailUrl":"https:\/\/apuntesdesanluis.com\/wp-content\/uploads\/2024\/05\/senado.jpg","articleSection":["Nacionales\/Internacionales"],"inLanguage":"es-AR"},{"@type":"WebPage","@id":"https:\/\/apuntesdesanluis.com\/index.php\/2024\/05\/21\/el-oficialismo-discutio-el-paquete-fiscal-y-acepto-convocar-nuevos-invitados-a-responder-preguntas\/","url":"https:\/\/apuntesdesanluis.com\/index.php\/2024\/05\/21\/el-oficialismo-discutio-el-paquete-fiscal-y-acepto-convocar-nuevos-invitados-a-responder-preguntas\/","name":"EL OFICIALISMO DISCUTI\u00d3 EL PAQUETE FISCAL Y ACEPT\u00d3 CONVOCAR NUEVOS INVITADOS A RESPONDER PREGUNTAS - Apuntes de San Luis","isPartOf":{"@id":"https:\/\/apuntesdesanluis.com\/#website"},"primaryImageOfPage":{"@id":"https:\/\/apuntesdesanluis.com\/index.php\/2024\/05\/21\/el-oficialismo-discutio-el-paquete-fiscal-y-acepto-convocar-nuevos-invitados-a-responder-preguntas\/#primaryimage"},"image":{"@id":"https:\/\/apuntesdesanluis.com\/index.php\/2024\/05\/21\/el-oficialismo-discutio-el-paquete-fiscal-y-acepto-convocar-nuevos-invitados-a-responder-preguntas\/#primaryimage"},"thumbnailUrl":"https:\/\/apuntesdesanluis.com\/wp-content\/uploads\/2024\/05\/senado.jpg","datePublished":"2024-05-22T01:13:25+00:00","dateModified":"2024-05-22T03:15:32+00:00","breadcrumb":{"@id":"https:\/\/apuntesdesanluis.com\/index.php\/2024\/05\/21\/el-oficialismo-discutio-el-paquete-fiscal-y-acepto-convocar-nuevos-invitados-a-responder-preguntas\/#breadcrumb"},"inLanguage":"es-AR","potentialAction":[{"@type":"ReadAction","target":["https:\/\/apuntesdesanluis.com\/index.php\/2024\/05\/21\/el-oficialismo-discutio-el-paquete-fiscal-y-acepto-convocar-nuevos-invitados-a-responder-preguntas\/"]}]},{"@type":"ImageObject","inLanguage":"es-AR","@id":"https:\/\/apuntesdesanluis.com\/index.php\/2024\/05\/21\/el-oficialismo-discutio-el-paquete-fiscal-y-acepto-convocar-nuevos-invitados-a-responder-preguntas\/#primaryimage","url":"https:\/\/apuntesdesanluis.com\/wp-content\/uploads\/2024\/05\/senado.jpg","contentUrl":"https:\/\/apuntesdesanluis.com\/wp-content\/uploads\/2024\/05\/senado.jpg","width":700,"height":383},{"@type":"BreadcrumbList","@id":"https:\/\/apuntesdesanluis.com\/index.php\/2024\/05\/21\/el-oficialismo-discutio-el-paquete-fiscal-y-acepto-convocar-nuevos-invitados-a-responder-preguntas\/#breadcrumb","itemListElement":[{"@type":"ListItem","position":1,"name":"Inicio","item":"https:\/\/apuntesdesanluis.com\/"},{"@type":"ListItem","position":2,"name":"EL OFICIALISMO DISCUTI\u00d3 EL PAQUETE FISCAL Y ACEPT\u00d3 CONVOCAR NUEVOS INVITADOS A RESPONDER PREGUNTAS"}]},{"@type":"WebSite","@id":"https:\/\/apuntesdesanluis.com\/#website","url":"https:\/\/apuntesdesanluis.com\/","name":"Apuntes de San Luis","description":"","publisher":{"@id":"https:\/\/apuntesdesanluis.com\/#\/schema\/person\/b55151d52296fcce64d1a72538a70b90"},"potentialAction":[{"@type":"SearchAction","target":{"@type":"EntryPoint","urlTemplate":"https:\/\/apuntesdesanluis.com\/?s={search_term_string}"},"query-input":{"@type":"PropertyValueSpecification","valueRequired":true,"valueName":"search_term_string"}}],"inLanguage":"es-AR"},{"@type":["Person","Organization"],"@id":"https:\/\/apuntesdesanluis.com\/#\/schema\/person\/b55151d52296fcce64d1a72538a70b90","name":"apuntesdesanluis.com","image":{"@type":"ImageObject","inLanguage":"es-AR","@id":"https:\/\/apuntesdesanluis.com\/#\/schema\/person\/image\/","url":"https:\/\/apuntesdesanluis.com\/wp-content\/uploads\/2023\/07\/cropped-apuntesdesanluis.png","contentUrl":"https:\/\/apuntesdesanluis.com\/wp-content\/uploads\/2023\/07\/cropped-apuntesdesanluis.png","width":450,"height":112,"caption":"apuntesdesanluis.com"},"logo":{"@id":"https:\/\/apuntesdesanluis.com\/#\/schema\/person\/image\/"},"sameAs":["https:\/\/apuntesdesanluis.com"],"url":"https:\/\/apuntesdesanluis.com\/index.php\/author\/apuntesdesanluis-com\/"}]}},"featured_image_urls":{"full":["https:\/\/apuntesdesanluis.com\/wp-content\/uploads\/2024\/05\/senado.jpg",700,383,false],"thumbnail":["https:\/\/apuntesdesanluis.com\/wp-content\/uploads\/2024\/05\/senado-150x150.jpg",150,150,true],"medium":["https:\/\/apuntesdesanluis.com\/wp-content\/uploads\/2024\/05\/senado-300x164.jpg",300,164,true],"medium_large":["https:\/\/apuntesdesanluis.com\/wp-content\/uploads\/2024\/05\/senado.jpg",640,350,false],"large":["https:\/\/apuntesdesanluis.com\/wp-content\/uploads\/2024\/05\/senado.jpg",640,350,false],"1536x1536":["https:\/\/apuntesdesanluis.com\/wp-content\/uploads\/2024\/05\/senado.jpg",700,383,false],"2048x2048":["https:\/\/apuntesdesanluis.com\/wp-content\/uploads\/2024\/05\/senado.jpg",700,383,false],"newsever-slider-full":["https:\/\/apuntesdesanluis.com\/wp-content\/uploads\/2024\/05\/senado.jpg",700,383,false],"newsever-featured":["https:\/\/apuntesdesanluis.com\/wp-content\/uploads\/2024\/05\/senado.jpg",700,383,false],"newsever-medium":["https:\/\/apuntesdesanluis.com\/wp-content\/uploads\/2024\/05\/senado.jpg",700,383,false]},"author_info":{"display_name":"apuntesdesanluis.com","author_link":"https:\/\/apuntesdesanluis.com\/index.php\/author\/apuntesdesanluis-com\/"},"category_info":"<a href=\"https:\/\/apuntesdesanluis.com\/index.php\/category\/nacionales-internacionales\/\" rel=\"category tag\">Nacionales\/Internacionales<\/a>","tag_info":"Nacionales\/Internacionales","comment_count":"0","_links":{"self":[{"href":"https:\/\/apuntesdesanluis.com\/index.php\/wp-json\/wp\/v2\/posts\/16565","targetHints":{"allow":["GET"]}}],"collection":[{"href":"https:\/\/apuntesdesanluis.com\/index.php\/wp-json\/wp\/v2\/posts"}],"about":[{"href":"https:\/\/apuntesdesanluis.com\/index.php\/wp-json\/wp\/v2\/types\/post"}],"author":[{"embeddable":true,"href":"https:\/\/apuntesdesanluis.com\/index.php\/wp-json\/wp\/v2\/users\/1"}],"replies":[{"embeddable":true,"href":"https:\/\/apuntesdesanluis.com\/index.php\/wp-json\/wp\/v2\/comments?post=16565"}],"version-history":[{"count":4,"href":"https:\/\/apuntesdesanluis.com\/index.php\/wp-json\/wp\/v2\/posts\/16565\/revisions"}],"predecessor-version":[{"id":16571,"href":"https:\/\/apuntesdesanluis.com\/index.php\/wp-json\/wp\/v2\/posts\/16565\/revisions\/16571"}],"wp:featuredmedia":[{"embeddable":true,"href":"https:\/\/apuntesdesanluis.com\/index.php\/wp-json\/wp\/v2\/media\/16566"}],"wp:attachment":[{"href":"https:\/\/apuntesdesanluis.com\/index.php\/wp-json\/wp\/v2\/media?parent=16565"}],"wp:term":[{"taxonomy":"category","embeddable":true,"href":"https:\/\/apuntesdesanluis.com\/index.php\/wp-json\/wp\/v2\/categories?post=16565"},{"taxonomy":"post_tag","embeddable":true,"href":"https:\/\/apuntesdesanluis.com\/index.php\/wp-json\/wp\/v2\/tags?post=16565"}],"curies":[{"name":"wp","href":"https:\/\/api.w.org\/{rel}","templated":true}]}}