{"id":16572,"date":"2024-05-22T00:38:46","date_gmt":"2024-05-22T03:38:46","guid":{"rendered":"https:\/\/apuntesdesanluis.com\/?p=16572"},"modified":"2024-05-22T00:42:25","modified_gmt":"2024-05-22T03:42:25","slug":"el-gobernador-anuncio-un-aumento-del-15-en-los-sueldos-de-la-administracion-publica","status":"publish","type":"post","link":"https:\/\/apuntesdesanluis.com\/index.php\/2024\/05\/22\/el-gobernador-anuncio-un-aumento-del-15-en-los-sueldos-de-la-administracion-publica\/","title":{"rendered":"POGGI ANUNCI\u00d3 UN AUMENTO DEL 15% EN LOS SUELDOS DE LOS EMPLEADOS P\u00daBLICOS"},"content":{"rendered":"<h3>Todos los agentes lo van a cobrar con el sueldo de mayo, que se pagar\u00e1 completo el viernes 31. Adem\u00e1s, aquellos que est\u00e1n pagando el pr\u00e9stamo desde el a\u00f1o pasado, ver\u00e1n suspendida la cuota de este mes para engrosar sus ingresos.<\/h3>\n<h3>Lo anunci\u00f3 el gobernador <strong>Claudio Poggi<\/strong>, en el cierre de la entrevista que le hizo <strong>San Luis+<\/strong>.<\/h3>\n<h3>El incremento se da luego de varias medidas que ven\u00eda implementando el Gobierno en los \u00faltimos dos meses.<\/h3>\n<h3>\u201cAl personal de Salud lo pusimos al d\u00eda aplicando el convenio colectivo de ATSA durante en marzo. En abril seguimos recomponiendo el doble cargo docente, aumentamos un 10% a los directivos de las escuelas que hab\u00edan quedado un poco rezagados, duplicamos las asignaciones familiares por hijo y por hijo con discapacidad y en el convenio colectivo de salud de ATSA incorporamos la suma fija de los 70 mil pesos\u201d, enumer\u00f3 el mandatario.<\/h3>\n<h3>Agreg\u00f3 que \u201cen mayo, adem\u00e1s de seguir recomponiendo el doble cargo hasta llegar a junio para completar el 100%, vamos a suspender el descuento de la cuota del pr\u00e9stamo que les venc\u00eda a los empleados p\u00fablicos y daremos un incremento del 15% en todos los salarios de la administraci\u00f3n p\u00fablica, que cobrar\u00e1n su salario completo el viernes 31\u201d.<\/h3>\n<h3><strong>BALANCE DE LOS PRIMEROS CINCO MESES DE GESTI\u00d3N<\/strong><\/h3>\n<h3>En la entrevista con San Luis+, el Jefe de Estado realiz\u00f3 un an\u00e1lisis de los primeros cinco meses de su administraci\u00f3n, destacando los esfuerzos para ordenar el Estado y ejecutar las pol\u00edticas p\u00fablicas prometidas durante la campa\u00f1a electoral.<\/h3>\n<p>&nbsp;<\/p>\n<p><iframe title=\"+ Noticias Central - 21-05-2024\" width=\"640\" height=\"360\" src=\"https:\/\/www.youtube.com\/embed\/uNtO8wajpm4?start=1151&#038;feature=oembed\" frameborder=\"0\" allow=\"accelerometer; autoplay; clipboard-write; encrypted-media; gyroscope; picture-in-picture; web-share\" referrerpolicy=\"strict-origin-when-cross-origin\" allowfullscreen><\/iframe><\/p>\n<h3>El gobernador Claudio Poggi brind\u00f3 una evaluaci\u00f3n de los primeros cinco meses de su gesti\u00f3n en la entrevista que le hicieran los periodistas <strong>Daniel Poder<\/strong> y <strong>Emilio Pascuarelli<\/strong> en el canal estatal. Seg\u00fan sus declaraciones, el punto de partida fue una \u201ctragedia fiscal, social y un gran desorden administrativo\u201d heredado de la administraci\u00f3n anterior.<\/h3>\n<h3>Poggi enfatiz\u00f3 que su gobierno se encuentra inmerso en un proceso de ordenamiento del Estado, el cual se encontraba \u201canarquizado\u201d y hecho un \u201ccolador\u201d en el que los fondos se iban sin control. En este sentido, destac\u00f3 la implementaci\u00f3n de un \u201cfuerte plan de austeridad en el gasto p\u00fablico superfluo\u201d, eliminando gastos reservados y vuelos privados.<\/h3>\n<h3>A pesar de los desaf\u00edos iniciales, el gobernador asegur\u00f3 que su administraci\u00f3n ha comenzado a ejecutar las pol\u00edticas p\u00fablicas prometidas durante la campa\u00f1a electoral y que fueron respaldadas por el voto del pueblo de San Luis. Estas pol\u00edticas, seg\u00fan explic\u00f3, apuntan a generar condiciones favorables para que el sector privado recupere el espacio perdido, genere puestos de trabajo y fomente el crecimiento econ\u00f3mico.<\/h3>\n<h3>Adem\u00e1s, Poggi enfatiz\u00f3 la lucha frontal contra la inseguridad y el narcotr\u00e1fico, as\u00ed como la reconstrucci\u00f3n del tejido social y la recuperaci\u00f3n de la institucionalidad como ejes fundamentales de su gesti\u00f3n. Estos objetivos, seg\u00fan subray\u00f3, \u201cse entrelazan y marcan un rumbo de cambio necesario para la provincia\u201d.<\/h3>\n<h3>Finalmente destac\u00f3 que la evaluaci\u00f3n del cambio \u201cla est\u00e1 realizando la misma sociedad\u201d, y expres\u00f3 su confianza en que, a pesar de los desaf\u00edos iniciales, su administraci\u00f3n lograr\u00e1 avanzar en la direcci\u00f3n correcta para el bienestar de la poblaci\u00f3n.<\/h3>\n<p><img fetchpriority=\"high\" decoding=\"async\" class=\"wp-image-16574 aligncenter\" src=\"https:\/\/apuntesdesanluis.com\/wp-content\/uploads\/2024\/05\/cuadro-1-300x257.png\" alt=\"\" width=\"518\" height=\"444\" srcset=\"https:\/\/apuntesdesanluis.com\/wp-content\/uploads\/2024\/05\/cuadro-1-300x257.png 300w, https:\/\/apuntesdesanluis.com\/wp-content\/uploads\/2024\/05\/cuadro-1-768x657.png 768w, https:\/\/apuntesdesanluis.com\/wp-content\/uploads\/2024\/05\/cuadro-1.png 886w\" sizes=\"(max-width: 518px) 100vw, 518px\" \/><\/p>\n<p><img decoding=\"async\" class=\"wp-image-16575 aligncenter\" src=\"https:\/\/apuntesdesanluis.com\/wp-content\/uploads\/2024\/05\/cuadro-2-300x274.png\" alt=\"\" width=\"521\" height=\"476\" srcset=\"https:\/\/apuntesdesanluis.com\/wp-content\/uploads\/2024\/05\/cuadro-2-300x274.png 300w, https:\/\/apuntesdesanluis.com\/wp-content\/uploads\/2024\/05\/cuadro-2.png 754w\" sizes=\"(max-width: 521px) 100vw, 521px\" \/><\/p>\n<p><img decoding=\"async\" class=\"wp-image-16576 aligncenter\" src=\"https:\/\/apuntesdesanluis.com\/wp-content\/uploads\/2024\/05\/cuadro-3-300x275.png\" alt=\"\" width=\"521\" height=\"478\" srcset=\"https:\/\/apuntesdesanluis.com\/wp-content\/uploads\/2024\/05\/cuadro-3-300x275.png 300w, https:\/\/apuntesdesanluis.com\/wp-content\/uploads\/2024\/05\/cuadro-3.png 734w\" sizes=\"(max-width: 521px) 100vw, 521px\" \/><\/p>\n<p><img loading=\"lazy\" decoding=\"async\" class=\"wp-image-16577 aligncenter\" src=\"https:\/\/apuntesdesanluis.com\/wp-content\/uploads\/2024\/05\/cuadro-4-300x300.png\" alt=\"\" width=\"511\" height=\"511\" srcset=\"https:\/\/apuntesdesanluis.com\/wp-content\/uploads\/2024\/05\/cuadro-4-300x300.png 300w, https:\/\/apuntesdesanluis.com\/wp-content\/uploads\/2024\/05\/cuadro-4-150x150.png 150w, https:\/\/apuntesdesanluis.com\/wp-content\/uploads\/2024\/05\/cuadro-4.png 683w\" sizes=\"(max-width: 511px) 100vw, 511px\" \/><\/p>\n<p><img loading=\"lazy\" decoding=\"async\" class=\"wp-image-16578 aligncenter\" src=\"https:\/\/apuntesdesanluis.com\/wp-content\/uploads\/2024\/05\/cuadro-5-300x199.png\" alt=\"\" width=\"513\" height=\"340\" srcset=\"https:\/\/apuntesdesanluis.com\/wp-content\/uploads\/2024\/05\/cuadro-5-300x199.png 300w, https:\/\/apuntesdesanluis.com\/wp-content\/uploads\/2024\/05\/cuadro-5-768x509.png 768w, https:\/\/apuntesdesanluis.com\/wp-content\/uploads\/2024\/05\/cuadro-5.png 889w\" sizes=\"(max-width: 513px) 100vw, 513px\" \/><\/p>\n<p><img loading=\"lazy\" decoding=\"async\" class=\"wp-image-16579 aligncenter\" src=\"https:\/\/apuntesdesanluis.com\/wp-content\/uploads\/2024\/05\/cuadro-6-300x239.png\" alt=\"\" width=\"513\" height=\"409\" srcset=\"https:\/\/apuntesdesanluis.com\/wp-content\/uploads\/2024\/05\/cuadro-6-300x239.png 300w, https:\/\/apuntesdesanluis.com\/wp-content\/uploads\/2024\/05\/cuadro-6-768x612.png 768w, https:\/\/apuntesdesanluis.com\/wp-content\/uploads\/2024\/05\/cuadro-6.png 822w\" sizes=\"(max-width: 513px) 100vw, 513px\" \/><\/p>\n<p>&nbsp;<\/p>\n<p>&nbsp;<\/p>\n<p>&nbsp;<\/p>\n<p>&nbsp;<\/p>\n","protected":false},"excerpt":{"rendered":"<p>Todos los agentes lo van a cobrar con el sueldo de mayo, que se pagar\u00e1&#8230;<\/p>\n","protected":false},"author":1,"featured_media":16573,"comment_status":"closed","ping_status":"closed","sticky":false,"template":"","format":"standard","meta":{"footnotes":""},"categories":[6],"tags":[],"class_list":["post-16572","post","type-post","status-publish","format-standard","has-post-thumbnail","hentry","category-ciudad-provincia"],"yoast_head":"<!-- This site is optimized with the Yoast SEO plugin v26.1.1 - https:\/\/yoast.com\/wordpress\/plugins\/seo\/ -->\n<title>POGGI ANUNCI\u00d3 UN AUMENTO DEL 15% EN LOS SUELDOS DE LOS EMPLEADOS P\u00daBLICOS - Apuntes de San Luis<\/title>\n<meta name=\"robots\" content=\"index, follow, max-snippet:-1, max-image-preview:large, max-video-preview:-1\" \/>\n<link rel=\"canonical\" href=\"https:\/\/apuntesdesanluis.com\/index.php\/2024\/05\/22\/el-gobernador-anuncio-un-aumento-del-15-en-los-sueldos-de-la-administracion-publica\/\" \/>\n<meta property=\"og:locale\" content=\"es_ES\" \/>\n<meta property=\"og:type\" content=\"article\" \/>\n<meta property=\"og:title\" content=\"POGGI ANUNCI\u00d3 UN AUMENTO DEL 15% EN LOS SUELDOS DE LOS EMPLEADOS P\u00daBLICOS - Apuntes de San Luis\" \/>\n<meta property=\"og:description\" content=\"Todos los agentes lo van a cobrar con el sueldo de mayo, que se pagar\u00e1...\" \/>\n<meta property=\"og:url\" content=\"https:\/\/apuntesdesanluis.com\/index.php\/2024\/05\/22\/el-gobernador-anuncio-un-aumento-del-15-en-los-sueldos-de-la-administracion-publica\/\" \/>\n<meta property=\"og:site_name\" content=\"Apuntes de San Luis\" \/>\n<meta property=\"article:published_time\" content=\"2024-05-22T03:38:46+00:00\" \/>\n<meta property=\"article:modified_time\" content=\"2024-05-22T03:42:25+00:00\" \/>\n<meta property=\"og:image\" content=\"https:\/\/apuntesdesanluis.com\/wp-content\/uploads\/2024\/05\/canal.png\" \/>\n\t<meta property=\"og:image:width\" content=\"700\" \/>\n\t<meta property=\"og:image:height\" content=\"368\" \/>\n\t<meta property=\"og:image:type\" content=\"image\/png\" \/>\n<meta name=\"author\" content=\"apuntesdesanluis.com\" \/>\n<meta name=\"twitter:card\" content=\"summary_large_image\" \/>\n<meta name=\"twitter:label1\" content=\"Escrito por\" \/>\n\t<meta name=\"twitter:data1\" content=\"apuntesdesanluis.com\" \/>\n\t<meta name=\"twitter:label2\" content=\"Tiempo de lectura\" \/>\n\t<meta name=\"twitter:data2\" content=\"4 minutos\" \/>\n<script type=\"application\/ld+json\" class=\"yoast-schema-graph\">{\"@context\":\"https:\/\/schema.org\",\"@graph\":[{\"@type\":\"Article\",\"@id\":\"https:\/\/apuntesdesanluis.com\/index.php\/2024\/05\/22\/el-gobernador-anuncio-un-aumento-del-15-en-los-sueldos-de-la-administracion-publica\/#article\",\"isPartOf\":{\"@id\":\"https:\/\/apuntesdesanluis.com\/index.php\/2024\/05\/22\/el-gobernador-anuncio-un-aumento-del-15-en-los-sueldos-de-la-administracion-publica\/\"},\"author\":{\"name\":\"apuntesdesanluis.com\",\"@id\":\"https:\/\/apuntesdesanluis.com\/#\/schema\/person\/b55151d52296fcce64d1a72538a70b90\"},\"headline\":\"POGGI ANUNCI\u00d3 UN AUMENTO DEL 15% EN LOS SUELDOS DE LOS EMPLEADOS P\u00daBLICOS\",\"datePublished\":\"2024-05-22T03:38:46+00:00\",\"dateModified\":\"2024-05-22T03:42:25+00:00\",\"mainEntityOfPage\":{\"@id\":\"https:\/\/apuntesdesanluis.com\/index.php\/2024\/05\/22\/el-gobernador-anuncio-un-aumento-del-15-en-los-sueldos-de-la-administracion-publica\/\"},\"wordCount\":577,\"publisher\":{\"@id\":\"https:\/\/apuntesdesanluis.com\/#\/schema\/person\/b55151d52296fcce64d1a72538a70b90\"},\"image\":{\"@id\":\"https:\/\/apuntesdesanluis.com\/index.php\/2024\/05\/22\/el-gobernador-anuncio-un-aumento-del-15-en-los-sueldos-de-la-administracion-publica\/#primaryimage\"},\"thumbnailUrl\":\"https:\/\/apuntesdesanluis.com\/wp-content\/uploads\/2024\/05\/canal.png\",\"articleSection\":[\"Ciudad\/Provincia\"],\"inLanguage\":\"es-AR\"},{\"@type\":\"WebPage\",\"@id\":\"https:\/\/apuntesdesanluis.com\/index.php\/2024\/05\/22\/el-gobernador-anuncio-un-aumento-del-15-en-los-sueldos-de-la-administracion-publica\/\",\"url\":\"https:\/\/apuntesdesanluis.com\/index.php\/2024\/05\/22\/el-gobernador-anuncio-un-aumento-del-15-en-los-sueldos-de-la-administracion-publica\/\",\"name\":\"POGGI ANUNCI\u00d3 UN AUMENTO DEL 15% EN LOS SUELDOS DE LOS EMPLEADOS P\u00daBLICOS - Apuntes de San Luis\",\"isPartOf\":{\"@id\":\"https:\/\/apuntesdesanluis.com\/#website\"},\"primaryImageOfPage\":{\"@id\":\"https:\/\/apuntesdesanluis.com\/index.php\/2024\/05\/22\/el-gobernador-anuncio-un-aumento-del-15-en-los-sueldos-de-la-administracion-publica\/#primaryimage\"},\"image\":{\"@id\":\"https:\/\/apuntesdesanluis.com\/index.php\/2024\/05\/22\/el-gobernador-anuncio-un-aumento-del-15-en-los-sueldos-de-la-administracion-publica\/#primaryimage\"},\"thumbnailUrl\":\"https:\/\/apuntesdesanluis.com\/wp-content\/uploads\/2024\/05\/canal.png\",\"datePublished\":\"2024-05-22T03:38:46+00:00\",\"dateModified\":\"2024-05-22T03:42:25+00:00\",\"breadcrumb\":{\"@id\":\"https:\/\/apuntesdesanluis.com\/index.php\/2024\/05\/22\/el-gobernador-anuncio-un-aumento-del-15-en-los-sueldos-de-la-administracion-publica\/#breadcrumb\"},\"inLanguage\":\"es-AR\",\"potentialAction\":[{\"@type\":\"ReadAction\",\"target\":[\"https:\/\/apuntesdesanluis.com\/index.php\/2024\/05\/22\/el-gobernador-anuncio-un-aumento-del-15-en-los-sueldos-de-la-administracion-publica\/\"]}]},{\"@type\":\"ImageObject\",\"inLanguage\":\"es-AR\",\"@id\":\"https:\/\/apuntesdesanluis.com\/index.php\/2024\/05\/22\/el-gobernador-anuncio-un-aumento-del-15-en-los-sueldos-de-la-administracion-publica\/#primaryimage\",\"url\":\"https:\/\/apuntesdesanluis.com\/wp-content\/uploads\/2024\/05\/canal.png\",\"contentUrl\":\"https:\/\/apuntesdesanluis.com\/wp-content\/uploads\/2024\/05\/canal.png\",\"width\":700,\"height\":368},{\"@type\":\"BreadcrumbList\",\"@id\":\"https:\/\/apuntesdesanluis.com\/index.php\/2024\/05\/22\/el-gobernador-anuncio-un-aumento-del-15-en-los-sueldos-de-la-administracion-publica\/#breadcrumb\",\"itemListElement\":[{\"@type\":\"ListItem\",\"position\":1,\"name\":\"Inicio\",\"item\":\"https:\/\/apuntesdesanluis.com\/\"},{\"@type\":\"ListItem\",\"position\":2,\"name\":\"POGGI ANUNCI\u00d3 UN AUMENTO DEL 15% EN LOS SUELDOS DE LOS EMPLEADOS P\u00daBLICOS\"}]},{\"@type\":\"WebSite\",\"@id\":\"https:\/\/apuntesdesanluis.com\/#website\",\"url\":\"https:\/\/apuntesdesanluis.com\/\",\"name\":\"Apuntes de San Luis\",\"description\":\"\",\"publisher\":{\"@id\":\"https:\/\/apuntesdesanluis.com\/#\/schema\/person\/b55151d52296fcce64d1a72538a70b90\"},\"potentialAction\":[{\"@type\":\"SearchAction\",\"target\":{\"@type\":\"EntryPoint\",\"urlTemplate\":\"https:\/\/apuntesdesanluis.com\/?s={search_term_string}\"},\"query-input\":{\"@type\":\"PropertyValueSpecification\",\"valueRequired\":true,\"valueName\":\"search_term_string\"}}],\"inLanguage\":\"es-AR\"},{\"@type\":[\"Person\",\"Organization\"],\"@id\":\"https:\/\/apuntesdesanluis.com\/#\/schema\/person\/b55151d52296fcce64d1a72538a70b90\",\"name\":\"apuntesdesanluis.com\",\"image\":{\"@type\":\"ImageObject\",\"inLanguage\":\"es-AR\",\"@id\":\"https:\/\/apuntesdesanluis.com\/#\/schema\/person\/image\/\",\"url\":\"https:\/\/apuntesdesanluis.com\/wp-content\/uploads\/2023\/07\/cropped-apuntesdesanluis.png\",\"contentUrl\":\"https:\/\/apuntesdesanluis.com\/wp-content\/uploads\/2023\/07\/cropped-apuntesdesanluis.png\",\"width\":450,\"height\":112,\"caption\":\"apuntesdesanluis.com\"},\"logo\":{\"@id\":\"https:\/\/apuntesdesanluis.com\/#\/schema\/person\/image\/\"},\"sameAs\":[\"https:\/\/apuntesdesanluis.com\"],\"url\":\"https:\/\/apuntesdesanluis.com\/index.php\/author\/apuntesdesanluis-com\/\"}]}<\/script>\n<!-- \/ Yoast SEO plugin. -->","yoast_head_json":{"title":"POGGI ANUNCI\u00d3 UN AUMENTO DEL 15% EN LOS SUELDOS DE LOS EMPLEADOS P\u00daBLICOS - Apuntes de San Luis","robots":{"index":"index","follow":"follow","max-snippet":"max-snippet:-1","max-image-preview":"max-image-preview:large","max-video-preview":"max-video-preview:-1"},"canonical":"https:\/\/apuntesdesanluis.com\/index.php\/2024\/05\/22\/el-gobernador-anuncio-un-aumento-del-15-en-los-sueldos-de-la-administracion-publica\/","og_locale":"es_ES","og_type":"article","og_title":"POGGI ANUNCI\u00d3 UN AUMENTO DEL 15% EN LOS SUELDOS DE LOS EMPLEADOS P\u00daBLICOS - Apuntes de San Luis","og_description":"Todos los agentes lo van a cobrar con el sueldo de mayo, que se pagar\u00e1...","og_url":"https:\/\/apuntesdesanluis.com\/index.php\/2024\/05\/22\/el-gobernador-anuncio-un-aumento-del-15-en-los-sueldos-de-la-administracion-publica\/","og_site_name":"Apuntes de San Luis","article_published_time":"2024-05-22T03:38:46+00:00","article_modified_time":"2024-05-22T03:42:25+00:00","og_image":[{"width":700,"height":368,"url":"https:\/\/apuntesdesanluis.com\/wp-content\/uploads\/2024\/05\/canal.png","type":"image\/png"}],"author":"apuntesdesanluis.com","twitter_card":"summary_large_image","twitter_misc":{"Escrito por":"apuntesdesanluis.com","Tiempo de lectura":"4 minutos"},"schema":{"@context":"https:\/\/schema.org","@graph":[{"@type":"Article","@id":"https:\/\/apuntesdesanluis.com\/index.php\/2024\/05\/22\/el-gobernador-anuncio-un-aumento-del-15-en-los-sueldos-de-la-administracion-publica\/#article","isPartOf":{"@id":"https:\/\/apuntesdesanluis.com\/index.php\/2024\/05\/22\/el-gobernador-anuncio-un-aumento-del-15-en-los-sueldos-de-la-administracion-publica\/"},"author":{"name":"apuntesdesanluis.com","@id":"https:\/\/apuntesdesanluis.com\/#\/schema\/person\/b55151d52296fcce64d1a72538a70b90"},"headline":"POGGI ANUNCI\u00d3 UN AUMENTO DEL 15% EN LOS SUELDOS DE LOS EMPLEADOS P\u00daBLICOS","datePublished":"2024-05-22T03:38:46+00:00","dateModified":"2024-05-22T03:42:25+00:00","mainEntityOfPage":{"@id":"https:\/\/apuntesdesanluis.com\/index.php\/2024\/05\/22\/el-gobernador-anuncio-un-aumento-del-15-en-los-sueldos-de-la-administracion-publica\/"},"wordCount":577,"publisher":{"@id":"https:\/\/apuntesdesanluis.com\/#\/schema\/person\/b55151d52296fcce64d1a72538a70b90"},"image":{"@id":"https:\/\/apuntesdesanluis.com\/index.php\/2024\/05\/22\/el-gobernador-anuncio-un-aumento-del-15-en-los-sueldos-de-la-administracion-publica\/#primaryimage"},"thumbnailUrl":"https:\/\/apuntesdesanluis.com\/wp-content\/uploads\/2024\/05\/canal.png","articleSection":["Ciudad\/Provincia"],"inLanguage":"es-AR"},{"@type":"WebPage","@id":"https:\/\/apuntesdesanluis.com\/index.php\/2024\/05\/22\/el-gobernador-anuncio-un-aumento-del-15-en-los-sueldos-de-la-administracion-publica\/","url":"https:\/\/apuntesdesanluis.com\/index.php\/2024\/05\/22\/el-gobernador-anuncio-un-aumento-del-15-en-los-sueldos-de-la-administracion-publica\/","name":"POGGI ANUNCI\u00d3 UN AUMENTO DEL 15% EN LOS SUELDOS DE LOS EMPLEADOS P\u00daBLICOS - Apuntes de San Luis","isPartOf":{"@id":"https:\/\/apuntesdesanluis.com\/#website"},"primaryImageOfPage":{"@id":"https:\/\/apuntesdesanluis.com\/index.php\/2024\/05\/22\/el-gobernador-anuncio-un-aumento-del-15-en-los-sueldos-de-la-administracion-publica\/#primaryimage"},"image":{"@id":"https:\/\/apuntesdesanluis.com\/index.php\/2024\/05\/22\/el-gobernador-anuncio-un-aumento-del-15-en-los-sueldos-de-la-administracion-publica\/#primaryimage"},"thumbnailUrl":"https:\/\/apuntesdesanluis.com\/wp-content\/uploads\/2024\/05\/canal.png","datePublished":"2024-05-22T03:38:46+00:00","dateModified":"2024-05-22T03:42:25+00:00","breadcrumb":{"@id":"https:\/\/apuntesdesanluis.com\/index.php\/2024\/05\/22\/el-gobernador-anuncio-un-aumento-del-15-en-los-sueldos-de-la-administracion-publica\/#breadcrumb"},"inLanguage":"es-AR","potentialAction":[{"@type":"ReadAction","target":["https:\/\/apuntesdesanluis.com\/index.php\/2024\/05\/22\/el-gobernador-anuncio-un-aumento-del-15-en-los-sueldos-de-la-administracion-publica\/"]}]},{"@type":"ImageObject","inLanguage":"es-AR","@id":"https:\/\/apuntesdesanluis.com\/index.php\/2024\/05\/22\/el-gobernador-anuncio-un-aumento-del-15-en-los-sueldos-de-la-administracion-publica\/#primaryimage","url":"https:\/\/apuntesdesanluis.com\/wp-content\/uploads\/2024\/05\/canal.png","contentUrl":"https:\/\/apuntesdesanluis.com\/wp-content\/uploads\/2024\/05\/canal.png","width":700,"height":368},{"@type":"BreadcrumbList","@id":"https:\/\/apuntesdesanluis.com\/index.php\/2024\/05\/22\/el-gobernador-anuncio-un-aumento-del-15-en-los-sueldos-de-la-administracion-publica\/#breadcrumb","itemListElement":[{"@type":"ListItem","position":1,"name":"Inicio","item":"https:\/\/apuntesdesanluis.com\/"},{"@type":"ListItem","position":2,"name":"POGGI ANUNCI\u00d3 UN AUMENTO DEL 15% EN LOS SUELDOS DE LOS EMPLEADOS P\u00daBLICOS"}]},{"@type":"WebSite","@id":"https:\/\/apuntesdesanluis.com\/#website","url":"https:\/\/apuntesdesanluis.com\/","name":"Apuntes de San Luis","description":"","publisher":{"@id":"https:\/\/apuntesdesanluis.com\/#\/schema\/person\/b55151d52296fcce64d1a72538a70b90"},"potentialAction":[{"@type":"SearchAction","target":{"@type":"EntryPoint","urlTemplate":"https:\/\/apuntesdesanluis.com\/?s={search_term_string}"},"query-input":{"@type":"PropertyValueSpecification","valueRequired":true,"valueName":"search_term_string"}}],"inLanguage":"es-AR"},{"@type":["Person","Organization"],"@id":"https:\/\/apuntesdesanluis.com\/#\/schema\/person\/b55151d52296fcce64d1a72538a70b90","name":"apuntesdesanluis.com","image":{"@type":"ImageObject","inLanguage":"es-AR","@id":"https:\/\/apuntesdesanluis.com\/#\/schema\/person\/image\/","url":"https:\/\/apuntesdesanluis.com\/wp-content\/uploads\/2023\/07\/cropped-apuntesdesanluis.png","contentUrl":"https:\/\/apuntesdesanluis.com\/wp-content\/uploads\/2023\/07\/cropped-apuntesdesanluis.png","width":450,"height":112,"caption":"apuntesdesanluis.com"},"logo":{"@id":"https:\/\/apuntesdesanluis.com\/#\/schema\/person\/image\/"},"sameAs":["https:\/\/apuntesdesanluis.com"],"url":"https:\/\/apuntesdesanluis.com\/index.php\/author\/apuntesdesanluis-com\/"}]}},"featured_image_urls":{"full":["https:\/\/apuntesdesanluis.com\/wp-content\/uploads\/2024\/05\/canal.png",700,368,false],"thumbnail":["https:\/\/apuntesdesanluis.com\/wp-content\/uploads\/2024\/05\/canal-150x150.png",150,150,true],"medium":["https:\/\/apuntesdesanluis.com\/wp-content\/uploads\/2024\/05\/canal-300x158.png",300,158,true],"medium_large":["https:\/\/apuntesdesanluis.com\/wp-content\/uploads\/2024\/05\/canal.png",640,336,false],"large":["https:\/\/apuntesdesanluis.com\/wp-content\/uploads\/2024\/05\/canal.png",640,336,false],"1536x1536":["https:\/\/apuntesdesanluis.com\/wp-content\/uploads\/2024\/05\/canal.png",700,368,false],"2048x2048":["https:\/\/apuntesdesanluis.com\/wp-content\/uploads\/2024\/05\/canal.png",700,368,false],"newsever-slider-full":["https:\/\/apuntesdesanluis.com\/wp-content\/uploads\/2024\/05\/canal.png",700,368,false],"newsever-featured":["https:\/\/apuntesdesanluis.com\/wp-content\/uploads\/2024\/05\/canal.png",700,368,false],"newsever-medium":["https:\/\/apuntesdesanluis.com\/wp-content\/uploads\/2024\/05\/canal.png",700,368,false]},"author_info":{"display_name":"apuntesdesanluis.com","author_link":"https:\/\/apuntesdesanluis.com\/index.php\/author\/apuntesdesanluis-com\/"},"category_info":"<a href=\"https:\/\/apuntesdesanluis.com\/index.php\/category\/ciudad-provincia\/\" rel=\"category tag\">Ciudad\/Provincia<\/a>","tag_info":"Ciudad\/Provincia","comment_count":"0","_links":{"self":[{"href":"https:\/\/apuntesdesanluis.com\/index.php\/wp-json\/wp\/v2\/posts\/16572","targetHints":{"allow":["GET"]}}],"collection":[{"href":"https:\/\/apuntesdesanluis.com\/index.php\/wp-json\/wp\/v2\/posts"}],"about":[{"href":"https:\/\/apuntesdesanluis.com\/index.php\/wp-json\/wp\/v2\/types\/post"}],"author":[{"embeddable":true,"href":"https:\/\/apuntesdesanluis.com\/index.php\/wp-json\/wp\/v2\/users\/1"}],"replies":[{"embeddable":true,"href":"https:\/\/apuntesdesanluis.com\/index.php\/wp-json\/wp\/v2\/comments?post=16572"}],"version-history":[{"count":6,"href":"https:\/\/apuntesdesanluis.com\/index.php\/wp-json\/wp\/v2\/posts\/16572\/revisions"}],"predecessor-version":[{"id":16585,"href":"https:\/\/apuntesdesanluis.com\/index.php\/wp-json\/wp\/v2\/posts\/16572\/revisions\/16585"}],"wp:featuredmedia":[{"embeddable":true,"href":"https:\/\/apuntesdesanluis.com\/index.php\/wp-json\/wp\/v2\/media\/16573"}],"wp:attachment":[{"href":"https:\/\/apuntesdesanluis.com\/index.php\/wp-json\/wp\/v2\/media?parent=16572"}],"wp:term":[{"taxonomy":"category","embeddable":true,"href":"https:\/\/apuntesdesanluis.com\/index.php\/wp-json\/wp\/v2\/categories?post=16572"},{"taxonomy":"post_tag","embeddable":true,"href":"https:\/\/apuntesdesanluis.com\/index.php\/wp-json\/wp\/v2\/tags?post=16572"}],"curies":[{"name":"wp","href":"https:\/\/api.w.org\/{rel}","templated":true}]}}