{"id":16586,"date":"2024-05-22T19:03:31","date_gmt":"2024-05-22T22:03:31","guid":{"rendered":"https:\/\/apuntesdesanluis.com\/?p=16586"},"modified":"2024-05-22T19:03:31","modified_gmt":"2024-05-22T22:03:31","slug":"la-mejora-salarial-alcanza-a-beneficiarios-del-plan-de-inclusion","status":"publish","type":"post","link":"https:\/\/apuntesdesanluis.com\/index.php\/2024\/05\/22\/la-mejora-salarial-alcanza-a-beneficiarios-del-plan-de-inclusion\/","title":{"rendered":"LA MEJORA SALARIAL ALCANZA A BENEFICIARIOS DEL PLAN DE INCLUSI\u00d3N"},"content":{"rendered":"<h3>El director de Recursos Humanos, Mario Ju\u00e1rez, indic\u00f3 este mi\u00e9rcoles que las medidas de mejora salarial anunciadas este martes por el gobernador, Claudio Poggi, alcanzan tambi\u00e9n a los beneficiarios del Plan de Inclusi\u00f3n que menos perciben, esto es quienes hoy cobran $184.500 comenzar\u00e1n a percibir $200.000.<\/h3>\n<h3>\u201cEs para quienes menos cobran y vale recordar que se trata de un beneficio social para quienes no tienen un trabajo formal, no es una relaci\u00f3n laboral\u201d, manifest\u00f3 Ju\u00e1rez quien tambi\u00e9n aclar\u00f3 que esta mejora no alcanza a los beneficiarios que perciben m\u00e1s, ni a los becarios.<\/h3>\n<h3>La directora de Finanzas y Recursos, <strong>Mar\u00eda Eugenia Sosa Herrera<\/strong>, destac\u00f3 el esfuerzo que significa para la Provincia este incremento y las mejoras anunciadas por el Gobernador. \u201cEstas medidas se toman en un contexto nacional con recesi\u00f3n y una ca\u00edda importante de la actividad econ\u00f3mica que repercuten en la recaudaci\u00f3n que luego Naci\u00f3n coparticipa a las provincias y que ha venido disminuyendo todos estos meses, sumado a la quita de una de las categor\u00edas de ganancias que le represent\u00f3 a San Luis una n\u00f3mina salarial y media\u201d, explic\u00f3.<\/h3>\n<h3>Para cerrar, agreg\u00f3: \u201cLo que el Gobernador ha priorizado ante esta situaci\u00f3n es cuidar el empleo y desde esa base se fueron tomando medidas para paliar la situaci\u00f3n econ\u00f3mica\u201d, puntualiz\u00f3.<\/h3>\n<p><iframe title=\"Mejora salarial para el Plan de Inclusi\u00f3n\" width=\"640\" height=\"360\" src=\"https:\/\/www.youtube.com\/embed\/CGj2w6J1LPI?feature=oembed\" frameborder=\"0\" allow=\"accelerometer; autoplay; clipboard-write; encrypted-media; gyroscope; picture-in-picture; web-share\" referrerpolicy=\"strict-origin-when-cross-origin\" allowfullscreen><\/iframe><\/p>\n<p>&nbsp;<\/p>\n<p>&nbsp;<\/p>\n<p>&nbsp;<\/p>\n","protected":false},"excerpt":{"rendered":"<p>El director de Recursos Humanos, Mario Ju\u00e1rez, indic\u00f3 este mi\u00e9rcoles que las medidas de mejora&#8230;<\/p>\n","protected":false},"author":1,"featured_media":16587,"comment_status":"closed","ping_status":"closed","sticky":false,"template":"","format":"standard","meta":{"footnotes":""},"categories":[6],"tags":[],"class_list":["post-16586","post","type-post","status-publish","format-standard","has-post-thumbnail","hentry","category-ciudad-provincia"],"yoast_head":"<!-- This site is optimized with the Yoast SEO plugin v26.1.1 - https:\/\/yoast.com\/wordpress\/plugins\/seo\/ -->\n<title>LA MEJORA SALARIAL ALCANZA A BENEFICIARIOS DEL PLAN DE INCLUSI\u00d3N - Apuntes de San Luis<\/title>\n<meta name=\"robots\" content=\"index, follow, max-snippet:-1, max-image-preview:large, max-video-preview:-1\" \/>\n<link rel=\"canonical\" href=\"https:\/\/apuntesdesanluis.com\/index.php\/2024\/05\/22\/la-mejora-salarial-alcanza-a-beneficiarios-del-plan-de-inclusion\/\" \/>\n<meta property=\"og:locale\" content=\"es_ES\" \/>\n<meta property=\"og:type\" content=\"article\" \/>\n<meta property=\"og:title\" content=\"LA MEJORA SALARIAL ALCANZA A BENEFICIARIOS DEL PLAN DE INCLUSI\u00d3N - Apuntes de San Luis\" \/>\n<meta property=\"og:description\" content=\"El director de Recursos Humanos, Mario Ju\u00e1rez, indic\u00f3 este mi\u00e9rcoles que las medidas de mejora...\" \/>\n<meta property=\"og:url\" content=\"https:\/\/apuntesdesanluis.com\/index.php\/2024\/05\/22\/la-mejora-salarial-alcanza-a-beneficiarios-del-plan-de-inclusion\/\" \/>\n<meta property=\"og:site_name\" content=\"Apuntes de San Luis\" \/>\n<meta property=\"article:published_time\" content=\"2024-05-22T22:03:31+00:00\" \/>\n<meta property=\"og:image\" content=\"https:\/\/apuntesdesanluis.com\/wp-content\/uploads\/2024\/05\/mario-juarez.png\" \/>\n\t<meta property=\"og:image:width\" content=\"600\" \/>\n\t<meta property=\"og:image:height\" content=\"356\" \/>\n\t<meta property=\"og:image:type\" content=\"image\/png\" \/>\n<meta name=\"author\" content=\"apuntesdesanluis.com\" \/>\n<meta name=\"twitter:card\" content=\"summary_large_image\" \/>\n<meta name=\"twitter:label1\" content=\"Escrito por\" \/>\n\t<meta name=\"twitter:data1\" content=\"apuntesdesanluis.com\" \/>\n\t<meta name=\"twitter:label2\" content=\"Tiempo de lectura\" \/>\n\t<meta name=\"twitter:data2\" content=\"2 minutos\" \/>\n<script type=\"application\/ld+json\" class=\"yoast-schema-graph\">{\"@context\":\"https:\/\/schema.org\",\"@graph\":[{\"@type\":\"Article\",\"@id\":\"https:\/\/apuntesdesanluis.com\/index.php\/2024\/05\/22\/la-mejora-salarial-alcanza-a-beneficiarios-del-plan-de-inclusion\/#article\",\"isPartOf\":{\"@id\":\"https:\/\/apuntesdesanluis.com\/index.php\/2024\/05\/22\/la-mejora-salarial-alcanza-a-beneficiarios-del-plan-de-inclusion\/\"},\"author\":{\"name\":\"apuntesdesanluis.com\",\"@id\":\"https:\/\/apuntesdesanluis.com\/#\/schema\/person\/b55151d52296fcce64d1a72538a70b90\"},\"headline\":\"LA MEJORA SALARIAL ALCANZA A BENEFICIARIOS DEL PLAN DE INCLUSI\u00d3N\",\"datePublished\":\"2024-05-22T22:03:31+00:00\",\"mainEntityOfPage\":{\"@id\":\"https:\/\/apuntesdesanluis.com\/index.php\/2024\/05\/22\/la-mejora-salarial-alcanza-a-beneficiarios-del-plan-de-inclusion\/\"},\"wordCount\":252,\"publisher\":{\"@id\":\"https:\/\/apuntesdesanluis.com\/#\/schema\/person\/b55151d52296fcce64d1a72538a70b90\"},\"image\":{\"@id\":\"https:\/\/apuntesdesanluis.com\/index.php\/2024\/05\/22\/la-mejora-salarial-alcanza-a-beneficiarios-del-plan-de-inclusion\/#primaryimage\"},\"thumbnailUrl\":\"https:\/\/apuntesdesanluis.com\/wp-content\/uploads\/2024\/05\/mario-juarez.png\",\"articleSection\":[\"Ciudad\/Provincia\"],\"inLanguage\":\"es-AR\"},{\"@type\":\"WebPage\",\"@id\":\"https:\/\/apuntesdesanluis.com\/index.php\/2024\/05\/22\/la-mejora-salarial-alcanza-a-beneficiarios-del-plan-de-inclusion\/\",\"url\":\"https:\/\/apuntesdesanluis.com\/index.php\/2024\/05\/22\/la-mejora-salarial-alcanza-a-beneficiarios-del-plan-de-inclusion\/\",\"name\":\"LA MEJORA SALARIAL ALCANZA A BENEFICIARIOS DEL PLAN DE INCLUSI\u00d3N - Apuntes de San Luis\",\"isPartOf\":{\"@id\":\"https:\/\/apuntesdesanluis.com\/#website\"},\"primaryImageOfPage\":{\"@id\":\"https:\/\/apuntesdesanluis.com\/index.php\/2024\/05\/22\/la-mejora-salarial-alcanza-a-beneficiarios-del-plan-de-inclusion\/#primaryimage\"},\"image\":{\"@id\":\"https:\/\/apuntesdesanluis.com\/index.php\/2024\/05\/22\/la-mejora-salarial-alcanza-a-beneficiarios-del-plan-de-inclusion\/#primaryimage\"},\"thumbnailUrl\":\"https:\/\/apuntesdesanluis.com\/wp-content\/uploads\/2024\/05\/mario-juarez.png\",\"datePublished\":\"2024-05-22T22:03:31+00:00\",\"breadcrumb\":{\"@id\":\"https:\/\/apuntesdesanluis.com\/index.php\/2024\/05\/22\/la-mejora-salarial-alcanza-a-beneficiarios-del-plan-de-inclusion\/#breadcrumb\"},\"inLanguage\":\"es-AR\",\"potentialAction\":[{\"@type\":\"ReadAction\",\"target\":[\"https:\/\/apuntesdesanluis.com\/index.php\/2024\/05\/22\/la-mejora-salarial-alcanza-a-beneficiarios-del-plan-de-inclusion\/\"]}]},{\"@type\":\"ImageObject\",\"inLanguage\":\"es-AR\",\"@id\":\"https:\/\/apuntesdesanluis.com\/index.php\/2024\/05\/22\/la-mejora-salarial-alcanza-a-beneficiarios-del-plan-de-inclusion\/#primaryimage\",\"url\":\"https:\/\/apuntesdesanluis.com\/wp-content\/uploads\/2024\/05\/mario-juarez.png\",\"contentUrl\":\"https:\/\/apuntesdesanluis.com\/wp-content\/uploads\/2024\/05\/mario-juarez.png\",\"width\":600,\"height\":356},{\"@type\":\"BreadcrumbList\",\"@id\":\"https:\/\/apuntesdesanluis.com\/index.php\/2024\/05\/22\/la-mejora-salarial-alcanza-a-beneficiarios-del-plan-de-inclusion\/#breadcrumb\",\"itemListElement\":[{\"@type\":\"ListItem\",\"position\":1,\"name\":\"Inicio\",\"item\":\"https:\/\/apuntesdesanluis.com\/\"},{\"@type\":\"ListItem\",\"position\":2,\"name\":\"LA MEJORA SALARIAL ALCANZA A BENEFICIARIOS DEL PLAN DE INCLUSI\u00d3N\"}]},{\"@type\":\"WebSite\",\"@id\":\"https:\/\/apuntesdesanluis.com\/#website\",\"url\":\"https:\/\/apuntesdesanluis.com\/\",\"name\":\"Apuntes de San Luis\",\"description\":\"\",\"publisher\":{\"@id\":\"https:\/\/apuntesdesanluis.com\/#\/schema\/person\/b55151d52296fcce64d1a72538a70b90\"},\"potentialAction\":[{\"@type\":\"SearchAction\",\"target\":{\"@type\":\"EntryPoint\",\"urlTemplate\":\"https:\/\/apuntesdesanluis.com\/?s={search_term_string}\"},\"query-input\":{\"@type\":\"PropertyValueSpecification\",\"valueRequired\":true,\"valueName\":\"search_term_string\"}}],\"inLanguage\":\"es-AR\"},{\"@type\":[\"Person\",\"Organization\"],\"@id\":\"https:\/\/apuntesdesanluis.com\/#\/schema\/person\/b55151d52296fcce64d1a72538a70b90\",\"name\":\"apuntesdesanluis.com\",\"image\":{\"@type\":\"ImageObject\",\"inLanguage\":\"es-AR\",\"@id\":\"https:\/\/apuntesdesanluis.com\/#\/schema\/person\/image\/\",\"url\":\"https:\/\/apuntesdesanluis.com\/wp-content\/uploads\/2023\/07\/cropped-apuntesdesanluis.png\",\"contentUrl\":\"https:\/\/apuntesdesanluis.com\/wp-content\/uploads\/2023\/07\/cropped-apuntesdesanluis.png\",\"width\":450,\"height\":112,\"caption\":\"apuntesdesanluis.com\"},\"logo\":{\"@id\":\"https:\/\/apuntesdesanluis.com\/#\/schema\/person\/image\/\"},\"sameAs\":[\"https:\/\/apuntesdesanluis.com\"],\"url\":\"https:\/\/apuntesdesanluis.com\/index.php\/author\/apuntesdesanluis-com\/\"}]}<\/script>\n<!-- \/ Yoast SEO plugin. -->","yoast_head_json":{"title":"LA MEJORA SALARIAL ALCANZA A BENEFICIARIOS DEL PLAN DE INCLUSI\u00d3N - Apuntes de San Luis","robots":{"index":"index","follow":"follow","max-snippet":"max-snippet:-1","max-image-preview":"max-image-preview:large","max-video-preview":"max-video-preview:-1"},"canonical":"https:\/\/apuntesdesanluis.com\/index.php\/2024\/05\/22\/la-mejora-salarial-alcanza-a-beneficiarios-del-plan-de-inclusion\/","og_locale":"es_ES","og_type":"article","og_title":"LA MEJORA SALARIAL ALCANZA A BENEFICIARIOS DEL PLAN DE INCLUSI\u00d3N - Apuntes de San Luis","og_description":"El director de Recursos Humanos, Mario Ju\u00e1rez, indic\u00f3 este mi\u00e9rcoles que las medidas de mejora...","og_url":"https:\/\/apuntesdesanluis.com\/index.php\/2024\/05\/22\/la-mejora-salarial-alcanza-a-beneficiarios-del-plan-de-inclusion\/","og_site_name":"Apuntes de San Luis","article_published_time":"2024-05-22T22:03:31+00:00","og_image":[{"width":600,"height":356,"url":"https:\/\/apuntesdesanluis.com\/wp-content\/uploads\/2024\/05\/mario-juarez.png","type":"image\/png"}],"author":"apuntesdesanluis.com","twitter_card":"summary_large_image","twitter_misc":{"Escrito por":"apuntesdesanluis.com","Tiempo de lectura":"2 minutos"},"schema":{"@context":"https:\/\/schema.org","@graph":[{"@type":"Article","@id":"https:\/\/apuntesdesanluis.com\/index.php\/2024\/05\/22\/la-mejora-salarial-alcanza-a-beneficiarios-del-plan-de-inclusion\/#article","isPartOf":{"@id":"https:\/\/apuntesdesanluis.com\/index.php\/2024\/05\/22\/la-mejora-salarial-alcanza-a-beneficiarios-del-plan-de-inclusion\/"},"author":{"name":"apuntesdesanluis.com","@id":"https:\/\/apuntesdesanluis.com\/#\/schema\/person\/b55151d52296fcce64d1a72538a70b90"},"headline":"LA MEJORA SALARIAL ALCANZA A BENEFICIARIOS DEL PLAN DE INCLUSI\u00d3N","datePublished":"2024-05-22T22:03:31+00:00","mainEntityOfPage":{"@id":"https:\/\/apuntesdesanluis.com\/index.php\/2024\/05\/22\/la-mejora-salarial-alcanza-a-beneficiarios-del-plan-de-inclusion\/"},"wordCount":252,"publisher":{"@id":"https:\/\/apuntesdesanluis.com\/#\/schema\/person\/b55151d52296fcce64d1a72538a70b90"},"image":{"@id":"https:\/\/apuntesdesanluis.com\/index.php\/2024\/05\/22\/la-mejora-salarial-alcanza-a-beneficiarios-del-plan-de-inclusion\/#primaryimage"},"thumbnailUrl":"https:\/\/apuntesdesanluis.com\/wp-content\/uploads\/2024\/05\/mario-juarez.png","articleSection":["Ciudad\/Provincia"],"inLanguage":"es-AR"},{"@type":"WebPage","@id":"https:\/\/apuntesdesanluis.com\/index.php\/2024\/05\/22\/la-mejora-salarial-alcanza-a-beneficiarios-del-plan-de-inclusion\/","url":"https:\/\/apuntesdesanluis.com\/index.php\/2024\/05\/22\/la-mejora-salarial-alcanza-a-beneficiarios-del-plan-de-inclusion\/","name":"LA MEJORA SALARIAL ALCANZA A BENEFICIARIOS DEL PLAN DE INCLUSI\u00d3N - Apuntes de San Luis","isPartOf":{"@id":"https:\/\/apuntesdesanluis.com\/#website"},"primaryImageOfPage":{"@id":"https:\/\/apuntesdesanluis.com\/index.php\/2024\/05\/22\/la-mejora-salarial-alcanza-a-beneficiarios-del-plan-de-inclusion\/#primaryimage"},"image":{"@id":"https:\/\/apuntesdesanluis.com\/index.php\/2024\/05\/22\/la-mejora-salarial-alcanza-a-beneficiarios-del-plan-de-inclusion\/#primaryimage"},"thumbnailUrl":"https:\/\/apuntesdesanluis.com\/wp-content\/uploads\/2024\/05\/mario-juarez.png","datePublished":"2024-05-22T22:03:31+00:00","breadcrumb":{"@id":"https:\/\/apuntesdesanluis.com\/index.php\/2024\/05\/22\/la-mejora-salarial-alcanza-a-beneficiarios-del-plan-de-inclusion\/#breadcrumb"},"inLanguage":"es-AR","potentialAction":[{"@type":"ReadAction","target":["https:\/\/apuntesdesanluis.com\/index.php\/2024\/05\/22\/la-mejora-salarial-alcanza-a-beneficiarios-del-plan-de-inclusion\/"]}]},{"@type":"ImageObject","inLanguage":"es-AR","@id":"https:\/\/apuntesdesanluis.com\/index.php\/2024\/05\/22\/la-mejora-salarial-alcanza-a-beneficiarios-del-plan-de-inclusion\/#primaryimage","url":"https:\/\/apuntesdesanluis.com\/wp-content\/uploads\/2024\/05\/mario-juarez.png","contentUrl":"https:\/\/apuntesdesanluis.com\/wp-content\/uploads\/2024\/05\/mario-juarez.png","width":600,"height":356},{"@type":"BreadcrumbList","@id":"https:\/\/apuntesdesanluis.com\/index.php\/2024\/05\/22\/la-mejora-salarial-alcanza-a-beneficiarios-del-plan-de-inclusion\/#breadcrumb","itemListElement":[{"@type":"ListItem","position":1,"name":"Inicio","item":"https:\/\/apuntesdesanluis.com\/"},{"@type":"ListItem","position":2,"name":"LA MEJORA SALARIAL ALCANZA A BENEFICIARIOS DEL PLAN DE INCLUSI\u00d3N"}]},{"@type":"WebSite","@id":"https:\/\/apuntesdesanluis.com\/#website","url":"https:\/\/apuntesdesanluis.com\/","name":"Apuntes de San Luis","description":"","publisher":{"@id":"https:\/\/apuntesdesanluis.com\/#\/schema\/person\/b55151d52296fcce64d1a72538a70b90"},"potentialAction":[{"@type":"SearchAction","target":{"@type":"EntryPoint","urlTemplate":"https:\/\/apuntesdesanluis.com\/?s={search_term_string}"},"query-input":{"@type":"PropertyValueSpecification","valueRequired":true,"valueName":"search_term_string"}}],"inLanguage":"es-AR"},{"@type":["Person","Organization"],"@id":"https:\/\/apuntesdesanluis.com\/#\/schema\/person\/b55151d52296fcce64d1a72538a70b90","name":"apuntesdesanluis.com","image":{"@type":"ImageObject","inLanguage":"es-AR","@id":"https:\/\/apuntesdesanluis.com\/#\/schema\/person\/image\/","url":"https:\/\/apuntesdesanluis.com\/wp-content\/uploads\/2023\/07\/cropped-apuntesdesanluis.png","contentUrl":"https:\/\/apuntesdesanluis.com\/wp-content\/uploads\/2023\/07\/cropped-apuntesdesanluis.png","width":450,"height":112,"caption":"apuntesdesanluis.com"},"logo":{"@id":"https:\/\/apuntesdesanluis.com\/#\/schema\/person\/image\/"},"sameAs":["https:\/\/apuntesdesanluis.com"],"url":"https:\/\/apuntesdesanluis.com\/index.php\/author\/apuntesdesanluis-com\/"}]}},"featured_image_urls":{"full":["https:\/\/apuntesdesanluis.com\/wp-content\/uploads\/2024\/05\/mario-juarez.png",600,356,false],"thumbnail":["https:\/\/apuntesdesanluis.com\/wp-content\/uploads\/2024\/05\/mario-juarez-150x150.png",150,150,true],"medium":["https:\/\/apuntesdesanluis.com\/wp-content\/uploads\/2024\/05\/mario-juarez-300x178.png",300,178,true],"medium_large":["https:\/\/apuntesdesanluis.com\/wp-content\/uploads\/2024\/05\/mario-juarez.png",600,356,false],"large":["https:\/\/apuntesdesanluis.com\/wp-content\/uploads\/2024\/05\/mario-juarez.png",600,356,false],"1536x1536":["https:\/\/apuntesdesanluis.com\/wp-content\/uploads\/2024\/05\/mario-juarez.png",600,356,false],"2048x2048":["https:\/\/apuntesdesanluis.com\/wp-content\/uploads\/2024\/05\/mario-juarez.png",600,356,false],"newsever-slider-full":["https:\/\/apuntesdesanluis.com\/wp-content\/uploads\/2024\/05\/mario-juarez.png",600,356,false],"newsever-featured":["https:\/\/apuntesdesanluis.com\/wp-content\/uploads\/2024\/05\/mario-juarez.png",600,356,false],"newsever-medium":["https:\/\/apuntesdesanluis.com\/wp-content\/uploads\/2024\/05\/mario-juarez.png",600,356,false]},"author_info":{"display_name":"apuntesdesanluis.com","author_link":"https:\/\/apuntesdesanluis.com\/index.php\/author\/apuntesdesanluis-com\/"},"category_info":"<a href=\"https:\/\/apuntesdesanluis.com\/index.php\/category\/ciudad-provincia\/\" rel=\"category tag\">Ciudad\/Provincia<\/a>","tag_info":"Ciudad\/Provincia","comment_count":"0","_links":{"self":[{"href":"https:\/\/apuntesdesanluis.com\/index.php\/wp-json\/wp\/v2\/posts\/16586","targetHints":{"allow":["GET"]}}],"collection":[{"href":"https:\/\/apuntesdesanluis.com\/index.php\/wp-json\/wp\/v2\/posts"}],"about":[{"href":"https:\/\/apuntesdesanluis.com\/index.php\/wp-json\/wp\/v2\/types\/post"}],"author":[{"embeddable":true,"href":"https:\/\/apuntesdesanluis.com\/index.php\/wp-json\/wp\/v2\/users\/1"}],"replies":[{"embeddable":true,"href":"https:\/\/apuntesdesanluis.com\/index.php\/wp-json\/wp\/v2\/comments?post=16586"}],"version-history":[{"count":1,"href":"https:\/\/apuntesdesanluis.com\/index.php\/wp-json\/wp\/v2\/posts\/16586\/revisions"}],"predecessor-version":[{"id":16588,"href":"https:\/\/apuntesdesanluis.com\/index.php\/wp-json\/wp\/v2\/posts\/16586\/revisions\/16588"}],"wp:featuredmedia":[{"embeddable":true,"href":"https:\/\/apuntesdesanluis.com\/index.php\/wp-json\/wp\/v2\/media\/16587"}],"wp:attachment":[{"href":"https:\/\/apuntesdesanluis.com\/index.php\/wp-json\/wp\/v2\/media?parent=16586"}],"wp:term":[{"taxonomy":"category","embeddable":true,"href":"https:\/\/apuntesdesanluis.com\/index.php\/wp-json\/wp\/v2\/categories?post=16586"},{"taxonomy":"post_tag","embeddable":true,"href":"https:\/\/apuntesdesanluis.com\/index.php\/wp-json\/wp\/v2\/tags?post=16586"}],"curies":[{"name":"wp","href":"https:\/\/api.w.org\/{rel}","templated":true}]}}