{"id":16591,"date":"2024-05-22T19:11:50","date_gmt":"2024-05-22T22:11:50","guid":{"rendered":"https:\/\/apuntesdesanluis.com\/?p=16591"},"modified":"2024-05-22T19:11:50","modified_gmt":"2024-05-22T22:11:50","slug":"la-recesion-se-profundiza-en-marzo-la-actividad-economica-cayo-84","status":"publish","type":"post","link":"https:\/\/apuntesdesanluis.com\/index.php\/2024\/05\/22\/la-recesion-se-profundiza-en-marzo-la-actividad-economica-cayo-84\/","title":{"rendered":"LA RECESI\u00d3N SE PROFUNDIZA: EN MARZO LA ACTIVIDAD ECON\u00d3MICA CAY\u00d3 8,4%"},"content":{"rendered":"<h3>Los datos del INDEC reflejan la magnitud de la ca\u00edda. La recesi\u00f3n se profundiz\u00f3 en la primera parte del a\u00f1o y ya se cumplen ocho meses de ca\u00edda ininterrumpida.<\/h3>\n<h3>En marzo, el Estimador mensual de actividad econ\u00f3mica (EMAE) registr\u00f3 una ca\u00edda de 8,4% en la comparaci\u00f3n interanual y de 1,4% respecto de febrero en la medici\u00f3n desestacionalizada.<\/h3>\n<h3>Con relaci\u00f3n a igual mes de 2023, seis sectores de actividad que conforman el EMAE registraron subas en marzo, entre los que se destacan Agricultura, ganader\u00eda, caza y silvicultura (+14,1% ia) y Explotaci\u00f3n de minas y canteras (5,9% ia).<\/h3>\n<h3>El sector Agricultura, ganader\u00eda, caza y silvicultura (+14,1% ia) fue, a su vez, el de mayor incidencia positiva en la variaci\u00f3n interanual del EMAE, seguido por Explotaci\u00f3n de minas y canteras (+5,9% ia).<\/h3>\n<h3>Por su parte, nueve sectores de actividad registraron ca\u00eddas en la comparaci\u00f3n interanual, entre los que se destacan Construcci\u00f3n (-29,9%) e Industria manufacturera (-19,6%.<\/h3>\n<h3>Junto con Comercio mayorista, minorista y reparaciones (-16,7% ia) aportan 6,6 puntos porcentuales a la ca\u00edda interanual del EMAE.<\/h3>\n<h3>Lautaro Moschet, economista de la Fundaci\u00f3n Libertad y Progreso, dijo que la ca\u00edda del EMAE era un dato que se encontraba dentro de lo esperado.<\/h3>\n<h3>Diversos indicadores sectoriales ya hab\u00edan adelantado el mal desempe\u00f1o de la econom\u00eda en ese mes y culmin\u00f3 el primer trimestre del a\u00f1o con una ca\u00edda promedio del 3%.<\/h3>\n<h3>\u201cEntre marzo y abril esperamos que la ca\u00edda encuentre su piso, aunque los an\u00e1lisis sectoriales del cuarto mes del a\u00f1o son mixtos, a\u00fan no queda claro cu\u00e1l fue el resultado neto\u201d, se\u00f1al\u00f3.<\/h3>\n<h3>Moschet sostuvo que la econom\u00eda comenz\u00f3 a caer en septiembre del a\u00f1o pasado y lleva acumulada una baja de 6,1%, de los cuales 4,4 puntos porcentuales tuvieron lugar en el \u00faltimo trimestre del 2023 y la ca\u00edda restante (-1,7p.p.) fue propia del primer trimestre del 2024.<\/h3>\n<h3>\u201cLa velocidad de la recuperaci\u00f3n estar\u00e1 relacionada con varios factores a tener en cuenta. En primer lugar, la salida del cepo y su consecuente incentivo de inversi\u00f3n en Argentina y, en segundo lugar, la credibilidad en la estabilidad macroecon\u00f3mica\u201d, se\u00f1al\u00f3.<\/h3>\n<h3>Moschet destac\u00f3 que en la \u00faltima semana hubo un \u201cgran avance en el \u201csaneamiento\u201d del balance del Banco Central, el cual permiti\u00f3 que el stock de pases baje sustancialmente en pos de mayor deuda del Tesoro\u201d.<\/h3>\n<h3>Dijo que, para lograr el segundo objetivo, \u201cser\u00e1 fundamental que se destrabe la Ley Bases en el Congreso, dado su contenido que solidifique el cambio de rumbo de la econom\u00eda argentina\u201d.<\/h3>\n<p>&nbsp;<\/p>\n<p>&nbsp;<\/p>\n<p>&nbsp;<\/p>\n","protected":false},"excerpt":{"rendered":"<p>Los datos del INDEC reflejan la magnitud de la ca\u00edda. La recesi\u00f3n se profundiz\u00f3 en&#8230;<\/p>\n","protected":false},"author":1,"featured_media":16592,"comment_status":"closed","ping_status":"closed","sticky":false,"template":"","format":"standard","meta":{"footnotes":""},"categories":[5],"tags":[],"class_list":["post-16591","post","type-post","status-publish","format-standard","has-post-thumbnail","hentry","category-nacionales-internacionales"],"yoast_head":"<!-- This site is optimized with the Yoast SEO plugin v26.1.1 - https:\/\/yoast.com\/wordpress\/plugins\/seo\/ -->\n<title>LA RECESI\u00d3N SE PROFUNDIZA: EN MARZO LA ACTIVIDAD ECON\u00d3MICA CAY\u00d3 8,4% - Apuntes de San Luis<\/title>\n<meta name=\"robots\" content=\"index, follow, max-snippet:-1, max-image-preview:large, max-video-preview:-1\" \/>\n<link rel=\"canonical\" href=\"https:\/\/apuntesdesanluis.com\/index.php\/2024\/05\/22\/la-recesion-se-profundiza-en-marzo-la-actividad-economica-cayo-84\/\" \/>\n<meta property=\"og:locale\" content=\"es_ES\" \/>\n<meta property=\"og:type\" content=\"article\" \/>\n<meta property=\"og:title\" content=\"LA RECESI\u00d3N SE PROFUNDIZA: EN MARZO LA ACTIVIDAD ECON\u00d3MICA CAY\u00d3 8,4% - Apuntes de San Luis\" \/>\n<meta property=\"og:description\" content=\"Los datos del INDEC reflejan la magnitud de la ca\u00edda. La recesi\u00f3n se profundiz\u00f3 en...\" \/>\n<meta property=\"og:url\" content=\"https:\/\/apuntesdesanluis.com\/index.php\/2024\/05\/22\/la-recesion-se-profundiza-en-marzo-la-actividad-economica-cayo-84\/\" \/>\n<meta property=\"og:site_name\" content=\"Apuntes de San Luis\" \/>\n<meta property=\"article:published_time\" content=\"2024-05-22T22:11:50+00:00\" \/>\n<meta property=\"og:image\" content=\"https:\/\/apuntesdesanluis.com\/wp-content\/uploads\/2024\/05\/CAIDA-ACTIVIDAD.png\" \/>\n\t<meta property=\"og:image:width\" content=\"678\" \/>\n\t<meta property=\"og:image:height\" content=\"390\" \/>\n\t<meta property=\"og:image:type\" content=\"image\/png\" \/>\n<meta name=\"author\" content=\"apuntesdesanluis.com\" \/>\n<meta name=\"twitter:card\" content=\"summary_large_image\" \/>\n<meta name=\"twitter:label1\" content=\"Escrito por\" \/>\n\t<meta name=\"twitter:data1\" content=\"apuntesdesanluis.com\" \/>\n\t<meta name=\"twitter:label2\" content=\"Tiempo de lectura\" \/>\n\t<meta name=\"twitter:data2\" content=\"3 minutos\" \/>\n<script type=\"application\/ld+json\" class=\"yoast-schema-graph\">{\"@context\":\"https:\/\/schema.org\",\"@graph\":[{\"@type\":\"Article\",\"@id\":\"https:\/\/apuntesdesanluis.com\/index.php\/2024\/05\/22\/la-recesion-se-profundiza-en-marzo-la-actividad-economica-cayo-84\/#article\",\"isPartOf\":{\"@id\":\"https:\/\/apuntesdesanluis.com\/index.php\/2024\/05\/22\/la-recesion-se-profundiza-en-marzo-la-actividad-economica-cayo-84\/\"},\"author\":{\"name\":\"apuntesdesanluis.com\",\"@id\":\"https:\/\/apuntesdesanluis.com\/#\/schema\/person\/b55151d52296fcce64d1a72538a70b90\"},\"headline\":\"LA RECESI\u00d3N SE PROFUNDIZA: EN MARZO LA ACTIVIDAD ECON\u00d3MICA CAY\u00d3 8,4%\",\"datePublished\":\"2024-05-22T22:11:50+00:00\",\"mainEntityOfPage\":{\"@id\":\"https:\/\/apuntesdesanluis.com\/index.php\/2024\/05\/22\/la-recesion-se-profundiza-en-marzo-la-actividad-economica-cayo-84\/\"},\"wordCount\":453,\"publisher\":{\"@id\":\"https:\/\/apuntesdesanluis.com\/#\/schema\/person\/b55151d52296fcce64d1a72538a70b90\"},\"image\":{\"@id\":\"https:\/\/apuntesdesanluis.com\/index.php\/2024\/05\/22\/la-recesion-se-profundiza-en-marzo-la-actividad-economica-cayo-84\/#primaryimage\"},\"thumbnailUrl\":\"https:\/\/apuntesdesanluis.com\/wp-content\/uploads\/2024\/05\/CAIDA-ACTIVIDAD.png\",\"articleSection\":[\"Nacionales\/Internacionales\"],\"inLanguage\":\"es-AR\"},{\"@type\":\"WebPage\",\"@id\":\"https:\/\/apuntesdesanluis.com\/index.php\/2024\/05\/22\/la-recesion-se-profundiza-en-marzo-la-actividad-economica-cayo-84\/\",\"url\":\"https:\/\/apuntesdesanluis.com\/index.php\/2024\/05\/22\/la-recesion-se-profundiza-en-marzo-la-actividad-economica-cayo-84\/\",\"name\":\"LA RECESI\u00d3N SE PROFUNDIZA: EN MARZO LA ACTIVIDAD ECON\u00d3MICA CAY\u00d3 8,4% - Apuntes de San Luis\",\"isPartOf\":{\"@id\":\"https:\/\/apuntesdesanluis.com\/#website\"},\"primaryImageOfPage\":{\"@id\":\"https:\/\/apuntesdesanluis.com\/index.php\/2024\/05\/22\/la-recesion-se-profundiza-en-marzo-la-actividad-economica-cayo-84\/#primaryimage\"},\"image\":{\"@id\":\"https:\/\/apuntesdesanluis.com\/index.php\/2024\/05\/22\/la-recesion-se-profundiza-en-marzo-la-actividad-economica-cayo-84\/#primaryimage\"},\"thumbnailUrl\":\"https:\/\/apuntesdesanluis.com\/wp-content\/uploads\/2024\/05\/CAIDA-ACTIVIDAD.png\",\"datePublished\":\"2024-05-22T22:11:50+00:00\",\"breadcrumb\":{\"@id\":\"https:\/\/apuntesdesanluis.com\/index.php\/2024\/05\/22\/la-recesion-se-profundiza-en-marzo-la-actividad-economica-cayo-84\/#breadcrumb\"},\"inLanguage\":\"es-AR\",\"potentialAction\":[{\"@type\":\"ReadAction\",\"target\":[\"https:\/\/apuntesdesanluis.com\/index.php\/2024\/05\/22\/la-recesion-se-profundiza-en-marzo-la-actividad-economica-cayo-84\/\"]}]},{\"@type\":\"ImageObject\",\"inLanguage\":\"es-AR\",\"@id\":\"https:\/\/apuntesdesanluis.com\/index.php\/2024\/05\/22\/la-recesion-se-profundiza-en-marzo-la-actividad-economica-cayo-84\/#primaryimage\",\"url\":\"https:\/\/apuntesdesanluis.com\/wp-content\/uploads\/2024\/05\/CAIDA-ACTIVIDAD.png\",\"contentUrl\":\"https:\/\/apuntesdesanluis.com\/wp-content\/uploads\/2024\/05\/CAIDA-ACTIVIDAD.png\",\"width\":678,\"height\":390},{\"@type\":\"BreadcrumbList\",\"@id\":\"https:\/\/apuntesdesanluis.com\/index.php\/2024\/05\/22\/la-recesion-se-profundiza-en-marzo-la-actividad-economica-cayo-84\/#breadcrumb\",\"itemListElement\":[{\"@type\":\"ListItem\",\"position\":1,\"name\":\"Inicio\",\"item\":\"https:\/\/apuntesdesanluis.com\/\"},{\"@type\":\"ListItem\",\"position\":2,\"name\":\"LA RECESI\u00d3N SE PROFUNDIZA: EN MARZO LA ACTIVIDAD ECON\u00d3MICA CAY\u00d3 8,4%\"}]},{\"@type\":\"WebSite\",\"@id\":\"https:\/\/apuntesdesanluis.com\/#website\",\"url\":\"https:\/\/apuntesdesanluis.com\/\",\"name\":\"Apuntes de San Luis\",\"description\":\"\",\"publisher\":{\"@id\":\"https:\/\/apuntesdesanluis.com\/#\/schema\/person\/b55151d52296fcce64d1a72538a70b90\"},\"potentialAction\":[{\"@type\":\"SearchAction\",\"target\":{\"@type\":\"EntryPoint\",\"urlTemplate\":\"https:\/\/apuntesdesanluis.com\/?s={search_term_string}\"},\"query-input\":{\"@type\":\"PropertyValueSpecification\",\"valueRequired\":true,\"valueName\":\"search_term_string\"}}],\"inLanguage\":\"es-AR\"},{\"@type\":[\"Person\",\"Organization\"],\"@id\":\"https:\/\/apuntesdesanluis.com\/#\/schema\/person\/b55151d52296fcce64d1a72538a70b90\",\"name\":\"apuntesdesanluis.com\",\"image\":{\"@type\":\"ImageObject\",\"inLanguage\":\"es-AR\",\"@id\":\"https:\/\/apuntesdesanluis.com\/#\/schema\/person\/image\/\",\"url\":\"https:\/\/apuntesdesanluis.com\/wp-content\/uploads\/2023\/07\/cropped-apuntesdesanluis.png\",\"contentUrl\":\"https:\/\/apuntesdesanluis.com\/wp-content\/uploads\/2023\/07\/cropped-apuntesdesanluis.png\",\"width\":450,\"height\":112,\"caption\":\"apuntesdesanluis.com\"},\"logo\":{\"@id\":\"https:\/\/apuntesdesanluis.com\/#\/schema\/person\/image\/\"},\"sameAs\":[\"https:\/\/apuntesdesanluis.com\"],\"url\":\"https:\/\/apuntesdesanluis.com\/index.php\/author\/apuntesdesanluis-com\/\"}]}<\/script>\n<!-- \/ Yoast SEO plugin. -->","yoast_head_json":{"title":"LA RECESI\u00d3N SE PROFUNDIZA: EN MARZO LA ACTIVIDAD ECON\u00d3MICA CAY\u00d3 8,4% - Apuntes de San Luis","robots":{"index":"index","follow":"follow","max-snippet":"max-snippet:-1","max-image-preview":"max-image-preview:large","max-video-preview":"max-video-preview:-1"},"canonical":"https:\/\/apuntesdesanluis.com\/index.php\/2024\/05\/22\/la-recesion-se-profundiza-en-marzo-la-actividad-economica-cayo-84\/","og_locale":"es_ES","og_type":"article","og_title":"LA RECESI\u00d3N SE PROFUNDIZA: EN MARZO LA ACTIVIDAD ECON\u00d3MICA CAY\u00d3 8,4% - Apuntes de San Luis","og_description":"Los datos del INDEC reflejan la magnitud de la ca\u00edda. La recesi\u00f3n se profundiz\u00f3 en...","og_url":"https:\/\/apuntesdesanluis.com\/index.php\/2024\/05\/22\/la-recesion-se-profundiza-en-marzo-la-actividad-economica-cayo-84\/","og_site_name":"Apuntes de San Luis","article_published_time":"2024-05-22T22:11:50+00:00","og_image":[{"width":678,"height":390,"url":"https:\/\/apuntesdesanluis.com\/wp-content\/uploads\/2024\/05\/CAIDA-ACTIVIDAD.png","type":"image\/png"}],"author":"apuntesdesanluis.com","twitter_card":"summary_large_image","twitter_misc":{"Escrito por":"apuntesdesanluis.com","Tiempo de lectura":"3 minutos"},"schema":{"@context":"https:\/\/schema.org","@graph":[{"@type":"Article","@id":"https:\/\/apuntesdesanluis.com\/index.php\/2024\/05\/22\/la-recesion-se-profundiza-en-marzo-la-actividad-economica-cayo-84\/#article","isPartOf":{"@id":"https:\/\/apuntesdesanluis.com\/index.php\/2024\/05\/22\/la-recesion-se-profundiza-en-marzo-la-actividad-economica-cayo-84\/"},"author":{"name":"apuntesdesanluis.com","@id":"https:\/\/apuntesdesanluis.com\/#\/schema\/person\/b55151d52296fcce64d1a72538a70b90"},"headline":"LA RECESI\u00d3N SE PROFUNDIZA: EN MARZO LA ACTIVIDAD ECON\u00d3MICA CAY\u00d3 8,4%","datePublished":"2024-05-22T22:11:50+00:00","mainEntityOfPage":{"@id":"https:\/\/apuntesdesanluis.com\/index.php\/2024\/05\/22\/la-recesion-se-profundiza-en-marzo-la-actividad-economica-cayo-84\/"},"wordCount":453,"publisher":{"@id":"https:\/\/apuntesdesanluis.com\/#\/schema\/person\/b55151d52296fcce64d1a72538a70b90"},"image":{"@id":"https:\/\/apuntesdesanluis.com\/index.php\/2024\/05\/22\/la-recesion-se-profundiza-en-marzo-la-actividad-economica-cayo-84\/#primaryimage"},"thumbnailUrl":"https:\/\/apuntesdesanluis.com\/wp-content\/uploads\/2024\/05\/CAIDA-ACTIVIDAD.png","articleSection":["Nacionales\/Internacionales"],"inLanguage":"es-AR"},{"@type":"WebPage","@id":"https:\/\/apuntesdesanluis.com\/index.php\/2024\/05\/22\/la-recesion-se-profundiza-en-marzo-la-actividad-economica-cayo-84\/","url":"https:\/\/apuntesdesanluis.com\/index.php\/2024\/05\/22\/la-recesion-se-profundiza-en-marzo-la-actividad-economica-cayo-84\/","name":"LA RECESI\u00d3N SE PROFUNDIZA: EN MARZO LA ACTIVIDAD ECON\u00d3MICA CAY\u00d3 8,4% - Apuntes de San Luis","isPartOf":{"@id":"https:\/\/apuntesdesanluis.com\/#website"},"primaryImageOfPage":{"@id":"https:\/\/apuntesdesanluis.com\/index.php\/2024\/05\/22\/la-recesion-se-profundiza-en-marzo-la-actividad-economica-cayo-84\/#primaryimage"},"image":{"@id":"https:\/\/apuntesdesanluis.com\/index.php\/2024\/05\/22\/la-recesion-se-profundiza-en-marzo-la-actividad-economica-cayo-84\/#primaryimage"},"thumbnailUrl":"https:\/\/apuntesdesanluis.com\/wp-content\/uploads\/2024\/05\/CAIDA-ACTIVIDAD.png","datePublished":"2024-05-22T22:11:50+00:00","breadcrumb":{"@id":"https:\/\/apuntesdesanluis.com\/index.php\/2024\/05\/22\/la-recesion-se-profundiza-en-marzo-la-actividad-economica-cayo-84\/#breadcrumb"},"inLanguage":"es-AR","potentialAction":[{"@type":"ReadAction","target":["https:\/\/apuntesdesanluis.com\/index.php\/2024\/05\/22\/la-recesion-se-profundiza-en-marzo-la-actividad-economica-cayo-84\/"]}]},{"@type":"ImageObject","inLanguage":"es-AR","@id":"https:\/\/apuntesdesanluis.com\/index.php\/2024\/05\/22\/la-recesion-se-profundiza-en-marzo-la-actividad-economica-cayo-84\/#primaryimage","url":"https:\/\/apuntesdesanluis.com\/wp-content\/uploads\/2024\/05\/CAIDA-ACTIVIDAD.png","contentUrl":"https:\/\/apuntesdesanluis.com\/wp-content\/uploads\/2024\/05\/CAIDA-ACTIVIDAD.png","width":678,"height":390},{"@type":"BreadcrumbList","@id":"https:\/\/apuntesdesanluis.com\/index.php\/2024\/05\/22\/la-recesion-se-profundiza-en-marzo-la-actividad-economica-cayo-84\/#breadcrumb","itemListElement":[{"@type":"ListItem","position":1,"name":"Inicio","item":"https:\/\/apuntesdesanluis.com\/"},{"@type":"ListItem","position":2,"name":"LA RECESI\u00d3N SE PROFUNDIZA: EN MARZO LA ACTIVIDAD ECON\u00d3MICA CAY\u00d3 8,4%"}]},{"@type":"WebSite","@id":"https:\/\/apuntesdesanluis.com\/#website","url":"https:\/\/apuntesdesanluis.com\/","name":"Apuntes de San Luis","description":"","publisher":{"@id":"https:\/\/apuntesdesanluis.com\/#\/schema\/person\/b55151d52296fcce64d1a72538a70b90"},"potentialAction":[{"@type":"SearchAction","target":{"@type":"EntryPoint","urlTemplate":"https:\/\/apuntesdesanluis.com\/?s={search_term_string}"},"query-input":{"@type":"PropertyValueSpecification","valueRequired":true,"valueName":"search_term_string"}}],"inLanguage":"es-AR"},{"@type":["Person","Organization"],"@id":"https:\/\/apuntesdesanluis.com\/#\/schema\/person\/b55151d52296fcce64d1a72538a70b90","name":"apuntesdesanluis.com","image":{"@type":"ImageObject","inLanguage":"es-AR","@id":"https:\/\/apuntesdesanluis.com\/#\/schema\/person\/image\/","url":"https:\/\/apuntesdesanluis.com\/wp-content\/uploads\/2023\/07\/cropped-apuntesdesanluis.png","contentUrl":"https:\/\/apuntesdesanluis.com\/wp-content\/uploads\/2023\/07\/cropped-apuntesdesanluis.png","width":450,"height":112,"caption":"apuntesdesanluis.com"},"logo":{"@id":"https:\/\/apuntesdesanluis.com\/#\/schema\/person\/image\/"},"sameAs":["https:\/\/apuntesdesanluis.com"],"url":"https:\/\/apuntesdesanluis.com\/index.php\/author\/apuntesdesanluis-com\/"}]}},"featured_image_urls":{"full":["https:\/\/apuntesdesanluis.com\/wp-content\/uploads\/2024\/05\/CAIDA-ACTIVIDAD.png",678,390,false],"thumbnail":["https:\/\/apuntesdesanluis.com\/wp-content\/uploads\/2024\/05\/CAIDA-ACTIVIDAD-150x150.png",150,150,true],"medium":["https:\/\/apuntesdesanluis.com\/wp-content\/uploads\/2024\/05\/CAIDA-ACTIVIDAD-300x173.png",300,173,true],"medium_large":["https:\/\/apuntesdesanluis.com\/wp-content\/uploads\/2024\/05\/CAIDA-ACTIVIDAD.png",640,368,false],"large":["https:\/\/apuntesdesanluis.com\/wp-content\/uploads\/2024\/05\/CAIDA-ACTIVIDAD.png",640,368,false],"1536x1536":["https:\/\/apuntesdesanluis.com\/wp-content\/uploads\/2024\/05\/CAIDA-ACTIVIDAD.png",678,390,false],"2048x2048":["https:\/\/apuntesdesanluis.com\/wp-content\/uploads\/2024\/05\/CAIDA-ACTIVIDAD.png",678,390,false],"newsever-slider-full":["https:\/\/apuntesdesanluis.com\/wp-content\/uploads\/2024\/05\/CAIDA-ACTIVIDAD.png",678,390,false],"newsever-featured":["https:\/\/apuntesdesanluis.com\/wp-content\/uploads\/2024\/05\/CAIDA-ACTIVIDAD.png",678,390,false],"newsever-medium":["https:\/\/apuntesdesanluis.com\/wp-content\/uploads\/2024\/05\/CAIDA-ACTIVIDAD.png",678,390,false]},"author_info":{"display_name":"apuntesdesanluis.com","author_link":"https:\/\/apuntesdesanluis.com\/index.php\/author\/apuntesdesanluis-com\/"},"category_info":"<a href=\"https:\/\/apuntesdesanluis.com\/index.php\/category\/nacionales-internacionales\/\" rel=\"category tag\">Nacionales\/Internacionales<\/a>","tag_info":"Nacionales\/Internacionales","comment_count":"0","_links":{"self":[{"href":"https:\/\/apuntesdesanluis.com\/index.php\/wp-json\/wp\/v2\/posts\/16591","targetHints":{"allow":["GET"]}}],"collection":[{"href":"https:\/\/apuntesdesanluis.com\/index.php\/wp-json\/wp\/v2\/posts"}],"about":[{"href":"https:\/\/apuntesdesanluis.com\/index.php\/wp-json\/wp\/v2\/types\/post"}],"author":[{"embeddable":true,"href":"https:\/\/apuntesdesanluis.com\/index.php\/wp-json\/wp\/v2\/users\/1"}],"replies":[{"embeddable":true,"href":"https:\/\/apuntesdesanluis.com\/index.php\/wp-json\/wp\/v2\/comments?post=16591"}],"version-history":[{"count":1,"href":"https:\/\/apuntesdesanluis.com\/index.php\/wp-json\/wp\/v2\/posts\/16591\/revisions"}],"predecessor-version":[{"id":16593,"href":"https:\/\/apuntesdesanluis.com\/index.php\/wp-json\/wp\/v2\/posts\/16591\/revisions\/16593"}],"wp:featuredmedia":[{"embeddable":true,"href":"https:\/\/apuntesdesanluis.com\/index.php\/wp-json\/wp\/v2\/media\/16592"}],"wp:attachment":[{"href":"https:\/\/apuntesdesanluis.com\/index.php\/wp-json\/wp\/v2\/media?parent=16591"}],"wp:term":[{"taxonomy":"category","embeddable":true,"href":"https:\/\/apuntesdesanluis.com\/index.php\/wp-json\/wp\/v2\/categories?post=16591"},{"taxonomy":"post_tag","embeddable":true,"href":"https:\/\/apuntesdesanluis.com\/index.php\/wp-json\/wp\/v2\/tags?post=16591"}],"curies":[{"name":"wp","href":"https:\/\/api.w.org\/{rel}","templated":true}]}}