{"id":16597,"date":"2024-05-21T20:03:14","date_gmt":"2024-05-21T23:03:14","guid":{"rendered":"https:\/\/apuntesdesanluis.com\/?p=16597"},"modified":"2024-05-22T23:09:24","modified_gmt":"2024-05-23T02:09:24","slug":"descenso-de-la-temperatura-y-probabilidad-de-nevadas-en-la-zona-serrana","status":"publish","type":"post","link":"https:\/\/apuntesdesanluis.com\/index.php\/2024\/05\/21\/descenso-de-la-temperatura-y-probabilidad-de-nevadas-en-la-zona-serrana\/","title":{"rendered":"DESCENSO DE LA TEMPERATURA Y PROBABILIDAD DE NEVADAS EN LA ZONA SERRANA"},"content":{"rendered":"<h3>El ingreso de un frente fr\u00edo provocar\u00e1 desde este mi\u00e9rcoles un marcado descenso t\u00e9rmico y la posibilidad de nieve y aguanieve en la zona de las Sierras Centrales y los Comechingones.<\/h3>\n<h3>Para este mi\u00e9rcoles y jueves se pronostican jornadas grises en San Luis. Primar\u00e1n las bajas temperaturas y la inestabilidad con lloviznas aisladas. Se espera adem\u00e1s la ocurrencia de un fen\u00f3meno que no dejar\u00e1 a nadie indiferente: nevadas. Aunque se pronostican para la zona serrana, la cercan\u00eda de estos lugares con los centros urbanos brindar\u00e1 a muchos la posibilidad de apreciar el fen\u00f3meno. En las Sierras Centrales se pronostica un acumulado de cinco cent\u00edmetros y en las Sierras de los Comechingones, de siete.<\/h3>\n<p><img fetchpriority=\"high\" decoding=\"async\" class=\"wp-image-16599 aligncenter\" src=\"https:\/\/apuntesdesanluis.com\/wp-content\/uploads\/2024\/05\/nieve-1-300x168.png\" alt=\"\" width=\"680\" height=\"381\" srcset=\"https:\/\/apuntesdesanluis.com\/wp-content\/uploads\/2024\/05\/nieve-1-300x168.png 300w, https:\/\/apuntesdesanluis.com\/wp-content\/uploads\/2024\/05\/nieve-1.png 691w\" sizes=\"(max-width: 680px) 100vw, 680px\" \/><\/p>\n<h3>En cuanto a las temperaturas m\u00ednimas, en promedio rondar\u00e1n los 2\u00baC y las m\u00e1ximas no superar\u00e1n los 13\u00baC. Con el correr de los d\u00edas y durante el fin de semana la temperatura descender\u00e1. Con campera, gorrito, guantes y c\u00e1mara en mano solo resta esperar que el pron\u00f3stico se cumpla y las sierras sanluise\u00f1as se vistan de blanco.<\/h3>\n<h3><span style=\"color: #3366ff;\"><strong>PRON\u00d3STICO DE LA REM<\/strong><\/span><\/h3>\n<h3><strong>Jueves<\/strong><\/h3>\n<h3>Jornada fr\u00eda con precipitaciones y el cielo mayormente nublado. Las m\u00ednimas ser\u00e1n de 2\u00b0C y las m\u00e1ximas de 11\u00b0C, en promedio. El viento ser\u00e1 leve a regular del cuadrante sur con r\u00e1fagas fuertes en la mitad norte provincial.<\/h3>\n<h3><strong>Viernes <\/strong><\/h3>\n<h3>Jornada con poco cambio de las temperaturas. El cielo estar\u00e1 mayormente despejado. En promedio, se esperan m\u00ednimas de 0\u00b0C y m\u00e1ximas de 11\u00b0C. El viento ser\u00e1 predominante del sector norte.<\/h3>\n<h3><strong>S\u00e1bado <\/strong><\/h3>\n<h3>Jornada con poco cambio de las temperaturas. El cielo estar\u00e1 mayormente nublado. En promedio, se esperan m\u00ednimas de 2\u00b0C y m\u00e1ximas de 10\u00b0C. El viento ser\u00e1 predominante del cuadrante norte.<\/h3>\n<p>&nbsp;<\/p>\n<p>&nbsp;<\/p>\n<p>&nbsp;<\/p>\n<h3><\/h3>\n<h3><\/h3>\n<p>&nbsp;<\/p>\n","protected":false},"excerpt":{"rendered":"<p>El ingreso de un frente fr\u00edo provocar\u00e1 desde este mi\u00e9rcoles un marcado descenso t\u00e9rmico y&#8230;<\/p>\n","protected":false},"author":1,"featured_media":16598,"comment_status":"closed","ping_status":"closed","sticky":false,"template":"","format":"standard","meta":{"footnotes":""},"categories":[6],"tags":[],"class_list":["post-16597","post","type-post","status-publish","format-standard","has-post-thumbnail","hentry","category-ciudad-provincia"],"yoast_head":"<!-- This site is optimized with the Yoast SEO plugin v26.1.1 - https:\/\/yoast.com\/wordpress\/plugins\/seo\/ -->\n<title>DESCENSO DE LA TEMPERATURA Y PROBABILIDAD DE NEVADAS EN LA ZONA SERRANA - Apuntes de San Luis<\/title>\n<meta name=\"robots\" content=\"index, follow, max-snippet:-1, max-image-preview:large, max-video-preview:-1\" \/>\n<link rel=\"canonical\" href=\"https:\/\/apuntesdesanluis.com\/index.php\/2024\/05\/21\/descenso-de-la-temperatura-y-probabilidad-de-nevadas-en-la-zona-serrana\/\" \/>\n<meta property=\"og:locale\" content=\"es_ES\" \/>\n<meta property=\"og:type\" content=\"article\" \/>\n<meta property=\"og:title\" content=\"DESCENSO DE LA TEMPERATURA Y PROBABILIDAD DE NEVADAS EN LA ZONA SERRANA - Apuntes de San Luis\" \/>\n<meta property=\"og:description\" content=\"El ingreso de un frente fr\u00edo provocar\u00e1 desde este mi\u00e9rcoles un marcado descenso t\u00e9rmico y...\" \/>\n<meta property=\"og:url\" content=\"https:\/\/apuntesdesanluis.com\/index.php\/2024\/05\/21\/descenso-de-la-temperatura-y-probabilidad-de-nevadas-en-la-zona-serrana\/\" \/>\n<meta property=\"og:site_name\" content=\"Apuntes de San Luis\" \/>\n<meta property=\"article:published_time\" content=\"2024-05-21T23:03:14+00:00\" \/>\n<meta property=\"article:modified_time\" content=\"2024-05-23T02:09:24+00:00\" \/>\n<meta property=\"og:image\" content=\"https:\/\/apuntesdesanluis.com\/wp-content\/uploads\/2024\/05\/nieve.png\" \/>\n\t<meta property=\"og:image:width\" content=\"769\" \/>\n\t<meta property=\"og:image:height\" content=\"427\" \/>\n\t<meta property=\"og:image:type\" content=\"image\/png\" \/>\n<meta name=\"author\" content=\"apuntesdesanluis.com\" \/>\n<meta name=\"twitter:card\" content=\"summary_large_image\" \/>\n<meta name=\"twitter:label1\" content=\"Escrito por\" \/>\n\t<meta name=\"twitter:data1\" content=\"apuntesdesanluis.com\" \/>\n\t<meta name=\"twitter:label2\" content=\"Tiempo de lectura\" \/>\n\t<meta name=\"twitter:data2\" content=\"2 minutos\" \/>\n<script type=\"application\/ld+json\" class=\"yoast-schema-graph\">{\"@context\":\"https:\/\/schema.org\",\"@graph\":[{\"@type\":\"Article\",\"@id\":\"https:\/\/apuntesdesanluis.com\/index.php\/2024\/05\/21\/descenso-de-la-temperatura-y-probabilidad-de-nevadas-en-la-zona-serrana\/#article\",\"isPartOf\":{\"@id\":\"https:\/\/apuntesdesanluis.com\/index.php\/2024\/05\/21\/descenso-de-la-temperatura-y-probabilidad-de-nevadas-en-la-zona-serrana\/\"},\"author\":{\"name\":\"apuntesdesanluis.com\",\"@id\":\"https:\/\/apuntesdesanluis.com\/#\/schema\/person\/b55151d52296fcce64d1a72538a70b90\"},\"headline\":\"DESCENSO DE LA TEMPERATURA Y PROBABILIDAD DE NEVADAS EN LA ZONA SERRANA\",\"datePublished\":\"2024-05-21T23:03:14+00:00\",\"dateModified\":\"2024-05-23T02:09:24+00:00\",\"mainEntityOfPage\":{\"@id\":\"https:\/\/apuntesdesanluis.com\/index.php\/2024\/05\/21\/descenso-de-la-temperatura-y-probabilidad-de-nevadas-en-la-zona-serrana\/\"},\"wordCount\":320,\"publisher\":{\"@id\":\"https:\/\/apuntesdesanluis.com\/#\/schema\/person\/b55151d52296fcce64d1a72538a70b90\"},\"image\":{\"@id\":\"https:\/\/apuntesdesanluis.com\/index.php\/2024\/05\/21\/descenso-de-la-temperatura-y-probabilidad-de-nevadas-en-la-zona-serrana\/#primaryimage\"},\"thumbnailUrl\":\"https:\/\/apuntesdesanluis.com\/wp-content\/uploads\/2024\/05\/nieve.png\",\"articleSection\":[\"Ciudad\/Provincia\"],\"inLanguage\":\"es-AR\"},{\"@type\":\"WebPage\",\"@id\":\"https:\/\/apuntesdesanluis.com\/index.php\/2024\/05\/21\/descenso-de-la-temperatura-y-probabilidad-de-nevadas-en-la-zona-serrana\/\",\"url\":\"https:\/\/apuntesdesanluis.com\/index.php\/2024\/05\/21\/descenso-de-la-temperatura-y-probabilidad-de-nevadas-en-la-zona-serrana\/\",\"name\":\"DESCENSO DE LA TEMPERATURA Y PROBABILIDAD DE NEVADAS EN LA ZONA SERRANA - Apuntes de San Luis\",\"isPartOf\":{\"@id\":\"https:\/\/apuntesdesanluis.com\/#website\"},\"primaryImageOfPage\":{\"@id\":\"https:\/\/apuntesdesanluis.com\/index.php\/2024\/05\/21\/descenso-de-la-temperatura-y-probabilidad-de-nevadas-en-la-zona-serrana\/#primaryimage\"},\"image\":{\"@id\":\"https:\/\/apuntesdesanluis.com\/index.php\/2024\/05\/21\/descenso-de-la-temperatura-y-probabilidad-de-nevadas-en-la-zona-serrana\/#primaryimage\"},\"thumbnailUrl\":\"https:\/\/apuntesdesanluis.com\/wp-content\/uploads\/2024\/05\/nieve.png\",\"datePublished\":\"2024-05-21T23:03:14+00:00\",\"dateModified\":\"2024-05-23T02:09:24+00:00\",\"breadcrumb\":{\"@id\":\"https:\/\/apuntesdesanluis.com\/index.php\/2024\/05\/21\/descenso-de-la-temperatura-y-probabilidad-de-nevadas-en-la-zona-serrana\/#breadcrumb\"},\"inLanguage\":\"es-AR\",\"potentialAction\":[{\"@type\":\"ReadAction\",\"target\":[\"https:\/\/apuntesdesanluis.com\/index.php\/2024\/05\/21\/descenso-de-la-temperatura-y-probabilidad-de-nevadas-en-la-zona-serrana\/\"]}]},{\"@type\":\"ImageObject\",\"inLanguage\":\"es-AR\",\"@id\":\"https:\/\/apuntesdesanluis.com\/index.php\/2024\/05\/21\/descenso-de-la-temperatura-y-probabilidad-de-nevadas-en-la-zona-serrana\/#primaryimage\",\"url\":\"https:\/\/apuntesdesanluis.com\/wp-content\/uploads\/2024\/05\/nieve.png\",\"contentUrl\":\"https:\/\/apuntesdesanluis.com\/wp-content\/uploads\/2024\/05\/nieve.png\",\"width\":769,\"height\":427},{\"@type\":\"BreadcrumbList\",\"@id\":\"https:\/\/apuntesdesanluis.com\/index.php\/2024\/05\/21\/descenso-de-la-temperatura-y-probabilidad-de-nevadas-en-la-zona-serrana\/#breadcrumb\",\"itemListElement\":[{\"@type\":\"ListItem\",\"position\":1,\"name\":\"Inicio\",\"item\":\"https:\/\/apuntesdesanluis.com\/\"},{\"@type\":\"ListItem\",\"position\":2,\"name\":\"DESCENSO DE LA TEMPERATURA Y PROBABILIDAD DE NEVADAS EN LA ZONA SERRANA\"}]},{\"@type\":\"WebSite\",\"@id\":\"https:\/\/apuntesdesanluis.com\/#website\",\"url\":\"https:\/\/apuntesdesanluis.com\/\",\"name\":\"Apuntes de San Luis\",\"description\":\"\",\"publisher\":{\"@id\":\"https:\/\/apuntesdesanluis.com\/#\/schema\/person\/b55151d52296fcce64d1a72538a70b90\"},\"potentialAction\":[{\"@type\":\"SearchAction\",\"target\":{\"@type\":\"EntryPoint\",\"urlTemplate\":\"https:\/\/apuntesdesanluis.com\/?s={search_term_string}\"},\"query-input\":{\"@type\":\"PropertyValueSpecification\",\"valueRequired\":true,\"valueName\":\"search_term_string\"}}],\"inLanguage\":\"es-AR\"},{\"@type\":[\"Person\",\"Organization\"],\"@id\":\"https:\/\/apuntesdesanluis.com\/#\/schema\/person\/b55151d52296fcce64d1a72538a70b90\",\"name\":\"apuntesdesanluis.com\",\"image\":{\"@type\":\"ImageObject\",\"inLanguage\":\"es-AR\",\"@id\":\"https:\/\/apuntesdesanluis.com\/#\/schema\/person\/image\/\",\"url\":\"https:\/\/apuntesdesanluis.com\/wp-content\/uploads\/2023\/07\/cropped-apuntesdesanluis.png\",\"contentUrl\":\"https:\/\/apuntesdesanluis.com\/wp-content\/uploads\/2023\/07\/cropped-apuntesdesanluis.png\",\"width\":450,\"height\":112,\"caption\":\"apuntesdesanluis.com\"},\"logo\":{\"@id\":\"https:\/\/apuntesdesanluis.com\/#\/schema\/person\/image\/\"},\"sameAs\":[\"https:\/\/apuntesdesanluis.com\"],\"url\":\"https:\/\/apuntesdesanluis.com\/index.php\/author\/apuntesdesanluis-com\/\"}]}<\/script>\n<!-- \/ Yoast SEO plugin. -->","yoast_head_json":{"title":"DESCENSO DE LA TEMPERATURA Y PROBABILIDAD DE NEVADAS EN LA ZONA SERRANA - Apuntes de San Luis","robots":{"index":"index","follow":"follow","max-snippet":"max-snippet:-1","max-image-preview":"max-image-preview:large","max-video-preview":"max-video-preview:-1"},"canonical":"https:\/\/apuntesdesanluis.com\/index.php\/2024\/05\/21\/descenso-de-la-temperatura-y-probabilidad-de-nevadas-en-la-zona-serrana\/","og_locale":"es_ES","og_type":"article","og_title":"DESCENSO DE LA TEMPERATURA Y PROBABILIDAD DE NEVADAS EN LA ZONA SERRANA - Apuntes de San Luis","og_description":"El ingreso de un frente fr\u00edo provocar\u00e1 desde este mi\u00e9rcoles un marcado descenso t\u00e9rmico y...","og_url":"https:\/\/apuntesdesanluis.com\/index.php\/2024\/05\/21\/descenso-de-la-temperatura-y-probabilidad-de-nevadas-en-la-zona-serrana\/","og_site_name":"Apuntes de San Luis","article_published_time":"2024-05-21T23:03:14+00:00","article_modified_time":"2024-05-23T02:09:24+00:00","og_image":[{"width":769,"height":427,"url":"https:\/\/apuntesdesanluis.com\/wp-content\/uploads\/2024\/05\/nieve.png","type":"image\/png"}],"author":"apuntesdesanluis.com","twitter_card":"summary_large_image","twitter_misc":{"Escrito por":"apuntesdesanluis.com","Tiempo de lectura":"2 minutos"},"schema":{"@context":"https:\/\/schema.org","@graph":[{"@type":"Article","@id":"https:\/\/apuntesdesanluis.com\/index.php\/2024\/05\/21\/descenso-de-la-temperatura-y-probabilidad-de-nevadas-en-la-zona-serrana\/#article","isPartOf":{"@id":"https:\/\/apuntesdesanluis.com\/index.php\/2024\/05\/21\/descenso-de-la-temperatura-y-probabilidad-de-nevadas-en-la-zona-serrana\/"},"author":{"name":"apuntesdesanluis.com","@id":"https:\/\/apuntesdesanluis.com\/#\/schema\/person\/b55151d52296fcce64d1a72538a70b90"},"headline":"DESCENSO DE LA TEMPERATURA Y PROBABILIDAD DE NEVADAS EN LA ZONA SERRANA","datePublished":"2024-05-21T23:03:14+00:00","dateModified":"2024-05-23T02:09:24+00:00","mainEntityOfPage":{"@id":"https:\/\/apuntesdesanluis.com\/index.php\/2024\/05\/21\/descenso-de-la-temperatura-y-probabilidad-de-nevadas-en-la-zona-serrana\/"},"wordCount":320,"publisher":{"@id":"https:\/\/apuntesdesanluis.com\/#\/schema\/person\/b55151d52296fcce64d1a72538a70b90"},"image":{"@id":"https:\/\/apuntesdesanluis.com\/index.php\/2024\/05\/21\/descenso-de-la-temperatura-y-probabilidad-de-nevadas-en-la-zona-serrana\/#primaryimage"},"thumbnailUrl":"https:\/\/apuntesdesanluis.com\/wp-content\/uploads\/2024\/05\/nieve.png","articleSection":["Ciudad\/Provincia"],"inLanguage":"es-AR"},{"@type":"WebPage","@id":"https:\/\/apuntesdesanluis.com\/index.php\/2024\/05\/21\/descenso-de-la-temperatura-y-probabilidad-de-nevadas-en-la-zona-serrana\/","url":"https:\/\/apuntesdesanluis.com\/index.php\/2024\/05\/21\/descenso-de-la-temperatura-y-probabilidad-de-nevadas-en-la-zona-serrana\/","name":"DESCENSO DE LA TEMPERATURA Y PROBABILIDAD DE NEVADAS EN LA ZONA SERRANA - Apuntes de San Luis","isPartOf":{"@id":"https:\/\/apuntesdesanluis.com\/#website"},"primaryImageOfPage":{"@id":"https:\/\/apuntesdesanluis.com\/index.php\/2024\/05\/21\/descenso-de-la-temperatura-y-probabilidad-de-nevadas-en-la-zona-serrana\/#primaryimage"},"image":{"@id":"https:\/\/apuntesdesanluis.com\/index.php\/2024\/05\/21\/descenso-de-la-temperatura-y-probabilidad-de-nevadas-en-la-zona-serrana\/#primaryimage"},"thumbnailUrl":"https:\/\/apuntesdesanluis.com\/wp-content\/uploads\/2024\/05\/nieve.png","datePublished":"2024-05-21T23:03:14+00:00","dateModified":"2024-05-23T02:09:24+00:00","breadcrumb":{"@id":"https:\/\/apuntesdesanluis.com\/index.php\/2024\/05\/21\/descenso-de-la-temperatura-y-probabilidad-de-nevadas-en-la-zona-serrana\/#breadcrumb"},"inLanguage":"es-AR","potentialAction":[{"@type":"ReadAction","target":["https:\/\/apuntesdesanluis.com\/index.php\/2024\/05\/21\/descenso-de-la-temperatura-y-probabilidad-de-nevadas-en-la-zona-serrana\/"]}]},{"@type":"ImageObject","inLanguage":"es-AR","@id":"https:\/\/apuntesdesanluis.com\/index.php\/2024\/05\/21\/descenso-de-la-temperatura-y-probabilidad-de-nevadas-en-la-zona-serrana\/#primaryimage","url":"https:\/\/apuntesdesanluis.com\/wp-content\/uploads\/2024\/05\/nieve.png","contentUrl":"https:\/\/apuntesdesanluis.com\/wp-content\/uploads\/2024\/05\/nieve.png","width":769,"height":427},{"@type":"BreadcrumbList","@id":"https:\/\/apuntesdesanluis.com\/index.php\/2024\/05\/21\/descenso-de-la-temperatura-y-probabilidad-de-nevadas-en-la-zona-serrana\/#breadcrumb","itemListElement":[{"@type":"ListItem","position":1,"name":"Inicio","item":"https:\/\/apuntesdesanluis.com\/"},{"@type":"ListItem","position":2,"name":"DESCENSO DE LA TEMPERATURA Y PROBABILIDAD DE NEVADAS EN LA ZONA SERRANA"}]},{"@type":"WebSite","@id":"https:\/\/apuntesdesanluis.com\/#website","url":"https:\/\/apuntesdesanluis.com\/","name":"Apuntes de San Luis","description":"","publisher":{"@id":"https:\/\/apuntesdesanluis.com\/#\/schema\/person\/b55151d52296fcce64d1a72538a70b90"},"potentialAction":[{"@type":"SearchAction","target":{"@type":"EntryPoint","urlTemplate":"https:\/\/apuntesdesanluis.com\/?s={search_term_string}"},"query-input":{"@type":"PropertyValueSpecification","valueRequired":true,"valueName":"search_term_string"}}],"inLanguage":"es-AR"},{"@type":["Person","Organization"],"@id":"https:\/\/apuntesdesanluis.com\/#\/schema\/person\/b55151d52296fcce64d1a72538a70b90","name":"apuntesdesanluis.com","image":{"@type":"ImageObject","inLanguage":"es-AR","@id":"https:\/\/apuntesdesanluis.com\/#\/schema\/person\/image\/","url":"https:\/\/apuntesdesanluis.com\/wp-content\/uploads\/2023\/07\/cropped-apuntesdesanluis.png","contentUrl":"https:\/\/apuntesdesanluis.com\/wp-content\/uploads\/2023\/07\/cropped-apuntesdesanluis.png","width":450,"height":112,"caption":"apuntesdesanluis.com"},"logo":{"@id":"https:\/\/apuntesdesanluis.com\/#\/schema\/person\/image\/"},"sameAs":["https:\/\/apuntesdesanluis.com"],"url":"https:\/\/apuntesdesanluis.com\/index.php\/author\/apuntesdesanluis-com\/"}]}},"featured_image_urls":{"full":["https:\/\/apuntesdesanluis.com\/wp-content\/uploads\/2024\/05\/nieve.png",769,427,false],"thumbnail":["https:\/\/apuntesdesanluis.com\/wp-content\/uploads\/2024\/05\/nieve-150x150.png",150,150,true],"medium":["https:\/\/apuntesdesanluis.com\/wp-content\/uploads\/2024\/05\/nieve-300x167.png",300,167,true],"medium_large":["https:\/\/apuntesdesanluis.com\/wp-content\/uploads\/2024\/05\/nieve.png",640,355,false],"large":["https:\/\/apuntesdesanluis.com\/wp-content\/uploads\/2024\/05\/nieve.png",640,355,false],"1536x1536":["https:\/\/apuntesdesanluis.com\/wp-content\/uploads\/2024\/05\/nieve.png",769,427,false],"2048x2048":["https:\/\/apuntesdesanluis.com\/wp-content\/uploads\/2024\/05\/nieve.png",769,427,false],"newsever-slider-full":["https:\/\/apuntesdesanluis.com\/wp-content\/uploads\/2024\/05\/nieve.png",769,427,false],"newsever-featured":["https:\/\/apuntesdesanluis.com\/wp-content\/uploads\/2024\/05\/nieve.png",769,427,false],"newsever-medium":["https:\/\/apuntesdesanluis.com\/wp-content\/uploads\/2024\/05\/nieve-720x427.png",720,427,true]},"author_info":{"display_name":"apuntesdesanluis.com","author_link":"https:\/\/apuntesdesanluis.com\/index.php\/author\/apuntesdesanluis-com\/"},"category_info":"<a href=\"https:\/\/apuntesdesanluis.com\/index.php\/category\/ciudad-provincia\/\" rel=\"category tag\">Ciudad\/Provincia<\/a>","tag_info":"Ciudad\/Provincia","comment_count":"0","_links":{"self":[{"href":"https:\/\/apuntesdesanluis.com\/index.php\/wp-json\/wp\/v2\/posts\/16597","targetHints":{"allow":["GET"]}}],"collection":[{"href":"https:\/\/apuntesdesanluis.com\/index.php\/wp-json\/wp\/v2\/posts"}],"about":[{"href":"https:\/\/apuntesdesanluis.com\/index.php\/wp-json\/wp\/v2\/types\/post"}],"author":[{"embeddable":true,"href":"https:\/\/apuntesdesanluis.com\/index.php\/wp-json\/wp\/v2\/users\/1"}],"replies":[{"embeddable":true,"href":"https:\/\/apuntesdesanluis.com\/index.php\/wp-json\/wp\/v2\/comments?post=16597"}],"version-history":[{"count":2,"href":"https:\/\/apuntesdesanluis.com\/index.php\/wp-json\/wp\/v2\/posts\/16597\/revisions"}],"predecessor-version":[{"id":16601,"href":"https:\/\/apuntesdesanluis.com\/index.php\/wp-json\/wp\/v2\/posts\/16597\/revisions\/16601"}],"wp:featuredmedia":[{"embeddable":true,"href":"https:\/\/apuntesdesanluis.com\/index.php\/wp-json\/wp\/v2\/media\/16598"}],"wp:attachment":[{"href":"https:\/\/apuntesdesanluis.com\/index.php\/wp-json\/wp\/v2\/media?parent=16597"}],"wp:term":[{"taxonomy":"category","embeddable":true,"href":"https:\/\/apuntesdesanluis.com\/index.php\/wp-json\/wp\/v2\/categories?post=16597"},{"taxonomy":"post_tag","embeddable":true,"href":"https:\/\/apuntesdesanluis.com\/index.php\/wp-json\/wp\/v2\/tags?post=16597"}],"curies":[{"name":"wp","href":"https:\/\/api.w.org\/{rel}","templated":true}]}}