{"id":16610,"date":"2024-05-23T00:09:43","date_gmt":"2024-05-23T03:09:43","guid":{"rendered":"https:\/\/apuntesdesanluis.com\/?p=16610"},"modified":"2024-05-23T00:09:43","modified_gmt":"2024-05-23T03:09:43","slug":"arranco-el-plan-de-embellecimiento-turistico-en-la-villa-de-merlo","status":"publish","type":"post","link":"https:\/\/apuntesdesanluis.com\/index.php\/2024\/05\/23\/arranco-el-plan-de-embellecimiento-turistico-en-la-villa-de-merlo\/","title":{"rendered":"ARRANC\u00d3 EL PLAN DE EMBELLECIMIENTO TUR\u00cdSTICO EN LA VILLA DE MERLO"},"content":{"rendered":"<h3>La iniciativa comandada por la Secretar\u00eda de Turismo en conjunto con la Secretar\u00eda de Servicios P\u00fablicos, tiene como objetivo poner en condiciones \u00f3ptimas las \u00e1reas tur\u00edsticas de nuestra localidad de cara a los pr\u00f3ximos fines de semana largos y vacaciones de invierno.<\/h3>\n<h3>La gesti\u00f3n del Intendente Juan Alvarez Pinto gener\u00f3 junto a la Secretar\u00eda de Turismo un Plan de Embellecimiento Tur\u00edstico, con el objetivo estrat\u00e9gico de poner en condiciones las \u00e1reas tur\u00edsticas para poder tener los puntos m\u00e1s visitados de la ciudad en \u00f3ptimas condiciones, de cara a los fines de semana largos de junio y las vacaciones de invierno.<\/h3>\n<h3><img fetchpriority=\"high\" decoding=\"async\" class=\"wp-image-16612 aligncenter\" src=\"https:\/\/apuntesdesanluis.com\/wp-content\/uploads\/2024\/05\/PINTURA-1-300x182.png\" alt=\"\" width=\"663\" height=\"402\" srcset=\"https:\/\/apuntesdesanluis.com\/wp-content\/uploads\/2024\/05\/PINTURA-1-300x182.png 300w, https:\/\/apuntesdesanluis.com\/wp-content\/uploads\/2024\/05\/PINTURA-1.png 600w\" sizes=\"(max-width: 663px) 100vw, 663px\" \/><\/h3>\n<h3>Para llevar a cabo la variedad de tareas, la Secretar\u00eda de Turismo puso a disposici\u00f3n la Guardia Tur\u00edstica, que est\u00e1 conformada por gente del equipo del Jefe del Parque Recreativo, Diego Arevalo, y que conduce Daniel Ortiz, mientras que la Secretar\u00eda de Servicios P\u00fablicos adjudic\u00f3 trabajos colaborativos para personal de Espacios Verdes, Mantenimiento y Alumbrado P\u00fablico.<\/h3>\n<h3>Este embellecimiento que se llevar\u00e1 a cabo durante la temporada baja, abarca corte de pastos sobre cordones y veredas, pintura de postes de electricidad, reparaci\u00f3n y cambio de carteles con la nomenclatura de las calles, retiro de carteles y postes ociosos, pintura de cordones y sendas peatonales con el objetivo de dejar a la Villa de Merlo en \u00f3ptimas condiciones para los fin de semana largos de junio y vacaciones de invierno.<\/h3>\n<h3><img decoding=\"async\" class=\"wp-image-16613 aligncenter\" src=\"https:\/\/apuntesdesanluis.com\/wp-content\/uploads\/2024\/05\/CORTE-PASTO-300x201.png\" alt=\"\" width=\"663\" height=\"444\" srcset=\"https:\/\/apuntesdesanluis.com\/wp-content\/uploads\/2024\/05\/CORTE-PASTO-300x201.png 300w, https:\/\/apuntesdesanluis.com\/wp-content\/uploads\/2024\/05\/CORTE-PASTO.png 600w\" sizes=\"(max-width: 663px) 100vw, 663px\" \/><\/h3>\n<h3>En la <strong>primera etapa, <\/strong>este plan abarca, <strong>desde la Rotonda de Villa de Merlo, calle Sobremonte &#8211; Av. del Sol, hasta la Calle Pringles, y las calles Mercau, Becerra y Pringles en la cuadr\u00edcula desde av del Sol hasta Pte. Per\u00f3n<\/strong>. Esto estar\u00e1 seguido de una segunda etapa donde se incluye toda la Av. del Sol hasta Pepe Mercau, una tercera etapa desde Av. Dos Venados y Av, de los C\u00e9sares hasta el arroyo del molino y por \u00faltimo una cuarta etapa que abarcar\u00eda toda la Av. Dos Venados hasta Piedra Blanca Arriba.<\/h3>\n<h3>Cabe destacar que este plan de mejoras tendr\u00e1 su sost\u00e9n en el tiempo si cada vecino y comerciante de la villa se compromete a mantener en condiciones el frente de su propiedad, recordando que el arreglar veredas es una responsabilidad de cada uno, al igual que el corte de pastos y mantenimiento de limpieza.<\/h3>\n<h3><img decoding=\"async\" class=\"wp-image-16614 aligncenter\" src=\"https:\/\/apuntesdesanluis.com\/wp-content\/uploads\/2024\/05\/PINTURA-2-300x208.png\" alt=\"\" width=\"663\" height=\"460\" srcset=\"https:\/\/apuntesdesanluis.com\/wp-content\/uploads\/2024\/05\/PINTURA-2-300x208.png 300w, https:\/\/apuntesdesanluis.com\/wp-content\/uploads\/2024\/05\/PINTURA-2.png 600w\" sizes=\"(max-width: 663px) 100vw, 663px\" \/><\/h3>\n<h3>Es por ello que el objetivo primordial de este Plan de Embellecimiento Tur\u00edstico es dejar en condiciones a la Villa de Merlo y que cada vecino se comprometa en trabajar por una ciudad m\u00e1s bella y sustentable.<\/h3>\n<h3><\/h3>\n<p>&nbsp;<\/p>\n<p>&nbsp;<\/p>\n<p>&nbsp;<\/p>\n<p>&nbsp;<\/p>\n<p>&nbsp;<\/p>\n","protected":false},"excerpt":{"rendered":"<p>La iniciativa comandada por la Secretar\u00eda de Turismo en conjunto con la Secretar\u00eda de Servicios&#8230;<\/p>\n","protected":false},"author":1,"featured_media":16611,"comment_status":"closed","ping_status":"closed","sticky":false,"template":"","format":"standard","meta":{"footnotes":""},"categories":[6],"tags":[],"class_list":["post-16610","post","type-post","status-publish","format-standard","has-post-thumbnail","hentry","category-ciudad-provincia"],"yoast_head":"<!-- This site is optimized with the Yoast SEO plugin v26.1.1 - https:\/\/yoast.com\/wordpress\/plugins\/seo\/ -->\n<title>ARRANC\u00d3 EL PLAN DE EMBELLECIMIENTO TUR\u00cdSTICO EN LA VILLA DE MERLO - Apuntes de San Luis<\/title>\n<meta name=\"robots\" content=\"index, follow, max-snippet:-1, max-image-preview:large, max-video-preview:-1\" \/>\n<link rel=\"canonical\" href=\"https:\/\/apuntesdesanluis.com\/index.php\/2024\/05\/23\/arranco-el-plan-de-embellecimiento-turistico-en-la-villa-de-merlo\/\" \/>\n<meta property=\"og:locale\" content=\"es_ES\" \/>\n<meta property=\"og:type\" content=\"article\" \/>\n<meta property=\"og:title\" content=\"ARRANC\u00d3 EL PLAN DE EMBELLECIMIENTO TUR\u00cdSTICO EN LA VILLA DE MERLO - Apuntes de San Luis\" \/>\n<meta property=\"og:description\" content=\"La iniciativa comandada por la Secretar\u00eda de Turismo en conjunto con la Secretar\u00eda de Servicios...\" \/>\n<meta property=\"og:url\" content=\"https:\/\/apuntesdesanluis.com\/index.php\/2024\/05\/23\/arranco-el-plan-de-embellecimiento-turistico-en-la-villa-de-merlo\/\" \/>\n<meta property=\"og:site_name\" content=\"Apuntes de San Luis\" \/>\n<meta property=\"article:published_time\" content=\"2024-05-23T03:09:43+00:00\" \/>\n<meta property=\"og:image\" content=\"https:\/\/apuntesdesanluis.com\/wp-content\/uploads\/2024\/05\/EMBELLECIMIENTO.png\" \/>\n\t<meta property=\"og:image:width\" content=\"658\" \/>\n\t<meta property=\"og:image:height\" content=\"419\" \/>\n\t<meta property=\"og:image:type\" content=\"image\/png\" \/>\n<meta name=\"author\" content=\"apuntesdesanluis.com\" \/>\n<meta name=\"twitter:card\" content=\"summary_large_image\" \/>\n<meta name=\"twitter:label1\" content=\"Escrito por\" \/>\n\t<meta name=\"twitter:data1\" content=\"apuntesdesanluis.com\" \/>\n\t<meta name=\"twitter:label2\" content=\"Tiempo de lectura\" \/>\n\t<meta name=\"twitter:data2\" content=\"3 minutos\" \/>\n<script type=\"application\/ld+json\" class=\"yoast-schema-graph\">{\"@context\":\"https:\/\/schema.org\",\"@graph\":[{\"@type\":\"Article\",\"@id\":\"https:\/\/apuntesdesanluis.com\/index.php\/2024\/05\/23\/arranco-el-plan-de-embellecimiento-turistico-en-la-villa-de-merlo\/#article\",\"isPartOf\":{\"@id\":\"https:\/\/apuntesdesanluis.com\/index.php\/2024\/05\/23\/arranco-el-plan-de-embellecimiento-turistico-en-la-villa-de-merlo\/\"},\"author\":{\"name\":\"apuntesdesanluis.com\",\"@id\":\"https:\/\/apuntesdesanluis.com\/#\/schema\/person\/b55151d52296fcce64d1a72538a70b90\"},\"headline\":\"ARRANC\u00d3 EL PLAN DE EMBELLECIMIENTO TUR\u00cdSTICO EN LA VILLA DE MERLO\",\"datePublished\":\"2024-05-23T03:09:43+00:00\",\"mainEntityOfPage\":{\"@id\":\"https:\/\/apuntesdesanluis.com\/index.php\/2024\/05\/23\/arranco-el-plan-de-embellecimiento-turistico-en-la-villa-de-merlo\/\"},\"wordCount\":454,\"publisher\":{\"@id\":\"https:\/\/apuntesdesanluis.com\/#\/schema\/person\/b55151d52296fcce64d1a72538a70b90\"},\"image\":{\"@id\":\"https:\/\/apuntesdesanluis.com\/index.php\/2024\/05\/23\/arranco-el-plan-de-embellecimiento-turistico-en-la-villa-de-merlo\/#primaryimage\"},\"thumbnailUrl\":\"https:\/\/apuntesdesanluis.com\/wp-content\/uploads\/2024\/05\/EMBELLECIMIENTO.png\",\"articleSection\":[\"Ciudad\/Provincia\"],\"inLanguage\":\"es-AR\"},{\"@type\":\"WebPage\",\"@id\":\"https:\/\/apuntesdesanluis.com\/index.php\/2024\/05\/23\/arranco-el-plan-de-embellecimiento-turistico-en-la-villa-de-merlo\/\",\"url\":\"https:\/\/apuntesdesanluis.com\/index.php\/2024\/05\/23\/arranco-el-plan-de-embellecimiento-turistico-en-la-villa-de-merlo\/\",\"name\":\"ARRANC\u00d3 EL PLAN DE EMBELLECIMIENTO TUR\u00cdSTICO EN LA VILLA DE MERLO - Apuntes de San Luis\",\"isPartOf\":{\"@id\":\"https:\/\/apuntesdesanluis.com\/#website\"},\"primaryImageOfPage\":{\"@id\":\"https:\/\/apuntesdesanluis.com\/index.php\/2024\/05\/23\/arranco-el-plan-de-embellecimiento-turistico-en-la-villa-de-merlo\/#primaryimage\"},\"image\":{\"@id\":\"https:\/\/apuntesdesanluis.com\/index.php\/2024\/05\/23\/arranco-el-plan-de-embellecimiento-turistico-en-la-villa-de-merlo\/#primaryimage\"},\"thumbnailUrl\":\"https:\/\/apuntesdesanluis.com\/wp-content\/uploads\/2024\/05\/EMBELLECIMIENTO.png\",\"datePublished\":\"2024-05-23T03:09:43+00:00\",\"breadcrumb\":{\"@id\":\"https:\/\/apuntesdesanluis.com\/index.php\/2024\/05\/23\/arranco-el-plan-de-embellecimiento-turistico-en-la-villa-de-merlo\/#breadcrumb\"},\"inLanguage\":\"es-AR\",\"potentialAction\":[{\"@type\":\"ReadAction\",\"target\":[\"https:\/\/apuntesdesanluis.com\/index.php\/2024\/05\/23\/arranco-el-plan-de-embellecimiento-turistico-en-la-villa-de-merlo\/\"]}]},{\"@type\":\"ImageObject\",\"inLanguage\":\"es-AR\",\"@id\":\"https:\/\/apuntesdesanluis.com\/index.php\/2024\/05\/23\/arranco-el-plan-de-embellecimiento-turistico-en-la-villa-de-merlo\/#primaryimage\",\"url\":\"https:\/\/apuntesdesanluis.com\/wp-content\/uploads\/2024\/05\/EMBELLECIMIENTO.png\",\"contentUrl\":\"https:\/\/apuntesdesanluis.com\/wp-content\/uploads\/2024\/05\/EMBELLECIMIENTO.png\",\"width\":658,\"height\":419},{\"@type\":\"BreadcrumbList\",\"@id\":\"https:\/\/apuntesdesanluis.com\/index.php\/2024\/05\/23\/arranco-el-plan-de-embellecimiento-turistico-en-la-villa-de-merlo\/#breadcrumb\",\"itemListElement\":[{\"@type\":\"ListItem\",\"position\":1,\"name\":\"Inicio\",\"item\":\"https:\/\/apuntesdesanluis.com\/\"},{\"@type\":\"ListItem\",\"position\":2,\"name\":\"ARRANC\u00d3 EL PLAN DE EMBELLECIMIENTO TUR\u00cdSTICO EN LA VILLA DE MERLO\"}]},{\"@type\":\"WebSite\",\"@id\":\"https:\/\/apuntesdesanluis.com\/#website\",\"url\":\"https:\/\/apuntesdesanluis.com\/\",\"name\":\"Apuntes de San Luis\",\"description\":\"\",\"publisher\":{\"@id\":\"https:\/\/apuntesdesanluis.com\/#\/schema\/person\/b55151d52296fcce64d1a72538a70b90\"},\"potentialAction\":[{\"@type\":\"SearchAction\",\"target\":{\"@type\":\"EntryPoint\",\"urlTemplate\":\"https:\/\/apuntesdesanluis.com\/?s={search_term_string}\"},\"query-input\":{\"@type\":\"PropertyValueSpecification\",\"valueRequired\":true,\"valueName\":\"search_term_string\"}}],\"inLanguage\":\"es-AR\"},{\"@type\":[\"Person\",\"Organization\"],\"@id\":\"https:\/\/apuntesdesanluis.com\/#\/schema\/person\/b55151d52296fcce64d1a72538a70b90\",\"name\":\"apuntesdesanluis.com\",\"image\":{\"@type\":\"ImageObject\",\"inLanguage\":\"es-AR\",\"@id\":\"https:\/\/apuntesdesanluis.com\/#\/schema\/person\/image\/\",\"url\":\"https:\/\/apuntesdesanluis.com\/wp-content\/uploads\/2023\/07\/cropped-apuntesdesanluis.png\",\"contentUrl\":\"https:\/\/apuntesdesanluis.com\/wp-content\/uploads\/2023\/07\/cropped-apuntesdesanluis.png\",\"width\":450,\"height\":112,\"caption\":\"apuntesdesanluis.com\"},\"logo\":{\"@id\":\"https:\/\/apuntesdesanluis.com\/#\/schema\/person\/image\/\"},\"sameAs\":[\"https:\/\/apuntesdesanluis.com\"],\"url\":\"https:\/\/apuntesdesanluis.com\/index.php\/author\/apuntesdesanluis-com\/\"}]}<\/script>\n<!-- \/ Yoast SEO plugin. -->","yoast_head_json":{"title":"ARRANC\u00d3 EL PLAN DE EMBELLECIMIENTO TUR\u00cdSTICO EN LA VILLA DE MERLO - Apuntes de San Luis","robots":{"index":"index","follow":"follow","max-snippet":"max-snippet:-1","max-image-preview":"max-image-preview:large","max-video-preview":"max-video-preview:-1"},"canonical":"https:\/\/apuntesdesanluis.com\/index.php\/2024\/05\/23\/arranco-el-plan-de-embellecimiento-turistico-en-la-villa-de-merlo\/","og_locale":"es_ES","og_type":"article","og_title":"ARRANC\u00d3 EL PLAN DE EMBELLECIMIENTO TUR\u00cdSTICO EN LA VILLA DE MERLO - Apuntes de San Luis","og_description":"La iniciativa comandada por la Secretar\u00eda de Turismo en conjunto con la Secretar\u00eda de Servicios...","og_url":"https:\/\/apuntesdesanluis.com\/index.php\/2024\/05\/23\/arranco-el-plan-de-embellecimiento-turistico-en-la-villa-de-merlo\/","og_site_name":"Apuntes de San Luis","article_published_time":"2024-05-23T03:09:43+00:00","og_image":[{"width":658,"height":419,"url":"https:\/\/apuntesdesanluis.com\/wp-content\/uploads\/2024\/05\/EMBELLECIMIENTO.png","type":"image\/png"}],"author":"apuntesdesanluis.com","twitter_card":"summary_large_image","twitter_misc":{"Escrito por":"apuntesdesanluis.com","Tiempo de lectura":"3 minutos"},"schema":{"@context":"https:\/\/schema.org","@graph":[{"@type":"Article","@id":"https:\/\/apuntesdesanluis.com\/index.php\/2024\/05\/23\/arranco-el-plan-de-embellecimiento-turistico-en-la-villa-de-merlo\/#article","isPartOf":{"@id":"https:\/\/apuntesdesanluis.com\/index.php\/2024\/05\/23\/arranco-el-plan-de-embellecimiento-turistico-en-la-villa-de-merlo\/"},"author":{"name":"apuntesdesanluis.com","@id":"https:\/\/apuntesdesanluis.com\/#\/schema\/person\/b55151d52296fcce64d1a72538a70b90"},"headline":"ARRANC\u00d3 EL PLAN DE EMBELLECIMIENTO TUR\u00cdSTICO EN LA VILLA DE MERLO","datePublished":"2024-05-23T03:09:43+00:00","mainEntityOfPage":{"@id":"https:\/\/apuntesdesanluis.com\/index.php\/2024\/05\/23\/arranco-el-plan-de-embellecimiento-turistico-en-la-villa-de-merlo\/"},"wordCount":454,"publisher":{"@id":"https:\/\/apuntesdesanluis.com\/#\/schema\/person\/b55151d52296fcce64d1a72538a70b90"},"image":{"@id":"https:\/\/apuntesdesanluis.com\/index.php\/2024\/05\/23\/arranco-el-plan-de-embellecimiento-turistico-en-la-villa-de-merlo\/#primaryimage"},"thumbnailUrl":"https:\/\/apuntesdesanluis.com\/wp-content\/uploads\/2024\/05\/EMBELLECIMIENTO.png","articleSection":["Ciudad\/Provincia"],"inLanguage":"es-AR"},{"@type":"WebPage","@id":"https:\/\/apuntesdesanluis.com\/index.php\/2024\/05\/23\/arranco-el-plan-de-embellecimiento-turistico-en-la-villa-de-merlo\/","url":"https:\/\/apuntesdesanluis.com\/index.php\/2024\/05\/23\/arranco-el-plan-de-embellecimiento-turistico-en-la-villa-de-merlo\/","name":"ARRANC\u00d3 EL PLAN DE EMBELLECIMIENTO TUR\u00cdSTICO EN LA VILLA DE MERLO - Apuntes de San Luis","isPartOf":{"@id":"https:\/\/apuntesdesanluis.com\/#website"},"primaryImageOfPage":{"@id":"https:\/\/apuntesdesanluis.com\/index.php\/2024\/05\/23\/arranco-el-plan-de-embellecimiento-turistico-en-la-villa-de-merlo\/#primaryimage"},"image":{"@id":"https:\/\/apuntesdesanluis.com\/index.php\/2024\/05\/23\/arranco-el-plan-de-embellecimiento-turistico-en-la-villa-de-merlo\/#primaryimage"},"thumbnailUrl":"https:\/\/apuntesdesanluis.com\/wp-content\/uploads\/2024\/05\/EMBELLECIMIENTO.png","datePublished":"2024-05-23T03:09:43+00:00","breadcrumb":{"@id":"https:\/\/apuntesdesanluis.com\/index.php\/2024\/05\/23\/arranco-el-plan-de-embellecimiento-turistico-en-la-villa-de-merlo\/#breadcrumb"},"inLanguage":"es-AR","potentialAction":[{"@type":"ReadAction","target":["https:\/\/apuntesdesanluis.com\/index.php\/2024\/05\/23\/arranco-el-plan-de-embellecimiento-turistico-en-la-villa-de-merlo\/"]}]},{"@type":"ImageObject","inLanguage":"es-AR","@id":"https:\/\/apuntesdesanluis.com\/index.php\/2024\/05\/23\/arranco-el-plan-de-embellecimiento-turistico-en-la-villa-de-merlo\/#primaryimage","url":"https:\/\/apuntesdesanluis.com\/wp-content\/uploads\/2024\/05\/EMBELLECIMIENTO.png","contentUrl":"https:\/\/apuntesdesanluis.com\/wp-content\/uploads\/2024\/05\/EMBELLECIMIENTO.png","width":658,"height":419},{"@type":"BreadcrumbList","@id":"https:\/\/apuntesdesanluis.com\/index.php\/2024\/05\/23\/arranco-el-plan-de-embellecimiento-turistico-en-la-villa-de-merlo\/#breadcrumb","itemListElement":[{"@type":"ListItem","position":1,"name":"Inicio","item":"https:\/\/apuntesdesanluis.com\/"},{"@type":"ListItem","position":2,"name":"ARRANC\u00d3 EL PLAN DE EMBELLECIMIENTO TUR\u00cdSTICO EN LA VILLA DE MERLO"}]},{"@type":"WebSite","@id":"https:\/\/apuntesdesanluis.com\/#website","url":"https:\/\/apuntesdesanluis.com\/","name":"Apuntes de San Luis","description":"","publisher":{"@id":"https:\/\/apuntesdesanluis.com\/#\/schema\/person\/b55151d52296fcce64d1a72538a70b90"},"potentialAction":[{"@type":"SearchAction","target":{"@type":"EntryPoint","urlTemplate":"https:\/\/apuntesdesanluis.com\/?s={search_term_string}"},"query-input":{"@type":"PropertyValueSpecification","valueRequired":true,"valueName":"search_term_string"}}],"inLanguage":"es-AR"},{"@type":["Person","Organization"],"@id":"https:\/\/apuntesdesanluis.com\/#\/schema\/person\/b55151d52296fcce64d1a72538a70b90","name":"apuntesdesanluis.com","image":{"@type":"ImageObject","inLanguage":"es-AR","@id":"https:\/\/apuntesdesanluis.com\/#\/schema\/person\/image\/","url":"https:\/\/apuntesdesanluis.com\/wp-content\/uploads\/2023\/07\/cropped-apuntesdesanluis.png","contentUrl":"https:\/\/apuntesdesanluis.com\/wp-content\/uploads\/2023\/07\/cropped-apuntesdesanluis.png","width":450,"height":112,"caption":"apuntesdesanluis.com"},"logo":{"@id":"https:\/\/apuntesdesanluis.com\/#\/schema\/person\/image\/"},"sameAs":["https:\/\/apuntesdesanluis.com"],"url":"https:\/\/apuntesdesanluis.com\/index.php\/author\/apuntesdesanluis-com\/"}]}},"featured_image_urls":{"full":["https:\/\/apuntesdesanluis.com\/wp-content\/uploads\/2024\/05\/EMBELLECIMIENTO.png",658,419,false],"thumbnail":["https:\/\/apuntesdesanluis.com\/wp-content\/uploads\/2024\/05\/EMBELLECIMIENTO-150x150.png",150,150,true],"medium":["https:\/\/apuntesdesanluis.com\/wp-content\/uploads\/2024\/05\/EMBELLECIMIENTO-300x191.png",300,191,true],"medium_large":["https:\/\/apuntesdesanluis.com\/wp-content\/uploads\/2024\/05\/EMBELLECIMIENTO.png",640,408,false],"large":["https:\/\/apuntesdesanluis.com\/wp-content\/uploads\/2024\/05\/EMBELLECIMIENTO.png",640,408,false],"1536x1536":["https:\/\/apuntesdesanluis.com\/wp-content\/uploads\/2024\/05\/EMBELLECIMIENTO.png",658,419,false],"2048x2048":["https:\/\/apuntesdesanluis.com\/wp-content\/uploads\/2024\/05\/EMBELLECIMIENTO.png",658,419,false],"newsever-slider-full":["https:\/\/apuntesdesanluis.com\/wp-content\/uploads\/2024\/05\/EMBELLECIMIENTO.png",658,419,false],"newsever-featured":["https:\/\/apuntesdesanluis.com\/wp-content\/uploads\/2024\/05\/EMBELLECIMIENTO.png",658,419,false],"newsever-medium":["https:\/\/apuntesdesanluis.com\/wp-content\/uploads\/2024\/05\/EMBELLECIMIENTO.png",658,419,false]},"author_info":{"display_name":"apuntesdesanluis.com","author_link":"https:\/\/apuntesdesanluis.com\/index.php\/author\/apuntesdesanluis-com\/"},"category_info":"<a href=\"https:\/\/apuntesdesanluis.com\/index.php\/category\/ciudad-provincia\/\" rel=\"category tag\">Ciudad\/Provincia<\/a>","tag_info":"Ciudad\/Provincia","comment_count":"0","_links":{"self":[{"href":"https:\/\/apuntesdesanluis.com\/index.php\/wp-json\/wp\/v2\/posts\/16610","targetHints":{"allow":["GET"]}}],"collection":[{"href":"https:\/\/apuntesdesanluis.com\/index.php\/wp-json\/wp\/v2\/posts"}],"about":[{"href":"https:\/\/apuntesdesanluis.com\/index.php\/wp-json\/wp\/v2\/types\/post"}],"author":[{"embeddable":true,"href":"https:\/\/apuntesdesanluis.com\/index.php\/wp-json\/wp\/v2\/users\/1"}],"replies":[{"embeddable":true,"href":"https:\/\/apuntesdesanluis.com\/index.php\/wp-json\/wp\/v2\/comments?post=16610"}],"version-history":[{"count":1,"href":"https:\/\/apuntesdesanluis.com\/index.php\/wp-json\/wp\/v2\/posts\/16610\/revisions"}],"predecessor-version":[{"id":16615,"href":"https:\/\/apuntesdesanluis.com\/index.php\/wp-json\/wp\/v2\/posts\/16610\/revisions\/16615"}],"wp:featuredmedia":[{"embeddable":true,"href":"https:\/\/apuntesdesanluis.com\/index.php\/wp-json\/wp\/v2\/media\/16611"}],"wp:attachment":[{"href":"https:\/\/apuntesdesanluis.com\/index.php\/wp-json\/wp\/v2\/media?parent=16610"}],"wp:term":[{"taxonomy":"category","embeddable":true,"href":"https:\/\/apuntesdesanluis.com\/index.php\/wp-json\/wp\/v2\/categories?post=16610"},{"taxonomy":"post_tag","embeddable":true,"href":"https:\/\/apuntesdesanluis.com\/index.php\/wp-json\/wp\/v2\/tags?post=16610"}],"curies":[{"name":"wp","href":"https:\/\/api.w.org\/{rel}","templated":true}]}}