{"id":16616,"date":"2024-05-22T18:40:16","date_gmt":"2024-05-22T21:40:16","guid":{"rendered":"https:\/\/apuntesdesanluis.com\/?p=16616"},"modified":"2024-05-23T09:33:55","modified_gmt":"2024-05-23T12:33:55","slug":"unsl-el-centro-universitario-la-toma-realizo-su-primer-acto-de-entrega-de-certificados","status":"publish","type":"post","link":"https:\/\/apuntesdesanluis.com\/index.php\/2024\/05\/22\/unsl-el-centro-universitario-la-toma-realizo-su-primer-acto-de-entrega-de-certificados\/","title":{"rendered":"UNSL: EL CENTRO UNIVERSITARIO LA TOMA REALIZ\u00d3 SU PRIMER ACTO DE ENTREGA DE CERTIFICADOS"},"content":{"rendered":"<h3>M\u00e1s de 70 personas recibieron el certificado por haber aprobado una o dos diplomaturas de extensi\u00f3n que se dictaron el a\u00f1o pasado en el <strong>Centro Universitario de La Toma de la Universidad Nacional de San Luis.<\/strong><\/h3>\n<h3>El acto se llev\u00f3 a cabo en la <strong>Escuela T\u00e9cnica 28 \u201cJuan Mart\u00edn de Puerred\u00f3n\u201d<\/strong> de la localidad sanluise\u00f1a, con la presencia de autoridades universitarias, municipales, educativas y familiares de quienes recibieron los diplomas.<\/h3>\n<h3>La mesa acad\u00e9mica estuvo encabezada por el Vicerrector de la UNSL, Mgtr. <strong>H\u00e9ctor Flores<\/strong>, acompa\u00f1ado por el Secretario de Extensi\u00f3n Universitaria, Abg. <strong>Manuel Castillo<\/strong>, la Concejala <strong>Mayka Garoglio<\/strong>, a cargo del ejecutivo municipal y la Directora de la escuela anfitriona, <strong>Dioly Dom\u00ednguez<\/strong>.<\/h3>\n<p><img fetchpriority=\"high\" decoding=\"async\" class=\"wp-image-16619 aligncenter\" src=\"https:\/\/apuntesdesanluis.com\/wp-content\/uploads\/2024\/05\/flores-300x187.png\" alt=\"\" width=\"675\" height=\"421\" srcset=\"https:\/\/apuntesdesanluis.com\/wp-content\/uploads\/2024\/05\/flores-300x187.png 300w, https:\/\/apuntesdesanluis.com\/wp-content\/uploads\/2024\/05\/flores.png 600w\" sizes=\"(max-width: 675px) 100vw, 675px\" \/><\/p>\n<h3>En sus palabras el Vicerrector Flores, a cargo del Centro Universitario La Toma, destac\u00f3 que \u201cestas acciones demuestran, que la universidad p\u00fablica sigue siendo un basti\u00f3n esencial en el desarrollo de la Argentina, un pilar en el desarrollo regional. Entendiendo que la universidad p\u00fablica le tiene que dar una respuesta a las demandas de la gente, es decir del territorio, y debe promover el federalismo y el fortalecimiento de las distintas localidades que colaboran el desarrollo\u201d.<\/h3>\n<h3>En la primera parte del acto se entregaron los certificados de la Diplomatura \u201cProyectos Educativos: Cajas de Herramientas para Promover Formaci\u00f3n, Cultura, Ciencia y Deporte en la Escuela P\u00fablica\u201d, trayecto acad\u00e9mico que busco brindar un set de recursos te\u00f3rico pr\u00e1cticos para hacer de la escuela un espacio de transformaci\u00f3n, de formaci\u00f3n y de experiencia comunitaria con el conocimiento y las actividades educativas. Se parte del concepto de Deleuze y Foucault sobre el saber c\u00f3mo una \u201ccaja de herramientas\u201d, precisamente porque permite comprender el espacio educativo como un lugar de interacci\u00f3n entre saberes y pr\u00e1cticas que trascienden la escuela pero que le nutren desde el sentido de pertenencia y de comunidad que inspiran el conocimiento, el deporte, la ciencia y la formaci\u00f3n en general.<\/h3>\n<p><img decoding=\"async\" class=\"wp-image-16620 aligncenter\" src=\"https:\/\/apuntesdesanluis.com\/wp-content\/uploads\/2024\/05\/flores-con-egresada-300x180.png\" alt=\"\" width=\"688\" height=\"413\" srcset=\"https:\/\/apuntesdesanluis.com\/wp-content\/uploads\/2024\/05\/flores-con-egresada-300x180.png 300w, https:\/\/apuntesdesanluis.com\/wp-content\/uploads\/2024\/05\/flores-con-egresada.png 600w\" sizes=\"(max-width: 688px) 100vw, 688px\" \/><\/p>\n<h3>Luego fue tiempo de los que recibieron su certificado por haber aprobado la Diplomatura en \u201cEmprendedurismo, Innovaci\u00f3n y Econom\u00eda Social\u201d, que tuvo como objetivos pensar nuevas iniciativas vinculadas con el emprendedurismo y la econ\u00f3mica social, evaluando c\u00f3mo abordar a futuro las pol\u00edticas de este sector a nivel local. Promover el debate sobre las diferentes alternativas que plantea la econom\u00eda solidaria en el contexto econ\u00f3mico y social actual, acercando las diferentes iniciativas y emprendimientos de econom\u00eda solidaria con \u00e9nfasis en las ferias populares. Incorporar herramientas espec\u00edficas de gesti\u00f3n y evaluaci\u00f3n que permitan identificar contextos y elaborar planes de acciones eficientes y eficaces. Sensibilizar a las personas, entidades y colectivos sociales sobre la importancia e incidencia de las econom\u00edas alternativas en el presente. Adquirir instrumentos que contribuyan a los procesos de innovaci\u00f3n, su implementaci\u00f3n, mejoren la competitividad y el impacto de sus resultados. Integrar los conocimientos y ejes transversales como los enfoques de g\u00e9nero, Derechos Humanos, juventud, asociativismo y desarrollo sostenible.<\/h3>\n<p>&nbsp;<\/p>\n<p>&nbsp;<\/p>\n<p>&nbsp;<\/p>\n<p>&nbsp;<\/p>\n<p>&nbsp;<\/p>\n","protected":false},"excerpt":{"rendered":"<p>M\u00e1s de 70 personas recibieron el certificado por haber aprobado una o dos diplomaturas de&#8230;<\/p>\n","protected":false},"author":1,"featured_media":16618,"comment_status":"closed","ping_status":"closed","sticky":false,"template":"","format":"standard","meta":{"footnotes":""},"categories":[6],"tags":[],"class_list":["post-16616","post","type-post","status-publish","format-standard","has-post-thumbnail","hentry","category-ciudad-provincia"],"yoast_head":"<!-- This site is optimized with the Yoast SEO plugin v26.1.1 - https:\/\/yoast.com\/wordpress\/plugins\/seo\/ -->\n<title>UNSL: EL CENTRO UNIVERSITARIO LA TOMA REALIZ\u00d3 SU PRIMER ACTO DE ENTREGA DE CERTIFICADOS - Apuntes de San Luis<\/title>\n<meta name=\"robots\" content=\"index, follow, max-snippet:-1, max-image-preview:large, max-video-preview:-1\" \/>\n<link rel=\"canonical\" href=\"https:\/\/apuntesdesanluis.com\/index.php\/2024\/05\/22\/unsl-el-centro-universitario-la-toma-realizo-su-primer-acto-de-entrega-de-certificados\/\" \/>\n<meta property=\"og:locale\" content=\"es_ES\" \/>\n<meta property=\"og:type\" content=\"article\" \/>\n<meta property=\"og:title\" content=\"UNSL: EL CENTRO UNIVERSITARIO LA TOMA REALIZ\u00d3 SU PRIMER ACTO DE ENTREGA DE CERTIFICADOS - Apuntes de San Luis\" \/>\n<meta property=\"og:description\" content=\"M\u00e1s de 70 personas recibieron el certificado por haber aprobado una o dos diplomaturas de...\" \/>\n<meta property=\"og:url\" content=\"https:\/\/apuntesdesanluis.com\/index.php\/2024\/05\/22\/unsl-el-centro-universitario-la-toma-realizo-su-primer-acto-de-entrega-de-certificados\/\" \/>\n<meta property=\"og:site_name\" content=\"Apuntes de San Luis\" \/>\n<meta property=\"article:published_time\" content=\"2024-05-22T21:40:16+00:00\" \/>\n<meta property=\"article:modified_time\" content=\"2024-05-23T12:33:55+00:00\" \/>\n<meta property=\"og:image\" content=\"https:\/\/apuntesdesanluis.com\/wp-content\/uploads\/2024\/05\/egresadas-la-toma.png\" \/>\n\t<meta property=\"og:image:width\" content=\"563\" \/>\n\t<meta property=\"og:image:height\" content=\"310\" \/>\n\t<meta property=\"og:image:type\" content=\"image\/png\" \/>\n<meta name=\"author\" content=\"apuntesdesanluis.com\" \/>\n<meta name=\"twitter:card\" content=\"summary_large_image\" \/>\n<meta name=\"twitter:label1\" content=\"Escrito por\" \/>\n\t<meta name=\"twitter:data1\" content=\"apuntesdesanluis.com\" \/>\n\t<meta name=\"twitter:label2\" content=\"Tiempo de lectura\" \/>\n\t<meta name=\"twitter:data2\" content=\"3 minutos\" \/>\n<script type=\"application\/ld+json\" class=\"yoast-schema-graph\">{\"@context\":\"https:\/\/schema.org\",\"@graph\":[{\"@type\":\"Article\",\"@id\":\"https:\/\/apuntesdesanluis.com\/index.php\/2024\/05\/22\/unsl-el-centro-universitario-la-toma-realizo-su-primer-acto-de-entrega-de-certificados\/#article\",\"isPartOf\":{\"@id\":\"https:\/\/apuntesdesanluis.com\/index.php\/2024\/05\/22\/unsl-el-centro-universitario-la-toma-realizo-su-primer-acto-de-entrega-de-certificados\/\"},\"author\":{\"name\":\"apuntesdesanluis.com\",\"@id\":\"https:\/\/apuntesdesanluis.com\/#\/schema\/person\/b55151d52296fcce64d1a72538a70b90\"},\"headline\":\"UNSL: EL CENTRO UNIVERSITARIO LA TOMA REALIZ\u00d3 SU PRIMER ACTO DE ENTREGA DE CERTIFICADOS\",\"datePublished\":\"2024-05-22T21:40:16+00:00\",\"dateModified\":\"2024-05-23T12:33:55+00:00\",\"mainEntityOfPage\":{\"@id\":\"https:\/\/apuntesdesanluis.com\/index.php\/2024\/05\/22\/unsl-el-centro-universitario-la-toma-realizo-su-primer-acto-de-entrega-de-certificados\/\"},\"wordCount\":528,\"publisher\":{\"@id\":\"https:\/\/apuntesdesanluis.com\/#\/schema\/person\/b55151d52296fcce64d1a72538a70b90\"},\"image\":{\"@id\":\"https:\/\/apuntesdesanluis.com\/index.php\/2024\/05\/22\/unsl-el-centro-universitario-la-toma-realizo-su-primer-acto-de-entrega-de-certificados\/#primaryimage\"},\"thumbnailUrl\":\"https:\/\/apuntesdesanluis.com\/wp-content\/uploads\/2024\/05\/egresadas-la-toma.png\",\"articleSection\":[\"Ciudad\/Provincia\"],\"inLanguage\":\"es-AR\"},{\"@type\":\"WebPage\",\"@id\":\"https:\/\/apuntesdesanluis.com\/index.php\/2024\/05\/22\/unsl-el-centro-universitario-la-toma-realizo-su-primer-acto-de-entrega-de-certificados\/\",\"url\":\"https:\/\/apuntesdesanluis.com\/index.php\/2024\/05\/22\/unsl-el-centro-universitario-la-toma-realizo-su-primer-acto-de-entrega-de-certificados\/\",\"name\":\"UNSL: EL CENTRO UNIVERSITARIO LA TOMA REALIZ\u00d3 SU PRIMER ACTO DE ENTREGA DE CERTIFICADOS - Apuntes de San Luis\",\"isPartOf\":{\"@id\":\"https:\/\/apuntesdesanluis.com\/#website\"},\"primaryImageOfPage\":{\"@id\":\"https:\/\/apuntesdesanluis.com\/index.php\/2024\/05\/22\/unsl-el-centro-universitario-la-toma-realizo-su-primer-acto-de-entrega-de-certificados\/#primaryimage\"},\"image\":{\"@id\":\"https:\/\/apuntesdesanluis.com\/index.php\/2024\/05\/22\/unsl-el-centro-universitario-la-toma-realizo-su-primer-acto-de-entrega-de-certificados\/#primaryimage\"},\"thumbnailUrl\":\"https:\/\/apuntesdesanluis.com\/wp-content\/uploads\/2024\/05\/egresadas-la-toma.png\",\"datePublished\":\"2024-05-22T21:40:16+00:00\",\"dateModified\":\"2024-05-23T12:33:55+00:00\",\"breadcrumb\":{\"@id\":\"https:\/\/apuntesdesanluis.com\/index.php\/2024\/05\/22\/unsl-el-centro-universitario-la-toma-realizo-su-primer-acto-de-entrega-de-certificados\/#breadcrumb\"},\"inLanguage\":\"es-AR\",\"potentialAction\":[{\"@type\":\"ReadAction\",\"target\":[\"https:\/\/apuntesdesanluis.com\/index.php\/2024\/05\/22\/unsl-el-centro-universitario-la-toma-realizo-su-primer-acto-de-entrega-de-certificados\/\"]}]},{\"@type\":\"ImageObject\",\"inLanguage\":\"es-AR\",\"@id\":\"https:\/\/apuntesdesanluis.com\/index.php\/2024\/05\/22\/unsl-el-centro-universitario-la-toma-realizo-su-primer-acto-de-entrega-de-certificados\/#primaryimage\",\"url\":\"https:\/\/apuntesdesanluis.com\/wp-content\/uploads\/2024\/05\/egresadas-la-toma.png\",\"contentUrl\":\"https:\/\/apuntesdesanluis.com\/wp-content\/uploads\/2024\/05\/egresadas-la-toma.png\",\"width\":563,\"height\":310},{\"@type\":\"BreadcrumbList\",\"@id\":\"https:\/\/apuntesdesanluis.com\/index.php\/2024\/05\/22\/unsl-el-centro-universitario-la-toma-realizo-su-primer-acto-de-entrega-de-certificados\/#breadcrumb\",\"itemListElement\":[{\"@type\":\"ListItem\",\"position\":1,\"name\":\"Inicio\",\"item\":\"https:\/\/apuntesdesanluis.com\/\"},{\"@type\":\"ListItem\",\"position\":2,\"name\":\"UNSL: EL CENTRO UNIVERSITARIO LA TOMA REALIZ\u00d3 SU PRIMER ACTO DE ENTREGA DE CERTIFICADOS\"}]},{\"@type\":\"WebSite\",\"@id\":\"https:\/\/apuntesdesanluis.com\/#website\",\"url\":\"https:\/\/apuntesdesanluis.com\/\",\"name\":\"Apuntes de San Luis\",\"description\":\"\",\"publisher\":{\"@id\":\"https:\/\/apuntesdesanluis.com\/#\/schema\/person\/b55151d52296fcce64d1a72538a70b90\"},\"potentialAction\":[{\"@type\":\"SearchAction\",\"target\":{\"@type\":\"EntryPoint\",\"urlTemplate\":\"https:\/\/apuntesdesanluis.com\/?s={search_term_string}\"},\"query-input\":{\"@type\":\"PropertyValueSpecification\",\"valueRequired\":true,\"valueName\":\"search_term_string\"}}],\"inLanguage\":\"es-AR\"},{\"@type\":[\"Person\",\"Organization\"],\"@id\":\"https:\/\/apuntesdesanluis.com\/#\/schema\/person\/b55151d52296fcce64d1a72538a70b90\",\"name\":\"apuntesdesanluis.com\",\"image\":{\"@type\":\"ImageObject\",\"inLanguage\":\"es-AR\",\"@id\":\"https:\/\/apuntesdesanluis.com\/#\/schema\/person\/image\/\",\"url\":\"https:\/\/apuntesdesanluis.com\/wp-content\/uploads\/2023\/07\/cropped-apuntesdesanluis.png\",\"contentUrl\":\"https:\/\/apuntesdesanluis.com\/wp-content\/uploads\/2023\/07\/cropped-apuntesdesanluis.png\",\"width\":450,\"height\":112,\"caption\":\"apuntesdesanluis.com\"},\"logo\":{\"@id\":\"https:\/\/apuntesdesanluis.com\/#\/schema\/person\/image\/\"},\"sameAs\":[\"https:\/\/apuntesdesanluis.com\"],\"url\":\"https:\/\/apuntesdesanluis.com\/index.php\/author\/apuntesdesanluis-com\/\"}]}<\/script>\n<!-- \/ Yoast SEO plugin. -->","yoast_head_json":{"title":"UNSL: EL CENTRO UNIVERSITARIO LA TOMA REALIZ\u00d3 SU PRIMER ACTO DE ENTREGA DE CERTIFICADOS - Apuntes de San Luis","robots":{"index":"index","follow":"follow","max-snippet":"max-snippet:-1","max-image-preview":"max-image-preview:large","max-video-preview":"max-video-preview:-1"},"canonical":"https:\/\/apuntesdesanluis.com\/index.php\/2024\/05\/22\/unsl-el-centro-universitario-la-toma-realizo-su-primer-acto-de-entrega-de-certificados\/","og_locale":"es_ES","og_type":"article","og_title":"UNSL: EL CENTRO UNIVERSITARIO LA TOMA REALIZ\u00d3 SU PRIMER ACTO DE ENTREGA DE CERTIFICADOS - Apuntes de San Luis","og_description":"M\u00e1s de 70 personas recibieron el certificado por haber aprobado una o dos diplomaturas de...","og_url":"https:\/\/apuntesdesanluis.com\/index.php\/2024\/05\/22\/unsl-el-centro-universitario-la-toma-realizo-su-primer-acto-de-entrega-de-certificados\/","og_site_name":"Apuntes de San Luis","article_published_time":"2024-05-22T21:40:16+00:00","article_modified_time":"2024-05-23T12:33:55+00:00","og_image":[{"width":563,"height":310,"url":"https:\/\/apuntesdesanluis.com\/wp-content\/uploads\/2024\/05\/egresadas-la-toma.png","type":"image\/png"}],"author":"apuntesdesanluis.com","twitter_card":"summary_large_image","twitter_misc":{"Escrito por":"apuntesdesanluis.com","Tiempo de lectura":"3 minutos"},"schema":{"@context":"https:\/\/schema.org","@graph":[{"@type":"Article","@id":"https:\/\/apuntesdesanluis.com\/index.php\/2024\/05\/22\/unsl-el-centro-universitario-la-toma-realizo-su-primer-acto-de-entrega-de-certificados\/#article","isPartOf":{"@id":"https:\/\/apuntesdesanluis.com\/index.php\/2024\/05\/22\/unsl-el-centro-universitario-la-toma-realizo-su-primer-acto-de-entrega-de-certificados\/"},"author":{"name":"apuntesdesanluis.com","@id":"https:\/\/apuntesdesanluis.com\/#\/schema\/person\/b55151d52296fcce64d1a72538a70b90"},"headline":"UNSL: EL CENTRO UNIVERSITARIO LA TOMA REALIZ\u00d3 SU PRIMER ACTO DE ENTREGA DE CERTIFICADOS","datePublished":"2024-05-22T21:40:16+00:00","dateModified":"2024-05-23T12:33:55+00:00","mainEntityOfPage":{"@id":"https:\/\/apuntesdesanluis.com\/index.php\/2024\/05\/22\/unsl-el-centro-universitario-la-toma-realizo-su-primer-acto-de-entrega-de-certificados\/"},"wordCount":528,"publisher":{"@id":"https:\/\/apuntesdesanluis.com\/#\/schema\/person\/b55151d52296fcce64d1a72538a70b90"},"image":{"@id":"https:\/\/apuntesdesanluis.com\/index.php\/2024\/05\/22\/unsl-el-centro-universitario-la-toma-realizo-su-primer-acto-de-entrega-de-certificados\/#primaryimage"},"thumbnailUrl":"https:\/\/apuntesdesanluis.com\/wp-content\/uploads\/2024\/05\/egresadas-la-toma.png","articleSection":["Ciudad\/Provincia"],"inLanguage":"es-AR"},{"@type":"WebPage","@id":"https:\/\/apuntesdesanluis.com\/index.php\/2024\/05\/22\/unsl-el-centro-universitario-la-toma-realizo-su-primer-acto-de-entrega-de-certificados\/","url":"https:\/\/apuntesdesanluis.com\/index.php\/2024\/05\/22\/unsl-el-centro-universitario-la-toma-realizo-su-primer-acto-de-entrega-de-certificados\/","name":"UNSL: EL CENTRO UNIVERSITARIO LA TOMA REALIZ\u00d3 SU PRIMER ACTO DE ENTREGA DE CERTIFICADOS - Apuntes de San Luis","isPartOf":{"@id":"https:\/\/apuntesdesanluis.com\/#website"},"primaryImageOfPage":{"@id":"https:\/\/apuntesdesanluis.com\/index.php\/2024\/05\/22\/unsl-el-centro-universitario-la-toma-realizo-su-primer-acto-de-entrega-de-certificados\/#primaryimage"},"image":{"@id":"https:\/\/apuntesdesanluis.com\/index.php\/2024\/05\/22\/unsl-el-centro-universitario-la-toma-realizo-su-primer-acto-de-entrega-de-certificados\/#primaryimage"},"thumbnailUrl":"https:\/\/apuntesdesanluis.com\/wp-content\/uploads\/2024\/05\/egresadas-la-toma.png","datePublished":"2024-05-22T21:40:16+00:00","dateModified":"2024-05-23T12:33:55+00:00","breadcrumb":{"@id":"https:\/\/apuntesdesanluis.com\/index.php\/2024\/05\/22\/unsl-el-centro-universitario-la-toma-realizo-su-primer-acto-de-entrega-de-certificados\/#breadcrumb"},"inLanguage":"es-AR","potentialAction":[{"@type":"ReadAction","target":["https:\/\/apuntesdesanluis.com\/index.php\/2024\/05\/22\/unsl-el-centro-universitario-la-toma-realizo-su-primer-acto-de-entrega-de-certificados\/"]}]},{"@type":"ImageObject","inLanguage":"es-AR","@id":"https:\/\/apuntesdesanluis.com\/index.php\/2024\/05\/22\/unsl-el-centro-universitario-la-toma-realizo-su-primer-acto-de-entrega-de-certificados\/#primaryimage","url":"https:\/\/apuntesdesanluis.com\/wp-content\/uploads\/2024\/05\/egresadas-la-toma.png","contentUrl":"https:\/\/apuntesdesanluis.com\/wp-content\/uploads\/2024\/05\/egresadas-la-toma.png","width":563,"height":310},{"@type":"BreadcrumbList","@id":"https:\/\/apuntesdesanluis.com\/index.php\/2024\/05\/22\/unsl-el-centro-universitario-la-toma-realizo-su-primer-acto-de-entrega-de-certificados\/#breadcrumb","itemListElement":[{"@type":"ListItem","position":1,"name":"Inicio","item":"https:\/\/apuntesdesanluis.com\/"},{"@type":"ListItem","position":2,"name":"UNSL: EL CENTRO UNIVERSITARIO LA TOMA REALIZ\u00d3 SU PRIMER ACTO DE ENTREGA DE CERTIFICADOS"}]},{"@type":"WebSite","@id":"https:\/\/apuntesdesanluis.com\/#website","url":"https:\/\/apuntesdesanluis.com\/","name":"Apuntes de San Luis","description":"","publisher":{"@id":"https:\/\/apuntesdesanluis.com\/#\/schema\/person\/b55151d52296fcce64d1a72538a70b90"},"potentialAction":[{"@type":"SearchAction","target":{"@type":"EntryPoint","urlTemplate":"https:\/\/apuntesdesanluis.com\/?s={search_term_string}"},"query-input":{"@type":"PropertyValueSpecification","valueRequired":true,"valueName":"search_term_string"}}],"inLanguage":"es-AR"},{"@type":["Person","Organization"],"@id":"https:\/\/apuntesdesanluis.com\/#\/schema\/person\/b55151d52296fcce64d1a72538a70b90","name":"apuntesdesanluis.com","image":{"@type":"ImageObject","inLanguage":"es-AR","@id":"https:\/\/apuntesdesanluis.com\/#\/schema\/person\/image\/","url":"https:\/\/apuntesdesanluis.com\/wp-content\/uploads\/2023\/07\/cropped-apuntesdesanluis.png","contentUrl":"https:\/\/apuntesdesanluis.com\/wp-content\/uploads\/2023\/07\/cropped-apuntesdesanluis.png","width":450,"height":112,"caption":"apuntesdesanluis.com"},"logo":{"@id":"https:\/\/apuntesdesanluis.com\/#\/schema\/person\/image\/"},"sameAs":["https:\/\/apuntesdesanluis.com"],"url":"https:\/\/apuntesdesanluis.com\/index.php\/author\/apuntesdesanluis-com\/"}]}},"featured_image_urls":{"full":["https:\/\/apuntesdesanluis.com\/wp-content\/uploads\/2024\/05\/egresadas-la-toma.png",563,310,false],"thumbnail":["https:\/\/apuntesdesanluis.com\/wp-content\/uploads\/2024\/05\/egresadas-la-toma-150x150.png",150,150,true],"medium":["https:\/\/apuntesdesanluis.com\/wp-content\/uploads\/2024\/05\/egresadas-la-toma-300x165.png",300,165,true],"medium_large":["https:\/\/apuntesdesanluis.com\/wp-content\/uploads\/2024\/05\/egresadas-la-toma.png",563,310,false],"large":["https:\/\/apuntesdesanluis.com\/wp-content\/uploads\/2024\/05\/egresadas-la-toma.png",563,310,false],"1536x1536":["https:\/\/apuntesdesanluis.com\/wp-content\/uploads\/2024\/05\/egresadas-la-toma.png",563,310,false],"2048x2048":["https:\/\/apuntesdesanluis.com\/wp-content\/uploads\/2024\/05\/egresadas-la-toma.png",563,310,false],"newsever-slider-full":["https:\/\/apuntesdesanluis.com\/wp-content\/uploads\/2024\/05\/egresadas-la-toma.png",563,310,false],"newsever-featured":["https:\/\/apuntesdesanluis.com\/wp-content\/uploads\/2024\/05\/egresadas-la-toma.png",563,310,false],"newsever-medium":["https:\/\/apuntesdesanluis.com\/wp-content\/uploads\/2024\/05\/egresadas-la-toma.png",563,310,false]},"author_info":{"display_name":"apuntesdesanluis.com","author_link":"https:\/\/apuntesdesanluis.com\/index.php\/author\/apuntesdesanluis-com\/"},"category_info":"<a href=\"https:\/\/apuntesdesanluis.com\/index.php\/category\/ciudad-provincia\/\" rel=\"category tag\">Ciudad\/Provincia<\/a>","tag_info":"Ciudad\/Provincia","comment_count":"0","_links":{"self":[{"href":"https:\/\/apuntesdesanluis.com\/index.php\/wp-json\/wp\/v2\/posts\/16616","targetHints":{"allow":["GET"]}}],"collection":[{"href":"https:\/\/apuntesdesanluis.com\/index.php\/wp-json\/wp\/v2\/posts"}],"about":[{"href":"https:\/\/apuntesdesanluis.com\/index.php\/wp-json\/wp\/v2\/types\/post"}],"author":[{"embeddable":true,"href":"https:\/\/apuntesdesanluis.com\/index.php\/wp-json\/wp\/v2\/users\/1"}],"replies":[{"embeddable":true,"href":"https:\/\/apuntesdesanluis.com\/index.php\/wp-json\/wp\/v2\/comments?post=16616"}],"version-history":[{"count":2,"href":"https:\/\/apuntesdesanluis.com\/index.php\/wp-json\/wp\/v2\/posts\/16616\/revisions"}],"predecessor-version":[{"id":16621,"href":"https:\/\/apuntesdesanluis.com\/index.php\/wp-json\/wp\/v2\/posts\/16616\/revisions\/16621"}],"wp:featuredmedia":[{"embeddable":true,"href":"https:\/\/apuntesdesanluis.com\/index.php\/wp-json\/wp\/v2\/media\/16618"}],"wp:attachment":[{"href":"https:\/\/apuntesdesanluis.com\/index.php\/wp-json\/wp\/v2\/media?parent=16616"}],"wp:term":[{"taxonomy":"category","embeddable":true,"href":"https:\/\/apuntesdesanluis.com\/index.php\/wp-json\/wp\/v2\/categories?post=16616"},{"taxonomy":"post_tag","embeddable":true,"href":"https:\/\/apuntesdesanluis.com\/index.php\/wp-json\/wp\/v2\/tags?post=16616"}],"curies":[{"name":"wp","href":"https:\/\/api.w.org\/{rel}","templated":true}]}}