{"id":16622,"date":"2024-05-23T08:53:29","date_gmt":"2024-05-23T11:53:29","guid":{"rendered":"https:\/\/apuntesdesanluis.com\/?p=16622"},"modified":"2024-05-23T08:54:32","modified_gmt":"2024-05-23T11:54:32","slug":"16622","status":"publish","type":"post","link":"https:\/\/apuntesdesanluis.com\/index.php\/2024\/05\/23\/16622\/","title":{"rendered":"DIA DEL SOLDADO AERON\u00c1UTICO"},"content":{"rendered":"<h3>El 23 de mayo de 1912, recib\u00eda su brevet de piloto civil el soldado conscripto <strong>Pablo Teodoro FELS<\/strong>, por entonces el piloto m\u00e1s joven del mundo y es precisamente en recordaci\u00f3n de esa fecha que cada 23 de mayo se festeja el d\u00eda del SOLDADO AERON\u00c1UTICO.<\/h3>\n<h3>FELS une en un vuelo la ciudad de Buenos Aires con Montevideo, por sobre el rio m\u00e1s ancho del mundo y en el mes de diciembre de 1912 despega de la recientemente creada Escuela de Aviaci\u00f3n Militar, sita en el Palomar provincia de Buenos Aires, a bordo de su avi\u00f3n Bleriot de 50 HP, y tras volar DOS (2) horas y VEINTIDOS (22) minutos, aterriza en \u201cCarrasco del Soldado\u201d, lugar pr\u00f3ximo a la capital uruguaya.<\/h3>\n<h3>Tras su raid, Pablo Teodoro FELS, recibi\u00f3 las insignias de Cabo Conscripto y su vida quedar\u00eda ligada para siempre a la actividad a\u00e9rea nacional.<\/h3>\n<h3><img fetchpriority=\"high\" decoding=\"async\" class=\"wp-image-16624 aligncenter\" src=\"https:\/\/apuntesdesanluis.com\/wp-content\/uploads\/2024\/05\/dia-300x203.png\" alt=\"\" width=\"679\" height=\"460\" srcset=\"https:\/\/apuntesdesanluis.com\/wp-content\/uploads\/2024\/05\/dia-300x203.png 300w, https:\/\/apuntesdesanluis.com\/wp-content\/uploads\/2024\/05\/dia-768x520.png 768w, https:\/\/apuntesdesanluis.com\/wp-content\/uploads\/2024\/05\/dia.png 1007w\" sizes=\"(max-width: 679px) 100vw, 679px\" \/><\/h3>\n<h3>FELS hab\u00eda consumado una haza\u00f1a, que cubr\u00eda de gloria las alas de la patria, as\u00ed como los Soldados Clase 1963, que resaltaron los valores de la perseverancia, empe\u00f1o en la lucha, el sacrificio de los que nos precedieron y la actitud que debe mantener el Soldado, como lo demostraron: Guillermo GARCIA, H\u00e9ctor BORDON, Mario LUNA, Luis SEVILLA y H\u00e9ctor AGUIRRE,\u00a0 quienes quedaron en MALVINAS y no dejaron margen de flaqueza o desaliento, al brindarse por la patria dando las muestras m\u00e1s acabadas de dignidad y coraje que no puede ser acalladas y que por el contrario, es una condici\u00f3n por la cual debe vivir, que se manifiesta siempre en las acciones de los hombres de honor.<\/h3>\n<h3>En la actualidad se encuentra el \u201cServicio Militar Voluntario\u201d donde varones y mujeres por decisi\u00f3n propia ingresan a la Fuerza A\u00e9rea Argentina, brindando su esfuerzo y dedicaci\u00f3n personal, recibiendo la capacitaci\u00f3n, educaci\u00f3n e instrucci\u00f3n para desempe\u00f1arse dentro del Sistema de Defensa Nacional. Los soldados desarrollan adem\u00e1s actividades administrativas y aquellas necesarias para el mantenimiento cotidiano de las Unidades.<\/h3>\n<h3>Muchos acontecimientos, a trav\u00e9s del tiempo tienen significaci\u00f3n especial y la experiencia indica que ser \u201cSOLDADO AERON\u00c1UTICO\u201d es una de las m\u00e1s recordadas en la vida de los hombres y mujeres que pasaron por las Unidades de la \u201cFuerza A\u00e9rea Argentina\u201d.<\/h3>\n<h3>La V BRIGADA A\u00c9REA con motivo de esta conmemoraci\u00f3n desea en este d\u00eda saludar especialmente a todos los ex soldados que realizaron el Servicio Militar Obligatorio en esta Cuna de Halcones y agradecerles la disposici\u00f3n de siempre y su sentido de pertenencia.<\/h3>\n<h3><span style=\"color: #3366ff;\">Prensa V Brigada A\u00e9rea (Colaboraci\u00f3n: Jorge Sachi)<\/span><\/h3>\n<p>&nbsp;<\/p>\n<p>&nbsp;<\/p>\n<p>&nbsp;<\/p>\n","protected":false},"excerpt":{"rendered":"<p>El 23 de mayo de 1912, recib\u00eda su brevet de piloto civil el soldado conscripto&#8230;<\/p>\n","protected":false},"author":1,"featured_media":16623,"comment_status":"closed","ping_status":"closed","sticky":false,"template":"","format":"standard","meta":{"footnotes":""},"categories":[9],"tags":[],"class_list":["post-16622","post","type-post","status-publish","format-standard","has-post-thumbnail","hentry","category-opinion"],"yoast_head":"<!-- This site is optimized with the Yoast SEO plugin v26.1.1 - https:\/\/yoast.com\/wordpress\/plugins\/seo\/ -->\n<title>DIA DEL SOLDADO AERON\u00c1UTICO - Apuntes de San Luis<\/title>\n<meta name=\"robots\" content=\"index, follow, max-snippet:-1, max-image-preview:large, max-video-preview:-1\" \/>\n<link rel=\"canonical\" href=\"https:\/\/apuntesdesanluis.com\/index.php\/2024\/05\/23\/16622\/\" \/>\n<meta property=\"og:locale\" content=\"es_ES\" \/>\n<meta property=\"og:type\" content=\"article\" \/>\n<meta property=\"og:title\" content=\"DIA DEL SOLDADO AERON\u00c1UTICO - Apuntes de San Luis\" \/>\n<meta property=\"og:description\" content=\"El 23 de mayo de 1912, recib\u00eda su brevet de piloto civil el soldado conscripto...\" \/>\n<meta property=\"og:url\" content=\"https:\/\/apuntesdesanluis.com\/index.php\/2024\/05\/23\/16622\/\" \/>\n<meta property=\"og:site_name\" content=\"Apuntes de San Luis\" \/>\n<meta property=\"article:published_time\" content=\"2024-05-23T11:53:29+00:00\" \/>\n<meta property=\"article:modified_time\" content=\"2024-05-23T11:54:32+00:00\" \/>\n<meta property=\"og:image\" content=\"https:\/\/apuntesdesanluis.com\/wp-content\/uploads\/2024\/05\/dia-del-soldado.png\" \/>\n\t<meta property=\"og:image:width\" content=\"499\" \/>\n\t<meta property=\"og:image:height\" content=\"254\" \/>\n\t<meta property=\"og:image:type\" content=\"image\/png\" \/>\n<meta name=\"author\" content=\"apuntesdesanluis.com\" \/>\n<meta name=\"twitter:card\" content=\"summary_large_image\" \/>\n<meta name=\"twitter:label1\" content=\"Escrito por\" \/>\n\t<meta name=\"twitter:data1\" content=\"apuntesdesanluis.com\" \/>\n\t<meta name=\"twitter:label2\" content=\"Tiempo de lectura\" \/>\n\t<meta name=\"twitter:data2\" content=\"3 minutos\" \/>\n<script type=\"application\/ld+json\" class=\"yoast-schema-graph\">{\"@context\":\"https:\/\/schema.org\",\"@graph\":[{\"@type\":\"Article\",\"@id\":\"https:\/\/apuntesdesanluis.com\/index.php\/2024\/05\/23\/16622\/#article\",\"isPartOf\":{\"@id\":\"https:\/\/apuntesdesanluis.com\/index.php\/2024\/05\/23\/16622\/\"},\"author\":{\"name\":\"apuntesdesanluis.com\",\"@id\":\"https:\/\/apuntesdesanluis.com\/#\/schema\/person\/b55151d52296fcce64d1a72538a70b90\"},\"headline\":\"DIA DEL SOLDADO AERON\u00c1UTICO\",\"datePublished\":\"2024-05-23T11:53:29+00:00\",\"dateModified\":\"2024-05-23T11:54:32+00:00\",\"mainEntityOfPage\":{\"@id\":\"https:\/\/apuntesdesanluis.com\/index.php\/2024\/05\/23\/16622\/\"},\"wordCount\":447,\"publisher\":{\"@id\":\"https:\/\/apuntesdesanluis.com\/#\/schema\/person\/b55151d52296fcce64d1a72538a70b90\"},\"image\":{\"@id\":\"https:\/\/apuntesdesanluis.com\/index.php\/2024\/05\/23\/16622\/#primaryimage\"},\"thumbnailUrl\":\"https:\/\/apuntesdesanluis.com\/wp-content\/uploads\/2024\/05\/dia-del-soldado.png\",\"articleSection\":[\"Opini\u00f3n\"],\"inLanguage\":\"es-AR\"},{\"@type\":\"WebPage\",\"@id\":\"https:\/\/apuntesdesanluis.com\/index.php\/2024\/05\/23\/16622\/\",\"url\":\"https:\/\/apuntesdesanluis.com\/index.php\/2024\/05\/23\/16622\/\",\"name\":\"DIA DEL SOLDADO AERON\u00c1UTICO - Apuntes de San Luis\",\"isPartOf\":{\"@id\":\"https:\/\/apuntesdesanluis.com\/#website\"},\"primaryImageOfPage\":{\"@id\":\"https:\/\/apuntesdesanluis.com\/index.php\/2024\/05\/23\/16622\/#primaryimage\"},\"image\":{\"@id\":\"https:\/\/apuntesdesanluis.com\/index.php\/2024\/05\/23\/16622\/#primaryimage\"},\"thumbnailUrl\":\"https:\/\/apuntesdesanluis.com\/wp-content\/uploads\/2024\/05\/dia-del-soldado.png\",\"datePublished\":\"2024-05-23T11:53:29+00:00\",\"dateModified\":\"2024-05-23T11:54:32+00:00\",\"breadcrumb\":{\"@id\":\"https:\/\/apuntesdesanluis.com\/index.php\/2024\/05\/23\/16622\/#breadcrumb\"},\"inLanguage\":\"es-AR\",\"potentialAction\":[{\"@type\":\"ReadAction\",\"target\":[\"https:\/\/apuntesdesanluis.com\/index.php\/2024\/05\/23\/16622\/\"]}]},{\"@type\":\"ImageObject\",\"inLanguage\":\"es-AR\",\"@id\":\"https:\/\/apuntesdesanluis.com\/index.php\/2024\/05\/23\/16622\/#primaryimage\",\"url\":\"https:\/\/apuntesdesanluis.com\/wp-content\/uploads\/2024\/05\/dia-del-soldado.png\",\"contentUrl\":\"https:\/\/apuntesdesanluis.com\/wp-content\/uploads\/2024\/05\/dia-del-soldado.png\",\"width\":499,\"height\":254},{\"@type\":\"BreadcrumbList\",\"@id\":\"https:\/\/apuntesdesanluis.com\/index.php\/2024\/05\/23\/16622\/#breadcrumb\",\"itemListElement\":[{\"@type\":\"ListItem\",\"position\":1,\"name\":\"Inicio\",\"item\":\"https:\/\/apuntesdesanluis.com\/\"},{\"@type\":\"ListItem\",\"position\":2,\"name\":\"DIA DEL SOLDADO AERON\u00c1UTICO\"}]},{\"@type\":\"WebSite\",\"@id\":\"https:\/\/apuntesdesanluis.com\/#website\",\"url\":\"https:\/\/apuntesdesanluis.com\/\",\"name\":\"Apuntes de San Luis\",\"description\":\"\",\"publisher\":{\"@id\":\"https:\/\/apuntesdesanluis.com\/#\/schema\/person\/b55151d52296fcce64d1a72538a70b90\"},\"potentialAction\":[{\"@type\":\"SearchAction\",\"target\":{\"@type\":\"EntryPoint\",\"urlTemplate\":\"https:\/\/apuntesdesanluis.com\/?s={search_term_string}\"},\"query-input\":{\"@type\":\"PropertyValueSpecification\",\"valueRequired\":true,\"valueName\":\"search_term_string\"}}],\"inLanguage\":\"es-AR\"},{\"@type\":[\"Person\",\"Organization\"],\"@id\":\"https:\/\/apuntesdesanluis.com\/#\/schema\/person\/b55151d52296fcce64d1a72538a70b90\",\"name\":\"apuntesdesanluis.com\",\"image\":{\"@type\":\"ImageObject\",\"inLanguage\":\"es-AR\",\"@id\":\"https:\/\/apuntesdesanluis.com\/#\/schema\/person\/image\/\",\"url\":\"https:\/\/apuntesdesanluis.com\/wp-content\/uploads\/2023\/07\/cropped-apuntesdesanluis.png\",\"contentUrl\":\"https:\/\/apuntesdesanluis.com\/wp-content\/uploads\/2023\/07\/cropped-apuntesdesanluis.png\",\"width\":450,\"height\":112,\"caption\":\"apuntesdesanluis.com\"},\"logo\":{\"@id\":\"https:\/\/apuntesdesanluis.com\/#\/schema\/person\/image\/\"},\"sameAs\":[\"https:\/\/apuntesdesanluis.com\"],\"url\":\"https:\/\/apuntesdesanluis.com\/index.php\/author\/apuntesdesanluis-com\/\"}]}<\/script>\n<!-- \/ Yoast SEO plugin. -->","yoast_head_json":{"title":"DIA DEL SOLDADO AERON\u00c1UTICO - Apuntes de San Luis","robots":{"index":"index","follow":"follow","max-snippet":"max-snippet:-1","max-image-preview":"max-image-preview:large","max-video-preview":"max-video-preview:-1"},"canonical":"https:\/\/apuntesdesanluis.com\/index.php\/2024\/05\/23\/16622\/","og_locale":"es_ES","og_type":"article","og_title":"DIA DEL SOLDADO AERON\u00c1UTICO - Apuntes de San Luis","og_description":"El 23 de mayo de 1912, recib\u00eda su brevet de piloto civil el soldado conscripto...","og_url":"https:\/\/apuntesdesanluis.com\/index.php\/2024\/05\/23\/16622\/","og_site_name":"Apuntes de San Luis","article_published_time":"2024-05-23T11:53:29+00:00","article_modified_time":"2024-05-23T11:54:32+00:00","og_image":[{"width":499,"height":254,"url":"https:\/\/apuntesdesanluis.com\/wp-content\/uploads\/2024\/05\/dia-del-soldado.png","type":"image\/png"}],"author":"apuntesdesanluis.com","twitter_card":"summary_large_image","twitter_misc":{"Escrito por":"apuntesdesanluis.com","Tiempo de lectura":"3 minutos"},"schema":{"@context":"https:\/\/schema.org","@graph":[{"@type":"Article","@id":"https:\/\/apuntesdesanluis.com\/index.php\/2024\/05\/23\/16622\/#article","isPartOf":{"@id":"https:\/\/apuntesdesanluis.com\/index.php\/2024\/05\/23\/16622\/"},"author":{"name":"apuntesdesanluis.com","@id":"https:\/\/apuntesdesanluis.com\/#\/schema\/person\/b55151d52296fcce64d1a72538a70b90"},"headline":"DIA DEL SOLDADO AERON\u00c1UTICO","datePublished":"2024-05-23T11:53:29+00:00","dateModified":"2024-05-23T11:54:32+00:00","mainEntityOfPage":{"@id":"https:\/\/apuntesdesanluis.com\/index.php\/2024\/05\/23\/16622\/"},"wordCount":447,"publisher":{"@id":"https:\/\/apuntesdesanluis.com\/#\/schema\/person\/b55151d52296fcce64d1a72538a70b90"},"image":{"@id":"https:\/\/apuntesdesanluis.com\/index.php\/2024\/05\/23\/16622\/#primaryimage"},"thumbnailUrl":"https:\/\/apuntesdesanluis.com\/wp-content\/uploads\/2024\/05\/dia-del-soldado.png","articleSection":["Opini\u00f3n"],"inLanguage":"es-AR"},{"@type":"WebPage","@id":"https:\/\/apuntesdesanluis.com\/index.php\/2024\/05\/23\/16622\/","url":"https:\/\/apuntesdesanluis.com\/index.php\/2024\/05\/23\/16622\/","name":"DIA DEL SOLDADO AERON\u00c1UTICO - Apuntes de San Luis","isPartOf":{"@id":"https:\/\/apuntesdesanluis.com\/#website"},"primaryImageOfPage":{"@id":"https:\/\/apuntesdesanluis.com\/index.php\/2024\/05\/23\/16622\/#primaryimage"},"image":{"@id":"https:\/\/apuntesdesanluis.com\/index.php\/2024\/05\/23\/16622\/#primaryimage"},"thumbnailUrl":"https:\/\/apuntesdesanluis.com\/wp-content\/uploads\/2024\/05\/dia-del-soldado.png","datePublished":"2024-05-23T11:53:29+00:00","dateModified":"2024-05-23T11:54:32+00:00","breadcrumb":{"@id":"https:\/\/apuntesdesanluis.com\/index.php\/2024\/05\/23\/16622\/#breadcrumb"},"inLanguage":"es-AR","potentialAction":[{"@type":"ReadAction","target":["https:\/\/apuntesdesanluis.com\/index.php\/2024\/05\/23\/16622\/"]}]},{"@type":"ImageObject","inLanguage":"es-AR","@id":"https:\/\/apuntesdesanluis.com\/index.php\/2024\/05\/23\/16622\/#primaryimage","url":"https:\/\/apuntesdesanluis.com\/wp-content\/uploads\/2024\/05\/dia-del-soldado.png","contentUrl":"https:\/\/apuntesdesanluis.com\/wp-content\/uploads\/2024\/05\/dia-del-soldado.png","width":499,"height":254},{"@type":"BreadcrumbList","@id":"https:\/\/apuntesdesanluis.com\/index.php\/2024\/05\/23\/16622\/#breadcrumb","itemListElement":[{"@type":"ListItem","position":1,"name":"Inicio","item":"https:\/\/apuntesdesanluis.com\/"},{"@type":"ListItem","position":2,"name":"DIA DEL SOLDADO AERON\u00c1UTICO"}]},{"@type":"WebSite","@id":"https:\/\/apuntesdesanluis.com\/#website","url":"https:\/\/apuntesdesanluis.com\/","name":"Apuntes de San Luis","description":"","publisher":{"@id":"https:\/\/apuntesdesanluis.com\/#\/schema\/person\/b55151d52296fcce64d1a72538a70b90"},"potentialAction":[{"@type":"SearchAction","target":{"@type":"EntryPoint","urlTemplate":"https:\/\/apuntesdesanluis.com\/?s={search_term_string}"},"query-input":{"@type":"PropertyValueSpecification","valueRequired":true,"valueName":"search_term_string"}}],"inLanguage":"es-AR"},{"@type":["Person","Organization"],"@id":"https:\/\/apuntesdesanluis.com\/#\/schema\/person\/b55151d52296fcce64d1a72538a70b90","name":"apuntesdesanluis.com","image":{"@type":"ImageObject","inLanguage":"es-AR","@id":"https:\/\/apuntesdesanluis.com\/#\/schema\/person\/image\/","url":"https:\/\/apuntesdesanluis.com\/wp-content\/uploads\/2023\/07\/cropped-apuntesdesanluis.png","contentUrl":"https:\/\/apuntesdesanluis.com\/wp-content\/uploads\/2023\/07\/cropped-apuntesdesanluis.png","width":450,"height":112,"caption":"apuntesdesanluis.com"},"logo":{"@id":"https:\/\/apuntesdesanluis.com\/#\/schema\/person\/image\/"},"sameAs":["https:\/\/apuntesdesanluis.com"],"url":"https:\/\/apuntesdesanluis.com\/index.php\/author\/apuntesdesanluis-com\/"}]}},"featured_image_urls":{"full":["https:\/\/apuntesdesanluis.com\/wp-content\/uploads\/2024\/05\/dia-del-soldado.png",499,254,false],"thumbnail":["https:\/\/apuntesdesanluis.com\/wp-content\/uploads\/2024\/05\/dia-del-soldado-150x150.png",150,150,true],"medium":["https:\/\/apuntesdesanluis.com\/wp-content\/uploads\/2024\/05\/dia-del-soldado-300x153.png",300,153,true],"medium_large":["https:\/\/apuntesdesanluis.com\/wp-content\/uploads\/2024\/05\/dia-del-soldado.png",499,254,false],"large":["https:\/\/apuntesdesanluis.com\/wp-content\/uploads\/2024\/05\/dia-del-soldado.png",499,254,false],"1536x1536":["https:\/\/apuntesdesanluis.com\/wp-content\/uploads\/2024\/05\/dia-del-soldado.png",499,254,false],"2048x2048":["https:\/\/apuntesdesanluis.com\/wp-content\/uploads\/2024\/05\/dia-del-soldado.png",499,254,false],"newsever-slider-full":["https:\/\/apuntesdesanluis.com\/wp-content\/uploads\/2024\/05\/dia-del-soldado.png",499,254,false],"newsever-featured":["https:\/\/apuntesdesanluis.com\/wp-content\/uploads\/2024\/05\/dia-del-soldado.png",499,254,false],"newsever-medium":["https:\/\/apuntesdesanluis.com\/wp-content\/uploads\/2024\/05\/dia-del-soldado.png",499,254,false]},"author_info":{"display_name":"apuntesdesanluis.com","author_link":"https:\/\/apuntesdesanluis.com\/index.php\/author\/apuntesdesanluis-com\/"},"category_info":"<a href=\"https:\/\/apuntesdesanluis.com\/index.php\/category\/opinion\/\" rel=\"category tag\">Opini\u00f3n<\/a>","tag_info":"Opini\u00f3n","comment_count":"0","_links":{"self":[{"href":"https:\/\/apuntesdesanluis.com\/index.php\/wp-json\/wp\/v2\/posts\/16622","targetHints":{"allow":["GET"]}}],"collection":[{"href":"https:\/\/apuntesdesanluis.com\/index.php\/wp-json\/wp\/v2\/posts"}],"about":[{"href":"https:\/\/apuntesdesanluis.com\/index.php\/wp-json\/wp\/v2\/types\/post"}],"author":[{"embeddable":true,"href":"https:\/\/apuntesdesanluis.com\/index.php\/wp-json\/wp\/v2\/users\/1"}],"replies":[{"embeddable":true,"href":"https:\/\/apuntesdesanluis.com\/index.php\/wp-json\/wp\/v2\/comments?post=16622"}],"version-history":[{"count":2,"href":"https:\/\/apuntesdesanluis.com\/index.php\/wp-json\/wp\/v2\/posts\/16622\/revisions"}],"predecessor-version":[{"id":16626,"href":"https:\/\/apuntesdesanluis.com\/index.php\/wp-json\/wp\/v2\/posts\/16622\/revisions\/16626"}],"wp:featuredmedia":[{"embeddable":true,"href":"https:\/\/apuntesdesanluis.com\/index.php\/wp-json\/wp\/v2\/media\/16623"}],"wp:attachment":[{"href":"https:\/\/apuntesdesanluis.com\/index.php\/wp-json\/wp\/v2\/media?parent=16622"}],"wp:term":[{"taxonomy":"category","embeddable":true,"href":"https:\/\/apuntesdesanluis.com\/index.php\/wp-json\/wp\/v2\/categories?post=16622"},{"taxonomy":"post_tag","embeddable":true,"href":"https:\/\/apuntesdesanluis.com\/index.php\/wp-json\/wp\/v2\/tags?post=16622"}],"curies":[{"name":"wp","href":"https:\/\/api.w.org\/{rel}","templated":true}]}}